{"id":61520,"date":"2024-11-14T12:47:07","date_gmt":"2024-11-14T11:47:07","guid":{"rendered":"https:\/\/progettotouring.it\/radiotouring104\/?p=61520"},"modified":"2024-11-14T12:47:07","modified_gmt":"2024-11-14T11:47:07","slug":"forza-italia-rc-filippo-lucisano-aderisce-al-partito","status":"publish","type":"post","link":"https:\/\/progettotouring.it\/radiotouring104\/2024\/11\/14\/forza-italia-rc-filippo-lucisano-aderisce-al-partito\/","title":{"rendered":"Forza Italia Rc: Filippo Lucisano aderisce al Partito"},"content":{"rendered":"<p style=\"text-align: justify\"><strong>Il Coordinamento provinciale di Forza Italia<\/strong> Reggio Calabria <strong>esprime vivo compiacimento per<\/strong> la volont\u00e0 di<strong> aderire al Partito\u00a0manifestata da Filippo Lucisano,<\/strong> Vice Presidente del Consiglio comunale di Villa San Giovanni.<\/p>\n<p style=\"text-align: justify\">Si tratta del <strong>primo degli eletti in seno all\u2019Opposizione villese,<\/strong> con oltre 400 preferenze. Di fatto, all\u2019esito degli adempimenti amministrativo-burocratici, <strong>Lucisano andr\u00e0 ad unirsi al Gruppo consiliare azzurro.<\/strong> Un innesto che permette quindi a Forza Italia Calabria di crescere ancora in numeri e qualit\u00e0 e, nello specifico del contesto comunale di Villa San Giovanni, di rappresentare la totalit\u00e0 dell\u2019<strong>Opposizione, dove si contavano gi\u00e0 gli azzurri Marco Santoro, Daniele Siclari, Domenico De Marco e Stefania Calderone.<\/strong><\/p>\n<p style=\"text-align: justify\"><strong>Filippo Lucisano, 38 anni, \u00e8 un imprenditore che ha sempre investito nel contesto della provincia di Reggio<\/strong> Calabria ed ha sempre creduto nelle grandi potenzialit\u00e0 del territorio reggino, in particolare della fascia tirrenica, dove Villa San Giovanni \u00e8 uno snodo nevralgico. <em>\u201cHo deciso di aderire al progetto forzista \u2013 <\/em><strong>spiega il nuovo aderente<\/strong> \u2013 <em>perch\u00e9 ne ho colto il netto cambio di passo con il Coordinamento regionale dell\u2019On. Francesco Cannizzaro e con la guida lungimirante del Governatore della Calabria Roberto Occhiuto; una leadership crescente ed efficace, che ha portato e sta portando tanti risultati importanti per il territorio. Ritengo inoltre che Forza Italia sia l\u2019unico partito davvero vicino al Sud, oltre ad essere l\u2019unico che rappresenta appieno gli ideali liberali e democratici. Ne sposo le strategie nazionali e quelle territoriali, in netta contrapposizione con la condizione che la mia citt\u00e0, Villa San Giovanni, vive ormai da anni. Una realt\u00e0 come quella villese non pu\u00f2 vivere un ruolo marginale nello sviluppo della Calabria. Anzi, negli anni prossimi credo possa dire la sua svolgendo un ruolo da protagonista.\u201d<\/em><\/p>\n<p style=\"text-align: justify\"><strong>Questa di Lucisano \u00e8 soltanto l\u2019ultima nuova adesione che Forza Italia fa registrare in Calabria<\/strong>, a conferma di come \u00e8 percepito il Partito sul territorio ed al contempo del crescente appeal nazionale, frutto di azioni concrete e strategie chiare e precise. Si tratta di un innesto che rafforza il radicamento del partito azzurro nel territorio dell\u2019Area dello Stretto e la qualit\u00e0 dell\u2019Opposizione espressa in un territorio tanto complesso quanto strategico come Villa San Giovanni.<\/p>\n","protected":false},"excerpt":{"rendered":"<p>Il Coordinamento provinciale di Forza Italia Reggio Calabria esprime vivo compiacimento per la volont\u00e0 di aderire al Partito\u00a0manifestata da Filippo Lucisano, Vice Presidente del Consiglio comunale di Villa San Giovanni.&hellip;<\/p>\n","protected":false},"author":12,"featured_media":61521,"comment_status":"closed","ping_status":"open","sticky":false,"template":"","format":"standard","meta":{"_jetpack_memberships_contains_paid_content":false,"footnotes":"","jetpack_publicize_message":"","jetpack_publicize_feature_enabled":true,"jetpack_social_post_already_shared":false,"jetpack_social_options":{"image_generator_settings":{"template":"highway","default_image_id":0,"font":"","enabled":false},"version":2}},"categories":[921,196,140],"tags":[22409,4340,37582,37581,37583],"class_list":["post-61520","post","type-post","status-publish","format-standard","has-post-thumbnail","hentry","category-home","category-news","category-reggio-calabria","tag-comune-di-villa-s-giovanni","tag-filippo-lucisano","tag-filippo-lucisano-aderisce-a-forza-italia","tag-forza-italia-reggio-calab","tag-primo-degli-eletti-opposizione"],"yoast_head":"<!-- This site is optimized with the Yoast SEO plugin v27.2 - https:\/\/yoast.com\/product\/yoast-seo-wordpress\/ -->\n<title>Forza Italia Rc: Filippo Lucisano aderisce al Partito<\/title>\n<meta name=\"description\" content=\"Il Coordinamento Provinciale di FI RC annuncia l&#039;adesione al partito dell&#039;imprenditore 56enne, 1\u00b0 degli eletti all&#039;Opposizione a Villa S.G\" \/>\n<meta name=\"robots\" content=\"index, follow, max-snippet:-1, max-image-preview:large, max-video-preview:-1\" \/>\n<link rel=\"canonical\" href=\"https:\/\/progettotouring.it\/radiotouring104\/2024\/11\/14\/forza-italia-rc-filippo-lucisano-aderisce-al-partito\/\" \/>\n<meta property=\"og:locale\" content=\"it_IT\" \/>\n<meta property=\"og:type\" content=\"article\" \/>\n<meta property=\"og:title\" content=\"Forza Italia Rc: Filippo Lucisano aderisce al Partito\" \/>\n<meta property=\"og:description\" content=\"Il Coordinamento Provinciale di FI RC annuncia l&#039;adesione al partito dell&#039;imprenditore 56enne, 1\u00b0 degli eletti all&#039;Opposizione a Villa S.G\" \/>\n<meta property=\"og:url\" content=\"https:\/\/progettotouring.it\/radiotouring104\/2024\/11\/14\/forza-italia-rc-filippo-lucisano-aderisce-al-partito\/\" \/>\n<meta property=\"og:site_name\" content=\"Radio Touring 104\" \/>\n<meta property=\"article:published_time\" content=\"2024-11-14T11:47:07+00:00\" \/>\n<meta property=\"og:image\" content=\"https:\/\/progettotouring.it\/radiotouring104\/wp-content\/uploads\/sites\/6\/2024\/11\/Filippo-Lucisano-FI-RC-VILLA-SG.jpg\" \/>\n\t<meta property=\"og:image:width\" content=\"856\" \/>\n\t<meta property=\"og:image:height\" content=\"732\" \/>\n\t<meta property=\"og:image:type\" content=\"image\/jpeg\" \/>\n<meta name=\"author\" content=\"Sebastiano Plutino\" \/>\n<meta name=\"twitter:card\" content=\"summary_large_image\" \/>\n<meta name=\"twitter:label1\" content=\"Scritto da\" \/>\n\t<meta name=\"twitter:data1\" content=\"Sebastiano Plutino\" \/>\n\t<meta name=\"twitter:label2\" content=\"Tempo di lettura stimato\" \/>\n\t<meta name=\"twitter:data2\" content=\"2 minuti\" \/>\n<script type=\"application\/ld+json\" class=\"yoast-schema-graph\">{\"@context\":\"https:\/\/schema.org\",\"@graph\":[{\"@type\":\"Article\",\"@id\":\"https:\/\/progettotouring.it\/radiotouring104\/2024\/11\/14\/forza-italia-rc-filippo-lucisano-aderisce-al-partito\/#article\",\"isPartOf\":{\"@id\":\"https:\/\/progettotouring.it\/radiotouring104\/2024\/11\/14\/forza-italia-rc-filippo-lucisano-aderisce-al-partito\/\"},\"author\":{\"name\":\"Sebastiano Plutino\",\"@id\":\"https:\/\/progettotouring.it\/radiotouring104\/#\/schema\/person\/78613917f1851f041f7483f5af1d422e\"},\"headline\":\"Forza Italia Rc: Filippo Lucisano aderisce al Partito\",\"datePublished\":\"2024-11-14T11:47:07+00:00\",\"mainEntityOfPage\":{\"@id\":\"https:\/\/progettotouring.it\/radiotouring104\/2024\/11\/14\/forza-italia-rc-filippo-lucisano-aderisce-al-partito\/\"},\"wordCount\":365,\"publisher\":{\"@id\":\"https:\/\/progettotouring.it\/radiotouring104\/#organization\"},\"image\":{\"@id\":\"https:\/\/progettotouring.it\/radiotouring104\/2024\/11\/14\/forza-italia-rc-filippo-lucisano-aderisce-al-partito\/#primaryimage\"},\"thumbnailUrl\":\"https:\/\/progettotouring.it\/radiotouring104\/wp-content\/uploads\/sites\/6\/2024\/11\/Filippo-Lucisano-FI-RC-VILLA-SG.jpg\",\"keywords\":[\"Comune di Villa S. Giovanni\",\"Filippo Lucisano\",\"Filippo Lucisano aderisce a Forza Italia\",\"Forza Italia Reggio Calab\",\"primo degli eletti opposizione\"],\"articleSection\":[\"Home\",\"News\",\"Reggio Calabria\"],\"inLanguage\":\"it-IT\"},{\"@type\":\"WebPage\",\"@id\":\"https:\/\/progettotouring.it\/radiotouring104\/2024\/11\/14\/forza-italia-rc-filippo-lucisano-aderisce-al-partito\/\",\"url\":\"https:\/\/progettotouring.it\/radiotouring104\/2024\/11\/14\/forza-italia-rc-filippo-lucisano-aderisce-al-partito\/\",\"name\":\"Forza Italia Rc: Filippo Lucisano aderisce al Partito\",\"isPartOf\":{\"@id\":\"https:\/\/progettotouring.it\/radiotouring104\/#website\"},\"primaryImageOfPage\":{\"@id\":\"https:\/\/progettotouring.it\/radiotouring104\/2024\/11\/14\/forza-italia-rc-filippo-lucisano-aderisce-al-partito\/#primaryimage\"},\"image\":{\"@id\":\"https:\/\/progettotouring.it\/radiotouring104\/2024\/11\/14\/forza-italia-rc-filippo-lucisano-aderisce-al-partito\/#primaryimage\"},\"thumbnailUrl\":\"https:\/\/progettotouring.it\/radiotouring104\/wp-content\/uploads\/sites\/6\/2024\/11\/Filippo-Lucisano-FI-RC-VILLA-SG.jpg\",\"datePublished\":\"2024-11-14T11:47:07+00:00\",\"description\":\"Il Coordinamento Provinciale di FI RC annuncia l'adesione al partito dell'imprenditore 56enne, 1\u00b0 degli eletti all'Opposizione a Villa S.G\",\"breadcrumb\":{\"@id\":\"https:\/\/progettotouring.it\/radiotouring104\/2024\/11\/14\/forza-italia-rc-filippo-lucisano-aderisce-al-partito\/#breadcrumb\"},\"inLanguage\":\"it-IT\",\"potentialAction\":[{\"@type\":\"ReadAction\",\"target\":[\"https:\/\/progettotouring.it\/radiotouring104\/2024\/11\/14\/forza-italia-rc-filippo-lucisano-aderisce-al-partito\/\"]}]},{\"@type\":\"ImageObject\",\"inLanguage\":\"it-IT\",\"@id\":\"https:\/\/progettotouring.it\/radiotouring104\/2024\/11\/14\/forza-italia-rc-filippo-lucisano-aderisce-al-partito\/#primaryimage\",\"url\":\"https:\/\/progettotouring.it\/radiotouring104\/wp-content\/uploads\/sites\/6\/2024\/11\/Filippo-Lucisano-FI-RC-VILLA-SG.jpg\",\"contentUrl\":\"https:\/\/progettotouring.it\/radiotouring104\/wp-content\/uploads\/sites\/6\/2024\/11\/Filippo-Lucisano-FI-RC-VILLA-SG.jpg\",\"width\":856,\"height\":732},{\"@type\":\"BreadcrumbList\",\"@id\":\"https:\/\/progettotouring.it\/radiotouring104\/2024\/11\/14\/forza-italia-rc-filippo-lucisano-aderisce-al-partito\/#breadcrumb\",\"itemListElement\":[{\"@type\":\"ListItem\",\"position\":1,\"name\":\"Home\",\"item\":\"https:\/\/progettotouring.it\/radiotouring104\/\"},{\"@type\":\"ListItem\",\"position\":2,\"name\":\"Forza Italia Rc: Filippo Lucisano aderisce al Partito\"}]},{\"@type\":\"WebSite\",\"@id\":\"https:\/\/progettotouring.it\/radiotouring104\/#website\",\"url\":\"https:\/\/progettotouring.it\/radiotouring104\/\",\"name\":\"Radio Touring 104\",\"description\":\"La prima radio Reggina\",\"publisher\":{\"@id\":\"https:\/\/progettotouring.it\/radiotouring104\/#organization\"},\"potentialAction\":[{\"@type\":\"SearchAction\",\"target\":{\"@type\":\"EntryPoint\",\"urlTemplate\":\"https:\/\/progettotouring.it\/radiotouring104\/?s={search_term_string}\"},\"query-input\":{\"@type\":\"PropertyValueSpecification\",\"valueRequired\":true,\"valueName\":\"search_term_string\"}}],\"inLanguage\":\"it-IT\"},{\"@type\":\"Organization\",\"@id\":\"https:\/\/progettotouring.it\/radiotouring104\/#organization\",\"name\":\"Radio Touring 104\",\"url\":\"https:\/\/progettotouring.it\/radiotouring104\/\",\"logo\":{\"@type\":\"ImageObject\",\"inLanguage\":\"it-IT\",\"@id\":\"https:\/\/progettotouring.it\/radiotouring104\/#\/schema\/logo\/image\/\",\"url\":\"https:\/\/progettotouring.it\/radiotouring104\/wp-content\/uploads\/sites\/6\/2022\/02\/cropped-logo-radio-touring-104.png\",\"contentUrl\":\"https:\/\/progettotouring.it\/radiotouring104\/wp-content\/uploads\/sites\/6\/2022\/02\/cropped-logo-radio-touring-104.png\",\"width\":377,\"height\":182,\"caption\":\"Radio Touring 104\"},\"image\":{\"@id\":\"https:\/\/progettotouring.it\/radiotouring104\/#\/schema\/logo\/image\/\"}},{\"@type\":\"Person\",\"@id\":\"https:\/\/progettotouring.it\/radiotouring104\/#\/schema\/person\/78613917f1851f041f7483f5af1d422e\",\"name\":\"Sebastiano Plutino\",\"image\":{\"@type\":\"ImageObject\",\"inLanguage\":\"it-IT\",\"@id\":\"https:\/\/secure.gravatar.com\/avatar\/0546ffaa9b79224faf9f2a156b67a529ae861d3287c66c1d8ccfdf909bcba78d?s=96&d=mm&r=g\",\"url\":\"https:\/\/secure.gravatar.com\/avatar\/0546ffaa9b79224faf9f2a156b67a529ae861d3287c66c1d8ccfdf909bcba78d?s=96&d=mm&r=g\",\"contentUrl\":\"https:\/\/secure.gravatar.com\/avatar\/0546ffaa9b79224faf9f2a156b67a529ae861d3287c66c1d8ccfdf909bcba78d?s=96&d=mm&r=g\",\"caption\":\"Sebastiano Plutino\"},\"url\":\"https:\/\/progettotouring.it\/radiotouring104\/author\/sebastiano\/\"}]}<\/script>\n<!-- \/ Yoast SEO plugin. -->","yoast_head_json":{"title":"Forza Italia Rc: Filippo Lucisano aderisce al Partito","description":"Il Coordinamento Provinciale di FI RC annuncia l'adesione al partito dell'imprenditore 56enne, 1\u00b0 degli eletti all'Opposizione a Villa S.G","robots":{"index":"index","follow":"follow","max-snippet":"max-snippet:-1","max-image-preview":"max-image-preview:large","max-video-preview":"max-video-preview:-1"},"canonical":"https:\/\/progettotouring.it\/radiotouring104\/2024\/11\/14\/forza-italia-rc-filippo-lucisano-aderisce-al-partito\/","og_locale":"it_IT","og_type":"article","og_title":"Forza Italia Rc: Filippo Lucisano aderisce al Partito","og_description":"Il Coordinamento Provinciale di FI RC annuncia l'adesione al partito dell'imprenditore 56enne, 1\u00b0 degli eletti all'Opposizione a Villa S.G","og_url":"https:\/\/progettotouring.it\/radiotouring104\/2024\/11\/14\/forza-italia-rc-filippo-lucisano-aderisce-al-partito\/","og_site_name":"Radio Touring 104","article_published_time":"2024-11-14T11:47:07+00:00","og_image":[{"width":856,"height":732,"url":"https:\/\/progettotouring.it\/radiotouring104\/wp-content\/uploads\/sites\/6\/2024\/11\/Filippo-Lucisano-FI-RC-VILLA-SG.jpg","type":"image\/jpeg"}],"author":"Sebastiano Plutino","twitter_card":"summary_large_image","twitter_misc":{"Scritto da":"Sebastiano Plutino","Tempo di lettura stimato":"2 minuti"},"schema":{"@context":"https:\/\/schema.org","@graph":[{"@type":"Article","@id":"https:\/\/progettotouring.it\/radiotouring104\/2024\/11\/14\/forza-italia-rc-filippo-lucisano-aderisce-al-partito\/#article","isPartOf":{"@id":"https:\/\/progettotouring.it\/radiotouring104\/2024\/11\/14\/forza-italia-rc-filippo-lucisano-aderisce-al-partito\/"},"author":{"name":"Sebastiano Plutino","@id":"https:\/\/progettotouring.it\/radiotouring104\/#\/schema\/person\/78613917f1851f041f7483f5af1d422e"},"headline":"Forza Italia Rc: Filippo Lucisano aderisce al Partito","datePublished":"2024-11-14T11:47:07+00:00","mainEntityOfPage":{"@id":"https:\/\/progettotouring.it\/radiotouring104\/2024\/11\/14\/forza-italia-rc-filippo-lucisano-aderisce-al-partito\/"},"wordCount":365,"publisher":{"@id":"https:\/\/progettotouring.it\/radiotouring104\/#organization"},"image":{"@id":"https:\/\/progettotouring.it\/radiotouring104\/2024\/11\/14\/forza-italia-rc-filippo-lucisano-aderisce-al-partito\/#primaryimage"},"thumbnailUrl":"https:\/\/progettotouring.it\/radiotouring104\/wp-content\/uploads\/sites\/6\/2024\/11\/Filippo-Lucisano-FI-RC-VILLA-SG.jpg","keywords":["Comune di Villa S. Giovanni","Filippo Lucisano","Filippo Lucisano aderisce a Forza Italia","Forza Italia Reggio Calab","primo degli eletti opposizione"],"articleSection":["Home","News","Reggio Calabria"],"inLanguage":"it-IT"},{"@type":"WebPage","@id":"https:\/\/progettotouring.it\/radiotouring104\/2024\/11\/14\/forza-italia-rc-filippo-lucisano-aderisce-al-partito\/","url":"https:\/\/progettotouring.it\/radiotouring104\/2024\/11\/14\/forza-italia-rc-filippo-lucisano-aderisce-al-partito\/","name":"Forza Italia Rc: Filippo Lucisano aderisce al Partito","isPartOf":{"@id":"https:\/\/progettotouring.it\/radiotouring104\/#website"},"primaryImageOfPage":{"@id":"https:\/\/progettotouring.it\/radiotouring104\/2024\/11\/14\/forza-italia-rc-filippo-lucisano-aderisce-al-partito\/#primaryimage"},"image":{"@id":"https:\/\/progettotouring.it\/radiotouring104\/2024\/11\/14\/forza-italia-rc-filippo-lucisano-aderisce-al-partito\/#primaryimage"},"thumbnailUrl":"https:\/\/progettotouring.it\/radiotouring104\/wp-content\/uploads\/sites\/6\/2024\/11\/Filippo-Lucisano-FI-RC-VILLA-SG.jpg","datePublished":"2024-11-14T11:47:07+00:00","description":"Il Coordinamento Provinciale di FI RC annuncia l'adesione al partito dell'imprenditore 56enne, 1\u00b0 degli eletti all'Opposizione a Villa S.G","breadcrumb":{"@id":"https:\/\/progettotouring.it\/radiotouring104\/2024\/11\/14\/forza-italia-rc-filippo-lucisano-aderisce-al-partito\/#breadcrumb"},"inLanguage":"it-IT","potentialAction":[{"@type":"ReadAction","target":["https:\/\/progettotouring.it\/radiotouring104\/2024\/11\/14\/forza-italia-rc-filippo-lucisano-aderisce-al-partito\/"]}]},{"@type":"ImageObject","inLanguage":"it-IT","@id":"https:\/\/progettotouring.it\/radiotouring104\/2024\/11\/14\/forza-italia-rc-filippo-lucisano-aderisce-al-partito\/#primaryimage","url":"https:\/\/progettotouring.it\/radiotouring104\/wp-content\/uploads\/sites\/6\/2024\/11\/Filippo-Lucisano-FI-RC-VILLA-SG.jpg","contentUrl":"https:\/\/progettotouring.it\/radiotouring104\/wp-content\/uploads\/sites\/6\/2024\/11\/Filippo-Lucisano-FI-RC-VILLA-SG.jpg","width":856,"height":732},{"@type":"BreadcrumbList","@id":"https:\/\/progettotouring.it\/radiotouring104\/2024\/11\/14\/forza-italia-rc-filippo-lucisano-aderisce-al-partito\/#breadcrumb","itemListElement":[{"@type":"ListItem","position":1,"name":"Home","item":"https:\/\/progettotouring.it\/radiotouring104\/"},{"@type":"ListItem","position":2,"name":"Forza Italia Rc: Filippo Lucisano aderisce al Partito"}]},{"@type":"WebSite","@id":"https:\/\/progettotouring.it\/radiotouring104\/#website","url":"https:\/\/progettotouring.it\/radiotouring104\/","name":"Radio Touring 104","description":"La prima radio Reggina","publisher":{"@id":"https:\/\/progettotouring.it\/radiotouring104\/#organization"},"potentialAction":[{"@type":"SearchAction","target":{"@type":"EntryPoint","urlTemplate":"https:\/\/progettotouring.it\/radiotouring104\/?s={search_term_string}"},"query-input":{"@type":"PropertyValueSpecification","valueRequired":true,"valueName":"search_term_string"}}],"inLanguage":"it-IT"},{"@type":"Organization","@id":"https:\/\/progettotouring.it\/radiotouring104\/#organization","name":"Radio Touring 104","url":"https:\/\/progettotouring.it\/radiotouring104\/","logo":{"@type":"ImageObject","inLanguage":"it-IT","@id":"https:\/\/progettotouring.it\/radiotouring104\/#\/schema\/logo\/image\/","url":"https:\/\/progettotouring.it\/radiotouring104\/wp-content\/uploads\/sites\/6\/2022\/02\/cropped-logo-radio-touring-104.png","contentUrl":"https:\/\/progettotouring.it\/radiotouring104\/wp-content\/uploads\/sites\/6\/2022\/02\/cropped-logo-radio-touring-104.png","width":377,"height":182,"caption":"Radio Touring 104"},"image":{"@id":"https:\/\/progettotouring.it\/radiotouring104\/#\/schema\/logo\/image\/"}},{"@type":"Person","@id":"https:\/\/progettotouring.it\/radiotouring104\/#\/schema\/person\/78613917f1851f041f7483f5af1d422e","name":"Sebastiano Plutino","image":{"@type":"ImageObject","inLanguage":"it-IT","@id":"https:\/\/secure.gravatar.com\/avatar\/0546ffaa9b79224faf9f2a156b67a529ae861d3287c66c1d8ccfdf909bcba78d?s=96&d=mm&r=g","url":"https:\/\/secure.gravatar.com\/avatar\/0546ffaa9b79224faf9f2a156b67a529ae861d3287c66c1d8ccfdf909bcba78d?s=96&d=mm&r=g","contentUrl":"https:\/\/secure.gravatar.com\/avatar\/0546ffaa9b79224faf9f2a156b67a529ae861d3287c66c1d8ccfdf909bcba78d?s=96&d=mm&r=g","caption":"Sebastiano Plutino"},"url":"https:\/\/progettotouring.it\/radiotouring104\/author\/sebastiano\/"}]}},"jetpack_publicize_connections":[],"jetpack_featured_media_url":"https:\/\/progettotouring.it\/radiotouring104\/wp-content\/uploads\/sites\/6\/2024\/11\/Filippo-Lucisano-FI-RC-VILLA-SG.jpg","jetpack_sharing_enabled":true,"_links":{"self":[{"href":"https:\/\/progettotouring.it\/radiotouring104\/wp-json\/wp\/v2\/posts\/61520","targetHints":{"allow":["GET"]}}],"collection":[{"href":"https:\/\/progettotouring.it\/radiotouring104\/wp-json\/wp\/v2\/posts"}],"about":[{"href":"https:\/\/progettotouring.it\/radiotouring104\/wp-json\/wp\/v2\/types\/post"}],"author":[{"embeddable":true,"href":"https:\/\/progettotouring.it\/radiotouring104\/wp-json\/wp\/v2\/users\/12"}],"replies":[{"embeddable":true,"href":"https:\/\/progettotouring.it\/radiotouring104\/wp-json\/wp\/v2\/comments?post=61520"}],"version-history":[{"count":1,"href":"https:\/\/progettotouring.it\/radiotouring104\/wp-json\/wp\/v2\/posts\/61520\/revisions"}],"predecessor-version":[{"id":61522,"href":"https:\/\/progettotouring.it\/radiotouring104\/wp-json\/wp\/v2\/posts\/61520\/revisions\/61522"}],"wp:featuredmedia":[{"embeddable":true,"href":"https:\/\/progettotouring.it\/radiotouring104\/wp-json\/wp\/v2\/media\/61521"}],"wp:attachment":[{"href":"https:\/\/progettotouring.it\/radiotouring104\/wp-json\/wp\/v2\/media?parent=61520"}],"wp:term":[{"taxonomy":"category","embeddable":true,"href":"https:\/\/progettotouring.it\/radiotouring104\/wp-json\/wp\/v2\/categories?post=61520"},{"taxonomy":"post_tag","embeddable":true,"href":"https:\/\/progettotouring.it\/radiotouring104\/wp-json\/wp\/v2\/tags?post=61520"}],"curies":[{"name":"wp","href":"https:\/\/api.w.org\/{rel}","templated":true}]}}