{"id":61547,"date":"2024-11-15T09:39:41","date_gmt":"2024-11-15T08:39:41","guid":{"rendered":"https:\/\/progettotouring.it\/radiotouring104\/?p=61547"},"modified":"2024-11-15T09:39:41","modified_gmt":"2024-11-15T08:39:41","slug":"ponte-sullo-stretto-sindaco-di-villa-s-g-ente-fara-valere-le-ragioni-della-citta-nella-commissione-dei-servizi","status":"publish","type":"post","link":"https:\/\/progettotouring.it\/radiotouring104\/2024\/11\/15\/ponte-sullo-stretto-sindaco-di-villa-s-g-ente-fara-valere-le-ragioni-della-citta-nella-commissione-dei-servizi\/","title":{"rendered":"Ponte sullo Stretto, Sindaco di Villa S.G.:&#8221;Ente far\u00e0 valere le ragioni della Citt\u00e0 nella Commissione dei Servizi&#8221;"},"content":{"rendered":"<div style=\"text-align: justify\">Riceviamo e pubblichiamo la nota stampa del primo cittadino del <strong>Comune di Villa San Giovanni<\/strong>,<strong> Giusy Caminiti, in risposta alla decisione della Commissione VIA al progetto del Pont<\/strong>e sullo Stretto di Messina:<\/div>\n<div style=\"text-align: justify\"><\/div>\n<div style=\"text-align: justify\"><em>&#8220;Dalle poche notizie apprese a mezzo stampa circa il parere reso dalla commissione VIA al progetto Ponte, un parere favorevole con prescrizione, non possiamo che evidenziare quanto sostenuto in tutti questi mesi: il nostro territorio \u00e8 talmente fragile e talmente impattato dall\u2019opera ponte che necessita di studi specifici, di dettaglio ed approfonditi, della presentazione di progetti analitici sulla risoluzione delle interferenze, del progetto di cantierizzazione dell\u2019opera, al fine di entrare nel merito delle questioni poste a tutela del territorio. Con grande attenzione leggeremo ciascuna delle 60 prescrizioni poste dalla commissione, ma gi\u00e0 quanto ci viene consegnato dalla stampa evidenzia la bont\u00e0 di quello che abbiamo sempre sostenuto: il progetto che sar\u00e0 consegnato all\u2019esito delle prescrizioni richieste sar\u00e0 altra cosa rispetto al progetto definitivo oggetto di valutazione di impatto ambientale. Per questa ragione diventa ancora pi\u00f9 fondato il deliberato consiliare del 23 ottobre che ha chiesto la sospensione della conferenza istruttoria davanti al Mit in attesa delle prescrizioni della commissione VIA, la sospensione della dichiarazione di pubblica utilit\u00e0 da parte del CIPESS per la mancata esatta individuazione delle aree da espropriare. L\u00e8ggiamo dalle note stampa che la commissione ha affrontato non soltanto gli aspetti ambientali e naturalistici, ma anche quelli relativi alle opere a terra, alla cantierizzazione, al monitoraggio ambientale: sono tutti i rilievi che questo ente territoriale ha posto nelle osservazioni iniziali e nelle osservazioni rese alle controdeduzioni della proponente Stretto di Messina. La tutela del territorio passa dalle citt\u00e0 che \u201cospiteranno\u201d le opere del ponte e, atteso che la legge non ha previsto un dibattito pubblico preliminare, \u00e8 nelle conferenze di servizi che questo ente far\u00e0 valere le ragioni della Citt\u00e0. &#8220;,<\/em> <strong>dichiara il Sindaco Giusy Caminiti<\/strong><\/div>\n","protected":false},"excerpt":{"rendered":"<p>Riceviamo e pubblichiamo la nota stampa del primo cittadino del Comune di Villa San Giovanni, Giusy Caminiti, in risposta alla decisione della Commissione VIA al progetto del Ponte sullo Stretto&hellip;<\/p>\n","protected":false},"author":12,"featured_media":61548,"comment_status":"closed","ping_status":"open","sticky":false,"template":"","format":"standard","meta":{"_jetpack_memberships_contains_paid_content":false,"footnotes":"","jetpack_publicize_message":"","jetpack_publicize_feature_enabled":true,"jetpack_social_post_already_shared":false,"jetpack_social_options":{"image_generator_settings":{"template":"highway","default_image_id":0,"font":"","enabled":false},"version":2}},"categories":[921,196,140],"tags":[11998,37593,37592,4355,8001],"class_list":["post-61547","post","type-post","status-publish","format-standard","has-post-thumbnail","hentry","category-home","category-news","category-reggio-calabria","tag-carabinieri-di-villa-san-giovanni","tag-commissione-via","tag-ente-fara-valere-le-ragioni-della-citta-nella-commissione-dei-servizi","tag-ponte-sullo-stretto","tag-sindaco-giusy-caminiti"],"yoast_head":"<!-- This site is optimized with the Yoast SEO plugin v27.2 - https:\/\/yoast.com\/product\/yoast-seo-wordpress\/ -->\n<title>Ponte sullo Stretto, Sindaco di Villa S.G.:&quot;Ente far\u00e0 valere le ragioni della Citt\u00e0 nella Commissione dei Servizi&quot; - Radio Touring 104<\/title>\n<meta name=\"description\" content=\"La nota del Sindaco, Giusy Caminiti, in risposta alla decisione della Commissione VIA al progetto del Ponte sullo Stretto\" \/>\n<meta name=\"robots\" content=\"index, follow, max-snippet:-1, max-image-preview:large, max-video-preview:-1\" \/>\n<link rel=\"canonical\" href=\"https:\/\/progettotouring.it\/radiotouring104\/2024\/11\/15\/ponte-sullo-stretto-sindaco-di-villa-s-g-ente-fara-valere-le-ragioni-della-citta-nella-commissione-dei-servizi\/\" \/>\n<meta property=\"og:locale\" content=\"it_IT\" \/>\n<meta property=\"og:type\" content=\"article\" \/>\n<meta property=\"og:title\" content=\"Ponte sullo Stretto, Sindaco di Villa S.G.:&quot;Ente far\u00e0 valere le ragioni della Citt\u00e0 nella Commissione dei Servizi&quot; - Radio Touring 104\" \/>\n<meta property=\"og:description\" content=\"La nota del Sindaco, Giusy Caminiti, in risposta alla decisione della Commissione VIA al progetto del Ponte sullo Stretto\" \/>\n<meta property=\"og:url\" content=\"https:\/\/progettotouring.it\/radiotouring104\/2024\/11\/15\/ponte-sullo-stretto-sindaco-di-villa-s-g-ente-fara-valere-le-ragioni-della-citta-nella-commissione-dei-servizi\/\" \/>\n<meta property=\"og:site_name\" content=\"Radio Touring 104\" \/>\n<meta property=\"article:published_time\" content=\"2024-11-15T08:39:41+00:00\" \/>\n<meta property=\"og:image\" content=\"https:\/\/progettotouring.it\/radiotouring104\/wp-content\/uploads\/sites\/6\/2024\/11\/Sindaco-Villa-SG-Giusy-Caminiti.png\" \/>\n\t<meta property=\"og:image:width\" content=\"1257\" \/>\n\t<meta property=\"og:image:height\" content=\"618\" \/>\n\t<meta property=\"og:image:type\" content=\"image\/png\" \/>\n<meta name=\"author\" content=\"Sebastiano Plutino\" \/>\n<meta name=\"twitter:card\" content=\"summary_large_image\" \/>\n<meta name=\"twitter:label1\" content=\"Scritto da\" \/>\n\t<meta name=\"twitter:data1\" content=\"Sebastiano Plutino\" \/>\n\t<meta name=\"twitter:label2\" content=\"Tempo di lettura stimato\" \/>\n\t<meta name=\"twitter:data2\" content=\"2 minuti\" \/>\n<script type=\"application\/ld+json\" class=\"yoast-schema-graph\">{\"@context\":\"https:\/\/schema.org\",\"@graph\":[{\"@type\":\"Article\",\"@id\":\"https:\/\/progettotouring.it\/radiotouring104\/2024\/11\/15\/ponte-sullo-stretto-sindaco-di-villa-s-g-ente-fara-valere-le-ragioni-della-citta-nella-commissione-dei-servizi\/#article\",\"isPartOf\":{\"@id\":\"https:\/\/progettotouring.it\/radiotouring104\/2024\/11\/15\/ponte-sullo-stretto-sindaco-di-villa-s-g-ente-fara-valere-le-ragioni-della-citta-nella-commissione-dei-servizi\/\"},\"author\":{\"name\":\"Sebastiano Plutino\",\"@id\":\"https:\/\/progettotouring.it\/radiotouring104\/#\/schema\/person\/78613917f1851f041f7483f5af1d422e\"},\"headline\":\"Ponte sullo Stretto, Sindaco di Villa S.G.:&#8221;Ente far\u00e0 valere le ragioni della Citt\u00e0 nella Commissione dei Servizi&#8221;\",\"datePublished\":\"2024-11-15T08:39:41+00:00\",\"mainEntityOfPage\":{\"@id\":\"https:\/\/progettotouring.it\/radiotouring104\/2024\/11\/15\/ponte-sullo-stretto-sindaco-di-villa-s-g-ente-fara-valere-le-ragioni-della-citta-nella-commissione-dei-servizi\/\"},\"wordCount\":328,\"publisher\":{\"@id\":\"https:\/\/progettotouring.it\/radiotouring104\/#organization\"},\"image\":{\"@id\":\"https:\/\/progettotouring.it\/radiotouring104\/2024\/11\/15\/ponte-sullo-stretto-sindaco-di-villa-s-g-ente-fara-valere-le-ragioni-della-citta-nella-commissione-dei-servizi\/#primaryimage\"},\"thumbnailUrl\":\"https:\/\/progettotouring.it\/radiotouring104\/wp-content\/uploads\/sites\/6\/2024\/11\/Sindaco-Villa-SG-Giusy-Caminiti.png\",\"keywords\":[\"Carabinieri di Villa San Giovanni\",\"Commissione VIA\",\"Ente far\u00e0 valere le ragioni della Citt\u00e0 nella Commissione dei Servizi\\\"\",\"Ponte sullo stretto\",\"Sindaco Giusy Caminiti\"],\"articleSection\":[\"Home\",\"News\",\"Reggio Calabria\"],\"inLanguage\":\"it-IT\"},{\"@type\":\"WebPage\",\"@id\":\"https:\/\/progettotouring.it\/radiotouring104\/2024\/11\/15\/ponte-sullo-stretto-sindaco-di-villa-s-g-ente-fara-valere-le-ragioni-della-citta-nella-commissione-dei-servizi\/\",\"url\":\"https:\/\/progettotouring.it\/radiotouring104\/2024\/11\/15\/ponte-sullo-stretto-sindaco-di-villa-s-g-ente-fara-valere-le-ragioni-della-citta-nella-commissione-dei-servizi\/\",\"name\":\"Ponte sullo Stretto, Sindaco di Villa S.G.:\\\"Ente far\u00e0 valere le ragioni della Citt\u00e0 nella Commissione dei Servizi\\\" - Radio Touring 104\",\"isPartOf\":{\"@id\":\"https:\/\/progettotouring.it\/radiotouring104\/#website\"},\"primaryImageOfPage\":{\"@id\":\"https:\/\/progettotouring.it\/radiotouring104\/2024\/11\/15\/ponte-sullo-stretto-sindaco-di-villa-s-g-ente-fara-valere-le-ragioni-della-citta-nella-commissione-dei-servizi\/#primaryimage\"},\"image\":{\"@id\":\"https:\/\/progettotouring.it\/radiotouring104\/2024\/11\/15\/ponte-sullo-stretto-sindaco-di-villa-s-g-ente-fara-valere-le-ragioni-della-citta-nella-commissione-dei-servizi\/#primaryimage\"},\"thumbnailUrl\":\"https:\/\/progettotouring.it\/radiotouring104\/wp-content\/uploads\/sites\/6\/2024\/11\/Sindaco-Villa-SG-Giusy-Caminiti.png\",\"datePublished\":\"2024-11-15T08:39:41+00:00\",\"description\":\"La nota del Sindaco, Giusy Caminiti, in risposta alla decisione della Commissione VIA al progetto del Ponte sullo Stretto\",\"breadcrumb\":{\"@id\":\"https:\/\/progettotouring.it\/radiotouring104\/2024\/11\/15\/ponte-sullo-stretto-sindaco-di-villa-s-g-ente-fara-valere-le-ragioni-della-citta-nella-commissione-dei-servizi\/#breadcrumb\"},\"inLanguage\":\"it-IT\",\"potentialAction\":[{\"@type\":\"ReadAction\",\"target\":[\"https:\/\/progettotouring.it\/radiotouring104\/2024\/11\/15\/ponte-sullo-stretto-sindaco-di-villa-s-g-ente-fara-valere-le-ragioni-della-citta-nella-commissione-dei-servizi\/\"]}]},{\"@type\":\"ImageObject\",\"inLanguage\":\"it-IT\",\"@id\":\"https:\/\/progettotouring.it\/radiotouring104\/2024\/11\/15\/ponte-sullo-stretto-sindaco-di-villa-s-g-ente-fara-valere-le-ragioni-della-citta-nella-commissione-dei-servizi\/#primaryimage\",\"url\":\"https:\/\/progettotouring.it\/radiotouring104\/wp-content\/uploads\/sites\/6\/2024\/11\/Sindaco-Villa-SG-Giusy-Caminiti.png\",\"contentUrl\":\"https:\/\/progettotouring.it\/radiotouring104\/wp-content\/uploads\/sites\/6\/2024\/11\/Sindaco-Villa-SG-Giusy-Caminiti.png\",\"width\":1257,\"height\":618},{\"@type\":\"BreadcrumbList\",\"@id\":\"https:\/\/progettotouring.it\/radiotouring104\/2024\/11\/15\/ponte-sullo-stretto-sindaco-di-villa-s-g-ente-fara-valere-le-ragioni-della-citta-nella-commissione-dei-servizi\/#breadcrumb\",\"itemListElement\":[{\"@type\":\"ListItem\",\"position\":1,\"name\":\"Home\",\"item\":\"https:\/\/progettotouring.it\/radiotouring104\/\"},{\"@type\":\"ListItem\",\"position\":2,\"name\":\"Ponte sullo Stretto, Sindaco di Villa S.G.:&#8221;Ente far\u00e0 valere le ragioni della Citt\u00e0 nella Commissione dei Servizi&#8221;\"}]},{\"@type\":\"WebSite\",\"@id\":\"https:\/\/progettotouring.it\/radiotouring104\/#website\",\"url\":\"https:\/\/progettotouring.it\/radiotouring104\/\",\"name\":\"Radio Touring 104\",\"description\":\"La prima radio Reggina\",\"publisher\":{\"@id\":\"https:\/\/progettotouring.it\/radiotouring104\/#organization\"},\"potentialAction\":[{\"@type\":\"SearchAction\",\"target\":{\"@type\":\"EntryPoint\",\"urlTemplate\":\"https:\/\/progettotouring.it\/radiotouring104\/?s={search_term_string}\"},\"query-input\":{\"@type\":\"PropertyValueSpecification\",\"valueRequired\":true,\"valueName\":\"search_term_string\"}}],\"inLanguage\":\"it-IT\"},{\"@type\":\"Organization\",\"@id\":\"https:\/\/progettotouring.it\/radiotouring104\/#organization\",\"name\":\"Radio Touring 104\",\"url\":\"https:\/\/progettotouring.it\/radiotouring104\/\",\"logo\":{\"@type\":\"ImageObject\",\"inLanguage\":\"it-IT\",\"@id\":\"https:\/\/progettotouring.it\/radiotouring104\/#\/schema\/logo\/image\/\",\"url\":\"https:\/\/progettotouring.it\/radiotouring104\/wp-content\/uploads\/sites\/6\/2022\/02\/cropped-logo-radio-touring-104.png\",\"contentUrl\":\"https:\/\/progettotouring.it\/radiotouring104\/wp-content\/uploads\/sites\/6\/2022\/02\/cropped-logo-radio-touring-104.png\",\"width\":377,\"height\":182,\"caption\":\"Radio Touring 104\"},\"image\":{\"@id\":\"https:\/\/progettotouring.it\/radiotouring104\/#\/schema\/logo\/image\/\"}},{\"@type\":\"Person\",\"@id\":\"https:\/\/progettotouring.it\/radiotouring104\/#\/schema\/person\/78613917f1851f041f7483f5af1d422e\",\"name\":\"Sebastiano Plutino\",\"image\":{\"@type\":\"ImageObject\",\"inLanguage\":\"it-IT\",\"@id\":\"https:\/\/secure.gravatar.com\/avatar\/0546ffaa9b79224faf9f2a156b67a529ae861d3287c66c1d8ccfdf909bcba78d?s=96&d=mm&r=g\",\"url\":\"https:\/\/secure.gravatar.com\/avatar\/0546ffaa9b79224faf9f2a156b67a529ae861d3287c66c1d8ccfdf909bcba78d?s=96&d=mm&r=g\",\"contentUrl\":\"https:\/\/secure.gravatar.com\/avatar\/0546ffaa9b79224faf9f2a156b67a529ae861d3287c66c1d8ccfdf909bcba78d?s=96&d=mm&r=g\",\"caption\":\"Sebastiano Plutino\"},\"url\":\"https:\/\/progettotouring.it\/radiotouring104\/author\/sebastiano\/\"}]}<\/script>\n<!-- \/ Yoast SEO plugin. -->","yoast_head_json":{"title":"Ponte sullo Stretto, Sindaco di Villa S.G.:\"Ente far\u00e0 valere le ragioni della Citt\u00e0 nella Commissione dei Servizi\" - Radio Touring 104","description":"La nota del Sindaco, Giusy Caminiti, in risposta alla decisione della Commissione VIA al progetto del Ponte sullo Stretto","robots":{"index":"index","follow":"follow","max-snippet":"max-snippet:-1","max-image-preview":"max-image-preview:large","max-video-preview":"max-video-preview:-1"},"canonical":"https:\/\/progettotouring.it\/radiotouring104\/2024\/11\/15\/ponte-sullo-stretto-sindaco-di-villa-s-g-ente-fara-valere-le-ragioni-della-citta-nella-commissione-dei-servizi\/","og_locale":"it_IT","og_type":"article","og_title":"Ponte sullo Stretto, Sindaco di Villa S.G.:\"Ente far\u00e0 valere le ragioni della Citt\u00e0 nella Commissione dei Servizi\" - Radio Touring 104","og_description":"La nota del Sindaco, Giusy Caminiti, in risposta alla decisione della Commissione VIA al progetto del Ponte sullo Stretto","og_url":"https:\/\/progettotouring.it\/radiotouring104\/2024\/11\/15\/ponte-sullo-stretto-sindaco-di-villa-s-g-ente-fara-valere-le-ragioni-della-citta-nella-commissione-dei-servizi\/","og_site_name":"Radio Touring 104","article_published_time":"2024-11-15T08:39:41+00:00","og_image":[{"width":1257,"height":618,"url":"https:\/\/progettotouring.it\/radiotouring104\/wp-content\/uploads\/sites\/6\/2024\/11\/Sindaco-Villa-SG-Giusy-Caminiti.png","type":"image\/png"}],"author":"Sebastiano Plutino","twitter_card":"summary_large_image","twitter_misc":{"Scritto da":"Sebastiano Plutino","Tempo di lettura stimato":"2 minuti"},"schema":{"@context":"https:\/\/schema.org","@graph":[{"@type":"Article","@id":"https:\/\/progettotouring.it\/radiotouring104\/2024\/11\/15\/ponte-sullo-stretto-sindaco-di-villa-s-g-ente-fara-valere-le-ragioni-della-citta-nella-commissione-dei-servizi\/#article","isPartOf":{"@id":"https:\/\/progettotouring.it\/radiotouring104\/2024\/11\/15\/ponte-sullo-stretto-sindaco-di-villa-s-g-ente-fara-valere-le-ragioni-della-citta-nella-commissione-dei-servizi\/"},"author":{"name":"Sebastiano Plutino","@id":"https:\/\/progettotouring.it\/radiotouring104\/#\/schema\/person\/78613917f1851f041f7483f5af1d422e"},"headline":"Ponte sullo Stretto, Sindaco di Villa S.G.:&#8221;Ente far\u00e0 valere le ragioni della Citt\u00e0 nella Commissione dei Servizi&#8221;","datePublished":"2024-11-15T08:39:41+00:00","mainEntityOfPage":{"@id":"https:\/\/progettotouring.it\/radiotouring104\/2024\/11\/15\/ponte-sullo-stretto-sindaco-di-villa-s-g-ente-fara-valere-le-ragioni-della-citta-nella-commissione-dei-servizi\/"},"wordCount":328,"publisher":{"@id":"https:\/\/progettotouring.it\/radiotouring104\/#organization"},"image":{"@id":"https:\/\/progettotouring.it\/radiotouring104\/2024\/11\/15\/ponte-sullo-stretto-sindaco-di-villa-s-g-ente-fara-valere-le-ragioni-della-citta-nella-commissione-dei-servizi\/#primaryimage"},"thumbnailUrl":"https:\/\/progettotouring.it\/radiotouring104\/wp-content\/uploads\/sites\/6\/2024\/11\/Sindaco-Villa-SG-Giusy-Caminiti.png","keywords":["Carabinieri di Villa San Giovanni","Commissione VIA","Ente far\u00e0 valere le ragioni della Citt\u00e0 nella Commissione dei Servizi\"","Ponte sullo stretto","Sindaco Giusy Caminiti"],"articleSection":["Home","News","Reggio Calabria"],"inLanguage":"it-IT"},{"@type":"WebPage","@id":"https:\/\/progettotouring.it\/radiotouring104\/2024\/11\/15\/ponte-sullo-stretto-sindaco-di-villa-s-g-ente-fara-valere-le-ragioni-della-citta-nella-commissione-dei-servizi\/","url":"https:\/\/progettotouring.it\/radiotouring104\/2024\/11\/15\/ponte-sullo-stretto-sindaco-di-villa-s-g-ente-fara-valere-le-ragioni-della-citta-nella-commissione-dei-servizi\/","name":"Ponte sullo Stretto, Sindaco di Villa S.G.:\"Ente far\u00e0 valere le ragioni della Citt\u00e0 nella Commissione dei Servizi\" - Radio Touring 104","isPartOf":{"@id":"https:\/\/progettotouring.it\/radiotouring104\/#website"},"primaryImageOfPage":{"@id":"https:\/\/progettotouring.it\/radiotouring104\/2024\/11\/15\/ponte-sullo-stretto-sindaco-di-villa-s-g-ente-fara-valere-le-ragioni-della-citta-nella-commissione-dei-servizi\/#primaryimage"},"image":{"@id":"https:\/\/progettotouring.it\/radiotouring104\/2024\/11\/15\/ponte-sullo-stretto-sindaco-di-villa-s-g-ente-fara-valere-le-ragioni-della-citta-nella-commissione-dei-servizi\/#primaryimage"},"thumbnailUrl":"https:\/\/progettotouring.it\/radiotouring104\/wp-content\/uploads\/sites\/6\/2024\/11\/Sindaco-Villa-SG-Giusy-Caminiti.png","datePublished":"2024-11-15T08:39:41+00:00","description":"La nota del Sindaco, Giusy Caminiti, in risposta alla decisione della Commissione VIA al progetto del Ponte sullo Stretto","breadcrumb":{"@id":"https:\/\/progettotouring.it\/radiotouring104\/2024\/11\/15\/ponte-sullo-stretto-sindaco-di-villa-s-g-ente-fara-valere-le-ragioni-della-citta-nella-commissione-dei-servizi\/#breadcrumb"},"inLanguage":"it-IT","potentialAction":[{"@type":"ReadAction","target":["https:\/\/progettotouring.it\/radiotouring104\/2024\/11\/15\/ponte-sullo-stretto-sindaco-di-villa-s-g-ente-fara-valere-le-ragioni-della-citta-nella-commissione-dei-servizi\/"]}]},{"@type":"ImageObject","inLanguage":"it-IT","@id":"https:\/\/progettotouring.it\/radiotouring104\/2024\/11\/15\/ponte-sullo-stretto-sindaco-di-villa-s-g-ente-fara-valere-le-ragioni-della-citta-nella-commissione-dei-servizi\/#primaryimage","url":"https:\/\/progettotouring.it\/radiotouring104\/wp-content\/uploads\/sites\/6\/2024\/11\/Sindaco-Villa-SG-Giusy-Caminiti.png","contentUrl":"https:\/\/progettotouring.it\/radiotouring104\/wp-content\/uploads\/sites\/6\/2024\/11\/Sindaco-Villa-SG-Giusy-Caminiti.png","width":1257,"height":618},{"@type":"BreadcrumbList","@id":"https:\/\/progettotouring.it\/radiotouring104\/2024\/11\/15\/ponte-sullo-stretto-sindaco-di-villa-s-g-ente-fara-valere-le-ragioni-della-citta-nella-commissione-dei-servizi\/#breadcrumb","itemListElement":[{"@type":"ListItem","position":1,"name":"Home","item":"https:\/\/progettotouring.it\/radiotouring104\/"},{"@type":"ListItem","position":2,"name":"Ponte sullo Stretto, Sindaco di Villa S.G.:&#8221;Ente far\u00e0 valere le ragioni della Citt\u00e0 nella Commissione dei Servizi&#8221;"}]},{"@type":"WebSite","@id":"https:\/\/progettotouring.it\/radiotouring104\/#website","url":"https:\/\/progettotouring.it\/radiotouring104\/","name":"Radio Touring 104","description":"La prima radio Reggina","publisher":{"@id":"https:\/\/progettotouring.it\/radiotouring104\/#organization"},"potentialAction":[{"@type":"SearchAction","target":{"@type":"EntryPoint","urlTemplate":"https:\/\/progettotouring.it\/radiotouring104\/?s={search_term_string}"},"query-input":{"@type":"PropertyValueSpecification","valueRequired":true,"valueName":"search_term_string"}}],"inLanguage":"it-IT"},{"@type":"Organization","@id":"https:\/\/progettotouring.it\/radiotouring104\/#organization","name":"Radio Touring 104","url":"https:\/\/progettotouring.it\/radiotouring104\/","logo":{"@type":"ImageObject","inLanguage":"it-IT","@id":"https:\/\/progettotouring.it\/radiotouring104\/#\/schema\/logo\/image\/","url":"https:\/\/progettotouring.it\/radiotouring104\/wp-content\/uploads\/sites\/6\/2022\/02\/cropped-logo-radio-touring-104.png","contentUrl":"https:\/\/progettotouring.it\/radiotouring104\/wp-content\/uploads\/sites\/6\/2022\/02\/cropped-logo-radio-touring-104.png","width":377,"height":182,"caption":"Radio Touring 104"},"image":{"@id":"https:\/\/progettotouring.it\/radiotouring104\/#\/schema\/logo\/image\/"}},{"@type":"Person","@id":"https:\/\/progettotouring.it\/radiotouring104\/#\/schema\/person\/78613917f1851f041f7483f5af1d422e","name":"Sebastiano Plutino","image":{"@type":"ImageObject","inLanguage":"it-IT","@id":"https:\/\/secure.gravatar.com\/avatar\/0546ffaa9b79224faf9f2a156b67a529ae861d3287c66c1d8ccfdf909bcba78d?s=96&d=mm&r=g","url":"https:\/\/secure.gravatar.com\/avatar\/0546ffaa9b79224faf9f2a156b67a529ae861d3287c66c1d8ccfdf909bcba78d?s=96&d=mm&r=g","contentUrl":"https:\/\/secure.gravatar.com\/avatar\/0546ffaa9b79224faf9f2a156b67a529ae861d3287c66c1d8ccfdf909bcba78d?s=96&d=mm&r=g","caption":"Sebastiano Plutino"},"url":"https:\/\/progettotouring.it\/radiotouring104\/author\/sebastiano\/"}]}},"jetpack_publicize_connections":[],"jetpack_featured_media_url":"https:\/\/progettotouring.it\/radiotouring104\/wp-content\/uploads\/sites\/6\/2024\/11\/Sindaco-Villa-SG-Giusy-Caminiti.png","jetpack_sharing_enabled":true,"_links":{"self":[{"href":"https:\/\/progettotouring.it\/radiotouring104\/wp-json\/wp\/v2\/posts\/61547","targetHints":{"allow":["GET"]}}],"collection":[{"href":"https:\/\/progettotouring.it\/radiotouring104\/wp-json\/wp\/v2\/posts"}],"about":[{"href":"https:\/\/progettotouring.it\/radiotouring104\/wp-json\/wp\/v2\/types\/post"}],"author":[{"embeddable":true,"href":"https:\/\/progettotouring.it\/radiotouring104\/wp-json\/wp\/v2\/users\/12"}],"replies":[{"embeddable":true,"href":"https:\/\/progettotouring.it\/radiotouring104\/wp-json\/wp\/v2\/comments?post=61547"}],"version-history":[{"count":1,"href":"https:\/\/progettotouring.it\/radiotouring104\/wp-json\/wp\/v2\/posts\/61547\/revisions"}],"predecessor-version":[{"id":61549,"href":"https:\/\/progettotouring.it\/radiotouring104\/wp-json\/wp\/v2\/posts\/61547\/revisions\/61549"}],"wp:featuredmedia":[{"embeddable":true,"href":"https:\/\/progettotouring.it\/radiotouring104\/wp-json\/wp\/v2\/media\/61548"}],"wp:attachment":[{"href":"https:\/\/progettotouring.it\/radiotouring104\/wp-json\/wp\/v2\/media?parent=61547"}],"wp:term":[{"taxonomy":"category","embeddable":true,"href":"https:\/\/progettotouring.it\/radiotouring104\/wp-json\/wp\/v2\/categories?post=61547"},{"taxonomy":"post_tag","embeddable":true,"href":"https:\/\/progettotouring.it\/radiotouring104\/wp-json\/wp\/v2\/tags?post=61547"}],"curies":[{"name":"wp","href":"https:\/\/api.w.org\/{rel}","templated":true}]}}