{"id":61554,"date":"2024-11-15T09:58:30","date_gmt":"2024-11-15T08:58:30","guid":{"rendered":"https:\/\/progettotouring.it\/radiotouring104\/?p=61554"},"modified":"2024-11-15T10:42:59","modified_gmt":"2024-11-15T09:42:59","slug":"il-consiglio-regionale-si-illumina-di-blu-per-la-giornata-mondiale-del-diabete","status":"publish","type":"post","link":"https:\/\/progettotouring.it\/radiotouring104\/2024\/11\/15\/il-consiglio-regionale-si-illumina-di-blu-per-la-giornata-mondiale-del-diabete\/","title":{"rendered":"Il Consiglio Regionale si illumina di blu per la &#8220;Giornata Mondiale del Diabete&#8221;"},"content":{"rendered":"<div class=\"xmprfx_elementToProof\" style=\"text-align: justify\"><em>\u201cPalazzo Campanella&#8221;, sede del Consiglio regionale, \u00e8 illuminato di blu, in occasione della \u2018Giornata mondiale del diabete\u2019 per sensibilizzare sulla prevenzione e sul suo riconoscimento, diffondendo la cultura di uno stile di vita sano e corretto.\u201d\u00a0 <\/em>\u00c8 quanto <strong>afferma il presidente<\/strong> del Consiglio regionale,<strong> Filippo Mancuso.<\/strong><\/div>\n<div style=\"text-align: justify\"><\/div>\n<div style=\"text-align: justify\"><strong>L\u2019iniziativa segue l\u2019approvazione<\/strong>, su proposta dal consigliere regionale<strong> Domenico Giannetta, della legge che istituisce il<\/strong> <em>\u201cRegistro regionale dei pazienti diabetici\u201d,<\/em><strong> approvata all\u2019unanimit\u00e0 dalla Commissione Sanit\u00e0,<\/strong> presieduta dalla consigliera <strong>Pasqualina Straface.<\/strong><\/div>\n<div style=\"text-align: justify\"><\/div>\n<div style=\"text-align: justify\"><strong>La legge impegna il Consiglio<\/strong> e la Giunta regionale <strong>a promuovere iniziative di informazione,<\/strong> workshop di approfondimento di ricerca e laboratori progettuali<strong> volti a portare l\u2019attenzione pubblica ogni azione finalizzata a riconoscere il diabete.<\/strong><\/div>\n<div><\/div>\n<div style=\"text-align: justify\">\u00c8 prevista la collaborazione con l\u2019Ufficio scolastico regionale al fine di raggiungere le fasce di et\u00e0 pi\u00f9 giovani.<strong> Inoltre: campagne educative e attivit\u00e0 di screening gratuite<\/strong> con medici e infermieri dei servizi di diabetologia delle ASP.<\/div>\n","protected":false},"excerpt":{"rendered":"<p>\u201cPalazzo Campanella&#8221;, sede del Consiglio regionale, \u00e8 illuminato di blu, in occasione della \u2018Giornata mondiale del diabete\u2019 per sensibilizzare sulla prevenzione e sul suo riconoscimento, diffondendo la cultura di uno&hellip;<\/p>\n","protected":false},"author":12,"featured_media":61567,"comment_status":"closed","ping_status":"open","sticky":false,"template":"","format":"standard","meta":{"_jetpack_memberships_contains_paid_content":false,"footnotes":"","jetpack_publicize_message":"","jetpack_publicize_feature_enabled":true,"jetpack_social_post_already_shared":false,"jetpack_social_options":{"image_generator_settings":{"template":"highway","default_image_id":0,"font":"","enabled":false},"version":2}},"categories":[921,196,140],"tags":[37596,5635,15233,594,3538,5575],"class_list":["post-61554","post","type-post","status-publish","format-standard","has-post-thumbnail","hentry","category-home","category-news","category-reggio-calabria","tag-giornata-mondiale-del-diabete","tag-consiglio-regionale-calabria","tag-domenico-giannetta-fi","tag-filippo-mancuso","tag-palazzo-campanella","tag-pasqualina-straface"],"yoast_head":"<!-- This site is optimized with the Yoast SEO plugin v27.2 - https:\/\/yoast.com\/product\/yoast-seo-wordpress\/ -->\n<title>Il Consiglio Regionale si illumina di blu per la &quot;Giornata Mondiale del Diabete&quot; - Radio Touring 104<\/title>\n<meta name=\"description\" content=\"\u201cPalazzo Campanella&quot;, sede del Consiglio regionale, \u00e8 illuminato di blu, in occasione della \u2018Giornata mondiale del diabete\u2019\" \/>\n<meta name=\"robots\" content=\"index, follow, max-snippet:-1, max-image-preview:large, max-video-preview:-1\" \/>\n<link rel=\"canonical\" href=\"https:\/\/progettotouring.it\/radiotouring104\/2024\/11\/15\/il-consiglio-regionale-si-illumina-di-blu-per-la-giornata-mondiale-del-diabete\/\" \/>\n<meta property=\"og:locale\" content=\"it_IT\" \/>\n<meta property=\"og:type\" content=\"article\" \/>\n<meta property=\"og:title\" content=\"Il Consiglio Regionale si illumina di blu per la &quot;Giornata Mondiale del Diabete&quot; - Radio Touring 104\" \/>\n<meta property=\"og:description\" content=\"\u201cPalazzo Campanella&quot;, sede del Consiglio regionale, \u00e8 illuminato di blu, in occasione della \u2018Giornata mondiale del diabete\u2019\" \/>\n<meta property=\"og:url\" content=\"https:\/\/progettotouring.it\/radiotouring104\/2024\/11\/15\/il-consiglio-regionale-si-illumina-di-blu-per-la-giornata-mondiale-del-diabete\/\" \/>\n<meta property=\"og:site_name\" content=\"Radio Touring 104\" \/>\n<meta property=\"article:published_time\" content=\"2024-11-15T08:58:30+00:00\" \/>\n<meta property=\"article:modified_time\" content=\"2024-11-15T09:42:59+00:00\" \/>\n<meta property=\"og:image\" content=\"https:\/\/progettotouring.it\/radiotouring104\/wp-content\/uploads\/sites\/6\/2024\/11\/Consiglio-Regionale-Giornata-del-Diabete.jpeg\" \/>\n\t<meta property=\"og:image:width\" content=\"1200\" \/>\n\t<meta property=\"og:image:height\" content=\"1600\" \/>\n\t<meta property=\"og:image:type\" content=\"image\/jpeg\" \/>\n<meta name=\"author\" content=\"Sebastiano Plutino\" \/>\n<meta name=\"twitter:card\" content=\"summary_large_image\" \/>\n<meta name=\"twitter:label1\" content=\"Scritto da\" \/>\n\t<meta name=\"twitter:data1\" content=\"Sebastiano Plutino\" \/>\n\t<meta name=\"twitter:label2\" content=\"Tempo di lettura stimato\" \/>\n\t<meta name=\"twitter:data2\" content=\"1 minuto\" \/>\n<script type=\"application\/ld+json\" class=\"yoast-schema-graph\">{\"@context\":\"https:\/\/schema.org\",\"@graph\":[{\"@type\":\"Article\",\"@id\":\"https:\/\/progettotouring.it\/radiotouring104\/2024\/11\/15\/il-consiglio-regionale-si-illumina-di-blu-per-la-giornata-mondiale-del-diabete\/#article\",\"isPartOf\":{\"@id\":\"https:\/\/progettotouring.it\/radiotouring104\/2024\/11\/15\/il-consiglio-regionale-si-illumina-di-blu-per-la-giornata-mondiale-del-diabete\/\"},\"author\":{\"name\":\"Sebastiano Plutino\",\"@id\":\"https:\/\/progettotouring.it\/radiotouring104\/#\/schema\/person\/78613917f1851f041f7483f5af1d422e\"},\"headline\":\"Il Consiglio Regionale si illumina di blu per la &#8220;Giornata Mondiale del Diabete&#8221;\",\"datePublished\":\"2024-11-15T08:58:30+00:00\",\"dateModified\":\"2024-11-15T09:42:59+00:00\",\"mainEntityOfPage\":{\"@id\":\"https:\/\/progettotouring.it\/radiotouring104\/2024\/11\/15\/il-consiglio-regionale-si-illumina-di-blu-per-la-giornata-mondiale-del-diabete\/\"},\"wordCount\":161,\"publisher\":{\"@id\":\"https:\/\/progettotouring.it\/radiotouring104\/#organization\"},\"image\":{\"@id\":\"https:\/\/progettotouring.it\/radiotouring104\/2024\/11\/15\/il-consiglio-regionale-si-illumina-di-blu-per-la-giornata-mondiale-del-diabete\/#primaryimage\"},\"thumbnailUrl\":\"https:\/\/progettotouring.it\/radiotouring104\/wp-content\/uploads\/sites\/6\/2024\/11\/Consiglio-Regionale-Giornata-del-Diabete.jpeg\",\"keywords\":[\"\\\"Giornata Mondiale del Diabete\",\"Consiglio regionale Calabria\",\"Domenico Giannetta (FI).\",\"Filippo Mancuso\",\"palazzo campanella\",\"Pasqualina Straface\"],\"articleSection\":[\"Home\",\"News\",\"Reggio Calabria\"],\"inLanguage\":\"it-IT\"},{\"@type\":\"WebPage\",\"@id\":\"https:\/\/progettotouring.it\/radiotouring104\/2024\/11\/15\/il-consiglio-regionale-si-illumina-di-blu-per-la-giornata-mondiale-del-diabete\/\",\"url\":\"https:\/\/progettotouring.it\/radiotouring104\/2024\/11\/15\/il-consiglio-regionale-si-illumina-di-blu-per-la-giornata-mondiale-del-diabete\/\",\"name\":\"Il Consiglio Regionale si illumina di blu per la \\\"Giornata Mondiale del Diabete\\\" - Radio Touring 104\",\"isPartOf\":{\"@id\":\"https:\/\/progettotouring.it\/radiotouring104\/#website\"},\"primaryImageOfPage\":{\"@id\":\"https:\/\/progettotouring.it\/radiotouring104\/2024\/11\/15\/il-consiglio-regionale-si-illumina-di-blu-per-la-giornata-mondiale-del-diabete\/#primaryimage\"},\"image\":{\"@id\":\"https:\/\/progettotouring.it\/radiotouring104\/2024\/11\/15\/il-consiglio-regionale-si-illumina-di-blu-per-la-giornata-mondiale-del-diabete\/#primaryimage\"},\"thumbnailUrl\":\"https:\/\/progettotouring.it\/radiotouring104\/wp-content\/uploads\/sites\/6\/2024\/11\/Consiglio-Regionale-Giornata-del-Diabete.jpeg\",\"datePublished\":\"2024-11-15T08:58:30+00:00\",\"dateModified\":\"2024-11-15T09:42:59+00:00\",\"description\":\"\u201cPalazzo Campanella\\\", sede del Consiglio regionale, \u00e8 illuminato di blu, in occasione della \u2018Giornata mondiale del diabete\u2019\",\"breadcrumb\":{\"@id\":\"https:\/\/progettotouring.it\/radiotouring104\/2024\/11\/15\/il-consiglio-regionale-si-illumina-di-blu-per-la-giornata-mondiale-del-diabete\/#breadcrumb\"},\"inLanguage\":\"it-IT\",\"potentialAction\":[{\"@type\":\"ReadAction\",\"target\":[\"https:\/\/progettotouring.it\/radiotouring104\/2024\/11\/15\/il-consiglio-regionale-si-illumina-di-blu-per-la-giornata-mondiale-del-diabete\/\"]}]},{\"@type\":\"ImageObject\",\"inLanguage\":\"it-IT\",\"@id\":\"https:\/\/progettotouring.it\/radiotouring104\/2024\/11\/15\/il-consiglio-regionale-si-illumina-di-blu-per-la-giornata-mondiale-del-diabete\/#primaryimage\",\"url\":\"https:\/\/progettotouring.it\/radiotouring104\/wp-content\/uploads\/sites\/6\/2024\/11\/Consiglio-Regionale-Giornata-del-Diabete.jpeg\",\"contentUrl\":\"https:\/\/progettotouring.it\/radiotouring104\/wp-content\/uploads\/sites\/6\/2024\/11\/Consiglio-Regionale-Giornata-del-Diabete.jpeg\",\"width\":1200,\"height\":1600},{\"@type\":\"BreadcrumbList\",\"@id\":\"https:\/\/progettotouring.it\/radiotouring104\/2024\/11\/15\/il-consiglio-regionale-si-illumina-di-blu-per-la-giornata-mondiale-del-diabete\/#breadcrumb\",\"itemListElement\":[{\"@type\":\"ListItem\",\"position\":1,\"name\":\"Home\",\"item\":\"https:\/\/progettotouring.it\/radiotouring104\/\"},{\"@type\":\"ListItem\",\"position\":2,\"name\":\"Il Consiglio Regionale si illumina di blu per la &#8220;Giornata Mondiale del Diabete&#8221;\"}]},{\"@type\":\"WebSite\",\"@id\":\"https:\/\/progettotouring.it\/radiotouring104\/#website\",\"url\":\"https:\/\/progettotouring.it\/radiotouring104\/\",\"name\":\"Radio Touring 104\",\"description\":\"La prima radio Reggina\",\"publisher\":{\"@id\":\"https:\/\/progettotouring.it\/radiotouring104\/#organization\"},\"potentialAction\":[{\"@type\":\"SearchAction\",\"target\":{\"@type\":\"EntryPoint\",\"urlTemplate\":\"https:\/\/progettotouring.it\/radiotouring104\/?s={search_term_string}\"},\"query-input\":{\"@type\":\"PropertyValueSpecification\",\"valueRequired\":true,\"valueName\":\"search_term_string\"}}],\"inLanguage\":\"it-IT\"},{\"@type\":\"Organization\",\"@id\":\"https:\/\/progettotouring.it\/radiotouring104\/#organization\",\"name\":\"Radio Touring 104\",\"url\":\"https:\/\/progettotouring.it\/radiotouring104\/\",\"logo\":{\"@type\":\"ImageObject\",\"inLanguage\":\"it-IT\",\"@id\":\"https:\/\/progettotouring.it\/radiotouring104\/#\/schema\/logo\/image\/\",\"url\":\"https:\/\/progettotouring.it\/radiotouring104\/wp-content\/uploads\/sites\/6\/2022\/02\/cropped-logo-radio-touring-104.png\",\"contentUrl\":\"https:\/\/progettotouring.it\/radiotouring104\/wp-content\/uploads\/sites\/6\/2022\/02\/cropped-logo-radio-touring-104.png\",\"width\":377,\"height\":182,\"caption\":\"Radio Touring 104\"},\"image\":{\"@id\":\"https:\/\/progettotouring.it\/radiotouring104\/#\/schema\/logo\/image\/\"}},{\"@type\":\"Person\",\"@id\":\"https:\/\/progettotouring.it\/radiotouring104\/#\/schema\/person\/78613917f1851f041f7483f5af1d422e\",\"name\":\"Sebastiano Plutino\",\"image\":{\"@type\":\"ImageObject\",\"inLanguage\":\"it-IT\",\"@id\":\"https:\/\/secure.gravatar.com\/avatar\/0546ffaa9b79224faf9f2a156b67a529ae861d3287c66c1d8ccfdf909bcba78d?s=96&d=mm&r=g\",\"url\":\"https:\/\/secure.gravatar.com\/avatar\/0546ffaa9b79224faf9f2a156b67a529ae861d3287c66c1d8ccfdf909bcba78d?s=96&d=mm&r=g\",\"contentUrl\":\"https:\/\/secure.gravatar.com\/avatar\/0546ffaa9b79224faf9f2a156b67a529ae861d3287c66c1d8ccfdf909bcba78d?s=96&d=mm&r=g\",\"caption\":\"Sebastiano Plutino\"},\"url\":\"https:\/\/progettotouring.it\/radiotouring104\/author\/sebastiano\/\"}]}<\/script>\n<!-- \/ Yoast SEO plugin. -->","yoast_head_json":{"title":"Il Consiglio Regionale si illumina di blu per la \"Giornata Mondiale del Diabete\" - Radio Touring 104","description":"\u201cPalazzo Campanella\", sede del Consiglio regionale, \u00e8 illuminato di blu, in occasione della \u2018Giornata mondiale del diabete\u2019","robots":{"index":"index","follow":"follow","max-snippet":"max-snippet:-1","max-image-preview":"max-image-preview:large","max-video-preview":"max-video-preview:-1"},"canonical":"https:\/\/progettotouring.it\/radiotouring104\/2024\/11\/15\/il-consiglio-regionale-si-illumina-di-blu-per-la-giornata-mondiale-del-diabete\/","og_locale":"it_IT","og_type":"article","og_title":"Il Consiglio Regionale si illumina di blu per la \"Giornata Mondiale del Diabete\" - Radio Touring 104","og_description":"\u201cPalazzo Campanella\", sede del Consiglio regionale, \u00e8 illuminato di blu, in occasione della \u2018Giornata mondiale del diabete\u2019","og_url":"https:\/\/progettotouring.it\/radiotouring104\/2024\/11\/15\/il-consiglio-regionale-si-illumina-di-blu-per-la-giornata-mondiale-del-diabete\/","og_site_name":"Radio Touring 104","article_published_time":"2024-11-15T08:58:30+00:00","article_modified_time":"2024-11-15T09:42:59+00:00","og_image":[{"width":1200,"height":1600,"url":"https:\/\/progettotouring.it\/radiotouring104\/wp-content\/uploads\/sites\/6\/2024\/11\/Consiglio-Regionale-Giornata-del-Diabete.jpeg","type":"image\/jpeg"}],"author":"Sebastiano Plutino","twitter_card":"summary_large_image","twitter_misc":{"Scritto da":"Sebastiano Plutino","Tempo di lettura stimato":"1 minuto"},"schema":{"@context":"https:\/\/schema.org","@graph":[{"@type":"Article","@id":"https:\/\/progettotouring.it\/radiotouring104\/2024\/11\/15\/il-consiglio-regionale-si-illumina-di-blu-per-la-giornata-mondiale-del-diabete\/#article","isPartOf":{"@id":"https:\/\/progettotouring.it\/radiotouring104\/2024\/11\/15\/il-consiglio-regionale-si-illumina-di-blu-per-la-giornata-mondiale-del-diabete\/"},"author":{"name":"Sebastiano Plutino","@id":"https:\/\/progettotouring.it\/radiotouring104\/#\/schema\/person\/78613917f1851f041f7483f5af1d422e"},"headline":"Il Consiglio Regionale si illumina di blu per la &#8220;Giornata Mondiale del Diabete&#8221;","datePublished":"2024-11-15T08:58:30+00:00","dateModified":"2024-11-15T09:42:59+00:00","mainEntityOfPage":{"@id":"https:\/\/progettotouring.it\/radiotouring104\/2024\/11\/15\/il-consiglio-regionale-si-illumina-di-blu-per-la-giornata-mondiale-del-diabete\/"},"wordCount":161,"publisher":{"@id":"https:\/\/progettotouring.it\/radiotouring104\/#organization"},"image":{"@id":"https:\/\/progettotouring.it\/radiotouring104\/2024\/11\/15\/il-consiglio-regionale-si-illumina-di-blu-per-la-giornata-mondiale-del-diabete\/#primaryimage"},"thumbnailUrl":"https:\/\/progettotouring.it\/radiotouring104\/wp-content\/uploads\/sites\/6\/2024\/11\/Consiglio-Regionale-Giornata-del-Diabete.jpeg","keywords":["\"Giornata Mondiale del Diabete","Consiglio regionale Calabria","Domenico Giannetta (FI).","Filippo Mancuso","palazzo campanella","Pasqualina Straface"],"articleSection":["Home","News","Reggio Calabria"],"inLanguage":"it-IT"},{"@type":"WebPage","@id":"https:\/\/progettotouring.it\/radiotouring104\/2024\/11\/15\/il-consiglio-regionale-si-illumina-di-blu-per-la-giornata-mondiale-del-diabete\/","url":"https:\/\/progettotouring.it\/radiotouring104\/2024\/11\/15\/il-consiglio-regionale-si-illumina-di-blu-per-la-giornata-mondiale-del-diabete\/","name":"Il Consiglio Regionale si illumina di blu per la \"Giornata Mondiale del Diabete\" - Radio Touring 104","isPartOf":{"@id":"https:\/\/progettotouring.it\/radiotouring104\/#website"},"primaryImageOfPage":{"@id":"https:\/\/progettotouring.it\/radiotouring104\/2024\/11\/15\/il-consiglio-regionale-si-illumina-di-blu-per-la-giornata-mondiale-del-diabete\/#primaryimage"},"image":{"@id":"https:\/\/progettotouring.it\/radiotouring104\/2024\/11\/15\/il-consiglio-regionale-si-illumina-di-blu-per-la-giornata-mondiale-del-diabete\/#primaryimage"},"thumbnailUrl":"https:\/\/progettotouring.it\/radiotouring104\/wp-content\/uploads\/sites\/6\/2024\/11\/Consiglio-Regionale-Giornata-del-Diabete.jpeg","datePublished":"2024-11-15T08:58:30+00:00","dateModified":"2024-11-15T09:42:59+00:00","description":"\u201cPalazzo Campanella\", sede del Consiglio regionale, \u00e8 illuminato di blu, in occasione della \u2018Giornata mondiale del diabete\u2019","breadcrumb":{"@id":"https:\/\/progettotouring.it\/radiotouring104\/2024\/11\/15\/il-consiglio-regionale-si-illumina-di-blu-per-la-giornata-mondiale-del-diabete\/#breadcrumb"},"inLanguage":"it-IT","potentialAction":[{"@type":"ReadAction","target":["https:\/\/progettotouring.it\/radiotouring104\/2024\/11\/15\/il-consiglio-regionale-si-illumina-di-blu-per-la-giornata-mondiale-del-diabete\/"]}]},{"@type":"ImageObject","inLanguage":"it-IT","@id":"https:\/\/progettotouring.it\/radiotouring104\/2024\/11\/15\/il-consiglio-regionale-si-illumina-di-blu-per-la-giornata-mondiale-del-diabete\/#primaryimage","url":"https:\/\/progettotouring.it\/radiotouring104\/wp-content\/uploads\/sites\/6\/2024\/11\/Consiglio-Regionale-Giornata-del-Diabete.jpeg","contentUrl":"https:\/\/progettotouring.it\/radiotouring104\/wp-content\/uploads\/sites\/6\/2024\/11\/Consiglio-Regionale-Giornata-del-Diabete.jpeg","width":1200,"height":1600},{"@type":"BreadcrumbList","@id":"https:\/\/progettotouring.it\/radiotouring104\/2024\/11\/15\/il-consiglio-regionale-si-illumina-di-blu-per-la-giornata-mondiale-del-diabete\/#breadcrumb","itemListElement":[{"@type":"ListItem","position":1,"name":"Home","item":"https:\/\/progettotouring.it\/radiotouring104\/"},{"@type":"ListItem","position":2,"name":"Il Consiglio Regionale si illumina di blu per la &#8220;Giornata Mondiale del Diabete&#8221;"}]},{"@type":"WebSite","@id":"https:\/\/progettotouring.it\/radiotouring104\/#website","url":"https:\/\/progettotouring.it\/radiotouring104\/","name":"Radio Touring 104","description":"La prima radio Reggina","publisher":{"@id":"https:\/\/progettotouring.it\/radiotouring104\/#organization"},"potentialAction":[{"@type":"SearchAction","target":{"@type":"EntryPoint","urlTemplate":"https:\/\/progettotouring.it\/radiotouring104\/?s={search_term_string}"},"query-input":{"@type":"PropertyValueSpecification","valueRequired":true,"valueName":"search_term_string"}}],"inLanguage":"it-IT"},{"@type":"Organization","@id":"https:\/\/progettotouring.it\/radiotouring104\/#organization","name":"Radio Touring 104","url":"https:\/\/progettotouring.it\/radiotouring104\/","logo":{"@type":"ImageObject","inLanguage":"it-IT","@id":"https:\/\/progettotouring.it\/radiotouring104\/#\/schema\/logo\/image\/","url":"https:\/\/progettotouring.it\/radiotouring104\/wp-content\/uploads\/sites\/6\/2022\/02\/cropped-logo-radio-touring-104.png","contentUrl":"https:\/\/progettotouring.it\/radiotouring104\/wp-content\/uploads\/sites\/6\/2022\/02\/cropped-logo-radio-touring-104.png","width":377,"height":182,"caption":"Radio Touring 104"},"image":{"@id":"https:\/\/progettotouring.it\/radiotouring104\/#\/schema\/logo\/image\/"}},{"@type":"Person","@id":"https:\/\/progettotouring.it\/radiotouring104\/#\/schema\/person\/78613917f1851f041f7483f5af1d422e","name":"Sebastiano Plutino","image":{"@type":"ImageObject","inLanguage":"it-IT","@id":"https:\/\/secure.gravatar.com\/avatar\/0546ffaa9b79224faf9f2a156b67a529ae861d3287c66c1d8ccfdf909bcba78d?s=96&d=mm&r=g","url":"https:\/\/secure.gravatar.com\/avatar\/0546ffaa9b79224faf9f2a156b67a529ae861d3287c66c1d8ccfdf909bcba78d?s=96&d=mm&r=g","contentUrl":"https:\/\/secure.gravatar.com\/avatar\/0546ffaa9b79224faf9f2a156b67a529ae861d3287c66c1d8ccfdf909bcba78d?s=96&d=mm&r=g","caption":"Sebastiano Plutino"},"url":"https:\/\/progettotouring.it\/radiotouring104\/author\/sebastiano\/"}]}},"jetpack_publicize_connections":[],"jetpack_featured_media_url":"https:\/\/progettotouring.it\/radiotouring104\/wp-content\/uploads\/sites\/6\/2024\/11\/Consiglio-Regionale-Giornata-del-Diabete.jpeg","jetpack_sharing_enabled":true,"_links":{"self":[{"href":"https:\/\/progettotouring.it\/radiotouring104\/wp-json\/wp\/v2\/posts\/61554","targetHints":{"allow":["GET"]}}],"collection":[{"href":"https:\/\/progettotouring.it\/radiotouring104\/wp-json\/wp\/v2\/posts"}],"about":[{"href":"https:\/\/progettotouring.it\/radiotouring104\/wp-json\/wp\/v2\/types\/post"}],"author":[{"embeddable":true,"href":"https:\/\/progettotouring.it\/radiotouring104\/wp-json\/wp\/v2\/users\/12"}],"replies":[{"embeddable":true,"href":"https:\/\/progettotouring.it\/radiotouring104\/wp-json\/wp\/v2\/comments?post=61554"}],"version-history":[{"count":1,"href":"https:\/\/progettotouring.it\/radiotouring104\/wp-json\/wp\/v2\/posts\/61554\/revisions"}],"predecessor-version":[{"id":61555,"href":"https:\/\/progettotouring.it\/radiotouring104\/wp-json\/wp\/v2\/posts\/61554\/revisions\/61555"}],"wp:featuredmedia":[{"embeddable":true,"href":"https:\/\/progettotouring.it\/radiotouring104\/wp-json\/wp\/v2\/media\/61567"}],"wp:attachment":[{"href":"https:\/\/progettotouring.it\/radiotouring104\/wp-json\/wp\/v2\/media?parent=61554"}],"wp:term":[{"taxonomy":"category","embeddable":true,"href":"https:\/\/progettotouring.it\/radiotouring104\/wp-json\/wp\/v2\/categories?post=61554"},{"taxonomy":"post_tag","embeddable":true,"href":"https:\/\/progettotouring.it\/radiotouring104\/wp-json\/wp\/v2\/tags?post=61554"}],"curies":[{"name":"wp","href":"https:\/\/api.w.org\/{rel}","templated":true}]}}