{"id":61561,"date":"2024-11-15T10:30:15","date_gmt":"2024-11-15T09:30:15","guid":{"rendered":"https:\/\/progettotouring.it\/radiotouring104\/?p=61561"},"modified":"2024-11-15T10:30:15","modified_gmt":"2024-11-15T09:30:15","slug":"reggio-16-novembre-prospettiva-unitaria-inizia-la-sua-mobilitazione-nazionale-e-il-suo-percorso-verso-la-costruzione-dellorganizzazione-nazionale-comunista","status":"publish","type":"post","link":"https:\/\/progettotouring.it\/radiotouring104\/2024\/11\/15\/reggio-16-novembre-prospettiva-unitaria-inizia-la-sua-mobilitazione-nazionale-e-il-suo-percorso-verso-la-costruzione-dellorganizzazione-nazionale-comunista\/","title":{"rendered":"Reggio, 16 novembre: Prospettiva Unitaria inizia la sua mobilitazione nazionale e il suo percorso verso la costruzione dell\u2019organizzazione nazionale comunista."},"content":{"rendered":"<p class=\"xmprfx_MsoNormal\" style=\"text-align: justify\"><strong>Il Movimento per la Rinascita Comunista<\/strong> (MpRC), che gi\u00e0 \u00e8 in s\u00e9 un prodotto politico comunista unitario (dato cio\u00e8 dall\u2019unit\u00e0 felicemente avvenuta tra il Movimento per la Rinascita del Partito Comunista Italiano e per l\u2019Unit\u00e0 dei Comunisti, con base sociale e politica soprattutto in Calabria; \u201cCumpanis\u201d, con le sue principali aree territoriali nelle Marche, a Milano, a Roma e in Friuli ;\u00a0 parti rilevanti de \u201cLa Citt\u00e0 Futura\u201d; \u201cInterstampa\u201d del Piemonte;\u00a0 Movimento dei Comunisti della Sardegna e aree comuniste della Sicilia), nel maggio 2024, in una grande manifestazione pubblica a Roma, presso il Teatro Flavio, lanci\u00f2 l\u2019idea di un Tavolo per l\u2019unit\u00e0 d\u2019azione e di lotta dei comunisti. Tavolo al quale subito aderirono, oltre il MpRC stesso, Patria Socialista, Resistenza Popolare e Costituente Comunista. Quattro soggetti comunisti che, dopo un primo e proficuo lavoro, hanno organizzato, lo scorso 26 ottobre, una, riuscita, Conferenza stampa a Roma attraverso la quale \u00e8 stata reso pubblico il progetto di unit\u00e0 delle stesse quattro forze, e del loro nome: Prospettiva Unitaria, un logo avente in s\u00e9 anche i quattro loghi, dichiaratamente comunisti, degli stessi soggetti politici. Prospettiva Unitaria, che gi\u00e0 nella Conferenza stampa del 26 ottobre scorso ha chiaramente reso pubblico il proprio progetto volto a mettere in campo, nel nostro Paese, una forza comunista all\u2019altezza dei tempi e dell\u2019odierno scontro di classe, ha anche lanciato una propria campagna politica attraverso quattro, prime, manifestazioni politiche da organizzare sul piano nazionale ed entro dicembre 2024, quattro importanti mobilitazioni che dovranno poi culminare in una quinta, e grande, assemblea nazionale a Roma da tenere il 25 gennaio 2025. Ognuno dei quattro soggetti politici comunisti che gi\u00e0 formano Prospettiva Unitaria organizzer\u00e0 una delle quattro manifestazioni, alle quali tutti i dirigenti di Prospettiva Unitaria parteciperanno.<\/p>\n<p class=\"xmprfx_MsoNormal\" style=\"text-align: justify\"><strong>La prima delle quattro manifestazioni nazionali, questa organizzata dal MpRC, si terr\u00e0 sabato 16 novembre a Reggio Calabria.<\/strong> Gi\u00e0 il titolo scelto per la manifestazione (\u201cSanit\u00e0, Autonomia differenziata, Ponte, Mezzogiorno\/ La lotta dei comunisti riparte da qui!\u201d) da esattamente la cifra politica del progetto strategico di Prospettiva Unitaria, un progetto volto ad unire, radicare ed organizzare i comunisti nelle lotte, nella realt\u00e0 concreta delle cose, nella societ\u00e0 e tra i lavoratori. La lotta per la difesa ed il rilancio della Sanit\u00e0 pubblica, specie nel Sud d\u2019Italia, specie in Calabria, dove per tenere aperti servizi fondamentali della devastata Sanit\u00e0 pubblica \u00e8 stato necessario ricorrere all\u2019opera di centinaia di medici cubani, \u00e8 la prima questione che la manifestazione di Reggio Calabria di Prospettiva Unitaria vuole affrontare. Una lotta altrettanto determinata dovr\u00e0 essere, innanzitutto dai comunisti uniti, lanciata contro l\u2019Autonomia differenziata, un\u2019orrenda merce di scambio tra una Lega sempre pi\u00f9 volta alla feudalizzazione del Paese, ad una sempre pi\u00f9 netta divisione tra un\u2019Italia pi\u00f9 benestante, del nord, e un\u2019Italia ben pi\u00f9 povera, del Sud, e Fratelli d\u2019Italia di Giorgia Meloni, che punta ad un premierato come anticipazione di un regime autoritario, antidemocratico e antioperaia. Come una sempre pi\u00f9 vasta mobilitazione popolare dovr\u00e0 essere sostenuta, dai comunisti, da Prospettiva Unitaria, contro il Ponte sullo Stretto, vera ossessione reazionaria del ministro Salvini e vera, ed eventuale, sciagura per tutto il popolo del Meridione che, col Ponte, vedrebbe la realizzazione di un\u2019 opera folle, inutile e gi\u00e0 fatiscente sin dalla nascita e la cancellazione di ci\u00f2 che davvero serve alla Calabria e a tutto il Meridione: nuove infrastrutture ferroviarie, stradali e portuali (ammodernamento, raddoppio ed elettrificazione della ferrovia jonica,\u00a0 alta velocit\u00e0 Salerno \u2013 Reggio Calabria, autostrada della jonica,\u00a0 potenziamento porto Gioia e Tauro, ecc.) all\u2019altezza dei tempi come necessaria parte di un intero progetto di costruzione di infrastrutture degne di un Paese contemporaneo e civile che ora del tutto mancano in Calabria e in tutto il Mezzogiorno e la cui assenza \u00e8 una delle maggiori basi materiali del mancato sviluppo del Sud d\u2019Italia.<\/p>\n<p class=\"xmprfx_MsoNormal\" style=\"text-align: justify\"><strong>Della<\/strong> \u201cQuistione Meridionale\u201d (come direbbe Antonio Gramsci),<strong> si parler\u00e0,<\/strong> dunque, nel suo insieme, <strong>a Reggio Calabria, il prossimo 16 novembre, presso lo Spazio Open,<\/strong> in via Filippini 25, dalle ore 17.00, con<strong> Michelangelo Tripodi,<\/strong> Presidente nazionale del MpRC, e gi\u00e0 Assessore Regionale in Calabria; <strong>Lorenzo Fasc\u00ec,<\/strong> avvocato e membro della Segreteria nazionale del MpRC;<strong> Igor Camilli,<\/strong> Segretario\u00a0 nazionale di Patria Socialista; <strong>Gennaro Nenna,<\/strong> di Resistenza Popolare, <strong>Ciccio Talia,<\/strong> di Costituente Comunista, con le conclusioni di <strong>Fosco Giannini,<\/strong> Coordinatore nazionale del MpRC.<\/p>\n","protected":false},"excerpt":{"rendered":"<p>Il Movimento per la Rinascita Comunista (MpRC), che gi\u00e0 \u00e8 in s\u00e9 un prodotto politico comunista unitario (dato cio\u00e8 dall\u2019unit\u00e0 felicemente avvenuta tra il Movimento per la Rinascita del Partito&hellip;<\/p>\n","protected":false},"author":12,"featured_media":44637,"comment_status":"closed","ping_status":"open","sticky":false,"template":"","format":"standard","meta":{"_jetpack_memberships_contains_paid_content":false,"footnotes":"","jetpack_publicize_message":"","jetpack_publicize_feature_enabled":true,"jetpack_social_post_already_shared":false,"jetpack_social_options":{"image_generator_settings":{"template":"highway","default_image_id":0,"font":"","enabled":false},"version":2}},"categories":[921,196,140],"tags":[25594,37606,37607,37605,37603,5104,37604,2262],"class_list":["post-61561","post","type-post","status-publish","format-standard","has-post-thumbnail","hentry","category-home","category-news","category-reggio-calabria","tag-movimento-per-la-rinascita-comunista","tag-fosco-giannini","tag-gennaro-nenna","tag-igor-camilli","tag-manifestazione-nazionale-a-reggio","tag-michelangelo-tripodi","tag-questione-meridionale","tag-spazio-open"],"yoast_head":"<!-- This site is optimized with the Yoast SEO plugin v27.2 - https:\/\/yoast.com\/product\/yoast-seo-wordpress\/ -->\n<title>Reggio, 16 novembre: Prospettiva Unitaria inizia la sua mobilitazione nazionale e il suo percorso verso la costruzione dell\u2019organizzazione nazionale comunista. - Radio Touring 104<\/title>\n<meta name=\"description\" content=\"L&#039;incontro sulla \u201cQuistione Meridionale\u201d si svolger\u00e0 il 16 novembre, presso lo Spazio Open, a Reggio Calabria, dalle ore 17.00\" \/>\n<meta name=\"robots\" content=\"index, follow, max-snippet:-1, max-image-preview:large, max-video-preview:-1\" \/>\n<link rel=\"canonical\" href=\"https:\/\/progettotouring.it\/radiotouring104\/2024\/11\/15\/reggio-16-novembre-prospettiva-unitaria-inizia-la-sua-mobilitazione-nazionale-e-il-suo-percorso-verso-la-costruzione-dellorganizzazione-nazionale-comunista\/\" \/>\n<meta property=\"og:locale\" content=\"it_IT\" \/>\n<meta property=\"og:type\" content=\"article\" \/>\n<meta property=\"og:title\" content=\"Reggio, 16 novembre: Prospettiva Unitaria inizia la sua mobilitazione nazionale e il suo percorso verso la costruzione dell\u2019organizzazione nazionale comunista. - Radio Touring 104\" \/>\n<meta property=\"og:description\" content=\"L&#039;incontro sulla \u201cQuistione Meridionale\u201d si svolger\u00e0 il 16 novembre, presso lo Spazio Open, a Reggio Calabria, dalle ore 17.00\" \/>\n<meta property=\"og:url\" content=\"https:\/\/progettotouring.it\/radiotouring104\/2024\/11\/15\/reggio-16-novembre-prospettiva-unitaria-inizia-la-sua-mobilitazione-nazionale-e-il-suo-percorso-verso-la-costruzione-dellorganizzazione-nazionale-comunista\/\" \/>\n<meta property=\"og:site_name\" content=\"Radio Touring 104\" \/>\n<meta property=\"article:published_time\" content=\"2024-11-15T09:30:15+00:00\" \/>\n<meta property=\"og:image\" content=\"https:\/\/progettotouring.it\/radiotouring104\/wp-content\/uploads\/sites\/6\/2024\/02\/Movimento-Rinascita-Comunista.jpg\" \/>\n\t<meta property=\"og:image:width\" content=\"402\" \/>\n\t<meta property=\"og:image:height\" content=\"391\" \/>\n\t<meta property=\"og:image:type\" content=\"image\/jpeg\" \/>\n<meta name=\"author\" content=\"Sebastiano Plutino\" \/>\n<meta name=\"twitter:card\" content=\"summary_large_image\" \/>\n<meta name=\"twitter:label1\" content=\"Scritto da\" \/>\n\t<meta name=\"twitter:data1\" content=\"Sebastiano Plutino\" \/>\n\t<meta name=\"twitter:label2\" content=\"Tempo di lettura stimato\" \/>\n\t<meta name=\"twitter:data2\" content=\"4 minuti\" \/>\n<script type=\"application\/ld+json\" class=\"yoast-schema-graph\">{\"@context\":\"https:\/\/schema.org\",\"@graph\":[{\"@type\":\"Article\",\"@id\":\"https:\/\/progettotouring.it\/radiotouring104\/2024\/11\/15\/reggio-16-novembre-prospettiva-unitaria-inizia-la-sua-mobilitazione-nazionale-e-il-suo-percorso-verso-la-costruzione-dellorganizzazione-nazionale-comunista\/#article\",\"isPartOf\":{\"@id\":\"https:\/\/progettotouring.it\/radiotouring104\/2024\/11\/15\/reggio-16-novembre-prospettiva-unitaria-inizia-la-sua-mobilitazione-nazionale-e-il-suo-percorso-verso-la-costruzione-dellorganizzazione-nazionale-comunista\/\"},\"author\":{\"name\":\"Sebastiano Plutino\",\"@id\":\"https:\/\/progettotouring.it\/radiotouring104\/#\/schema\/person\/78613917f1851f041f7483f5af1d422e\"},\"headline\":\"Reggio, 16 novembre: Prospettiva Unitaria inizia la sua mobilitazione nazionale e il suo percorso verso la costruzione dell\u2019organizzazione nazionale comunista.\",\"datePublished\":\"2024-11-15T09:30:15+00:00\",\"mainEntityOfPage\":{\"@id\":\"https:\/\/progettotouring.it\/radiotouring104\/2024\/11\/15\/reggio-16-novembre-prospettiva-unitaria-inizia-la-sua-mobilitazione-nazionale-e-il-suo-percorso-verso-la-costruzione-dellorganizzazione-nazionale-comunista\/\"},\"wordCount\":724,\"publisher\":{\"@id\":\"https:\/\/progettotouring.it\/radiotouring104\/#organization\"},\"image\":{\"@id\":\"https:\/\/progettotouring.it\/radiotouring104\/2024\/11\/15\/reggio-16-novembre-prospettiva-unitaria-inizia-la-sua-mobilitazione-nazionale-e-il-suo-percorso-verso-la-costruzione-dellorganizzazione-nazionale-comunista\/#primaryimage\"},\"thumbnailUrl\":\"https:\/\/progettotouring.it\/radiotouring104\/wp-content\/uploads\/sites\/6\/2024\/02\/Movimento-Rinascita-Comunista.jpg\",\"keywords\":[\"\\\"Movimento per la Rinascita Comunista\\\"\",\"Fosco Giannini\",\"Gennaro Nenna\",\"Igor Camilli\",\"manifestazione Nazionale a Reggio\",\"Michelangelo Tripodi\",\"Questione Meridionale\",\"Spazio Open\"],\"articleSection\":[\"Home\",\"News\",\"Reggio Calabria\"],\"inLanguage\":\"it-IT\"},{\"@type\":\"WebPage\",\"@id\":\"https:\/\/progettotouring.it\/radiotouring104\/2024\/11\/15\/reggio-16-novembre-prospettiva-unitaria-inizia-la-sua-mobilitazione-nazionale-e-il-suo-percorso-verso-la-costruzione-dellorganizzazione-nazionale-comunista\/\",\"url\":\"https:\/\/progettotouring.it\/radiotouring104\/2024\/11\/15\/reggio-16-novembre-prospettiva-unitaria-inizia-la-sua-mobilitazione-nazionale-e-il-suo-percorso-verso-la-costruzione-dellorganizzazione-nazionale-comunista\/\",\"name\":\"Reggio, 16 novembre: Prospettiva Unitaria inizia la sua mobilitazione nazionale e il suo percorso verso la costruzione dell\u2019organizzazione nazionale comunista. - Radio Touring 104\",\"isPartOf\":{\"@id\":\"https:\/\/progettotouring.it\/radiotouring104\/#website\"},\"primaryImageOfPage\":{\"@id\":\"https:\/\/progettotouring.it\/radiotouring104\/2024\/11\/15\/reggio-16-novembre-prospettiva-unitaria-inizia-la-sua-mobilitazione-nazionale-e-il-suo-percorso-verso-la-costruzione-dellorganizzazione-nazionale-comunista\/#primaryimage\"},\"image\":{\"@id\":\"https:\/\/progettotouring.it\/radiotouring104\/2024\/11\/15\/reggio-16-novembre-prospettiva-unitaria-inizia-la-sua-mobilitazione-nazionale-e-il-suo-percorso-verso-la-costruzione-dellorganizzazione-nazionale-comunista\/#primaryimage\"},\"thumbnailUrl\":\"https:\/\/progettotouring.it\/radiotouring104\/wp-content\/uploads\/sites\/6\/2024\/02\/Movimento-Rinascita-Comunista.jpg\",\"datePublished\":\"2024-11-15T09:30:15+00:00\",\"description\":\"L'incontro sulla \u201cQuistione Meridionale\u201d si svolger\u00e0 il 16 novembre, presso lo Spazio Open, a Reggio Calabria, dalle ore 17.00\",\"breadcrumb\":{\"@id\":\"https:\/\/progettotouring.it\/radiotouring104\/2024\/11\/15\/reggio-16-novembre-prospettiva-unitaria-inizia-la-sua-mobilitazione-nazionale-e-il-suo-percorso-verso-la-costruzione-dellorganizzazione-nazionale-comunista\/#breadcrumb\"},\"inLanguage\":\"it-IT\",\"potentialAction\":[{\"@type\":\"ReadAction\",\"target\":[\"https:\/\/progettotouring.it\/radiotouring104\/2024\/11\/15\/reggio-16-novembre-prospettiva-unitaria-inizia-la-sua-mobilitazione-nazionale-e-il-suo-percorso-verso-la-costruzione-dellorganizzazione-nazionale-comunista\/\"]}]},{\"@type\":\"ImageObject\",\"inLanguage\":\"it-IT\",\"@id\":\"https:\/\/progettotouring.it\/radiotouring104\/2024\/11\/15\/reggio-16-novembre-prospettiva-unitaria-inizia-la-sua-mobilitazione-nazionale-e-il-suo-percorso-verso-la-costruzione-dellorganizzazione-nazionale-comunista\/#primaryimage\",\"url\":\"https:\/\/progettotouring.it\/radiotouring104\/wp-content\/uploads\/sites\/6\/2024\/02\/Movimento-Rinascita-Comunista.jpg\",\"contentUrl\":\"https:\/\/progettotouring.it\/radiotouring104\/wp-content\/uploads\/sites\/6\/2024\/02\/Movimento-Rinascita-Comunista.jpg\",\"width\":402,\"height\":391},{\"@type\":\"BreadcrumbList\",\"@id\":\"https:\/\/progettotouring.it\/radiotouring104\/2024\/11\/15\/reggio-16-novembre-prospettiva-unitaria-inizia-la-sua-mobilitazione-nazionale-e-il-suo-percorso-verso-la-costruzione-dellorganizzazione-nazionale-comunista\/#breadcrumb\",\"itemListElement\":[{\"@type\":\"ListItem\",\"position\":1,\"name\":\"Home\",\"item\":\"https:\/\/progettotouring.it\/radiotouring104\/\"},{\"@type\":\"ListItem\",\"position\":2,\"name\":\"Reggio, 16 novembre: Prospettiva Unitaria inizia la sua mobilitazione nazionale e il suo percorso verso la costruzione dell\u2019organizzazione nazionale comunista.\"}]},{\"@type\":\"WebSite\",\"@id\":\"https:\/\/progettotouring.it\/radiotouring104\/#website\",\"url\":\"https:\/\/progettotouring.it\/radiotouring104\/\",\"name\":\"Radio Touring 104\",\"description\":\"La prima radio Reggina\",\"publisher\":{\"@id\":\"https:\/\/progettotouring.it\/radiotouring104\/#organization\"},\"potentialAction\":[{\"@type\":\"SearchAction\",\"target\":{\"@type\":\"EntryPoint\",\"urlTemplate\":\"https:\/\/progettotouring.it\/radiotouring104\/?s={search_term_string}\"},\"query-input\":{\"@type\":\"PropertyValueSpecification\",\"valueRequired\":true,\"valueName\":\"search_term_string\"}}],\"inLanguage\":\"it-IT\"},{\"@type\":\"Organization\",\"@id\":\"https:\/\/progettotouring.it\/radiotouring104\/#organization\",\"name\":\"Radio Touring 104\",\"url\":\"https:\/\/progettotouring.it\/radiotouring104\/\",\"logo\":{\"@type\":\"ImageObject\",\"inLanguage\":\"it-IT\",\"@id\":\"https:\/\/progettotouring.it\/radiotouring104\/#\/schema\/logo\/image\/\",\"url\":\"https:\/\/progettotouring.it\/radiotouring104\/wp-content\/uploads\/sites\/6\/2022\/02\/cropped-logo-radio-touring-104.png\",\"contentUrl\":\"https:\/\/progettotouring.it\/radiotouring104\/wp-content\/uploads\/sites\/6\/2022\/02\/cropped-logo-radio-touring-104.png\",\"width\":377,\"height\":182,\"caption\":\"Radio Touring 104\"},\"image\":{\"@id\":\"https:\/\/progettotouring.it\/radiotouring104\/#\/schema\/logo\/image\/\"}},{\"@type\":\"Person\",\"@id\":\"https:\/\/progettotouring.it\/radiotouring104\/#\/schema\/person\/78613917f1851f041f7483f5af1d422e\",\"name\":\"Sebastiano Plutino\",\"image\":{\"@type\":\"ImageObject\",\"inLanguage\":\"it-IT\",\"@id\":\"https:\/\/secure.gravatar.com\/avatar\/0546ffaa9b79224faf9f2a156b67a529ae861d3287c66c1d8ccfdf909bcba78d?s=96&d=mm&r=g\",\"url\":\"https:\/\/secure.gravatar.com\/avatar\/0546ffaa9b79224faf9f2a156b67a529ae861d3287c66c1d8ccfdf909bcba78d?s=96&d=mm&r=g\",\"contentUrl\":\"https:\/\/secure.gravatar.com\/avatar\/0546ffaa9b79224faf9f2a156b67a529ae861d3287c66c1d8ccfdf909bcba78d?s=96&d=mm&r=g\",\"caption\":\"Sebastiano Plutino\"},\"url\":\"https:\/\/progettotouring.it\/radiotouring104\/author\/sebastiano\/\"}]}<\/script>\n<!-- \/ Yoast SEO plugin. -->","yoast_head_json":{"title":"Reggio, 16 novembre: Prospettiva Unitaria inizia la sua mobilitazione nazionale e il suo percorso verso la costruzione dell\u2019organizzazione nazionale comunista. - Radio Touring 104","description":"L'incontro sulla \u201cQuistione Meridionale\u201d si svolger\u00e0 il 16 novembre, presso lo Spazio Open, a Reggio Calabria, dalle ore 17.00","robots":{"index":"index","follow":"follow","max-snippet":"max-snippet:-1","max-image-preview":"max-image-preview:large","max-video-preview":"max-video-preview:-1"},"canonical":"https:\/\/progettotouring.it\/radiotouring104\/2024\/11\/15\/reggio-16-novembre-prospettiva-unitaria-inizia-la-sua-mobilitazione-nazionale-e-il-suo-percorso-verso-la-costruzione-dellorganizzazione-nazionale-comunista\/","og_locale":"it_IT","og_type":"article","og_title":"Reggio, 16 novembre: Prospettiva Unitaria inizia la sua mobilitazione nazionale e il suo percorso verso la costruzione dell\u2019organizzazione nazionale comunista. - Radio Touring 104","og_description":"L'incontro sulla \u201cQuistione Meridionale\u201d si svolger\u00e0 il 16 novembre, presso lo Spazio Open, a Reggio Calabria, dalle ore 17.00","og_url":"https:\/\/progettotouring.it\/radiotouring104\/2024\/11\/15\/reggio-16-novembre-prospettiva-unitaria-inizia-la-sua-mobilitazione-nazionale-e-il-suo-percorso-verso-la-costruzione-dellorganizzazione-nazionale-comunista\/","og_site_name":"Radio Touring 104","article_published_time":"2024-11-15T09:30:15+00:00","og_image":[{"width":402,"height":391,"url":"https:\/\/progettotouring.it\/radiotouring104\/wp-content\/uploads\/sites\/6\/2024\/02\/Movimento-Rinascita-Comunista.jpg","type":"image\/jpeg"}],"author":"Sebastiano Plutino","twitter_card":"summary_large_image","twitter_misc":{"Scritto da":"Sebastiano Plutino","Tempo di lettura stimato":"4 minuti"},"schema":{"@context":"https:\/\/schema.org","@graph":[{"@type":"Article","@id":"https:\/\/progettotouring.it\/radiotouring104\/2024\/11\/15\/reggio-16-novembre-prospettiva-unitaria-inizia-la-sua-mobilitazione-nazionale-e-il-suo-percorso-verso-la-costruzione-dellorganizzazione-nazionale-comunista\/#article","isPartOf":{"@id":"https:\/\/progettotouring.it\/radiotouring104\/2024\/11\/15\/reggio-16-novembre-prospettiva-unitaria-inizia-la-sua-mobilitazione-nazionale-e-il-suo-percorso-verso-la-costruzione-dellorganizzazione-nazionale-comunista\/"},"author":{"name":"Sebastiano Plutino","@id":"https:\/\/progettotouring.it\/radiotouring104\/#\/schema\/person\/78613917f1851f041f7483f5af1d422e"},"headline":"Reggio, 16 novembre: Prospettiva Unitaria inizia la sua mobilitazione nazionale e il suo percorso verso la costruzione dell\u2019organizzazione nazionale comunista.","datePublished":"2024-11-15T09:30:15+00:00","mainEntityOfPage":{"@id":"https:\/\/progettotouring.it\/radiotouring104\/2024\/11\/15\/reggio-16-novembre-prospettiva-unitaria-inizia-la-sua-mobilitazione-nazionale-e-il-suo-percorso-verso-la-costruzione-dellorganizzazione-nazionale-comunista\/"},"wordCount":724,"publisher":{"@id":"https:\/\/progettotouring.it\/radiotouring104\/#organization"},"image":{"@id":"https:\/\/progettotouring.it\/radiotouring104\/2024\/11\/15\/reggio-16-novembre-prospettiva-unitaria-inizia-la-sua-mobilitazione-nazionale-e-il-suo-percorso-verso-la-costruzione-dellorganizzazione-nazionale-comunista\/#primaryimage"},"thumbnailUrl":"https:\/\/progettotouring.it\/radiotouring104\/wp-content\/uploads\/sites\/6\/2024\/02\/Movimento-Rinascita-Comunista.jpg","keywords":["\"Movimento per la Rinascita Comunista\"","Fosco Giannini","Gennaro Nenna","Igor Camilli","manifestazione Nazionale a Reggio","Michelangelo Tripodi","Questione Meridionale","Spazio Open"],"articleSection":["Home","News","Reggio Calabria"],"inLanguage":"it-IT"},{"@type":"WebPage","@id":"https:\/\/progettotouring.it\/radiotouring104\/2024\/11\/15\/reggio-16-novembre-prospettiva-unitaria-inizia-la-sua-mobilitazione-nazionale-e-il-suo-percorso-verso-la-costruzione-dellorganizzazione-nazionale-comunista\/","url":"https:\/\/progettotouring.it\/radiotouring104\/2024\/11\/15\/reggio-16-novembre-prospettiva-unitaria-inizia-la-sua-mobilitazione-nazionale-e-il-suo-percorso-verso-la-costruzione-dellorganizzazione-nazionale-comunista\/","name":"Reggio, 16 novembre: Prospettiva Unitaria inizia la sua mobilitazione nazionale e il suo percorso verso la costruzione dell\u2019organizzazione nazionale comunista. - Radio Touring 104","isPartOf":{"@id":"https:\/\/progettotouring.it\/radiotouring104\/#website"},"primaryImageOfPage":{"@id":"https:\/\/progettotouring.it\/radiotouring104\/2024\/11\/15\/reggio-16-novembre-prospettiva-unitaria-inizia-la-sua-mobilitazione-nazionale-e-il-suo-percorso-verso-la-costruzione-dellorganizzazione-nazionale-comunista\/#primaryimage"},"image":{"@id":"https:\/\/progettotouring.it\/radiotouring104\/2024\/11\/15\/reggio-16-novembre-prospettiva-unitaria-inizia-la-sua-mobilitazione-nazionale-e-il-suo-percorso-verso-la-costruzione-dellorganizzazione-nazionale-comunista\/#primaryimage"},"thumbnailUrl":"https:\/\/progettotouring.it\/radiotouring104\/wp-content\/uploads\/sites\/6\/2024\/02\/Movimento-Rinascita-Comunista.jpg","datePublished":"2024-11-15T09:30:15+00:00","description":"L'incontro sulla \u201cQuistione Meridionale\u201d si svolger\u00e0 il 16 novembre, presso lo Spazio Open, a Reggio Calabria, dalle ore 17.00","breadcrumb":{"@id":"https:\/\/progettotouring.it\/radiotouring104\/2024\/11\/15\/reggio-16-novembre-prospettiva-unitaria-inizia-la-sua-mobilitazione-nazionale-e-il-suo-percorso-verso-la-costruzione-dellorganizzazione-nazionale-comunista\/#breadcrumb"},"inLanguage":"it-IT","potentialAction":[{"@type":"ReadAction","target":["https:\/\/progettotouring.it\/radiotouring104\/2024\/11\/15\/reggio-16-novembre-prospettiva-unitaria-inizia-la-sua-mobilitazione-nazionale-e-il-suo-percorso-verso-la-costruzione-dellorganizzazione-nazionale-comunista\/"]}]},{"@type":"ImageObject","inLanguage":"it-IT","@id":"https:\/\/progettotouring.it\/radiotouring104\/2024\/11\/15\/reggio-16-novembre-prospettiva-unitaria-inizia-la-sua-mobilitazione-nazionale-e-il-suo-percorso-verso-la-costruzione-dellorganizzazione-nazionale-comunista\/#primaryimage","url":"https:\/\/progettotouring.it\/radiotouring104\/wp-content\/uploads\/sites\/6\/2024\/02\/Movimento-Rinascita-Comunista.jpg","contentUrl":"https:\/\/progettotouring.it\/radiotouring104\/wp-content\/uploads\/sites\/6\/2024\/02\/Movimento-Rinascita-Comunista.jpg","width":402,"height":391},{"@type":"BreadcrumbList","@id":"https:\/\/progettotouring.it\/radiotouring104\/2024\/11\/15\/reggio-16-novembre-prospettiva-unitaria-inizia-la-sua-mobilitazione-nazionale-e-il-suo-percorso-verso-la-costruzione-dellorganizzazione-nazionale-comunista\/#breadcrumb","itemListElement":[{"@type":"ListItem","position":1,"name":"Home","item":"https:\/\/progettotouring.it\/radiotouring104\/"},{"@type":"ListItem","position":2,"name":"Reggio, 16 novembre: Prospettiva Unitaria inizia la sua mobilitazione nazionale e il suo percorso verso la costruzione dell\u2019organizzazione nazionale comunista."}]},{"@type":"WebSite","@id":"https:\/\/progettotouring.it\/radiotouring104\/#website","url":"https:\/\/progettotouring.it\/radiotouring104\/","name":"Radio Touring 104","description":"La prima radio Reggina","publisher":{"@id":"https:\/\/progettotouring.it\/radiotouring104\/#organization"},"potentialAction":[{"@type":"SearchAction","target":{"@type":"EntryPoint","urlTemplate":"https:\/\/progettotouring.it\/radiotouring104\/?s={search_term_string}"},"query-input":{"@type":"PropertyValueSpecification","valueRequired":true,"valueName":"search_term_string"}}],"inLanguage":"it-IT"},{"@type":"Organization","@id":"https:\/\/progettotouring.it\/radiotouring104\/#organization","name":"Radio Touring 104","url":"https:\/\/progettotouring.it\/radiotouring104\/","logo":{"@type":"ImageObject","inLanguage":"it-IT","@id":"https:\/\/progettotouring.it\/radiotouring104\/#\/schema\/logo\/image\/","url":"https:\/\/progettotouring.it\/radiotouring104\/wp-content\/uploads\/sites\/6\/2022\/02\/cropped-logo-radio-touring-104.png","contentUrl":"https:\/\/progettotouring.it\/radiotouring104\/wp-content\/uploads\/sites\/6\/2022\/02\/cropped-logo-radio-touring-104.png","width":377,"height":182,"caption":"Radio Touring 104"},"image":{"@id":"https:\/\/progettotouring.it\/radiotouring104\/#\/schema\/logo\/image\/"}},{"@type":"Person","@id":"https:\/\/progettotouring.it\/radiotouring104\/#\/schema\/person\/78613917f1851f041f7483f5af1d422e","name":"Sebastiano Plutino","image":{"@type":"ImageObject","inLanguage":"it-IT","@id":"https:\/\/secure.gravatar.com\/avatar\/0546ffaa9b79224faf9f2a156b67a529ae861d3287c66c1d8ccfdf909bcba78d?s=96&d=mm&r=g","url":"https:\/\/secure.gravatar.com\/avatar\/0546ffaa9b79224faf9f2a156b67a529ae861d3287c66c1d8ccfdf909bcba78d?s=96&d=mm&r=g","contentUrl":"https:\/\/secure.gravatar.com\/avatar\/0546ffaa9b79224faf9f2a156b67a529ae861d3287c66c1d8ccfdf909bcba78d?s=96&d=mm&r=g","caption":"Sebastiano Plutino"},"url":"https:\/\/progettotouring.it\/radiotouring104\/author\/sebastiano\/"}]}},"jetpack_publicize_connections":[],"jetpack_featured_media_url":"https:\/\/progettotouring.it\/radiotouring104\/wp-content\/uploads\/sites\/6\/2024\/02\/Movimento-Rinascita-Comunista.jpg","jetpack_sharing_enabled":true,"_links":{"self":[{"href":"https:\/\/progettotouring.it\/radiotouring104\/wp-json\/wp\/v2\/posts\/61561","targetHints":{"allow":["GET"]}}],"collection":[{"href":"https:\/\/progettotouring.it\/radiotouring104\/wp-json\/wp\/v2\/posts"}],"about":[{"href":"https:\/\/progettotouring.it\/radiotouring104\/wp-json\/wp\/v2\/types\/post"}],"author":[{"embeddable":true,"href":"https:\/\/progettotouring.it\/radiotouring104\/wp-json\/wp\/v2\/users\/12"}],"replies":[{"embeddable":true,"href":"https:\/\/progettotouring.it\/radiotouring104\/wp-json\/wp\/v2\/comments?post=61561"}],"version-history":[{"count":1,"href":"https:\/\/progettotouring.it\/radiotouring104\/wp-json\/wp\/v2\/posts\/61561\/revisions"}],"predecessor-version":[{"id":61562,"href":"https:\/\/progettotouring.it\/radiotouring104\/wp-json\/wp\/v2\/posts\/61561\/revisions\/61562"}],"wp:featuredmedia":[{"embeddable":true,"href":"https:\/\/progettotouring.it\/radiotouring104\/wp-json\/wp\/v2\/media\/44637"}],"wp:attachment":[{"href":"https:\/\/progettotouring.it\/radiotouring104\/wp-json\/wp\/v2\/media?parent=61561"}],"wp:term":[{"taxonomy":"category","embeddable":true,"href":"https:\/\/progettotouring.it\/radiotouring104\/wp-json\/wp\/v2\/categories?post=61561"},{"taxonomy":"post_tag","embeddable":true,"href":"https:\/\/progettotouring.it\/radiotouring104\/wp-json\/wp\/v2\/tags?post=61561"}],"curies":[{"name":"wp","href":"https:\/\/api.w.org\/{rel}","templated":true}]}}