{"id":6198,"date":"2022-06-04T10:48:48","date_gmt":"2022-06-04T08:48:48","guid":{"rendered":"https:\/\/progettotouring.it\/radiotouring104\/?p=6198"},"modified":"2022-06-04T10:49:06","modified_gmt":"2022-06-04T08:49:06","slug":"locri-candidata-a-capitale-della-cultura-2025-luzzi-straordinaria-occasione","status":"publish","type":"post","link":"https:\/\/progettotouring.it\/radiotouring104\/2022\/06\/04\/locri-candidata-a-capitale-della-cultura-2025-luzzi-straordinaria-occasione\/","title":{"rendered":"Locri candidata a Capitale della Cultura 2025, Luzzi: \u201cStraordinaria occasione\u201d"},"content":{"rendered":"<p>\u201cLa candidatura della Locride a Capitale italiana della Cultura per il 2025 \u00e8 una straordinaria opportunit\u00e0 per il nostro territorio. Un obiettivo che vogliamo raggiungere tutti insieme, concertando un percorso condiviso che consenta alle istituzioni, alle associazioni ed in generale all&#8217;intera comunit\u00e0 della Locride, di remare nella stessa direzione per raggiungere l&#8217;ambizioso traguardo&#8221;. Cosi in una nota il consigliere delegato della Citt\u00e0 Metropolitana e vicesindaco del Comune di Gerace Rudi Lizzi torna a parlare della candidatura che riguarda il territorio del litorale jonico della Citt\u00e0 Metropolitana di Reggio Calabria.<\/p>\n<p>Nelle scorse settimane il Consiglio della Citt\u00e0 Metropolitana ha deliberato all&#8217;unanimit\u00e0 la candidatura della Locride, raccogliendo l&#8217;input promosso da pi\u00f9 di trenta Comuni dell&#8217;area, che hanno gi\u00e0 assicurato il loro sostegno all&#8217;iniziativa, e dal Gal &#8220;Terre Locridee&#8221;. La proposta, adesso, passer\u00e0 al vaglio del Ministero della Cultura e della Commissione di esperti che hanno gi\u00e0 designato Bergamo-Brescia per il 2023 e Pesaro per il 2024. &#8220;Si tratta di una sfida ambiziosa &#8211; ha dichiarato ancora il Consigliere Lizzi &#8211; un obiettivo che rende onore ad un territorio come quello della Locride che rappresenta da sempre, fin dai tempi della Magna Grecia, una straordinaria culla di cultura, di arte e di scienza, e che deve essere supportato anche dalle tante ricchezze culturali presenti su tutto il nostro territorio metropolitano e che riguardano l&#8217;area grecanica, l&#8217;area dello Stretto, l&#8217;Aspromonte e la piana di Gioia Tauro. In questo senso, pensiamo sia strategico proporre la candidatura del nostro territorio a questo amb\u00ecto traguardo, anche con l&#8217;obiettivo di scrollarci di dosso definitivamente tutte le negativit\u00e0 che provengono dalla macchia della criminalit\u00e0 organizzata che purtroppo negli ultimi decenni ha sporcato l&#8217;immagine della nostra comunit\u00e0&#8221;.<\/p>\n<p>&#8220;Ci\u00f2 che \u00e8 certo &#8211; ha affermato ancora Lizzi &#8211; \u00e8 che la candidatura della Locride sar\u00e0 un&#8217;occasione unica e irripetibile per il nostro territorio, un obiettivo per il quale lavoreremo insieme alla comunit\u00e0 e che ci consentir\u00e0, gi\u00e0 in questa prima fase, di mettere a sistema e mostrare a livello nazionale ed internazionale, le tante bellezze di uno dei luoghi pi\u00f9 affascinanti e ricchi di storia e cultura dell&#8217;intero territorio nazionale. In questo senso ci tengo a ringraziare tutti i colleghi consiglieri metropolitani e naturalmente il sindaco facente funzioni Carmelo Versace, per aver dimostrato piena sensibilit\u00e0 e messo a disposizione tutto l&#8217;impegno necessario per consentirci di avviare quest&#8217;ambiziosa sfida. Una partita certamente difficile e complicata, che richiede il massimo sforzo da parte della comunit\u00e0, nel percorso di crescita culturale che deve investire il nostro territorio. Ma sono certo che attraverso il necessario lavoro di squadra, il territorio della Locride ha la possibilit\u00e0 di giocarsi le sue chances&#8221;.<\/p>\n","protected":false},"excerpt":{"rendered":"<p>\u201cLa candidatura della Locride a Capitale italiana della Cultura per il 2025 \u00e8 una straordinaria opportunit\u00e0 per il nostro territorio. Un obiettivo che vogliamo raggiungere tutti insieme, concertando un percorso&hellip;<\/p>\n","protected":false},"author":5,"featured_media":6199,"comment_status":"open","ping_status":"open","sticky":false,"template":"","format":"standard","meta":{"_jetpack_memberships_contains_paid_content":false,"footnotes":"","jetpack_publicize_message":"","jetpack_publicize_feature_enabled":true,"jetpack_social_post_already_shared":false,"jetpack_social_options":{"image_generator_settings":{"template":"highway","default_image_id":0,"font":"","enabled":false},"version":2}},"categories":[921,196],"tags":[2381,239,563,338,2382],"class_list":["post-6198","post","type-post","status-publish","format-standard","has-post-thumbnail","hentry","category-home","category-news","tag-capitale-della-cultura","tag-carmelo-versace","tag-citta-metropolitana-di-reggio-calabria","tag-locri","tag-rudi-luzzi"],"yoast_head":"<!-- This site is optimized with the Yoast SEO plugin v27.2 - https:\/\/yoast.com\/product\/yoast-seo-wordpress\/ -->\n<title>Locri candidata a Capitale della cultura 2025, Luzzi: \u2018Importante occasione\u2019<\/title>\n<meta name=\"description\" content=\"Il Consigliere metropolitano e Vicesindaco di Gerace rilancia l&#039;obiettivo condiviso all&#039;unanimit\u00e0 dall&#039;Aula di Palazzo Alvaro\" \/>\n<meta name=\"robots\" content=\"index, follow, max-snippet:-1, max-image-preview:large, max-video-preview:-1\" \/>\n<link rel=\"canonical\" href=\"https:\/\/progettotouring.it\/radiotouring104\/2022\/06\/04\/locri-candidata-a-capitale-della-cultura-2025-luzzi-straordinaria-occasione\/\" \/>\n<meta property=\"og:locale\" content=\"it_IT\" \/>\n<meta property=\"og:type\" content=\"article\" \/>\n<meta property=\"og:title\" content=\"Locri candidata a Capitale della cultura 2025, Luzzi: \u2018Importante occasione\u2019\" \/>\n<meta property=\"og:description\" content=\"Il Consigliere metropolitano e Vicesindaco di Gerace rilancia l&#039;obiettivo condiviso all&#039;unanimit\u00e0 dall&#039;Aula di Palazzo Alvaro\" \/>\n<meta property=\"og:url\" content=\"https:\/\/progettotouring.it\/radiotouring104\/2022\/06\/04\/locri-candidata-a-capitale-della-cultura-2025-luzzi-straordinaria-occasione\/\" \/>\n<meta property=\"og:site_name\" content=\"Radio Touring 104\" \/>\n<meta property=\"article:published_time\" content=\"2022-06-04T08:48:48+00:00\" \/>\n<meta property=\"article:modified_time\" content=\"2022-06-04T08:49:06+00:00\" \/>\n<meta property=\"og:image\" content=\"https:\/\/progettotouring.it\/radiotouring104\/wp-content\/uploads\/sites\/6\/2022\/06\/3AA3E30C-72A4-4C29-B808-E559FA2CD52F.jpeg\" \/>\n\t<meta property=\"og:image:width\" content=\"1600\" \/>\n\t<meta property=\"og:image:height\" content=\"1200\" \/>\n\t<meta property=\"og:image:type\" content=\"image\/jpeg\" \/>\n<meta name=\"author\" content=\"redazione\" \/>\n<meta name=\"twitter:card\" content=\"summary_large_image\" \/>\n<meta name=\"twitter:label1\" content=\"Scritto da\" \/>\n\t<meta name=\"twitter:data1\" content=\"redazione\" \/>\n\t<meta name=\"twitter:label2\" content=\"Tempo di lettura stimato\" \/>\n\t<meta name=\"twitter:data2\" content=\"2 minuti\" \/>\n<script type=\"application\/ld+json\" class=\"yoast-schema-graph\">{\"@context\":\"https:\/\/schema.org\",\"@graph\":[{\"@type\":\"Article\",\"@id\":\"https:\/\/progettotouring.it\/radiotouring104\/2022\/06\/04\/locri-candidata-a-capitale-della-cultura-2025-luzzi-straordinaria-occasione\/#article\",\"isPartOf\":{\"@id\":\"https:\/\/progettotouring.it\/radiotouring104\/2022\/06\/04\/locri-candidata-a-capitale-della-cultura-2025-luzzi-straordinaria-occasione\/\"},\"author\":{\"name\":\"redazione\",\"@id\":\"https:\/\/progettotouring.it\/radiotouring104\/#\/schema\/person\/1b3eb3c07c47136bc44c785c543e635f\"},\"headline\":\"Locri candidata a Capitale della Cultura 2025, Luzzi: \u201cStraordinaria occasione\u201d\",\"datePublished\":\"2022-06-04T08:48:48+00:00\",\"dateModified\":\"2022-06-04T08:49:06+00:00\",\"mainEntityOfPage\":{\"@id\":\"https:\/\/progettotouring.it\/radiotouring104\/2022\/06\/04\/locri-candidata-a-capitale-della-cultura-2025-luzzi-straordinaria-occasione\/\"},\"wordCount\":439,\"commentCount\":0,\"publisher\":{\"@id\":\"https:\/\/progettotouring.it\/radiotouring104\/#organization\"},\"image\":{\"@id\":\"https:\/\/progettotouring.it\/radiotouring104\/2022\/06\/04\/locri-candidata-a-capitale-della-cultura-2025-luzzi-straordinaria-occasione\/#primaryimage\"},\"thumbnailUrl\":\"https:\/\/progettotouring.it\/radiotouring104\/wp-content\/uploads\/sites\/6\/2022\/06\/3AA3E30C-72A4-4C29-B808-E559FA2CD52F.jpeg\",\"keywords\":[\"capitale della cultura\",\"carmelo versace\",\"Citt\u00e0 Metropolitana di Reggio Calabria\",\"Locri\",\"Rudi Luzzi\"],\"articleSection\":[\"Home\",\"News\"],\"inLanguage\":\"it-IT\",\"potentialAction\":[{\"@type\":\"CommentAction\",\"name\":\"Comment\",\"target\":[\"https:\/\/progettotouring.it\/radiotouring104\/2022\/06\/04\/locri-candidata-a-capitale-della-cultura-2025-luzzi-straordinaria-occasione\/#respond\"]}]},{\"@type\":\"WebPage\",\"@id\":\"https:\/\/progettotouring.it\/radiotouring104\/2022\/06\/04\/locri-candidata-a-capitale-della-cultura-2025-luzzi-straordinaria-occasione\/\",\"url\":\"https:\/\/progettotouring.it\/radiotouring104\/2022\/06\/04\/locri-candidata-a-capitale-della-cultura-2025-luzzi-straordinaria-occasione\/\",\"name\":\"Locri candidata a Capitale della cultura 2025, Luzzi: \u2018Importante occasione\u2019\",\"isPartOf\":{\"@id\":\"https:\/\/progettotouring.it\/radiotouring104\/#website\"},\"primaryImageOfPage\":{\"@id\":\"https:\/\/progettotouring.it\/radiotouring104\/2022\/06\/04\/locri-candidata-a-capitale-della-cultura-2025-luzzi-straordinaria-occasione\/#primaryimage\"},\"image\":{\"@id\":\"https:\/\/progettotouring.it\/radiotouring104\/2022\/06\/04\/locri-candidata-a-capitale-della-cultura-2025-luzzi-straordinaria-occasione\/#primaryimage\"},\"thumbnailUrl\":\"https:\/\/progettotouring.it\/radiotouring104\/wp-content\/uploads\/sites\/6\/2022\/06\/3AA3E30C-72A4-4C29-B808-E559FA2CD52F.jpeg\",\"datePublished\":\"2022-06-04T08:48:48+00:00\",\"dateModified\":\"2022-06-04T08:49:06+00:00\",\"description\":\"Il Consigliere metropolitano e Vicesindaco di Gerace rilancia l'obiettivo condiviso all'unanimit\u00e0 dall'Aula di Palazzo Alvaro\",\"breadcrumb\":{\"@id\":\"https:\/\/progettotouring.it\/radiotouring104\/2022\/06\/04\/locri-candidata-a-capitale-della-cultura-2025-luzzi-straordinaria-occasione\/#breadcrumb\"},\"inLanguage\":\"it-IT\",\"potentialAction\":[{\"@type\":\"ReadAction\",\"target\":[\"https:\/\/progettotouring.it\/radiotouring104\/2022\/06\/04\/locri-candidata-a-capitale-della-cultura-2025-luzzi-straordinaria-occasione\/\"]}]},{\"@type\":\"ImageObject\",\"inLanguage\":\"it-IT\",\"@id\":\"https:\/\/progettotouring.it\/radiotouring104\/2022\/06\/04\/locri-candidata-a-capitale-della-cultura-2025-luzzi-straordinaria-occasione\/#primaryimage\",\"url\":\"https:\/\/progettotouring.it\/radiotouring104\/wp-content\/uploads\/sites\/6\/2022\/06\/3AA3E30C-72A4-4C29-B808-E559FA2CD52F.jpeg\",\"contentUrl\":\"https:\/\/progettotouring.it\/radiotouring104\/wp-content\/uploads\/sites\/6\/2022\/06\/3AA3E30C-72A4-4C29-B808-E559FA2CD52F.jpeg\",\"width\":1600,\"height\":1200},{\"@type\":\"BreadcrumbList\",\"@id\":\"https:\/\/progettotouring.it\/radiotouring104\/2022\/06\/04\/locri-candidata-a-capitale-della-cultura-2025-luzzi-straordinaria-occasione\/#breadcrumb\",\"itemListElement\":[{\"@type\":\"ListItem\",\"position\":1,\"name\":\"Home\",\"item\":\"https:\/\/progettotouring.it\/radiotouring104\/\"},{\"@type\":\"ListItem\",\"position\":2,\"name\":\"Locri candidata a Capitale della Cultura 2025, Luzzi: \u201cStraordinaria occasione\u201d\"}]},{\"@type\":\"WebSite\",\"@id\":\"https:\/\/progettotouring.it\/radiotouring104\/#website\",\"url\":\"https:\/\/progettotouring.it\/radiotouring104\/\",\"name\":\"Radio Touring 104\",\"description\":\"La prima radio Reggina\",\"publisher\":{\"@id\":\"https:\/\/progettotouring.it\/radiotouring104\/#organization\"},\"potentialAction\":[{\"@type\":\"SearchAction\",\"target\":{\"@type\":\"EntryPoint\",\"urlTemplate\":\"https:\/\/progettotouring.it\/radiotouring104\/?s={search_term_string}\"},\"query-input\":{\"@type\":\"PropertyValueSpecification\",\"valueRequired\":true,\"valueName\":\"search_term_string\"}}],\"inLanguage\":\"it-IT\"},{\"@type\":\"Organization\",\"@id\":\"https:\/\/progettotouring.it\/radiotouring104\/#organization\",\"name\":\"Radio Touring 104\",\"url\":\"https:\/\/progettotouring.it\/radiotouring104\/\",\"logo\":{\"@type\":\"ImageObject\",\"inLanguage\":\"it-IT\",\"@id\":\"https:\/\/progettotouring.it\/radiotouring104\/#\/schema\/logo\/image\/\",\"url\":\"https:\/\/progettotouring.it\/radiotouring104\/wp-content\/uploads\/sites\/6\/2022\/02\/cropped-logo-radio-touring-104.png\",\"contentUrl\":\"https:\/\/progettotouring.it\/radiotouring104\/wp-content\/uploads\/sites\/6\/2022\/02\/cropped-logo-radio-touring-104.png\",\"width\":377,\"height\":182,\"caption\":\"Radio Touring 104\"},\"image\":{\"@id\":\"https:\/\/progettotouring.it\/radiotouring104\/#\/schema\/logo\/image\/\"}},{\"@type\":\"Person\",\"@id\":\"https:\/\/progettotouring.it\/radiotouring104\/#\/schema\/person\/1b3eb3c07c47136bc44c785c543e635f\",\"name\":\"redazione\",\"image\":{\"@type\":\"ImageObject\",\"inLanguage\":\"it-IT\",\"@id\":\"https:\/\/secure.gravatar.com\/avatar\/0b31605b49f100769e8b624b3e05de1b73e1692e9568a352f60f53fd072e6e11?s=96&d=mm&r=g\",\"url\":\"https:\/\/secure.gravatar.com\/avatar\/0b31605b49f100769e8b624b3e05de1b73e1692e9568a352f60f53fd072e6e11?s=96&d=mm&r=g\",\"contentUrl\":\"https:\/\/secure.gravatar.com\/avatar\/0b31605b49f100769e8b624b3e05de1b73e1692e9568a352f60f53fd072e6e11?s=96&d=mm&r=g\",\"caption\":\"redazione\"},\"url\":\"https:\/\/progettotouring.it\/radiotouring104\/author\/redazione\/\"}]}<\/script>\n<!-- \/ Yoast SEO plugin. -->","yoast_head_json":{"title":"Locri candidata a Capitale della cultura 2025, Luzzi: \u2018Importante occasione\u2019","description":"Il Consigliere metropolitano e Vicesindaco di Gerace rilancia l'obiettivo condiviso all'unanimit\u00e0 dall'Aula di Palazzo Alvaro","robots":{"index":"index","follow":"follow","max-snippet":"max-snippet:-1","max-image-preview":"max-image-preview:large","max-video-preview":"max-video-preview:-1"},"canonical":"https:\/\/progettotouring.it\/radiotouring104\/2022\/06\/04\/locri-candidata-a-capitale-della-cultura-2025-luzzi-straordinaria-occasione\/","og_locale":"it_IT","og_type":"article","og_title":"Locri candidata a Capitale della cultura 2025, Luzzi: \u2018Importante occasione\u2019","og_description":"Il Consigliere metropolitano e Vicesindaco di Gerace rilancia l'obiettivo condiviso all'unanimit\u00e0 dall'Aula di Palazzo Alvaro","og_url":"https:\/\/progettotouring.it\/radiotouring104\/2022\/06\/04\/locri-candidata-a-capitale-della-cultura-2025-luzzi-straordinaria-occasione\/","og_site_name":"Radio Touring 104","article_published_time":"2022-06-04T08:48:48+00:00","article_modified_time":"2022-06-04T08:49:06+00:00","og_image":[{"width":1600,"height":1200,"url":"https:\/\/progettotouring.it\/radiotouring104\/wp-content\/uploads\/sites\/6\/2022\/06\/3AA3E30C-72A4-4C29-B808-E559FA2CD52F.jpeg","type":"image\/jpeg"}],"author":"redazione","twitter_card":"summary_large_image","twitter_misc":{"Scritto da":"redazione","Tempo di lettura stimato":"2 minuti"},"schema":{"@context":"https:\/\/schema.org","@graph":[{"@type":"Article","@id":"https:\/\/progettotouring.it\/radiotouring104\/2022\/06\/04\/locri-candidata-a-capitale-della-cultura-2025-luzzi-straordinaria-occasione\/#article","isPartOf":{"@id":"https:\/\/progettotouring.it\/radiotouring104\/2022\/06\/04\/locri-candidata-a-capitale-della-cultura-2025-luzzi-straordinaria-occasione\/"},"author":{"name":"redazione","@id":"https:\/\/progettotouring.it\/radiotouring104\/#\/schema\/person\/1b3eb3c07c47136bc44c785c543e635f"},"headline":"Locri candidata a Capitale della Cultura 2025, Luzzi: \u201cStraordinaria occasione\u201d","datePublished":"2022-06-04T08:48:48+00:00","dateModified":"2022-06-04T08:49:06+00:00","mainEntityOfPage":{"@id":"https:\/\/progettotouring.it\/radiotouring104\/2022\/06\/04\/locri-candidata-a-capitale-della-cultura-2025-luzzi-straordinaria-occasione\/"},"wordCount":439,"commentCount":0,"publisher":{"@id":"https:\/\/progettotouring.it\/radiotouring104\/#organization"},"image":{"@id":"https:\/\/progettotouring.it\/radiotouring104\/2022\/06\/04\/locri-candidata-a-capitale-della-cultura-2025-luzzi-straordinaria-occasione\/#primaryimage"},"thumbnailUrl":"https:\/\/progettotouring.it\/radiotouring104\/wp-content\/uploads\/sites\/6\/2022\/06\/3AA3E30C-72A4-4C29-B808-E559FA2CD52F.jpeg","keywords":["capitale della cultura","carmelo versace","Citt\u00e0 Metropolitana di Reggio Calabria","Locri","Rudi Luzzi"],"articleSection":["Home","News"],"inLanguage":"it-IT","potentialAction":[{"@type":"CommentAction","name":"Comment","target":["https:\/\/progettotouring.it\/radiotouring104\/2022\/06\/04\/locri-candidata-a-capitale-della-cultura-2025-luzzi-straordinaria-occasione\/#respond"]}]},{"@type":"WebPage","@id":"https:\/\/progettotouring.it\/radiotouring104\/2022\/06\/04\/locri-candidata-a-capitale-della-cultura-2025-luzzi-straordinaria-occasione\/","url":"https:\/\/progettotouring.it\/radiotouring104\/2022\/06\/04\/locri-candidata-a-capitale-della-cultura-2025-luzzi-straordinaria-occasione\/","name":"Locri candidata a Capitale della cultura 2025, Luzzi: \u2018Importante occasione\u2019","isPartOf":{"@id":"https:\/\/progettotouring.it\/radiotouring104\/#website"},"primaryImageOfPage":{"@id":"https:\/\/progettotouring.it\/radiotouring104\/2022\/06\/04\/locri-candidata-a-capitale-della-cultura-2025-luzzi-straordinaria-occasione\/#primaryimage"},"image":{"@id":"https:\/\/progettotouring.it\/radiotouring104\/2022\/06\/04\/locri-candidata-a-capitale-della-cultura-2025-luzzi-straordinaria-occasione\/#primaryimage"},"thumbnailUrl":"https:\/\/progettotouring.it\/radiotouring104\/wp-content\/uploads\/sites\/6\/2022\/06\/3AA3E30C-72A4-4C29-B808-E559FA2CD52F.jpeg","datePublished":"2022-06-04T08:48:48+00:00","dateModified":"2022-06-04T08:49:06+00:00","description":"Il Consigliere metropolitano e Vicesindaco di Gerace rilancia l'obiettivo condiviso all'unanimit\u00e0 dall'Aula di Palazzo Alvaro","breadcrumb":{"@id":"https:\/\/progettotouring.it\/radiotouring104\/2022\/06\/04\/locri-candidata-a-capitale-della-cultura-2025-luzzi-straordinaria-occasione\/#breadcrumb"},"inLanguage":"it-IT","potentialAction":[{"@type":"ReadAction","target":["https:\/\/progettotouring.it\/radiotouring104\/2022\/06\/04\/locri-candidata-a-capitale-della-cultura-2025-luzzi-straordinaria-occasione\/"]}]},{"@type":"ImageObject","inLanguage":"it-IT","@id":"https:\/\/progettotouring.it\/radiotouring104\/2022\/06\/04\/locri-candidata-a-capitale-della-cultura-2025-luzzi-straordinaria-occasione\/#primaryimage","url":"https:\/\/progettotouring.it\/radiotouring104\/wp-content\/uploads\/sites\/6\/2022\/06\/3AA3E30C-72A4-4C29-B808-E559FA2CD52F.jpeg","contentUrl":"https:\/\/progettotouring.it\/radiotouring104\/wp-content\/uploads\/sites\/6\/2022\/06\/3AA3E30C-72A4-4C29-B808-E559FA2CD52F.jpeg","width":1600,"height":1200},{"@type":"BreadcrumbList","@id":"https:\/\/progettotouring.it\/radiotouring104\/2022\/06\/04\/locri-candidata-a-capitale-della-cultura-2025-luzzi-straordinaria-occasione\/#breadcrumb","itemListElement":[{"@type":"ListItem","position":1,"name":"Home","item":"https:\/\/progettotouring.it\/radiotouring104\/"},{"@type":"ListItem","position":2,"name":"Locri candidata a Capitale della Cultura 2025, Luzzi: \u201cStraordinaria occasione\u201d"}]},{"@type":"WebSite","@id":"https:\/\/progettotouring.it\/radiotouring104\/#website","url":"https:\/\/progettotouring.it\/radiotouring104\/","name":"Radio Touring 104","description":"La prima radio Reggina","publisher":{"@id":"https:\/\/progettotouring.it\/radiotouring104\/#organization"},"potentialAction":[{"@type":"SearchAction","target":{"@type":"EntryPoint","urlTemplate":"https:\/\/progettotouring.it\/radiotouring104\/?s={search_term_string}"},"query-input":{"@type":"PropertyValueSpecification","valueRequired":true,"valueName":"search_term_string"}}],"inLanguage":"it-IT"},{"@type":"Organization","@id":"https:\/\/progettotouring.it\/radiotouring104\/#organization","name":"Radio Touring 104","url":"https:\/\/progettotouring.it\/radiotouring104\/","logo":{"@type":"ImageObject","inLanguage":"it-IT","@id":"https:\/\/progettotouring.it\/radiotouring104\/#\/schema\/logo\/image\/","url":"https:\/\/progettotouring.it\/radiotouring104\/wp-content\/uploads\/sites\/6\/2022\/02\/cropped-logo-radio-touring-104.png","contentUrl":"https:\/\/progettotouring.it\/radiotouring104\/wp-content\/uploads\/sites\/6\/2022\/02\/cropped-logo-radio-touring-104.png","width":377,"height":182,"caption":"Radio Touring 104"},"image":{"@id":"https:\/\/progettotouring.it\/radiotouring104\/#\/schema\/logo\/image\/"}},{"@type":"Person","@id":"https:\/\/progettotouring.it\/radiotouring104\/#\/schema\/person\/1b3eb3c07c47136bc44c785c543e635f","name":"redazione","image":{"@type":"ImageObject","inLanguage":"it-IT","@id":"https:\/\/secure.gravatar.com\/avatar\/0b31605b49f100769e8b624b3e05de1b73e1692e9568a352f60f53fd072e6e11?s=96&d=mm&r=g","url":"https:\/\/secure.gravatar.com\/avatar\/0b31605b49f100769e8b624b3e05de1b73e1692e9568a352f60f53fd072e6e11?s=96&d=mm&r=g","contentUrl":"https:\/\/secure.gravatar.com\/avatar\/0b31605b49f100769e8b624b3e05de1b73e1692e9568a352f60f53fd072e6e11?s=96&d=mm&r=g","caption":"redazione"},"url":"https:\/\/progettotouring.it\/radiotouring104\/author\/redazione\/"}]}},"jetpack_publicize_connections":[],"jetpack_featured_media_url":"https:\/\/progettotouring.it\/radiotouring104\/wp-content\/uploads\/sites\/6\/2022\/06\/3AA3E30C-72A4-4C29-B808-E559FA2CD52F.jpeg","jetpack_sharing_enabled":true,"_links":{"self":[{"href":"https:\/\/progettotouring.it\/radiotouring104\/wp-json\/wp\/v2\/posts\/6198","targetHints":{"allow":["GET"]}}],"collection":[{"href":"https:\/\/progettotouring.it\/radiotouring104\/wp-json\/wp\/v2\/posts"}],"about":[{"href":"https:\/\/progettotouring.it\/radiotouring104\/wp-json\/wp\/v2\/types\/post"}],"author":[{"embeddable":true,"href":"https:\/\/progettotouring.it\/radiotouring104\/wp-json\/wp\/v2\/users\/5"}],"replies":[{"embeddable":true,"href":"https:\/\/progettotouring.it\/radiotouring104\/wp-json\/wp\/v2\/comments?post=6198"}],"version-history":[{"count":1,"href":"https:\/\/progettotouring.it\/radiotouring104\/wp-json\/wp\/v2\/posts\/6198\/revisions"}],"predecessor-version":[{"id":6200,"href":"https:\/\/progettotouring.it\/radiotouring104\/wp-json\/wp\/v2\/posts\/6198\/revisions\/6200"}],"wp:featuredmedia":[{"embeddable":true,"href":"https:\/\/progettotouring.it\/radiotouring104\/wp-json\/wp\/v2\/media\/6199"}],"wp:attachment":[{"href":"https:\/\/progettotouring.it\/radiotouring104\/wp-json\/wp\/v2\/media?parent=6198"}],"wp:term":[{"taxonomy":"category","embeddable":true,"href":"https:\/\/progettotouring.it\/radiotouring104\/wp-json\/wp\/v2\/categories?post=6198"},{"taxonomy":"post_tag","embeddable":true,"href":"https:\/\/progettotouring.it\/radiotouring104\/wp-json\/wp\/v2\/tags?post=6198"}],"curies":[{"name":"wp","href":"https:\/\/api.w.org\/{rel}","templated":true}]}}