{"id":62025,"date":"2024-11-22T11:51:58","date_gmt":"2024-11-22T10:51:58","guid":{"rendered":"https:\/\/progettotouring.it\/radiotouring104\/?p=62025"},"modified":"2024-11-22T11:51:58","modified_gmt":"2024-11-22T10:51:58","slug":"a-cosenza-lanteprima-del-docufilm-radici-lieviti","status":"publish","type":"post","link":"https:\/\/progettotouring.it\/radiotouring104\/2024\/11\/22\/a-cosenza-lanteprima-del-docufilm-radici-lieviti\/","title":{"rendered":"A Cosenza l&#8217;anteprima del docufilm &#8220;Radici &amp; Lieviti&#8221;"},"content":{"rendered":"<p style=\"text-align: justify\">Nella <strong>Sala degli stemmi<\/strong> della <strong>Provincia di Cosenza<\/strong> si \u00e8 tenuta l\u2019anteprima per la stampa del docufilm &#8220;<em>Radici &amp; Lieviti&#8221;<\/em> alla presenza del regista e degli attori.<\/p>\n<p style=\"text-align: justify\">Il docufilm, nato da un\u2019idea di Paolo Palma, per la regia di Luigi Grimaldi, giornalista, scrittore, autore TV, e realizzato con il contributo della Fondazione CARICAL e il sostegno della BCC Mediocrati, tratta la storia di un gruppo di ragazzi di ieri delusi ma ancora determinati, e quella di un gruppo di ragazzi di oggi che si pongono domande e cercano risposte. Partendo da sensibilit\u00e0 diverse e, a tratti, conflittuali i protagonisti finiscono per incontrarsi e unire le forze nella speranza di contribuire alla costruzione di un mondo migliore. Elementi trainanti e unificanti di questo processo sono quattro figure di spicco della storia del cattolicesimo sociale italiano: <strong>Don Dossetti, Don Mazzolari, La Pira e Don Milani. <\/strong><\/p>\n<p style=\"text-align: justify\">Nel racconto compaiono Agostino Burberi, Presidente della Fondazione Don Lorenzo Milani; il prof. Sergio Tanzarella, ordinario di Storia della Chiesa nella Facolt\u00e0 Teologica dell&#8217;Italia Meridionale; la Presidente della Fondazione La Pira, Patrizia Giunti; Paola Bignardi, gi\u00e0 presidente della Fondazione Mazzolari; assieme a personalit\u00e0 della Piccola Famiglia dell\u2019Annunziata, fondata da don Giuseppe Dossetti. Oltre a loro, molti altri, tra cui ex allievi della scuola di Barbiana e Rosy Bindi, Presidente del Comitato per il centenario milaniano, celebrato nel 2023.<\/p>\n<p style=\"text-align: justify\">Le riprese sono state girate tra Calabria, Toscana, Emilia e Lombardia. \u201cAnche con mezzi ridotti si pu\u00f2 mettere in piedi un discorso valido e credibile, seppure artigianale- ha affermato a fine proiezione il regista-speriamo-ha continuato- che questo figlio vada dappertutto e che incontri soprattutto i giovani, per ricordare loro da dove veniamo e capire insieme dove vogliamo andare\u201d.<\/p>\n<p style=\"text-align: justify\">Il Presidente dell\u2019Associazione Dossetti, Paolo Palma ha ricordato come l\u2019idea di compiere questo viaggio sia nata molto prima di quando poi si \u00e8 compiuto, nella Primavera 2023: \u201cda una visita a Dossetti ci si \u00e8 spinti al quadrilatero del cattolicesimo sociale e dal documentario si \u00e8 passati al docufilm. Dossetti, Don Milani, La pira e Don Mazzolari, tra Vangelo e Costituzione ci parlano ancora oggi, si \u00e8 voluto capire come i giovani recepiscono questi messaggi e li declinino nel loro tempo\u201d. Un tempo che urge una presa di coscienza del proprio ruolo e del proprio impegno etico e civile, perch\u00e9 il fiume parte da una goccia e il coro da una voce, queste le parole che riecheggiano assieme a molte altre dopo aver fatto questo viaggio nei luoghi e nelle testimonianze \u201ctra storia e nuove coscienze\u201d. La sera del 26 novembre prossimo al Cinema Citrigno di Cosenza la proiezione, alla presenza dei protagonisti e del regista, sar\u00e0 rivolta questa volta al grande pubblico, che si spera vorr\u00e0 cogliere numeroso l\u2019invito a prendervi parte.<\/p>\n<p>&nbsp;<\/p>\n","protected":false},"excerpt":{"rendered":"<p>Nella Sala degli stemmi della Provincia di Cosenza si \u00e8 tenuta l\u2019anteprima per la stampa del docufilm &#8220;Radici &amp; Lieviti&#8221; alla presenza del regista e degli attori. Il docufilm, nato&hellip;<\/p>\n","protected":false},"author":12,"featured_media":62029,"comment_status":"closed","ping_status":"open","sticky":false,"template":"","format":"standard","meta":{"_jetpack_memberships_contains_paid_content":false,"footnotes":"","jetpack_publicize_message":"","jetpack_publicize_feature_enabled":true,"jetpack_social_post_already_shared":false,"jetpack_social_options":{"image_generator_settings":{"template":"highway","default_image_id":0,"font":"","enabled":false},"version":2}},"categories":[142,921,196],"tags":[37956,354,37955,37957],"class_list":["post-62025","post","type-post","status-publish","format-standard","has-post-thumbnail","hentry","category-calabria","category-home","category-news","tag-anteprima","tag-cosenza","tag-docufilm-radici-lieviti","tag-sala-degli-stemmi"],"yoast_head":"<!-- This site is optimized with the Yoast SEO plugin v27.2 - https:\/\/yoast.com\/product\/yoast-seo-wordpress\/ -->\n<title>A Cosenza l&#039;anteprima del docufilm Radici &amp; Lieviti&quot;<\/title>\n<meta name=\"description\" content=\"Nella Sala degli stemmi della Provincia si \u00e8 tenuta l\u2019anteprima, alla presenza del regista e degli attori.\" \/>\n<meta name=\"robots\" content=\"index, follow, max-snippet:-1, max-image-preview:large, max-video-preview:-1\" \/>\n<link rel=\"canonical\" href=\"https:\/\/progettotouring.it\/radiotouring104\/2024\/11\/22\/a-cosenza-lanteprima-del-docufilm-radici-lieviti\/\" \/>\n<meta property=\"og:locale\" content=\"it_IT\" \/>\n<meta property=\"og:type\" content=\"article\" \/>\n<meta property=\"og:title\" content=\"A Cosenza l&#039;anteprima del docufilm Radici &amp; Lieviti&quot;\" \/>\n<meta property=\"og:description\" content=\"Nella Sala degli stemmi della Provincia si \u00e8 tenuta l\u2019anteprima, alla presenza del regista e degli attori.\" \/>\n<meta property=\"og:url\" content=\"https:\/\/progettotouring.it\/radiotouring104\/2024\/11\/22\/a-cosenza-lanteprima-del-docufilm-radici-lieviti\/\" \/>\n<meta property=\"og:site_name\" content=\"Radio Touring 104\" \/>\n<meta property=\"article:published_time\" content=\"2024-11-22T10:51:58+00:00\" \/>\n<meta property=\"og:image\" content=\"https:\/\/progettotouring.it\/radiotouring104\/wp-content\/uploads\/sites\/6\/2024\/11\/Docufilm-Radici-Lieviti-Palazzo-Provincia-di-Cosenza.jpeg\" \/>\n\t<meta property=\"og:image:width\" content=\"1536\" \/>\n\t<meta property=\"og:image:height\" content=\"1536\" \/>\n\t<meta property=\"og:image:type\" content=\"image\/jpeg\" \/>\n<meta name=\"author\" content=\"Sebastiano Plutino\" \/>\n<meta name=\"twitter:card\" content=\"summary_large_image\" \/>\n<meta name=\"twitter:label1\" content=\"Scritto da\" \/>\n\t<meta name=\"twitter:data1\" content=\"Sebastiano Plutino\" \/>\n\t<meta name=\"twitter:label2\" content=\"Tempo di lettura stimato\" \/>\n\t<meta name=\"twitter:data2\" content=\"2 minuti\" \/>\n<script type=\"application\/ld+json\" class=\"yoast-schema-graph\">{\"@context\":\"https:\/\/schema.org\",\"@graph\":[{\"@type\":\"Article\",\"@id\":\"https:\/\/progettotouring.it\/radiotouring104\/2024\/11\/22\/a-cosenza-lanteprima-del-docufilm-radici-lieviti\/#article\",\"isPartOf\":{\"@id\":\"https:\/\/progettotouring.it\/radiotouring104\/2024\/11\/22\/a-cosenza-lanteprima-del-docufilm-radici-lieviti\/\"},\"author\":{\"name\":\"Sebastiano Plutino\",\"@id\":\"https:\/\/progettotouring.it\/radiotouring104\/#\/schema\/person\/78613917f1851f041f7483f5af1d422e\"},\"headline\":\"A Cosenza l&#8217;anteprima del docufilm &#8220;Radici &amp; Lieviti&#8221;\",\"datePublished\":\"2024-11-22T10:51:58+00:00\",\"mainEntityOfPage\":{\"@id\":\"https:\/\/progettotouring.it\/radiotouring104\/2024\/11\/22\/a-cosenza-lanteprima-del-docufilm-radici-lieviti\/\"},\"wordCount\":459,\"publisher\":{\"@id\":\"https:\/\/progettotouring.it\/radiotouring104\/#organization\"},\"image\":{\"@id\":\"https:\/\/progettotouring.it\/radiotouring104\/2024\/11\/22\/a-cosenza-lanteprima-del-docufilm-radici-lieviti\/#primaryimage\"},\"thumbnailUrl\":\"https:\/\/progettotouring.it\/radiotouring104\/wp-content\/uploads\/sites\/6\/2024\/11\/Docufilm-Radici-Lieviti-Palazzo-Provincia-di-Cosenza.jpeg\",\"keywords\":[\"anteprima\",\"Cosenza\",\"docufilm \\\"Radici &amp; Lieviti\\\"\",\"Sala degli stemmi\"],\"articleSection\":[\"Calabria\",\"Home\",\"News\"],\"inLanguage\":\"it-IT\"},{\"@type\":\"WebPage\",\"@id\":\"https:\/\/progettotouring.it\/radiotouring104\/2024\/11\/22\/a-cosenza-lanteprima-del-docufilm-radici-lieviti\/\",\"url\":\"https:\/\/progettotouring.it\/radiotouring104\/2024\/11\/22\/a-cosenza-lanteprima-del-docufilm-radici-lieviti\/\",\"name\":\"A Cosenza l'anteprima del docufilm Radici & Lieviti\\\"\",\"isPartOf\":{\"@id\":\"https:\/\/progettotouring.it\/radiotouring104\/#website\"},\"primaryImageOfPage\":{\"@id\":\"https:\/\/progettotouring.it\/radiotouring104\/2024\/11\/22\/a-cosenza-lanteprima-del-docufilm-radici-lieviti\/#primaryimage\"},\"image\":{\"@id\":\"https:\/\/progettotouring.it\/radiotouring104\/2024\/11\/22\/a-cosenza-lanteprima-del-docufilm-radici-lieviti\/#primaryimage\"},\"thumbnailUrl\":\"https:\/\/progettotouring.it\/radiotouring104\/wp-content\/uploads\/sites\/6\/2024\/11\/Docufilm-Radici-Lieviti-Palazzo-Provincia-di-Cosenza.jpeg\",\"datePublished\":\"2024-11-22T10:51:58+00:00\",\"description\":\"Nella Sala degli stemmi della Provincia si \u00e8 tenuta l\u2019anteprima, alla presenza del regista e degli attori.\",\"breadcrumb\":{\"@id\":\"https:\/\/progettotouring.it\/radiotouring104\/2024\/11\/22\/a-cosenza-lanteprima-del-docufilm-radici-lieviti\/#breadcrumb\"},\"inLanguage\":\"it-IT\",\"potentialAction\":[{\"@type\":\"ReadAction\",\"target\":[\"https:\/\/progettotouring.it\/radiotouring104\/2024\/11\/22\/a-cosenza-lanteprima-del-docufilm-radici-lieviti\/\"]}]},{\"@type\":\"ImageObject\",\"inLanguage\":\"it-IT\",\"@id\":\"https:\/\/progettotouring.it\/radiotouring104\/2024\/11\/22\/a-cosenza-lanteprima-del-docufilm-radici-lieviti\/#primaryimage\",\"url\":\"https:\/\/progettotouring.it\/radiotouring104\/wp-content\/uploads\/sites\/6\/2024\/11\/Docufilm-Radici-Lieviti-Palazzo-Provincia-di-Cosenza.jpeg\",\"contentUrl\":\"https:\/\/progettotouring.it\/radiotouring104\/wp-content\/uploads\/sites\/6\/2024\/11\/Docufilm-Radici-Lieviti-Palazzo-Provincia-di-Cosenza.jpeg\",\"width\":1536,\"height\":1536},{\"@type\":\"BreadcrumbList\",\"@id\":\"https:\/\/progettotouring.it\/radiotouring104\/2024\/11\/22\/a-cosenza-lanteprima-del-docufilm-radici-lieviti\/#breadcrumb\",\"itemListElement\":[{\"@type\":\"ListItem\",\"position\":1,\"name\":\"Home\",\"item\":\"https:\/\/progettotouring.it\/radiotouring104\/\"},{\"@type\":\"ListItem\",\"position\":2,\"name\":\"A Cosenza l&#8217;anteprima del docufilm &#8220;Radici &amp; Lieviti&#8221;\"}]},{\"@type\":\"WebSite\",\"@id\":\"https:\/\/progettotouring.it\/radiotouring104\/#website\",\"url\":\"https:\/\/progettotouring.it\/radiotouring104\/\",\"name\":\"Radio Touring 104\",\"description\":\"La prima radio Reggina\",\"publisher\":{\"@id\":\"https:\/\/progettotouring.it\/radiotouring104\/#organization\"},\"potentialAction\":[{\"@type\":\"SearchAction\",\"target\":{\"@type\":\"EntryPoint\",\"urlTemplate\":\"https:\/\/progettotouring.it\/radiotouring104\/?s={search_term_string}\"},\"query-input\":{\"@type\":\"PropertyValueSpecification\",\"valueRequired\":true,\"valueName\":\"search_term_string\"}}],\"inLanguage\":\"it-IT\"},{\"@type\":\"Organization\",\"@id\":\"https:\/\/progettotouring.it\/radiotouring104\/#organization\",\"name\":\"Radio Touring 104\",\"url\":\"https:\/\/progettotouring.it\/radiotouring104\/\",\"logo\":{\"@type\":\"ImageObject\",\"inLanguage\":\"it-IT\",\"@id\":\"https:\/\/progettotouring.it\/radiotouring104\/#\/schema\/logo\/image\/\",\"url\":\"https:\/\/progettotouring.it\/radiotouring104\/wp-content\/uploads\/sites\/6\/2022\/02\/cropped-logo-radio-touring-104.png\",\"contentUrl\":\"https:\/\/progettotouring.it\/radiotouring104\/wp-content\/uploads\/sites\/6\/2022\/02\/cropped-logo-radio-touring-104.png\",\"width\":377,\"height\":182,\"caption\":\"Radio Touring 104\"},\"image\":{\"@id\":\"https:\/\/progettotouring.it\/radiotouring104\/#\/schema\/logo\/image\/\"}},{\"@type\":\"Person\",\"@id\":\"https:\/\/progettotouring.it\/radiotouring104\/#\/schema\/person\/78613917f1851f041f7483f5af1d422e\",\"name\":\"Sebastiano Plutino\",\"image\":{\"@type\":\"ImageObject\",\"inLanguage\":\"it-IT\",\"@id\":\"https:\/\/secure.gravatar.com\/avatar\/0546ffaa9b79224faf9f2a156b67a529ae861d3287c66c1d8ccfdf909bcba78d?s=96&d=mm&r=g\",\"url\":\"https:\/\/secure.gravatar.com\/avatar\/0546ffaa9b79224faf9f2a156b67a529ae861d3287c66c1d8ccfdf909bcba78d?s=96&d=mm&r=g\",\"contentUrl\":\"https:\/\/secure.gravatar.com\/avatar\/0546ffaa9b79224faf9f2a156b67a529ae861d3287c66c1d8ccfdf909bcba78d?s=96&d=mm&r=g\",\"caption\":\"Sebastiano Plutino\"},\"url\":\"https:\/\/progettotouring.it\/radiotouring104\/author\/sebastiano\/\"}]}<\/script>\n<!-- \/ Yoast SEO plugin. -->","yoast_head_json":{"title":"A Cosenza l'anteprima del docufilm Radici & Lieviti\"","description":"Nella Sala degli stemmi della Provincia si \u00e8 tenuta l\u2019anteprima, alla presenza del regista e degli attori.","robots":{"index":"index","follow":"follow","max-snippet":"max-snippet:-1","max-image-preview":"max-image-preview:large","max-video-preview":"max-video-preview:-1"},"canonical":"https:\/\/progettotouring.it\/radiotouring104\/2024\/11\/22\/a-cosenza-lanteprima-del-docufilm-radici-lieviti\/","og_locale":"it_IT","og_type":"article","og_title":"A Cosenza l'anteprima del docufilm Radici & Lieviti\"","og_description":"Nella Sala degli stemmi della Provincia si \u00e8 tenuta l\u2019anteprima, alla presenza del regista e degli attori.","og_url":"https:\/\/progettotouring.it\/radiotouring104\/2024\/11\/22\/a-cosenza-lanteprima-del-docufilm-radici-lieviti\/","og_site_name":"Radio Touring 104","article_published_time":"2024-11-22T10:51:58+00:00","og_image":[{"width":1536,"height":1536,"url":"https:\/\/progettotouring.it\/radiotouring104\/wp-content\/uploads\/sites\/6\/2024\/11\/Docufilm-Radici-Lieviti-Palazzo-Provincia-di-Cosenza.jpeg","type":"image\/jpeg"}],"author":"Sebastiano Plutino","twitter_card":"summary_large_image","twitter_misc":{"Scritto da":"Sebastiano Plutino","Tempo di lettura stimato":"2 minuti"},"schema":{"@context":"https:\/\/schema.org","@graph":[{"@type":"Article","@id":"https:\/\/progettotouring.it\/radiotouring104\/2024\/11\/22\/a-cosenza-lanteprima-del-docufilm-radici-lieviti\/#article","isPartOf":{"@id":"https:\/\/progettotouring.it\/radiotouring104\/2024\/11\/22\/a-cosenza-lanteprima-del-docufilm-radici-lieviti\/"},"author":{"name":"Sebastiano Plutino","@id":"https:\/\/progettotouring.it\/radiotouring104\/#\/schema\/person\/78613917f1851f041f7483f5af1d422e"},"headline":"A Cosenza l&#8217;anteprima del docufilm &#8220;Radici &amp; Lieviti&#8221;","datePublished":"2024-11-22T10:51:58+00:00","mainEntityOfPage":{"@id":"https:\/\/progettotouring.it\/radiotouring104\/2024\/11\/22\/a-cosenza-lanteprima-del-docufilm-radici-lieviti\/"},"wordCount":459,"publisher":{"@id":"https:\/\/progettotouring.it\/radiotouring104\/#organization"},"image":{"@id":"https:\/\/progettotouring.it\/radiotouring104\/2024\/11\/22\/a-cosenza-lanteprima-del-docufilm-radici-lieviti\/#primaryimage"},"thumbnailUrl":"https:\/\/progettotouring.it\/radiotouring104\/wp-content\/uploads\/sites\/6\/2024\/11\/Docufilm-Radici-Lieviti-Palazzo-Provincia-di-Cosenza.jpeg","keywords":["anteprima","Cosenza","docufilm \"Radici &amp; Lieviti\"","Sala degli stemmi"],"articleSection":["Calabria","Home","News"],"inLanguage":"it-IT"},{"@type":"WebPage","@id":"https:\/\/progettotouring.it\/radiotouring104\/2024\/11\/22\/a-cosenza-lanteprima-del-docufilm-radici-lieviti\/","url":"https:\/\/progettotouring.it\/radiotouring104\/2024\/11\/22\/a-cosenza-lanteprima-del-docufilm-radici-lieviti\/","name":"A Cosenza l'anteprima del docufilm Radici & Lieviti\"","isPartOf":{"@id":"https:\/\/progettotouring.it\/radiotouring104\/#website"},"primaryImageOfPage":{"@id":"https:\/\/progettotouring.it\/radiotouring104\/2024\/11\/22\/a-cosenza-lanteprima-del-docufilm-radici-lieviti\/#primaryimage"},"image":{"@id":"https:\/\/progettotouring.it\/radiotouring104\/2024\/11\/22\/a-cosenza-lanteprima-del-docufilm-radici-lieviti\/#primaryimage"},"thumbnailUrl":"https:\/\/progettotouring.it\/radiotouring104\/wp-content\/uploads\/sites\/6\/2024\/11\/Docufilm-Radici-Lieviti-Palazzo-Provincia-di-Cosenza.jpeg","datePublished":"2024-11-22T10:51:58+00:00","description":"Nella Sala degli stemmi della Provincia si \u00e8 tenuta l\u2019anteprima, alla presenza del regista e degli attori.","breadcrumb":{"@id":"https:\/\/progettotouring.it\/radiotouring104\/2024\/11\/22\/a-cosenza-lanteprima-del-docufilm-radici-lieviti\/#breadcrumb"},"inLanguage":"it-IT","potentialAction":[{"@type":"ReadAction","target":["https:\/\/progettotouring.it\/radiotouring104\/2024\/11\/22\/a-cosenza-lanteprima-del-docufilm-radici-lieviti\/"]}]},{"@type":"ImageObject","inLanguage":"it-IT","@id":"https:\/\/progettotouring.it\/radiotouring104\/2024\/11\/22\/a-cosenza-lanteprima-del-docufilm-radici-lieviti\/#primaryimage","url":"https:\/\/progettotouring.it\/radiotouring104\/wp-content\/uploads\/sites\/6\/2024\/11\/Docufilm-Radici-Lieviti-Palazzo-Provincia-di-Cosenza.jpeg","contentUrl":"https:\/\/progettotouring.it\/radiotouring104\/wp-content\/uploads\/sites\/6\/2024\/11\/Docufilm-Radici-Lieviti-Palazzo-Provincia-di-Cosenza.jpeg","width":1536,"height":1536},{"@type":"BreadcrumbList","@id":"https:\/\/progettotouring.it\/radiotouring104\/2024\/11\/22\/a-cosenza-lanteprima-del-docufilm-radici-lieviti\/#breadcrumb","itemListElement":[{"@type":"ListItem","position":1,"name":"Home","item":"https:\/\/progettotouring.it\/radiotouring104\/"},{"@type":"ListItem","position":2,"name":"A Cosenza l&#8217;anteprima del docufilm &#8220;Radici &amp; Lieviti&#8221;"}]},{"@type":"WebSite","@id":"https:\/\/progettotouring.it\/radiotouring104\/#website","url":"https:\/\/progettotouring.it\/radiotouring104\/","name":"Radio Touring 104","description":"La prima radio Reggina","publisher":{"@id":"https:\/\/progettotouring.it\/radiotouring104\/#organization"},"potentialAction":[{"@type":"SearchAction","target":{"@type":"EntryPoint","urlTemplate":"https:\/\/progettotouring.it\/radiotouring104\/?s={search_term_string}"},"query-input":{"@type":"PropertyValueSpecification","valueRequired":true,"valueName":"search_term_string"}}],"inLanguage":"it-IT"},{"@type":"Organization","@id":"https:\/\/progettotouring.it\/radiotouring104\/#organization","name":"Radio Touring 104","url":"https:\/\/progettotouring.it\/radiotouring104\/","logo":{"@type":"ImageObject","inLanguage":"it-IT","@id":"https:\/\/progettotouring.it\/radiotouring104\/#\/schema\/logo\/image\/","url":"https:\/\/progettotouring.it\/radiotouring104\/wp-content\/uploads\/sites\/6\/2022\/02\/cropped-logo-radio-touring-104.png","contentUrl":"https:\/\/progettotouring.it\/radiotouring104\/wp-content\/uploads\/sites\/6\/2022\/02\/cropped-logo-radio-touring-104.png","width":377,"height":182,"caption":"Radio Touring 104"},"image":{"@id":"https:\/\/progettotouring.it\/radiotouring104\/#\/schema\/logo\/image\/"}},{"@type":"Person","@id":"https:\/\/progettotouring.it\/radiotouring104\/#\/schema\/person\/78613917f1851f041f7483f5af1d422e","name":"Sebastiano Plutino","image":{"@type":"ImageObject","inLanguage":"it-IT","@id":"https:\/\/secure.gravatar.com\/avatar\/0546ffaa9b79224faf9f2a156b67a529ae861d3287c66c1d8ccfdf909bcba78d?s=96&d=mm&r=g","url":"https:\/\/secure.gravatar.com\/avatar\/0546ffaa9b79224faf9f2a156b67a529ae861d3287c66c1d8ccfdf909bcba78d?s=96&d=mm&r=g","contentUrl":"https:\/\/secure.gravatar.com\/avatar\/0546ffaa9b79224faf9f2a156b67a529ae861d3287c66c1d8ccfdf909bcba78d?s=96&d=mm&r=g","caption":"Sebastiano Plutino"},"url":"https:\/\/progettotouring.it\/radiotouring104\/author\/sebastiano\/"}]}},"jetpack_publicize_connections":[],"jetpack_featured_media_url":"https:\/\/progettotouring.it\/radiotouring104\/wp-content\/uploads\/sites\/6\/2024\/11\/Docufilm-Radici-Lieviti-Palazzo-Provincia-di-Cosenza.jpeg","jetpack_sharing_enabled":true,"_links":{"self":[{"href":"https:\/\/progettotouring.it\/radiotouring104\/wp-json\/wp\/v2\/posts\/62025","targetHints":{"allow":["GET"]}}],"collection":[{"href":"https:\/\/progettotouring.it\/radiotouring104\/wp-json\/wp\/v2\/posts"}],"about":[{"href":"https:\/\/progettotouring.it\/radiotouring104\/wp-json\/wp\/v2\/types\/post"}],"author":[{"embeddable":true,"href":"https:\/\/progettotouring.it\/radiotouring104\/wp-json\/wp\/v2\/users\/12"}],"replies":[{"embeddable":true,"href":"https:\/\/progettotouring.it\/radiotouring104\/wp-json\/wp\/v2\/comments?post=62025"}],"version-history":[{"count":1,"href":"https:\/\/progettotouring.it\/radiotouring104\/wp-json\/wp\/v2\/posts\/62025\/revisions"}],"predecessor-version":[{"id":62030,"href":"https:\/\/progettotouring.it\/radiotouring104\/wp-json\/wp\/v2\/posts\/62025\/revisions\/62030"}],"wp:featuredmedia":[{"embeddable":true,"href":"https:\/\/progettotouring.it\/radiotouring104\/wp-json\/wp\/v2\/media\/62029"}],"wp:attachment":[{"href":"https:\/\/progettotouring.it\/radiotouring104\/wp-json\/wp\/v2\/media?parent=62025"}],"wp:term":[{"taxonomy":"category","embeddable":true,"href":"https:\/\/progettotouring.it\/radiotouring104\/wp-json\/wp\/v2\/categories?post=62025"},{"taxonomy":"post_tag","embeddable":true,"href":"https:\/\/progettotouring.it\/radiotouring104\/wp-json\/wp\/v2\/tags?post=62025"}],"curies":[{"name":"wp","href":"https:\/\/api.w.org\/{rel}","templated":true}]}}