{"id":62069,"date":"2024-11-22T21:10:44","date_gmt":"2024-11-22T20:10:44","guid":{"rendered":"https:\/\/progettotouring.it\/radiotouring104\/?p=62069"},"modified":"2024-11-22T21:10:44","modified_gmt":"2024-11-22T20:10:44","slug":"pallacanestro-viola-ridotta-la-squalifica-del-palacalafiore","status":"publish","type":"post","link":"https:\/\/progettotouring.it\/radiotouring104\/2024\/11\/22\/pallacanestro-viola-ridotta-la-squalifica-del-palacalafiore\/","title":{"rendered":"Pallacanestro Viola, ridotta la squalifica del PalaCalafiore"},"content":{"rendered":"<p>E&#8217; stata ridotta la squalifica del Palacalafiore da 4 a 2 giornate mentre il cestista Nikola Ivanaj ha avuto una riduzione di una delle due giornate ricevute.<\/p>\n<p>Cos\u00ec il sindaco Falcomat\u00e0 commenta:<\/p>\n<p dir=\"ltr\">\u201cCi si poteva certamente aspettare di meglio, anche riformulata la sanzione contro la Pallacanestro Viola per quanto ci riguarda resta ingiusta e iniqua\u201d.<\/p>\n<p dir=\"ltr\">\u201cLa circostanza che la penalit\u00e0 sia stata dimezzata &#8211; continua il sindaco &#8211; seppur positiva, non risarcisce una societ\u00e0 risultata oltremodo danneggiata per fatti e vicende dalle quali risulta totalmente estranea. Ecco perch\u00e9 non possiamo ritenerci soddisfatti pur riconoscendo, comunque, come il secondo grado di giudizio abbia valutato l\u2019abnormit\u00e0 della prima pronuncia, eccessivamente penalizzante per la compagine di Reggio Calabria e per i suoi tifosi\u201d.<\/p>\n<p dir=\"ltr\">\u201cAd ogni modo &#8211; ha proseguito &#8211; la possibilit\u00e0 di disputare, seppur a porte chiuse, il prossimo incontro a Pentimele evita, oltre il danno, anche un\u2019ulteriore beffa alla societ\u00e0 reggina. Siamo certi, tuttavia, che niente e nessuno potr\u00e0 fermare la cavalcata dei ragazzi di coach Cadeo che, sin qui, stanno disputando una stagione da incorniciare che sta facendo battere il cuore dei reggini innamorati della palla a spicchi\u201d.<\/p>\n<p>&nbsp;<\/p>\n<p dir=\"ltr\">\u201c<\/p>\n","protected":false},"excerpt":{"rendered":"<p>E&#8217; stata ridotta la squalifica del Palacalafiore da 4 a 2 giornate mentre il cestista Nikola Ivanaj ha avuto una riduzione di una delle due giornate ricevute. Cos\u00ec il sindaco&hellip;<\/p>\n","protected":false},"author":19,"featured_media":56285,"comment_status":"closed","ping_status":"open","sticky":false,"template":"","format":"standard","meta":{"_jetpack_memberships_contains_paid_content":false,"footnotes":"","jetpack_publicize_message":"","jetpack_publicize_feature_enabled":true,"jetpack_social_post_already_shared":false,"jetpack_social_options":{"image_generator_settings":{"template":"highway","default_image_id":0,"font":"","enabled":false},"version":2}},"categories":[196,140,144],"tags":[],"class_list":["post-62069","post","type-post","status-publish","format-standard","has-post-thumbnail","hentry","category-news","category-reggio-calabria","category-sport"],"yoast_head":"<!-- This site is optimized with the Yoast SEO plugin v27.2 - https:\/\/yoast.com\/product\/yoast-seo-wordpress\/ -->\n<title>Pallacanestro Viola, ridotta la squalifica del PalaCalafiore - Radio Touring 104<\/title>\n<meta name=\"description\" content=\"A seguito del ricorso presentato dalla societ\u00e0 neroarancio la squalifica \u00e8 stata ridotta da 4 a 2 giornate e da 2 a 1 quella per il cestista Nikola Ivanaj\" \/>\n<meta name=\"robots\" content=\"index, follow, max-snippet:-1, max-image-preview:large, max-video-preview:-1\" \/>\n<link rel=\"canonical\" href=\"https:\/\/progettotouring.it\/radiotouring104\/2024\/11\/22\/pallacanestro-viola-ridotta-la-squalifica-del-palacalafiore\/\" \/>\n<meta property=\"og:locale\" content=\"it_IT\" \/>\n<meta property=\"og:type\" content=\"article\" \/>\n<meta property=\"og:title\" content=\"Pallacanestro Viola, ridotta la squalifica del PalaCalafiore - Radio Touring 104\" \/>\n<meta property=\"og:description\" content=\"A seguito del ricorso presentato dalla societ\u00e0 neroarancio la squalifica \u00e8 stata ridotta da 4 a 2 giornate e da 2 a 1 quella per il cestista Nikola Ivanaj\" \/>\n<meta property=\"og:url\" content=\"https:\/\/progettotouring.it\/radiotouring104\/2024\/11\/22\/pallacanestro-viola-ridotta-la-squalifica-del-palacalafiore\/\" \/>\n<meta property=\"og:site_name\" content=\"Radio Touring 104\" \/>\n<meta property=\"article:published_time\" content=\"2024-11-22T20:10:44+00:00\" \/>\n<meta property=\"og:image\" content=\"https:\/\/progettotouring.it\/radiotouring104\/wp-content\/uploads\/sites\/6\/2024\/08\/Curva-tifosi-Viola.jpg\" \/>\n\t<meta property=\"og:image:width\" content=\"300\" \/>\n\t<meta property=\"og:image:height\" content=\"169\" \/>\n\t<meta property=\"og:image:type\" content=\"image\/jpeg\" \/>\n<meta name=\"author\" content=\"S L\" \/>\n<meta name=\"twitter:card\" content=\"summary_large_image\" \/>\n<meta name=\"twitter:label1\" content=\"Scritto da\" \/>\n\t<meta name=\"twitter:data1\" content=\"S L\" \/>\n\t<meta name=\"twitter:label2\" content=\"Tempo di lettura stimato\" \/>\n\t<meta name=\"twitter:data2\" content=\"1 minuto\" \/>\n<script type=\"application\/ld+json\" class=\"yoast-schema-graph\">{\"@context\":\"https:\/\/schema.org\",\"@graph\":[{\"@type\":\"Article\",\"@id\":\"https:\/\/progettotouring.it\/radiotouring104\/2024\/11\/22\/pallacanestro-viola-ridotta-la-squalifica-del-palacalafiore\/#article\",\"isPartOf\":{\"@id\":\"https:\/\/progettotouring.it\/radiotouring104\/2024\/11\/22\/pallacanestro-viola-ridotta-la-squalifica-del-palacalafiore\/\"},\"author\":{\"name\":\"S L\",\"@id\":\"https:\/\/progettotouring.it\/radiotouring104\/#\/schema\/person\/b9f9c3730b0a78814c9b9f3bfc52c619\"},\"headline\":\"Pallacanestro Viola, ridotta la squalifica del PalaCalafiore\",\"datePublished\":\"2024-11-22T20:10:44+00:00\",\"mainEntityOfPage\":{\"@id\":\"https:\/\/progettotouring.it\/radiotouring104\/2024\/11\/22\/pallacanestro-viola-ridotta-la-squalifica-del-palacalafiore\/\"},\"wordCount\":196,\"publisher\":{\"@id\":\"https:\/\/progettotouring.it\/radiotouring104\/#organization\"},\"image\":{\"@id\":\"https:\/\/progettotouring.it\/radiotouring104\/2024\/11\/22\/pallacanestro-viola-ridotta-la-squalifica-del-palacalafiore\/#primaryimage\"},\"thumbnailUrl\":\"https:\/\/progettotouring.it\/radiotouring104\/wp-content\/uploads\/sites\/6\/2024\/08\/Curva-tifosi-Viola.jpg\",\"articleSection\":[\"News\",\"Reggio Calabria\",\"Sport\"],\"inLanguage\":\"it-IT\"},{\"@type\":\"WebPage\",\"@id\":\"https:\/\/progettotouring.it\/radiotouring104\/2024\/11\/22\/pallacanestro-viola-ridotta-la-squalifica-del-palacalafiore\/\",\"url\":\"https:\/\/progettotouring.it\/radiotouring104\/2024\/11\/22\/pallacanestro-viola-ridotta-la-squalifica-del-palacalafiore\/\",\"name\":\"Pallacanestro Viola, ridotta la squalifica del PalaCalafiore - Radio Touring 104\",\"isPartOf\":{\"@id\":\"https:\/\/progettotouring.it\/radiotouring104\/#website\"},\"primaryImageOfPage\":{\"@id\":\"https:\/\/progettotouring.it\/radiotouring104\/2024\/11\/22\/pallacanestro-viola-ridotta-la-squalifica-del-palacalafiore\/#primaryimage\"},\"image\":{\"@id\":\"https:\/\/progettotouring.it\/radiotouring104\/2024\/11\/22\/pallacanestro-viola-ridotta-la-squalifica-del-palacalafiore\/#primaryimage\"},\"thumbnailUrl\":\"https:\/\/progettotouring.it\/radiotouring104\/wp-content\/uploads\/sites\/6\/2024\/08\/Curva-tifosi-Viola.jpg\",\"datePublished\":\"2024-11-22T20:10:44+00:00\",\"description\":\"A seguito del ricorso presentato dalla societ\u00e0 neroarancio la squalifica \u00e8 stata ridotta da 4 a 2 giornate e da 2 a 1 quella per il cestista Nikola Ivanaj\",\"breadcrumb\":{\"@id\":\"https:\/\/progettotouring.it\/radiotouring104\/2024\/11\/22\/pallacanestro-viola-ridotta-la-squalifica-del-palacalafiore\/#breadcrumb\"},\"inLanguage\":\"it-IT\",\"potentialAction\":[{\"@type\":\"ReadAction\",\"target\":[\"https:\/\/progettotouring.it\/radiotouring104\/2024\/11\/22\/pallacanestro-viola-ridotta-la-squalifica-del-palacalafiore\/\"]}]},{\"@type\":\"ImageObject\",\"inLanguage\":\"it-IT\",\"@id\":\"https:\/\/progettotouring.it\/radiotouring104\/2024\/11\/22\/pallacanestro-viola-ridotta-la-squalifica-del-palacalafiore\/#primaryimage\",\"url\":\"https:\/\/progettotouring.it\/radiotouring104\/wp-content\/uploads\/sites\/6\/2024\/08\/Curva-tifosi-Viola.jpg\",\"contentUrl\":\"https:\/\/progettotouring.it\/radiotouring104\/wp-content\/uploads\/sites\/6\/2024\/08\/Curva-tifosi-Viola.jpg\",\"width\":300,\"height\":169},{\"@type\":\"BreadcrumbList\",\"@id\":\"https:\/\/progettotouring.it\/radiotouring104\/2024\/11\/22\/pallacanestro-viola-ridotta-la-squalifica-del-palacalafiore\/#breadcrumb\",\"itemListElement\":[{\"@type\":\"ListItem\",\"position\":1,\"name\":\"Home\",\"item\":\"https:\/\/progettotouring.it\/radiotouring104\/\"},{\"@type\":\"ListItem\",\"position\":2,\"name\":\"Pallacanestro Viola, ridotta la squalifica del PalaCalafiore\"}]},{\"@type\":\"WebSite\",\"@id\":\"https:\/\/progettotouring.it\/radiotouring104\/#website\",\"url\":\"https:\/\/progettotouring.it\/radiotouring104\/\",\"name\":\"Radio Touring 104\",\"description\":\"La prima radio Reggina\",\"publisher\":{\"@id\":\"https:\/\/progettotouring.it\/radiotouring104\/#organization\"},\"potentialAction\":[{\"@type\":\"SearchAction\",\"target\":{\"@type\":\"EntryPoint\",\"urlTemplate\":\"https:\/\/progettotouring.it\/radiotouring104\/?s={search_term_string}\"},\"query-input\":{\"@type\":\"PropertyValueSpecification\",\"valueRequired\":true,\"valueName\":\"search_term_string\"}}],\"inLanguage\":\"it-IT\"},{\"@type\":\"Organization\",\"@id\":\"https:\/\/progettotouring.it\/radiotouring104\/#organization\",\"name\":\"Radio Touring 104\",\"url\":\"https:\/\/progettotouring.it\/radiotouring104\/\",\"logo\":{\"@type\":\"ImageObject\",\"inLanguage\":\"it-IT\",\"@id\":\"https:\/\/progettotouring.it\/radiotouring104\/#\/schema\/logo\/image\/\",\"url\":\"https:\/\/progettotouring.it\/radiotouring104\/wp-content\/uploads\/sites\/6\/2022\/02\/cropped-logo-radio-touring-104.png\",\"contentUrl\":\"https:\/\/progettotouring.it\/radiotouring104\/wp-content\/uploads\/sites\/6\/2022\/02\/cropped-logo-radio-touring-104.png\",\"width\":377,\"height\":182,\"caption\":\"Radio Touring 104\"},\"image\":{\"@id\":\"https:\/\/progettotouring.it\/radiotouring104\/#\/schema\/logo\/image\/\"}},{\"@type\":\"Person\",\"@id\":\"https:\/\/progettotouring.it\/radiotouring104\/#\/schema\/person\/b9f9c3730b0a78814c9b9f3bfc52c619\",\"name\":\"S L\",\"image\":{\"@type\":\"ImageObject\",\"inLanguage\":\"it-IT\",\"@id\":\"https:\/\/secure.gravatar.com\/avatar\/652c51789d7030aaed9ff828331360502a68204fe6fb0831bc280515210e16d2?s=96&d=mm&r=g\",\"url\":\"https:\/\/secure.gravatar.com\/avatar\/652c51789d7030aaed9ff828331360502a68204fe6fb0831bc280515210e16d2?s=96&d=mm&r=g\",\"contentUrl\":\"https:\/\/secure.gravatar.com\/avatar\/652c51789d7030aaed9ff828331360502a68204fe6fb0831bc280515210e16d2?s=96&d=mm&r=g\",\"caption\":\"S L\"},\"url\":\"https:\/\/progettotouring.it\/radiotouring104\/author\/slibri\/\"}]}<\/script>\n<!-- \/ Yoast SEO plugin. -->","yoast_head_json":{"title":"Pallacanestro Viola, ridotta la squalifica del PalaCalafiore - Radio Touring 104","description":"A seguito del ricorso presentato dalla societ\u00e0 neroarancio la squalifica \u00e8 stata ridotta da 4 a 2 giornate e da 2 a 1 quella per il cestista Nikola Ivanaj","robots":{"index":"index","follow":"follow","max-snippet":"max-snippet:-1","max-image-preview":"max-image-preview:large","max-video-preview":"max-video-preview:-1"},"canonical":"https:\/\/progettotouring.it\/radiotouring104\/2024\/11\/22\/pallacanestro-viola-ridotta-la-squalifica-del-palacalafiore\/","og_locale":"it_IT","og_type":"article","og_title":"Pallacanestro Viola, ridotta la squalifica del PalaCalafiore - Radio Touring 104","og_description":"A seguito del ricorso presentato dalla societ\u00e0 neroarancio la squalifica \u00e8 stata ridotta da 4 a 2 giornate e da 2 a 1 quella per il cestista Nikola Ivanaj","og_url":"https:\/\/progettotouring.it\/radiotouring104\/2024\/11\/22\/pallacanestro-viola-ridotta-la-squalifica-del-palacalafiore\/","og_site_name":"Radio Touring 104","article_published_time":"2024-11-22T20:10:44+00:00","og_image":[{"width":300,"height":169,"url":"https:\/\/progettotouring.it\/radiotouring104\/wp-content\/uploads\/sites\/6\/2024\/08\/Curva-tifosi-Viola.jpg","type":"image\/jpeg"}],"author":"S L","twitter_card":"summary_large_image","twitter_misc":{"Scritto da":"S L","Tempo di lettura stimato":"1 minuto"},"schema":{"@context":"https:\/\/schema.org","@graph":[{"@type":"Article","@id":"https:\/\/progettotouring.it\/radiotouring104\/2024\/11\/22\/pallacanestro-viola-ridotta-la-squalifica-del-palacalafiore\/#article","isPartOf":{"@id":"https:\/\/progettotouring.it\/radiotouring104\/2024\/11\/22\/pallacanestro-viola-ridotta-la-squalifica-del-palacalafiore\/"},"author":{"name":"S L","@id":"https:\/\/progettotouring.it\/radiotouring104\/#\/schema\/person\/b9f9c3730b0a78814c9b9f3bfc52c619"},"headline":"Pallacanestro Viola, ridotta la squalifica del PalaCalafiore","datePublished":"2024-11-22T20:10:44+00:00","mainEntityOfPage":{"@id":"https:\/\/progettotouring.it\/radiotouring104\/2024\/11\/22\/pallacanestro-viola-ridotta-la-squalifica-del-palacalafiore\/"},"wordCount":196,"publisher":{"@id":"https:\/\/progettotouring.it\/radiotouring104\/#organization"},"image":{"@id":"https:\/\/progettotouring.it\/radiotouring104\/2024\/11\/22\/pallacanestro-viola-ridotta-la-squalifica-del-palacalafiore\/#primaryimage"},"thumbnailUrl":"https:\/\/progettotouring.it\/radiotouring104\/wp-content\/uploads\/sites\/6\/2024\/08\/Curva-tifosi-Viola.jpg","articleSection":["News","Reggio Calabria","Sport"],"inLanguage":"it-IT"},{"@type":"WebPage","@id":"https:\/\/progettotouring.it\/radiotouring104\/2024\/11\/22\/pallacanestro-viola-ridotta-la-squalifica-del-palacalafiore\/","url":"https:\/\/progettotouring.it\/radiotouring104\/2024\/11\/22\/pallacanestro-viola-ridotta-la-squalifica-del-palacalafiore\/","name":"Pallacanestro Viola, ridotta la squalifica del PalaCalafiore - Radio Touring 104","isPartOf":{"@id":"https:\/\/progettotouring.it\/radiotouring104\/#website"},"primaryImageOfPage":{"@id":"https:\/\/progettotouring.it\/radiotouring104\/2024\/11\/22\/pallacanestro-viola-ridotta-la-squalifica-del-palacalafiore\/#primaryimage"},"image":{"@id":"https:\/\/progettotouring.it\/radiotouring104\/2024\/11\/22\/pallacanestro-viola-ridotta-la-squalifica-del-palacalafiore\/#primaryimage"},"thumbnailUrl":"https:\/\/progettotouring.it\/radiotouring104\/wp-content\/uploads\/sites\/6\/2024\/08\/Curva-tifosi-Viola.jpg","datePublished":"2024-11-22T20:10:44+00:00","description":"A seguito del ricorso presentato dalla societ\u00e0 neroarancio la squalifica \u00e8 stata ridotta da 4 a 2 giornate e da 2 a 1 quella per il cestista Nikola Ivanaj","breadcrumb":{"@id":"https:\/\/progettotouring.it\/radiotouring104\/2024\/11\/22\/pallacanestro-viola-ridotta-la-squalifica-del-palacalafiore\/#breadcrumb"},"inLanguage":"it-IT","potentialAction":[{"@type":"ReadAction","target":["https:\/\/progettotouring.it\/radiotouring104\/2024\/11\/22\/pallacanestro-viola-ridotta-la-squalifica-del-palacalafiore\/"]}]},{"@type":"ImageObject","inLanguage":"it-IT","@id":"https:\/\/progettotouring.it\/radiotouring104\/2024\/11\/22\/pallacanestro-viola-ridotta-la-squalifica-del-palacalafiore\/#primaryimage","url":"https:\/\/progettotouring.it\/radiotouring104\/wp-content\/uploads\/sites\/6\/2024\/08\/Curva-tifosi-Viola.jpg","contentUrl":"https:\/\/progettotouring.it\/radiotouring104\/wp-content\/uploads\/sites\/6\/2024\/08\/Curva-tifosi-Viola.jpg","width":300,"height":169},{"@type":"BreadcrumbList","@id":"https:\/\/progettotouring.it\/radiotouring104\/2024\/11\/22\/pallacanestro-viola-ridotta-la-squalifica-del-palacalafiore\/#breadcrumb","itemListElement":[{"@type":"ListItem","position":1,"name":"Home","item":"https:\/\/progettotouring.it\/radiotouring104\/"},{"@type":"ListItem","position":2,"name":"Pallacanestro Viola, ridotta la squalifica del PalaCalafiore"}]},{"@type":"WebSite","@id":"https:\/\/progettotouring.it\/radiotouring104\/#website","url":"https:\/\/progettotouring.it\/radiotouring104\/","name":"Radio Touring 104","description":"La prima radio Reggina","publisher":{"@id":"https:\/\/progettotouring.it\/radiotouring104\/#organization"},"potentialAction":[{"@type":"SearchAction","target":{"@type":"EntryPoint","urlTemplate":"https:\/\/progettotouring.it\/radiotouring104\/?s={search_term_string}"},"query-input":{"@type":"PropertyValueSpecification","valueRequired":true,"valueName":"search_term_string"}}],"inLanguage":"it-IT"},{"@type":"Organization","@id":"https:\/\/progettotouring.it\/radiotouring104\/#organization","name":"Radio Touring 104","url":"https:\/\/progettotouring.it\/radiotouring104\/","logo":{"@type":"ImageObject","inLanguage":"it-IT","@id":"https:\/\/progettotouring.it\/radiotouring104\/#\/schema\/logo\/image\/","url":"https:\/\/progettotouring.it\/radiotouring104\/wp-content\/uploads\/sites\/6\/2022\/02\/cropped-logo-radio-touring-104.png","contentUrl":"https:\/\/progettotouring.it\/radiotouring104\/wp-content\/uploads\/sites\/6\/2022\/02\/cropped-logo-radio-touring-104.png","width":377,"height":182,"caption":"Radio Touring 104"},"image":{"@id":"https:\/\/progettotouring.it\/radiotouring104\/#\/schema\/logo\/image\/"}},{"@type":"Person","@id":"https:\/\/progettotouring.it\/radiotouring104\/#\/schema\/person\/b9f9c3730b0a78814c9b9f3bfc52c619","name":"S L","image":{"@type":"ImageObject","inLanguage":"it-IT","@id":"https:\/\/secure.gravatar.com\/avatar\/652c51789d7030aaed9ff828331360502a68204fe6fb0831bc280515210e16d2?s=96&d=mm&r=g","url":"https:\/\/secure.gravatar.com\/avatar\/652c51789d7030aaed9ff828331360502a68204fe6fb0831bc280515210e16d2?s=96&d=mm&r=g","contentUrl":"https:\/\/secure.gravatar.com\/avatar\/652c51789d7030aaed9ff828331360502a68204fe6fb0831bc280515210e16d2?s=96&d=mm&r=g","caption":"S L"},"url":"https:\/\/progettotouring.it\/radiotouring104\/author\/slibri\/"}]}},"jetpack_publicize_connections":[],"jetpack_featured_media_url":"https:\/\/progettotouring.it\/radiotouring104\/wp-content\/uploads\/sites\/6\/2024\/08\/Curva-tifosi-Viola.jpg","jetpack_sharing_enabled":true,"_links":{"self":[{"href":"https:\/\/progettotouring.it\/radiotouring104\/wp-json\/wp\/v2\/posts\/62069","targetHints":{"allow":["GET"]}}],"collection":[{"href":"https:\/\/progettotouring.it\/radiotouring104\/wp-json\/wp\/v2\/posts"}],"about":[{"href":"https:\/\/progettotouring.it\/radiotouring104\/wp-json\/wp\/v2\/types\/post"}],"author":[{"embeddable":true,"href":"https:\/\/progettotouring.it\/radiotouring104\/wp-json\/wp\/v2\/users\/19"}],"replies":[{"embeddable":true,"href":"https:\/\/progettotouring.it\/radiotouring104\/wp-json\/wp\/v2\/comments?post=62069"}],"version-history":[{"count":1,"href":"https:\/\/progettotouring.it\/radiotouring104\/wp-json\/wp\/v2\/posts\/62069\/revisions"}],"predecessor-version":[{"id":62070,"href":"https:\/\/progettotouring.it\/radiotouring104\/wp-json\/wp\/v2\/posts\/62069\/revisions\/62070"}],"wp:featuredmedia":[{"embeddable":true,"href":"https:\/\/progettotouring.it\/radiotouring104\/wp-json\/wp\/v2\/media\/56285"}],"wp:attachment":[{"href":"https:\/\/progettotouring.it\/radiotouring104\/wp-json\/wp\/v2\/media?parent=62069"}],"wp:term":[{"taxonomy":"category","embeddable":true,"href":"https:\/\/progettotouring.it\/radiotouring104\/wp-json\/wp\/v2\/categories?post=62069"},{"taxonomy":"post_tag","embeddable":true,"href":"https:\/\/progettotouring.it\/radiotouring104\/wp-json\/wp\/v2\/tags?post=62069"}],"curies":[{"name":"wp","href":"https:\/\/api.w.org\/{rel}","templated":true}]}}