{"id":6228,"date":"2022-06-06T08:28:50","date_gmt":"2022-06-06T06:28:50","guid":{"rendered":"https:\/\/progettotouring.it\/radiotouring104\/?p=6228"},"modified":"2022-06-06T08:29:05","modified_gmt":"2022-06-06T06:29:05","slug":"fino-al-2023-niente-piu-voli-reggio-torino-i-sindaci-ff-la-pazienza-e-terminata","status":"publish","type":"post","link":"https:\/\/progettotouring.it\/radiotouring104\/2022\/06\/06\/fino-al-2023-niente-piu-voli-reggio-torino-i-sindaci-ff-la-pazienza-e-terminata\/","title":{"rendered":"Fino al 2023 niente pi\u00f9 voli Reggio-Torino. I sindaci ff: \u201cLa pazienza \u00e8 terminata\u201d"},"content":{"rendered":"<div dir=\"auto\" style=\"text-align: center;\">\n<hr \/>\n<p><b>Taglio del volo Reggio-Torino, Versace e Brunetti: &#8220;Da Regione ancora silenzio. Basta annunci, la pazienza \u00e8 terminata&#8221;<\/b><\/div>\n<div dir=\"auto\"><\/div>\n<div dir=\"auto\"><i>I sindaci facenti funzione della Citt\u00e0 Metropolitana e del Comune di Reggio Calabria chiedono una netta inversione di tendenza sulla gestione regionale dello scalo reggino<\/i><\/div>\n<div dir=\"auto\"><\/div>\n<div dir=\"auto\">&#8220;L&#8217;aeroporto dello Stretto continua a perdere pezzi e nonostante i buoni auspici dichiarati dalle autorit\u00e0 regionali, dal Presidente Occhiuto e dalla societ\u00e0 di gestione regionale Sacal, purtroppo l&#8217;ultimo annuncio di una compagnia aerea riguarda la cancellazione di un altro volo, quello per Torino, gi\u00e0 programmato per l&#8217;estate 2022&#8221;. Cosi in una nota congiunta i sindaci facenti funzione della Citt\u00e0 Metropolitana e del Comune di Reggio Calabria Carmelo Versace e Paolo Brunetti.<\/div>\n<div dir=\"auto\"><\/div>\n<div dir=\"auto\">&#8220;Abbiamo sempre affermato che lo sviluppo del Tito Minniti richiede uno sforzo corale da parte delle istituzioni territoriali, a partire da chi ormai da tanti anni detiene la gestione dello scalo attraverso la societ\u00e0 regionale. Non \u00e8 nostra intenzione puntare il dito contro nessuno, ma gli auspici a pi\u00f9 riprese dichiarati dal presidente Occhiuto, che nei mesi scorsi ha continuato a chiedere pazienza al nostro territorio, ad oggi non risultano assolutamente rispettati. E la pazienza da parte dei reggini \u00e8 da considerarsi terminata. Non solo infatti non si registrano miglioramenti per l&#8217;offerta volativa in riva allo Stretto, a fronte di un aumento di voli e compagnie che interessano invece l&#8217;aeroporto di Lamezia, ma addirittura una delle poche compagnie operanti sul nostro scalo pare aver deciso di tagliare uno dei voli gi\u00e0 previsti per questa estate, in nome di un ritardo nelle consegne degli aeromobili&#8221;.<\/div>\n<div dir=\"auto\"><\/div>\n<div dir=\"auto\">&#8220;Non \u00e8 certo il migliore degli auspici per la rivoluzione copernicana annunciata da Occhiuto &#8211; conclude la nota &#8211; anzi l&#8217;impressione \u00e8 che la programmazione regionale di Sacal, nonostante gli annunci, continui a privilegiare lo scalo di Lamezia a danno di quello di Reggio Calabria, anche in una stagione importante come questa con l&#8217;anniversario dei Bronzi ormai alle porte. Neanche i tanto sbandierati interventi per l&#8217;ammodernamento dello scalo reggino hanno prodotto alcunch\u00e9. A tre settimane dalla nomina del nuovo Amministratore di Sacal vige ancora il silenzio pi\u00f9 assoluto circa i programmi di crescita annunciati dalla Regione per l&#8217;aeroporto dello Stretto. Anzi l&#8217;unica notizia riportata da alcuni organi di stampa, ad oggi, riguarda il taglio di un altro volo, circostanza sulla quale ci piacerebbe conoscere il parere del Presidente della Regione e della compagine di Sacal, soggetti entrambi preposti per dovere istituzionale, e non certo per gentile concessione, ad informare i calabresi e soprattutto i reggini, sulle intenzioni che riguardano il nostro aeroporto&#8221;.<\/div>\n","protected":false},"excerpt":{"rendered":"<p>Taglio del volo Reggio-Torino, Versace e Brunetti: &#8220;Da Regione ancora silenzio. Basta annunci, la pazienza \u00e8 terminata&#8221; I sindaci facenti funzione della Citt\u00e0 Metropolitana e del Comune di Reggio Calabria&hellip;<\/p>\n","protected":false},"author":5,"featured_media":6229,"comment_status":"open","ping_status":"open","sticky":false,"template":"","format":"standard","meta":{"_jetpack_memberships_contains_paid_content":false,"footnotes":"","jetpack_publicize_message":"","jetpack_publicize_feature_enabled":true,"jetpack_social_post_already_shared":false,"jetpack_social_options":{"image_generator_settings":{"template":"highway","default_image_id":0,"font":"","enabled":false},"version":2}},"categories":[921,150,196,140],"tags":[577,239,495,219,2403,2402],"class_list":["post-6228","post","type-post","status-publish","format-standard","has-post-thumbnail","hentry","category-home","category-in-primo-piano","category-news","category-reggio-calabria","tag-aeroporto-tito-minniti","tag-carmelo-versace","tag-paolo-brunetti","tag-regione-calabria","tag-voli-cancellati","tag-voli-reggio-torino"],"yoast_head":"<!-- This site is optimized with the Yoast SEO plugin v27.2 - https:\/\/yoast.com\/product\/yoast-seo-wordpress\/ -->\n<title>Fino al 2023 niente pi\u00f9 voli Reggio-Torino. I sindaci ff: \u201cPazienza terminata\u201d<\/title>\n<meta name=\"description\" content=\"I sindaci ff Versace e Brunetti chiedono una netta inversione di tendenza sulla gestione regionale dello scalo reggino\" \/>\n<meta name=\"robots\" content=\"index, follow, max-snippet:-1, max-image-preview:large, max-video-preview:-1\" \/>\n<link rel=\"canonical\" href=\"https:\/\/progettotouring.it\/radiotouring104\/2022\/06\/06\/fino-al-2023-niente-piu-voli-reggio-torino-i-sindaci-ff-la-pazienza-e-terminata\/\" \/>\n<meta property=\"og:locale\" content=\"it_IT\" \/>\n<meta property=\"og:type\" content=\"article\" \/>\n<meta property=\"og:title\" content=\"Fino al 2023 niente pi\u00f9 voli Reggio-Torino. I sindaci ff: \u201cPazienza terminata\u201d\" \/>\n<meta property=\"og:description\" content=\"I sindaci ff Versace e Brunetti chiedono una netta inversione di tendenza sulla gestione regionale dello scalo reggino\" \/>\n<meta property=\"og:url\" content=\"https:\/\/progettotouring.it\/radiotouring104\/2022\/06\/06\/fino-al-2023-niente-piu-voli-reggio-torino-i-sindaci-ff-la-pazienza-e-terminata\/\" \/>\n<meta property=\"og:site_name\" content=\"Radio Touring 104\" \/>\n<meta property=\"article:published_time\" content=\"2022-06-06T06:28:50+00:00\" \/>\n<meta property=\"article:modified_time\" content=\"2022-06-06T06:29:05+00:00\" \/>\n<meta property=\"og:image\" content=\"https:\/\/progettotouring.it\/radiotouring104\/wp-content\/uploads\/sites\/6\/2022\/06\/00BB15A5-3A3D-469B-875B-5AA3C7F726EE.jpeg\" \/>\n\t<meta property=\"og:image:width\" content=\"829\" \/>\n\t<meta property=\"og:image:height\" content=\"751\" \/>\n\t<meta property=\"og:image:type\" content=\"image\/jpeg\" \/>\n<meta name=\"author\" content=\"redazione\" \/>\n<meta name=\"twitter:card\" content=\"summary_large_image\" \/>\n<meta name=\"twitter:label1\" content=\"Scritto da\" \/>\n\t<meta name=\"twitter:data1\" content=\"redazione\" \/>\n\t<meta name=\"twitter:label2\" content=\"Tempo di lettura stimato\" \/>\n\t<meta name=\"twitter:data2\" content=\"2 minuti\" \/>\n<script type=\"application\/ld+json\" class=\"yoast-schema-graph\">{\"@context\":\"https:\/\/schema.org\",\"@graph\":[{\"@type\":\"Article\",\"@id\":\"https:\/\/progettotouring.it\/radiotouring104\/2022\/06\/06\/fino-al-2023-niente-piu-voli-reggio-torino-i-sindaci-ff-la-pazienza-e-terminata\/#article\",\"isPartOf\":{\"@id\":\"https:\/\/progettotouring.it\/radiotouring104\/2022\/06\/06\/fino-al-2023-niente-piu-voli-reggio-torino-i-sindaci-ff-la-pazienza-e-terminata\/\"},\"author\":{\"name\":\"redazione\",\"@id\":\"https:\/\/progettotouring.it\/radiotouring104\/#\/schema\/person\/1b3eb3c07c47136bc44c785c543e635f\"},\"headline\":\"Fino al 2023 niente pi\u00f9 voli Reggio-Torino. I sindaci ff: \u201cLa pazienza \u00e8 terminata\u201d\",\"datePublished\":\"2022-06-06T06:28:50+00:00\",\"dateModified\":\"2022-06-06T06:29:05+00:00\",\"mainEntityOfPage\":{\"@id\":\"https:\/\/progettotouring.it\/radiotouring104\/2022\/06\/06\/fino-al-2023-niente-piu-voli-reggio-torino-i-sindaci-ff-la-pazienza-e-terminata\/\"},\"wordCount\":425,\"commentCount\":0,\"publisher\":{\"@id\":\"https:\/\/progettotouring.it\/radiotouring104\/#organization\"},\"image\":{\"@id\":\"https:\/\/progettotouring.it\/radiotouring104\/2022\/06\/06\/fino-al-2023-niente-piu-voli-reggio-torino-i-sindaci-ff-la-pazienza-e-terminata\/#primaryimage\"},\"thumbnailUrl\":\"https:\/\/progettotouring.it\/radiotouring104\/wp-content\/uploads\/sites\/6\/2022\/06\/00BB15A5-3A3D-469B-875B-5AA3C7F726EE.jpeg\",\"keywords\":[\"aeroporto tito minniti\",\"carmelo versace\",\"Paolo Brunetti\",\"regione calabria\",\"voli cancellati\",\"voli Reggio Torino\"],\"articleSection\":[\"Home\",\"In primo piano\",\"News\",\"Reggio Calabria\"],\"inLanguage\":\"it-IT\",\"potentialAction\":[{\"@type\":\"CommentAction\",\"name\":\"Comment\",\"target\":[\"https:\/\/progettotouring.it\/radiotouring104\/2022\/06\/06\/fino-al-2023-niente-piu-voli-reggio-torino-i-sindaci-ff-la-pazienza-e-terminata\/#respond\"]}]},{\"@type\":\"WebPage\",\"@id\":\"https:\/\/progettotouring.it\/radiotouring104\/2022\/06\/06\/fino-al-2023-niente-piu-voli-reggio-torino-i-sindaci-ff-la-pazienza-e-terminata\/\",\"url\":\"https:\/\/progettotouring.it\/radiotouring104\/2022\/06\/06\/fino-al-2023-niente-piu-voli-reggio-torino-i-sindaci-ff-la-pazienza-e-terminata\/\",\"name\":\"Fino al 2023 niente pi\u00f9 voli Reggio-Torino. I sindaci ff: \u201cPazienza terminata\u201d\",\"isPartOf\":{\"@id\":\"https:\/\/progettotouring.it\/radiotouring104\/#website\"},\"primaryImageOfPage\":{\"@id\":\"https:\/\/progettotouring.it\/radiotouring104\/2022\/06\/06\/fino-al-2023-niente-piu-voli-reggio-torino-i-sindaci-ff-la-pazienza-e-terminata\/#primaryimage\"},\"image\":{\"@id\":\"https:\/\/progettotouring.it\/radiotouring104\/2022\/06\/06\/fino-al-2023-niente-piu-voli-reggio-torino-i-sindaci-ff-la-pazienza-e-terminata\/#primaryimage\"},\"thumbnailUrl\":\"https:\/\/progettotouring.it\/radiotouring104\/wp-content\/uploads\/sites\/6\/2022\/06\/00BB15A5-3A3D-469B-875B-5AA3C7F726EE.jpeg\",\"datePublished\":\"2022-06-06T06:28:50+00:00\",\"dateModified\":\"2022-06-06T06:29:05+00:00\",\"description\":\"I sindaci ff Versace e Brunetti chiedono una netta inversione di tendenza sulla gestione regionale dello scalo reggino\",\"breadcrumb\":{\"@id\":\"https:\/\/progettotouring.it\/radiotouring104\/2022\/06\/06\/fino-al-2023-niente-piu-voli-reggio-torino-i-sindaci-ff-la-pazienza-e-terminata\/#breadcrumb\"},\"inLanguage\":\"it-IT\",\"potentialAction\":[{\"@type\":\"ReadAction\",\"target\":[\"https:\/\/progettotouring.it\/radiotouring104\/2022\/06\/06\/fino-al-2023-niente-piu-voli-reggio-torino-i-sindaci-ff-la-pazienza-e-terminata\/\"]}]},{\"@type\":\"ImageObject\",\"inLanguage\":\"it-IT\",\"@id\":\"https:\/\/progettotouring.it\/radiotouring104\/2022\/06\/06\/fino-al-2023-niente-piu-voli-reggio-torino-i-sindaci-ff-la-pazienza-e-terminata\/#primaryimage\",\"url\":\"https:\/\/progettotouring.it\/radiotouring104\/wp-content\/uploads\/sites\/6\/2022\/06\/00BB15A5-3A3D-469B-875B-5AA3C7F726EE.jpeg\",\"contentUrl\":\"https:\/\/progettotouring.it\/radiotouring104\/wp-content\/uploads\/sites\/6\/2022\/06\/00BB15A5-3A3D-469B-875B-5AA3C7F726EE.jpeg\",\"width\":829,\"height\":751},{\"@type\":\"BreadcrumbList\",\"@id\":\"https:\/\/progettotouring.it\/radiotouring104\/2022\/06\/06\/fino-al-2023-niente-piu-voli-reggio-torino-i-sindaci-ff-la-pazienza-e-terminata\/#breadcrumb\",\"itemListElement\":[{\"@type\":\"ListItem\",\"position\":1,\"name\":\"Home\",\"item\":\"https:\/\/progettotouring.it\/radiotouring104\/\"},{\"@type\":\"ListItem\",\"position\":2,\"name\":\"Fino al 2023 niente pi\u00f9 voli Reggio-Torino. I sindaci ff: \u201cLa pazienza \u00e8 terminata\u201d\"}]},{\"@type\":\"WebSite\",\"@id\":\"https:\/\/progettotouring.it\/radiotouring104\/#website\",\"url\":\"https:\/\/progettotouring.it\/radiotouring104\/\",\"name\":\"Radio Touring 104\",\"description\":\"La prima radio Reggina\",\"publisher\":{\"@id\":\"https:\/\/progettotouring.it\/radiotouring104\/#organization\"},\"potentialAction\":[{\"@type\":\"SearchAction\",\"target\":{\"@type\":\"EntryPoint\",\"urlTemplate\":\"https:\/\/progettotouring.it\/radiotouring104\/?s={search_term_string}\"},\"query-input\":{\"@type\":\"PropertyValueSpecification\",\"valueRequired\":true,\"valueName\":\"search_term_string\"}}],\"inLanguage\":\"it-IT\"},{\"@type\":\"Organization\",\"@id\":\"https:\/\/progettotouring.it\/radiotouring104\/#organization\",\"name\":\"Radio Touring 104\",\"url\":\"https:\/\/progettotouring.it\/radiotouring104\/\",\"logo\":{\"@type\":\"ImageObject\",\"inLanguage\":\"it-IT\",\"@id\":\"https:\/\/progettotouring.it\/radiotouring104\/#\/schema\/logo\/image\/\",\"url\":\"https:\/\/progettotouring.it\/radiotouring104\/wp-content\/uploads\/sites\/6\/2022\/02\/cropped-logo-radio-touring-104.png\",\"contentUrl\":\"https:\/\/progettotouring.it\/radiotouring104\/wp-content\/uploads\/sites\/6\/2022\/02\/cropped-logo-radio-touring-104.png\",\"width\":377,\"height\":182,\"caption\":\"Radio Touring 104\"},\"image\":{\"@id\":\"https:\/\/progettotouring.it\/radiotouring104\/#\/schema\/logo\/image\/\"}},{\"@type\":\"Person\",\"@id\":\"https:\/\/progettotouring.it\/radiotouring104\/#\/schema\/person\/1b3eb3c07c47136bc44c785c543e635f\",\"name\":\"redazione\",\"image\":{\"@type\":\"ImageObject\",\"inLanguage\":\"it-IT\",\"@id\":\"https:\/\/secure.gravatar.com\/avatar\/0b31605b49f100769e8b624b3e05de1b73e1692e9568a352f60f53fd072e6e11?s=96&d=mm&r=g\",\"url\":\"https:\/\/secure.gravatar.com\/avatar\/0b31605b49f100769e8b624b3e05de1b73e1692e9568a352f60f53fd072e6e11?s=96&d=mm&r=g\",\"contentUrl\":\"https:\/\/secure.gravatar.com\/avatar\/0b31605b49f100769e8b624b3e05de1b73e1692e9568a352f60f53fd072e6e11?s=96&d=mm&r=g\",\"caption\":\"redazione\"},\"url\":\"https:\/\/progettotouring.it\/radiotouring104\/author\/redazione\/\"}]}<\/script>\n<!-- \/ Yoast SEO plugin. -->","yoast_head_json":{"title":"Fino al 2023 niente pi\u00f9 voli Reggio-Torino. I sindaci ff: \u201cPazienza terminata\u201d","description":"I sindaci ff Versace e Brunetti chiedono una netta inversione di tendenza sulla gestione regionale dello scalo reggino","robots":{"index":"index","follow":"follow","max-snippet":"max-snippet:-1","max-image-preview":"max-image-preview:large","max-video-preview":"max-video-preview:-1"},"canonical":"https:\/\/progettotouring.it\/radiotouring104\/2022\/06\/06\/fino-al-2023-niente-piu-voli-reggio-torino-i-sindaci-ff-la-pazienza-e-terminata\/","og_locale":"it_IT","og_type":"article","og_title":"Fino al 2023 niente pi\u00f9 voli Reggio-Torino. I sindaci ff: \u201cPazienza terminata\u201d","og_description":"I sindaci ff Versace e Brunetti chiedono una netta inversione di tendenza sulla gestione regionale dello scalo reggino","og_url":"https:\/\/progettotouring.it\/radiotouring104\/2022\/06\/06\/fino-al-2023-niente-piu-voli-reggio-torino-i-sindaci-ff-la-pazienza-e-terminata\/","og_site_name":"Radio Touring 104","article_published_time":"2022-06-06T06:28:50+00:00","article_modified_time":"2022-06-06T06:29:05+00:00","og_image":[{"width":829,"height":751,"url":"https:\/\/progettotouring.it\/radiotouring104\/wp-content\/uploads\/sites\/6\/2022\/06\/00BB15A5-3A3D-469B-875B-5AA3C7F726EE.jpeg","type":"image\/jpeg"}],"author":"redazione","twitter_card":"summary_large_image","twitter_misc":{"Scritto da":"redazione","Tempo di lettura stimato":"2 minuti"},"schema":{"@context":"https:\/\/schema.org","@graph":[{"@type":"Article","@id":"https:\/\/progettotouring.it\/radiotouring104\/2022\/06\/06\/fino-al-2023-niente-piu-voli-reggio-torino-i-sindaci-ff-la-pazienza-e-terminata\/#article","isPartOf":{"@id":"https:\/\/progettotouring.it\/radiotouring104\/2022\/06\/06\/fino-al-2023-niente-piu-voli-reggio-torino-i-sindaci-ff-la-pazienza-e-terminata\/"},"author":{"name":"redazione","@id":"https:\/\/progettotouring.it\/radiotouring104\/#\/schema\/person\/1b3eb3c07c47136bc44c785c543e635f"},"headline":"Fino al 2023 niente pi\u00f9 voli Reggio-Torino. I sindaci ff: \u201cLa pazienza \u00e8 terminata\u201d","datePublished":"2022-06-06T06:28:50+00:00","dateModified":"2022-06-06T06:29:05+00:00","mainEntityOfPage":{"@id":"https:\/\/progettotouring.it\/radiotouring104\/2022\/06\/06\/fino-al-2023-niente-piu-voli-reggio-torino-i-sindaci-ff-la-pazienza-e-terminata\/"},"wordCount":425,"commentCount":0,"publisher":{"@id":"https:\/\/progettotouring.it\/radiotouring104\/#organization"},"image":{"@id":"https:\/\/progettotouring.it\/radiotouring104\/2022\/06\/06\/fino-al-2023-niente-piu-voli-reggio-torino-i-sindaci-ff-la-pazienza-e-terminata\/#primaryimage"},"thumbnailUrl":"https:\/\/progettotouring.it\/radiotouring104\/wp-content\/uploads\/sites\/6\/2022\/06\/00BB15A5-3A3D-469B-875B-5AA3C7F726EE.jpeg","keywords":["aeroporto tito minniti","carmelo versace","Paolo Brunetti","regione calabria","voli cancellati","voli Reggio Torino"],"articleSection":["Home","In primo piano","News","Reggio Calabria"],"inLanguage":"it-IT","potentialAction":[{"@type":"CommentAction","name":"Comment","target":["https:\/\/progettotouring.it\/radiotouring104\/2022\/06\/06\/fino-al-2023-niente-piu-voli-reggio-torino-i-sindaci-ff-la-pazienza-e-terminata\/#respond"]}]},{"@type":"WebPage","@id":"https:\/\/progettotouring.it\/radiotouring104\/2022\/06\/06\/fino-al-2023-niente-piu-voli-reggio-torino-i-sindaci-ff-la-pazienza-e-terminata\/","url":"https:\/\/progettotouring.it\/radiotouring104\/2022\/06\/06\/fino-al-2023-niente-piu-voli-reggio-torino-i-sindaci-ff-la-pazienza-e-terminata\/","name":"Fino al 2023 niente pi\u00f9 voli Reggio-Torino. I sindaci ff: \u201cPazienza terminata\u201d","isPartOf":{"@id":"https:\/\/progettotouring.it\/radiotouring104\/#website"},"primaryImageOfPage":{"@id":"https:\/\/progettotouring.it\/radiotouring104\/2022\/06\/06\/fino-al-2023-niente-piu-voli-reggio-torino-i-sindaci-ff-la-pazienza-e-terminata\/#primaryimage"},"image":{"@id":"https:\/\/progettotouring.it\/radiotouring104\/2022\/06\/06\/fino-al-2023-niente-piu-voli-reggio-torino-i-sindaci-ff-la-pazienza-e-terminata\/#primaryimage"},"thumbnailUrl":"https:\/\/progettotouring.it\/radiotouring104\/wp-content\/uploads\/sites\/6\/2022\/06\/00BB15A5-3A3D-469B-875B-5AA3C7F726EE.jpeg","datePublished":"2022-06-06T06:28:50+00:00","dateModified":"2022-06-06T06:29:05+00:00","description":"I sindaci ff Versace e Brunetti chiedono una netta inversione di tendenza sulla gestione regionale dello scalo reggino","breadcrumb":{"@id":"https:\/\/progettotouring.it\/radiotouring104\/2022\/06\/06\/fino-al-2023-niente-piu-voli-reggio-torino-i-sindaci-ff-la-pazienza-e-terminata\/#breadcrumb"},"inLanguage":"it-IT","potentialAction":[{"@type":"ReadAction","target":["https:\/\/progettotouring.it\/radiotouring104\/2022\/06\/06\/fino-al-2023-niente-piu-voli-reggio-torino-i-sindaci-ff-la-pazienza-e-terminata\/"]}]},{"@type":"ImageObject","inLanguage":"it-IT","@id":"https:\/\/progettotouring.it\/radiotouring104\/2022\/06\/06\/fino-al-2023-niente-piu-voli-reggio-torino-i-sindaci-ff-la-pazienza-e-terminata\/#primaryimage","url":"https:\/\/progettotouring.it\/radiotouring104\/wp-content\/uploads\/sites\/6\/2022\/06\/00BB15A5-3A3D-469B-875B-5AA3C7F726EE.jpeg","contentUrl":"https:\/\/progettotouring.it\/radiotouring104\/wp-content\/uploads\/sites\/6\/2022\/06\/00BB15A5-3A3D-469B-875B-5AA3C7F726EE.jpeg","width":829,"height":751},{"@type":"BreadcrumbList","@id":"https:\/\/progettotouring.it\/radiotouring104\/2022\/06\/06\/fino-al-2023-niente-piu-voli-reggio-torino-i-sindaci-ff-la-pazienza-e-terminata\/#breadcrumb","itemListElement":[{"@type":"ListItem","position":1,"name":"Home","item":"https:\/\/progettotouring.it\/radiotouring104\/"},{"@type":"ListItem","position":2,"name":"Fino al 2023 niente pi\u00f9 voli Reggio-Torino. I sindaci ff: \u201cLa pazienza \u00e8 terminata\u201d"}]},{"@type":"WebSite","@id":"https:\/\/progettotouring.it\/radiotouring104\/#website","url":"https:\/\/progettotouring.it\/radiotouring104\/","name":"Radio Touring 104","description":"La prima radio Reggina","publisher":{"@id":"https:\/\/progettotouring.it\/radiotouring104\/#organization"},"potentialAction":[{"@type":"SearchAction","target":{"@type":"EntryPoint","urlTemplate":"https:\/\/progettotouring.it\/radiotouring104\/?s={search_term_string}"},"query-input":{"@type":"PropertyValueSpecification","valueRequired":true,"valueName":"search_term_string"}}],"inLanguage":"it-IT"},{"@type":"Organization","@id":"https:\/\/progettotouring.it\/radiotouring104\/#organization","name":"Radio Touring 104","url":"https:\/\/progettotouring.it\/radiotouring104\/","logo":{"@type":"ImageObject","inLanguage":"it-IT","@id":"https:\/\/progettotouring.it\/radiotouring104\/#\/schema\/logo\/image\/","url":"https:\/\/progettotouring.it\/radiotouring104\/wp-content\/uploads\/sites\/6\/2022\/02\/cropped-logo-radio-touring-104.png","contentUrl":"https:\/\/progettotouring.it\/radiotouring104\/wp-content\/uploads\/sites\/6\/2022\/02\/cropped-logo-radio-touring-104.png","width":377,"height":182,"caption":"Radio Touring 104"},"image":{"@id":"https:\/\/progettotouring.it\/radiotouring104\/#\/schema\/logo\/image\/"}},{"@type":"Person","@id":"https:\/\/progettotouring.it\/radiotouring104\/#\/schema\/person\/1b3eb3c07c47136bc44c785c543e635f","name":"redazione","image":{"@type":"ImageObject","inLanguage":"it-IT","@id":"https:\/\/secure.gravatar.com\/avatar\/0b31605b49f100769e8b624b3e05de1b73e1692e9568a352f60f53fd072e6e11?s=96&d=mm&r=g","url":"https:\/\/secure.gravatar.com\/avatar\/0b31605b49f100769e8b624b3e05de1b73e1692e9568a352f60f53fd072e6e11?s=96&d=mm&r=g","contentUrl":"https:\/\/secure.gravatar.com\/avatar\/0b31605b49f100769e8b624b3e05de1b73e1692e9568a352f60f53fd072e6e11?s=96&d=mm&r=g","caption":"redazione"},"url":"https:\/\/progettotouring.it\/radiotouring104\/author\/redazione\/"}]}},"jetpack_publicize_connections":[],"jetpack_featured_media_url":"https:\/\/progettotouring.it\/radiotouring104\/wp-content\/uploads\/sites\/6\/2022\/06\/00BB15A5-3A3D-469B-875B-5AA3C7F726EE.jpeg","jetpack_sharing_enabled":true,"_links":{"self":[{"href":"https:\/\/progettotouring.it\/radiotouring104\/wp-json\/wp\/v2\/posts\/6228","targetHints":{"allow":["GET"]}}],"collection":[{"href":"https:\/\/progettotouring.it\/radiotouring104\/wp-json\/wp\/v2\/posts"}],"about":[{"href":"https:\/\/progettotouring.it\/radiotouring104\/wp-json\/wp\/v2\/types\/post"}],"author":[{"embeddable":true,"href":"https:\/\/progettotouring.it\/radiotouring104\/wp-json\/wp\/v2\/users\/5"}],"replies":[{"embeddable":true,"href":"https:\/\/progettotouring.it\/radiotouring104\/wp-json\/wp\/v2\/comments?post=6228"}],"version-history":[{"count":1,"href":"https:\/\/progettotouring.it\/radiotouring104\/wp-json\/wp\/v2\/posts\/6228\/revisions"}],"predecessor-version":[{"id":6230,"href":"https:\/\/progettotouring.it\/radiotouring104\/wp-json\/wp\/v2\/posts\/6228\/revisions\/6230"}],"wp:featuredmedia":[{"embeddable":true,"href":"https:\/\/progettotouring.it\/radiotouring104\/wp-json\/wp\/v2\/media\/6229"}],"wp:attachment":[{"href":"https:\/\/progettotouring.it\/radiotouring104\/wp-json\/wp\/v2\/media?parent=6228"}],"wp:term":[{"taxonomy":"category","embeddable":true,"href":"https:\/\/progettotouring.it\/radiotouring104\/wp-json\/wp\/v2\/categories?post=6228"},{"taxonomy":"post_tag","embeddable":true,"href":"https:\/\/progettotouring.it\/radiotouring104\/wp-json\/wp\/v2\/tags?post=6228"}],"curies":[{"name":"wp","href":"https:\/\/api.w.org\/{rel}","templated":true}]}}