{"id":6287,"date":"2022-06-07T12:53:42","date_gmt":"2022-06-07T10:53:42","guid":{"rendered":"https:\/\/progettotouring.it\/radiotouring104\/?p=6287"},"modified":"2022-06-07T12:53:50","modified_gmt":"2022-06-07T10:53:50","slug":"abusivismo-nel-settore-turismo-maavi-e-confapi-turismo-calabria-incontrano-il-prefetto-di-reggio-calabria","status":"publish","type":"post","link":"https:\/\/progettotouring.it\/radiotouring104\/2022\/06\/07\/abusivismo-nel-settore-turismo-maavi-e-confapi-turismo-calabria-incontrano-il-prefetto-di-reggio-calabria\/","title":{"rendered":"Abusivismo nel Settore Turismo: MAAVI e Confapi Turismo Calabria incontrano il Prefetto di Reggio Calabria"},"content":{"rendered":"<p style=\"text-align: justify;\">In data 1 giugno \u201922, Confapi Turismo Calabria e MAAVI (Movimento Autonomo Agenzie di Viaggio Italiane) hanno incontrato il Prefetto della Citt\u00e0 di Reggio Calabria, il dott. Massimo Mariani, sottoponendogli l\u2019annosa questione dell\u2019abusivismo nel Settore Turismo e le ripercussioni negative che questo fenomeno ha per l\u2019intero comparto; tanto pi\u00f9 oggi che gli operatori continuano ad accusare gli ingenti danni comportati dalla pandemia.<\/p>\n<p style=\"text-align: justify;\">Come gi\u00e0 aveva evidenziato qualche tempo fa alla Stampa, il dott. Giovanni Giordano, Presidente Confapi Turismo Calabria e Delegato Regionale MAAVI, ha portato all\u2019attenzione del Prefetto le difficolt\u00e0 riscontrate, infatti:<\/p>\n<p style=\"text-align: justify;\">\u00a0<em>\u201cTra pandemia e guerra in Ucraina che hanno messo in ginocchio il Settore del Turistico, non \u00e8 accettabile che ci siano fenomeni di abusivismo nell\u2019esercizio dell\u2019attivit\u00e0 turistica e soprattutto che tale fenomeno non sia a sufficienza &#8211; e con ogni mezzo &#8211; combattuto dalle istituzioni preposte. Sedicenti organizzatori pianificano e organizzano viaggi con conseguenze dannose per l\u2019Erario, oltre che per i viaggiatori stessi che sono privati delle adeguate tutele\u201d.<\/em><\/p>\n<p style=\"text-align: justify;\">L\u2019incontro ha visto il Prefetto molto attento e sensibile alla questione rappresentata ed ha, soprattutto, prodotto un deciso proposito, da parte del dott. Mariani, di trovare tutte le soluzioni a favore di tutte le imprese interessate e, altres\u00ec, della collettivit\u00e0 che merita di essere tutelata sotto ogni aspetto, a partire da sicurezza e legalit\u00e0.<\/p>\n","protected":false},"excerpt":{"rendered":"<p>In data 1 giugno \u201922, Confapi Turismo Calabria e MAAVI (Movimento Autonomo Agenzie di Viaggio Italiane) hanno incontrato il Prefetto della Citt\u00e0 di Reggio Calabria, il dott. Massimo Mariani, sottoponendogli&hellip;<\/p>\n","protected":false},"author":5,"featured_media":4784,"comment_status":"open","ping_status":"open","sticky":false,"template":"","format":"standard","meta":{"_jetpack_memberships_contains_paid_content":false,"footnotes":"","jetpack_publicize_message":"","jetpack_publicize_feature_enabled":true,"jetpack_social_post_already_shared":false,"jetpack_social_options":{"image_generator_settings":{"template":"highway","default_image_id":0,"font":"","enabled":false},"version":2}},"categories":[921,196,140],"tags":[2444,2442,2441,451,2443,2445],"class_list":["post-6287","post","type-post","status-publish","format-standard","has-post-thumbnail","hentry","category-home","category-news","category-reggio-calabria","tag-abusivismo","tag-confapi-turismo-calabria","tag-maavi","tag-massimo-mariani","tag-prefetto-di-reggio-calabria","tag-settore-turismo"],"yoast_head":"<!-- This site is optimized with the Yoast SEO plugin v27.2 - https:\/\/yoast.com\/product\/yoast-seo-wordpress\/ -->\n<title>Abusivismo: MAAVI e Confapi Turismo Calabria incontrano il Prefetto<\/title>\n<meta name=\"description\" content=\"Confapi Turismo Calabria e MAAVI hanno incontrato il Prefetto della Citt\u00e0 di Reggio Calabria Massimo Mariani in merito al tema dell&#039;abusivismo\" \/>\n<meta name=\"robots\" content=\"index, follow, max-snippet:-1, max-image-preview:large, max-video-preview:-1\" \/>\n<link rel=\"canonical\" href=\"https:\/\/progettotouring.it\/radiotouring104\/2022\/06\/07\/abusivismo-nel-settore-turismo-maavi-e-confapi-turismo-calabria-incontrano-il-prefetto-di-reggio-calabria\/\" \/>\n<meta property=\"og:locale\" content=\"it_IT\" \/>\n<meta property=\"og:type\" content=\"article\" \/>\n<meta property=\"og:title\" content=\"Abusivismo: MAAVI e Confapi Turismo Calabria incontrano il Prefetto\" \/>\n<meta property=\"og:description\" content=\"Confapi Turismo Calabria e MAAVI hanno incontrato il Prefetto della Citt\u00e0 di Reggio Calabria Massimo Mariani in merito al tema dell&#039;abusivismo\" \/>\n<meta property=\"og:url\" content=\"https:\/\/progettotouring.it\/radiotouring104\/2022\/06\/07\/abusivismo-nel-settore-turismo-maavi-e-confapi-turismo-calabria-incontrano-il-prefetto-di-reggio-calabria\/\" \/>\n<meta property=\"og:site_name\" content=\"Radio Touring 104\" \/>\n<meta property=\"article:published_time\" content=\"2022-06-07T10:53:42+00:00\" \/>\n<meta property=\"article:modified_time\" content=\"2022-06-07T10:53:50+00:00\" \/>\n<meta property=\"og:image\" content=\"https:\/\/progettotouring.it\/radiotouring104\/wp-content\/uploads\/sites\/6\/2022\/05\/UniRC_la-citta.jpg\" \/>\n\t<meta property=\"og:image:width\" content=\"1152\" \/>\n\t<meta property=\"og:image:height\" content=\"768\" \/>\n\t<meta property=\"og:image:type\" content=\"image\/jpeg\" \/>\n<meta name=\"author\" content=\"redazione\" \/>\n<meta name=\"twitter:card\" content=\"summary_large_image\" \/>\n<meta name=\"twitter:label1\" content=\"Scritto da\" \/>\n\t<meta name=\"twitter:data1\" content=\"redazione\" \/>\n\t<meta name=\"twitter:label2\" content=\"Tempo di lettura stimato\" \/>\n\t<meta name=\"twitter:data2\" content=\"2 minuti\" \/>\n<script type=\"application\/ld+json\" class=\"yoast-schema-graph\">{\"@context\":\"https:\/\/schema.org\",\"@graph\":[{\"@type\":\"Article\",\"@id\":\"https:\/\/progettotouring.it\/radiotouring104\/2022\/06\/07\/abusivismo-nel-settore-turismo-maavi-e-confapi-turismo-calabria-incontrano-il-prefetto-di-reggio-calabria\/#article\",\"isPartOf\":{\"@id\":\"https:\/\/progettotouring.it\/radiotouring104\/2022\/06\/07\/abusivismo-nel-settore-turismo-maavi-e-confapi-turismo-calabria-incontrano-il-prefetto-di-reggio-calabria\/\"},\"author\":{\"name\":\"redazione\",\"@id\":\"https:\/\/progettotouring.it\/radiotouring104\/#\/schema\/person\/1b3eb3c07c47136bc44c785c543e635f\"},\"headline\":\"Abusivismo nel Settore Turismo: MAAVI e Confapi Turismo Calabria incontrano il Prefetto di Reggio Calabria\",\"datePublished\":\"2022-06-07T10:53:42+00:00\",\"dateModified\":\"2022-06-07T10:53:50+00:00\",\"mainEntityOfPage\":{\"@id\":\"https:\/\/progettotouring.it\/radiotouring104\/2022\/06\/07\/abusivismo-nel-settore-turismo-maavi-e-confapi-turismo-calabria-incontrano-il-prefetto-di-reggio-calabria\/\"},\"wordCount\":235,\"commentCount\":0,\"publisher\":{\"@id\":\"https:\/\/progettotouring.it\/radiotouring104\/#organization\"},\"image\":{\"@id\":\"https:\/\/progettotouring.it\/radiotouring104\/2022\/06\/07\/abusivismo-nel-settore-turismo-maavi-e-confapi-turismo-calabria-incontrano-il-prefetto-di-reggio-calabria\/#primaryimage\"},\"thumbnailUrl\":\"https:\/\/progettotouring.it\/radiotouring104\/wp-content\/uploads\/sites\/6\/2022\/05\/UniRC_la-citta.jpg\",\"keywords\":[\"abusivismo\",\"Confapi Turismo Calabria\",\"MAAVI\",\"Massimo Mariani\",\"Prefetto di Reggio Calabria\",\"settore turismo\"],\"articleSection\":[\"Home\",\"News\",\"Reggio Calabria\"],\"inLanguage\":\"it-IT\",\"potentialAction\":[{\"@type\":\"CommentAction\",\"name\":\"Comment\",\"target\":[\"https:\/\/progettotouring.it\/radiotouring104\/2022\/06\/07\/abusivismo-nel-settore-turismo-maavi-e-confapi-turismo-calabria-incontrano-il-prefetto-di-reggio-calabria\/#respond\"]}]},{\"@type\":\"WebPage\",\"@id\":\"https:\/\/progettotouring.it\/radiotouring104\/2022\/06\/07\/abusivismo-nel-settore-turismo-maavi-e-confapi-turismo-calabria-incontrano-il-prefetto-di-reggio-calabria\/\",\"url\":\"https:\/\/progettotouring.it\/radiotouring104\/2022\/06\/07\/abusivismo-nel-settore-turismo-maavi-e-confapi-turismo-calabria-incontrano-il-prefetto-di-reggio-calabria\/\",\"name\":\"Abusivismo: MAAVI e Confapi Turismo Calabria incontrano il Prefetto\",\"isPartOf\":{\"@id\":\"https:\/\/progettotouring.it\/radiotouring104\/#website\"},\"primaryImageOfPage\":{\"@id\":\"https:\/\/progettotouring.it\/radiotouring104\/2022\/06\/07\/abusivismo-nel-settore-turismo-maavi-e-confapi-turismo-calabria-incontrano-il-prefetto-di-reggio-calabria\/#primaryimage\"},\"image\":{\"@id\":\"https:\/\/progettotouring.it\/radiotouring104\/2022\/06\/07\/abusivismo-nel-settore-turismo-maavi-e-confapi-turismo-calabria-incontrano-il-prefetto-di-reggio-calabria\/#primaryimage\"},\"thumbnailUrl\":\"https:\/\/progettotouring.it\/radiotouring104\/wp-content\/uploads\/sites\/6\/2022\/05\/UniRC_la-citta.jpg\",\"datePublished\":\"2022-06-07T10:53:42+00:00\",\"dateModified\":\"2022-06-07T10:53:50+00:00\",\"description\":\"Confapi Turismo Calabria e MAAVI hanno incontrato il Prefetto della Citt\u00e0 di Reggio Calabria Massimo Mariani in merito al tema dell'abusivismo\",\"breadcrumb\":{\"@id\":\"https:\/\/progettotouring.it\/radiotouring104\/2022\/06\/07\/abusivismo-nel-settore-turismo-maavi-e-confapi-turismo-calabria-incontrano-il-prefetto-di-reggio-calabria\/#breadcrumb\"},\"inLanguage\":\"it-IT\",\"potentialAction\":[{\"@type\":\"ReadAction\",\"target\":[\"https:\/\/progettotouring.it\/radiotouring104\/2022\/06\/07\/abusivismo-nel-settore-turismo-maavi-e-confapi-turismo-calabria-incontrano-il-prefetto-di-reggio-calabria\/\"]}]},{\"@type\":\"ImageObject\",\"inLanguage\":\"it-IT\",\"@id\":\"https:\/\/progettotouring.it\/radiotouring104\/2022\/06\/07\/abusivismo-nel-settore-turismo-maavi-e-confapi-turismo-calabria-incontrano-il-prefetto-di-reggio-calabria\/#primaryimage\",\"url\":\"https:\/\/progettotouring.it\/radiotouring104\/wp-content\/uploads\/sites\/6\/2022\/05\/UniRC_la-citta.jpg\",\"contentUrl\":\"https:\/\/progettotouring.it\/radiotouring104\/wp-content\/uploads\/sites\/6\/2022\/05\/UniRC_la-citta.jpg\",\"width\":1152,\"height\":768,\"caption\":\"universit\u00e0 mediterranea reggio\"},{\"@type\":\"BreadcrumbList\",\"@id\":\"https:\/\/progettotouring.it\/radiotouring104\/2022\/06\/07\/abusivismo-nel-settore-turismo-maavi-e-confapi-turismo-calabria-incontrano-il-prefetto-di-reggio-calabria\/#breadcrumb\",\"itemListElement\":[{\"@type\":\"ListItem\",\"position\":1,\"name\":\"Home\",\"item\":\"https:\/\/progettotouring.it\/radiotouring104\/\"},{\"@type\":\"ListItem\",\"position\":2,\"name\":\"Abusivismo nel Settore Turismo: MAAVI e Confapi Turismo Calabria incontrano il Prefetto di Reggio Calabria\"}]},{\"@type\":\"WebSite\",\"@id\":\"https:\/\/progettotouring.it\/radiotouring104\/#website\",\"url\":\"https:\/\/progettotouring.it\/radiotouring104\/\",\"name\":\"Radio Touring 104\",\"description\":\"La prima radio Reggina\",\"publisher\":{\"@id\":\"https:\/\/progettotouring.it\/radiotouring104\/#organization\"},\"potentialAction\":[{\"@type\":\"SearchAction\",\"target\":{\"@type\":\"EntryPoint\",\"urlTemplate\":\"https:\/\/progettotouring.it\/radiotouring104\/?s={search_term_string}\"},\"query-input\":{\"@type\":\"PropertyValueSpecification\",\"valueRequired\":true,\"valueName\":\"search_term_string\"}}],\"inLanguage\":\"it-IT\"},{\"@type\":\"Organization\",\"@id\":\"https:\/\/progettotouring.it\/radiotouring104\/#organization\",\"name\":\"Radio Touring 104\",\"url\":\"https:\/\/progettotouring.it\/radiotouring104\/\",\"logo\":{\"@type\":\"ImageObject\",\"inLanguage\":\"it-IT\",\"@id\":\"https:\/\/progettotouring.it\/radiotouring104\/#\/schema\/logo\/image\/\",\"url\":\"https:\/\/progettotouring.it\/radiotouring104\/wp-content\/uploads\/sites\/6\/2022\/02\/cropped-logo-radio-touring-104.png\",\"contentUrl\":\"https:\/\/progettotouring.it\/radiotouring104\/wp-content\/uploads\/sites\/6\/2022\/02\/cropped-logo-radio-touring-104.png\",\"width\":377,\"height\":182,\"caption\":\"Radio Touring 104\"},\"image\":{\"@id\":\"https:\/\/progettotouring.it\/radiotouring104\/#\/schema\/logo\/image\/\"}},{\"@type\":\"Person\",\"@id\":\"https:\/\/progettotouring.it\/radiotouring104\/#\/schema\/person\/1b3eb3c07c47136bc44c785c543e635f\",\"name\":\"redazione\",\"image\":{\"@type\":\"ImageObject\",\"inLanguage\":\"it-IT\",\"@id\":\"https:\/\/secure.gravatar.com\/avatar\/0b31605b49f100769e8b624b3e05de1b73e1692e9568a352f60f53fd072e6e11?s=96&d=mm&r=g\",\"url\":\"https:\/\/secure.gravatar.com\/avatar\/0b31605b49f100769e8b624b3e05de1b73e1692e9568a352f60f53fd072e6e11?s=96&d=mm&r=g\",\"contentUrl\":\"https:\/\/secure.gravatar.com\/avatar\/0b31605b49f100769e8b624b3e05de1b73e1692e9568a352f60f53fd072e6e11?s=96&d=mm&r=g\",\"caption\":\"redazione\"},\"url\":\"https:\/\/progettotouring.it\/radiotouring104\/author\/redazione\/\"}]}<\/script>\n<!-- \/ Yoast SEO plugin. -->","yoast_head_json":{"title":"Abusivismo: MAAVI e Confapi Turismo Calabria incontrano il Prefetto","description":"Confapi Turismo Calabria e MAAVI hanno incontrato il Prefetto della Citt\u00e0 di Reggio Calabria Massimo Mariani in merito al tema dell'abusivismo","robots":{"index":"index","follow":"follow","max-snippet":"max-snippet:-1","max-image-preview":"max-image-preview:large","max-video-preview":"max-video-preview:-1"},"canonical":"https:\/\/progettotouring.it\/radiotouring104\/2022\/06\/07\/abusivismo-nel-settore-turismo-maavi-e-confapi-turismo-calabria-incontrano-il-prefetto-di-reggio-calabria\/","og_locale":"it_IT","og_type":"article","og_title":"Abusivismo: MAAVI e Confapi Turismo Calabria incontrano il Prefetto","og_description":"Confapi Turismo Calabria e MAAVI hanno incontrato il Prefetto della Citt\u00e0 di Reggio Calabria Massimo Mariani in merito al tema dell'abusivismo","og_url":"https:\/\/progettotouring.it\/radiotouring104\/2022\/06\/07\/abusivismo-nel-settore-turismo-maavi-e-confapi-turismo-calabria-incontrano-il-prefetto-di-reggio-calabria\/","og_site_name":"Radio Touring 104","article_published_time":"2022-06-07T10:53:42+00:00","article_modified_time":"2022-06-07T10:53:50+00:00","og_image":[{"width":1152,"height":768,"url":"https:\/\/progettotouring.it\/radiotouring104\/wp-content\/uploads\/sites\/6\/2022\/05\/UniRC_la-citta.jpg","type":"image\/jpeg"}],"author":"redazione","twitter_card":"summary_large_image","twitter_misc":{"Scritto da":"redazione","Tempo di lettura stimato":"2 minuti"},"schema":{"@context":"https:\/\/schema.org","@graph":[{"@type":"Article","@id":"https:\/\/progettotouring.it\/radiotouring104\/2022\/06\/07\/abusivismo-nel-settore-turismo-maavi-e-confapi-turismo-calabria-incontrano-il-prefetto-di-reggio-calabria\/#article","isPartOf":{"@id":"https:\/\/progettotouring.it\/radiotouring104\/2022\/06\/07\/abusivismo-nel-settore-turismo-maavi-e-confapi-turismo-calabria-incontrano-il-prefetto-di-reggio-calabria\/"},"author":{"name":"redazione","@id":"https:\/\/progettotouring.it\/radiotouring104\/#\/schema\/person\/1b3eb3c07c47136bc44c785c543e635f"},"headline":"Abusivismo nel Settore Turismo: MAAVI e Confapi Turismo Calabria incontrano il Prefetto di Reggio Calabria","datePublished":"2022-06-07T10:53:42+00:00","dateModified":"2022-06-07T10:53:50+00:00","mainEntityOfPage":{"@id":"https:\/\/progettotouring.it\/radiotouring104\/2022\/06\/07\/abusivismo-nel-settore-turismo-maavi-e-confapi-turismo-calabria-incontrano-il-prefetto-di-reggio-calabria\/"},"wordCount":235,"commentCount":0,"publisher":{"@id":"https:\/\/progettotouring.it\/radiotouring104\/#organization"},"image":{"@id":"https:\/\/progettotouring.it\/radiotouring104\/2022\/06\/07\/abusivismo-nel-settore-turismo-maavi-e-confapi-turismo-calabria-incontrano-il-prefetto-di-reggio-calabria\/#primaryimage"},"thumbnailUrl":"https:\/\/progettotouring.it\/radiotouring104\/wp-content\/uploads\/sites\/6\/2022\/05\/UniRC_la-citta.jpg","keywords":["abusivismo","Confapi Turismo Calabria","MAAVI","Massimo Mariani","Prefetto di Reggio Calabria","settore turismo"],"articleSection":["Home","News","Reggio Calabria"],"inLanguage":"it-IT","potentialAction":[{"@type":"CommentAction","name":"Comment","target":["https:\/\/progettotouring.it\/radiotouring104\/2022\/06\/07\/abusivismo-nel-settore-turismo-maavi-e-confapi-turismo-calabria-incontrano-il-prefetto-di-reggio-calabria\/#respond"]}]},{"@type":"WebPage","@id":"https:\/\/progettotouring.it\/radiotouring104\/2022\/06\/07\/abusivismo-nel-settore-turismo-maavi-e-confapi-turismo-calabria-incontrano-il-prefetto-di-reggio-calabria\/","url":"https:\/\/progettotouring.it\/radiotouring104\/2022\/06\/07\/abusivismo-nel-settore-turismo-maavi-e-confapi-turismo-calabria-incontrano-il-prefetto-di-reggio-calabria\/","name":"Abusivismo: MAAVI e Confapi Turismo Calabria incontrano il Prefetto","isPartOf":{"@id":"https:\/\/progettotouring.it\/radiotouring104\/#website"},"primaryImageOfPage":{"@id":"https:\/\/progettotouring.it\/radiotouring104\/2022\/06\/07\/abusivismo-nel-settore-turismo-maavi-e-confapi-turismo-calabria-incontrano-il-prefetto-di-reggio-calabria\/#primaryimage"},"image":{"@id":"https:\/\/progettotouring.it\/radiotouring104\/2022\/06\/07\/abusivismo-nel-settore-turismo-maavi-e-confapi-turismo-calabria-incontrano-il-prefetto-di-reggio-calabria\/#primaryimage"},"thumbnailUrl":"https:\/\/progettotouring.it\/radiotouring104\/wp-content\/uploads\/sites\/6\/2022\/05\/UniRC_la-citta.jpg","datePublished":"2022-06-07T10:53:42+00:00","dateModified":"2022-06-07T10:53:50+00:00","description":"Confapi Turismo Calabria e MAAVI hanno incontrato il Prefetto della Citt\u00e0 di Reggio Calabria Massimo Mariani in merito al tema dell'abusivismo","breadcrumb":{"@id":"https:\/\/progettotouring.it\/radiotouring104\/2022\/06\/07\/abusivismo-nel-settore-turismo-maavi-e-confapi-turismo-calabria-incontrano-il-prefetto-di-reggio-calabria\/#breadcrumb"},"inLanguage":"it-IT","potentialAction":[{"@type":"ReadAction","target":["https:\/\/progettotouring.it\/radiotouring104\/2022\/06\/07\/abusivismo-nel-settore-turismo-maavi-e-confapi-turismo-calabria-incontrano-il-prefetto-di-reggio-calabria\/"]}]},{"@type":"ImageObject","inLanguage":"it-IT","@id":"https:\/\/progettotouring.it\/radiotouring104\/2022\/06\/07\/abusivismo-nel-settore-turismo-maavi-e-confapi-turismo-calabria-incontrano-il-prefetto-di-reggio-calabria\/#primaryimage","url":"https:\/\/progettotouring.it\/radiotouring104\/wp-content\/uploads\/sites\/6\/2022\/05\/UniRC_la-citta.jpg","contentUrl":"https:\/\/progettotouring.it\/radiotouring104\/wp-content\/uploads\/sites\/6\/2022\/05\/UniRC_la-citta.jpg","width":1152,"height":768,"caption":"universit\u00e0 mediterranea reggio"},{"@type":"BreadcrumbList","@id":"https:\/\/progettotouring.it\/radiotouring104\/2022\/06\/07\/abusivismo-nel-settore-turismo-maavi-e-confapi-turismo-calabria-incontrano-il-prefetto-di-reggio-calabria\/#breadcrumb","itemListElement":[{"@type":"ListItem","position":1,"name":"Home","item":"https:\/\/progettotouring.it\/radiotouring104\/"},{"@type":"ListItem","position":2,"name":"Abusivismo nel Settore Turismo: MAAVI e Confapi Turismo Calabria incontrano il Prefetto di Reggio Calabria"}]},{"@type":"WebSite","@id":"https:\/\/progettotouring.it\/radiotouring104\/#website","url":"https:\/\/progettotouring.it\/radiotouring104\/","name":"Radio Touring 104","description":"La prima radio Reggina","publisher":{"@id":"https:\/\/progettotouring.it\/radiotouring104\/#organization"},"potentialAction":[{"@type":"SearchAction","target":{"@type":"EntryPoint","urlTemplate":"https:\/\/progettotouring.it\/radiotouring104\/?s={search_term_string}"},"query-input":{"@type":"PropertyValueSpecification","valueRequired":true,"valueName":"search_term_string"}}],"inLanguage":"it-IT"},{"@type":"Organization","@id":"https:\/\/progettotouring.it\/radiotouring104\/#organization","name":"Radio Touring 104","url":"https:\/\/progettotouring.it\/radiotouring104\/","logo":{"@type":"ImageObject","inLanguage":"it-IT","@id":"https:\/\/progettotouring.it\/radiotouring104\/#\/schema\/logo\/image\/","url":"https:\/\/progettotouring.it\/radiotouring104\/wp-content\/uploads\/sites\/6\/2022\/02\/cropped-logo-radio-touring-104.png","contentUrl":"https:\/\/progettotouring.it\/radiotouring104\/wp-content\/uploads\/sites\/6\/2022\/02\/cropped-logo-radio-touring-104.png","width":377,"height":182,"caption":"Radio Touring 104"},"image":{"@id":"https:\/\/progettotouring.it\/radiotouring104\/#\/schema\/logo\/image\/"}},{"@type":"Person","@id":"https:\/\/progettotouring.it\/radiotouring104\/#\/schema\/person\/1b3eb3c07c47136bc44c785c543e635f","name":"redazione","image":{"@type":"ImageObject","inLanguage":"it-IT","@id":"https:\/\/secure.gravatar.com\/avatar\/0b31605b49f100769e8b624b3e05de1b73e1692e9568a352f60f53fd072e6e11?s=96&d=mm&r=g","url":"https:\/\/secure.gravatar.com\/avatar\/0b31605b49f100769e8b624b3e05de1b73e1692e9568a352f60f53fd072e6e11?s=96&d=mm&r=g","contentUrl":"https:\/\/secure.gravatar.com\/avatar\/0b31605b49f100769e8b624b3e05de1b73e1692e9568a352f60f53fd072e6e11?s=96&d=mm&r=g","caption":"redazione"},"url":"https:\/\/progettotouring.it\/radiotouring104\/author\/redazione\/"}]}},"jetpack_publicize_connections":[],"jetpack_featured_media_url":"https:\/\/progettotouring.it\/radiotouring104\/wp-content\/uploads\/sites\/6\/2022\/05\/UniRC_la-citta.jpg","jetpack_sharing_enabled":true,"_links":{"self":[{"href":"https:\/\/progettotouring.it\/radiotouring104\/wp-json\/wp\/v2\/posts\/6287","targetHints":{"allow":["GET"]}}],"collection":[{"href":"https:\/\/progettotouring.it\/radiotouring104\/wp-json\/wp\/v2\/posts"}],"about":[{"href":"https:\/\/progettotouring.it\/radiotouring104\/wp-json\/wp\/v2\/types\/post"}],"author":[{"embeddable":true,"href":"https:\/\/progettotouring.it\/radiotouring104\/wp-json\/wp\/v2\/users\/5"}],"replies":[{"embeddable":true,"href":"https:\/\/progettotouring.it\/radiotouring104\/wp-json\/wp\/v2\/comments?post=6287"}],"version-history":[{"count":1,"href":"https:\/\/progettotouring.it\/radiotouring104\/wp-json\/wp\/v2\/posts\/6287\/revisions"}],"predecessor-version":[{"id":6288,"href":"https:\/\/progettotouring.it\/radiotouring104\/wp-json\/wp\/v2\/posts\/6287\/revisions\/6288"}],"wp:featuredmedia":[{"embeddable":true,"href":"https:\/\/progettotouring.it\/radiotouring104\/wp-json\/wp\/v2\/media\/4784"}],"wp:attachment":[{"href":"https:\/\/progettotouring.it\/radiotouring104\/wp-json\/wp\/v2\/media?parent=6287"}],"wp:term":[{"taxonomy":"category","embeddable":true,"href":"https:\/\/progettotouring.it\/radiotouring104\/wp-json\/wp\/v2\/categories?post=6287"},{"taxonomy":"post_tag","embeddable":true,"href":"https:\/\/progettotouring.it\/radiotouring104\/wp-json\/wp\/v2\/tags?post=6287"}],"curies":[{"name":"wp","href":"https:\/\/api.w.org\/{rel}","templated":true}]}}