{"id":6305,"date":"2022-06-07T14:48:22","date_gmt":"2022-06-07T12:48:22","guid":{"rendered":"https:\/\/progettotouring.it\/radiotouring104\/?p=6305"},"modified":"2022-06-07T14:48:44","modified_gmt":"2022-06-07T12:48:44","slug":"unireggio-nuove-guardie-ecologiche-a-presidio-del-territorio-metropolitano","status":"publish","type":"post","link":"https:\/\/progettotouring.it\/radiotouring104\/2022\/06\/07\/unireggio-nuove-guardie-ecologiche-a-presidio-del-territorio-metropolitano\/","title":{"rendered":"UniReggio: nuove Guardie Ecologiche a presidio del territorio metropolitano"},"content":{"rendered":"<p style=\"text-align: justify;\">Il sindaco metropolitano facente funzioni, Carmelo Versace, ha preso parte alla conferenza stampa di presentazione del corso, promosso da UniReggio, per il rilascio della qualifica di Guardie Ecologiche con specializzazione nella supervisione, prevenzione e sorveglianza del patrimonio forestale e faunistico.<\/p>\n<p>Nella sala \u201cGilda Trisolini\u201d della Citt\u00e0 Metropolitana, accanto a Paolo Ferrara, presidente UniReggio, a Leo Autelitano, presidente dell\u2019Ente Parco Nazionale dell\u2019Aspromonte, ai docenti esperti del corso, il capitano Cosimo Sframeli e Antonino Falcomat\u00e0, l\u2019inquilino di Palazzo Alvaro si \u00e8 detto \u00abparticolarmente felice per l\u2019avvio di un percorso importante per la tutela del patrimonio verde metropolitano piegato, soltanto un anno fa, da una terribile stagione di incendi e che purtroppo non risulta ancora indenne da rischi\u00bb.<\/p>\n<p>Il corso, autorizzato dalla Citt\u00e0 Metropolitana di Reggio Calabria, prevede anche la possibilit\u00e0 di svolgere lo stage formativo presso l\u2019Ente Parco Nazionale dell\u2019Aspromonte segno, secondo Versace, \u00abdi una proficua ed intelligente strategia di cooperazione istituzionale\u00bb.<\/p>\n<p>\u00abAbbiamo convintamente deciso di affiancare questo progetto \u2013 ha aggiunto il sindaco metropolitano facente funzioni \u2013 affinch\u00e9 si evitino i disastri del passato. Dunque, \u00e8 un corso azzeccato, il primo nel suo genere in Calabria, e si rivela fondamentale per contrastare situazioni scabrose che hanno visto fortemente penalizzati i nostri territori. D\u2019ora in avanti, quindi, potremo contare su figure specializzate non solo a monitorare e preservare i nostri ambienti, ma a scongiurare e prevenire fenomeni speciosi quali il proliferare di incendi o lo smaltimento e l\u2019abbandono indiscriminato di ogni tipo di rifiuto\u00bb.<\/p>\n<p>\u00abTutto questo \u2013 ha concluso Carmelo Versace &#8211; non pu\u00f2 che essere accolto in maniera positiva da un ente di programmazione qual \u00e8 la Citt\u00e0 Metropolitana che, anche in questo momento, ha deciso di stare al fianco di UniReggio. Gli illustri relatori che si sono alternati al tavolo della conferenza stampa, infatti, hanno messo a nudo le criticit\u00e0 di situazioni che viviamo da ormai troppo tempo. La speranza \u00e8 che le nuove Guardie ecologiche possano aiutarci a risolvere problematiche ataviche\u00bb.<\/p>\n<p>Soddisfatto a margine della conferenza di presentazione il Presidente di Unireggio Paolo Ferrara. \u00abAbbiamo fortemente voluto l&#8217;avvio di questo corso in un momento molto delicato per il nostro territorio &#8211; ha spiegato &#8211; parteciparvi non \u00e8 solo un&#8217;occasione per la crescita personale e professionale di chi sar\u00e0 coinvolto, ma un atto d&#8217;amore nei confronti della nostra terra\u00bb.<\/p>\n","protected":false},"excerpt":{"rendered":"<p>Il sindaco metropolitano facente funzioni, Carmelo Versace, ha preso parte alla conferenza stampa di presentazione del corso, promosso da UniReggio, per il rilascio della qualifica di Guardie Ecologiche con specializzazione&hellip;<\/p>\n","protected":false},"author":5,"featured_media":6306,"comment_status":"open","ping_status":"open","sticky":false,"template":"","format":"standard","meta":{"_jetpack_memberships_contains_paid_content":false,"footnotes":"","jetpack_publicize_message":"","jetpack_publicize_feature_enabled":true,"jetpack_social_post_already_shared":false,"jetpack_social_options":{"image_generator_settings":{"template":"highway","default_image_id":0,"font":"","enabled":false},"version":2}},"categories":[921,196,140],"tags":[2466,531,739,1042,2465],"class_list":["post-6305","post","type-post","status-publish","format-standard","has-post-thumbnail","hentry","category-home","category-news","category-reggio-calabria","tag-guardie-ecologiche","tag-metrocity","tag-palazzo-alvaro","tag-parco-nazionale-dellaspromonte","tag-unireggio"],"yoast_head":"<!-- This site is optimized with the Yoast SEO plugin v27.2 - https:\/\/yoast.com\/product\/yoast-seo-wordpress\/ -->\n<title>UniReggio: nuove Guardie Ecologiche a presidio del territorio<\/title>\n<meta name=\"description\" content=\"Presentato questa mattina a Palazzo Alvaro, con Metrocity e Parco Nazionale dell&#039;Aspromonte, il corso di formazione promosso da Unireggio\" \/>\n<meta name=\"robots\" content=\"index, follow, max-snippet:-1, max-image-preview:large, max-video-preview:-1\" \/>\n<link rel=\"canonical\" href=\"https:\/\/progettotouring.it\/radiotouring104\/2022\/06\/07\/unireggio-nuove-guardie-ecologiche-a-presidio-del-territorio-metropolitano\/\" \/>\n<meta property=\"og:locale\" content=\"it_IT\" \/>\n<meta property=\"og:type\" content=\"article\" \/>\n<meta property=\"og:title\" content=\"UniReggio: nuove Guardie Ecologiche a presidio del territorio\" \/>\n<meta property=\"og:description\" content=\"Presentato questa mattina a Palazzo Alvaro, con Metrocity e Parco Nazionale dell&#039;Aspromonte, il corso di formazione promosso da Unireggio\" \/>\n<meta property=\"og:url\" content=\"https:\/\/progettotouring.it\/radiotouring104\/2022\/06\/07\/unireggio-nuove-guardie-ecologiche-a-presidio-del-territorio-metropolitano\/\" \/>\n<meta property=\"og:site_name\" content=\"Radio Touring 104\" \/>\n<meta property=\"article:published_time\" content=\"2022-06-07T12:48:22+00:00\" \/>\n<meta property=\"article:modified_time\" content=\"2022-06-07T12:48:44+00:00\" \/>\n<meta property=\"og:image\" content=\"https:\/\/progettotouring.it\/radiotouring104\/wp-content\/uploads\/sites\/6\/2022\/06\/corso-guardie-ecologiche.jpeg\" \/>\n\t<meta property=\"og:image:width\" content=\"1599\" \/>\n\t<meta property=\"og:image:height\" content=\"1200\" \/>\n\t<meta property=\"og:image:type\" content=\"image\/jpeg\" \/>\n<meta name=\"author\" content=\"redazione\" \/>\n<meta name=\"twitter:card\" content=\"summary_large_image\" \/>\n<meta name=\"twitter:label1\" content=\"Scritto da\" \/>\n\t<meta name=\"twitter:data1\" content=\"redazione\" \/>\n\t<meta name=\"twitter:label2\" content=\"Tempo di lettura stimato\" \/>\n\t<meta name=\"twitter:data2\" content=\"2 minuti\" \/>\n<script type=\"application\/ld+json\" class=\"yoast-schema-graph\">{\"@context\":\"https:\/\/schema.org\",\"@graph\":[{\"@type\":\"Article\",\"@id\":\"https:\/\/progettotouring.it\/radiotouring104\/2022\/06\/07\/unireggio-nuove-guardie-ecologiche-a-presidio-del-territorio-metropolitano\/#article\",\"isPartOf\":{\"@id\":\"https:\/\/progettotouring.it\/radiotouring104\/2022\/06\/07\/unireggio-nuove-guardie-ecologiche-a-presidio-del-territorio-metropolitano\/\"},\"author\":{\"name\":\"redazione\",\"@id\":\"https:\/\/progettotouring.it\/radiotouring104\/#\/schema\/person\/1b3eb3c07c47136bc44c785c543e635f\"},\"headline\":\"UniReggio: nuove Guardie Ecologiche a presidio del territorio metropolitano\",\"datePublished\":\"2022-06-07T12:48:22+00:00\",\"dateModified\":\"2022-06-07T12:48:44+00:00\",\"mainEntityOfPage\":{\"@id\":\"https:\/\/progettotouring.it\/radiotouring104\/2022\/06\/07\/unireggio-nuove-guardie-ecologiche-a-presidio-del-territorio-metropolitano\/\"},\"wordCount\":388,\"commentCount\":0,\"publisher\":{\"@id\":\"https:\/\/progettotouring.it\/radiotouring104\/#organization\"},\"image\":{\"@id\":\"https:\/\/progettotouring.it\/radiotouring104\/2022\/06\/07\/unireggio-nuove-guardie-ecologiche-a-presidio-del-territorio-metropolitano\/#primaryimage\"},\"thumbnailUrl\":\"https:\/\/progettotouring.it\/radiotouring104\/wp-content\/uploads\/sites\/6\/2022\/06\/corso-guardie-ecologiche.jpeg\",\"keywords\":[\"guardie ecologiche\",\"Metrocity\",\"Palazzo Alvaro\",\"parco nazionale dell'aspromonte\",\"unireggio\"],\"articleSection\":[\"Home\",\"News\",\"Reggio Calabria\"],\"inLanguage\":\"it-IT\",\"potentialAction\":[{\"@type\":\"CommentAction\",\"name\":\"Comment\",\"target\":[\"https:\/\/progettotouring.it\/radiotouring104\/2022\/06\/07\/unireggio-nuove-guardie-ecologiche-a-presidio-del-territorio-metropolitano\/#respond\"]}]},{\"@type\":\"WebPage\",\"@id\":\"https:\/\/progettotouring.it\/radiotouring104\/2022\/06\/07\/unireggio-nuove-guardie-ecologiche-a-presidio-del-territorio-metropolitano\/\",\"url\":\"https:\/\/progettotouring.it\/radiotouring104\/2022\/06\/07\/unireggio-nuove-guardie-ecologiche-a-presidio-del-territorio-metropolitano\/\",\"name\":\"UniReggio: nuove Guardie Ecologiche a presidio del territorio\",\"isPartOf\":{\"@id\":\"https:\/\/progettotouring.it\/radiotouring104\/#website\"},\"primaryImageOfPage\":{\"@id\":\"https:\/\/progettotouring.it\/radiotouring104\/2022\/06\/07\/unireggio-nuove-guardie-ecologiche-a-presidio-del-territorio-metropolitano\/#primaryimage\"},\"image\":{\"@id\":\"https:\/\/progettotouring.it\/radiotouring104\/2022\/06\/07\/unireggio-nuove-guardie-ecologiche-a-presidio-del-territorio-metropolitano\/#primaryimage\"},\"thumbnailUrl\":\"https:\/\/progettotouring.it\/radiotouring104\/wp-content\/uploads\/sites\/6\/2022\/06\/corso-guardie-ecologiche.jpeg\",\"datePublished\":\"2022-06-07T12:48:22+00:00\",\"dateModified\":\"2022-06-07T12:48:44+00:00\",\"description\":\"Presentato questa mattina a Palazzo Alvaro, con Metrocity e Parco Nazionale dell'Aspromonte, il corso di formazione promosso da Unireggio\",\"breadcrumb\":{\"@id\":\"https:\/\/progettotouring.it\/radiotouring104\/2022\/06\/07\/unireggio-nuove-guardie-ecologiche-a-presidio-del-territorio-metropolitano\/#breadcrumb\"},\"inLanguage\":\"it-IT\",\"potentialAction\":[{\"@type\":\"ReadAction\",\"target\":[\"https:\/\/progettotouring.it\/radiotouring104\/2022\/06\/07\/unireggio-nuove-guardie-ecologiche-a-presidio-del-territorio-metropolitano\/\"]}]},{\"@type\":\"ImageObject\",\"inLanguage\":\"it-IT\",\"@id\":\"https:\/\/progettotouring.it\/radiotouring104\/2022\/06\/07\/unireggio-nuove-guardie-ecologiche-a-presidio-del-territorio-metropolitano\/#primaryimage\",\"url\":\"https:\/\/progettotouring.it\/radiotouring104\/wp-content\/uploads\/sites\/6\/2022\/06\/corso-guardie-ecologiche.jpeg\",\"contentUrl\":\"https:\/\/progettotouring.it\/radiotouring104\/wp-content\/uploads\/sites\/6\/2022\/06\/corso-guardie-ecologiche.jpeg\",\"width\":1599,\"height\":1200},{\"@type\":\"BreadcrumbList\",\"@id\":\"https:\/\/progettotouring.it\/radiotouring104\/2022\/06\/07\/unireggio-nuove-guardie-ecologiche-a-presidio-del-territorio-metropolitano\/#breadcrumb\",\"itemListElement\":[{\"@type\":\"ListItem\",\"position\":1,\"name\":\"Home\",\"item\":\"https:\/\/progettotouring.it\/radiotouring104\/\"},{\"@type\":\"ListItem\",\"position\":2,\"name\":\"UniReggio: nuove Guardie Ecologiche a presidio del territorio metropolitano\"}]},{\"@type\":\"WebSite\",\"@id\":\"https:\/\/progettotouring.it\/radiotouring104\/#website\",\"url\":\"https:\/\/progettotouring.it\/radiotouring104\/\",\"name\":\"Radio Touring 104\",\"description\":\"La prima radio Reggina\",\"publisher\":{\"@id\":\"https:\/\/progettotouring.it\/radiotouring104\/#organization\"},\"potentialAction\":[{\"@type\":\"SearchAction\",\"target\":{\"@type\":\"EntryPoint\",\"urlTemplate\":\"https:\/\/progettotouring.it\/radiotouring104\/?s={search_term_string}\"},\"query-input\":{\"@type\":\"PropertyValueSpecification\",\"valueRequired\":true,\"valueName\":\"search_term_string\"}}],\"inLanguage\":\"it-IT\"},{\"@type\":\"Organization\",\"@id\":\"https:\/\/progettotouring.it\/radiotouring104\/#organization\",\"name\":\"Radio Touring 104\",\"url\":\"https:\/\/progettotouring.it\/radiotouring104\/\",\"logo\":{\"@type\":\"ImageObject\",\"inLanguage\":\"it-IT\",\"@id\":\"https:\/\/progettotouring.it\/radiotouring104\/#\/schema\/logo\/image\/\",\"url\":\"https:\/\/progettotouring.it\/radiotouring104\/wp-content\/uploads\/sites\/6\/2022\/02\/cropped-logo-radio-touring-104.png\",\"contentUrl\":\"https:\/\/progettotouring.it\/radiotouring104\/wp-content\/uploads\/sites\/6\/2022\/02\/cropped-logo-radio-touring-104.png\",\"width\":377,\"height\":182,\"caption\":\"Radio Touring 104\"},\"image\":{\"@id\":\"https:\/\/progettotouring.it\/radiotouring104\/#\/schema\/logo\/image\/\"}},{\"@type\":\"Person\",\"@id\":\"https:\/\/progettotouring.it\/radiotouring104\/#\/schema\/person\/1b3eb3c07c47136bc44c785c543e635f\",\"name\":\"redazione\",\"image\":{\"@type\":\"ImageObject\",\"inLanguage\":\"it-IT\",\"@id\":\"https:\/\/secure.gravatar.com\/avatar\/0b31605b49f100769e8b624b3e05de1b73e1692e9568a352f60f53fd072e6e11?s=96&d=mm&r=g\",\"url\":\"https:\/\/secure.gravatar.com\/avatar\/0b31605b49f100769e8b624b3e05de1b73e1692e9568a352f60f53fd072e6e11?s=96&d=mm&r=g\",\"contentUrl\":\"https:\/\/secure.gravatar.com\/avatar\/0b31605b49f100769e8b624b3e05de1b73e1692e9568a352f60f53fd072e6e11?s=96&d=mm&r=g\",\"caption\":\"redazione\"},\"url\":\"https:\/\/progettotouring.it\/radiotouring104\/author\/redazione\/\"}]}<\/script>\n<!-- \/ Yoast SEO plugin. -->","yoast_head_json":{"title":"UniReggio: nuove Guardie Ecologiche a presidio del territorio","description":"Presentato questa mattina a Palazzo Alvaro, con Metrocity e Parco Nazionale dell'Aspromonte, il corso di formazione promosso da Unireggio","robots":{"index":"index","follow":"follow","max-snippet":"max-snippet:-1","max-image-preview":"max-image-preview:large","max-video-preview":"max-video-preview:-1"},"canonical":"https:\/\/progettotouring.it\/radiotouring104\/2022\/06\/07\/unireggio-nuove-guardie-ecologiche-a-presidio-del-territorio-metropolitano\/","og_locale":"it_IT","og_type":"article","og_title":"UniReggio: nuove Guardie Ecologiche a presidio del territorio","og_description":"Presentato questa mattina a Palazzo Alvaro, con Metrocity e Parco Nazionale dell'Aspromonte, il corso di formazione promosso da Unireggio","og_url":"https:\/\/progettotouring.it\/radiotouring104\/2022\/06\/07\/unireggio-nuove-guardie-ecologiche-a-presidio-del-territorio-metropolitano\/","og_site_name":"Radio Touring 104","article_published_time":"2022-06-07T12:48:22+00:00","article_modified_time":"2022-06-07T12:48:44+00:00","og_image":[{"width":1599,"height":1200,"url":"https:\/\/progettotouring.it\/radiotouring104\/wp-content\/uploads\/sites\/6\/2022\/06\/corso-guardie-ecologiche.jpeg","type":"image\/jpeg"}],"author":"redazione","twitter_card":"summary_large_image","twitter_misc":{"Scritto da":"redazione","Tempo di lettura stimato":"2 minuti"},"schema":{"@context":"https:\/\/schema.org","@graph":[{"@type":"Article","@id":"https:\/\/progettotouring.it\/radiotouring104\/2022\/06\/07\/unireggio-nuove-guardie-ecologiche-a-presidio-del-territorio-metropolitano\/#article","isPartOf":{"@id":"https:\/\/progettotouring.it\/radiotouring104\/2022\/06\/07\/unireggio-nuove-guardie-ecologiche-a-presidio-del-territorio-metropolitano\/"},"author":{"name":"redazione","@id":"https:\/\/progettotouring.it\/radiotouring104\/#\/schema\/person\/1b3eb3c07c47136bc44c785c543e635f"},"headline":"UniReggio: nuove Guardie Ecologiche a presidio del territorio metropolitano","datePublished":"2022-06-07T12:48:22+00:00","dateModified":"2022-06-07T12:48:44+00:00","mainEntityOfPage":{"@id":"https:\/\/progettotouring.it\/radiotouring104\/2022\/06\/07\/unireggio-nuove-guardie-ecologiche-a-presidio-del-territorio-metropolitano\/"},"wordCount":388,"commentCount":0,"publisher":{"@id":"https:\/\/progettotouring.it\/radiotouring104\/#organization"},"image":{"@id":"https:\/\/progettotouring.it\/radiotouring104\/2022\/06\/07\/unireggio-nuove-guardie-ecologiche-a-presidio-del-territorio-metropolitano\/#primaryimage"},"thumbnailUrl":"https:\/\/progettotouring.it\/radiotouring104\/wp-content\/uploads\/sites\/6\/2022\/06\/corso-guardie-ecologiche.jpeg","keywords":["guardie ecologiche","Metrocity","Palazzo Alvaro","parco nazionale dell'aspromonte","unireggio"],"articleSection":["Home","News","Reggio Calabria"],"inLanguage":"it-IT","potentialAction":[{"@type":"CommentAction","name":"Comment","target":["https:\/\/progettotouring.it\/radiotouring104\/2022\/06\/07\/unireggio-nuove-guardie-ecologiche-a-presidio-del-territorio-metropolitano\/#respond"]}]},{"@type":"WebPage","@id":"https:\/\/progettotouring.it\/radiotouring104\/2022\/06\/07\/unireggio-nuove-guardie-ecologiche-a-presidio-del-territorio-metropolitano\/","url":"https:\/\/progettotouring.it\/radiotouring104\/2022\/06\/07\/unireggio-nuove-guardie-ecologiche-a-presidio-del-territorio-metropolitano\/","name":"UniReggio: nuove Guardie Ecologiche a presidio del territorio","isPartOf":{"@id":"https:\/\/progettotouring.it\/radiotouring104\/#website"},"primaryImageOfPage":{"@id":"https:\/\/progettotouring.it\/radiotouring104\/2022\/06\/07\/unireggio-nuove-guardie-ecologiche-a-presidio-del-territorio-metropolitano\/#primaryimage"},"image":{"@id":"https:\/\/progettotouring.it\/radiotouring104\/2022\/06\/07\/unireggio-nuove-guardie-ecologiche-a-presidio-del-territorio-metropolitano\/#primaryimage"},"thumbnailUrl":"https:\/\/progettotouring.it\/radiotouring104\/wp-content\/uploads\/sites\/6\/2022\/06\/corso-guardie-ecologiche.jpeg","datePublished":"2022-06-07T12:48:22+00:00","dateModified":"2022-06-07T12:48:44+00:00","description":"Presentato questa mattina a Palazzo Alvaro, con Metrocity e Parco Nazionale dell'Aspromonte, il corso di formazione promosso da Unireggio","breadcrumb":{"@id":"https:\/\/progettotouring.it\/radiotouring104\/2022\/06\/07\/unireggio-nuove-guardie-ecologiche-a-presidio-del-territorio-metropolitano\/#breadcrumb"},"inLanguage":"it-IT","potentialAction":[{"@type":"ReadAction","target":["https:\/\/progettotouring.it\/radiotouring104\/2022\/06\/07\/unireggio-nuove-guardie-ecologiche-a-presidio-del-territorio-metropolitano\/"]}]},{"@type":"ImageObject","inLanguage":"it-IT","@id":"https:\/\/progettotouring.it\/radiotouring104\/2022\/06\/07\/unireggio-nuove-guardie-ecologiche-a-presidio-del-territorio-metropolitano\/#primaryimage","url":"https:\/\/progettotouring.it\/radiotouring104\/wp-content\/uploads\/sites\/6\/2022\/06\/corso-guardie-ecologiche.jpeg","contentUrl":"https:\/\/progettotouring.it\/radiotouring104\/wp-content\/uploads\/sites\/6\/2022\/06\/corso-guardie-ecologiche.jpeg","width":1599,"height":1200},{"@type":"BreadcrumbList","@id":"https:\/\/progettotouring.it\/radiotouring104\/2022\/06\/07\/unireggio-nuove-guardie-ecologiche-a-presidio-del-territorio-metropolitano\/#breadcrumb","itemListElement":[{"@type":"ListItem","position":1,"name":"Home","item":"https:\/\/progettotouring.it\/radiotouring104\/"},{"@type":"ListItem","position":2,"name":"UniReggio: nuove Guardie Ecologiche a presidio del territorio metropolitano"}]},{"@type":"WebSite","@id":"https:\/\/progettotouring.it\/radiotouring104\/#website","url":"https:\/\/progettotouring.it\/radiotouring104\/","name":"Radio Touring 104","description":"La prima radio Reggina","publisher":{"@id":"https:\/\/progettotouring.it\/radiotouring104\/#organization"},"potentialAction":[{"@type":"SearchAction","target":{"@type":"EntryPoint","urlTemplate":"https:\/\/progettotouring.it\/radiotouring104\/?s={search_term_string}"},"query-input":{"@type":"PropertyValueSpecification","valueRequired":true,"valueName":"search_term_string"}}],"inLanguage":"it-IT"},{"@type":"Organization","@id":"https:\/\/progettotouring.it\/radiotouring104\/#organization","name":"Radio Touring 104","url":"https:\/\/progettotouring.it\/radiotouring104\/","logo":{"@type":"ImageObject","inLanguage":"it-IT","@id":"https:\/\/progettotouring.it\/radiotouring104\/#\/schema\/logo\/image\/","url":"https:\/\/progettotouring.it\/radiotouring104\/wp-content\/uploads\/sites\/6\/2022\/02\/cropped-logo-radio-touring-104.png","contentUrl":"https:\/\/progettotouring.it\/radiotouring104\/wp-content\/uploads\/sites\/6\/2022\/02\/cropped-logo-radio-touring-104.png","width":377,"height":182,"caption":"Radio Touring 104"},"image":{"@id":"https:\/\/progettotouring.it\/radiotouring104\/#\/schema\/logo\/image\/"}},{"@type":"Person","@id":"https:\/\/progettotouring.it\/radiotouring104\/#\/schema\/person\/1b3eb3c07c47136bc44c785c543e635f","name":"redazione","image":{"@type":"ImageObject","inLanguage":"it-IT","@id":"https:\/\/secure.gravatar.com\/avatar\/0b31605b49f100769e8b624b3e05de1b73e1692e9568a352f60f53fd072e6e11?s=96&d=mm&r=g","url":"https:\/\/secure.gravatar.com\/avatar\/0b31605b49f100769e8b624b3e05de1b73e1692e9568a352f60f53fd072e6e11?s=96&d=mm&r=g","contentUrl":"https:\/\/secure.gravatar.com\/avatar\/0b31605b49f100769e8b624b3e05de1b73e1692e9568a352f60f53fd072e6e11?s=96&d=mm&r=g","caption":"redazione"},"url":"https:\/\/progettotouring.it\/radiotouring104\/author\/redazione\/"}]}},"jetpack_publicize_connections":[],"jetpack_featured_media_url":"https:\/\/progettotouring.it\/radiotouring104\/wp-content\/uploads\/sites\/6\/2022\/06\/corso-guardie-ecologiche.jpeg","jetpack_sharing_enabled":true,"_links":{"self":[{"href":"https:\/\/progettotouring.it\/radiotouring104\/wp-json\/wp\/v2\/posts\/6305","targetHints":{"allow":["GET"]}}],"collection":[{"href":"https:\/\/progettotouring.it\/radiotouring104\/wp-json\/wp\/v2\/posts"}],"about":[{"href":"https:\/\/progettotouring.it\/radiotouring104\/wp-json\/wp\/v2\/types\/post"}],"author":[{"embeddable":true,"href":"https:\/\/progettotouring.it\/radiotouring104\/wp-json\/wp\/v2\/users\/5"}],"replies":[{"embeddable":true,"href":"https:\/\/progettotouring.it\/radiotouring104\/wp-json\/wp\/v2\/comments?post=6305"}],"version-history":[{"count":1,"href":"https:\/\/progettotouring.it\/radiotouring104\/wp-json\/wp\/v2\/posts\/6305\/revisions"}],"predecessor-version":[{"id":6307,"href":"https:\/\/progettotouring.it\/radiotouring104\/wp-json\/wp\/v2\/posts\/6305\/revisions\/6307"}],"wp:featuredmedia":[{"embeddable":true,"href":"https:\/\/progettotouring.it\/radiotouring104\/wp-json\/wp\/v2\/media\/6306"}],"wp:attachment":[{"href":"https:\/\/progettotouring.it\/radiotouring104\/wp-json\/wp\/v2\/media?parent=6305"}],"wp:term":[{"taxonomy":"category","embeddable":true,"href":"https:\/\/progettotouring.it\/radiotouring104\/wp-json\/wp\/v2\/categories?post=6305"},{"taxonomy":"post_tag","embeddable":true,"href":"https:\/\/progettotouring.it\/radiotouring104\/wp-json\/wp\/v2\/tags?post=6305"}],"curies":[{"name":"wp","href":"https:\/\/api.w.org\/{rel}","templated":true}]}}