{"id":63227,"date":"2024-12-11T10:42:32","date_gmt":"2024-12-11T09:42:32","guid":{"rendered":"https:\/\/progettotouring.it\/radiotouring104\/?p=63227"},"modified":"2024-12-11T10:42:32","modified_gmt":"2024-12-11T09:42:32","slug":"a-reggio-un-workshop-su-giovani-digitale-e-territorio","status":"publish","type":"post","link":"https:\/\/progettotouring.it\/radiotouring104\/2024\/12\/11\/a-reggio-un-workshop-su-giovani-digitale-e-territorio\/","title":{"rendered":"A Reggio un workshop su Giovani, Digitale e Territorio"},"content":{"rendered":"<p class=\"xmprfx_MsoNormal\" style=\"text-align: justify\">Si svolger\u00e0 sabato 13 dic, tra le 9:15 e le 13:30, presso l\u2019Eu Corner del Comune -in via Nino Bixio n\u00b0 27- il workshop curato dal team di Will Media e Carmelo Traina: co-fondatore di Visionary Days.<\/p>\n<p class=\"xmprfx_MsoNormal\" style=\"text-align: justify\">Traina \u00e8 un ingegnere che ha creato un movimento, in Italia, in grado di coinvolgere oltre 100 mila giovani; portando le loro urgenze al centro del dibattito pubblico. Per 10 anni ha lavorato nel marketing di diverse realt\u00e0, tra cui Talent Garden, ed ha fatto impresa co-fondando aziende importanti di riferimento.<\/p>\n<p class=\"xmprfx_MsoNormal\" style=\"text-align: justify\">Dal 2022 \u00e8 tornato in Sicilia, regione d\u2019origine, per impegnarsi nel contrastare lo spopolamento creando un centro studi dedicato al tema e un festival per sollecitare l\u2019opinione pubblica ed attualmente \u00e8 responsabile marketing per Isola Catania e la nascente Fondazione Marea: entrambe realt\u00e0 impegnate a creare nuove opportunit\u00e0 per lo sviluppo della Sicilia.<\/p>\n<p>&nbsp;<\/p>\n<p class=\"xmprfx_MsoNormal\" style=\"text-align: justify\">Il programma prevede introduzione e saluti a cura del Centro Europe Direct di Reggio Calabria e, a seguire, un talk curato proprio da Carmelo Traina.<\/p>\n<p class=\"xmprfx_MsoNormal\" style=\"text-align: justify\">\u00a0\u201c<em>Da dove si comincia per affermare in Italia una cultura che valorizzi il diritto a tornare o a restare al Sud<\/em>?\u201d \u00e8 una delle domande su cui ci si interrogher\u00e0. Ne parleranno Giulia Bassetto e Paolo Bovio di Will Media con Carmelo Traina, fondatore della piattaforma Visionary Days e organizzatore del festival \u201c<em>Questa \u00e8 la mia terra<\/em>\u201d.<\/p>\n<p class=\"xmprfx_MsoNormal\" style=\"text-align: justify\">Nella seconda parte della mattinata, invece, ci sar\u00e0 un confronto sul futuro della citt\u00e0 per immaginare insieme nuove opportunit\u00e0 di cittadinanza attiva esplorando il come le esperienze e le politiche di altre citt\u00e0 europee possano offrire, eventualmente, spunti per costruire una comunit\u00e0 pi\u00f9 inclusiva, sostenibile e partecipativa.<\/p>\n<p class=\"xmprfx_MsoNormal\" style=\"text-align: justify\">Al termine del workshop si discuter\u00e0 degli spunti emersi e della loro applicabilit\u00e0 concreta sul territorio.<\/p>\n","protected":false},"excerpt":{"rendered":"<p>Si svolger\u00e0 sabato 13 dic, tra le 9:15 e le 13:30, presso l\u2019Eu Corner del Comune -in via Nino Bixio n\u00b0 27- il workshop curato dal team di Will Media&hellip;<\/p>\n","protected":false},"author":12,"featured_media":63228,"comment_status":"closed","ping_status":"open","sticky":false,"template":"","format":"standard","meta":{"_jetpack_memberships_contains_paid_content":false,"footnotes":"","jetpack_publicize_message":"","jetpack_publicize_feature_enabled":true,"jetpack_social_post_already_shared":true,"jetpack_social_options":{"image_generator_settings":{"template":"highway","default_image_id":0,"font":"","enabled":false},"version":2}},"categories":[921,196,140],"tags":[38527,38528,38530,38529,38526],"class_list":["post-63227","post","type-post","status-publish","format-standard","has-post-thumbnail","hentry","category-home","category-news","category-reggio-calabria","tag-eu-corner-del-comune","tag-carmelo-traina","tag-visionary-days","tag-will-media","tag-workshop-su-giovani"],"yoast_head":"<!-- This site is optimized with the Yoast SEO plugin v27.2 - https:\/\/yoast.com\/product\/yoast-seo-wordpress\/ -->\n<title>A Reggio un workshop su Giovani, Digitale e Territorio - Radio Touring 104<\/title>\n<meta name=\"description\" content=\"Il Workshop sul futuro della citt\u00e0 di Reggio, si terr\u00e0 all\u2019EU corner del Comune, sabato 13 dic, dalle 9:15 alle 13:30\" \/>\n<meta name=\"robots\" content=\"index, follow, max-snippet:-1, max-image-preview:large, max-video-preview:-1\" \/>\n<link rel=\"canonical\" href=\"https:\/\/progettotouring.it\/radiotouring104\/2024\/12\/11\/a-reggio-un-workshop-su-giovani-digitale-e-territorio\/\" \/>\n<meta property=\"og:locale\" content=\"it_IT\" \/>\n<meta property=\"og:type\" content=\"article\" \/>\n<meta property=\"og:title\" content=\"A Reggio un workshop su Giovani, Digitale e Territorio - Radio Touring 104\" \/>\n<meta property=\"og:description\" content=\"Il Workshop sul futuro della citt\u00e0 di Reggio, si terr\u00e0 all\u2019EU corner del Comune, sabato 13 dic, dalle 9:15 alle 13:30\" \/>\n<meta property=\"og:url\" content=\"https:\/\/progettotouring.it\/radiotouring104\/2024\/12\/11\/a-reggio-un-workshop-su-giovani-digitale-e-territorio\/\" \/>\n<meta property=\"og:site_name\" content=\"Radio Touring 104\" \/>\n<meta property=\"article:published_time\" content=\"2024-12-11T09:42:32+00:00\" \/>\n<meta property=\"og:image\" content=\"https:\/\/progettotouring.it\/radiotouring104\/wp-content\/uploads\/sites\/6\/2024\/12\/Europe-Direct-worshop-futuro-Reggio.jpeg\" \/>\n\t<meta property=\"og:image:width\" content=\"1506\" \/>\n\t<meta property=\"og:image:height\" content=\"773\" \/>\n\t<meta property=\"og:image:type\" content=\"image\/jpeg\" \/>\n<meta name=\"author\" content=\"Sebastiano Plutino\" \/>\n<meta name=\"twitter:card\" content=\"summary_large_image\" \/>\n<meta name=\"twitter:label1\" content=\"Scritto da\" \/>\n\t<meta name=\"twitter:data1\" content=\"Sebastiano Plutino\" \/>\n\t<meta name=\"twitter:label2\" content=\"Tempo di lettura stimato\" \/>\n\t<meta name=\"twitter:data2\" content=\"1 minuto\" \/>\n<script type=\"application\/ld+json\" class=\"yoast-schema-graph\">{\"@context\":\"https:\/\/schema.org\",\"@graph\":[{\"@type\":\"Article\",\"@id\":\"https:\/\/progettotouring.it\/radiotouring104\/2024\/12\/11\/a-reggio-un-workshop-su-giovani-digitale-e-territorio\/#article\",\"isPartOf\":{\"@id\":\"https:\/\/progettotouring.it\/radiotouring104\/2024\/12\/11\/a-reggio-un-workshop-su-giovani-digitale-e-territorio\/\"},\"author\":{\"name\":\"Sebastiano Plutino\",\"@id\":\"https:\/\/progettotouring.it\/radiotouring104\/#\/schema\/person\/78613917f1851f041f7483f5af1d422e\"},\"headline\":\"A Reggio un workshop su Giovani, Digitale e Territorio\",\"datePublished\":\"2024-12-11T09:42:32+00:00\",\"mainEntityOfPage\":{\"@id\":\"https:\/\/progettotouring.it\/radiotouring104\/2024\/12\/11\/a-reggio-un-workshop-su-giovani-digitale-e-territorio\/\"},\"wordCount\":288,\"publisher\":{\"@id\":\"https:\/\/progettotouring.it\/radiotouring104\/#organization\"},\"image\":{\"@id\":\"https:\/\/progettotouring.it\/radiotouring104\/2024\/12\/11\/a-reggio-un-workshop-su-giovani-digitale-e-territorio\/#primaryimage\"},\"thumbnailUrl\":\"https:\/\/progettotouring.it\/radiotouring104\/wp-content\/uploads\/sites\/6\/2024\/12\/Europe-Direct-worshop-futuro-Reggio.jpeg\",\"keywords\":[\"\u2019Eu Corner del Comune\",\"Carmelo Traina\",\"Visionary Days.\",\"Will Media\",\"workshop su Giovani\"],\"articleSection\":[\"Home\",\"News\",\"Reggio Calabria\"],\"inLanguage\":\"it-IT\"},{\"@type\":\"WebPage\",\"@id\":\"https:\/\/progettotouring.it\/radiotouring104\/2024\/12\/11\/a-reggio-un-workshop-su-giovani-digitale-e-territorio\/\",\"url\":\"https:\/\/progettotouring.it\/radiotouring104\/2024\/12\/11\/a-reggio-un-workshop-su-giovani-digitale-e-territorio\/\",\"name\":\"A Reggio un workshop su Giovani, Digitale e Territorio - Radio Touring 104\",\"isPartOf\":{\"@id\":\"https:\/\/progettotouring.it\/radiotouring104\/#website\"},\"primaryImageOfPage\":{\"@id\":\"https:\/\/progettotouring.it\/radiotouring104\/2024\/12\/11\/a-reggio-un-workshop-su-giovani-digitale-e-territorio\/#primaryimage\"},\"image\":{\"@id\":\"https:\/\/progettotouring.it\/radiotouring104\/2024\/12\/11\/a-reggio-un-workshop-su-giovani-digitale-e-territorio\/#primaryimage\"},\"thumbnailUrl\":\"https:\/\/progettotouring.it\/radiotouring104\/wp-content\/uploads\/sites\/6\/2024\/12\/Europe-Direct-worshop-futuro-Reggio.jpeg\",\"datePublished\":\"2024-12-11T09:42:32+00:00\",\"description\":\"Il Workshop sul futuro della citt\u00e0 di Reggio, si terr\u00e0 all\u2019EU corner del Comune, sabato 13 dic, dalle 9:15 alle 13:30\",\"breadcrumb\":{\"@id\":\"https:\/\/progettotouring.it\/radiotouring104\/2024\/12\/11\/a-reggio-un-workshop-su-giovani-digitale-e-territorio\/#breadcrumb\"},\"inLanguage\":\"it-IT\",\"potentialAction\":[{\"@type\":\"ReadAction\",\"target\":[\"https:\/\/progettotouring.it\/radiotouring104\/2024\/12\/11\/a-reggio-un-workshop-su-giovani-digitale-e-territorio\/\"]}]},{\"@type\":\"ImageObject\",\"inLanguage\":\"it-IT\",\"@id\":\"https:\/\/progettotouring.it\/radiotouring104\/2024\/12\/11\/a-reggio-un-workshop-su-giovani-digitale-e-territorio\/#primaryimage\",\"url\":\"https:\/\/progettotouring.it\/radiotouring104\/wp-content\/uploads\/sites\/6\/2024\/12\/Europe-Direct-worshop-futuro-Reggio.jpeg\",\"contentUrl\":\"https:\/\/progettotouring.it\/radiotouring104\/wp-content\/uploads\/sites\/6\/2024\/12\/Europe-Direct-worshop-futuro-Reggio.jpeg\",\"width\":1506,\"height\":773},{\"@type\":\"BreadcrumbList\",\"@id\":\"https:\/\/progettotouring.it\/radiotouring104\/2024\/12\/11\/a-reggio-un-workshop-su-giovani-digitale-e-territorio\/#breadcrumb\",\"itemListElement\":[{\"@type\":\"ListItem\",\"position\":1,\"name\":\"Home\",\"item\":\"https:\/\/progettotouring.it\/radiotouring104\/\"},{\"@type\":\"ListItem\",\"position\":2,\"name\":\"A Reggio un workshop su Giovani, Digitale e Territorio\"}]},{\"@type\":\"WebSite\",\"@id\":\"https:\/\/progettotouring.it\/radiotouring104\/#website\",\"url\":\"https:\/\/progettotouring.it\/radiotouring104\/\",\"name\":\"Radio Touring 104\",\"description\":\"La prima radio Reggina\",\"publisher\":{\"@id\":\"https:\/\/progettotouring.it\/radiotouring104\/#organization\"},\"potentialAction\":[{\"@type\":\"SearchAction\",\"target\":{\"@type\":\"EntryPoint\",\"urlTemplate\":\"https:\/\/progettotouring.it\/radiotouring104\/?s={search_term_string}\"},\"query-input\":{\"@type\":\"PropertyValueSpecification\",\"valueRequired\":true,\"valueName\":\"search_term_string\"}}],\"inLanguage\":\"it-IT\"},{\"@type\":\"Organization\",\"@id\":\"https:\/\/progettotouring.it\/radiotouring104\/#organization\",\"name\":\"Radio Touring 104\",\"url\":\"https:\/\/progettotouring.it\/radiotouring104\/\",\"logo\":{\"@type\":\"ImageObject\",\"inLanguage\":\"it-IT\",\"@id\":\"https:\/\/progettotouring.it\/radiotouring104\/#\/schema\/logo\/image\/\",\"url\":\"https:\/\/progettotouring.it\/radiotouring104\/wp-content\/uploads\/sites\/6\/2022\/02\/cropped-logo-radio-touring-104.png\",\"contentUrl\":\"https:\/\/progettotouring.it\/radiotouring104\/wp-content\/uploads\/sites\/6\/2022\/02\/cropped-logo-radio-touring-104.png\",\"width\":377,\"height\":182,\"caption\":\"Radio Touring 104\"},\"image\":{\"@id\":\"https:\/\/progettotouring.it\/radiotouring104\/#\/schema\/logo\/image\/\"}},{\"@type\":\"Person\",\"@id\":\"https:\/\/progettotouring.it\/radiotouring104\/#\/schema\/person\/78613917f1851f041f7483f5af1d422e\",\"name\":\"Sebastiano Plutino\",\"image\":{\"@type\":\"ImageObject\",\"inLanguage\":\"it-IT\",\"@id\":\"https:\/\/secure.gravatar.com\/avatar\/0546ffaa9b79224faf9f2a156b67a529ae861d3287c66c1d8ccfdf909bcba78d?s=96&d=mm&r=g\",\"url\":\"https:\/\/secure.gravatar.com\/avatar\/0546ffaa9b79224faf9f2a156b67a529ae861d3287c66c1d8ccfdf909bcba78d?s=96&d=mm&r=g\",\"contentUrl\":\"https:\/\/secure.gravatar.com\/avatar\/0546ffaa9b79224faf9f2a156b67a529ae861d3287c66c1d8ccfdf909bcba78d?s=96&d=mm&r=g\",\"caption\":\"Sebastiano Plutino\"},\"url\":\"https:\/\/progettotouring.it\/radiotouring104\/author\/sebastiano\/\"}]}<\/script>\n<!-- \/ Yoast SEO plugin. -->","yoast_head_json":{"title":"A Reggio un workshop su Giovani, Digitale e Territorio - Radio Touring 104","description":"Il Workshop sul futuro della citt\u00e0 di Reggio, si terr\u00e0 all\u2019EU corner del Comune, sabato 13 dic, dalle 9:15 alle 13:30","robots":{"index":"index","follow":"follow","max-snippet":"max-snippet:-1","max-image-preview":"max-image-preview:large","max-video-preview":"max-video-preview:-1"},"canonical":"https:\/\/progettotouring.it\/radiotouring104\/2024\/12\/11\/a-reggio-un-workshop-su-giovani-digitale-e-territorio\/","og_locale":"it_IT","og_type":"article","og_title":"A Reggio un workshop su Giovani, Digitale e Territorio - Radio Touring 104","og_description":"Il Workshop sul futuro della citt\u00e0 di Reggio, si terr\u00e0 all\u2019EU corner del Comune, sabato 13 dic, dalle 9:15 alle 13:30","og_url":"https:\/\/progettotouring.it\/radiotouring104\/2024\/12\/11\/a-reggio-un-workshop-su-giovani-digitale-e-territorio\/","og_site_name":"Radio Touring 104","article_published_time":"2024-12-11T09:42:32+00:00","og_image":[{"width":1506,"height":773,"url":"https:\/\/progettotouring.it\/radiotouring104\/wp-content\/uploads\/sites\/6\/2024\/12\/Europe-Direct-worshop-futuro-Reggio.jpeg","type":"image\/jpeg"}],"author":"Sebastiano Plutino","twitter_card":"summary_large_image","twitter_misc":{"Scritto da":"Sebastiano Plutino","Tempo di lettura stimato":"1 minuto"},"schema":{"@context":"https:\/\/schema.org","@graph":[{"@type":"Article","@id":"https:\/\/progettotouring.it\/radiotouring104\/2024\/12\/11\/a-reggio-un-workshop-su-giovani-digitale-e-territorio\/#article","isPartOf":{"@id":"https:\/\/progettotouring.it\/radiotouring104\/2024\/12\/11\/a-reggio-un-workshop-su-giovani-digitale-e-territorio\/"},"author":{"name":"Sebastiano Plutino","@id":"https:\/\/progettotouring.it\/radiotouring104\/#\/schema\/person\/78613917f1851f041f7483f5af1d422e"},"headline":"A Reggio un workshop su Giovani, Digitale e Territorio","datePublished":"2024-12-11T09:42:32+00:00","mainEntityOfPage":{"@id":"https:\/\/progettotouring.it\/radiotouring104\/2024\/12\/11\/a-reggio-un-workshop-su-giovani-digitale-e-territorio\/"},"wordCount":288,"publisher":{"@id":"https:\/\/progettotouring.it\/radiotouring104\/#organization"},"image":{"@id":"https:\/\/progettotouring.it\/radiotouring104\/2024\/12\/11\/a-reggio-un-workshop-su-giovani-digitale-e-territorio\/#primaryimage"},"thumbnailUrl":"https:\/\/progettotouring.it\/radiotouring104\/wp-content\/uploads\/sites\/6\/2024\/12\/Europe-Direct-worshop-futuro-Reggio.jpeg","keywords":["\u2019Eu Corner del Comune","Carmelo Traina","Visionary Days.","Will Media","workshop su Giovani"],"articleSection":["Home","News","Reggio Calabria"],"inLanguage":"it-IT"},{"@type":"WebPage","@id":"https:\/\/progettotouring.it\/radiotouring104\/2024\/12\/11\/a-reggio-un-workshop-su-giovani-digitale-e-territorio\/","url":"https:\/\/progettotouring.it\/radiotouring104\/2024\/12\/11\/a-reggio-un-workshop-su-giovani-digitale-e-territorio\/","name":"A Reggio un workshop su Giovani, Digitale e Territorio - Radio Touring 104","isPartOf":{"@id":"https:\/\/progettotouring.it\/radiotouring104\/#website"},"primaryImageOfPage":{"@id":"https:\/\/progettotouring.it\/radiotouring104\/2024\/12\/11\/a-reggio-un-workshop-su-giovani-digitale-e-territorio\/#primaryimage"},"image":{"@id":"https:\/\/progettotouring.it\/radiotouring104\/2024\/12\/11\/a-reggio-un-workshop-su-giovani-digitale-e-territorio\/#primaryimage"},"thumbnailUrl":"https:\/\/progettotouring.it\/radiotouring104\/wp-content\/uploads\/sites\/6\/2024\/12\/Europe-Direct-worshop-futuro-Reggio.jpeg","datePublished":"2024-12-11T09:42:32+00:00","description":"Il Workshop sul futuro della citt\u00e0 di Reggio, si terr\u00e0 all\u2019EU corner del Comune, sabato 13 dic, dalle 9:15 alle 13:30","breadcrumb":{"@id":"https:\/\/progettotouring.it\/radiotouring104\/2024\/12\/11\/a-reggio-un-workshop-su-giovani-digitale-e-territorio\/#breadcrumb"},"inLanguage":"it-IT","potentialAction":[{"@type":"ReadAction","target":["https:\/\/progettotouring.it\/radiotouring104\/2024\/12\/11\/a-reggio-un-workshop-su-giovani-digitale-e-territorio\/"]}]},{"@type":"ImageObject","inLanguage":"it-IT","@id":"https:\/\/progettotouring.it\/radiotouring104\/2024\/12\/11\/a-reggio-un-workshop-su-giovani-digitale-e-territorio\/#primaryimage","url":"https:\/\/progettotouring.it\/radiotouring104\/wp-content\/uploads\/sites\/6\/2024\/12\/Europe-Direct-worshop-futuro-Reggio.jpeg","contentUrl":"https:\/\/progettotouring.it\/radiotouring104\/wp-content\/uploads\/sites\/6\/2024\/12\/Europe-Direct-worshop-futuro-Reggio.jpeg","width":1506,"height":773},{"@type":"BreadcrumbList","@id":"https:\/\/progettotouring.it\/radiotouring104\/2024\/12\/11\/a-reggio-un-workshop-su-giovani-digitale-e-territorio\/#breadcrumb","itemListElement":[{"@type":"ListItem","position":1,"name":"Home","item":"https:\/\/progettotouring.it\/radiotouring104\/"},{"@type":"ListItem","position":2,"name":"A Reggio un workshop su Giovani, Digitale e Territorio"}]},{"@type":"WebSite","@id":"https:\/\/progettotouring.it\/radiotouring104\/#website","url":"https:\/\/progettotouring.it\/radiotouring104\/","name":"Radio Touring 104","description":"La prima radio Reggina","publisher":{"@id":"https:\/\/progettotouring.it\/radiotouring104\/#organization"},"potentialAction":[{"@type":"SearchAction","target":{"@type":"EntryPoint","urlTemplate":"https:\/\/progettotouring.it\/radiotouring104\/?s={search_term_string}"},"query-input":{"@type":"PropertyValueSpecification","valueRequired":true,"valueName":"search_term_string"}}],"inLanguage":"it-IT"},{"@type":"Organization","@id":"https:\/\/progettotouring.it\/radiotouring104\/#organization","name":"Radio Touring 104","url":"https:\/\/progettotouring.it\/radiotouring104\/","logo":{"@type":"ImageObject","inLanguage":"it-IT","@id":"https:\/\/progettotouring.it\/radiotouring104\/#\/schema\/logo\/image\/","url":"https:\/\/progettotouring.it\/radiotouring104\/wp-content\/uploads\/sites\/6\/2022\/02\/cropped-logo-radio-touring-104.png","contentUrl":"https:\/\/progettotouring.it\/radiotouring104\/wp-content\/uploads\/sites\/6\/2022\/02\/cropped-logo-radio-touring-104.png","width":377,"height":182,"caption":"Radio Touring 104"},"image":{"@id":"https:\/\/progettotouring.it\/radiotouring104\/#\/schema\/logo\/image\/"}},{"@type":"Person","@id":"https:\/\/progettotouring.it\/radiotouring104\/#\/schema\/person\/78613917f1851f041f7483f5af1d422e","name":"Sebastiano Plutino","image":{"@type":"ImageObject","inLanguage":"it-IT","@id":"https:\/\/secure.gravatar.com\/avatar\/0546ffaa9b79224faf9f2a156b67a529ae861d3287c66c1d8ccfdf909bcba78d?s=96&d=mm&r=g","url":"https:\/\/secure.gravatar.com\/avatar\/0546ffaa9b79224faf9f2a156b67a529ae861d3287c66c1d8ccfdf909bcba78d?s=96&d=mm&r=g","contentUrl":"https:\/\/secure.gravatar.com\/avatar\/0546ffaa9b79224faf9f2a156b67a529ae861d3287c66c1d8ccfdf909bcba78d?s=96&d=mm&r=g","caption":"Sebastiano Plutino"},"url":"https:\/\/progettotouring.it\/radiotouring104\/author\/sebastiano\/"}]}},"jetpack_publicize_connections":[],"jetpack_featured_media_url":"https:\/\/progettotouring.it\/radiotouring104\/wp-content\/uploads\/sites\/6\/2024\/12\/Europe-Direct-worshop-futuro-Reggio.jpeg","jetpack_sharing_enabled":true,"_links":{"self":[{"href":"https:\/\/progettotouring.it\/radiotouring104\/wp-json\/wp\/v2\/posts\/63227","targetHints":{"allow":["GET"]}}],"collection":[{"href":"https:\/\/progettotouring.it\/radiotouring104\/wp-json\/wp\/v2\/posts"}],"about":[{"href":"https:\/\/progettotouring.it\/radiotouring104\/wp-json\/wp\/v2\/types\/post"}],"author":[{"embeddable":true,"href":"https:\/\/progettotouring.it\/radiotouring104\/wp-json\/wp\/v2\/users\/12"}],"replies":[{"embeddable":true,"href":"https:\/\/progettotouring.it\/radiotouring104\/wp-json\/wp\/v2\/comments?post=63227"}],"version-history":[{"count":1,"href":"https:\/\/progettotouring.it\/radiotouring104\/wp-json\/wp\/v2\/posts\/63227\/revisions"}],"predecessor-version":[{"id":63229,"href":"https:\/\/progettotouring.it\/radiotouring104\/wp-json\/wp\/v2\/posts\/63227\/revisions\/63229"}],"wp:featuredmedia":[{"embeddable":true,"href":"https:\/\/progettotouring.it\/radiotouring104\/wp-json\/wp\/v2\/media\/63228"}],"wp:attachment":[{"href":"https:\/\/progettotouring.it\/radiotouring104\/wp-json\/wp\/v2\/media?parent=63227"}],"wp:term":[{"taxonomy":"category","embeddable":true,"href":"https:\/\/progettotouring.it\/radiotouring104\/wp-json\/wp\/v2\/categories?post=63227"},{"taxonomy":"post_tag","embeddable":true,"href":"https:\/\/progettotouring.it\/radiotouring104\/wp-json\/wp\/v2\/tags?post=63227"}],"curies":[{"name":"wp","href":"https:\/\/api.w.org\/{rel}","templated":true}]}}