{"id":63230,"date":"2024-12-11T10:51:03","date_gmt":"2024-12-11T09:51:03","guid":{"rendered":"https:\/\/progettotouring.it\/radiotouring104\/?p=63230"},"modified":"2024-12-11T10:51:03","modified_gmt":"2024-12-11T09:51:03","slug":"al-parlamento-europeo-un-incontro-su-unazione-sinergica-e-di-sistema-nellinteresse-della-calabria","status":"publish","type":"post","link":"https:\/\/progettotouring.it\/radiotouring104\/2024\/12\/11\/al-parlamento-europeo-un-incontro-su-unazione-sinergica-e-di-sistema-nellinteresse-della-calabria\/","title":{"rendered":"Al Parlamento Europeo un incontro su \u201cUn\u2019azione sinergica e di sistema nell\u2019interesse della Calabria\u201d"},"content":{"rendered":"<p class=\"xmprfx_MsoNormal\" style=\"text-align: justify\">Portare avanti un\u2019azione sinergica e di sistema nell&#8217;interesse della Calabria, del suo ambito economico e sociale, delle realt\u00e0 imprenditoriali e della sua comunit\u00e0 in senso lato, dando vita a un tavolo permanente appositamente dedicato.\u00a0\u00a0\u00c8 la proposta venuta fuori dal momento costruttivo di confronto che la delegazione di\u00a0<b>Ance Calabria<\/b>\u00a0ha avuto con\u00a0<b>l&#8217;eurodeputato Denis Nesci<\/b>\u00a0nella sede del Parlamento Europeo a Bruxelles, il Funzionario della Commissione Europea DG Politiche Regionali e Urbana\u00a0<b>Gian Nicola Loi<\/b>, il Responsabile Ufficio Regione Calabria a Bruxelles\u00a0<b>Carlo Polidori<\/b>.<\/p>\n<p class=\"xmprfx_MsoNormal\" style=\"text-align: justify\">Nel corso della riunione si \u00e8 discusso dei principali dossier di cui si sta occupando la delegazione italiana al Parlamento Europeo e, in particolare, dei progetti che l&#8217;onorevole Nesci sta approfondendo, tra cui politiche per l&#8217;acqua, l&#8217;ambiente e l&#8217;energia, dogane, borghi.<\/p>\n<p class=\"xmprfx_MsoNormal\" style=\"text-align: justify\">Il presidente di Ance Calabria\u00a0<b>Roberto Rugna<\/b>, a capo della delegazione dei costruttori edili calabresi, ha sottolineato che \u201cseguiamo gli sviluppi della nuova Commissione Europea, abbiamo grandi aspettative perch\u00e9 siamo consapevoli che quello di cui discute il Parlamento Europea riguardi molto da vicino la crescita del nostro territorio. Siamo giustamente preoccupati di quello che sar\u00e0 dopo il Pnrr, auspichiamo che si discuti per tempo di nuove politiche per il Sud\u201d.<\/p>\n<p class=\"xmprfx_MsoNormal\" style=\"text-align: justify\"><b>L&#8217;eurodeputato Denis Nesci<\/b>\u00a0ha evidenziato l&#8217;importanza del lavoro che si svolge nelle istituzioni europee perch\u00e9 \u201cquello che si decide tra Bruxelles e Strasburgo a cascata interesser\u00e0 e definir\u00e0 l&#8217;attivit\u00e0 strategica in Italia e nelle regioni. La politica di coesione \u00e8 strategica, dobbiamo lavorare insieme sulle prospettive per saper cogliere le opportunit\u00e0. Lo sviluppo della nostra terra pu\u00f2 avvenire dalla sinergia tra associazioni, territori e istituzioni. Sono qui per rappresentare un Sud che si rifiuta di arrendersi\u201d.<\/p>\n<p class=\"xmprfx_MsoNormal\" style=\"text-align: justify\"><b>Il vicepresidente nazionale di Ance Giovan Battista Perciaccante<\/b>\u00a0ha detto che \u201coggi pi\u00f9 che mai ci sono le condizioni per poter crescere e definire insieme le linee di un impegno comune. Abbiamo le competenze per poterlo fare e il senso di responsabilit\u00e0 che ci anima \u00e8 profondo. Siamo impegnati per offrire opportunit\u00e0 ai giovani in maniera tale da consentire loro di restare in Calabria. Nella stessa misura siamo preoccupati dello spopolamento dei nostri borghi, di cui purtroppo le statistiche economiche parlano ogni giorno evidenziando gli squilibri presenti ed i rischi connessi\u201d.<\/p>\n<p class=\"xmprfx_MsoNormal\" style=\"text-align: justify\">Presenti all&#8217;importante incontro i presidenti di Ance Catanzaro\u00a0<b>Luigi Alfieri<\/b>, di Ance Cosenza\u00a0<i>Giuseppe Galiano<\/i>, di Ance Crotone\u00a0<b>Giuseppe Sammarco<\/b>, di Ance Reggio Calabria\u00a0<b>Michele Lagan\u00e0<\/b>, con il direttore Ance Calabria\u00a0<b>Luigi Leone<\/b>, di Cosenza\u00a0<b>Rosario Branda<\/b>, di Reggio Calabria\u00a0<b>Antonino Tropea<\/b>, il Responsabile Ufficio Ance a Bruxelles\u00a0<b>Pasquale Ialongo<\/b>.<\/p>\n","protected":false},"excerpt":{"rendered":"<p>Portare avanti un\u2019azione sinergica e di sistema nell&#8217;interesse della Calabria, del suo ambito economico e sociale, delle realt\u00e0 imprenditoriali e della sua comunit\u00e0 in senso lato, dando vita a un&hellip;<\/p>\n","protected":false},"author":12,"featured_media":63231,"comment_status":"closed","ping_status":"open","sticky":false,"template":"","format":"standard","meta":{"_jetpack_memberships_contains_paid_content":false,"footnotes":"","jetpack_publicize_message":"","jetpack_publicize_feature_enabled":true,"jetpack_social_post_already_shared":true,"jetpack_social_options":{"image_generator_settings":{"template":"highway","default_image_id":0,"font":"","enabled":false},"version":2}},"categories":[142,921,196],"tags":[3501,3291,3303,37117,38531],"class_list":["post-63230","post","type-post","status-publish","format-standard","has-post-thumbnail","hentry","category-calabria","category-home","category-news","tag-ance-calabria","tag-denis-nesci","tag-michele-lagana","tag-parlamento-europeo-a-bruxelles","tag-sistema-nellinteresse-della-calabria"],"yoast_head":"<!-- This site is optimized with the Yoast SEO plugin v27.2 - https:\/\/yoast.com\/product\/yoast-seo-wordpress\/ -->\n<title>Al Parlamento UE incontro tra Ance Calabria e Denis Nesci<\/title>\n<meta name=\"description\" content=\"Svolto al Parlamento Europeo, a Bruxelles, un incontro tra una delegazione di\u00a0Ance Calabria e l&#039;eurodeputato Nesci\" \/>\n<meta name=\"robots\" content=\"index, follow, max-snippet:-1, max-image-preview:large, max-video-preview:-1\" \/>\n<link rel=\"canonical\" href=\"https:\/\/progettotouring.it\/radiotouring104\/2024\/12\/11\/al-parlamento-europeo-un-incontro-su-unazione-sinergica-e-di-sistema-nellinteresse-della-calabria\/\" \/>\n<meta property=\"og:locale\" content=\"it_IT\" \/>\n<meta property=\"og:type\" content=\"article\" \/>\n<meta property=\"og:title\" content=\"Al Parlamento UE incontro tra Ance Calabria e Denis Nesci\" \/>\n<meta property=\"og:description\" content=\"Svolto al Parlamento Europeo, a Bruxelles, un incontro tra una delegazione di\u00a0Ance Calabria e l&#039;eurodeputato Nesci\" \/>\n<meta property=\"og:url\" content=\"https:\/\/progettotouring.it\/radiotouring104\/2024\/12\/11\/al-parlamento-europeo-un-incontro-su-unazione-sinergica-e-di-sistema-nellinteresse-della-calabria\/\" \/>\n<meta property=\"og:site_name\" content=\"Radio Touring 104\" \/>\n<meta property=\"article:published_time\" content=\"2024-12-11T09:51:03+00:00\" \/>\n<meta property=\"og:image\" content=\"https:\/\/progettotouring.it\/radiotouring104\/wp-content\/uploads\/sites\/6\/2024\/12\/DELEGAZIONE-2-al-centro-Rugna-e-Nesci.jpg\" \/>\n\t<meta property=\"og:image:width\" content=\"2048\" \/>\n\t<meta property=\"og:image:height\" content=\"1729\" \/>\n\t<meta property=\"og:image:type\" content=\"image\/jpeg\" \/>\n<meta name=\"author\" content=\"Sebastiano Plutino\" \/>\n<meta name=\"twitter:card\" content=\"summary_large_image\" \/>\n<meta name=\"twitter:label1\" content=\"Scritto da\" \/>\n\t<meta name=\"twitter:data1\" content=\"Sebastiano Plutino\" \/>\n\t<meta name=\"twitter:label2\" content=\"Tempo di lettura stimato\" \/>\n\t<meta name=\"twitter:data2\" content=\"2 minuti\" \/>\n<script type=\"application\/ld+json\" class=\"yoast-schema-graph\">{\"@context\":\"https:\/\/schema.org\",\"@graph\":[{\"@type\":\"Article\",\"@id\":\"https:\/\/progettotouring.it\/radiotouring104\/2024\/12\/11\/al-parlamento-europeo-un-incontro-su-unazione-sinergica-e-di-sistema-nellinteresse-della-calabria\/#article\",\"isPartOf\":{\"@id\":\"https:\/\/progettotouring.it\/radiotouring104\/2024\/12\/11\/al-parlamento-europeo-un-incontro-su-unazione-sinergica-e-di-sistema-nellinteresse-della-calabria\/\"},\"author\":{\"name\":\"Sebastiano Plutino\",\"@id\":\"https:\/\/progettotouring.it\/radiotouring104\/#\/schema\/person\/78613917f1851f041f7483f5af1d422e\"},\"headline\":\"Al Parlamento Europeo un incontro su \u201cUn\u2019azione sinergica e di sistema nell\u2019interesse della Calabria\u201d\",\"datePublished\":\"2024-12-11T09:51:03+00:00\",\"mainEntityOfPage\":{\"@id\":\"https:\/\/progettotouring.it\/radiotouring104\/2024\/12\/11\/al-parlamento-europeo-un-incontro-su-unazione-sinergica-e-di-sistema-nellinteresse-della-calabria\/\"},\"wordCount\":426,\"publisher\":{\"@id\":\"https:\/\/progettotouring.it\/radiotouring104\/#organization\"},\"image\":{\"@id\":\"https:\/\/progettotouring.it\/radiotouring104\/2024\/12\/11\/al-parlamento-europeo-un-incontro-su-unazione-sinergica-e-di-sistema-nellinteresse-della-calabria\/#primaryimage\"},\"thumbnailUrl\":\"https:\/\/progettotouring.it\/radiotouring104\/wp-content\/uploads\/sites\/6\/2024\/12\/DELEGAZIONE-2-al-centro-Rugna-e-Nesci.jpg\",\"keywords\":[\"ance calabria\",\"Denis Nesci\",\"Michele Lagan\u00e0\",\"Parlamento europeo a Bruxelles.\",\"sistema nell'interesse della Calabria\"],\"articleSection\":[\"Calabria\",\"Home\",\"News\"],\"inLanguage\":\"it-IT\"},{\"@type\":\"WebPage\",\"@id\":\"https:\/\/progettotouring.it\/radiotouring104\/2024\/12\/11\/al-parlamento-europeo-un-incontro-su-unazione-sinergica-e-di-sistema-nellinteresse-della-calabria\/\",\"url\":\"https:\/\/progettotouring.it\/radiotouring104\/2024\/12\/11\/al-parlamento-europeo-un-incontro-su-unazione-sinergica-e-di-sistema-nellinteresse-della-calabria\/\",\"name\":\"Al Parlamento UE incontro tra Ance Calabria e Denis Nesci\",\"isPartOf\":{\"@id\":\"https:\/\/progettotouring.it\/radiotouring104\/#website\"},\"primaryImageOfPage\":{\"@id\":\"https:\/\/progettotouring.it\/radiotouring104\/2024\/12\/11\/al-parlamento-europeo-un-incontro-su-unazione-sinergica-e-di-sistema-nellinteresse-della-calabria\/#primaryimage\"},\"image\":{\"@id\":\"https:\/\/progettotouring.it\/radiotouring104\/2024\/12\/11\/al-parlamento-europeo-un-incontro-su-unazione-sinergica-e-di-sistema-nellinteresse-della-calabria\/#primaryimage\"},\"thumbnailUrl\":\"https:\/\/progettotouring.it\/radiotouring104\/wp-content\/uploads\/sites\/6\/2024\/12\/DELEGAZIONE-2-al-centro-Rugna-e-Nesci.jpg\",\"datePublished\":\"2024-12-11T09:51:03+00:00\",\"description\":\"Svolto al Parlamento Europeo, a Bruxelles, un incontro tra una delegazione di\u00a0Ance Calabria e l'eurodeputato Nesci\",\"breadcrumb\":{\"@id\":\"https:\/\/progettotouring.it\/radiotouring104\/2024\/12\/11\/al-parlamento-europeo-un-incontro-su-unazione-sinergica-e-di-sistema-nellinteresse-della-calabria\/#breadcrumb\"},\"inLanguage\":\"it-IT\",\"potentialAction\":[{\"@type\":\"ReadAction\",\"target\":[\"https:\/\/progettotouring.it\/radiotouring104\/2024\/12\/11\/al-parlamento-europeo-un-incontro-su-unazione-sinergica-e-di-sistema-nellinteresse-della-calabria\/\"]}]},{\"@type\":\"ImageObject\",\"inLanguage\":\"it-IT\",\"@id\":\"https:\/\/progettotouring.it\/radiotouring104\/2024\/12\/11\/al-parlamento-europeo-un-incontro-su-unazione-sinergica-e-di-sistema-nellinteresse-della-calabria\/#primaryimage\",\"url\":\"https:\/\/progettotouring.it\/radiotouring104\/wp-content\/uploads\/sites\/6\/2024\/12\/DELEGAZIONE-2-al-centro-Rugna-e-Nesci.jpg\",\"contentUrl\":\"https:\/\/progettotouring.it\/radiotouring104\/wp-content\/uploads\/sites\/6\/2024\/12\/DELEGAZIONE-2-al-centro-Rugna-e-Nesci.jpg\",\"width\":2048,\"height\":1729},{\"@type\":\"BreadcrumbList\",\"@id\":\"https:\/\/progettotouring.it\/radiotouring104\/2024\/12\/11\/al-parlamento-europeo-un-incontro-su-unazione-sinergica-e-di-sistema-nellinteresse-della-calabria\/#breadcrumb\",\"itemListElement\":[{\"@type\":\"ListItem\",\"position\":1,\"name\":\"Home\",\"item\":\"https:\/\/progettotouring.it\/radiotouring104\/\"},{\"@type\":\"ListItem\",\"position\":2,\"name\":\"Al Parlamento Europeo un incontro su \u201cUn\u2019azione sinergica e di sistema nell\u2019interesse della Calabria\u201d\"}]},{\"@type\":\"WebSite\",\"@id\":\"https:\/\/progettotouring.it\/radiotouring104\/#website\",\"url\":\"https:\/\/progettotouring.it\/radiotouring104\/\",\"name\":\"Radio Touring 104\",\"description\":\"La prima radio Reggina\",\"publisher\":{\"@id\":\"https:\/\/progettotouring.it\/radiotouring104\/#organization\"},\"potentialAction\":[{\"@type\":\"SearchAction\",\"target\":{\"@type\":\"EntryPoint\",\"urlTemplate\":\"https:\/\/progettotouring.it\/radiotouring104\/?s={search_term_string}\"},\"query-input\":{\"@type\":\"PropertyValueSpecification\",\"valueRequired\":true,\"valueName\":\"search_term_string\"}}],\"inLanguage\":\"it-IT\"},{\"@type\":\"Organization\",\"@id\":\"https:\/\/progettotouring.it\/radiotouring104\/#organization\",\"name\":\"Radio Touring 104\",\"url\":\"https:\/\/progettotouring.it\/radiotouring104\/\",\"logo\":{\"@type\":\"ImageObject\",\"inLanguage\":\"it-IT\",\"@id\":\"https:\/\/progettotouring.it\/radiotouring104\/#\/schema\/logo\/image\/\",\"url\":\"https:\/\/progettotouring.it\/radiotouring104\/wp-content\/uploads\/sites\/6\/2022\/02\/cropped-logo-radio-touring-104.png\",\"contentUrl\":\"https:\/\/progettotouring.it\/radiotouring104\/wp-content\/uploads\/sites\/6\/2022\/02\/cropped-logo-radio-touring-104.png\",\"width\":377,\"height\":182,\"caption\":\"Radio Touring 104\"},\"image\":{\"@id\":\"https:\/\/progettotouring.it\/radiotouring104\/#\/schema\/logo\/image\/\"}},{\"@type\":\"Person\",\"@id\":\"https:\/\/progettotouring.it\/radiotouring104\/#\/schema\/person\/78613917f1851f041f7483f5af1d422e\",\"name\":\"Sebastiano Plutino\",\"image\":{\"@type\":\"ImageObject\",\"inLanguage\":\"it-IT\",\"@id\":\"https:\/\/secure.gravatar.com\/avatar\/0546ffaa9b79224faf9f2a156b67a529ae861d3287c66c1d8ccfdf909bcba78d?s=96&d=mm&r=g\",\"url\":\"https:\/\/secure.gravatar.com\/avatar\/0546ffaa9b79224faf9f2a156b67a529ae861d3287c66c1d8ccfdf909bcba78d?s=96&d=mm&r=g\",\"contentUrl\":\"https:\/\/secure.gravatar.com\/avatar\/0546ffaa9b79224faf9f2a156b67a529ae861d3287c66c1d8ccfdf909bcba78d?s=96&d=mm&r=g\",\"caption\":\"Sebastiano Plutino\"},\"url\":\"https:\/\/progettotouring.it\/radiotouring104\/author\/sebastiano\/\"}]}<\/script>\n<!-- \/ Yoast SEO plugin. -->","yoast_head_json":{"title":"Al Parlamento UE incontro tra Ance Calabria e Denis Nesci","description":"Svolto al Parlamento Europeo, a Bruxelles, un incontro tra una delegazione di\u00a0Ance Calabria e l'eurodeputato Nesci","robots":{"index":"index","follow":"follow","max-snippet":"max-snippet:-1","max-image-preview":"max-image-preview:large","max-video-preview":"max-video-preview:-1"},"canonical":"https:\/\/progettotouring.it\/radiotouring104\/2024\/12\/11\/al-parlamento-europeo-un-incontro-su-unazione-sinergica-e-di-sistema-nellinteresse-della-calabria\/","og_locale":"it_IT","og_type":"article","og_title":"Al Parlamento UE incontro tra Ance Calabria e Denis Nesci","og_description":"Svolto al Parlamento Europeo, a Bruxelles, un incontro tra una delegazione di\u00a0Ance Calabria e l'eurodeputato Nesci","og_url":"https:\/\/progettotouring.it\/radiotouring104\/2024\/12\/11\/al-parlamento-europeo-un-incontro-su-unazione-sinergica-e-di-sistema-nellinteresse-della-calabria\/","og_site_name":"Radio Touring 104","article_published_time":"2024-12-11T09:51:03+00:00","og_image":[{"width":2048,"height":1729,"url":"https:\/\/progettotouring.it\/radiotouring104\/wp-content\/uploads\/sites\/6\/2024\/12\/DELEGAZIONE-2-al-centro-Rugna-e-Nesci.jpg","type":"image\/jpeg"}],"author":"Sebastiano Plutino","twitter_card":"summary_large_image","twitter_misc":{"Scritto da":"Sebastiano Plutino","Tempo di lettura stimato":"2 minuti"},"schema":{"@context":"https:\/\/schema.org","@graph":[{"@type":"Article","@id":"https:\/\/progettotouring.it\/radiotouring104\/2024\/12\/11\/al-parlamento-europeo-un-incontro-su-unazione-sinergica-e-di-sistema-nellinteresse-della-calabria\/#article","isPartOf":{"@id":"https:\/\/progettotouring.it\/radiotouring104\/2024\/12\/11\/al-parlamento-europeo-un-incontro-su-unazione-sinergica-e-di-sistema-nellinteresse-della-calabria\/"},"author":{"name":"Sebastiano Plutino","@id":"https:\/\/progettotouring.it\/radiotouring104\/#\/schema\/person\/78613917f1851f041f7483f5af1d422e"},"headline":"Al Parlamento Europeo un incontro su \u201cUn\u2019azione sinergica e di sistema nell\u2019interesse della Calabria\u201d","datePublished":"2024-12-11T09:51:03+00:00","mainEntityOfPage":{"@id":"https:\/\/progettotouring.it\/radiotouring104\/2024\/12\/11\/al-parlamento-europeo-un-incontro-su-unazione-sinergica-e-di-sistema-nellinteresse-della-calabria\/"},"wordCount":426,"publisher":{"@id":"https:\/\/progettotouring.it\/radiotouring104\/#organization"},"image":{"@id":"https:\/\/progettotouring.it\/radiotouring104\/2024\/12\/11\/al-parlamento-europeo-un-incontro-su-unazione-sinergica-e-di-sistema-nellinteresse-della-calabria\/#primaryimage"},"thumbnailUrl":"https:\/\/progettotouring.it\/radiotouring104\/wp-content\/uploads\/sites\/6\/2024\/12\/DELEGAZIONE-2-al-centro-Rugna-e-Nesci.jpg","keywords":["ance calabria","Denis Nesci","Michele Lagan\u00e0","Parlamento europeo a Bruxelles.","sistema nell'interesse della Calabria"],"articleSection":["Calabria","Home","News"],"inLanguage":"it-IT"},{"@type":"WebPage","@id":"https:\/\/progettotouring.it\/radiotouring104\/2024\/12\/11\/al-parlamento-europeo-un-incontro-su-unazione-sinergica-e-di-sistema-nellinteresse-della-calabria\/","url":"https:\/\/progettotouring.it\/radiotouring104\/2024\/12\/11\/al-parlamento-europeo-un-incontro-su-unazione-sinergica-e-di-sistema-nellinteresse-della-calabria\/","name":"Al Parlamento UE incontro tra Ance Calabria e Denis Nesci","isPartOf":{"@id":"https:\/\/progettotouring.it\/radiotouring104\/#website"},"primaryImageOfPage":{"@id":"https:\/\/progettotouring.it\/radiotouring104\/2024\/12\/11\/al-parlamento-europeo-un-incontro-su-unazione-sinergica-e-di-sistema-nellinteresse-della-calabria\/#primaryimage"},"image":{"@id":"https:\/\/progettotouring.it\/radiotouring104\/2024\/12\/11\/al-parlamento-europeo-un-incontro-su-unazione-sinergica-e-di-sistema-nellinteresse-della-calabria\/#primaryimage"},"thumbnailUrl":"https:\/\/progettotouring.it\/radiotouring104\/wp-content\/uploads\/sites\/6\/2024\/12\/DELEGAZIONE-2-al-centro-Rugna-e-Nesci.jpg","datePublished":"2024-12-11T09:51:03+00:00","description":"Svolto al Parlamento Europeo, a Bruxelles, un incontro tra una delegazione di\u00a0Ance Calabria e l'eurodeputato Nesci","breadcrumb":{"@id":"https:\/\/progettotouring.it\/radiotouring104\/2024\/12\/11\/al-parlamento-europeo-un-incontro-su-unazione-sinergica-e-di-sistema-nellinteresse-della-calabria\/#breadcrumb"},"inLanguage":"it-IT","potentialAction":[{"@type":"ReadAction","target":["https:\/\/progettotouring.it\/radiotouring104\/2024\/12\/11\/al-parlamento-europeo-un-incontro-su-unazione-sinergica-e-di-sistema-nellinteresse-della-calabria\/"]}]},{"@type":"ImageObject","inLanguage":"it-IT","@id":"https:\/\/progettotouring.it\/radiotouring104\/2024\/12\/11\/al-parlamento-europeo-un-incontro-su-unazione-sinergica-e-di-sistema-nellinteresse-della-calabria\/#primaryimage","url":"https:\/\/progettotouring.it\/radiotouring104\/wp-content\/uploads\/sites\/6\/2024\/12\/DELEGAZIONE-2-al-centro-Rugna-e-Nesci.jpg","contentUrl":"https:\/\/progettotouring.it\/radiotouring104\/wp-content\/uploads\/sites\/6\/2024\/12\/DELEGAZIONE-2-al-centro-Rugna-e-Nesci.jpg","width":2048,"height":1729},{"@type":"BreadcrumbList","@id":"https:\/\/progettotouring.it\/radiotouring104\/2024\/12\/11\/al-parlamento-europeo-un-incontro-su-unazione-sinergica-e-di-sistema-nellinteresse-della-calabria\/#breadcrumb","itemListElement":[{"@type":"ListItem","position":1,"name":"Home","item":"https:\/\/progettotouring.it\/radiotouring104\/"},{"@type":"ListItem","position":2,"name":"Al Parlamento Europeo un incontro su \u201cUn\u2019azione sinergica e di sistema nell\u2019interesse della Calabria\u201d"}]},{"@type":"WebSite","@id":"https:\/\/progettotouring.it\/radiotouring104\/#website","url":"https:\/\/progettotouring.it\/radiotouring104\/","name":"Radio Touring 104","description":"La prima radio Reggina","publisher":{"@id":"https:\/\/progettotouring.it\/radiotouring104\/#organization"},"potentialAction":[{"@type":"SearchAction","target":{"@type":"EntryPoint","urlTemplate":"https:\/\/progettotouring.it\/radiotouring104\/?s={search_term_string}"},"query-input":{"@type":"PropertyValueSpecification","valueRequired":true,"valueName":"search_term_string"}}],"inLanguage":"it-IT"},{"@type":"Organization","@id":"https:\/\/progettotouring.it\/radiotouring104\/#organization","name":"Radio Touring 104","url":"https:\/\/progettotouring.it\/radiotouring104\/","logo":{"@type":"ImageObject","inLanguage":"it-IT","@id":"https:\/\/progettotouring.it\/radiotouring104\/#\/schema\/logo\/image\/","url":"https:\/\/progettotouring.it\/radiotouring104\/wp-content\/uploads\/sites\/6\/2022\/02\/cropped-logo-radio-touring-104.png","contentUrl":"https:\/\/progettotouring.it\/radiotouring104\/wp-content\/uploads\/sites\/6\/2022\/02\/cropped-logo-radio-touring-104.png","width":377,"height":182,"caption":"Radio Touring 104"},"image":{"@id":"https:\/\/progettotouring.it\/radiotouring104\/#\/schema\/logo\/image\/"}},{"@type":"Person","@id":"https:\/\/progettotouring.it\/radiotouring104\/#\/schema\/person\/78613917f1851f041f7483f5af1d422e","name":"Sebastiano Plutino","image":{"@type":"ImageObject","inLanguage":"it-IT","@id":"https:\/\/secure.gravatar.com\/avatar\/0546ffaa9b79224faf9f2a156b67a529ae861d3287c66c1d8ccfdf909bcba78d?s=96&d=mm&r=g","url":"https:\/\/secure.gravatar.com\/avatar\/0546ffaa9b79224faf9f2a156b67a529ae861d3287c66c1d8ccfdf909bcba78d?s=96&d=mm&r=g","contentUrl":"https:\/\/secure.gravatar.com\/avatar\/0546ffaa9b79224faf9f2a156b67a529ae861d3287c66c1d8ccfdf909bcba78d?s=96&d=mm&r=g","caption":"Sebastiano Plutino"},"url":"https:\/\/progettotouring.it\/radiotouring104\/author\/sebastiano\/"}]}},"jetpack_publicize_connections":[],"jetpack_featured_media_url":"https:\/\/progettotouring.it\/radiotouring104\/wp-content\/uploads\/sites\/6\/2024\/12\/DELEGAZIONE-2-al-centro-Rugna-e-Nesci.jpg","jetpack_sharing_enabled":true,"_links":{"self":[{"href":"https:\/\/progettotouring.it\/radiotouring104\/wp-json\/wp\/v2\/posts\/63230","targetHints":{"allow":["GET"]}}],"collection":[{"href":"https:\/\/progettotouring.it\/radiotouring104\/wp-json\/wp\/v2\/posts"}],"about":[{"href":"https:\/\/progettotouring.it\/radiotouring104\/wp-json\/wp\/v2\/types\/post"}],"author":[{"embeddable":true,"href":"https:\/\/progettotouring.it\/radiotouring104\/wp-json\/wp\/v2\/users\/12"}],"replies":[{"embeddable":true,"href":"https:\/\/progettotouring.it\/radiotouring104\/wp-json\/wp\/v2\/comments?post=63230"}],"version-history":[{"count":1,"href":"https:\/\/progettotouring.it\/radiotouring104\/wp-json\/wp\/v2\/posts\/63230\/revisions"}],"predecessor-version":[{"id":63232,"href":"https:\/\/progettotouring.it\/radiotouring104\/wp-json\/wp\/v2\/posts\/63230\/revisions\/63232"}],"wp:featuredmedia":[{"embeddable":true,"href":"https:\/\/progettotouring.it\/radiotouring104\/wp-json\/wp\/v2\/media\/63231"}],"wp:attachment":[{"href":"https:\/\/progettotouring.it\/radiotouring104\/wp-json\/wp\/v2\/media?parent=63230"}],"wp:term":[{"taxonomy":"category","embeddable":true,"href":"https:\/\/progettotouring.it\/radiotouring104\/wp-json\/wp\/v2\/categories?post=63230"},{"taxonomy":"post_tag","embeddable":true,"href":"https:\/\/progettotouring.it\/radiotouring104\/wp-json\/wp\/v2\/tags?post=63230"}],"curies":[{"name":"wp","href":"https:\/\/api.w.org\/{rel}","templated":true}]}}