{"id":63251,"date":"2024-12-11T11:54:26","date_gmt":"2024-12-11T10:54:26","guid":{"rendered":"https:\/\/progettotouring.it\/radiotouring104\/?p=63251"},"modified":"2024-12-11T11:54:26","modified_gmt":"2024-12-11T10:54:26","slug":"mosorrofa-lanmil-inaugura-lalbero-della-sicurezza-nel-ricordo-di-fabrizio-nicolo","status":"publish","type":"post","link":"https:\/\/progettotouring.it\/radiotouring104\/2024\/12\/11\/mosorrofa-lanmil-inaugura-lalbero-della-sicurezza-nel-ricordo-di-fabrizio-nicolo\/","title":{"rendered":"Mosorrofa: l&#8217;ANMIL inaugura l&#8217;Albero della Sicurezza nel ricordo di Fabrizio Nicol\u00f2"},"content":{"rendered":"<p style=\"text-align: justify\">La comunit\u00e0 di Mosorrofa<strong> su iniziativa della parrocchia San Demetrio<\/strong> e dell\u2019Azione Cattolica della stessa per <strong>ricordare Fabrizio Nicol\u00f2, tragicamente deceduto per un incidente sul lavoro<\/strong> mentre compiva il suo dovere di lavoratore onesto e competente, ha sposato l\u2019<strong>idea nata all\u2019artista Francesco Sbolzani<\/strong> per la Fondazione ANMIL sosteniamoli subito di costruire l\u2019Albero della sicurezza.<\/p>\n<p style=\"text-align: justify\">Composto da 12 caschi di protezione per prevenire gli infortuni sul lavoro,<strong> l\u2019albero dedicato a Fabrizio Nicol\u00f2 \u00e8 stato posto nella piazza principale del paese<\/strong>, Piazza San Demetrio, e <strong>verr\u00e0 inaugurato il 15 p.v. alle ore 18.00. <\/strong><\/p>\n<p style=\"text-align: justify\"><strong>Sull\u2019albero campegger\u00e0 una frase di Papa Francesco \u201c<\/strong><em>La sicurezza sul lavoro \u00e8 come l\u2019aria che respiriamo: ci accorgiamo della sua importanza solo quando viene tragicamente a mancare, ed \u00e8 sempre troppo tardi<\/em>\u201d. All\u2019inaugurazione sar\u00e0 presente il Presidente Nazionale della Fondazione ANMIL,<strong> Francesco Costantino<\/strong> che si \u00e8 detto felice di partecipare alla manifestazione. Sar\u00e0 presente anche il MLAC (Movimento Lavoratori di Azione Cattolica) nazionale con una sua rappresentante componente dell\u2019equipe nazionale<strong> Lucia Bagal\u00e0.<\/strong> \u00c8 molto significativa questa presenza perch\u00e9 Fabrizio ha sempre frequentato l\u2019Azione Cattolica e aveva fatto la scelta del MLAC, il mondo del lavoro e la legalit\u00e0 erano i suoi cavalli di battaglia. Interverr\u00e0 anche Pasquale Andidero, presidente parrocchiale di AC, che ha accompagnato Fabrizio lungo tutto il suo cammino. Molto toccante sar\u00e0 la benedizione dell\u2019Albero e soprattutto la preghiera per i morti sul lavoro, in media pare che ce ne siano 3 al giorno, officiata e guidata dal sacerdote Domenico Labella parroco della parrocchia San Demetrio a Mosorrofa.<\/p>\n<p style=\"text-align: justify\">Il 14 ottobre 2024 nella 74\u00b0 giornata dedicata alle vittime sul luogo di lavoro il Presidente della Repubblica Sergio Mattarella ha sottolineato: \u201c\ud835\ude13\ud835\ude22 \ud835\ude34\ud835\ude2a\ud835\ude24\ud835\ude36\ud835\ude33\ud835\ude26\ud835\ude3b\ud835\ude3b\ud835\ude22 \ud835\ude34\ud835\ude36\ud835\ude2d \ud835\ude2d\ud835\ude22\ud835\ude37\ud835\ude30\ud835\ude33\ud835\ude30, \ud835\ude30\ud835\ude2d\ud835\ude35\ud835\ude33\ud835\ude26 \ud835\ude24\ud835\ude29\ud835\ude26 \ud835\ude36\ud835\ude2f\ud835\ude22 \ud835\ude31\ud835\ude33\ud835\ude26\ud835\ude34\ud835\ude24\ud835\ude33\ud835\ude2a\ud835\ude3b\ud835\ude2a\ud835\ude30\ud835\ude2f\ud835\ude26 \ud835\ude24\ud835\ude30\ud835\ude34\ud835\ude35\ud835\ude2a\ud835\ude35\ud835\ude36\ud835\ude3b\ud835\ude2a\ud835\ude30\ud835\ude2f\ud835\ude22\ud835\ude2d\ud835\ude26, \ud835\ude26\u0300 \ud835\ude22\ud835\ude2f\ud835\ude3b\ud835\ude2a\ud835\ude35\ud835\ude36\ud835\ude35\ud835\ude35\ud835\ude30 \ud835\ude36\ud835\ude2f\ud835\ude22 \ud835\ude32\ud835\ude36\ud835\ude26\ud835\ude34\ud835\ude35\ud835\ude2a\ud835\ude30\ud835\ude2f\ud835\ude26 \ud835\ude25\ud835\ude2a \ud835\ude25\ud835\ude2a\ud835\ude28\ud835\ude2f\ud835\ude2a\ud835\ude35\ud835\ude22\u0300 \ud835\ude36\ud835\ude2e\ud835\ude22\ud835\ude2f\ud835\ude22. \ud835\ude0e\ud835\ude22\ud835\ude33\ud835\ude22\ud835\ude2f\ud835\ude35\ud835\ude2a\ud835\ude33\ud835\ude26 \ud835\ude24\ud835\ude30\ud835\ude2f\ud835\ude25\ud835\ude2a\ud835\ude3b\ud835\ude2a\ud835\ude30\ud835\ude2f\ud835\ude2a \ud835\ude25\ud835\ude2a \ud835\ude2d\ud835\ude22\ud835\ude37\ud835\ude30\ud835\ude33\ud835\ude30 \ud835\ude34\ud835\ude2a\ud835\ude24\ud835\ude36\ud835\ude33\ud835\ude26 \ud835\ude34\ud835\ude2a\ud835\ude28\ud835\ude2f\ud835\ude2a\ud835\ude27\ud835\ude2a\ud835\ude24\ud835\ude22 \ud835\ude33\ud835\ude2a\ud835\ude34\ud835\ude31\ud835\ude26\ud835\ude35\ud835\ude35\ud835\ude22\ud835\ude33\ud835\ude26 \ud835\ude2d\ud835\ude22 \ud835\ude37\ud835\ude2a\ud835\ude35\ud835\ude22 \ud835\ude26 \ud835\ude2a\ud835\ude2d \ud835\ude37\ud835\ude22\ud835\ude2d\ud835\ude30\ud835\ude33\ud835\ude26 \ud835\ude25\ud835\ude2a \ud835\ude24\ud835\ude2a\ud835\ude22\ud835\ude34\ud835\ude24\ud835\ude36\ud835\ude2f\ud835\ude22 \ud835\ude31\ud835\ude26\ud835\ude33\ud835\ude34\ud835\ude30\ud835\ude2f\ud835\ude22\u201d ed ha aggiunto che \u201c\ud835\ude2d\ud835\ude22 \ud835\ude34\ud835\ude2a\ud835\ude24\ud835\ude36\ud835\ude33\ud835\ude26\ud835\ude3b\ud835\ude3b\ud835\ude22 \ud835\ude26\u0300 \ud835\ude36\ud835\ude2f\ud835\ude22 \ud835\ude31\ud835\ude33\ud835\ude2a\ud835\ude30\ud835\ude33\ud835\ude2a\ud835\ude35\ud835\ude22\u0300 \ud835\ude31\ud835\ude26\ud835\ude33\ud835\ude2e\ud835\ude22\ud835\ude2f\ud835\ude26\ud835\ude2f\ud835\ude35\ud835\ude26 \ud835\ude25\ud835\ude26\ud835\ude2d\ud835\ude2d\ud835\ude22 \ud835\ude19\ud835\ude26\ud835\ude31\ud835\ude36\ud835\ude23\ud835\ude23\ud835\ude2d\ud835\ude2a\ud835\ude24\ud835\ude22\u201d.<\/p>\n<p style=\"text-align: justify\">Papa Francesco si \u00e8 pi\u00f9 volte occupato o meglio preoccupato delle morti bianche come vengono spesso chiamati i morti sul lavoro. Nel discorso pronunciato a settembre del 2023 all\u2019ANMIL (Associazione Nazionale Mutilati e Invalidi sul Lavoro) tra le altre cose diceva: \u201c\ud835\ude13\ud835\ude22 \ud835\ude34\ud835\ude2a\ud835\ude24\ud835\ude36\ud835\ude33\ud835\ude26\ud835\ude3b\ud835\ude3b\ud835\ude22 \ud835\ude34\ud835\ude36\ud835\ude2d \ud835\ude2d\ud835\ude22\ud835\ude37\ud835\ude30\ud835\ude33\ud835\ude30 \ud835\ude26\u0300 \ud835\ude31\ud835\ude22\ud835\ude33\ud835\ude35\ud835\ude26 \ud835\ude2a\ud835\ude2f\ud835\ude35\ud835\ude26\ud835\ude28\ud835\ude33\ud835\ude22\ud835\ude2f\ud835\ude35\ud835\ude26 \ud835\ude25\ud835\ude26\ud835\ude2d\ud835\ude2d\ud835\ude22 \ud835\ude24\ud835\ude36\ud835\ude33\ud835\ude22 \ud835\ude25\ud835\ude26\ud835\ude2d\ud835\ude2d\ud835\ude22 \ud835\ude31\ud835\ude26\ud835\ude33\ud835\ude34\ud835\ude30\ud835\ude2f\ud835\ude22. \ud835\ude08\ud835\ude2f\ud835\ude3b\ud835\ude2a, \ud835\ude31\ud835\ude26\ud835\ude33 \ud835\ude36\ud835\ude2f \ud835\ude25\ud835\ude22\ud835\ude35\ud835\ude30\ud835\ude33\ud835\ude26 \ud835\ude25\ud835\ude2a \ud835\ude2d\ud835\ude22\ud835\ude37\ud835\ude30\ud835\ude33\ud835\ude30, \ud835\ude26\u0300 \ud835\ude2a\ud835\ude2d \ud835\ude31\ud835\ude33\ud835\ude2a\ud835\ude2e\ud835\ude30 \ud835\ude25\ud835\ude30\ud835\ude37\ud835\ude26\ud835\ude33\ud835\ude26 \ud835\ude26 \ud835\ude2d\ud835\ude22 \ud835\ude31\ud835\ude33\ud835\ude2a\ud835\ude2e\ud835\ude22 \ud835\ude27\ud835\ude30\ud835\ude33\ud835\ude2e\ud835\ude22 \ud835\ude25\ud835\ude2a \ud835\ude23\ud835\ude26\ud835\ude2f\ud835\ude26. \ud835\ude1a\ud835\ude30\ud835\ude2f\ud835\ude30 \ud835\ude2a\ud835\ude2f\ud835\ude37\ud835\ude26\ud835\ude24\ud835\ude26 \ud835\ude25\ud835\ude2a\ud835\ude27\ud835\ude27\ud835\ude36\ud835\ude34\ud835\ude26 \ud835\ude27\ud835\ude30\ud835\ude33\ud835\ude2e\ud835\ude26 \ud835\ude24\ud835\ude29\ud835\ude26 \ud835\ude37\ud835\ude22\ud835\ude2f\ud835\ude2f\ud835\ude30 \ud835\ude2a\ud835\ude2f \ud835\ude34\ud835\ude26\ud835\ude2f\ud835\ude34\ud835\ude30 \ud835\ude30\ud835\ude31\ud835\ude31\ud835\ude30\ud835\ude34\ud835\ude35\ud835\ude30 \ud835\ude26 \ud835\ude24\ud835\ude29\ud835\ude26 \ud835\ude2a\ud835\ude2f \ud835\ude36\ud835\ude2f\ud835\ude22 \ud835\ude31\ud835\ude22\ud835\ude33\ud835\ude30\ud835\ude2d\ud835\ude22 \ud835\ude34\ud835\ude2a \ud835\ude31\ud835\ude30\ud835\ude34\ud835\ude34\ud835\ude30\ud835\ude2f\ud835\ude30 \ud835\ude24\ud835\ude29\ud835\ude2a\ud835\ude22\ud835\ude2e\ud835\ude22\ud835\ude33\ud835\ude26 \ud835\ude25\ud835\ude2a \ud835\ude24\ud835\ude22\ud835\ude33\ud835\ude26\ud835\ude38\ud835\ude22\ud835\ude34\ud835\ude29\ud835\ude2a\ud835\ude2f\ud835\ude28. \ud835\ude08\ud835\ude24\ud835\ude24\ud835\ude22\ud835\ude25\ud835\ude26 \ud835\ude32\ud835\ude36\ud835\ude22\ud835\ude2f\ud835\ude25\ud835\ude30 \ud835\ude2a\ud835\ude2e\ud835\ude31\ud835\ude33\ud835\ude26\ud835\ude2f\ud835\ude25\ud835\ude2a\ud835\ude35\ud835\ude30\ud835\ude33\ud835\ude2a \ud835\ude30 \ud835\ude2d\ud835\ude26\ud835\ude28\ud835\ude2a\ud835\ude34\ud835\ude2d\ud835\ude22\ud835\ude35\ud835\ude30\ud835\ude33\ud835\ude2a, \ud835\ude2a\ud835\ude2f\ud835\ude37\ud835\ude26\ud835\ude24\ud835\ude26 \ud835\ude25\ud835\ude2a \ud835\ude2a\ud835\ude2f\ud835\ude37\ud835\ude26\ud835\ude34\ud835\ude35\ud835\ude2a\ud835\ude33\ud835\ude26 \ud835\ude34\ud835\ude36\ud835\ude2d\ud835\ude2d\ud835\ude22 \ud835\ude34\ud835\ude2a\ud835\ude24\ud835\ude36\ud835\ude33\ud835\ude26\ud835\ude3b\ud835\ude3b\ud835\ude22, \ud835\ude31\ud835\ude33\ud835\ude26\ud835\ude27\ud835\ude26\ud835\ude33\ud835\ude2a\ud835\ude34\ud835\ude24\ud835\ude30\ud835\ude2f\ud835\ude30 \ud835\ude2d\ud835\ude22\ud835\ude37\ud835\ude22\ud835\ude33\ud835\ude34\ud835\ude2a \ud835\ude2d\ud835\ude22 \ud835\ude24\ud835\ude30\ud835\ude34\ud835\ude24\ud835\ude2a\ud835\ude26\ud835\ude2f\ud835\ude3b\ud835\ude22 \ud835\ude24\ud835\ude30\ud835\ude2f \ud835\ude32\ud835\ude36\ud835\ude22\ud835\ude2d\ud835\ude24\ud835\ude29\ud835\ude26 \ud835\ude30\ud835\ude31\ud835\ude26\ud835\ude33\ud835\ude22 \ud835\ude23\ud835\ude26\ud835\ude2f\ud835\ude26\ud835\ude27\ud835\ude2a\ud835\ude24\ud835\ude22\u201d<\/p>\n<p style=\"text-align: justify\">La piaga degli incidenti sul lavoro, anche oggi ci sono stati due morti, \u00e8 in continuo aumento e tutte le iniziative che si possono fare per tenere alta l\u2019attenzione sul problema devono essere utilizzate e implementate. \u00c8 necessario che la prevenzione diventi patrimonio comune perch\u00e9 i datori di lavoro devono capire che risparmiare sui dispositivi di sicurezza \u00e8 il prezzo di tante vite umane e anche i lavoratori devono essere meno tolleranti e disponibili a scendere a compromessi con la sicurezza pur di lavorare. Ogni morte ci deve interrogare e spingere ad operare perch\u00e9 sia l\u2019ultima.<\/p>\n","protected":false},"excerpt":{"rendered":"<p>La comunit\u00e0 di Mosorrofa su iniziativa della parrocchia San Demetrio e dell\u2019Azione Cattolica della stessa per ricordare Fabrizio Nicol\u00f2, tragicamente deceduto per un incidente sul lavoro mentre compiva il suo&hellip;<\/p>\n","protected":false},"author":12,"featured_media":63252,"comment_status":"closed","ping_status":"open","sticky":false,"template":"","format":"standard","meta":{"_jetpack_memberships_contains_paid_content":false,"footnotes":"","jetpack_publicize_message":"","jetpack_publicize_feature_enabled":true,"jetpack_social_post_already_shared":true,"jetpack_social_options":{"image_generator_settings":{"template":"highway","default_image_id":0,"font":"","enabled":false},"version":2}},"categories":[921,196,140],"tags":[38542,7774,38543,3221,2686,34589,9379],"class_list":["post-63251","post","type-post","status-publish","format-standard","has-post-thumbnail","hentry","category-home","category-news","category-reggio-calabria","tag-albero-della-sicurezza","tag-anmil","tag-fabrizio-nicolo","tag-francesco-costantino","tag-mosorrofa","tag-parrocchia-san-demetrio","tag-sicurezza-sul-lavoro"],"yoast_head":"<!-- This site is optimized with the Yoast SEO plugin v27.2 - https:\/\/yoast.com\/product\/yoast-seo-wordpress\/ -->\n<title>Mosorrofa: l&#039;ANMIL inaugura l&#039;Albero della Sicurezza nel ricordo di Fabrizio Nicol\u00f2 - Radio Touring 104<\/title>\n<meta name=\"description\" content=\"La parrocchia ha sposato l&#039;idea dell&#039;artista Francesco Sbolzani per ricordare Fabrizio Nicol\u00f2, tragicamente morto sul lavoro\" \/>\n<meta name=\"robots\" content=\"index, follow, max-snippet:-1, max-image-preview:large, max-video-preview:-1\" \/>\n<link rel=\"canonical\" href=\"https:\/\/progettotouring.it\/radiotouring104\/2024\/12\/11\/mosorrofa-lanmil-inaugura-lalbero-della-sicurezza-nel-ricordo-di-fabrizio-nicolo\/\" \/>\n<meta property=\"og:locale\" content=\"it_IT\" \/>\n<meta property=\"og:type\" content=\"article\" \/>\n<meta property=\"og:title\" content=\"Mosorrofa: l&#039;ANMIL inaugura l&#039;Albero della Sicurezza nel ricordo di Fabrizio Nicol\u00f2 - Radio Touring 104\" \/>\n<meta property=\"og:description\" content=\"La parrocchia ha sposato l&#039;idea dell&#039;artista Francesco Sbolzani per ricordare Fabrizio Nicol\u00f2, tragicamente morto sul lavoro\" \/>\n<meta property=\"og:url\" content=\"https:\/\/progettotouring.it\/radiotouring104\/2024\/12\/11\/mosorrofa-lanmil-inaugura-lalbero-della-sicurezza-nel-ricordo-di-fabrizio-nicolo\/\" \/>\n<meta property=\"og:site_name\" content=\"Radio Touring 104\" \/>\n<meta property=\"article:published_time\" content=\"2024-12-11T10:54:26+00:00\" \/>\n<meta property=\"og:image\" content=\"https:\/\/progettotouring.it\/radiotouring104\/wp-content\/uploads\/sites\/6\/2024\/12\/Locandina-Albero-della-Sicurezza-Mosorrofa-Fabrizio-Nicolo.jpg\" \/>\n\t<meta property=\"og:image:width\" content=\"1240\" \/>\n\t<meta property=\"og:image:height\" content=\"1754\" \/>\n\t<meta property=\"og:image:type\" content=\"image\/jpeg\" \/>\n<meta name=\"author\" content=\"Sebastiano Plutino\" \/>\n<meta name=\"twitter:card\" content=\"summary_large_image\" \/>\n<meta name=\"twitter:label1\" content=\"Scritto da\" \/>\n\t<meta name=\"twitter:data1\" content=\"Sebastiano Plutino\" \/>\n\t<meta name=\"twitter:label2\" content=\"Tempo di lettura stimato\" \/>\n\t<meta name=\"twitter:data2\" content=\"2 minuti\" \/>\n<script type=\"application\/ld+json\" class=\"yoast-schema-graph\">{\"@context\":\"https:\/\/schema.org\",\"@graph\":[{\"@type\":\"Article\",\"@id\":\"https:\/\/progettotouring.it\/radiotouring104\/2024\/12\/11\/mosorrofa-lanmil-inaugura-lalbero-della-sicurezza-nel-ricordo-di-fabrizio-nicolo\/#article\",\"isPartOf\":{\"@id\":\"https:\/\/progettotouring.it\/radiotouring104\/2024\/12\/11\/mosorrofa-lanmil-inaugura-lalbero-della-sicurezza-nel-ricordo-di-fabrizio-nicolo\/\"},\"author\":{\"name\":\"Sebastiano Plutino\",\"@id\":\"https:\/\/progettotouring.it\/radiotouring104\/#\/schema\/person\/78613917f1851f041f7483f5af1d422e\"},\"headline\":\"Mosorrofa: l&#8217;ANMIL inaugura l&#8217;Albero della Sicurezza nel ricordo di Fabrizio Nicol\u00f2\",\"datePublished\":\"2024-12-11T10:54:26+00:00\",\"mainEntityOfPage\":{\"@id\":\"https:\/\/progettotouring.it\/radiotouring104\/2024\/12\/11\/mosorrofa-lanmil-inaugura-lalbero-della-sicurezza-nel-ricordo-di-fabrizio-nicolo\/\"},\"wordCount\":423,\"publisher\":{\"@id\":\"https:\/\/progettotouring.it\/radiotouring104\/#organization\"},\"image\":{\"@id\":\"https:\/\/progettotouring.it\/radiotouring104\/2024\/12\/11\/mosorrofa-lanmil-inaugura-lalbero-della-sicurezza-nel-ricordo-di-fabrizio-nicolo\/#primaryimage\"},\"thumbnailUrl\":\"https:\/\/progettotouring.it\/radiotouring104\/wp-content\/uploads\/sites\/6\/2024\/12\/Locandina-Albero-della-Sicurezza-Mosorrofa-Fabrizio-Nicolo.jpg\",\"keywords\":[\"Albero della Sicurezza\",\"ANMIL\",\"Fabrizio Nicol\u00f2\",\"Francesco Costantino\",\"mosorrofa\",\"parrocchia San Demetrio\",\"sicurezza sul lavoro\"],\"articleSection\":[\"Home\",\"News\",\"Reggio Calabria\"],\"inLanguage\":\"it-IT\"},{\"@type\":\"WebPage\",\"@id\":\"https:\/\/progettotouring.it\/radiotouring104\/2024\/12\/11\/mosorrofa-lanmil-inaugura-lalbero-della-sicurezza-nel-ricordo-di-fabrizio-nicolo\/\",\"url\":\"https:\/\/progettotouring.it\/radiotouring104\/2024\/12\/11\/mosorrofa-lanmil-inaugura-lalbero-della-sicurezza-nel-ricordo-di-fabrizio-nicolo\/\",\"name\":\"Mosorrofa: l'ANMIL inaugura l'Albero della Sicurezza nel ricordo di Fabrizio Nicol\u00f2 - Radio Touring 104\",\"isPartOf\":{\"@id\":\"https:\/\/progettotouring.it\/radiotouring104\/#website\"},\"primaryImageOfPage\":{\"@id\":\"https:\/\/progettotouring.it\/radiotouring104\/2024\/12\/11\/mosorrofa-lanmil-inaugura-lalbero-della-sicurezza-nel-ricordo-di-fabrizio-nicolo\/#primaryimage\"},\"image\":{\"@id\":\"https:\/\/progettotouring.it\/radiotouring104\/2024\/12\/11\/mosorrofa-lanmil-inaugura-lalbero-della-sicurezza-nel-ricordo-di-fabrizio-nicolo\/#primaryimage\"},\"thumbnailUrl\":\"https:\/\/progettotouring.it\/radiotouring104\/wp-content\/uploads\/sites\/6\/2024\/12\/Locandina-Albero-della-Sicurezza-Mosorrofa-Fabrizio-Nicolo.jpg\",\"datePublished\":\"2024-12-11T10:54:26+00:00\",\"description\":\"La parrocchia ha sposato l'idea dell'artista Francesco Sbolzani per ricordare Fabrizio Nicol\u00f2, tragicamente morto sul lavoro\",\"breadcrumb\":{\"@id\":\"https:\/\/progettotouring.it\/radiotouring104\/2024\/12\/11\/mosorrofa-lanmil-inaugura-lalbero-della-sicurezza-nel-ricordo-di-fabrizio-nicolo\/#breadcrumb\"},\"inLanguage\":\"it-IT\",\"potentialAction\":[{\"@type\":\"ReadAction\",\"target\":[\"https:\/\/progettotouring.it\/radiotouring104\/2024\/12\/11\/mosorrofa-lanmil-inaugura-lalbero-della-sicurezza-nel-ricordo-di-fabrizio-nicolo\/\"]}]},{\"@type\":\"ImageObject\",\"inLanguage\":\"it-IT\",\"@id\":\"https:\/\/progettotouring.it\/radiotouring104\/2024\/12\/11\/mosorrofa-lanmil-inaugura-lalbero-della-sicurezza-nel-ricordo-di-fabrizio-nicolo\/#primaryimage\",\"url\":\"https:\/\/progettotouring.it\/radiotouring104\/wp-content\/uploads\/sites\/6\/2024\/12\/Locandina-Albero-della-Sicurezza-Mosorrofa-Fabrizio-Nicolo.jpg\",\"contentUrl\":\"https:\/\/progettotouring.it\/radiotouring104\/wp-content\/uploads\/sites\/6\/2024\/12\/Locandina-Albero-della-Sicurezza-Mosorrofa-Fabrizio-Nicolo.jpg\",\"width\":1240,\"height\":1754},{\"@type\":\"BreadcrumbList\",\"@id\":\"https:\/\/progettotouring.it\/radiotouring104\/2024\/12\/11\/mosorrofa-lanmil-inaugura-lalbero-della-sicurezza-nel-ricordo-di-fabrizio-nicolo\/#breadcrumb\",\"itemListElement\":[{\"@type\":\"ListItem\",\"position\":1,\"name\":\"Home\",\"item\":\"https:\/\/progettotouring.it\/radiotouring104\/\"},{\"@type\":\"ListItem\",\"position\":2,\"name\":\"Mosorrofa: l&#8217;ANMIL inaugura l&#8217;Albero della Sicurezza nel ricordo di Fabrizio Nicol\u00f2\"}]},{\"@type\":\"WebSite\",\"@id\":\"https:\/\/progettotouring.it\/radiotouring104\/#website\",\"url\":\"https:\/\/progettotouring.it\/radiotouring104\/\",\"name\":\"Radio Touring 104\",\"description\":\"La prima radio Reggina\",\"publisher\":{\"@id\":\"https:\/\/progettotouring.it\/radiotouring104\/#organization\"},\"potentialAction\":[{\"@type\":\"SearchAction\",\"target\":{\"@type\":\"EntryPoint\",\"urlTemplate\":\"https:\/\/progettotouring.it\/radiotouring104\/?s={search_term_string}\"},\"query-input\":{\"@type\":\"PropertyValueSpecification\",\"valueRequired\":true,\"valueName\":\"search_term_string\"}}],\"inLanguage\":\"it-IT\"},{\"@type\":\"Organization\",\"@id\":\"https:\/\/progettotouring.it\/radiotouring104\/#organization\",\"name\":\"Radio Touring 104\",\"url\":\"https:\/\/progettotouring.it\/radiotouring104\/\",\"logo\":{\"@type\":\"ImageObject\",\"inLanguage\":\"it-IT\",\"@id\":\"https:\/\/progettotouring.it\/radiotouring104\/#\/schema\/logo\/image\/\",\"url\":\"https:\/\/progettotouring.it\/radiotouring104\/wp-content\/uploads\/sites\/6\/2022\/02\/cropped-logo-radio-touring-104.png\",\"contentUrl\":\"https:\/\/progettotouring.it\/radiotouring104\/wp-content\/uploads\/sites\/6\/2022\/02\/cropped-logo-radio-touring-104.png\",\"width\":377,\"height\":182,\"caption\":\"Radio Touring 104\"},\"image\":{\"@id\":\"https:\/\/progettotouring.it\/radiotouring104\/#\/schema\/logo\/image\/\"}},{\"@type\":\"Person\",\"@id\":\"https:\/\/progettotouring.it\/radiotouring104\/#\/schema\/person\/78613917f1851f041f7483f5af1d422e\",\"name\":\"Sebastiano Plutino\",\"image\":{\"@type\":\"ImageObject\",\"inLanguage\":\"it-IT\",\"@id\":\"https:\/\/secure.gravatar.com\/avatar\/0546ffaa9b79224faf9f2a156b67a529ae861d3287c66c1d8ccfdf909bcba78d?s=96&d=mm&r=g\",\"url\":\"https:\/\/secure.gravatar.com\/avatar\/0546ffaa9b79224faf9f2a156b67a529ae861d3287c66c1d8ccfdf909bcba78d?s=96&d=mm&r=g\",\"contentUrl\":\"https:\/\/secure.gravatar.com\/avatar\/0546ffaa9b79224faf9f2a156b67a529ae861d3287c66c1d8ccfdf909bcba78d?s=96&d=mm&r=g\",\"caption\":\"Sebastiano Plutino\"},\"url\":\"https:\/\/progettotouring.it\/radiotouring104\/author\/sebastiano\/\"}]}<\/script>\n<!-- \/ Yoast SEO plugin. -->","yoast_head_json":{"title":"Mosorrofa: l'ANMIL inaugura l'Albero della Sicurezza nel ricordo di Fabrizio Nicol\u00f2 - Radio Touring 104","description":"La parrocchia ha sposato l'idea dell'artista Francesco Sbolzani per ricordare Fabrizio Nicol\u00f2, tragicamente morto sul lavoro","robots":{"index":"index","follow":"follow","max-snippet":"max-snippet:-1","max-image-preview":"max-image-preview:large","max-video-preview":"max-video-preview:-1"},"canonical":"https:\/\/progettotouring.it\/radiotouring104\/2024\/12\/11\/mosorrofa-lanmil-inaugura-lalbero-della-sicurezza-nel-ricordo-di-fabrizio-nicolo\/","og_locale":"it_IT","og_type":"article","og_title":"Mosorrofa: l'ANMIL inaugura l'Albero della Sicurezza nel ricordo di Fabrizio Nicol\u00f2 - Radio Touring 104","og_description":"La parrocchia ha sposato l'idea dell'artista Francesco Sbolzani per ricordare Fabrizio Nicol\u00f2, tragicamente morto sul lavoro","og_url":"https:\/\/progettotouring.it\/radiotouring104\/2024\/12\/11\/mosorrofa-lanmil-inaugura-lalbero-della-sicurezza-nel-ricordo-di-fabrizio-nicolo\/","og_site_name":"Radio Touring 104","article_published_time":"2024-12-11T10:54:26+00:00","og_image":[{"width":1240,"height":1754,"url":"https:\/\/progettotouring.it\/radiotouring104\/wp-content\/uploads\/sites\/6\/2024\/12\/Locandina-Albero-della-Sicurezza-Mosorrofa-Fabrizio-Nicolo.jpg","type":"image\/jpeg"}],"author":"Sebastiano Plutino","twitter_card":"summary_large_image","twitter_misc":{"Scritto da":"Sebastiano Plutino","Tempo di lettura stimato":"2 minuti"},"schema":{"@context":"https:\/\/schema.org","@graph":[{"@type":"Article","@id":"https:\/\/progettotouring.it\/radiotouring104\/2024\/12\/11\/mosorrofa-lanmil-inaugura-lalbero-della-sicurezza-nel-ricordo-di-fabrizio-nicolo\/#article","isPartOf":{"@id":"https:\/\/progettotouring.it\/radiotouring104\/2024\/12\/11\/mosorrofa-lanmil-inaugura-lalbero-della-sicurezza-nel-ricordo-di-fabrizio-nicolo\/"},"author":{"name":"Sebastiano Plutino","@id":"https:\/\/progettotouring.it\/radiotouring104\/#\/schema\/person\/78613917f1851f041f7483f5af1d422e"},"headline":"Mosorrofa: l&#8217;ANMIL inaugura l&#8217;Albero della Sicurezza nel ricordo di Fabrizio Nicol\u00f2","datePublished":"2024-12-11T10:54:26+00:00","mainEntityOfPage":{"@id":"https:\/\/progettotouring.it\/radiotouring104\/2024\/12\/11\/mosorrofa-lanmil-inaugura-lalbero-della-sicurezza-nel-ricordo-di-fabrizio-nicolo\/"},"wordCount":423,"publisher":{"@id":"https:\/\/progettotouring.it\/radiotouring104\/#organization"},"image":{"@id":"https:\/\/progettotouring.it\/radiotouring104\/2024\/12\/11\/mosorrofa-lanmil-inaugura-lalbero-della-sicurezza-nel-ricordo-di-fabrizio-nicolo\/#primaryimage"},"thumbnailUrl":"https:\/\/progettotouring.it\/radiotouring104\/wp-content\/uploads\/sites\/6\/2024\/12\/Locandina-Albero-della-Sicurezza-Mosorrofa-Fabrizio-Nicolo.jpg","keywords":["Albero della Sicurezza","ANMIL","Fabrizio Nicol\u00f2","Francesco Costantino","mosorrofa","parrocchia San Demetrio","sicurezza sul lavoro"],"articleSection":["Home","News","Reggio Calabria"],"inLanguage":"it-IT"},{"@type":"WebPage","@id":"https:\/\/progettotouring.it\/radiotouring104\/2024\/12\/11\/mosorrofa-lanmil-inaugura-lalbero-della-sicurezza-nel-ricordo-di-fabrizio-nicolo\/","url":"https:\/\/progettotouring.it\/radiotouring104\/2024\/12\/11\/mosorrofa-lanmil-inaugura-lalbero-della-sicurezza-nel-ricordo-di-fabrizio-nicolo\/","name":"Mosorrofa: l'ANMIL inaugura l'Albero della Sicurezza nel ricordo di Fabrizio Nicol\u00f2 - Radio Touring 104","isPartOf":{"@id":"https:\/\/progettotouring.it\/radiotouring104\/#website"},"primaryImageOfPage":{"@id":"https:\/\/progettotouring.it\/radiotouring104\/2024\/12\/11\/mosorrofa-lanmil-inaugura-lalbero-della-sicurezza-nel-ricordo-di-fabrizio-nicolo\/#primaryimage"},"image":{"@id":"https:\/\/progettotouring.it\/radiotouring104\/2024\/12\/11\/mosorrofa-lanmil-inaugura-lalbero-della-sicurezza-nel-ricordo-di-fabrizio-nicolo\/#primaryimage"},"thumbnailUrl":"https:\/\/progettotouring.it\/radiotouring104\/wp-content\/uploads\/sites\/6\/2024\/12\/Locandina-Albero-della-Sicurezza-Mosorrofa-Fabrizio-Nicolo.jpg","datePublished":"2024-12-11T10:54:26+00:00","description":"La parrocchia ha sposato l'idea dell'artista Francesco Sbolzani per ricordare Fabrizio Nicol\u00f2, tragicamente morto sul lavoro","breadcrumb":{"@id":"https:\/\/progettotouring.it\/radiotouring104\/2024\/12\/11\/mosorrofa-lanmil-inaugura-lalbero-della-sicurezza-nel-ricordo-di-fabrizio-nicolo\/#breadcrumb"},"inLanguage":"it-IT","potentialAction":[{"@type":"ReadAction","target":["https:\/\/progettotouring.it\/radiotouring104\/2024\/12\/11\/mosorrofa-lanmil-inaugura-lalbero-della-sicurezza-nel-ricordo-di-fabrizio-nicolo\/"]}]},{"@type":"ImageObject","inLanguage":"it-IT","@id":"https:\/\/progettotouring.it\/radiotouring104\/2024\/12\/11\/mosorrofa-lanmil-inaugura-lalbero-della-sicurezza-nel-ricordo-di-fabrizio-nicolo\/#primaryimage","url":"https:\/\/progettotouring.it\/radiotouring104\/wp-content\/uploads\/sites\/6\/2024\/12\/Locandina-Albero-della-Sicurezza-Mosorrofa-Fabrizio-Nicolo.jpg","contentUrl":"https:\/\/progettotouring.it\/radiotouring104\/wp-content\/uploads\/sites\/6\/2024\/12\/Locandina-Albero-della-Sicurezza-Mosorrofa-Fabrizio-Nicolo.jpg","width":1240,"height":1754},{"@type":"BreadcrumbList","@id":"https:\/\/progettotouring.it\/radiotouring104\/2024\/12\/11\/mosorrofa-lanmil-inaugura-lalbero-della-sicurezza-nel-ricordo-di-fabrizio-nicolo\/#breadcrumb","itemListElement":[{"@type":"ListItem","position":1,"name":"Home","item":"https:\/\/progettotouring.it\/radiotouring104\/"},{"@type":"ListItem","position":2,"name":"Mosorrofa: l&#8217;ANMIL inaugura l&#8217;Albero della Sicurezza nel ricordo di Fabrizio Nicol\u00f2"}]},{"@type":"WebSite","@id":"https:\/\/progettotouring.it\/radiotouring104\/#website","url":"https:\/\/progettotouring.it\/radiotouring104\/","name":"Radio Touring 104","description":"La prima radio Reggina","publisher":{"@id":"https:\/\/progettotouring.it\/radiotouring104\/#organization"},"potentialAction":[{"@type":"SearchAction","target":{"@type":"EntryPoint","urlTemplate":"https:\/\/progettotouring.it\/radiotouring104\/?s={search_term_string}"},"query-input":{"@type":"PropertyValueSpecification","valueRequired":true,"valueName":"search_term_string"}}],"inLanguage":"it-IT"},{"@type":"Organization","@id":"https:\/\/progettotouring.it\/radiotouring104\/#organization","name":"Radio Touring 104","url":"https:\/\/progettotouring.it\/radiotouring104\/","logo":{"@type":"ImageObject","inLanguage":"it-IT","@id":"https:\/\/progettotouring.it\/radiotouring104\/#\/schema\/logo\/image\/","url":"https:\/\/progettotouring.it\/radiotouring104\/wp-content\/uploads\/sites\/6\/2022\/02\/cropped-logo-radio-touring-104.png","contentUrl":"https:\/\/progettotouring.it\/radiotouring104\/wp-content\/uploads\/sites\/6\/2022\/02\/cropped-logo-radio-touring-104.png","width":377,"height":182,"caption":"Radio Touring 104"},"image":{"@id":"https:\/\/progettotouring.it\/radiotouring104\/#\/schema\/logo\/image\/"}},{"@type":"Person","@id":"https:\/\/progettotouring.it\/radiotouring104\/#\/schema\/person\/78613917f1851f041f7483f5af1d422e","name":"Sebastiano Plutino","image":{"@type":"ImageObject","inLanguage":"it-IT","@id":"https:\/\/secure.gravatar.com\/avatar\/0546ffaa9b79224faf9f2a156b67a529ae861d3287c66c1d8ccfdf909bcba78d?s=96&d=mm&r=g","url":"https:\/\/secure.gravatar.com\/avatar\/0546ffaa9b79224faf9f2a156b67a529ae861d3287c66c1d8ccfdf909bcba78d?s=96&d=mm&r=g","contentUrl":"https:\/\/secure.gravatar.com\/avatar\/0546ffaa9b79224faf9f2a156b67a529ae861d3287c66c1d8ccfdf909bcba78d?s=96&d=mm&r=g","caption":"Sebastiano Plutino"},"url":"https:\/\/progettotouring.it\/radiotouring104\/author\/sebastiano\/"}]}},"jetpack_publicize_connections":[],"jetpack_featured_media_url":"https:\/\/progettotouring.it\/radiotouring104\/wp-content\/uploads\/sites\/6\/2024\/12\/Locandina-Albero-della-Sicurezza-Mosorrofa-Fabrizio-Nicolo.jpg","jetpack_sharing_enabled":true,"_links":{"self":[{"href":"https:\/\/progettotouring.it\/radiotouring104\/wp-json\/wp\/v2\/posts\/63251","targetHints":{"allow":["GET"]}}],"collection":[{"href":"https:\/\/progettotouring.it\/radiotouring104\/wp-json\/wp\/v2\/posts"}],"about":[{"href":"https:\/\/progettotouring.it\/radiotouring104\/wp-json\/wp\/v2\/types\/post"}],"author":[{"embeddable":true,"href":"https:\/\/progettotouring.it\/radiotouring104\/wp-json\/wp\/v2\/users\/12"}],"replies":[{"embeddable":true,"href":"https:\/\/progettotouring.it\/radiotouring104\/wp-json\/wp\/v2\/comments?post=63251"}],"version-history":[{"count":1,"href":"https:\/\/progettotouring.it\/radiotouring104\/wp-json\/wp\/v2\/posts\/63251\/revisions"}],"predecessor-version":[{"id":63253,"href":"https:\/\/progettotouring.it\/radiotouring104\/wp-json\/wp\/v2\/posts\/63251\/revisions\/63253"}],"wp:featuredmedia":[{"embeddable":true,"href":"https:\/\/progettotouring.it\/radiotouring104\/wp-json\/wp\/v2\/media\/63252"}],"wp:attachment":[{"href":"https:\/\/progettotouring.it\/radiotouring104\/wp-json\/wp\/v2\/media?parent=63251"}],"wp:term":[{"taxonomy":"category","embeddable":true,"href":"https:\/\/progettotouring.it\/radiotouring104\/wp-json\/wp\/v2\/categories?post=63251"},{"taxonomy":"post_tag","embeddable":true,"href":"https:\/\/progettotouring.it\/radiotouring104\/wp-json\/wp\/v2\/tags?post=63251"}],"curies":[{"name":"wp","href":"https:\/\/api.w.org\/{rel}","templated":true}]}}