{"id":63271,"date":"2024-12-11T12:27:41","date_gmt":"2024-12-11T11:27:41","guid":{"rendered":"https:\/\/progettotouring.it\/radiotouring104\/?p=63271"},"modified":"2024-12-11T12:27:41","modified_gmt":"2024-12-11T11:27:41","slug":"confcommercio-calabria-centrale-ottimismo-per-gli-acquisti-natalizi-ma-rimangono-criticita","status":"publish","type":"post","link":"https:\/\/progettotouring.it\/radiotouring104\/2024\/12\/11\/confcommercio-calabria-centrale-ottimismo-per-gli-acquisti-natalizi-ma-rimangono-criticita\/","title":{"rendered":"Confcommercio Calabria Centrale: &#8220;Ottimismo per gli acquisti natalizi ma rimangono criticit\u00e0&#8221;"},"content":{"rendered":"<p style=\"text-align: justify\">\u201cL\u2019esito del Black Friday fa ben sperare che possano riprendere vivacit\u00e0 anche gli acquisti natalizi. Sarebbe molto importante per il settore commercio, visto che in poche settimane ogni piccolo imprenditore mette in gioco circa il\u00a0<strong>70 per cento del fatturato annuo<\/strong>. Tuttavia, i segnali raccolti in Calabria centrale sono meno incoraggianti rispetto alla media nazionale, evidenziando alcune criticit\u00e0 da affrontare\u201d.<\/p>\n<p style=\"text-align: justify\"><strong>Lo afferma il direttore di Confcommercio Calabria Centrale Giovanni Ferrarelli<\/strong> commentando l\u2019indagine, recentemente resa nota dall\u2019Ufficio Studi di Confcommercio, che analizza i consumi delle scorse settimane, esprimendo un rinnovato ottimismo per quelli legati al periodo natalizio.<\/p>\n<p style=\"text-align: justify\"><em>\u201cI dati \u2013<\/em> <strong>continua Ferrarelli \u2013<\/strong><em> ci dicono\u00a0<strong>che in occasione del Black Friday gli italiani hanno speso in media tra i 220 e i 230 euro a testa, ma in Calabria centrale la spesa media si \u00e8 fermata intorno ai 150-160 euro,<\/strong>\u00a0segnalando un divario che riflette\u00a0<strong>il minore potere d\u2019acquisto nelle province di Catanzaro, Crotone e Vibo Valentia.<\/strong>\u00a0Questo dato, influenzato da un mercato del lavoro pi\u00f9 debole e da una maggiore incidenza dell\u2019inflazione, ci impone una riflessione. Anche le previsioni per i consumi natalizi restano pi\u00f9 contenute nelle nostre province: se a livello nazionale la spesa per i regali \u00e8 stimata in aumento dai 186 ai 207 euro pro capite, nei nostri territori il trend sembra essere pi\u00f9 moderato, con una crescita pi\u00f9 timida che potrebbe attestarsi attorno ai 170-180 euro\u201d<\/em>.<\/p>\n<p style=\"text-align: justify\"><strong>Ferrarelli aggiunge poi:<\/strong> <em>\u201cUna parte significativa dei consumi sar\u00e0 assorbita dal\u00a0<strong>commercio online,<\/strong>\u00a0che nella nostra regione ha registrato un incremento costante, ma che continua a pesare in modo rilevante sul gi\u00e0 fragile tessuto commerciale locale. La\u00a0<strong>desertificazione commerciale<\/strong>che agita i territori \u00e8 un tema centrale per il rischio di un inverno economico prolungato, soprattutto nei piccoli centri che stanno vivendo una desertificazione sempre pi\u00f9 marcata. Questo deve far riflettere non solo i consumatori, ma anche le istituzioni e gli operatori economici. I negozi tradizionali sono l\u2019anima delle comunit\u00e0, sostenerli significa preservare posti di lavoro, sicurezza e la qualit\u00e0 della vita nelle citt\u00e0. Tuttavia, i piccoli commercianti continuano a scontare un ritardo nell\u2019adattamento alle nuove tecnologie e nell\u2019adozione di strategie innovative\u201d.<\/em><\/p>\n<p style=\"text-align: justify\"><em>\u201cAllo stesso tempo<\/em> <strong>\u2013 conclude Ferrarelli<\/strong> \u2013<em> \u00e8 fondamentale che i commercianti locali non si limitino a resistere alle sfide del commercio online e dell\u2019innovazione, ma che le affrontino come opportunit\u00e0 per crescere e reinventarsi. Strumenti come\u00a0<strong>l\u2019intelligenza artificiale<\/strong>\u00a0possono rappresentare risorse strategiche per semplificare la gestione quotidiana e migliorare significativamente le performance aziendali. Automatizzando attivit\u00e0 ripetitive e raccogliendo dati utili sui clienti, anche i piccoli imprenditori calabresi hanno l\u2019opportunit\u00e0 di elaborare strategie pi\u00f9 efficaci e personalizzate, colmando cos\u00ec parte del divario competitivo rispetto a realt\u00e0 pi\u00f9 avanzate in Italia e in Europa. Sfruttare queste innovazioni<\/em> \u00a0<strong>&#8211; conclude<\/strong> &#8211; <em>non significa solo salvaguardare i posti di lavoro sul territorio, ma anche costruire una nuova competitivit\u00e0 per il commercio tradizionale in un contesto economico sempre pi\u00f9 globale. Solo cos\u00ec si potr\u00e0 contribuire in modo duraturo al rafforzamento dell\u2019intera economia locale\u201d.<\/em><\/p>\n<p>&nbsp;<\/p>\n","protected":false},"excerpt":{"rendered":"<p>\u201cL\u2019esito del Black Friday fa ben sperare che possano riprendere vivacit\u00e0 anche gli acquisti natalizi. Sarebbe molto importante per il settore commercio, visto che in poche settimane ogni piccolo imprenditore&hellip;<\/p>\n","protected":false},"author":12,"featured_media":63273,"comment_status":"closed","ping_status":"open","sticky":false,"template":"","format":"standard","meta":{"_jetpack_memberships_contains_paid_content":false,"footnotes":"","jetpack_publicize_message":"","jetpack_publicize_feature_enabled":true,"jetpack_social_post_already_shared":true,"jetpack_social_options":{"image_generator_settings":{"template":"highway","default_image_id":0,"font":"","enabled":false},"version":2}},"categories":[142,921,196],"tags":[38549,24418,5444],"class_list":["post-63271","post","type-post","status-publish","format-standard","has-post-thumbnail","hentry","category-calabria","category-home","category-news","tag-ottimismo-per-gli-acquisti-natalizi-ma-rimangono-criticita","tag-confcommercio-calabria-centrale","tag-giovanni-ferrarelli"],"yoast_head":"<!-- This site is optimized with the Yoast SEO plugin v27.2 - https:\/\/yoast.com\/product\/yoast-seo-wordpress\/ -->\n<title>Confcommercio Calabria Centrale: &quot;Ottimismo per gli acquisti natalizi ma rimangono criticit\u00e0&quot; - Radio Touring 104<\/title>\n<meta name=\"description\" content=\"Confcommercio Calabria Centrale analizza i consumi delle scorse settimane, esprimendo ottimismo per quelli legati al periodo natalizio.\" \/>\n<meta name=\"robots\" content=\"index, follow, max-snippet:-1, max-image-preview:large, max-video-preview:-1\" \/>\n<link rel=\"canonical\" href=\"https:\/\/progettotouring.it\/radiotouring104\/2024\/12\/11\/confcommercio-calabria-centrale-ottimismo-per-gli-acquisti-natalizi-ma-rimangono-criticita\/\" \/>\n<meta property=\"og:locale\" content=\"it_IT\" \/>\n<meta property=\"og:type\" content=\"article\" \/>\n<meta property=\"og:title\" content=\"Confcommercio Calabria Centrale: &quot;Ottimismo per gli acquisti natalizi ma rimangono criticit\u00e0&quot; - Radio Touring 104\" \/>\n<meta property=\"og:description\" content=\"Confcommercio Calabria Centrale analizza i consumi delle scorse settimane, esprimendo ottimismo per quelli legati al periodo natalizio.\" \/>\n<meta property=\"og:url\" content=\"https:\/\/progettotouring.it\/radiotouring104\/2024\/12\/11\/confcommercio-calabria-centrale-ottimismo-per-gli-acquisti-natalizi-ma-rimangono-criticita\/\" \/>\n<meta property=\"og:site_name\" content=\"Radio Touring 104\" \/>\n<meta property=\"article:published_time\" content=\"2024-12-11T11:27:41+00:00\" \/>\n<meta property=\"og:image\" content=\"https:\/\/progettotouring.it\/radiotouring104\/wp-content\/uploads\/sites\/6\/2024\/12\/giovanni-ferrareli-confcommerciojpeg-1.jpeg\" \/>\n\t<meta property=\"og:image:width\" content=\"537\" \/>\n\t<meta property=\"og:image:height\" content=\"422\" \/>\n\t<meta property=\"og:image:type\" content=\"image\/jpeg\" \/>\n<meta name=\"author\" content=\"Sebastiano Plutino\" \/>\n<meta name=\"twitter:card\" content=\"summary_large_image\" \/>\n<meta name=\"twitter:label1\" content=\"Scritto da\" \/>\n\t<meta name=\"twitter:data1\" content=\"Sebastiano Plutino\" \/>\n\t<meta name=\"twitter:label2\" content=\"Tempo di lettura stimato\" \/>\n\t<meta name=\"twitter:data2\" content=\"2 minuti\" \/>\n<script type=\"application\/ld+json\" class=\"yoast-schema-graph\">{\"@context\":\"https:\/\/schema.org\",\"@graph\":[{\"@type\":\"Article\",\"@id\":\"https:\/\/progettotouring.it\/radiotouring104\/2024\/12\/11\/confcommercio-calabria-centrale-ottimismo-per-gli-acquisti-natalizi-ma-rimangono-criticita\/#article\",\"isPartOf\":{\"@id\":\"https:\/\/progettotouring.it\/radiotouring104\/2024\/12\/11\/confcommercio-calabria-centrale-ottimismo-per-gli-acquisti-natalizi-ma-rimangono-criticita\/\"},\"author\":{\"name\":\"Sebastiano Plutino\",\"@id\":\"https:\/\/progettotouring.it\/radiotouring104\/#\/schema\/person\/78613917f1851f041f7483f5af1d422e\"},\"headline\":\"Confcommercio Calabria Centrale: &#8220;Ottimismo per gli acquisti natalizi ma rimangono criticit\u00e0&#8221;\",\"datePublished\":\"2024-12-11T11:27:41+00:00\",\"mainEntityOfPage\":{\"@id\":\"https:\/\/progettotouring.it\/radiotouring104\/2024\/12\/11\/confcommercio-calabria-centrale-ottimismo-per-gli-acquisti-natalizi-ma-rimangono-criticita\/\"},\"wordCount\":501,\"publisher\":{\"@id\":\"https:\/\/progettotouring.it\/radiotouring104\/#organization\"},\"image\":{\"@id\":\"https:\/\/progettotouring.it\/radiotouring104\/2024\/12\/11\/confcommercio-calabria-centrale-ottimismo-per-gli-acquisti-natalizi-ma-rimangono-criticita\/#primaryimage\"},\"thumbnailUrl\":\"https:\/\/progettotouring.it\/radiotouring104\/wp-content\/uploads\/sites\/6\/2024\/12\/giovanni-ferrareli-confcommerciojpeg-1.jpeg\",\"keywords\":[\"\\\"Ottimismo per gli acquisti natalizi ma rimangono criticit\u00e0\",\"Confcommercio Calabria Centrale\",\"Giovanni Ferrarelli\"],\"articleSection\":[\"Calabria\",\"Home\",\"News\"],\"inLanguage\":\"it-IT\"},{\"@type\":\"WebPage\",\"@id\":\"https:\/\/progettotouring.it\/radiotouring104\/2024\/12\/11\/confcommercio-calabria-centrale-ottimismo-per-gli-acquisti-natalizi-ma-rimangono-criticita\/\",\"url\":\"https:\/\/progettotouring.it\/radiotouring104\/2024\/12\/11\/confcommercio-calabria-centrale-ottimismo-per-gli-acquisti-natalizi-ma-rimangono-criticita\/\",\"name\":\"Confcommercio Calabria Centrale: \\\"Ottimismo per gli acquisti natalizi ma rimangono criticit\u00e0\\\" - Radio Touring 104\",\"isPartOf\":{\"@id\":\"https:\/\/progettotouring.it\/radiotouring104\/#website\"},\"primaryImageOfPage\":{\"@id\":\"https:\/\/progettotouring.it\/radiotouring104\/2024\/12\/11\/confcommercio-calabria-centrale-ottimismo-per-gli-acquisti-natalizi-ma-rimangono-criticita\/#primaryimage\"},\"image\":{\"@id\":\"https:\/\/progettotouring.it\/radiotouring104\/2024\/12\/11\/confcommercio-calabria-centrale-ottimismo-per-gli-acquisti-natalizi-ma-rimangono-criticita\/#primaryimage\"},\"thumbnailUrl\":\"https:\/\/progettotouring.it\/radiotouring104\/wp-content\/uploads\/sites\/6\/2024\/12\/giovanni-ferrareli-confcommerciojpeg-1.jpeg\",\"datePublished\":\"2024-12-11T11:27:41+00:00\",\"description\":\"Confcommercio Calabria Centrale analizza i consumi delle scorse settimane, esprimendo ottimismo per quelli legati al periodo natalizio.\",\"breadcrumb\":{\"@id\":\"https:\/\/progettotouring.it\/radiotouring104\/2024\/12\/11\/confcommercio-calabria-centrale-ottimismo-per-gli-acquisti-natalizi-ma-rimangono-criticita\/#breadcrumb\"},\"inLanguage\":\"it-IT\",\"potentialAction\":[{\"@type\":\"ReadAction\",\"target\":[\"https:\/\/progettotouring.it\/radiotouring104\/2024\/12\/11\/confcommercio-calabria-centrale-ottimismo-per-gli-acquisti-natalizi-ma-rimangono-criticita\/\"]}]},{\"@type\":\"ImageObject\",\"inLanguage\":\"it-IT\",\"@id\":\"https:\/\/progettotouring.it\/radiotouring104\/2024\/12\/11\/confcommercio-calabria-centrale-ottimismo-per-gli-acquisti-natalizi-ma-rimangono-criticita\/#primaryimage\",\"url\":\"https:\/\/progettotouring.it\/radiotouring104\/wp-content\/uploads\/sites\/6\/2024\/12\/giovanni-ferrareli-confcommerciojpeg-1.jpeg\",\"contentUrl\":\"https:\/\/progettotouring.it\/radiotouring104\/wp-content\/uploads\/sites\/6\/2024\/12\/giovanni-ferrareli-confcommerciojpeg-1.jpeg\",\"width\":537,\"height\":422},{\"@type\":\"BreadcrumbList\",\"@id\":\"https:\/\/progettotouring.it\/radiotouring104\/2024\/12\/11\/confcommercio-calabria-centrale-ottimismo-per-gli-acquisti-natalizi-ma-rimangono-criticita\/#breadcrumb\",\"itemListElement\":[{\"@type\":\"ListItem\",\"position\":1,\"name\":\"Home\",\"item\":\"https:\/\/progettotouring.it\/radiotouring104\/\"},{\"@type\":\"ListItem\",\"position\":2,\"name\":\"Confcommercio Calabria Centrale: &#8220;Ottimismo per gli acquisti natalizi ma rimangono criticit\u00e0&#8221;\"}]},{\"@type\":\"WebSite\",\"@id\":\"https:\/\/progettotouring.it\/radiotouring104\/#website\",\"url\":\"https:\/\/progettotouring.it\/radiotouring104\/\",\"name\":\"Radio Touring 104\",\"description\":\"La prima radio Reggina\",\"publisher\":{\"@id\":\"https:\/\/progettotouring.it\/radiotouring104\/#organization\"},\"potentialAction\":[{\"@type\":\"SearchAction\",\"target\":{\"@type\":\"EntryPoint\",\"urlTemplate\":\"https:\/\/progettotouring.it\/radiotouring104\/?s={search_term_string}\"},\"query-input\":{\"@type\":\"PropertyValueSpecification\",\"valueRequired\":true,\"valueName\":\"search_term_string\"}}],\"inLanguage\":\"it-IT\"},{\"@type\":\"Organization\",\"@id\":\"https:\/\/progettotouring.it\/radiotouring104\/#organization\",\"name\":\"Radio Touring 104\",\"url\":\"https:\/\/progettotouring.it\/radiotouring104\/\",\"logo\":{\"@type\":\"ImageObject\",\"inLanguage\":\"it-IT\",\"@id\":\"https:\/\/progettotouring.it\/radiotouring104\/#\/schema\/logo\/image\/\",\"url\":\"https:\/\/progettotouring.it\/radiotouring104\/wp-content\/uploads\/sites\/6\/2022\/02\/cropped-logo-radio-touring-104.png\",\"contentUrl\":\"https:\/\/progettotouring.it\/radiotouring104\/wp-content\/uploads\/sites\/6\/2022\/02\/cropped-logo-radio-touring-104.png\",\"width\":377,\"height\":182,\"caption\":\"Radio Touring 104\"},\"image\":{\"@id\":\"https:\/\/progettotouring.it\/radiotouring104\/#\/schema\/logo\/image\/\"}},{\"@type\":\"Person\",\"@id\":\"https:\/\/progettotouring.it\/radiotouring104\/#\/schema\/person\/78613917f1851f041f7483f5af1d422e\",\"name\":\"Sebastiano Plutino\",\"image\":{\"@type\":\"ImageObject\",\"inLanguage\":\"it-IT\",\"@id\":\"https:\/\/secure.gravatar.com\/avatar\/0546ffaa9b79224faf9f2a156b67a529ae861d3287c66c1d8ccfdf909bcba78d?s=96&d=mm&r=g\",\"url\":\"https:\/\/secure.gravatar.com\/avatar\/0546ffaa9b79224faf9f2a156b67a529ae861d3287c66c1d8ccfdf909bcba78d?s=96&d=mm&r=g\",\"contentUrl\":\"https:\/\/secure.gravatar.com\/avatar\/0546ffaa9b79224faf9f2a156b67a529ae861d3287c66c1d8ccfdf909bcba78d?s=96&d=mm&r=g\",\"caption\":\"Sebastiano Plutino\"},\"url\":\"https:\/\/progettotouring.it\/radiotouring104\/author\/sebastiano\/\"}]}<\/script>\n<!-- \/ Yoast SEO plugin. -->","yoast_head_json":{"title":"Confcommercio Calabria Centrale: \"Ottimismo per gli acquisti natalizi ma rimangono criticit\u00e0\" - Radio Touring 104","description":"Confcommercio Calabria Centrale analizza i consumi delle scorse settimane, esprimendo ottimismo per quelli legati al periodo natalizio.","robots":{"index":"index","follow":"follow","max-snippet":"max-snippet:-1","max-image-preview":"max-image-preview:large","max-video-preview":"max-video-preview:-1"},"canonical":"https:\/\/progettotouring.it\/radiotouring104\/2024\/12\/11\/confcommercio-calabria-centrale-ottimismo-per-gli-acquisti-natalizi-ma-rimangono-criticita\/","og_locale":"it_IT","og_type":"article","og_title":"Confcommercio Calabria Centrale: \"Ottimismo per gli acquisti natalizi ma rimangono criticit\u00e0\" - Radio Touring 104","og_description":"Confcommercio Calabria Centrale analizza i consumi delle scorse settimane, esprimendo ottimismo per quelli legati al periodo natalizio.","og_url":"https:\/\/progettotouring.it\/radiotouring104\/2024\/12\/11\/confcommercio-calabria-centrale-ottimismo-per-gli-acquisti-natalizi-ma-rimangono-criticita\/","og_site_name":"Radio Touring 104","article_published_time":"2024-12-11T11:27:41+00:00","og_image":[{"width":537,"height":422,"url":"https:\/\/progettotouring.it\/radiotouring104\/wp-content\/uploads\/sites\/6\/2024\/12\/giovanni-ferrareli-confcommerciojpeg-1.jpeg","type":"image\/jpeg"}],"author":"Sebastiano Plutino","twitter_card":"summary_large_image","twitter_misc":{"Scritto da":"Sebastiano Plutino","Tempo di lettura stimato":"2 minuti"},"schema":{"@context":"https:\/\/schema.org","@graph":[{"@type":"Article","@id":"https:\/\/progettotouring.it\/radiotouring104\/2024\/12\/11\/confcommercio-calabria-centrale-ottimismo-per-gli-acquisti-natalizi-ma-rimangono-criticita\/#article","isPartOf":{"@id":"https:\/\/progettotouring.it\/radiotouring104\/2024\/12\/11\/confcommercio-calabria-centrale-ottimismo-per-gli-acquisti-natalizi-ma-rimangono-criticita\/"},"author":{"name":"Sebastiano Plutino","@id":"https:\/\/progettotouring.it\/radiotouring104\/#\/schema\/person\/78613917f1851f041f7483f5af1d422e"},"headline":"Confcommercio Calabria Centrale: &#8220;Ottimismo per gli acquisti natalizi ma rimangono criticit\u00e0&#8221;","datePublished":"2024-12-11T11:27:41+00:00","mainEntityOfPage":{"@id":"https:\/\/progettotouring.it\/radiotouring104\/2024\/12\/11\/confcommercio-calabria-centrale-ottimismo-per-gli-acquisti-natalizi-ma-rimangono-criticita\/"},"wordCount":501,"publisher":{"@id":"https:\/\/progettotouring.it\/radiotouring104\/#organization"},"image":{"@id":"https:\/\/progettotouring.it\/radiotouring104\/2024\/12\/11\/confcommercio-calabria-centrale-ottimismo-per-gli-acquisti-natalizi-ma-rimangono-criticita\/#primaryimage"},"thumbnailUrl":"https:\/\/progettotouring.it\/radiotouring104\/wp-content\/uploads\/sites\/6\/2024\/12\/giovanni-ferrareli-confcommerciojpeg-1.jpeg","keywords":["\"Ottimismo per gli acquisti natalizi ma rimangono criticit\u00e0","Confcommercio Calabria Centrale","Giovanni Ferrarelli"],"articleSection":["Calabria","Home","News"],"inLanguage":"it-IT"},{"@type":"WebPage","@id":"https:\/\/progettotouring.it\/radiotouring104\/2024\/12\/11\/confcommercio-calabria-centrale-ottimismo-per-gli-acquisti-natalizi-ma-rimangono-criticita\/","url":"https:\/\/progettotouring.it\/radiotouring104\/2024\/12\/11\/confcommercio-calabria-centrale-ottimismo-per-gli-acquisti-natalizi-ma-rimangono-criticita\/","name":"Confcommercio Calabria Centrale: \"Ottimismo per gli acquisti natalizi ma rimangono criticit\u00e0\" - Radio Touring 104","isPartOf":{"@id":"https:\/\/progettotouring.it\/radiotouring104\/#website"},"primaryImageOfPage":{"@id":"https:\/\/progettotouring.it\/radiotouring104\/2024\/12\/11\/confcommercio-calabria-centrale-ottimismo-per-gli-acquisti-natalizi-ma-rimangono-criticita\/#primaryimage"},"image":{"@id":"https:\/\/progettotouring.it\/radiotouring104\/2024\/12\/11\/confcommercio-calabria-centrale-ottimismo-per-gli-acquisti-natalizi-ma-rimangono-criticita\/#primaryimage"},"thumbnailUrl":"https:\/\/progettotouring.it\/radiotouring104\/wp-content\/uploads\/sites\/6\/2024\/12\/giovanni-ferrareli-confcommerciojpeg-1.jpeg","datePublished":"2024-12-11T11:27:41+00:00","description":"Confcommercio Calabria Centrale analizza i consumi delle scorse settimane, esprimendo ottimismo per quelli legati al periodo natalizio.","breadcrumb":{"@id":"https:\/\/progettotouring.it\/radiotouring104\/2024\/12\/11\/confcommercio-calabria-centrale-ottimismo-per-gli-acquisti-natalizi-ma-rimangono-criticita\/#breadcrumb"},"inLanguage":"it-IT","potentialAction":[{"@type":"ReadAction","target":["https:\/\/progettotouring.it\/radiotouring104\/2024\/12\/11\/confcommercio-calabria-centrale-ottimismo-per-gli-acquisti-natalizi-ma-rimangono-criticita\/"]}]},{"@type":"ImageObject","inLanguage":"it-IT","@id":"https:\/\/progettotouring.it\/radiotouring104\/2024\/12\/11\/confcommercio-calabria-centrale-ottimismo-per-gli-acquisti-natalizi-ma-rimangono-criticita\/#primaryimage","url":"https:\/\/progettotouring.it\/radiotouring104\/wp-content\/uploads\/sites\/6\/2024\/12\/giovanni-ferrareli-confcommerciojpeg-1.jpeg","contentUrl":"https:\/\/progettotouring.it\/radiotouring104\/wp-content\/uploads\/sites\/6\/2024\/12\/giovanni-ferrareli-confcommerciojpeg-1.jpeg","width":537,"height":422},{"@type":"BreadcrumbList","@id":"https:\/\/progettotouring.it\/radiotouring104\/2024\/12\/11\/confcommercio-calabria-centrale-ottimismo-per-gli-acquisti-natalizi-ma-rimangono-criticita\/#breadcrumb","itemListElement":[{"@type":"ListItem","position":1,"name":"Home","item":"https:\/\/progettotouring.it\/radiotouring104\/"},{"@type":"ListItem","position":2,"name":"Confcommercio Calabria Centrale: &#8220;Ottimismo per gli acquisti natalizi ma rimangono criticit\u00e0&#8221;"}]},{"@type":"WebSite","@id":"https:\/\/progettotouring.it\/radiotouring104\/#website","url":"https:\/\/progettotouring.it\/radiotouring104\/","name":"Radio Touring 104","description":"La prima radio Reggina","publisher":{"@id":"https:\/\/progettotouring.it\/radiotouring104\/#organization"},"potentialAction":[{"@type":"SearchAction","target":{"@type":"EntryPoint","urlTemplate":"https:\/\/progettotouring.it\/radiotouring104\/?s={search_term_string}"},"query-input":{"@type":"PropertyValueSpecification","valueRequired":true,"valueName":"search_term_string"}}],"inLanguage":"it-IT"},{"@type":"Organization","@id":"https:\/\/progettotouring.it\/radiotouring104\/#organization","name":"Radio Touring 104","url":"https:\/\/progettotouring.it\/radiotouring104\/","logo":{"@type":"ImageObject","inLanguage":"it-IT","@id":"https:\/\/progettotouring.it\/radiotouring104\/#\/schema\/logo\/image\/","url":"https:\/\/progettotouring.it\/radiotouring104\/wp-content\/uploads\/sites\/6\/2022\/02\/cropped-logo-radio-touring-104.png","contentUrl":"https:\/\/progettotouring.it\/radiotouring104\/wp-content\/uploads\/sites\/6\/2022\/02\/cropped-logo-radio-touring-104.png","width":377,"height":182,"caption":"Radio Touring 104"},"image":{"@id":"https:\/\/progettotouring.it\/radiotouring104\/#\/schema\/logo\/image\/"}},{"@type":"Person","@id":"https:\/\/progettotouring.it\/radiotouring104\/#\/schema\/person\/78613917f1851f041f7483f5af1d422e","name":"Sebastiano Plutino","image":{"@type":"ImageObject","inLanguage":"it-IT","@id":"https:\/\/secure.gravatar.com\/avatar\/0546ffaa9b79224faf9f2a156b67a529ae861d3287c66c1d8ccfdf909bcba78d?s=96&d=mm&r=g","url":"https:\/\/secure.gravatar.com\/avatar\/0546ffaa9b79224faf9f2a156b67a529ae861d3287c66c1d8ccfdf909bcba78d?s=96&d=mm&r=g","contentUrl":"https:\/\/secure.gravatar.com\/avatar\/0546ffaa9b79224faf9f2a156b67a529ae861d3287c66c1d8ccfdf909bcba78d?s=96&d=mm&r=g","caption":"Sebastiano Plutino"},"url":"https:\/\/progettotouring.it\/radiotouring104\/author\/sebastiano\/"}]}},"jetpack_publicize_connections":[],"jetpack_featured_media_url":"https:\/\/progettotouring.it\/radiotouring104\/wp-content\/uploads\/sites\/6\/2024\/12\/giovanni-ferrareli-confcommerciojpeg-1.jpeg","jetpack_sharing_enabled":true,"_links":{"self":[{"href":"https:\/\/progettotouring.it\/radiotouring104\/wp-json\/wp\/v2\/posts\/63271","targetHints":{"allow":["GET"]}}],"collection":[{"href":"https:\/\/progettotouring.it\/radiotouring104\/wp-json\/wp\/v2\/posts"}],"about":[{"href":"https:\/\/progettotouring.it\/radiotouring104\/wp-json\/wp\/v2\/types\/post"}],"author":[{"embeddable":true,"href":"https:\/\/progettotouring.it\/radiotouring104\/wp-json\/wp\/v2\/users\/12"}],"replies":[{"embeddable":true,"href":"https:\/\/progettotouring.it\/radiotouring104\/wp-json\/wp\/v2\/comments?post=63271"}],"version-history":[{"count":2,"href":"https:\/\/progettotouring.it\/radiotouring104\/wp-json\/wp\/v2\/posts\/63271\/revisions"}],"predecessor-version":[{"id":63275,"href":"https:\/\/progettotouring.it\/radiotouring104\/wp-json\/wp\/v2\/posts\/63271\/revisions\/63275"}],"wp:featuredmedia":[{"embeddable":true,"href":"https:\/\/progettotouring.it\/radiotouring104\/wp-json\/wp\/v2\/media\/63273"}],"wp:attachment":[{"href":"https:\/\/progettotouring.it\/radiotouring104\/wp-json\/wp\/v2\/media?parent=63271"}],"wp:term":[{"taxonomy":"category","embeddable":true,"href":"https:\/\/progettotouring.it\/radiotouring104\/wp-json\/wp\/v2\/categories?post=63271"},{"taxonomy":"post_tag","embeddable":true,"href":"https:\/\/progettotouring.it\/radiotouring104\/wp-json\/wp\/v2\/tags?post=63271"}],"curies":[{"name":"wp","href":"https:\/\/api.w.org\/{rel}","templated":true}]}}