{"id":63495,"date":"2024-12-16T11:31:14","date_gmt":"2024-12-16T10:31:14","guid":{"rendered":"https:\/\/progettotouring.it\/radiotouring104\/?p=63495"},"modified":"2024-12-16T13:01:01","modified_gmt":"2024-12-16T12:01:01","slug":"qualita-della-vita-i-consiglieri-di-maggioranza-criticano-la-classifica-de-il-sole-24-ore","status":"publish","type":"post","link":"https:\/\/progettotouring.it\/radiotouring104\/2024\/12\/16\/qualita-della-vita-i-consiglieri-di-maggioranza-criticano-la-classifica-de-il-sole-24-ore\/","title":{"rendered":"Qualit\u00e0 della Vita: Reggio all&#8217;ultimo posto nella classifica nazionale de &#8220;Il Sole 24 Ore&#8221;"},"content":{"rendered":"<p style=\"text-align: justify\"><strong>E&#8217; Reggio Calabria la provincia fanalino di coda<\/strong> nell&#8217;edizione<strong> 2024 dell&#8217;Indagine del Sole 24 Ore<\/strong> che misura la qualit\u00e0 della vita nei territori italiani.<\/p>\n<p style=\"text-align: justify\"><strong>La Citt\u00e0 metropolitana calabrese che occupa l&#8217;ultimo posto,il 107\/mo<\/strong>, nella classifica <strong>perdendo sei punti rispetto alla rilevazione dello scorso anno,<\/strong> indossa la maglia nera precedendo Crotone che \u00e8 105\/ma con due posizioni in meno rispetto allo scorso anno; Vibo Valentia 103\/ma, che subisce 7 punti di pemnalizzazione, e Cosenza al 102\/mo rimasta invariata.<\/p>\n<p style=\"text-align: justify\"><strong>L&#8217;unica realt\u00e0 territoriale calabrese ad avanzare<\/strong>, seppure di una lunghezza, <strong>\u00e8 quella di Catanzaro<\/strong> che guadagna un solo punto piazzandosi al 90\/mo posto.<\/p>\n<p style=\"text-align: justify\"><strong>La Calabria,<\/strong> dunque, si colloca complessivamente nelle posizioni di fondo della classifica stilata sin dal 1990 dal quotidiano economico e che ogni anno fotografa il<strong> benessere nelle province italiane attraverso 90 indicatori divisi in sei categorie<\/strong>: ricchezza e consumi; affari e lavoro; ambiente e servizi; demografia, societ\u00e0 e salute; giustizia e sicurezza; cultura e tempo libero.<\/p>\n<p id=\"xtp\" style=\"text-align: justify\"><strong>E in questo contesto Reggio<\/strong>, secondo quanto emerge, evidenzia forti criticit\u00e0 su una serie di aspetti. <strong>Le carenze pi\u00f9 gravi,<\/strong> in particolare,<strong> sono state rilevate in materia di ambiente e servizi<\/strong> (ultima al 107\/mo poso), affari e lavoro, cultura e tempo libero.<\/p>\n<h3><\/h3>\n<h3><b>I Consiglieri della Maggioranza metropolitana non ci stanno: &#8220;Classifica Sole24ore fuorviante, non rispecchia la realt\u00e0 delle cose. Grazie al lavoro di questi anni i nostri Comuni crescono in tutti i settori&#8221;<\/b><\/h3>\n<p style=\"text-align: justify\"><em>\u00abLa classifica pubblicata dal Sole 24 ore \u00e8 fuorviante perch\u00e9 basata su indici e indicatori che, nella maggior parte dei casi, poco o nulla hanno a che fare con la qualit\u00e0 della vita reale delle persone. Piuttosto, emerge la profonda spaccatura che esiste fra il nord ed il sud del Paese, un\u2019Italia tagliata in due con una parte letteralmente abbandonata al suo destino per la gioia di chi continua a vedere nel meridionale un cittadino \u201cbrutto, sporco e cattivo\u201d\u00bb.<\/em> E\u2019 quanto<strong> affermano i consiglieri della maggioranza<\/strong> alla Citt\u00e0 Metropolitana<strong> che si dicono<\/strong><em> \u00abperplessi di fronte a numeri che servono, pi\u00f9 che altro, ad esaltare l\u2019ego di chi \u00e8 sempre pronto a puntare l\u2019indice contro qualcuno\u00bb.<\/em><\/p>\n<p style=\"text-align: justify\"><em>\u00abMa come si fa a credere che il benessere di un luogo possa dipendere o meno dall\u2019et\u00e0 anagrafica di chi fa politica?\u00bb<\/em>, si <strong>domandano riflettendo, piuttosto,<\/strong><em> \u00absu questioni salienti come l\u2019emigrazione sanitaria o il divario sugli investimenti per il trasporto pubblico\u00bb.<\/em><\/p>\n<p style=\"text-align: justify\"><em>\u00abIn questi mesi \u2013<\/em> <strong>continuano <\/strong><em>&#8211; tutto il comprensorio reggino si riempie di turisti affascinati delle nostre belle realt\u00e0, dalle peculiarit\u00e0 degli antichi borghi e delle tante opportunit\u00e0 intorno ad una nuova vocazione e ad una narrazione che sta fortemente rilanciando l\u2019immagine del territorio. In una citt\u00e0 che registra picchi altissimi di salubrit\u00e0 dell\u2019aria e dove il clima, gioco forza, permette di vivere 365 giorni all\u2019aperto, non \u00e8 credibile che la qualit\u00e0 della vita possa essere inferiore rispetto ad altri centri in cui smog, industrie e microcriminalit\u00e0 rappresentano un costante campanello d\u2019allarme per le popolazioni residenti. E&#8217; evidente che la classifica diffusa dal noto quotidiano non rispecchia in alcun modo il reale stato delle cose. Il lavoro di questi anni, nonostante le difficolt\u00e0 indipendenti dalla nostra volont\u00e0 e provenienti da fattori esterni, \u00e8 sotto gli occhi di tutti. La nostra area metropolitana \u00e8 sempre pi\u00f9 attrattiva e vitale, punta il suo sviluppo sulla crescita della dotazione infrastrutturale e del proprio capitale sociale ed economico. Gli indicatori del turismo sono tutti in crescita, cos\u00ec come quelli dell&#8217;export, delle infrastrutture, dei servizi\u00bb.<\/em><\/p>\n<p style=\"text-align: justify\"><em>\u00abEvitiamo, dunque, di ubriacarci di cifre che si discostano totalmente dalla vita in carne ed ossa dei cittadini. Si continui, ognuno col proprio ruolo, a lavorare affinch\u00e9 l\u2019Italia continui ad essere una ed indivisibile, perch\u00e9 si possano creare le condizioni per riportare i giovani emigrati l\u00ec dove affondano le loro radici. Serve un maggior impegno del Governo, di una politica che non faccia pi\u00f9 figli e figliastri. Le classifiche lasciano il tempo che trovano perch\u00e9, al mondo, nessun posto \u00e8 bello e vivibile come Reggio Calabria\u00bb, <\/em><strong>concludono i Consiglieri di Maggioranza del Comune di Reggio.<\/strong><\/p>\n<p>&nbsp;<\/p>\n<p>&nbsp;<\/p>\n<h4><b>Il gruppo Pd sulla classifica Sole24Ore: &#8220;Indicatori risibili, piuttosto il Governo si interroghi sulle realt\u00e0 del sud&#8221;<\/b><\/h4>\n<p style=\"text-align: justify\"><em>\u00abIl Governo si interroghi sulle recenti classifiche pubblicate dal Sole24ore in cui l\u2019intero Mezzogiorno \u00e8 praticamente relegato al ruolo di Cenerentola nella classifica sulla qualit\u00e0 della vita delle nostre Province<\/em>\u00bb. E\u2019 quanto <strong>afferma il gruppo comunale del Pd<\/strong> che, rispetto all\u2019ultima posizione della Citt\u00e0 Metropolitana di Reggio Calabria, sottolinea \u00abgli sforzi di un\u2019amministrazione che, in questi anni, ha dovuto scalare montagne per rilanciare un territorio altrimenti abbandonato al suo destino\u00bb.<\/p>\n<p><em>\u00abTralasciando alcuni risibili indicatori scelti per stilare la graduatoria<\/em> \u2013<strong> affermano<\/strong> \u2013<em> \u00e8 sotto gli occhi di tutti come la nostra area metropolitana paghi l\u2019inesistenza di un Governo che sta lavorando per dividere e affossare il Paese. In questi anni, si \u00e8 fatto tantissimo in termini di recupero e spesa dei finanziamenti europei. Sono fioriti cantieri, nuove opere pubbliche hanno dato slancio e vigore all\u2019economia, intere porzioni del comprensorio stanno vivendo una rigenerazione che non conosce precedenti. Eppure, i cittadini sono ancora costretti ad emigrare per avere garantita una Sanit\u00e0 migliore, devono fare i conti con infrastrutture viarie che impediscono lo sviluppo delle comunit\u00e0, devono scontare una politica dell\u2019occupazione che non esiste se non nella forza e nella determinazione dell\u2019amministrazione comunale che \u00e8 riuscita ad azzerare il precariato, ad internalizzare e salvaguardare i lavoratori dei servizi urbani ed a bandire concorsi pubblici che mancavano da 21 anni\u00bb.<\/em><\/p>\n<p><em>\u00abL\u2019ostinazione e la caparbiet\u00e0 della classe dirigente reggina e del sindaco Giuseppe Falcomat\u00e0<\/em> <strong>\u2013 spiegano<\/strong> \u2013<em> al netto dei pesanti tagli ai trasferimenti statali che hanno colpito praticamente ogni settore ed anche grazie alla forte capacit\u00e0 di dialogo e sinergia istituzionale, \u00e8 riuscita a portare a compimento risultati fondamentali che, fra i pi\u00f9 recenti, si sono tradotti nella storica apertura della Strada a scorrimento veloce Gallico-Gambarie, che unisce il mare alla montagna per una crescita esponenziale in termini economici e crescita turistica, nella rinnovata veste di Piazza De Nava che consegna una linfa e bellezza al fronte del Museo archeologico nazionale, nella realizzazione del Parco Urbano Parco del Tempietto sul Lungomare e del Rione Marconi, una delle zone pi\u00f9 complesse dell\u2019intero territorio cittadino\u00bb. \u00abSfruttando i fondi comunitari \u2013 proseguono \u2013 la nostra citt\u00e0 \u00e8 passata da zero a circa 355 posti per bambini in otto asili nido comunali, alcuni dei quali catalogabili nel progetto esecutivo da poco approvato dalla giunta di Palazzo San Giorgio. E sempre rimanendo nell&#8217;ambito delle politiche sociali, i servizi destinati alle fragilit\u00e0, alle persone senza fissa dimora, alle famiglie pi\u00f9 disagiate, alle persone con disabilit\u00e0, tutte attivit\u00e0 gi\u00e0 realizzate con fondi europei, gi\u00e0 attive e pienamente operative, che la classifica evidentemente non fotografa. Come dimenticare, poi, la consegna dei lavori del Palazzo di Giustizia, frutto di un protocollo con il Ministero dell&#8217;Interno, che vedr\u00e0 presto consegnata alla citt\u00e0 un\u2019opera di vitale importanza attesa da lunghissimo tempo\u00bb.<\/em><\/p>\n<p><strong>Sul fronte del rispetto dell\u2019ambiente e di un trasporto pubblico sostenibile, il Partito democratico ricorda <\/strong><em>\u00abla messa su strada di 60 nuovi bus elettrici di Atam che contempla il rinnovo totale della flotta entro la fine dell&#8217;anno, un risultato storico che affonda le sue radici nella positiva programmazione di questi anni\u00bb.<\/em><\/p>\n<p><strong>Ma non solo: <em>\u00ab<\/em><\/strong><em>Reggio Calabria ha conquisto un\u2019immagine internazionale grazie ad Opera, l\u2019affascinante serie di colonne del maestro Tresoldi che svetta sul chilometro pi\u00f9 bello d\u2019Italia e sulla copertina di tutti libri di testo di Storia dell&#8217;Arte utilizzati da centinaia di scuole in tutto il Paese. In questi giorni, poi, la ribalta \u00e8 stata conquistata dalla mostra \u201cIl Calcio \u00e8 arte\u201d che sta catalizzando l\u2019attenzione di tutto il mondo sulla Pinacoteca civica. E tutto questo senza toccare un euro di fondi di bilancio, che invece \u00e8 stato risanato, attraverso un&#8217;operazione certosina, durata tanti anni, che ha riportato il nostro ad essere un Ente sano e con finanze sostenibili e trasparenti\u00bb.<\/em><\/p>\n<p><em>\u00abSono solo alcuni degli interventi \u2013<\/em> spiegano i consiglieri del Pd <em>\u2013 di un\u2019amministrazione che ha raccolto la citt\u00e0 dalle macerie e, mattone su mattone, \u00e8 riuscita a rimettere in piedi una comunit\u00e0 disorientata e smarrita che, in questi giorni, si \u00e8 stretta nel morbido abbraccio di \u201cReggio Citt\u00e0 Natale\u201d, il ricco cartellone di eventi natalizi e luminarie allestito per le festivit\u00e0 dicembrine che continueranno anche dopo lo splendido appuntamento del Capodanno Rai che sugeller\u00e0 il rilancio del nostro territorio\u00bb.<\/em><\/p>\n<p><em>\u00abIl futuro<\/em> \u2013<strong> concludono \u2013<\/strong><em> ha le forme e le sembianze dell\u2019ex Cinema Orchidea che, presto, torner\u00e0 a far pulsare il cuore di quanti riconoscono in Reggio Calabria un importante centro di animazione culturale. Ecco, di tutto questo il Sole24ore non tiene conto. Le classifiche non rendono giustizia alla realt\u00e0 delle cose, non appassionano nessuno perch\u00e9 la vita vera, quella che ogni giorno ci fa svegliare nel posto pi\u00f9 incantevole del mondo, non si misura con la calcolatrice delle statistiche. Reggio Calabria ha qualit\u00e0 da vendere e vita da vivere\u00bb<\/em><\/p>\n","protected":false},"excerpt":{"rendered":"<p>E&#8217; Reggio Calabria la provincia fanalino di coda nell&#8217;edizione 2024 dell&#8217;Indagine del Sole 24 Ore che misura la qualit\u00e0 della vita nei territori italiani. La Citt\u00e0 metropolitana calabrese che occupa&hellip;<\/p>\n","protected":false},"author":12,"featured_media":6588,"comment_status":"closed","ping_status":"open","sticky":false,"template":"","format":"standard","meta":{"_jetpack_memberships_contains_paid_content":false,"footnotes":"","jetpack_publicize_message":"","jetpack_publicize_feature_enabled":true,"jetpack_social_post_already_shared":true,"jetpack_social_options":{"image_generator_settings":{"template":"highway","default_image_id":0,"font":"","enabled":false},"version":2}},"categories":[921,150,196,140],"tags":[38683,38682,9778,19535,38701,23540],"class_list":["post-63495","post","type-post","status-publish","format-standard","has-post-thumbnail","hentry","category-home","category-in-primo-piano","category-news","category-reggio-calabria","tag-grazie-al-lavoro-di-questi-anni-i-nostri-comuni-crescono-in-tutti-i-settori","tag-classifica-sulla-qualita-di-vita","tag-comune-di-reggio","tag-consiglieri-di-maggioranza-comune-reggio","tag-gruppo-od","tag-sole-24-ore"],"yoast_head":"<!-- This site is optimized with the Yoast SEO plugin v27.2 - https:\/\/yoast.com\/product\/yoast-seo-wordpress\/ -->\n<title>Qualit\u00e0 di Vita: Maggioranza critica classifica de &quot;Il Sole 24 Ore&quot;<\/title>\n<meta name=\"description\" content=\"&quot;Grazie al lavoro di questi anni i nostri Comuni crescono in tutti i settori&quot;, contestano i Consiglieri di Maggioranza del Comune\" \/>\n<meta name=\"robots\" content=\"index, follow, max-snippet:-1, max-image-preview:large, max-video-preview:-1\" \/>\n<link rel=\"canonical\" href=\"https:\/\/progettotouring.it\/radiotouring104\/2024\/12\/16\/qualita-della-vita-i-consiglieri-di-maggioranza-criticano-la-classifica-de-il-sole-24-ore\/\" \/>\n<meta property=\"og:locale\" content=\"it_IT\" \/>\n<meta property=\"og:type\" content=\"article\" \/>\n<meta property=\"og:title\" content=\"Qualit\u00e0 di Vita: Maggioranza critica classifica de &quot;Il Sole 24 Ore&quot;\" \/>\n<meta property=\"og:description\" content=\"&quot;Grazie al lavoro di questi anni i nostri Comuni crescono in tutti i settori&quot;, contestano i Consiglieri di Maggioranza del Comune\" \/>\n<meta property=\"og:url\" content=\"https:\/\/progettotouring.it\/radiotouring104\/2024\/12\/16\/qualita-della-vita-i-consiglieri-di-maggioranza-criticano-la-classifica-de-il-sole-24-ore\/\" \/>\n<meta property=\"og:site_name\" content=\"Radio Touring 104\" \/>\n<meta property=\"article:published_time\" content=\"2024-12-16T10:31:14+00:00\" \/>\n<meta property=\"article:modified_time\" content=\"2024-12-16T12:01:01+00:00\" \/>\n<meta property=\"og:image\" content=\"https:\/\/progettotouring.it\/radiotouring104\/wp-content\/uploads\/sites\/6\/2022\/06\/via-marina.jpg\" \/>\n\t<meta property=\"og:image:width\" content=\"1599\" \/>\n\t<meta property=\"og:image:height\" content=\"900\" \/>\n\t<meta property=\"og:image:type\" content=\"image\/jpeg\" \/>\n<meta name=\"author\" content=\"Sebastiano Plutino\" \/>\n<meta name=\"twitter:card\" content=\"summary_large_image\" \/>\n<meta name=\"twitter:label1\" content=\"Scritto da\" \/>\n\t<meta name=\"twitter:data1\" content=\"Sebastiano Plutino\" \/>\n\t<meta name=\"twitter:label2\" content=\"Tempo di lettura stimato\" \/>\n\t<meta name=\"twitter:data2\" content=\"7 minuti\" \/>\n<script type=\"application\/ld+json\" class=\"yoast-schema-graph\">{\"@context\":\"https:\/\/schema.org\",\"@graph\":[{\"@type\":\"Article\",\"@id\":\"https:\/\/progettotouring.it\/radiotouring104\/2024\/12\/16\/qualita-della-vita-i-consiglieri-di-maggioranza-criticano-la-classifica-de-il-sole-24-ore\/#article\",\"isPartOf\":{\"@id\":\"https:\/\/progettotouring.it\/radiotouring104\/2024\/12\/16\/qualita-della-vita-i-consiglieri-di-maggioranza-criticano-la-classifica-de-il-sole-24-ore\/\"},\"author\":{\"name\":\"Sebastiano Plutino\",\"@id\":\"https:\/\/progettotouring.it\/radiotouring104\/#\/schema\/person\/78613917f1851f041f7483f5af1d422e\"},\"headline\":\"Qualit\u00e0 della Vita: Reggio all&#8217;ultimo posto nella classifica nazionale de &#8220;Il Sole 24 Ore&#8221;\",\"datePublished\":\"2024-12-16T10:31:14+00:00\",\"dateModified\":\"2024-12-16T12:01:01+00:00\",\"mainEntityOfPage\":{\"@id\":\"https:\/\/progettotouring.it\/radiotouring104\/2024\/12\/16\/qualita-della-vita-i-consiglieri-di-maggioranza-criticano-la-classifica-de-il-sole-24-ore\/\"},\"wordCount\":1472,\"publisher\":{\"@id\":\"https:\/\/progettotouring.it\/radiotouring104\/#organization\"},\"image\":{\"@id\":\"https:\/\/progettotouring.it\/radiotouring104\/2024\/12\/16\/qualita-della-vita-i-consiglieri-di-maggioranza-criticano-la-classifica-de-il-sole-24-ore\/#primaryimage\"},\"thumbnailUrl\":\"https:\/\/progettotouring.it\/radiotouring104\/wp-content\/uploads\/sites\/6\/2022\/06\/via-marina.jpg\",\"keywords\":[\"\\\"Grazie al lavoro di questi anni i nostri Comuni crescono in tutti i settori\",\"classifica sulla qualit\u00e0 di vita\",\"Comune di Reggio\",\"Consiglieri di maggioranza comune Reggio\",\"gruppo od\",\"Sole 24 Ore\"],\"articleSection\":[\"Home\",\"In primo piano\",\"News\",\"Reggio Calabria\"],\"inLanguage\":\"it-IT\"},{\"@type\":\"WebPage\",\"@id\":\"https:\/\/progettotouring.it\/radiotouring104\/2024\/12\/16\/qualita-della-vita-i-consiglieri-di-maggioranza-criticano-la-classifica-de-il-sole-24-ore\/\",\"url\":\"https:\/\/progettotouring.it\/radiotouring104\/2024\/12\/16\/qualita-della-vita-i-consiglieri-di-maggioranza-criticano-la-classifica-de-il-sole-24-ore\/\",\"name\":\"Qualit\u00e0 di Vita: Maggioranza critica classifica de \\\"Il Sole 24 Ore\\\"\",\"isPartOf\":{\"@id\":\"https:\/\/progettotouring.it\/radiotouring104\/#website\"},\"primaryImageOfPage\":{\"@id\":\"https:\/\/progettotouring.it\/radiotouring104\/2024\/12\/16\/qualita-della-vita-i-consiglieri-di-maggioranza-criticano-la-classifica-de-il-sole-24-ore\/#primaryimage\"},\"image\":{\"@id\":\"https:\/\/progettotouring.it\/radiotouring104\/2024\/12\/16\/qualita-della-vita-i-consiglieri-di-maggioranza-criticano-la-classifica-de-il-sole-24-ore\/#primaryimage\"},\"thumbnailUrl\":\"https:\/\/progettotouring.it\/radiotouring104\/wp-content\/uploads\/sites\/6\/2022\/06\/via-marina.jpg\",\"datePublished\":\"2024-12-16T10:31:14+00:00\",\"dateModified\":\"2024-12-16T12:01:01+00:00\",\"description\":\"\\\"Grazie al lavoro di questi anni i nostri Comuni crescono in tutti i settori\\\", contestano i Consiglieri di Maggioranza del Comune\",\"breadcrumb\":{\"@id\":\"https:\/\/progettotouring.it\/radiotouring104\/2024\/12\/16\/qualita-della-vita-i-consiglieri-di-maggioranza-criticano-la-classifica-de-il-sole-24-ore\/#breadcrumb\"},\"inLanguage\":\"it-IT\",\"potentialAction\":[{\"@type\":\"ReadAction\",\"target\":[\"https:\/\/progettotouring.it\/radiotouring104\/2024\/12\/16\/qualita-della-vita-i-consiglieri-di-maggioranza-criticano-la-classifica-de-il-sole-24-ore\/\"]}]},{\"@type\":\"ImageObject\",\"inLanguage\":\"it-IT\",\"@id\":\"https:\/\/progettotouring.it\/radiotouring104\/2024\/12\/16\/qualita-della-vita-i-consiglieri-di-maggioranza-criticano-la-classifica-de-il-sole-24-ore\/#primaryimage\",\"url\":\"https:\/\/progettotouring.it\/radiotouring104\/wp-content\/uploads\/sites\/6\/2022\/06\/via-marina.jpg\",\"contentUrl\":\"https:\/\/progettotouring.it\/radiotouring104\/wp-content\/uploads\/sites\/6\/2022\/06\/via-marina.jpg\",\"width\":1599,\"height\":900},{\"@type\":\"BreadcrumbList\",\"@id\":\"https:\/\/progettotouring.it\/radiotouring104\/2024\/12\/16\/qualita-della-vita-i-consiglieri-di-maggioranza-criticano-la-classifica-de-il-sole-24-ore\/#breadcrumb\",\"itemListElement\":[{\"@type\":\"ListItem\",\"position\":1,\"name\":\"Home\",\"item\":\"https:\/\/progettotouring.it\/radiotouring104\/\"},{\"@type\":\"ListItem\",\"position\":2,\"name\":\"Qualit\u00e0 della Vita: Reggio all&#8217;ultimo posto nella classifica nazionale de &#8220;Il Sole 24 Ore&#8221;\"}]},{\"@type\":\"WebSite\",\"@id\":\"https:\/\/progettotouring.it\/radiotouring104\/#website\",\"url\":\"https:\/\/progettotouring.it\/radiotouring104\/\",\"name\":\"Radio Touring 104\",\"description\":\"La prima radio Reggina\",\"publisher\":{\"@id\":\"https:\/\/progettotouring.it\/radiotouring104\/#organization\"},\"potentialAction\":[{\"@type\":\"SearchAction\",\"target\":{\"@type\":\"EntryPoint\",\"urlTemplate\":\"https:\/\/progettotouring.it\/radiotouring104\/?s={search_term_string}\"},\"query-input\":{\"@type\":\"PropertyValueSpecification\",\"valueRequired\":true,\"valueName\":\"search_term_string\"}}],\"inLanguage\":\"it-IT\"},{\"@type\":\"Organization\",\"@id\":\"https:\/\/progettotouring.it\/radiotouring104\/#organization\",\"name\":\"Radio Touring 104\",\"url\":\"https:\/\/progettotouring.it\/radiotouring104\/\",\"logo\":{\"@type\":\"ImageObject\",\"inLanguage\":\"it-IT\",\"@id\":\"https:\/\/progettotouring.it\/radiotouring104\/#\/schema\/logo\/image\/\",\"url\":\"https:\/\/progettotouring.it\/radiotouring104\/wp-content\/uploads\/sites\/6\/2022\/02\/cropped-logo-radio-touring-104.png\",\"contentUrl\":\"https:\/\/progettotouring.it\/radiotouring104\/wp-content\/uploads\/sites\/6\/2022\/02\/cropped-logo-radio-touring-104.png\",\"width\":377,\"height\":182,\"caption\":\"Radio Touring 104\"},\"image\":{\"@id\":\"https:\/\/progettotouring.it\/radiotouring104\/#\/schema\/logo\/image\/\"}},{\"@type\":\"Person\",\"@id\":\"https:\/\/progettotouring.it\/radiotouring104\/#\/schema\/person\/78613917f1851f041f7483f5af1d422e\",\"name\":\"Sebastiano Plutino\",\"image\":{\"@type\":\"ImageObject\",\"inLanguage\":\"it-IT\",\"@id\":\"https:\/\/secure.gravatar.com\/avatar\/0546ffaa9b79224faf9f2a156b67a529ae861d3287c66c1d8ccfdf909bcba78d?s=96&d=mm&r=g\",\"url\":\"https:\/\/secure.gravatar.com\/avatar\/0546ffaa9b79224faf9f2a156b67a529ae861d3287c66c1d8ccfdf909bcba78d?s=96&d=mm&r=g\",\"contentUrl\":\"https:\/\/secure.gravatar.com\/avatar\/0546ffaa9b79224faf9f2a156b67a529ae861d3287c66c1d8ccfdf909bcba78d?s=96&d=mm&r=g\",\"caption\":\"Sebastiano Plutino\"},\"url\":\"https:\/\/progettotouring.it\/radiotouring104\/author\/sebastiano\/\"}]}<\/script>\n<!-- \/ Yoast SEO plugin. -->","yoast_head_json":{"title":"Qualit\u00e0 di Vita: Maggioranza critica classifica de \"Il Sole 24 Ore\"","description":"\"Grazie al lavoro di questi anni i nostri Comuni crescono in tutti i settori\", contestano i Consiglieri di Maggioranza del Comune","robots":{"index":"index","follow":"follow","max-snippet":"max-snippet:-1","max-image-preview":"max-image-preview:large","max-video-preview":"max-video-preview:-1"},"canonical":"https:\/\/progettotouring.it\/radiotouring104\/2024\/12\/16\/qualita-della-vita-i-consiglieri-di-maggioranza-criticano-la-classifica-de-il-sole-24-ore\/","og_locale":"it_IT","og_type":"article","og_title":"Qualit\u00e0 di Vita: Maggioranza critica classifica de \"Il Sole 24 Ore\"","og_description":"\"Grazie al lavoro di questi anni i nostri Comuni crescono in tutti i settori\", contestano i Consiglieri di Maggioranza del Comune","og_url":"https:\/\/progettotouring.it\/radiotouring104\/2024\/12\/16\/qualita-della-vita-i-consiglieri-di-maggioranza-criticano-la-classifica-de-il-sole-24-ore\/","og_site_name":"Radio Touring 104","article_published_time":"2024-12-16T10:31:14+00:00","article_modified_time":"2024-12-16T12:01:01+00:00","og_image":[{"width":1599,"height":900,"url":"https:\/\/progettotouring.it\/radiotouring104\/wp-content\/uploads\/sites\/6\/2022\/06\/via-marina.jpg","type":"image\/jpeg"}],"author":"Sebastiano Plutino","twitter_card":"summary_large_image","twitter_misc":{"Scritto da":"Sebastiano Plutino","Tempo di lettura stimato":"7 minuti"},"schema":{"@context":"https:\/\/schema.org","@graph":[{"@type":"Article","@id":"https:\/\/progettotouring.it\/radiotouring104\/2024\/12\/16\/qualita-della-vita-i-consiglieri-di-maggioranza-criticano-la-classifica-de-il-sole-24-ore\/#article","isPartOf":{"@id":"https:\/\/progettotouring.it\/radiotouring104\/2024\/12\/16\/qualita-della-vita-i-consiglieri-di-maggioranza-criticano-la-classifica-de-il-sole-24-ore\/"},"author":{"name":"Sebastiano Plutino","@id":"https:\/\/progettotouring.it\/radiotouring104\/#\/schema\/person\/78613917f1851f041f7483f5af1d422e"},"headline":"Qualit\u00e0 della Vita: Reggio all&#8217;ultimo posto nella classifica nazionale de &#8220;Il Sole 24 Ore&#8221;","datePublished":"2024-12-16T10:31:14+00:00","dateModified":"2024-12-16T12:01:01+00:00","mainEntityOfPage":{"@id":"https:\/\/progettotouring.it\/radiotouring104\/2024\/12\/16\/qualita-della-vita-i-consiglieri-di-maggioranza-criticano-la-classifica-de-il-sole-24-ore\/"},"wordCount":1472,"publisher":{"@id":"https:\/\/progettotouring.it\/radiotouring104\/#organization"},"image":{"@id":"https:\/\/progettotouring.it\/radiotouring104\/2024\/12\/16\/qualita-della-vita-i-consiglieri-di-maggioranza-criticano-la-classifica-de-il-sole-24-ore\/#primaryimage"},"thumbnailUrl":"https:\/\/progettotouring.it\/radiotouring104\/wp-content\/uploads\/sites\/6\/2022\/06\/via-marina.jpg","keywords":["\"Grazie al lavoro di questi anni i nostri Comuni crescono in tutti i settori","classifica sulla qualit\u00e0 di vita","Comune di Reggio","Consiglieri di maggioranza comune Reggio","gruppo od","Sole 24 Ore"],"articleSection":["Home","In primo piano","News","Reggio Calabria"],"inLanguage":"it-IT"},{"@type":"WebPage","@id":"https:\/\/progettotouring.it\/radiotouring104\/2024\/12\/16\/qualita-della-vita-i-consiglieri-di-maggioranza-criticano-la-classifica-de-il-sole-24-ore\/","url":"https:\/\/progettotouring.it\/radiotouring104\/2024\/12\/16\/qualita-della-vita-i-consiglieri-di-maggioranza-criticano-la-classifica-de-il-sole-24-ore\/","name":"Qualit\u00e0 di Vita: Maggioranza critica classifica de \"Il Sole 24 Ore\"","isPartOf":{"@id":"https:\/\/progettotouring.it\/radiotouring104\/#website"},"primaryImageOfPage":{"@id":"https:\/\/progettotouring.it\/radiotouring104\/2024\/12\/16\/qualita-della-vita-i-consiglieri-di-maggioranza-criticano-la-classifica-de-il-sole-24-ore\/#primaryimage"},"image":{"@id":"https:\/\/progettotouring.it\/radiotouring104\/2024\/12\/16\/qualita-della-vita-i-consiglieri-di-maggioranza-criticano-la-classifica-de-il-sole-24-ore\/#primaryimage"},"thumbnailUrl":"https:\/\/progettotouring.it\/radiotouring104\/wp-content\/uploads\/sites\/6\/2022\/06\/via-marina.jpg","datePublished":"2024-12-16T10:31:14+00:00","dateModified":"2024-12-16T12:01:01+00:00","description":"\"Grazie al lavoro di questi anni i nostri Comuni crescono in tutti i settori\", contestano i Consiglieri di Maggioranza del Comune","breadcrumb":{"@id":"https:\/\/progettotouring.it\/radiotouring104\/2024\/12\/16\/qualita-della-vita-i-consiglieri-di-maggioranza-criticano-la-classifica-de-il-sole-24-ore\/#breadcrumb"},"inLanguage":"it-IT","potentialAction":[{"@type":"ReadAction","target":["https:\/\/progettotouring.it\/radiotouring104\/2024\/12\/16\/qualita-della-vita-i-consiglieri-di-maggioranza-criticano-la-classifica-de-il-sole-24-ore\/"]}]},{"@type":"ImageObject","inLanguage":"it-IT","@id":"https:\/\/progettotouring.it\/radiotouring104\/2024\/12\/16\/qualita-della-vita-i-consiglieri-di-maggioranza-criticano-la-classifica-de-il-sole-24-ore\/#primaryimage","url":"https:\/\/progettotouring.it\/radiotouring104\/wp-content\/uploads\/sites\/6\/2022\/06\/via-marina.jpg","contentUrl":"https:\/\/progettotouring.it\/radiotouring104\/wp-content\/uploads\/sites\/6\/2022\/06\/via-marina.jpg","width":1599,"height":900},{"@type":"BreadcrumbList","@id":"https:\/\/progettotouring.it\/radiotouring104\/2024\/12\/16\/qualita-della-vita-i-consiglieri-di-maggioranza-criticano-la-classifica-de-il-sole-24-ore\/#breadcrumb","itemListElement":[{"@type":"ListItem","position":1,"name":"Home","item":"https:\/\/progettotouring.it\/radiotouring104\/"},{"@type":"ListItem","position":2,"name":"Qualit\u00e0 della Vita: Reggio all&#8217;ultimo posto nella classifica nazionale de &#8220;Il Sole 24 Ore&#8221;"}]},{"@type":"WebSite","@id":"https:\/\/progettotouring.it\/radiotouring104\/#website","url":"https:\/\/progettotouring.it\/radiotouring104\/","name":"Radio Touring 104","description":"La prima radio Reggina","publisher":{"@id":"https:\/\/progettotouring.it\/radiotouring104\/#organization"},"potentialAction":[{"@type":"SearchAction","target":{"@type":"EntryPoint","urlTemplate":"https:\/\/progettotouring.it\/radiotouring104\/?s={search_term_string}"},"query-input":{"@type":"PropertyValueSpecification","valueRequired":true,"valueName":"search_term_string"}}],"inLanguage":"it-IT"},{"@type":"Organization","@id":"https:\/\/progettotouring.it\/radiotouring104\/#organization","name":"Radio Touring 104","url":"https:\/\/progettotouring.it\/radiotouring104\/","logo":{"@type":"ImageObject","inLanguage":"it-IT","@id":"https:\/\/progettotouring.it\/radiotouring104\/#\/schema\/logo\/image\/","url":"https:\/\/progettotouring.it\/radiotouring104\/wp-content\/uploads\/sites\/6\/2022\/02\/cropped-logo-radio-touring-104.png","contentUrl":"https:\/\/progettotouring.it\/radiotouring104\/wp-content\/uploads\/sites\/6\/2022\/02\/cropped-logo-radio-touring-104.png","width":377,"height":182,"caption":"Radio Touring 104"},"image":{"@id":"https:\/\/progettotouring.it\/radiotouring104\/#\/schema\/logo\/image\/"}},{"@type":"Person","@id":"https:\/\/progettotouring.it\/radiotouring104\/#\/schema\/person\/78613917f1851f041f7483f5af1d422e","name":"Sebastiano Plutino","image":{"@type":"ImageObject","inLanguage":"it-IT","@id":"https:\/\/secure.gravatar.com\/avatar\/0546ffaa9b79224faf9f2a156b67a529ae861d3287c66c1d8ccfdf909bcba78d?s=96&d=mm&r=g","url":"https:\/\/secure.gravatar.com\/avatar\/0546ffaa9b79224faf9f2a156b67a529ae861d3287c66c1d8ccfdf909bcba78d?s=96&d=mm&r=g","contentUrl":"https:\/\/secure.gravatar.com\/avatar\/0546ffaa9b79224faf9f2a156b67a529ae861d3287c66c1d8ccfdf909bcba78d?s=96&d=mm&r=g","caption":"Sebastiano Plutino"},"url":"https:\/\/progettotouring.it\/radiotouring104\/author\/sebastiano\/"}]}},"jetpack_publicize_connections":[],"jetpack_featured_media_url":"https:\/\/progettotouring.it\/radiotouring104\/wp-content\/uploads\/sites\/6\/2022\/06\/via-marina.jpg","jetpack_sharing_enabled":true,"_links":{"self":[{"href":"https:\/\/progettotouring.it\/radiotouring104\/wp-json\/wp\/v2\/posts\/63495","targetHints":{"allow":["GET"]}}],"collection":[{"href":"https:\/\/progettotouring.it\/radiotouring104\/wp-json\/wp\/v2\/posts"}],"about":[{"href":"https:\/\/progettotouring.it\/radiotouring104\/wp-json\/wp\/v2\/types\/post"}],"author":[{"embeddable":true,"href":"https:\/\/progettotouring.it\/radiotouring104\/wp-json\/wp\/v2\/users\/12"}],"replies":[{"embeddable":true,"href":"https:\/\/progettotouring.it\/radiotouring104\/wp-json\/wp\/v2\/comments?post=63495"}],"version-history":[{"count":5,"href":"https:\/\/progettotouring.it\/radiotouring104\/wp-json\/wp\/v2\/posts\/63495\/revisions"}],"predecessor-version":[{"id":63526,"href":"https:\/\/progettotouring.it\/radiotouring104\/wp-json\/wp\/v2\/posts\/63495\/revisions\/63526"}],"wp:featuredmedia":[{"embeddable":true,"href":"https:\/\/progettotouring.it\/radiotouring104\/wp-json\/wp\/v2\/media\/6588"}],"wp:attachment":[{"href":"https:\/\/progettotouring.it\/radiotouring104\/wp-json\/wp\/v2\/media?parent=63495"}],"wp:term":[{"taxonomy":"category","embeddable":true,"href":"https:\/\/progettotouring.it\/radiotouring104\/wp-json\/wp\/v2\/categories?post=63495"},{"taxonomy":"post_tag","embeddable":true,"href":"https:\/\/progettotouring.it\/radiotouring104\/wp-json\/wp\/v2\/tags?post=63495"}],"curies":[{"name":"wp","href":"https:\/\/api.w.org\/{rel}","templated":true}]}}