{"id":63501,"date":"2024-12-16T12:01:00","date_gmt":"2024-12-16T11:01:00","guid":{"rendered":"https:\/\/progettotouring.it\/radiotouring104\/?p=63501"},"modified":"2024-12-16T12:01:00","modified_gmt":"2024-12-16T11:01:00","slug":"a-reggio-liniziativa-solidale-la-cultura-del-dono-e-il-nostro-si-alla-vita-una-scelta-di-civilta","status":"publish","type":"post","link":"https:\/\/progettotouring.it\/radiotouring104\/2024\/12\/16\/a-reggio-liniziativa-solidale-la-cultura-del-dono-e-il-nostro-si-alla-vita-una-scelta-di-civilta\/","title":{"rendered":"A Reggio l&#8217;iniziativa solidale &#8220;La cultura del dono \u00e8 il nostro s\u00ec alla vita. Una scelta di civilt\u00e0&#8221;"},"content":{"rendered":"<p style=\"text-align: justify\"><strong>L\u2019associazione Reggio Cresce \u00e8 lieta di invitare la cittadinanza all&#8217;evento<\/strong> <em>&#8220;La cultura del dono \u00e8 il nostro s\u00ec alla vita. Una scelta di civilt\u00e0&#8221; <\/em>che <strong>si terr\u00e0 il 18 dicembre dalle 15:30 presso<\/strong> il Chiosco della <strong>Chiesa di San giorgio al Corso<\/strong> a Reggio Calabria.<br \/>\nGli interventi programmati di<strong> saluto dei partecipanti si terranno alle 17.30.<\/strong><\/p>\n<p style=\"text-align: justify\"><strong>L&#8217;iniziativa, che promuove i valori della solidariet\u00e0<\/strong> e della cittadinanza attiva, vedr\u00e0 la partecipazione di numerose realt\u00e0 associative locali che operano in diversi ambiti, tutte unite dal medesimo impegno verso la comunit\u00e0.<\/p>\n<p><strong>L&#8217;evento si svolger\u00e0 sotto il segno di un grande villaggio della solidariet\u00e0<\/strong>, che rappresenta un\u2019<strong>occasione unica per sensibilizzare sui temi della donazione, dell&#8217;inclusivit\u00e0 e dell&#8217;impegno collettivo.<\/strong> In un momento di crescente bisogno di valori positivi di unione e di speranza questo evento vuole essere un messaggio forte e chiaro per tutta la comunit\u00e0 reggina: la solidariet\u00e0 \u00e8 la base per costruire una societ\u00e0 pi\u00f9 giusta e coesa.<\/p>\n<p><strong>Durante l&#8217;incontro, sar\u00e0 possibile raccogliere informazioni,<\/strong> aderire a iniziative di donazione e confrontarsi con i rappresentanti delle associazioni che ogni giorno si impegnano per il benessere della collettivit\u00e0.<\/p>\n<p><strong>Invitiamo tutti i cittadini a partecipare e a vivere insieme un momento di riflessione<\/strong> e di festa, condividendo l\u2019importanza di fare la propria parte per un futuro migliore.<\/p>\n<p>Reggio Cresce \u2013 insieme a tutte le realt\u00e0 coinvolte \u2013 vi aspetta per dire insieme: Il dono \u00e8 un gesto di amore.<\/p>\n","protected":false},"excerpt":{"rendered":"<p>L\u2019associazione Reggio Cresce \u00e8 lieta di invitare la cittadinanza all&#8217;evento &#8220;La cultura del dono \u00e8 il nostro s\u00ec alla vita. Una scelta di civilt\u00e0&#8221; che si terr\u00e0 il 18 dicembre&hellip;<\/p>\n","protected":false},"author":12,"featured_media":63502,"comment_status":"closed","ping_status":"open","sticky":false,"template":"","format":"standard","meta":{"_jetpack_memberships_contains_paid_content":false,"footnotes":"","jetpack_publicize_message":"","jetpack_publicize_feature_enabled":true,"jetpack_social_post_already_shared":true,"jetpack_social_options":{"image_generator_settings":{"template":"highway","default_image_id":0,"font":"","enabled":false},"version":2}},"categories":[196],"tags":[38688,38687,22117],"class_list":["post-63501","post","type-post","status-publish","format-standard","has-post-thumbnail","hentry","category-news","tag-la-cultura-del-dono-e-il-nostro-si-alla-vita","tag-assoxiazione-reggio-cresce","tag-chiesa-san-giorgio-al-coeso"],"yoast_head":"<!-- This site is optimized with the Yoast SEO plugin v27.2 - https:\/\/yoast.com\/product\/yoast-seo-wordpress\/ -->\n<title>A Reggio l&#039;iniziativa solidale &quot;La cultura del dono \u00e8 il nostro s\u00ec alla vita. Una scelta di civilt\u00e0&quot; - Radio Touring 104<\/title>\n<meta name=\"description\" content=\"L&#039;evento &quot;La cultura del dono \u00e8 il nostro s\u00ec alla vita&quot;, si terr\u00e0 mercoled\u00ec 18, dalle 15:30, presso la Chiesa di San giorgio al Corso\" \/>\n<meta name=\"robots\" content=\"index, follow, max-snippet:-1, max-image-preview:large, max-video-preview:-1\" \/>\n<link rel=\"canonical\" href=\"https:\/\/progettotouring.it\/radiotouring104\/2024\/12\/16\/a-reggio-liniziativa-solidale-la-cultura-del-dono-e-il-nostro-si-alla-vita-una-scelta-di-civilta\/\" \/>\n<meta property=\"og:locale\" content=\"it_IT\" \/>\n<meta property=\"og:type\" content=\"article\" \/>\n<meta property=\"og:title\" content=\"A Reggio l&#039;iniziativa solidale &quot;La cultura del dono \u00e8 il nostro s\u00ec alla vita. Una scelta di civilt\u00e0&quot; - Radio Touring 104\" \/>\n<meta property=\"og:description\" content=\"L&#039;evento &quot;La cultura del dono \u00e8 il nostro s\u00ec alla vita&quot;, si terr\u00e0 mercoled\u00ec 18, dalle 15:30, presso la Chiesa di San giorgio al Corso\" \/>\n<meta property=\"og:url\" content=\"https:\/\/progettotouring.it\/radiotouring104\/2024\/12\/16\/a-reggio-liniziativa-solidale-la-cultura-del-dono-e-il-nostro-si-alla-vita-una-scelta-di-civilta\/\" \/>\n<meta property=\"og:site_name\" content=\"Radio Touring 104\" \/>\n<meta property=\"article:published_time\" content=\"2024-12-16T11:01:00+00:00\" \/>\n<meta property=\"og:image\" content=\"https:\/\/progettotouring.it\/radiotouring104\/wp-content\/uploads\/sites\/6\/2024\/12\/Associazione-Reggio-Cresce.jpg\" \/>\n\t<meta property=\"og:image:width\" content=\"1131\" \/>\n\t<meta property=\"og:image:height\" content=\"1600\" \/>\n\t<meta property=\"og:image:type\" content=\"image\/jpeg\" \/>\n<meta name=\"author\" content=\"Sebastiano Plutino\" \/>\n<meta name=\"twitter:card\" content=\"summary_large_image\" \/>\n<meta name=\"twitter:label1\" content=\"Scritto da\" \/>\n\t<meta name=\"twitter:data1\" content=\"Sebastiano Plutino\" \/>\n\t<meta name=\"twitter:label2\" content=\"Tempo di lettura stimato\" \/>\n\t<meta name=\"twitter:data2\" content=\"1 minuto\" \/>\n<script type=\"application\/ld+json\" class=\"yoast-schema-graph\">{\"@context\":\"https:\/\/schema.org\",\"@graph\":[{\"@type\":\"Article\",\"@id\":\"https:\/\/progettotouring.it\/radiotouring104\/2024\/12\/16\/a-reggio-liniziativa-solidale-la-cultura-del-dono-e-il-nostro-si-alla-vita-una-scelta-di-civilta\/#article\",\"isPartOf\":{\"@id\":\"https:\/\/progettotouring.it\/radiotouring104\/2024\/12\/16\/a-reggio-liniziativa-solidale-la-cultura-del-dono-e-il-nostro-si-alla-vita-una-scelta-di-civilta\/\"},\"author\":{\"name\":\"Sebastiano Plutino\",\"@id\":\"https:\/\/progettotouring.it\/radiotouring104\/#\/schema\/person\/78613917f1851f041f7483f5af1d422e\"},\"headline\":\"A Reggio l&#8217;iniziativa solidale &#8220;La cultura del dono \u00e8 il nostro s\u00ec alla vita. Una scelta di civilt\u00e0&#8221;\",\"datePublished\":\"2024-12-16T11:01:00+00:00\",\"mainEntityOfPage\":{\"@id\":\"https:\/\/progettotouring.it\/radiotouring104\/2024\/12\/16\/a-reggio-liniziativa-solidale-la-cultura-del-dono-e-il-nostro-si-alla-vita-una-scelta-di-civilta\/\"},\"wordCount\":244,\"publisher\":{\"@id\":\"https:\/\/progettotouring.it\/radiotouring104\/#organization\"},\"image\":{\"@id\":\"https:\/\/progettotouring.it\/radiotouring104\/2024\/12\/16\/a-reggio-liniziativa-solidale-la-cultura-del-dono-e-il-nostro-si-alla-vita-una-scelta-di-civilta\/#primaryimage\"},\"thumbnailUrl\":\"https:\/\/progettotouring.it\/radiotouring104\/wp-content\/uploads\/sites\/6\/2024\/12\/Associazione-Reggio-Cresce.jpg\",\"keywords\":[\"\\\"La cultura del dono \u00e8 il nostro s\u00ec alla vita\",\"Assoxiazione Reggio Cresce\",\"Chiesa San Giorgio al Coeso\"],\"articleSection\":[\"News\"],\"inLanguage\":\"it-IT\"},{\"@type\":\"WebPage\",\"@id\":\"https:\/\/progettotouring.it\/radiotouring104\/2024\/12\/16\/a-reggio-liniziativa-solidale-la-cultura-del-dono-e-il-nostro-si-alla-vita-una-scelta-di-civilta\/\",\"url\":\"https:\/\/progettotouring.it\/radiotouring104\/2024\/12\/16\/a-reggio-liniziativa-solidale-la-cultura-del-dono-e-il-nostro-si-alla-vita-una-scelta-di-civilta\/\",\"name\":\"A Reggio l'iniziativa solidale \\\"La cultura del dono \u00e8 il nostro s\u00ec alla vita. Una scelta di civilt\u00e0\\\" - Radio Touring 104\",\"isPartOf\":{\"@id\":\"https:\/\/progettotouring.it\/radiotouring104\/#website\"},\"primaryImageOfPage\":{\"@id\":\"https:\/\/progettotouring.it\/radiotouring104\/2024\/12\/16\/a-reggio-liniziativa-solidale-la-cultura-del-dono-e-il-nostro-si-alla-vita-una-scelta-di-civilta\/#primaryimage\"},\"image\":{\"@id\":\"https:\/\/progettotouring.it\/radiotouring104\/2024\/12\/16\/a-reggio-liniziativa-solidale-la-cultura-del-dono-e-il-nostro-si-alla-vita-una-scelta-di-civilta\/#primaryimage\"},\"thumbnailUrl\":\"https:\/\/progettotouring.it\/radiotouring104\/wp-content\/uploads\/sites\/6\/2024\/12\/Associazione-Reggio-Cresce.jpg\",\"datePublished\":\"2024-12-16T11:01:00+00:00\",\"description\":\"L'evento \\\"La cultura del dono \u00e8 il nostro s\u00ec alla vita\\\", si terr\u00e0 mercoled\u00ec 18, dalle 15:30, presso la Chiesa di San giorgio al Corso\",\"breadcrumb\":{\"@id\":\"https:\/\/progettotouring.it\/radiotouring104\/2024\/12\/16\/a-reggio-liniziativa-solidale-la-cultura-del-dono-e-il-nostro-si-alla-vita-una-scelta-di-civilta\/#breadcrumb\"},\"inLanguage\":\"it-IT\",\"potentialAction\":[{\"@type\":\"ReadAction\",\"target\":[\"https:\/\/progettotouring.it\/radiotouring104\/2024\/12\/16\/a-reggio-liniziativa-solidale-la-cultura-del-dono-e-il-nostro-si-alla-vita-una-scelta-di-civilta\/\"]}]},{\"@type\":\"ImageObject\",\"inLanguage\":\"it-IT\",\"@id\":\"https:\/\/progettotouring.it\/radiotouring104\/2024\/12\/16\/a-reggio-liniziativa-solidale-la-cultura-del-dono-e-il-nostro-si-alla-vita-una-scelta-di-civilta\/#primaryimage\",\"url\":\"https:\/\/progettotouring.it\/radiotouring104\/wp-content\/uploads\/sites\/6\/2024\/12\/Associazione-Reggio-Cresce.jpg\",\"contentUrl\":\"https:\/\/progettotouring.it\/radiotouring104\/wp-content\/uploads\/sites\/6\/2024\/12\/Associazione-Reggio-Cresce.jpg\",\"width\":1131,\"height\":1600},{\"@type\":\"BreadcrumbList\",\"@id\":\"https:\/\/progettotouring.it\/radiotouring104\/2024\/12\/16\/a-reggio-liniziativa-solidale-la-cultura-del-dono-e-il-nostro-si-alla-vita-una-scelta-di-civilta\/#breadcrumb\",\"itemListElement\":[{\"@type\":\"ListItem\",\"position\":1,\"name\":\"Home\",\"item\":\"https:\/\/progettotouring.it\/radiotouring104\/\"},{\"@type\":\"ListItem\",\"position\":2,\"name\":\"A Reggio l&#8217;iniziativa solidale &#8220;La cultura del dono \u00e8 il nostro s\u00ec alla vita. Una scelta di civilt\u00e0&#8221;\"}]},{\"@type\":\"WebSite\",\"@id\":\"https:\/\/progettotouring.it\/radiotouring104\/#website\",\"url\":\"https:\/\/progettotouring.it\/radiotouring104\/\",\"name\":\"Radio Touring 104\",\"description\":\"La prima radio Reggina\",\"publisher\":{\"@id\":\"https:\/\/progettotouring.it\/radiotouring104\/#organization\"},\"potentialAction\":[{\"@type\":\"SearchAction\",\"target\":{\"@type\":\"EntryPoint\",\"urlTemplate\":\"https:\/\/progettotouring.it\/radiotouring104\/?s={search_term_string}\"},\"query-input\":{\"@type\":\"PropertyValueSpecification\",\"valueRequired\":true,\"valueName\":\"search_term_string\"}}],\"inLanguage\":\"it-IT\"},{\"@type\":\"Organization\",\"@id\":\"https:\/\/progettotouring.it\/radiotouring104\/#organization\",\"name\":\"Radio Touring 104\",\"url\":\"https:\/\/progettotouring.it\/radiotouring104\/\",\"logo\":{\"@type\":\"ImageObject\",\"inLanguage\":\"it-IT\",\"@id\":\"https:\/\/progettotouring.it\/radiotouring104\/#\/schema\/logo\/image\/\",\"url\":\"https:\/\/progettotouring.it\/radiotouring104\/wp-content\/uploads\/sites\/6\/2022\/02\/cropped-logo-radio-touring-104.png\",\"contentUrl\":\"https:\/\/progettotouring.it\/radiotouring104\/wp-content\/uploads\/sites\/6\/2022\/02\/cropped-logo-radio-touring-104.png\",\"width\":377,\"height\":182,\"caption\":\"Radio Touring 104\"},\"image\":{\"@id\":\"https:\/\/progettotouring.it\/radiotouring104\/#\/schema\/logo\/image\/\"}},{\"@type\":\"Person\",\"@id\":\"https:\/\/progettotouring.it\/radiotouring104\/#\/schema\/person\/78613917f1851f041f7483f5af1d422e\",\"name\":\"Sebastiano Plutino\",\"image\":{\"@type\":\"ImageObject\",\"inLanguage\":\"it-IT\",\"@id\":\"https:\/\/secure.gravatar.com\/avatar\/0546ffaa9b79224faf9f2a156b67a529ae861d3287c66c1d8ccfdf909bcba78d?s=96&d=mm&r=g\",\"url\":\"https:\/\/secure.gravatar.com\/avatar\/0546ffaa9b79224faf9f2a156b67a529ae861d3287c66c1d8ccfdf909bcba78d?s=96&d=mm&r=g\",\"contentUrl\":\"https:\/\/secure.gravatar.com\/avatar\/0546ffaa9b79224faf9f2a156b67a529ae861d3287c66c1d8ccfdf909bcba78d?s=96&d=mm&r=g\",\"caption\":\"Sebastiano Plutino\"},\"url\":\"https:\/\/progettotouring.it\/radiotouring104\/author\/sebastiano\/\"}]}<\/script>\n<!-- \/ Yoast SEO plugin. -->","yoast_head_json":{"title":"A Reggio l'iniziativa solidale \"La cultura del dono \u00e8 il nostro s\u00ec alla vita. Una scelta di civilt\u00e0\" - Radio Touring 104","description":"L'evento \"La cultura del dono \u00e8 il nostro s\u00ec alla vita\", si terr\u00e0 mercoled\u00ec 18, dalle 15:30, presso la Chiesa di San giorgio al Corso","robots":{"index":"index","follow":"follow","max-snippet":"max-snippet:-1","max-image-preview":"max-image-preview:large","max-video-preview":"max-video-preview:-1"},"canonical":"https:\/\/progettotouring.it\/radiotouring104\/2024\/12\/16\/a-reggio-liniziativa-solidale-la-cultura-del-dono-e-il-nostro-si-alla-vita-una-scelta-di-civilta\/","og_locale":"it_IT","og_type":"article","og_title":"A Reggio l'iniziativa solidale \"La cultura del dono \u00e8 il nostro s\u00ec alla vita. Una scelta di civilt\u00e0\" - Radio Touring 104","og_description":"L'evento \"La cultura del dono \u00e8 il nostro s\u00ec alla vita\", si terr\u00e0 mercoled\u00ec 18, dalle 15:30, presso la Chiesa di San giorgio al Corso","og_url":"https:\/\/progettotouring.it\/radiotouring104\/2024\/12\/16\/a-reggio-liniziativa-solidale-la-cultura-del-dono-e-il-nostro-si-alla-vita-una-scelta-di-civilta\/","og_site_name":"Radio Touring 104","article_published_time":"2024-12-16T11:01:00+00:00","og_image":[{"width":1131,"height":1600,"url":"https:\/\/progettotouring.it\/radiotouring104\/wp-content\/uploads\/sites\/6\/2024\/12\/Associazione-Reggio-Cresce.jpg","type":"image\/jpeg"}],"author":"Sebastiano Plutino","twitter_card":"summary_large_image","twitter_misc":{"Scritto da":"Sebastiano Plutino","Tempo di lettura stimato":"1 minuto"},"schema":{"@context":"https:\/\/schema.org","@graph":[{"@type":"Article","@id":"https:\/\/progettotouring.it\/radiotouring104\/2024\/12\/16\/a-reggio-liniziativa-solidale-la-cultura-del-dono-e-il-nostro-si-alla-vita-una-scelta-di-civilta\/#article","isPartOf":{"@id":"https:\/\/progettotouring.it\/radiotouring104\/2024\/12\/16\/a-reggio-liniziativa-solidale-la-cultura-del-dono-e-il-nostro-si-alla-vita-una-scelta-di-civilta\/"},"author":{"name":"Sebastiano Plutino","@id":"https:\/\/progettotouring.it\/radiotouring104\/#\/schema\/person\/78613917f1851f041f7483f5af1d422e"},"headline":"A Reggio l&#8217;iniziativa solidale &#8220;La cultura del dono \u00e8 il nostro s\u00ec alla vita. Una scelta di civilt\u00e0&#8221;","datePublished":"2024-12-16T11:01:00+00:00","mainEntityOfPage":{"@id":"https:\/\/progettotouring.it\/radiotouring104\/2024\/12\/16\/a-reggio-liniziativa-solidale-la-cultura-del-dono-e-il-nostro-si-alla-vita-una-scelta-di-civilta\/"},"wordCount":244,"publisher":{"@id":"https:\/\/progettotouring.it\/radiotouring104\/#organization"},"image":{"@id":"https:\/\/progettotouring.it\/radiotouring104\/2024\/12\/16\/a-reggio-liniziativa-solidale-la-cultura-del-dono-e-il-nostro-si-alla-vita-una-scelta-di-civilta\/#primaryimage"},"thumbnailUrl":"https:\/\/progettotouring.it\/radiotouring104\/wp-content\/uploads\/sites\/6\/2024\/12\/Associazione-Reggio-Cresce.jpg","keywords":["\"La cultura del dono \u00e8 il nostro s\u00ec alla vita","Assoxiazione Reggio Cresce","Chiesa San Giorgio al Coeso"],"articleSection":["News"],"inLanguage":"it-IT"},{"@type":"WebPage","@id":"https:\/\/progettotouring.it\/radiotouring104\/2024\/12\/16\/a-reggio-liniziativa-solidale-la-cultura-del-dono-e-il-nostro-si-alla-vita-una-scelta-di-civilta\/","url":"https:\/\/progettotouring.it\/radiotouring104\/2024\/12\/16\/a-reggio-liniziativa-solidale-la-cultura-del-dono-e-il-nostro-si-alla-vita-una-scelta-di-civilta\/","name":"A Reggio l'iniziativa solidale \"La cultura del dono \u00e8 il nostro s\u00ec alla vita. Una scelta di civilt\u00e0\" - Radio Touring 104","isPartOf":{"@id":"https:\/\/progettotouring.it\/radiotouring104\/#website"},"primaryImageOfPage":{"@id":"https:\/\/progettotouring.it\/radiotouring104\/2024\/12\/16\/a-reggio-liniziativa-solidale-la-cultura-del-dono-e-il-nostro-si-alla-vita-una-scelta-di-civilta\/#primaryimage"},"image":{"@id":"https:\/\/progettotouring.it\/radiotouring104\/2024\/12\/16\/a-reggio-liniziativa-solidale-la-cultura-del-dono-e-il-nostro-si-alla-vita-una-scelta-di-civilta\/#primaryimage"},"thumbnailUrl":"https:\/\/progettotouring.it\/radiotouring104\/wp-content\/uploads\/sites\/6\/2024\/12\/Associazione-Reggio-Cresce.jpg","datePublished":"2024-12-16T11:01:00+00:00","description":"L'evento \"La cultura del dono \u00e8 il nostro s\u00ec alla vita\", si terr\u00e0 mercoled\u00ec 18, dalle 15:30, presso la Chiesa di San giorgio al Corso","breadcrumb":{"@id":"https:\/\/progettotouring.it\/radiotouring104\/2024\/12\/16\/a-reggio-liniziativa-solidale-la-cultura-del-dono-e-il-nostro-si-alla-vita-una-scelta-di-civilta\/#breadcrumb"},"inLanguage":"it-IT","potentialAction":[{"@type":"ReadAction","target":["https:\/\/progettotouring.it\/radiotouring104\/2024\/12\/16\/a-reggio-liniziativa-solidale-la-cultura-del-dono-e-il-nostro-si-alla-vita-una-scelta-di-civilta\/"]}]},{"@type":"ImageObject","inLanguage":"it-IT","@id":"https:\/\/progettotouring.it\/radiotouring104\/2024\/12\/16\/a-reggio-liniziativa-solidale-la-cultura-del-dono-e-il-nostro-si-alla-vita-una-scelta-di-civilta\/#primaryimage","url":"https:\/\/progettotouring.it\/radiotouring104\/wp-content\/uploads\/sites\/6\/2024\/12\/Associazione-Reggio-Cresce.jpg","contentUrl":"https:\/\/progettotouring.it\/radiotouring104\/wp-content\/uploads\/sites\/6\/2024\/12\/Associazione-Reggio-Cresce.jpg","width":1131,"height":1600},{"@type":"BreadcrumbList","@id":"https:\/\/progettotouring.it\/radiotouring104\/2024\/12\/16\/a-reggio-liniziativa-solidale-la-cultura-del-dono-e-il-nostro-si-alla-vita-una-scelta-di-civilta\/#breadcrumb","itemListElement":[{"@type":"ListItem","position":1,"name":"Home","item":"https:\/\/progettotouring.it\/radiotouring104\/"},{"@type":"ListItem","position":2,"name":"A Reggio l&#8217;iniziativa solidale &#8220;La cultura del dono \u00e8 il nostro s\u00ec alla vita. Una scelta di civilt\u00e0&#8221;"}]},{"@type":"WebSite","@id":"https:\/\/progettotouring.it\/radiotouring104\/#website","url":"https:\/\/progettotouring.it\/radiotouring104\/","name":"Radio Touring 104","description":"La prima radio Reggina","publisher":{"@id":"https:\/\/progettotouring.it\/radiotouring104\/#organization"},"potentialAction":[{"@type":"SearchAction","target":{"@type":"EntryPoint","urlTemplate":"https:\/\/progettotouring.it\/radiotouring104\/?s={search_term_string}"},"query-input":{"@type":"PropertyValueSpecification","valueRequired":true,"valueName":"search_term_string"}}],"inLanguage":"it-IT"},{"@type":"Organization","@id":"https:\/\/progettotouring.it\/radiotouring104\/#organization","name":"Radio Touring 104","url":"https:\/\/progettotouring.it\/radiotouring104\/","logo":{"@type":"ImageObject","inLanguage":"it-IT","@id":"https:\/\/progettotouring.it\/radiotouring104\/#\/schema\/logo\/image\/","url":"https:\/\/progettotouring.it\/radiotouring104\/wp-content\/uploads\/sites\/6\/2022\/02\/cropped-logo-radio-touring-104.png","contentUrl":"https:\/\/progettotouring.it\/radiotouring104\/wp-content\/uploads\/sites\/6\/2022\/02\/cropped-logo-radio-touring-104.png","width":377,"height":182,"caption":"Radio Touring 104"},"image":{"@id":"https:\/\/progettotouring.it\/radiotouring104\/#\/schema\/logo\/image\/"}},{"@type":"Person","@id":"https:\/\/progettotouring.it\/radiotouring104\/#\/schema\/person\/78613917f1851f041f7483f5af1d422e","name":"Sebastiano Plutino","image":{"@type":"ImageObject","inLanguage":"it-IT","@id":"https:\/\/secure.gravatar.com\/avatar\/0546ffaa9b79224faf9f2a156b67a529ae861d3287c66c1d8ccfdf909bcba78d?s=96&d=mm&r=g","url":"https:\/\/secure.gravatar.com\/avatar\/0546ffaa9b79224faf9f2a156b67a529ae861d3287c66c1d8ccfdf909bcba78d?s=96&d=mm&r=g","contentUrl":"https:\/\/secure.gravatar.com\/avatar\/0546ffaa9b79224faf9f2a156b67a529ae861d3287c66c1d8ccfdf909bcba78d?s=96&d=mm&r=g","caption":"Sebastiano Plutino"},"url":"https:\/\/progettotouring.it\/radiotouring104\/author\/sebastiano\/"}]}},"jetpack_publicize_connections":[],"jetpack_featured_media_url":"https:\/\/progettotouring.it\/radiotouring104\/wp-content\/uploads\/sites\/6\/2024\/12\/Associazione-Reggio-Cresce.jpg","jetpack_sharing_enabled":true,"_links":{"self":[{"href":"https:\/\/progettotouring.it\/radiotouring104\/wp-json\/wp\/v2\/posts\/63501","targetHints":{"allow":["GET"]}}],"collection":[{"href":"https:\/\/progettotouring.it\/radiotouring104\/wp-json\/wp\/v2\/posts"}],"about":[{"href":"https:\/\/progettotouring.it\/radiotouring104\/wp-json\/wp\/v2\/types\/post"}],"author":[{"embeddable":true,"href":"https:\/\/progettotouring.it\/radiotouring104\/wp-json\/wp\/v2\/users\/12"}],"replies":[{"embeddable":true,"href":"https:\/\/progettotouring.it\/radiotouring104\/wp-json\/wp\/v2\/comments?post=63501"}],"version-history":[{"count":1,"href":"https:\/\/progettotouring.it\/radiotouring104\/wp-json\/wp\/v2\/posts\/63501\/revisions"}],"predecessor-version":[{"id":63503,"href":"https:\/\/progettotouring.it\/radiotouring104\/wp-json\/wp\/v2\/posts\/63501\/revisions\/63503"}],"wp:featuredmedia":[{"embeddable":true,"href":"https:\/\/progettotouring.it\/radiotouring104\/wp-json\/wp\/v2\/media\/63502"}],"wp:attachment":[{"href":"https:\/\/progettotouring.it\/radiotouring104\/wp-json\/wp\/v2\/media?parent=63501"}],"wp:term":[{"taxonomy":"category","embeddable":true,"href":"https:\/\/progettotouring.it\/radiotouring104\/wp-json\/wp\/v2\/categories?post=63501"},{"taxonomy":"post_tag","embeddable":true,"href":"https:\/\/progettotouring.it\/radiotouring104\/wp-json\/wp\/v2\/tags?post=63501"}],"curies":[{"name":"wp","href":"https:\/\/api.w.org\/{rel}","templated":true}]}}