{"id":63511,"date":"2024-12-16T12:32:48","date_gmt":"2024-12-16T11:32:48","guid":{"rendered":"https:\/\/progettotouring.it\/radiotouring104\/?p=63511"},"modified":"2024-12-16T12:32:48","modified_gmt":"2024-12-16T11:32:48","slug":"reggio-solidarieta-del-consigliere-milia-alla-giornalista-emilia-condarelli","status":"publish","type":"post","link":"https:\/\/progettotouring.it\/radiotouring104\/2024\/12\/16\/reggio-solidarieta-del-consigliere-milia-alla-giornalista-emilia-condarelli\/","title":{"rendered":"Reggio: solidariet\u00e0 del consigliere Milia alla giornalista Emilia Condarelli"},"content":{"rendered":"<p style=\"text-align: justify\"><em>\u201c<\/em><em>Ci tenevo ad aspettare la prima conferenza stampa per dire che noi abbiamo rispetto de<\/em><em>gli organi di informazione e <\/em><em>ci tengo<\/em><em>, <\/em><em>a nome del gruppo <\/em><em>consiliare di Forza Italia, <\/em><em>ad esprimere l<\/em><em>a nostra<\/em><em> solidariet\u00e0 ad Emilia Condarelli<\/em><em>, <\/em><em>professionista <\/em><em>qualificata ed <\/em><em>instancabile<\/em><em>, per l\u2019episodio spiacevole ed ingiustificato verificatosi qualche giorno fa nel corso di un\u2019altra conferenza stampa\u201d. <\/em><strong>Lo dichiara il capogruppo<\/strong> di Forza Italia in consiglio comunale al Comune di Reggio Calabria <strong>Federico Milia<\/strong>, in apertura della conferenza stampa di stamani sulla presentazione della bozza del regolamento sulle circoscrizioni.<\/p>\n<p style=\"text-align: justify\">\n<p style=\"text-align: justify\">\u201c<em>\u00c8 inaccettabile che, nel corso di una conferenza stampa, nel caso specifico convocata dalla maggioranza per presentare alcune novit\u00e0 sul servizio di raccolta rifiuti in citt\u00e0, il sindaco Falcomat\u00e0 e il vice sindaco Brunetti si siano resi protagonisti di un episodio spiacevole nei confronti della giornalista Emilia Condarelli, tanto da richiedere l\u2019intervento a mezzo stampa del presidente dell\u2019 ordine dei giornalisti della Calabria, Dott. Giuseppe Soluri\u201d<\/em> <strong>afferma Milia.<\/strong><\/p>\n<p style=\"text-align: justify\">\n<p style=\"text-align: justify\">\u201c<em>Sono vicino alla giornalista Emilia Condarelli, professionista che ha sempre dimostrato impegno, seriet\u00e0 e dedizione nel proprio lavoro e mi auguro che episodi come quello verificatosi non si ripetano mai pi\u00f9\u201d<\/em><strong> conclude il capogruppo Milia.<\/strong><\/p>\n<p style=\"text-align: justify\">\n<p>&nbsp;<\/p>\n<p>&nbsp;<\/p>\n<p>&nbsp;<\/p>\n","protected":false},"excerpt":{"rendered":"<p>\u201cCi tenevo ad aspettare la prima conferenza stampa per dire che noi abbiamo rispetto degli organi di informazione e ci tengo, a nome del gruppo consiliare di Forza Italia, ad&hellip;<\/p>\n","protected":false},"author":12,"featured_media":28587,"comment_status":"closed","ping_status":"open","sticky":false,"template":"","format":"standard","meta":{"_jetpack_memberships_contains_paid_content":false,"footnotes":"","jetpack_publicize_message":"","jetpack_publicize_feature_enabled":true,"jetpack_social_post_already_shared":true,"jetpack_social_options":{"image_generator_settings":{"template":"highway","default_image_id":0,"font":"","enabled":false},"version":2}},"categories":[921,196,140],"tags":[3231,32894,38692,597],"class_list":["post-63511","post","type-post","status-publish","format-standard","has-post-thumbnail","hentry","category-home","category-news","category-reggio-calabria","tag-federico-milia","tag-giornalista-emilia-condarelli","tag-inaccettabile-comportamento-amministrazione-comunale","tag-solidarieta"],"yoast_head":"<!-- This site is optimized with the Yoast SEO plugin v27.2 - https:\/\/yoast.com\/product\/yoast-seo-wordpress\/ -->\n<title>Reggio: solidariet\u00e0 del consigliere Milia alla giornalista Emilia Condarelli - Radio Touring 104<\/title>\n<meta name=\"description\" content=\"\u201cInaccettabile l\u2019atteggiamento dell\u2019Amministrazione comunale nei riguardi degli operatori dell\u2019informazione\u201d, dichiara Milia\" \/>\n<meta name=\"robots\" content=\"index, follow, max-snippet:-1, max-image-preview:large, max-video-preview:-1\" \/>\n<link rel=\"canonical\" href=\"https:\/\/progettotouring.it\/radiotouring104\/2024\/12\/16\/reggio-solidarieta-del-consigliere-milia-alla-giornalista-emilia-condarelli\/\" \/>\n<meta property=\"og:locale\" content=\"it_IT\" \/>\n<meta property=\"og:type\" content=\"article\" \/>\n<meta property=\"og:title\" content=\"Reggio: solidariet\u00e0 del consigliere Milia alla giornalista Emilia Condarelli - Radio Touring 104\" \/>\n<meta property=\"og:description\" content=\"\u201cInaccettabile l\u2019atteggiamento dell\u2019Amministrazione comunale nei riguardi degli operatori dell\u2019informazione\u201d, dichiara Milia\" \/>\n<meta property=\"og:url\" content=\"https:\/\/progettotouring.it\/radiotouring104\/2024\/12\/16\/reggio-solidarieta-del-consigliere-milia-alla-giornalista-emilia-condarelli\/\" \/>\n<meta property=\"og:site_name\" content=\"Radio Touring 104\" \/>\n<meta property=\"article:published_time\" content=\"2024-12-16T11:32:48+00:00\" \/>\n<meta property=\"og:image\" content=\"https:\/\/progettotouring.it\/radiotouring104\/wp-content\/uploads\/sites\/6\/2023\/06\/Federico-Milia.jpeg\" \/>\n\t<meta property=\"og:image:width\" content=\"1982\" \/>\n\t<meta property=\"og:image:height\" content=\"2048\" \/>\n\t<meta property=\"og:image:type\" content=\"image\/jpeg\" \/>\n<meta name=\"author\" content=\"Sebastiano Plutino\" \/>\n<meta name=\"twitter:card\" content=\"summary_large_image\" \/>\n<meta name=\"twitter:label1\" content=\"Scritto da\" \/>\n\t<meta name=\"twitter:data1\" content=\"Sebastiano Plutino\" \/>\n\t<meta name=\"twitter:label2\" content=\"Tempo di lettura stimato\" \/>\n\t<meta name=\"twitter:data2\" content=\"1 minuto\" \/>\n<script type=\"application\/ld+json\" class=\"yoast-schema-graph\">{\"@context\":\"https:\/\/schema.org\",\"@graph\":[{\"@type\":\"Article\",\"@id\":\"https:\/\/progettotouring.it\/radiotouring104\/2024\/12\/16\/reggio-solidarieta-del-consigliere-milia-alla-giornalista-emilia-condarelli\/#article\",\"isPartOf\":{\"@id\":\"https:\/\/progettotouring.it\/radiotouring104\/2024\/12\/16\/reggio-solidarieta-del-consigliere-milia-alla-giornalista-emilia-condarelli\/\"},\"author\":{\"name\":\"Sebastiano Plutino\",\"@id\":\"https:\/\/progettotouring.it\/radiotouring104\/#\/schema\/person\/78613917f1851f041f7483f5af1d422e\"},\"headline\":\"Reggio: solidariet\u00e0 del consigliere Milia alla giornalista Emilia Condarelli\",\"datePublished\":\"2024-12-16T11:32:48+00:00\",\"mainEntityOfPage\":{\"@id\":\"https:\/\/progettotouring.it\/radiotouring104\/2024\/12\/16\/reggio-solidarieta-del-consigliere-milia-alla-giornalista-emilia-condarelli\/\"},\"wordCount\":207,\"publisher\":{\"@id\":\"https:\/\/progettotouring.it\/radiotouring104\/#organization\"},\"image\":{\"@id\":\"https:\/\/progettotouring.it\/radiotouring104\/2024\/12\/16\/reggio-solidarieta-del-consigliere-milia-alla-giornalista-emilia-condarelli\/#primaryimage\"},\"thumbnailUrl\":\"https:\/\/progettotouring.it\/radiotouring104\/wp-content\/uploads\/sites\/6\/2023\/06\/Federico-Milia.jpeg\",\"keywords\":[\"Federico Milia\",\"giornalista Emilia Condarelli\",\"inaccettabile comportamento Amministrazione Comunale\",\"solidariet\u00e0\"],\"articleSection\":[\"Home\",\"News\",\"Reggio Calabria\"],\"inLanguage\":\"it-IT\"},{\"@type\":\"WebPage\",\"@id\":\"https:\/\/progettotouring.it\/radiotouring104\/2024\/12\/16\/reggio-solidarieta-del-consigliere-milia-alla-giornalista-emilia-condarelli\/\",\"url\":\"https:\/\/progettotouring.it\/radiotouring104\/2024\/12\/16\/reggio-solidarieta-del-consigliere-milia-alla-giornalista-emilia-condarelli\/\",\"name\":\"Reggio: solidariet\u00e0 del consigliere Milia alla giornalista Emilia Condarelli - Radio Touring 104\",\"isPartOf\":{\"@id\":\"https:\/\/progettotouring.it\/radiotouring104\/#website\"},\"primaryImageOfPage\":{\"@id\":\"https:\/\/progettotouring.it\/radiotouring104\/2024\/12\/16\/reggio-solidarieta-del-consigliere-milia-alla-giornalista-emilia-condarelli\/#primaryimage\"},\"image\":{\"@id\":\"https:\/\/progettotouring.it\/radiotouring104\/2024\/12\/16\/reggio-solidarieta-del-consigliere-milia-alla-giornalista-emilia-condarelli\/#primaryimage\"},\"thumbnailUrl\":\"https:\/\/progettotouring.it\/radiotouring104\/wp-content\/uploads\/sites\/6\/2023\/06\/Federico-Milia.jpeg\",\"datePublished\":\"2024-12-16T11:32:48+00:00\",\"description\":\"\u201cInaccettabile l\u2019atteggiamento dell\u2019Amministrazione comunale nei riguardi degli operatori dell\u2019informazione\u201d, dichiara Milia\",\"breadcrumb\":{\"@id\":\"https:\/\/progettotouring.it\/radiotouring104\/2024\/12\/16\/reggio-solidarieta-del-consigliere-milia-alla-giornalista-emilia-condarelli\/#breadcrumb\"},\"inLanguage\":\"it-IT\",\"potentialAction\":[{\"@type\":\"ReadAction\",\"target\":[\"https:\/\/progettotouring.it\/radiotouring104\/2024\/12\/16\/reggio-solidarieta-del-consigliere-milia-alla-giornalista-emilia-condarelli\/\"]}]},{\"@type\":\"ImageObject\",\"inLanguage\":\"it-IT\",\"@id\":\"https:\/\/progettotouring.it\/radiotouring104\/2024\/12\/16\/reggio-solidarieta-del-consigliere-milia-alla-giornalista-emilia-condarelli\/#primaryimage\",\"url\":\"https:\/\/progettotouring.it\/radiotouring104\/wp-content\/uploads\/sites\/6\/2023\/06\/Federico-Milia.jpeg\",\"contentUrl\":\"https:\/\/progettotouring.it\/radiotouring104\/wp-content\/uploads\/sites\/6\/2023\/06\/Federico-Milia.jpeg\",\"width\":1982,\"height\":2048},{\"@type\":\"BreadcrumbList\",\"@id\":\"https:\/\/progettotouring.it\/radiotouring104\/2024\/12\/16\/reggio-solidarieta-del-consigliere-milia-alla-giornalista-emilia-condarelli\/#breadcrumb\",\"itemListElement\":[{\"@type\":\"ListItem\",\"position\":1,\"name\":\"Home\",\"item\":\"https:\/\/progettotouring.it\/radiotouring104\/\"},{\"@type\":\"ListItem\",\"position\":2,\"name\":\"Reggio: solidariet\u00e0 del consigliere Milia alla giornalista Emilia Condarelli\"}]},{\"@type\":\"WebSite\",\"@id\":\"https:\/\/progettotouring.it\/radiotouring104\/#website\",\"url\":\"https:\/\/progettotouring.it\/radiotouring104\/\",\"name\":\"Radio Touring 104\",\"description\":\"La prima radio Reggina\",\"publisher\":{\"@id\":\"https:\/\/progettotouring.it\/radiotouring104\/#organization\"},\"potentialAction\":[{\"@type\":\"SearchAction\",\"target\":{\"@type\":\"EntryPoint\",\"urlTemplate\":\"https:\/\/progettotouring.it\/radiotouring104\/?s={search_term_string}\"},\"query-input\":{\"@type\":\"PropertyValueSpecification\",\"valueRequired\":true,\"valueName\":\"search_term_string\"}}],\"inLanguage\":\"it-IT\"},{\"@type\":\"Organization\",\"@id\":\"https:\/\/progettotouring.it\/radiotouring104\/#organization\",\"name\":\"Radio Touring 104\",\"url\":\"https:\/\/progettotouring.it\/radiotouring104\/\",\"logo\":{\"@type\":\"ImageObject\",\"inLanguage\":\"it-IT\",\"@id\":\"https:\/\/progettotouring.it\/radiotouring104\/#\/schema\/logo\/image\/\",\"url\":\"https:\/\/progettotouring.it\/radiotouring104\/wp-content\/uploads\/sites\/6\/2022\/02\/cropped-logo-radio-touring-104.png\",\"contentUrl\":\"https:\/\/progettotouring.it\/radiotouring104\/wp-content\/uploads\/sites\/6\/2022\/02\/cropped-logo-radio-touring-104.png\",\"width\":377,\"height\":182,\"caption\":\"Radio Touring 104\"},\"image\":{\"@id\":\"https:\/\/progettotouring.it\/radiotouring104\/#\/schema\/logo\/image\/\"}},{\"@type\":\"Person\",\"@id\":\"https:\/\/progettotouring.it\/radiotouring104\/#\/schema\/person\/78613917f1851f041f7483f5af1d422e\",\"name\":\"Sebastiano Plutino\",\"image\":{\"@type\":\"ImageObject\",\"inLanguage\":\"it-IT\",\"@id\":\"https:\/\/secure.gravatar.com\/avatar\/0546ffaa9b79224faf9f2a156b67a529ae861d3287c66c1d8ccfdf909bcba78d?s=96&d=mm&r=g\",\"url\":\"https:\/\/secure.gravatar.com\/avatar\/0546ffaa9b79224faf9f2a156b67a529ae861d3287c66c1d8ccfdf909bcba78d?s=96&d=mm&r=g\",\"contentUrl\":\"https:\/\/secure.gravatar.com\/avatar\/0546ffaa9b79224faf9f2a156b67a529ae861d3287c66c1d8ccfdf909bcba78d?s=96&d=mm&r=g\",\"caption\":\"Sebastiano Plutino\"},\"url\":\"https:\/\/progettotouring.it\/radiotouring104\/author\/sebastiano\/\"}]}<\/script>\n<!-- \/ Yoast SEO plugin. -->","yoast_head_json":{"title":"Reggio: solidariet\u00e0 del consigliere Milia alla giornalista Emilia Condarelli - Radio Touring 104","description":"\u201cInaccettabile l\u2019atteggiamento dell\u2019Amministrazione comunale nei riguardi degli operatori dell\u2019informazione\u201d, dichiara Milia","robots":{"index":"index","follow":"follow","max-snippet":"max-snippet:-1","max-image-preview":"max-image-preview:large","max-video-preview":"max-video-preview:-1"},"canonical":"https:\/\/progettotouring.it\/radiotouring104\/2024\/12\/16\/reggio-solidarieta-del-consigliere-milia-alla-giornalista-emilia-condarelli\/","og_locale":"it_IT","og_type":"article","og_title":"Reggio: solidariet\u00e0 del consigliere Milia alla giornalista Emilia Condarelli - Radio Touring 104","og_description":"\u201cInaccettabile l\u2019atteggiamento dell\u2019Amministrazione comunale nei riguardi degli operatori dell\u2019informazione\u201d, dichiara Milia","og_url":"https:\/\/progettotouring.it\/radiotouring104\/2024\/12\/16\/reggio-solidarieta-del-consigliere-milia-alla-giornalista-emilia-condarelli\/","og_site_name":"Radio Touring 104","article_published_time":"2024-12-16T11:32:48+00:00","og_image":[{"width":1982,"height":2048,"url":"https:\/\/progettotouring.it\/radiotouring104\/wp-content\/uploads\/sites\/6\/2023\/06\/Federico-Milia.jpeg","type":"image\/jpeg"}],"author":"Sebastiano Plutino","twitter_card":"summary_large_image","twitter_misc":{"Scritto da":"Sebastiano Plutino","Tempo di lettura stimato":"1 minuto"},"schema":{"@context":"https:\/\/schema.org","@graph":[{"@type":"Article","@id":"https:\/\/progettotouring.it\/radiotouring104\/2024\/12\/16\/reggio-solidarieta-del-consigliere-milia-alla-giornalista-emilia-condarelli\/#article","isPartOf":{"@id":"https:\/\/progettotouring.it\/radiotouring104\/2024\/12\/16\/reggio-solidarieta-del-consigliere-milia-alla-giornalista-emilia-condarelli\/"},"author":{"name":"Sebastiano Plutino","@id":"https:\/\/progettotouring.it\/radiotouring104\/#\/schema\/person\/78613917f1851f041f7483f5af1d422e"},"headline":"Reggio: solidariet\u00e0 del consigliere Milia alla giornalista Emilia Condarelli","datePublished":"2024-12-16T11:32:48+00:00","mainEntityOfPage":{"@id":"https:\/\/progettotouring.it\/radiotouring104\/2024\/12\/16\/reggio-solidarieta-del-consigliere-milia-alla-giornalista-emilia-condarelli\/"},"wordCount":207,"publisher":{"@id":"https:\/\/progettotouring.it\/radiotouring104\/#organization"},"image":{"@id":"https:\/\/progettotouring.it\/radiotouring104\/2024\/12\/16\/reggio-solidarieta-del-consigliere-milia-alla-giornalista-emilia-condarelli\/#primaryimage"},"thumbnailUrl":"https:\/\/progettotouring.it\/radiotouring104\/wp-content\/uploads\/sites\/6\/2023\/06\/Federico-Milia.jpeg","keywords":["Federico Milia","giornalista Emilia Condarelli","inaccettabile comportamento Amministrazione Comunale","solidariet\u00e0"],"articleSection":["Home","News","Reggio Calabria"],"inLanguage":"it-IT"},{"@type":"WebPage","@id":"https:\/\/progettotouring.it\/radiotouring104\/2024\/12\/16\/reggio-solidarieta-del-consigliere-milia-alla-giornalista-emilia-condarelli\/","url":"https:\/\/progettotouring.it\/radiotouring104\/2024\/12\/16\/reggio-solidarieta-del-consigliere-milia-alla-giornalista-emilia-condarelli\/","name":"Reggio: solidariet\u00e0 del consigliere Milia alla giornalista Emilia Condarelli - Radio Touring 104","isPartOf":{"@id":"https:\/\/progettotouring.it\/radiotouring104\/#website"},"primaryImageOfPage":{"@id":"https:\/\/progettotouring.it\/radiotouring104\/2024\/12\/16\/reggio-solidarieta-del-consigliere-milia-alla-giornalista-emilia-condarelli\/#primaryimage"},"image":{"@id":"https:\/\/progettotouring.it\/radiotouring104\/2024\/12\/16\/reggio-solidarieta-del-consigliere-milia-alla-giornalista-emilia-condarelli\/#primaryimage"},"thumbnailUrl":"https:\/\/progettotouring.it\/radiotouring104\/wp-content\/uploads\/sites\/6\/2023\/06\/Federico-Milia.jpeg","datePublished":"2024-12-16T11:32:48+00:00","description":"\u201cInaccettabile l\u2019atteggiamento dell\u2019Amministrazione comunale nei riguardi degli operatori dell\u2019informazione\u201d, dichiara Milia","breadcrumb":{"@id":"https:\/\/progettotouring.it\/radiotouring104\/2024\/12\/16\/reggio-solidarieta-del-consigliere-milia-alla-giornalista-emilia-condarelli\/#breadcrumb"},"inLanguage":"it-IT","potentialAction":[{"@type":"ReadAction","target":["https:\/\/progettotouring.it\/radiotouring104\/2024\/12\/16\/reggio-solidarieta-del-consigliere-milia-alla-giornalista-emilia-condarelli\/"]}]},{"@type":"ImageObject","inLanguage":"it-IT","@id":"https:\/\/progettotouring.it\/radiotouring104\/2024\/12\/16\/reggio-solidarieta-del-consigliere-milia-alla-giornalista-emilia-condarelli\/#primaryimage","url":"https:\/\/progettotouring.it\/radiotouring104\/wp-content\/uploads\/sites\/6\/2023\/06\/Federico-Milia.jpeg","contentUrl":"https:\/\/progettotouring.it\/radiotouring104\/wp-content\/uploads\/sites\/6\/2023\/06\/Federico-Milia.jpeg","width":1982,"height":2048},{"@type":"BreadcrumbList","@id":"https:\/\/progettotouring.it\/radiotouring104\/2024\/12\/16\/reggio-solidarieta-del-consigliere-milia-alla-giornalista-emilia-condarelli\/#breadcrumb","itemListElement":[{"@type":"ListItem","position":1,"name":"Home","item":"https:\/\/progettotouring.it\/radiotouring104\/"},{"@type":"ListItem","position":2,"name":"Reggio: solidariet\u00e0 del consigliere Milia alla giornalista Emilia Condarelli"}]},{"@type":"WebSite","@id":"https:\/\/progettotouring.it\/radiotouring104\/#website","url":"https:\/\/progettotouring.it\/radiotouring104\/","name":"Radio Touring 104","description":"La prima radio Reggina","publisher":{"@id":"https:\/\/progettotouring.it\/radiotouring104\/#organization"},"potentialAction":[{"@type":"SearchAction","target":{"@type":"EntryPoint","urlTemplate":"https:\/\/progettotouring.it\/radiotouring104\/?s={search_term_string}"},"query-input":{"@type":"PropertyValueSpecification","valueRequired":true,"valueName":"search_term_string"}}],"inLanguage":"it-IT"},{"@type":"Organization","@id":"https:\/\/progettotouring.it\/radiotouring104\/#organization","name":"Radio Touring 104","url":"https:\/\/progettotouring.it\/radiotouring104\/","logo":{"@type":"ImageObject","inLanguage":"it-IT","@id":"https:\/\/progettotouring.it\/radiotouring104\/#\/schema\/logo\/image\/","url":"https:\/\/progettotouring.it\/radiotouring104\/wp-content\/uploads\/sites\/6\/2022\/02\/cropped-logo-radio-touring-104.png","contentUrl":"https:\/\/progettotouring.it\/radiotouring104\/wp-content\/uploads\/sites\/6\/2022\/02\/cropped-logo-radio-touring-104.png","width":377,"height":182,"caption":"Radio Touring 104"},"image":{"@id":"https:\/\/progettotouring.it\/radiotouring104\/#\/schema\/logo\/image\/"}},{"@type":"Person","@id":"https:\/\/progettotouring.it\/radiotouring104\/#\/schema\/person\/78613917f1851f041f7483f5af1d422e","name":"Sebastiano Plutino","image":{"@type":"ImageObject","inLanguage":"it-IT","@id":"https:\/\/secure.gravatar.com\/avatar\/0546ffaa9b79224faf9f2a156b67a529ae861d3287c66c1d8ccfdf909bcba78d?s=96&d=mm&r=g","url":"https:\/\/secure.gravatar.com\/avatar\/0546ffaa9b79224faf9f2a156b67a529ae861d3287c66c1d8ccfdf909bcba78d?s=96&d=mm&r=g","contentUrl":"https:\/\/secure.gravatar.com\/avatar\/0546ffaa9b79224faf9f2a156b67a529ae861d3287c66c1d8ccfdf909bcba78d?s=96&d=mm&r=g","caption":"Sebastiano Plutino"},"url":"https:\/\/progettotouring.it\/radiotouring104\/author\/sebastiano\/"}]}},"jetpack_publicize_connections":[],"jetpack_featured_media_url":"https:\/\/progettotouring.it\/radiotouring104\/wp-content\/uploads\/sites\/6\/2023\/06\/Federico-Milia.jpeg","jetpack_sharing_enabled":true,"_links":{"self":[{"href":"https:\/\/progettotouring.it\/radiotouring104\/wp-json\/wp\/v2\/posts\/63511","targetHints":{"allow":["GET"]}}],"collection":[{"href":"https:\/\/progettotouring.it\/radiotouring104\/wp-json\/wp\/v2\/posts"}],"about":[{"href":"https:\/\/progettotouring.it\/radiotouring104\/wp-json\/wp\/v2\/types\/post"}],"author":[{"embeddable":true,"href":"https:\/\/progettotouring.it\/radiotouring104\/wp-json\/wp\/v2\/users\/12"}],"replies":[{"embeddable":true,"href":"https:\/\/progettotouring.it\/radiotouring104\/wp-json\/wp\/v2\/comments?post=63511"}],"version-history":[{"count":1,"href":"https:\/\/progettotouring.it\/radiotouring104\/wp-json\/wp\/v2\/posts\/63511\/revisions"}],"predecessor-version":[{"id":63512,"href":"https:\/\/progettotouring.it\/radiotouring104\/wp-json\/wp\/v2\/posts\/63511\/revisions\/63512"}],"wp:featuredmedia":[{"embeddable":true,"href":"https:\/\/progettotouring.it\/radiotouring104\/wp-json\/wp\/v2\/media\/28587"}],"wp:attachment":[{"href":"https:\/\/progettotouring.it\/radiotouring104\/wp-json\/wp\/v2\/media?parent=63511"}],"wp:term":[{"taxonomy":"category","embeddable":true,"href":"https:\/\/progettotouring.it\/radiotouring104\/wp-json\/wp\/v2\/categories?post=63511"},{"taxonomy":"post_tag","embeddable":true,"href":"https:\/\/progettotouring.it\/radiotouring104\/wp-json\/wp\/v2\/tags?post=63511"}],"curies":[{"name":"wp","href":"https:\/\/api.w.org\/{rel}","templated":true}]}}