{"id":63517,"date":"2024-12-16T12:45:17","date_gmt":"2024-12-16T11:45:17","guid":{"rendered":"https:\/\/progettotouring.it\/radiotouring104\/?p=63517"},"modified":"2024-12-16T12:45:17","modified_gmt":"2024-12-16T11:45:17","slug":"reggio-incontro-tra-il-sul-ed-il-console-onorario-del-regno-del-marocco","status":"publish","type":"post","link":"https:\/\/progettotouring.it\/radiotouring104\/2024\/12\/16\/reggio-incontro-tra-il-sul-ed-il-console-onorario-del-regno-del-marocco\/","title":{"rendered":"Reggio: incontro tra il SUL ed il Console Onorario del Regno del Marocco"},"content":{"rendered":"<p style=\"text-align: justify\">Una delegazione del SUL Calabria ha incontrato il Console Onorario del Regno del Marocco, avvocato Domenico Naccari nella sede del Consolato messa a disposizione dal Comune di Gioia Tauro, in Palazzo Sant\u2019Ippolito.<\/p>\n<p style=\"text-align: justify\">\n<p style=\"text-align: justify\">Nel corso dell\u2019incontro il SUL ha sottoposto al Console alcune questioni di particolare complessit\u00e0, ricevendo consigli, spiegazioni e impegno alla soluzione dei casi.<\/p>\n<p style=\"text-align: justify\">\n<p style=\"text-align: justify\">Il SUL ritiene che l\u2019apertura del Consolato Onorario di Gioia Tauro rappresenti un\u2019ottima opportunit\u00e0 per la comunit\u00e0 marocchina in Calabria, fatta di 15.000 persone che contribuiscono con il loro lavoro e la loro tassazione a rendere meno grave l\u2019oggettiva difficolt\u00e0 dell\u2019economia calabrese. Spesso questi nuovi cittadini sono penalizzati da leggi inappropriate e, in qualche caso, sbagliate che ne impediscono il pieno dispiegarsi della loro capacit\u00e0 di rispondere ai loro doveri e di godere dei propri diritti che, va ricordato, derivano dalla lettera e dallo spirito della Costituzione Italiana.<\/p>\n<p style=\"text-align: justify\">\n<p style=\"text-align: justify\">Il SUL auspica che, nella mappa della presenza di strutture diplomatiche in Italia del Regno del Marocco, il Consolato di Gioia Tauro assurga al pi\u00f9 presto al ruolo pi\u00f9 ampio che pu\u00f2 e deve ricoprire.<\/p>\n<p style=\"text-align: justify\">\n<p style=\"text-align: justify\">Alla fine della riunione il Segretario del SUL Calabria ha rilasciato la seguente dichiarazione: \u201cabbiamo trovato corrispondenza di intenti con il Console, avvocato Naccari, e lavoreremo perch\u00e9 si stabilisca una collaborazione fertile nell\u2019interesse dei cittadini marocchini in Calabria e per far emergere tutto il positivo di una grande intuizione del Comune di Gioia Tauro e del Console che ha consentito di dotare la nostra terra di una struttura diplomatica di eccezionale importanza. Siamo certi che la disponibilit\u00e0 e la competenza che abbiamo riscontrato nel primo incontro saranno lo stile di approccio e di lavoro che avremo nel prosieguo e serviranno per risolvere problematiche burocratiche e di legge. Le strutture del SUL che curano i diritti dei migranti sono a disposizione dei cittadini marocchini che ne hanno necessit\u00e0 e che saranno seguiti da volontari del loro Paese e della loro lingua\u201d.<\/p>\n","protected":false},"excerpt":{"rendered":"<p>Una delegazione del SUL Calabria ha incontrato il Console Onorario del Regno del Marocco, avvocato Domenico Naccari nella sede del Consolato messa a disposizione dal Comune di Gioia Tauro, in&hellip;<\/p>\n","protected":false},"author":12,"featured_media":28170,"comment_status":"closed","ping_status":"open","sticky":false,"template":"","format":"standard","meta":{"_jetpack_memberships_contains_paid_content":false,"footnotes":"","jetpack_publicize_message":"","jetpack_publicize_feature_enabled":true,"jetpack_social_post_already_shared":true,"jetpack_social_options":{"image_generator_settings":{"template":"highway","default_image_id":0,"font":"","enabled":false},"version":2}},"categories":[921,196,140],"tags":[38697,38696,38698,5690,525],"class_list":["post-63517","post","type-post","status-publish","format-standard","has-post-thumbnail","hentry","category-home","category-news","category-reggio-calabria","tag-avvocato-domenico-naccari","tag-console-onorario-del-regno-del-marocco","tag-questioni-complesse","tag-soluzioni","tag-sul"],"yoast_head":"<!-- This site is optimized with the Yoast SEO plugin v27.2 - https:\/\/yoast.com\/product\/yoast-seo-wordpress\/ -->\n<title>Reggio: incontro tra il SUL ed il Console Onorario del Regno del Marocco - Radio Touring 104<\/title>\n<meta name=\"description\" content=\"Nel corso dell\u2019incontro il SUL ha sottoposto al Console alcune questioni di particolare complessit\u00e0, ricevendo proposte su soluzioni\" \/>\n<meta name=\"robots\" content=\"index, follow, max-snippet:-1, max-image-preview:large, max-video-preview:-1\" \/>\n<link rel=\"canonical\" href=\"https:\/\/progettotouring.it\/radiotouring104\/2024\/12\/16\/reggio-incontro-tra-il-sul-ed-il-console-onorario-del-regno-del-marocco\/\" \/>\n<meta property=\"og:locale\" content=\"it_IT\" \/>\n<meta property=\"og:type\" content=\"article\" \/>\n<meta property=\"og:title\" content=\"Reggio: incontro tra il SUL ed il Console Onorario del Regno del Marocco - Radio Touring 104\" \/>\n<meta property=\"og:description\" content=\"Nel corso dell\u2019incontro il SUL ha sottoposto al Console alcune questioni di particolare complessit\u00e0, ricevendo proposte su soluzioni\" \/>\n<meta property=\"og:url\" content=\"https:\/\/progettotouring.it\/radiotouring104\/2024\/12\/16\/reggio-incontro-tra-il-sul-ed-il-console-onorario-del-regno-del-marocco\/\" \/>\n<meta property=\"og:site_name\" content=\"Radio Touring 104\" \/>\n<meta property=\"article:published_time\" content=\"2024-12-16T11:45:17+00:00\" \/>\n<meta property=\"og:image\" content=\"https:\/\/progettotouring.it\/radiotouring104\/wp-content\/uploads\/sites\/6\/2023\/06\/sul-calabria.png\" \/>\n\t<meta property=\"og:image:width\" content=\"622\" \/>\n\t<meta property=\"og:image:height\" content=\"437\" \/>\n\t<meta property=\"og:image:type\" content=\"image\/png\" \/>\n<meta name=\"author\" content=\"Sebastiano Plutino\" \/>\n<meta name=\"twitter:card\" content=\"summary_large_image\" \/>\n<meta name=\"twitter:label1\" content=\"Scritto da\" \/>\n\t<meta name=\"twitter:data1\" content=\"Sebastiano Plutino\" \/>\n\t<meta name=\"twitter:label2\" content=\"Tempo di lettura stimato\" \/>\n\t<meta name=\"twitter:data2\" content=\"2 minuti\" \/>\n<script type=\"application\/ld+json\" class=\"yoast-schema-graph\">{\"@context\":\"https:\/\/schema.org\",\"@graph\":[{\"@type\":\"Article\",\"@id\":\"https:\/\/progettotouring.it\/radiotouring104\/2024\/12\/16\/reggio-incontro-tra-il-sul-ed-il-console-onorario-del-regno-del-marocco\/#article\",\"isPartOf\":{\"@id\":\"https:\/\/progettotouring.it\/radiotouring104\/2024\/12\/16\/reggio-incontro-tra-il-sul-ed-il-console-onorario-del-regno-del-marocco\/\"},\"author\":{\"name\":\"Sebastiano Plutino\",\"@id\":\"https:\/\/progettotouring.it\/radiotouring104\/#\/schema\/person\/78613917f1851f041f7483f5af1d422e\"},\"headline\":\"Reggio: incontro tra il SUL ed il Console Onorario del Regno del Marocco\",\"datePublished\":\"2024-12-16T11:45:17+00:00\",\"mainEntityOfPage\":{\"@id\":\"https:\/\/progettotouring.it\/radiotouring104\/2024\/12\/16\/reggio-incontro-tra-il-sul-ed-il-console-onorario-del-regno-del-marocco\/\"},\"wordCount\":337,\"publisher\":{\"@id\":\"https:\/\/progettotouring.it\/radiotouring104\/#organization\"},\"image\":{\"@id\":\"https:\/\/progettotouring.it\/radiotouring104\/2024\/12\/16\/reggio-incontro-tra-il-sul-ed-il-console-onorario-del-regno-del-marocco\/#primaryimage\"},\"thumbnailUrl\":\"https:\/\/progettotouring.it\/radiotouring104\/wp-content\/uploads\/sites\/6\/2023\/06\/sul-calabria.png\",\"keywords\":[\"avvocato Domenico Naccari\",\"Console Onorario del Regno del Marocco\",\"Questioni complesse\",\"soluzioni\",\"sul\"],\"articleSection\":[\"Home\",\"News\",\"Reggio Calabria\"],\"inLanguage\":\"it-IT\"},{\"@type\":\"WebPage\",\"@id\":\"https:\/\/progettotouring.it\/radiotouring104\/2024\/12\/16\/reggio-incontro-tra-il-sul-ed-il-console-onorario-del-regno-del-marocco\/\",\"url\":\"https:\/\/progettotouring.it\/radiotouring104\/2024\/12\/16\/reggio-incontro-tra-il-sul-ed-il-console-onorario-del-regno-del-marocco\/\",\"name\":\"Reggio: incontro tra il SUL ed il Console Onorario del Regno del Marocco - Radio Touring 104\",\"isPartOf\":{\"@id\":\"https:\/\/progettotouring.it\/radiotouring104\/#website\"},\"primaryImageOfPage\":{\"@id\":\"https:\/\/progettotouring.it\/radiotouring104\/2024\/12\/16\/reggio-incontro-tra-il-sul-ed-il-console-onorario-del-regno-del-marocco\/#primaryimage\"},\"image\":{\"@id\":\"https:\/\/progettotouring.it\/radiotouring104\/2024\/12\/16\/reggio-incontro-tra-il-sul-ed-il-console-onorario-del-regno-del-marocco\/#primaryimage\"},\"thumbnailUrl\":\"https:\/\/progettotouring.it\/radiotouring104\/wp-content\/uploads\/sites\/6\/2023\/06\/sul-calabria.png\",\"datePublished\":\"2024-12-16T11:45:17+00:00\",\"description\":\"Nel corso dell\u2019incontro il SUL ha sottoposto al Console alcune questioni di particolare complessit\u00e0, ricevendo proposte su soluzioni\",\"breadcrumb\":{\"@id\":\"https:\/\/progettotouring.it\/radiotouring104\/2024\/12\/16\/reggio-incontro-tra-il-sul-ed-il-console-onorario-del-regno-del-marocco\/#breadcrumb\"},\"inLanguage\":\"it-IT\",\"potentialAction\":[{\"@type\":\"ReadAction\",\"target\":[\"https:\/\/progettotouring.it\/radiotouring104\/2024\/12\/16\/reggio-incontro-tra-il-sul-ed-il-console-onorario-del-regno-del-marocco\/\"]}]},{\"@type\":\"ImageObject\",\"inLanguage\":\"it-IT\",\"@id\":\"https:\/\/progettotouring.it\/radiotouring104\/2024\/12\/16\/reggio-incontro-tra-il-sul-ed-il-console-onorario-del-regno-del-marocco\/#primaryimage\",\"url\":\"https:\/\/progettotouring.it\/radiotouring104\/wp-content\/uploads\/sites\/6\/2023\/06\/sul-calabria.png\",\"contentUrl\":\"https:\/\/progettotouring.it\/radiotouring104\/wp-content\/uploads\/sites\/6\/2023\/06\/sul-calabria.png\",\"width\":622,\"height\":437},{\"@type\":\"BreadcrumbList\",\"@id\":\"https:\/\/progettotouring.it\/radiotouring104\/2024\/12\/16\/reggio-incontro-tra-il-sul-ed-il-console-onorario-del-regno-del-marocco\/#breadcrumb\",\"itemListElement\":[{\"@type\":\"ListItem\",\"position\":1,\"name\":\"Home\",\"item\":\"https:\/\/progettotouring.it\/radiotouring104\/\"},{\"@type\":\"ListItem\",\"position\":2,\"name\":\"Reggio: incontro tra il SUL ed il Console Onorario del Regno del Marocco\"}]},{\"@type\":\"WebSite\",\"@id\":\"https:\/\/progettotouring.it\/radiotouring104\/#website\",\"url\":\"https:\/\/progettotouring.it\/radiotouring104\/\",\"name\":\"Radio Touring 104\",\"description\":\"La prima radio Reggina\",\"publisher\":{\"@id\":\"https:\/\/progettotouring.it\/radiotouring104\/#organization\"},\"potentialAction\":[{\"@type\":\"SearchAction\",\"target\":{\"@type\":\"EntryPoint\",\"urlTemplate\":\"https:\/\/progettotouring.it\/radiotouring104\/?s={search_term_string}\"},\"query-input\":{\"@type\":\"PropertyValueSpecification\",\"valueRequired\":true,\"valueName\":\"search_term_string\"}}],\"inLanguage\":\"it-IT\"},{\"@type\":\"Organization\",\"@id\":\"https:\/\/progettotouring.it\/radiotouring104\/#organization\",\"name\":\"Radio Touring 104\",\"url\":\"https:\/\/progettotouring.it\/radiotouring104\/\",\"logo\":{\"@type\":\"ImageObject\",\"inLanguage\":\"it-IT\",\"@id\":\"https:\/\/progettotouring.it\/radiotouring104\/#\/schema\/logo\/image\/\",\"url\":\"https:\/\/progettotouring.it\/radiotouring104\/wp-content\/uploads\/sites\/6\/2022\/02\/cropped-logo-radio-touring-104.png\",\"contentUrl\":\"https:\/\/progettotouring.it\/radiotouring104\/wp-content\/uploads\/sites\/6\/2022\/02\/cropped-logo-radio-touring-104.png\",\"width\":377,\"height\":182,\"caption\":\"Radio Touring 104\"},\"image\":{\"@id\":\"https:\/\/progettotouring.it\/radiotouring104\/#\/schema\/logo\/image\/\"}},{\"@type\":\"Person\",\"@id\":\"https:\/\/progettotouring.it\/radiotouring104\/#\/schema\/person\/78613917f1851f041f7483f5af1d422e\",\"name\":\"Sebastiano Plutino\",\"image\":{\"@type\":\"ImageObject\",\"inLanguage\":\"it-IT\",\"@id\":\"https:\/\/secure.gravatar.com\/avatar\/0546ffaa9b79224faf9f2a156b67a529ae861d3287c66c1d8ccfdf909bcba78d?s=96&d=mm&r=g\",\"url\":\"https:\/\/secure.gravatar.com\/avatar\/0546ffaa9b79224faf9f2a156b67a529ae861d3287c66c1d8ccfdf909bcba78d?s=96&d=mm&r=g\",\"contentUrl\":\"https:\/\/secure.gravatar.com\/avatar\/0546ffaa9b79224faf9f2a156b67a529ae861d3287c66c1d8ccfdf909bcba78d?s=96&d=mm&r=g\",\"caption\":\"Sebastiano Plutino\"},\"url\":\"https:\/\/progettotouring.it\/radiotouring104\/author\/sebastiano\/\"}]}<\/script>\n<!-- \/ Yoast SEO plugin. -->","yoast_head_json":{"title":"Reggio: incontro tra il SUL ed il Console Onorario del Regno del Marocco - Radio Touring 104","description":"Nel corso dell\u2019incontro il SUL ha sottoposto al Console alcune questioni di particolare complessit\u00e0, ricevendo proposte su soluzioni","robots":{"index":"index","follow":"follow","max-snippet":"max-snippet:-1","max-image-preview":"max-image-preview:large","max-video-preview":"max-video-preview:-1"},"canonical":"https:\/\/progettotouring.it\/radiotouring104\/2024\/12\/16\/reggio-incontro-tra-il-sul-ed-il-console-onorario-del-regno-del-marocco\/","og_locale":"it_IT","og_type":"article","og_title":"Reggio: incontro tra il SUL ed il Console Onorario del Regno del Marocco - Radio Touring 104","og_description":"Nel corso dell\u2019incontro il SUL ha sottoposto al Console alcune questioni di particolare complessit\u00e0, ricevendo proposte su soluzioni","og_url":"https:\/\/progettotouring.it\/radiotouring104\/2024\/12\/16\/reggio-incontro-tra-il-sul-ed-il-console-onorario-del-regno-del-marocco\/","og_site_name":"Radio Touring 104","article_published_time":"2024-12-16T11:45:17+00:00","og_image":[{"width":622,"height":437,"url":"https:\/\/progettotouring.it\/radiotouring104\/wp-content\/uploads\/sites\/6\/2023\/06\/sul-calabria.png","type":"image\/png"}],"author":"Sebastiano Plutino","twitter_card":"summary_large_image","twitter_misc":{"Scritto da":"Sebastiano Plutino","Tempo di lettura stimato":"2 minuti"},"schema":{"@context":"https:\/\/schema.org","@graph":[{"@type":"Article","@id":"https:\/\/progettotouring.it\/radiotouring104\/2024\/12\/16\/reggio-incontro-tra-il-sul-ed-il-console-onorario-del-regno-del-marocco\/#article","isPartOf":{"@id":"https:\/\/progettotouring.it\/radiotouring104\/2024\/12\/16\/reggio-incontro-tra-il-sul-ed-il-console-onorario-del-regno-del-marocco\/"},"author":{"name":"Sebastiano Plutino","@id":"https:\/\/progettotouring.it\/radiotouring104\/#\/schema\/person\/78613917f1851f041f7483f5af1d422e"},"headline":"Reggio: incontro tra il SUL ed il Console Onorario del Regno del Marocco","datePublished":"2024-12-16T11:45:17+00:00","mainEntityOfPage":{"@id":"https:\/\/progettotouring.it\/radiotouring104\/2024\/12\/16\/reggio-incontro-tra-il-sul-ed-il-console-onorario-del-regno-del-marocco\/"},"wordCount":337,"publisher":{"@id":"https:\/\/progettotouring.it\/radiotouring104\/#organization"},"image":{"@id":"https:\/\/progettotouring.it\/radiotouring104\/2024\/12\/16\/reggio-incontro-tra-il-sul-ed-il-console-onorario-del-regno-del-marocco\/#primaryimage"},"thumbnailUrl":"https:\/\/progettotouring.it\/radiotouring104\/wp-content\/uploads\/sites\/6\/2023\/06\/sul-calabria.png","keywords":["avvocato Domenico Naccari","Console Onorario del Regno del Marocco","Questioni complesse","soluzioni","sul"],"articleSection":["Home","News","Reggio Calabria"],"inLanguage":"it-IT"},{"@type":"WebPage","@id":"https:\/\/progettotouring.it\/radiotouring104\/2024\/12\/16\/reggio-incontro-tra-il-sul-ed-il-console-onorario-del-regno-del-marocco\/","url":"https:\/\/progettotouring.it\/radiotouring104\/2024\/12\/16\/reggio-incontro-tra-il-sul-ed-il-console-onorario-del-regno-del-marocco\/","name":"Reggio: incontro tra il SUL ed il Console Onorario del Regno del Marocco - Radio Touring 104","isPartOf":{"@id":"https:\/\/progettotouring.it\/radiotouring104\/#website"},"primaryImageOfPage":{"@id":"https:\/\/progettotouring.it\/radiotouring104\/2024\/12\/16\/reggio-incontro-tra-il-sul-ed-il-console-onorario-del-regno-del-marocco\/#primaryimage"},"image":{"@id":"https:\/\/progettotouring.it\/radiotouring104\/2024\/12\/16\/reggio-incontro-tra-il-sul-ed-il-console-onorario-del-regno-del-marocco\/#primaryimage"},"thumbnailUrl":"https:\/\/progettotouring.it\/radiotouring104\/wp-content\/uploads\/sites\/6\/2023\/06\/sul-calabria.png","datePublished":"2024-12-16T11:45:17+00:00","description":"Nel corso dell\u2019incontro il SUL ha sottoposto al Console alcune questioni di particolare complessit\u00e0, ricevendo proposte su soluzioni","breadcrumb":{"@id":"https:\/\/progettotouring.it\/radiotouring104\/2024\/12\/16\/reggio-incontro-tra-il-sul-ed-il-console-onorario-del-regno-del-marocco\/#breadcrumb"},"inLanguage":"it-IT","potentialAction":[{"@type":"ReadAction","target":["https:\/\/progettotouring.it\/radiotouring104\/2024\/12\/16\/reggio-incontro-tra-il-sul-ed-il-console-onorario-del-regno-del-marocco\/"]}]},{"@type":"ImageObject","inLanguage":"it-IT","@id":"https:\/\/progettotouring.it\/radiotouring104\/2024\/12\/16\/reggio-incontro-tra-il-sul-ed-il-console-onorario-del-regno-del-marocco\/#primaryimage","url":"https:\/\/progettotouring.it\/radiotouring104\/wp-content\/uploads\/sites\/6\/2023\/06\/sul-calabria.png","contentUrl":"https:\/\/progettotouring.it\/radiotouring104\/wp-content\/uploads\/sites\/6\/2023\/06\/sul-calabria.png","width":622,"height":437},{"@type":"BreadcrumbList","@id":"https:\/\/progettotouring.it\/radiotouring104\/2024\/12\/16\/reggio-incontro-tra-il-sul-ed-il-console-onorario-del-regno-del-marocco\/#breadcrumb","itemListElement":[{"@type":"ListItem","position":1,"name":"Home","item":"https:\/\/progettotouring.it\/radiotouring104\/"},{"@type":"ListItem","position":2,"name":"Reggio: incontro tra il SUL ed il Console Onorario del Regno del Marocco"}]},{"@type":"WebSite","@id":"https:\/\/progettotouring.it\/radiotouring104\/#website","url":"https:\/\/progettotouring.it\/radiotouring104\/","name":"Radio Touring 104","description":"La prima radio Reggina","publisher":{"@id":"https:\/\/progettotouring.it\/radiotouring104\/#organization"},"potentialAction":[{"@type":"SearchAction","target":{"@type":"EntryPoint","urlTemplate":"https:\/\/progettotouring.it\/radiotouring104\/?s={search_term_string}"},"query-input":{"@type":"PropertyValueSpecification","valueRequired":true,"valueName":"search_term_string"}}],"inLanguage":"it-IT"},{"@type":"Organization","@id":"https:\/\/progettotouring.it\/radiotouring104\/#organization","name":"Radio Touring 104","url":"https:\/\/progettotouring.it\/radiotouring104\/","logo":{"@type":"ImageObject","inLanguage":"it-IT","@id":"https:\/\/progettotouring.it\/radiotouring104\/#\/schema\/logo\/image\/","url":"https:\/\/progettotouring.it\/radiotouring104\/wp-content\/uploads\/sites\/6\/2022\/02\/cropped-logo-radio-touring-104.png","contentUrl":"https:\/\/progettotouring.it\/radiotouring104\/wp-content\/uploads\/sites\/6\/2022\/02\/cropped-logo-radio-touring-104.png","width":377,"height":182,"caption":"Radio Touring 104"},"image":{"@id":"https:\/\/progettotouring.it\/radiotouring104\/#\/schema\/logo\/image\/"}},{"@type":"Person","@id":"https:\/\/progettotouring.it\/radiotouring104\/#\/schema\/person\/78613917f1851f041f7483f5af1d422e","name":"Sebastiano Plutino","image":{"@type":"ImageObject","inLanguage":"it-IT","@id":"https:\/\/secure.gravatar.com\/avatar\/0546ffaa9b79224faf9f2a156b67a529ae861d3287c66c1d8ccfdf909bcba78d?s=96&d=mm&r=g","url":"https:\/\/secure.gravatar.com\/avatar\/0546ffaa9b79224faf9f2a156b67a529ae861d3287c66c1d8ccfdf909bcba78d?s=96&d=mm&r=g","contentUrl":"https:\/\/secure.gravatar.com\/avatar\/0546ffaa9b79224faf9f2a156b67a529ae861d3287c66c1d8ccfdf909bcba78d?s=96&d=mm&r=g","caption":"Sebastiano Plutino"},"url":"https:\/\/progettotouring.it\/radiotouring104\/author\/sebastiano\/"}]}},"jetpack_publicize_connections":[],"jetpack_featured_media_url":"https:\/\/progettotouring.it\/radiotouring104\/wp-content\/uploads\/sites\/6\/2023\/06\/sul-calabria.png","jetpack_sharing_enabled":true,"_links":{"self":[{"href":"https:\/\/progettotouring.it\/radiotouring104\/wp-json\/wp\/v2\/posts\/63517","targetHints":{"allow":["GET"]}}],"collection":[{"href":"https:\/\/progettotouring.it\/radiotouring104\/wp-json\/wp\/v2\/posts"}],"about":[{"href":"https:\/\/progettotouring.it\/radiotouring104\/wp-json\/wp\/v2\/types\/post"}],"author":[{"embeddable":true,"href":"https:\/\/progettotouring.it\/radiotouring104\/wp-json\/wp\/v2\/users\/12"}],"replies":[{"embeddable":true,"href":"https:\/\/progettotouring.it\/radiotouring104\/wp-json\/wp\/v2\/comments?post=63517"}],"version-history":[{"count":1,"href":"https:\/\/progettotouring.it\/radiotouring104\/wp-json\/wp\/v2\/posts\/63517\/revisions"}],"predecessor-version":[{"id":63518,"href":"https:\/\/progettotouring.it\/radiotouring104\/wp-json\/wp\/v2\/posts\/63517\/revisions\/63518"}],"wp:featuredmedia":[{"embeddable":true,"href":"https:\/\/progettotouring.it\/radiotouring104\/wp-json\/wp\/v2\/media\/28170"}],"wp:attachment":[{"href":"https:\/\/progettotouring.it\/radiotouring104\/wp-json\/wp\/v2\/media?parent=63517"}],"wp:term":[{"taxonomy":"category","embeddable":true,"href":"https:\/\/progettotouring.it\/radiotouring104\/wp-json\/wp\/v2\/categories?post=63517"},{"taxonomy":"post_tag","embeddable":true,"href":"https:\/\/progettotouring.it\/radiotouring104\/wp-json\/wp\/v2\/tags?post=63517"}],"curies":[{"name":"wp","href":"https:\/\/api.w.org\/{rel}","templated":true}]}}