{"id":63520,"date":"2024-12-16T12:49:01","date_gmt":"2024-12-16T11:49:01","guid":{"rendered":"https:\/\/progettotouring.it\/radiotouring104\/?p=63520"},"modified":"2024-12-16T12:49:27","modified_gmt":"2024-12-16T11:49:27","slug":"reggio-parte-oggi-la-vendita-dei-biglietti-per-il-concerto-di-sergio-cammariere","status":"publish","type":"post","link":"https:\/\/progettotouring.it\/radiotouring104\/2024\/12\/16\/reggio-parte-oggi-la-vendita-dei-biglietti-per-il-concerto-di-sergio-cammariere\/","title":{"rendered":"Reggio: parte oggi la vendita dei biglietti per il concerto di\u00a0Sergio Cammariere"},"content":{"rendered":"<p class=\"xmprfx_MsoNormal\" style=\"text-align: justify\">Parte oggi la vendita dei biglietti per lo speciale concerto di\u00a0<b>Sergio Cammariere\u00a0<\/b>del prossimo<b>\u00a021 dicembre\u00a0<\/b>alle ore 21:00<b>\u00a0<\/b>in Piazza Orsi, la sala interna del MarRC, il Museo Archeologico Nazionale di Reggio Calabria, proprio davanti ai Bronzi di Riace. Il grande cantautore e pianista sar\u00e0 accompagnato da\u00a0<b>Giovanna Famulari\u00a0<\/b>a<b>l<\/b>\u00a0violoncello e\u00a0<b>Daniele Tittarelli al\u00a0<\/b>sassofono. Un evento unico, destinato a scrivere una nuova pagina del fortunato binomio tra musica e cultura in Calabria, grazie ad un artista straordinario, autentico testimonial della sua terra e alla location spettacolare, meta di turisti di tutto il mondo.<\/p>\n<p class=\"xmprfx_MsoNormal\" style=\"text-align: justify\">I mitici\u00a0<b>Bronzi\u00a0<\/b>si preparano cos\u00ec ad essere spettatori di \u201c<b>Museo in Fest<\/b>\u201d, una serie di eventi musicali e teatrali che si svolgeranno nello splendido museo reggino<b>\u00a0<\/b>per volont\u00e0 del Direttore archeologo\u00a0<b>Fabrizio Sudano\u00a0<\/b>e dell\u2019architetto\u00a0<b>Claudia Ventura<\/b>, responsabile dell\u2019Area Valorizzazione, con la direzione artistica di Ruggero Pegna. Dopo il live di Cammariere, si proseguir\u00e0 il\u00a0<b>26 dicembre\u00a0<\/b>alle ore 18:00 con il concerto di\u00a0<b>Vincent Bohanan &amp; The Sound of Victory<\/b>, il pi\u00f9 grande gruppo Gospel dell\u2019area metropolitana newyorchese, da Brooklyn al Bronx, tra i pi\u00f9 prestigiosi.<\/p>\n<p class=\"xmprfx_MsoNormal\" style=\"text-align: justify\">I biglietti per i due eventi, in disponibilit\u00e0 limitata per ovvie ragioni di capienza e a prezzi ridotti rispetto ad un normale evento del genere, sono in vendita online sul sito\u00a0<a href=\"http:\/\/www.coopculture.it\/\" target=\"_blank\" rel=\"noopener noreferrer\">www.coopculture.it<\/a>.<\/p>\n<p class=\"xmprfx_MsoNormal\" style=\"text-align: justify\">Per informazioni tel.<b>\u00a0<\/b>0639967600.<\/p>\n<p class=\"xmprfx_MsoNormal\" style=\"text-align: justify\">Ingresso libero, invece, il\u00a0<b>5 gennaio<\/b>\u00a0alle ore 18:00, vigilia dell\u2019Epifania, quando \u201c<b>Museo in Fest<\/b>\u201d si sposter\u00e0 all\u2019esterno, in Piazza De Nava, per \u201cZo\u00e9, il Principio della Vita\u201d, un evento spettacolare del \u201cPiccolo Nuovo Teatro\u201d di Bastia Umbra, tra le pi\u00f9 note compagnie internazionali di Teatro Urbano, che mette insieme testi suggestivi, artisti di strada\u00a0tra i pi\u00f9 originali, danza aerea e su trampoli,\u00a0giocoleria, ma anche nuove macchine sceniche, effettistica luminosa e pirotecnica, basi musicali a tema, costumi affascinanti. \u201cZo\u00e9\u201d \u00e8 uno spettacolo affascinante che ha come tema il rapporto tra Uomo e Natura, con l\u2019utilizzo di\u00a0giochi di luce,\u00a0trampoli,\u00a0effetti pirotecnici\u00a0e\u00a0fuoco vivo. Sullo scenario di una foresta stilizzata, si apre con l\u2019arrivo degli elfi, bizzarri personaggi che portano il\u00a0grande albero\u00a0della vita dal quale nascer\u00e0 la protagonista, Persefone. Zo\u00e9 \u00e8 un vero inno alla Vita, alla Natura e all&#8217;Amore, capace di trasportare il pubblico in ambientazioni oniriche e surreali.<\/p>\n<p class=\"xmprfx_MsoNormal\" style=\"text-align: justify\">Nato nel 1882 dalla fusione tra Museo Statale e Museo Civico, riconosciuto\u00a0tra gli istituti museali archeologici pi\u00f9 prestigiosi d\u2019Italia,<b>\u00a0<\/b>grazie anche alla presenza delle due meravigliose statue, il\u00a0<b>MarRC,\u00a0<\/b>in questi giorni illuminato a festa per il Natale<b>,\u00a0<\/b>si trasformer\u00e0 in un insolito ed eccezionale teatro fino alla prossima estate. I successivi appuntamenti saranno resi noti nelle prossime settimane.<\/p>\n","protected":false},"excerpt":{"rendered":"<p>Parte oggi la vendita dei biglietti per lo speciale concerto di\u00a0Sergio Cammariere\u00a0del prossimo\u00a021 dicembre\u00a0alle ore 21:00\u00a0in Piazza Orsi, la sala interna del MarRC, il Museo Archeologico Nazionale di Reggio Calabria,&hellip;<\/p>\n","protected":false},"author":12,"featured_media":63521,"comment_status":"closed","ping_status":"open","sticky":false,"template":"","format":"standard","meta":{"_jetpack_memberships_contains_paid_content":false,"footnotes":"","jetpack_publicize_message":"","jetpack_publicize_feature_enabled":true,"jetpack_social_post_already_shared":true,"jetpack_social_options":{"image_generator_settings":{"template":"highway","default_image_id":0,"font":"","enabled":false},"version":2}},"categories":[921,196,140],"tags":[890,282,14945,38699],"class_list":["post-63520","post","type-post","status-publish","format-standard","has-post-thumbnail","hentry","category-home","category-news","category-reggio-calabria","tag-concerto","tag-ruggero-pegna","tag-sergio-cammariere","tag-vendita-biglietti"],"yoast_head":"<!-- This site is optimized with the Yoast SEO plugin v27.2 - https:\/\/yoast.com\/product\/yoast-seo-wordpress\/ -->\n<title>Reggio: parte vendita biglietti per il concerto di\u00a0Sergio Cammariere<\/title>\n<meta name=\"description\" content=\"Parte oggi la vendita dei biglietti per lo speciale concerto di\u00a0Sergio Cammariere\u00a0del\u00a021 dicembre\u00a0alle ore 21:00\u00a0 al MArRC\" \/>\n<meta name=\"robots\" content=\"index, follow, max-snippet:-1, max-image-preview:large, max-video-preview:-1\" \/>\n<link rel=\"canonical\" href=\"https:\/\/progettotouring.it\/radiotouring104\/2024\/12\/16\/reggio-parte-oggi-la-vendita-dei-biglietti-per-il-concerto-di-sergio-cammariere\/\" \/>\n<meta property=\"og:locale\" content=\"it_IT\" \/>\n<meta property=\"og:type\" content=\"article\" \/>\n<meta property=\"og:title\" content=\"Reggio: parte vendita biglietti per il concerto di\u00a0Sergio Cammariere\" \/>\n<meta property=\"og:description\" content=\"Parte oggi la vendita dei biglietti per lo speciale concerto di\u00a0Sergio Cammariere\u00a0del\u00a021 dicembre\u00a0alle ore 21:00\u00a0 al MArRC\" \/>\n<meta property=\"og:url\" content=\"https:\/\/progettotouring.it\/radiotouring104\/2024\/12\/16\/reggio-parte-oggi-la-vendita-dei-biglietti-per-il-concerto-di-sergio-cammariere\/\" \/>\n<meta property=\"og:site_name\" content=\"Radio Touring 104\" \/>\n<meta property=\"article:published_time\" content=\"2024-12-16T11:49:01+00:00\" \/>\n<meta property=\"article:modified_time\" content=\"2024-12-16T11:49:27+00:00\" \/>\n<meta property=\"og:image\" content=\"https:\/\/progettotouring.it\/radiotouring104\/wp-content\/uploads\/sites\/6\/2024\/12\/Cammariere-trio-1.jpg\" \/>\n\t<meta property=\"og:image:width\" content=\"1086\" \/>\n\t<meta property=\"og:image:height\" content=\"724\" \/>\n\t<meta property=\"og:image:type\" content=\"image\/jpeg\" \/>\n<meta name=\"author\" content=\"Sebastiano Plutino\" \/>\n<meta name=\"twitter:card\" content=\"summary_large_image\" \/>\n<meta name=\"twitter:label1\" content=\"Scritto da\" \/>\n\t<meta name=\"twitter:data1\" content=\"Sebastiano Plutino\" \/>\n\t<meta name=\"twitter:label2\" content=\"Tempo di lettura stimato\" \/>\n\t<meta name=\"twitter:data2\" content=\"2 minuti\" \/>\n<script type=\"application\/ld+json\" class=\"yoast-schema-graph\">{\"@context\":\"https:\/\/schema.org\",\"@graph\":[{\"@type\":\"Article\",\"@id\":\"https:\/\/progettotouring.it\/radiotouring104\/2024\/12\/16\/reggio-parte-oggi-la-vendita-dei-biglietti-per-il-concerto-di-sergio-cammariere\/#article\",\"isPartOf\":{\"@id\":\"https:\/\/progettotouring.it\/radiotouring104\/2024\/12\/16\/reggio-parte-oggi-la-vendita-dei-biglietti-per-il-concerto-di-sergio-cammariere\/\"},\"author\":{\"name\":\"Sebastiano Plutino\",\"@id\":\"https:\/\/progettotouring.it\/radiotouring104\/#\/schema\/person\/78613917f1851f041f7483f5af1d422e\"},\"headline\":\"Reggio: parte oggi la vendita dei biglietti per il concerto di\u00a0Sergio Cammariere\",\"datePublished\":\"2024-12-16T11:49:01+00:00\",\"dateModified\":\"2024-12-16T11:49:27+00:00\",\"mainEntityOfPage\":{\"@id\":\"https:\/\/progettotouring.it\/radiotouring104\/2024\/12\/16\/reggio-parte-oggi-la-vendita-dei-biglietti-per-il-concerto-di-sergio-cammariere\/\"},\"wordCount\":449,\"publisher\":{\"@id\":\"https:\/\/progettotouring.it\/radiotouring104\/#organization\"},\"image\":{\"@id\":\"https:\/\/progettotouring.it\/radiotouring104\/2024\/12\/16\/reggio-parte-oggi-la-vendita-dei-biglietti-per-il-concerto-di-sergio-cammariere\/#primaryimage\"},\"thumbnailUrl\":\"https:\/\/progettotouring.it\/radiotouring104\/wp-content\/uploads\/sites\/6\/2024\/12\/Cammariere-trio-1.jpg\",\"keywords\":[\"concerto\",\"Ruggero Pegna\",\"Sergio Cammariere\",\"vendita biglietti\"],\"articleSection\":[\"Home\",\"News\",\"Reggio Calabria\"],\"inLanguage\":\"it-IT\"},{\"@type\":\"WebPage\",\"@id\":\"https:\/\/progettotouring.it\/radiotouring104\/2024\/12\/16\/reggio-parte-oggi-la-vendita-dei-biglietti-per-il-concerto-di-sergio-cammariere\/\",\"url\":\"https:\/\/progettotouring.it\/radiotouring104\/2024\/12\/16\/reggio-parte-oggi-la-vendita-dei-biglietti-per-il-concerto-di-sergio-cammariere\/\",\"name\":\"Reggio: parte vendita biglietti per il concerto di\u00a0Sergio Cammariere\",\"isPartOf\":{\"@id\":\"https:\/\/progettotouring.it\/radiotouring104\/#website\"},\"primaryImageOfPage\":{\"@id\":\"https:\/\/progettotouring.it\/radiotouring104\/2024\/12\/16\/reggio-parte-oggi-la-vendita-dei-biglietti-per-il-concerto-di-sergio-cammariere\/#primaryimage\"},\"image\":{\"@id\":\"https:\/\/progettotouring.it\/radiotouring104\/2024\/12\/16\/reggio-parte-oggi-la-vendita-dei-biglietti-per-il-concerto-di-sergio-cammariere\/#primaryimage\"},\"thumbnailUrl\":\"https:\/\/progettotouring.it\/radiotouring104\/wp-content\/uploads\/sites\/6\/2024\/12\/Cammariere-trio-1.jpg\",\"datePublished\":\"2024-12-16T11:49:01+00:00\",\"dateModified\":\"2024-12-16T11:49:27+00:00\",\"description\":\"Parte oggi la vendita dei biglietti per lo speciale concerto di\u00a0Sergio Cammariere\u00a0del\u00a021 dicembre\u00a0alle ore 21:00\u00a0 al MArRC\",\"breadcrumb\":{\"@id\":\"https:\/\/progettotouring.it\/radiotouring104\/2024\/12\/16\/reggio-parte-oggi-la-vendita-dei-biglietti-per-il-concerto-di-sergio-cammariere\/#breadcrumb\"},\"inLanguage\":\"it-IT\",\"potentialAction\":[{\"@type\":\"ReadAction\",\"target\":[\"https:\/\/progettotouring.it\/radiotouring104\/2024\/12\/16\/reggio-parte-oggi-la-vendita-dei-biglietti-per-il-concerto-di-sergio-cammariere\/\"]}]},{\"@type\":\"ImageObject\",\"inLanguage\":\"it-IT\",\"@id\":\"https:\/\/progettotouring.it\/radiotouring104\/2024\/12\/16\/reggio-parte-oggi-la-vendita-dei-biglietti-per-il-concerto-di-sergio-cammariere\/#primaryimage\",\"url\":\"https:\/\/progettotouring.it\/radiotouring104\/wp-content\/uploads\/sites\/6\/2024\/12\/Cammariere-trio-1.jpg\",\"contentUrl\":\"https:\/\/progettotouring.it\/radiotouring104\/wp-content\/uploads\/sites\/6\/2024\/12\/Cammariere-trio-1.jpg\",\"width\":1086,\"height\":724},{\"@type\":\"BreadcrumbList\",\"@id\":\"https:\/\/progettotouring.it\/radiotouring104\/2024\/12\/16\/reggio-parte-oggi-la-vendita-dei-biglietti-per-il-concerto-di-sergio-cammariere\/#breadcrumb\",\"itemListElement\":[{\"@type\":\"ListItem\",\"position\":1,\"name\":\"Home\",\"item\":\"https:\/\/progettotouring.it\/radiotouring104\/\"},{\"@type\":\"ListItem\",\"position\":2,\"name\":\"Reggio: parte oggi la vendita dei biglietti per il concerto di\u00a0Sergio Cammariere\"}]},{\"@type\":\"WebSite\",\"@id\":\"https:\/\/progettotouring.it\/radiotouring104\/#website\",\"url\":\"https:\/\/progettotouring.it\/radiotouring104\/\",\"name\":\"Radio Touring 104\",\"description\":\"La prima radio Reggina\",\"publisher\":{\"@id\":\"https:\/\/progettotouring.it\/radiotouring104\/#organization\"},\"potentialAction\":[{\"@type\":\"SearchAction\",\"target\":{\"@type\":\"EntryPoint\",\"urlTemplate\":\"https:\/\/progettotouring.it\/radiotouring104\/?s={search_term_string}\"},\"query-input\":{\"@type\":\"PropertyValueSpecification\",\"valueRequired\":true,\"valueName\":\"search_term_string\"}}],\"inLanguage\":\"it-IT\"},{\"@type\":\"Organization\",\"@id\":\"https:\/\/progettotouring.it\/radiotouring104\/#organization\",\"name\":\"Radio Touring 104\",\"url\":\"https:\/\/progettotouring.it\/radiotouring104\/\",\"logo\":{\"@type\":\"ImageObject\",\"inLanguage\":\"it-IT\",\"@id\":\"https:\/\/progettotouring.it\/radiotouring104\/#\/schema\/logo\/image\/\",\"url\":\"https:\/\/progettotouring.it\/radiotouring104\/wp-content\/uploads\/sites\/6\/2022\/02\/cropped-logo-radio-touring-104.png\",\"contentUrl\":\"https:\/\/progettotouring.it\/radiotouring104\/wp-content\/uploads\/sites\/6\/2022\/02\/cropped-logo-radio-touring-104.png\",\"width\":377,\"height\":182,\"caption\":\"Radio Touring 104\"},\"image\":{\"@id\":\"https:\/\/progettotouring.it\/radiotouring104\/#\/schema\/logo\/image\/\"}},{\"@type\":\"Person\",\"@id\":\"https:\/\/progettotouring.it\/radiotouring104\/#\/schema\/person\/78613917f1851f041f7483f5af1d422e\",\"name\":\"Sebastiano Plutino\",\"image\":{\"@type\":\"ImageObject\",\"inLanguage\":\"it-IT\",\"@id\":\"https:\/\/secure.gravatar.com\/avatar\/0546ffaa9b79224faf9f2a156b67a529ae861d3287c66c1d8ccfdf909bcba78d?s=96&d=mm&r=g\",\"url\":\"https:\/\/secure.gravatar.com\/avatar\/0546ffaa9b79224faf9f2a156b67a529ae861d3287c66c1d8ccfdf909bcba78d?s=96&d=mm&r=g\",\"contentUrl\":\"https:\/\/secure.gravatar.com\/avatar\/0546ffaa9b79224faf9f2a156b67a529ae861d3287c66c1d8ccfdf909bcba78d?s=96&d=mm&r=g\",\"caption\":\"Sebastiano Plutino\"},\"url\":\"https:\/\/progettotouring.it\/radiotouring104\/author\/sebastiano\/\"}]}<\/script>\n<!-- \/ Yoast SEO plugin. -->","yoast_head_json":{"title":"Reggio: parte vendita biglietti per il concerto di\u00a0Sergio Cammariere","description":"Parte oggi la vendita dei biglietti per lo speciale concerto di\u00a0Sergio Cammariere\u00a0del\u00a021 dicembre\u00a0alle ore 21:00\u00a0 al MArRC","robots":{"index":"index","follow":"follow","max-snippet":"max-snippet:-1","max-image-preview":"max-image-preview:large","max-video-preview":"max-video-preview:-1"},"canonical":"https:\/\/progettotouring.it\/radiotouring104\/2024\/12\/16\/reggio-parte-oggi-la-vendita-dei-biglietti-per-il-concerto-di-sergio-cammariere\/","og_locale":"it_IT","og_type":"article","og_title":"Reggio: parte vendita biglietti per il concerto di\u00a0Sergio Cammariere","og_description":"Parte oggi la vendita dei biglietti per lo speciale concerto di\u00a0Sergio Cammariere\u00a0del\u00a021 dicembre\u00a0alle ore 21:00\u00a0 al MArRC","og_url":"https:\/\/progettotouring.it\/radiotouring104\/2024\/12\/16\/reggio-parte-oggi-la-vendita-dei-biglietti-per-il-concerto-di-sergio-cammariere\/","og_site_name":"Radio Touring 104","article_published_time":"2024-12-16T11:49:01+00:00","article_modified_time":"2024-12-16T11:49:27+00:00","og_image":[{"width":1086,"height":724,"url":"https:\/\/progettotouring.it\/radiotouring104\/wp-content\/uploads\/sites\/6\/2024\/12\/Cammariere-trio-1.jpg","type":"image\/jpeg"}],"author":"Sebastiano Plutino","twitter_card":"summary_large_image","twitter_misc":{"Scritto da":"Sebastiano Plutino","Tempo di lettura stimato":"2 minuti"},"schema":{"@context":"https:\/\/schema.org","@graph":[{"@type":"Article","@id":"https:\/\/progettotouring.it\/radiotouring104\/2024\/12\/16\/reggio-parte-oggi-la-vendita-dei-biglietti-per-il-concerto-di-sergio-cammariere\/#article","isPartOf":{"@id":"https:\/\/progettotouring.it\/radiotouring104\/2024\/12\/16\/reggio-parte-oggi-la-vendita-dei-biglietti-per-il-concerto-di-sergio-cammariere\/"},"author":{"name":"Sebastiano Plutino","@id":"https:\/\/progettotouring.it\/radiotouring104\/#\/schema\/person\/78613917f1851f041f7483f5af1d422e"},"headline":"Reggio: parte oggi la vendita dei biglietti per il concerto di\u00a0Sergio Cammariere","datePublished":"2024-12-16T11:49:01+00:00","dateModified":"2024-12-16T11:49:27+00:00","mainEntityOfPage":{"@id":"https:\/\/progettotouring.it\/radiotouring104\/2024\/12\/16\/reggio-parte-oggi-la-vendita-dei-biglietti-per-il-concerto-di-sergio-cammariere\/"},"wordCount":449,"publisher":{"@id":"https:\/\/progettotouring.it\/radiotouring104\/#organization"},"image":{"@id":"https:\/\/progettotouring.it\/radiotouring104\/2024\/12\/16\/reggio-parte-oggi-la-vendita-dei-biglietti-per-il-concerto-di-sergio-cammariere\/#primaryimage"},"thumbnailUrl":"https:\/\/progettotouring.it\/radiotouring104\/wp-content\/uploads\/sites\/6\/2024\/12\/Cammariere-trio-1.jpg","keywords":["concerto","Ruggero Pegna","Sergio Cammariere","vendita biglietti"],"articleSection":["Home","News","Reggio Calabria"],"inLanguage":"it-IT"},{"@type":"WebPage","@id":"https:\/\/progettotouring.it\/radiotouring104\/2024\/12\/16\/reggio-parte-oggi-la-vendita-dei-biglietti-per-il-concerto-di-sergio-cammariere\/","url":"https:\/\/progettotouring.it\/radiotouring104\/2024\/12\/16\/reggio-parte-oggi-la-vendita-dei-biglietti-per-il-concerto-di-sergio-cammariere\/","name":"Reggio: parte vendita biglietti per il concerto di\u00a0Sergio Cammariere","isPartOf":{"@id":"https:\/\/progettotouring.it\/radiotouring104\/#website"},"primaryImageOfPage":{"@id":"https:\/\/progettotouring.it\/radiotouring104\/2024\/12\/16\/reggio-parte-oggi-la-vendita-dei-biglietti-per-il-concerto-di-sergio-cammariere\/#primaryimage"},"image":{"@id":"https:\/\/progettotouring.it\/radiotouring104\/2024\/12\/16\/reggio-parte-oggi-la-vendita-dei-biglietti-per-il-concerto-di-sergio-cammariere\/#primaryimage"},"thumbnailUrl":"https:\/\/progettotouring.it\/radiotouring104\/wp-content\/uploads\/sites\/6\/2024\/12\/Cammariere-trio-1.jpg","datePublished":"2024-12-16T11:49:01+00:00","dateModified":"2024-12-16T11:49:27+00:00","description":"Parte oggi la vendita dei biglietti per lo speciale concerto di\u00a0Sergio Cammariere\u00a0del\u00a021 dicembre\u00a0alle ore 21:00\u00a0 al MArRC","breadcrumb":{"@id":"https:\/\/progettotouring.it\/radiotouring104\/2024\/12\/16\/reggio-parte-oggi-la-vendita-dei-biglietti-per-il-concerto-di-sergio-cammariere\/#breadcrumb"},"inLanguage":"it-IT","potentialAction":[{"@type":"ReadAction","target":["https:\/\/progettotouring.it\/radiotouring104\/2024\/12\/16\/reggio-parte-oggi-la-vendita-dei-biglietti-per-il-concerto-di-sergio-cammariere\/"]}]},{"@type":"ImageObject","inLanguage":"it-IT","@id":"https:\/\/progettotouring.it\/radiotouring104\/2024\/12\/16\/reggio-parte-oggi-la-vendita-dei-biglietti-per-il-concerto-di-sergio-cammariere\/#primaryimage","url":"https:\/\/progettotouring.it\/radiotouring104\/wp-content\/uploads\/sites\/6\/2024\/12\/Cammariere-trio-1.jpg","contentUrl":"https:\/\/progettotouring.it\/radiotouring104\/wp-content\/uploads\/sites\/6\/2024\/12\/Cammariere-trio-1.jpg","width":1086,"height":724},{"@type":"BreadcrumbList","@id":"https:\/\/progettotouring.it\/radiotouring104\/2024\/12\/16\/reggio-parte-oggi-la-vendita-dei-biglietti-per-il-concerto-di-sergio-cammariere\/#breadcrumb","itemListElement":[{"@type":"ListItem","position":1,"name":"Home","item":"https:\/\/progettotouring.it\/radiotouring104\/"},{"@type":"ListItem","position":2,"name":"Reggio: parte oggi la vendita dei biglietti per il concerto di\u00a0Sergio Cammariere"}]},{"@type":"WebSite","@id":"https:\/\/progettotouring.it\/radiotouring104\/#website","url":"https:\/\/progettotouring.it\/radiotouring104\/","name":"Radio Touring 104","description":"La prima radio Reggina","publisher":{"@id":"https:\/\/progettotouring.it\/radiotouring104\/#organization"},"potentialAction":[{"@type":"SearchAction","target":{"@type":"EntryPoint","urlTemplate":"https:\/\/progettotouring.it\/radiotouring104\/?s={search_term_string}"},"query-input":{"@type":"PropertyValueSpecification","valueRequired":true,"valueName":"search_term_string"}}],"inLanguage":"it-IT"},{"@type":"Organization","@id":"https:\/\/progettotouring.it\/radiotouring104\/#organization","name":"Radio Touring 104","url":"https:\/\/progettotouring.it\/radiotouring104\/","logo":{"@type":"ImageObject","inLanguage":"it-IT","@id":"https:\/\/progettotouring.it\/radiotouring104\/#\/schema\/logo\/image\/","url":"https:\/\/progettotouring.it\/radiotouring104\/wp-content\/uploads\/sites\/6\/2022\/02\/cropped-logo-radio-touring-104.png","contentUrl":"https:\/\/progettotouring.it\/radiotouring104\/wp-content\/uploads\/sites\/6\/2022\/02\/cropped-logo-radio-touring-104.png","width":377,"height":182,"caption":"Radio Touring 104"},"image":{"@id":"https:\/\/progettotouring.it\/radiotouring104\/#\/schema\/logo\/image\/"}},{"@type":"Person","@id":"https:\/\/progettotouring.it\/radiotouring104\/#\/schema\/person\/78613917f1851f041f7483f5af1d422e","name":"Sebastiano Plutino","image":{"@type":"ImageObject","inLanguage":"it-IT","@id":"https:\/\/secure.gravatar.com\/avatar\/0546ffaa9b79224faf9f2a156b67a529ae861d3287c66c1d8ccfdf909bcba78d?s=96&d=mm&r=g","url":"https:\/\/secure.gravatar.com\/avatar\/0546ffaa9b79224faf9f2a156b67a529ae861d3287c66c1d8ccfdf909bcba78d?s=96&d=mm&r=g","contentUrl":"https:\/\/secure.gravatar.com\/avatar\/0546ffaa9b79224faf9f2a156b67a529ae861d3287c66c1d8ccfdf909bcba78d?s=96&d=mm&r=g","caption":"Sebastiano Plutino"},"url":"https:\/\/progettotouring.it\/radiotouring104\/author\/sebastiano\/"}]}},"jetpack_publicize_connections":[],"jetpack_featured_media_url":"https:\/\/progettotouring.it\/radiotouring104\/wp-content\/uploads\/sites\/6\/2024\/12\/Cammariere-trio-1.jpg","jetpack_sharing_enabled":true,"_links":{"self":[{"href":"https:\/\/progettotouring.it\/radiotouring104\/wp-json\/wp\/v2\/posts\/63520","targetHints":{"allow":["GET"]}}],"collection":[{"href":"https:\/\/progettotouring.it\/radiotouring104\/wp-json\/wp\/v2\/posts"}],"about":[{"href":"https:\/\/progettotouring.it\/radiotouring104\/wp-json\/wp\/v2\/types\/post"}],"author":[{"embeddable":true,"href":"https:\/\/progettotouring.it\/radiotouring104\/wp-json\/wp\/v2\/users\/12"}],"replies":[{"embeddable":true,"href":"https:\/\/progettotouring.it\/radiotouring104\/wp-json\/wp\/v2\/comments?post=63520"}],"version-history":[{"count":1,"href":"https:\/\/progettotouring.it\/radiotouring104\/wp-json\/wp\/v2\/posts\/63520\/revisions"}],"predecessor-version":[{"id":63522,"href":"https:\/\/progettotouring.it\/radiotouring104\/wp-json\/wp\/v2\/posts\/63520\/revisions\/63522"}],"wp:featuredmedia":[{"embeddable":true,"href":"https:\/\/progettotouring.it\/radiotouring104\/wp-json\/wp\/v2\/media\/63521"}],"wp:attachment":[{"href":"https:\/\/progettotouring.it\/radiotouring104\/wp-json\/wp\/v2\/media?parent=63520"}],"wp:term":[{"taxonomy":"category","embeddable":true,"href":"https:\/\/progettotouring.it\/radiotouring104\/wp-json\/wp\/v2\/categories?post=63520"},{"taxonomy":"post_tag","embeddable":true,"href":"https:\/\/progettotouring.it\/radiotouring104\/wp-json\/wp\/v2\/tags?post=63520"}],"curies":[{"name":"wp","href":"https:\/\/api.w.org\/{rel}","templated":true}]}}