{"id":63562,"date":"2024-12-17T10:33:25","date_gmt":"2024-12-17T09:33:25","guid":{"rendered":"https:\/\/progettotouring.it\/radiotouring104\/?p=63562"},"modified":"2024-12-17T10:33:25","modified_gmt":"2024-12-17T09:33:25","slug":"palmi-successo-al-liceo-alvaro-per-lopen-day-e-giornata-delle-lingue","status":"publish","type":"post","link":"https:\/\/progettotouring.it\/radiotouring104\/2024\/12\/17\/palmi-successo-al-liceo-alvaro-per-lopen-day-e-giornata-delle-lingue\/","title":{"rendered":"Palmi: successo al Liceo Alvaro per l&#8217;Open Day e Giornata delle Lingue"},"content":{"rendered":"<p style=\"text-align: justify\"><strong>L\u201911 dicembre<\/strong> presso la sede di via Campanella<strong> a Palmi si \u00e8 svolto l\u2019Open Day del Liceo<\/strong> \u201cCorrado Alvaro\u201d <strong>e dell\u2019ITE, indirizzi dell\u2019I.I.S. Einaudi-Alvaro<\/strong> che<strong> hanno presentato al pubblico<\/strong> degli studenti delle scuole medie e dei loro genitori<strong> l\u2019offerta formativa della scuola. <\/strong><\/p>\n<p style=\"text-align: justify\">Al mattino, anche in occasione della visita degli studenti della scuola media \u201cZagari-Milone\u201d<strong>, le attivit\u00e0 sono state associate alla Giornata delle Lingue,<\/strong> che ha valorizzato la vocazione multiculturale dell\u2019istituto.<strong> L\u2019accoglienza<\/strong> in Aula Magna degli allievi della \u201cZagari-Milone\u201d \u00e8 stata a cura della<strong> prof.ssa Rosa Maria Stillitano,<\/strong> responsabile di plesso, e delle <strong>prof.sse Aurelia Priolo, Serena Stilo, Amelia Cugliandro, Antonella Catanzaro e Maria Rosaria Gioffr\u00e8,<\/strong> con presentazione dei vari indirizzi, del corso ESABAC, dei corsi Cambridge e DELF, dei progetti Erasmus ed eTwinning.<\/p>\n<p style=\"text-align: justify\">La scuola si \u00e8 presentata nella sua veste migliore, arricchita di stand informativi e di piccoli buffet gastronomici nelle aree dedicate, con specialit\u00e0 tipiche dei vari Paesi.<strong> Protagonisti delle attivit\u00e0 laboratoriali,<\/strong> artistiche e ludiche sono stati gli studenti dell\u2019Alvaro e dell\u2019ITE, coordinati dai dipartimenti di Lingue e Umanistico del Liceo per i due indirizzi Linguistico e Scienze Umane e dai vari dipartimenti dell\u2019ITE. Oltre alle attivit\u00e0 di spelling contest, la classe 5AS ha realizzato le simulazioni di test psicologici \u201cMaschere della mente\u201d e \u201cIl test del maialino\u201d e l\u2019attivit\u00e0 ludico-espressiva \u201cIl cappello parlante\u201d. la classe 5AL ha messo in scena un estratto dal musical \u201cNotre Dame de Paris\u201d (La cour des miracles), la 3AL ha dato vita al Gartic Phone, alle Crosswords e a \u201cJouons les emotions\u201d, la 4AL a delle Chansons pi\u00f9 una presentazione dell\u2019Esabac, la 2AL all\u2019attivit\u00e0 Dancing, la 1AL e la 1AS al Mad Hatter Tea Party, la 3AL ha messo in scena \u201cLos dias de muertos\u201d da \u201cCoco\u201d, la 2BL ha realizzato il Restaurante \u201cLos falsos amigos\u201d, la 3AQ un Kahoot!, la 5BL \u201cCandlelight in Paris\u201d e \u201cGrinch vs. Positive Pros\u201d.<\/p>\n<p style=\"text-align: justify\"><strong>Il plesso ITE ha curato le attivit\u00e0 accoglienza, storytelling, meeting,<\/strong> \u201cGiochiamo con l&#8217;economia: i LEGO e le strategie di marketing\u201d, a cura delle classi I AFM percorso quadriennale, IIIT, IVT e VT percorso turistico.<\/p>\n<p style=\"text-align: justify\"><strong>L\u2019ottima riuscita dell\u2019Open Day in termini di apprezzamento da parte<\/strong> dei visitatori e di coinvolgimento attivo <strong>degli studenti<\/strong> \u00e8 stata resa possibile dall\u2019impegno attivo di tutti i docenti dei vari indirizzi, dal coordinamento delle responsabili di plesso prof.sse Rosa Maria Stillitano, Enrica Scolaro e Rosanna Condina, e dal supporto costante e attento del Dirigente Scolastico dott. Giuseppe Eburnea e dei collaboratori del DS, prof. Riccardo Rossetti vicario del DS e prof.ssa Ottavia Silvana Morgante.<\/p>\n<p style=\"text-align: justify\">La comunit\u00e0 educante dell\u2019Einaudi-Alvaro \u00e8 una realt\u00e0 sempre pi\u00f9 attiva e dinamica e rappresenta un polo formativo di grande attrattivit\u00e0 per la citt\u00e0 di Palmi.<\/p>\n","protected":false},"excerpt":{"rendered":"<p>L\u201911 dicembre presso la sede di via Campanella a Palmi si \u00e8 svolto l\u2019Open Day del Liceo \u201cCorrado Alvaro\u201d e dell\u2019ITE, indirizzi dell\u2019I.I.S. Einaudi-Alvaro che hanno presentato al pubblico degli&hellip;<\/p>\n","protected":false},"author":12,"featured_media":63563,"comment_status":"closed","ping_status":"open","sticky":false,"template":"","format":"standard","meta":{"_jetpack_memberships_contains_paid_content":false,"footnotes":"","jetpack_publicize_message":"","jetpack_publicize_feature_enabled":true,"jetpack_social_post_already_shared":true,"jetpack_social_options":{"image_generator_settings":{"template":"highway","default_image_id":0,"font":"","enabled":false},"version":2}},"categories":[921,196,140],"tags":[25592,32043,8233,38719],"class_list":["post-63562","post","type-post","status-publish","format-standard","has-post-thumbnail","hentry","category-home","category-news","category-reggio-calabria","tag-giornata-delle-lingue","tag-liceo-alvaro-palmi","tag-open-day","tag-prof-ssa-rosa-maria-stillitano"],"yoast_head":"<!-- This site is optimized with the Yoast SEO plugin v27.2 - https:\/\/yoast.com\/product\/yoast-seo-wordpress\/ -->\n<title>Palmi: successo al Liceo Alvaro per l&#039;Open Day e Giornata delle Lingue - Radio Touring 104<\/title>\n<meta name=\"description\" content=\"L\u201911 dicembre si \u00e8 svolto l\u2019Open Day del Liceo \u201cCorrado Alvaro\u201d che ha presentato l&#039;offerta formativa dell&#039;\u00ecstituto\" \/>\n<meta name=\"robots\" content=\"index, follow, max-snippet:-1, max-image-preview:large, max-video-preview:-1\" \/>\n<link rel=\"canonical\" href=\"https:\/\/progettotouring.it\/radiotouring104\/2024\/12\/17\/palmi-successo-al-liceo-alvaro-per-lopen-day-e-giornata-delle-lingue\/\" \/>\n<meta property=\"og:locale\" content=\"it_IT\" \/>\n<meta property=\"og:type\" content=\"article\" \/>\n<meta property=\"og:title\" content=\"Palmi: successo al Liceo Alvaro per l&#039;Open Day e Giornata delle Lingue - Radio Touring 104\" \/>\n<meta property=\"og:description\" content=\"L\u201911 dicembre si \u00e8 svolto l\u2019Open Day del Liceo \u201cCorrado Alvaro\u201d che ha presentato l&#039;offerta formativa dell&#039;\u00ecstituto\" \/>\n<meta property=\"og:url\" content=\"https:\/\/progettotouring.it\/radiotouring104\/2024\/12\/17\/palmi-successo-al-liceo-alvaro-per-lopen-day-e-giornata-delle-lingue\/\" \/>\n<meta property=\"og:site_name\" content=\"Radio Touring 104\" \/>\n<meta property=\"article:published_time\" content=\"2024-12-17T09:33:25+00:00\" \/>\n<meta property=\"og:image\" content=\"https:\/\/progettotouring.it\/radiotouring104\/wp-content\/uploads\/sites\/6\/2024\/12\/Open-Day-Liceo-Alvaro.jpg\" \/>\n\t<meta property=\"og:image:width\" content=\"2048\" \/>\n\t<meta property=\"og:image:height\" content=\"1536\" \/>\n\t<meta property=\"og:image:type\" content=\"image\/jpeg\" \/>\n<meta name=\"author\" content=\"Sebastiano Plutino\" \/>\n<meta name=\"twitter:card\" content=\"summary_large_image\" \/>\n<meta name=\"twitter:label1\" content=\"Scritto da\" \/>\n\t<meta name=\"twitter:data1\" content=\"Sebastiano Plutino\" \/>\n\t<meta name=\"twitter:label2\" content=\"Tempo di lettura stimato\" \/>\n\t<meta name=\"twitter:data2\" content=\"2 minuti\" \/>\n<script type=\"application\/ld+json\" class=\"yoast-schema-graph\">{\"@context\":\"https:\/\/schema.org\",\"@graph\":[{\"@type\":\"Article\",\"@id\":\"https:\/\/progettotouring.it\/radiotouring104\/2024\/12\/17\/palmi-successo-al-liceo-alvaro-per-lopen-day-e-giornata-delle-lingue\/#article\",\"isPartOf\":{\"@id\":\"https:\/\/progettotouring.it\/radiotouring104\/2024\/12\/17\/palmi-successo-al-liceo-alvaro-per-lopen-day-e-giornata-delle-lingue\/\"},\"author\":{\"name\":\"Sebastiano Plutino\",\"@id\":\"https:\/\/progettotouring.it\/radiotouring104\/#\/schema\/person\/78613917f1851f041f7483f5af1d422e\"},\"headline\":\"Palmi: successo al Liceo Alvaro per l&#8217;Open Day e Giornata delle Lingue\",\"datePublished\":\"2024-12-17T09:33:25+00:00\",\"mainEntityOfPage\":{\"@id\":\"https:\/\/progettotouring.it\/radiotouring104\/2024\/12\/17\/palmi-successo-al-liceo-alvaro-per-lopen-day-e-giornata-delle-lingue\/\"},\"wordCount\":471,\"publisher\":{\"@id\":\"https:\/\/progettotouring.it\/radiotouring104\/#organization\"},\"image\":{\"@id\":\"https:\/\/progettotouring.it\/radiotouring104\/2024\/12\/17\/palmi-successo-al-liceo-alvaro-per-lopen-day-e-giornata-delle-lingue\/#primaryimage\"},\"thumbnailUrl\":\"https:\/\/progettotouring.it\/radiotouring104\/wp-content\/uploads\/sites\/6\/2024\/12\/Open-Day-Liceo-Alvaro.jpg\",\"keywords\":[\"Giornata delle Lingue\",\"Liceo Alvaro Palmi\",\"open day\",\"prof.ssa Rosa Maria Stillitano\"],\"articleSection\":[\"Home\",\"News\",\"Reggio Calabria\"],\"inLanguage\":\"it-IT\"},{\"@type\":\"WebPage\",\"@id\":\"https:\/\/progettotouring.it\/radiotouring104\/2024\/12\/17\/palmi-successo-al-liceo-alvaro-per-lopen-day-e-giornata-delle-lingue\/\",\"url\":\"https:\/\/progettotouring.it\/radiotouring104\/2024\/12\/17\/palmi-successo-al-liceo-alvaro-per-lopen-day-e-giornata-delle-lingue\/\",\"name\":\"Palmi: successo al Liceo Alvaro per l'Open Day e Giornata delle Lingue - Radio Touring 104\",\"isPartOf\":{\"@id\":\"https:\/\/progettotouring.it\/radiotouring104\/#website\"},\"primaryImageOfPage\":{\"@id\":\"https:\/\/progettotouring.it\/radiotouring104\/2024\/12\/17\/palmi-successo-al-liceo-alvaro-per-lopen-day-e-giornata-delle-lingue\/#primaryimage\"},\"image\":{\"@id\":\"https:\/\/progettotouring.it\/radiotouring104\/2024\/12\/17\/palmi-successo-al-liceo-alvaro-per-lopen-day-e-giornata-delle-lingue\/#primaryimage\"},\"thumbnailUrl\":\"https:\/\/progettotouring.it\/radiotouring104\/wp-content\/uploads\/sites\/6\/2024\/12\/Open-Day-Liceo-Alvaro.jpg\",\"datePublished\":\"2024-12-17T09:33:25+00:00\",\"description\":\"L\u201911 dicembre si \u00e8 svolto l\u2019Open Day del Liceo \u201cCorrado Alvaro\u201d che ha presentato l'offerta formativa dell'\u00ecstituto\",\"breadcrumb\":{\"@id\":\"https:\/\/progettotouring.it\/radiotouring104\/2024\/12\/17\/palmi-successo-al-liceo-alvaro-per-lopen-day-e-giornata-delle-lingue\/#breadcrumb\"},\"inLanguage\":\"it-IT\",\"potentialAction\":[{\"@type\":\"ReadAction\",\"target\":[\"https:\/\/progettotouring.it\/radiotouring104\/2024\/12\/17\/palmi-successo-al-liceo-alvaro-per-lopen-day-e-giornata-delle-lingue\/\"]}]},{\"@type\":\"ImageObject\",\"inLanguage\":\"it-IT\",\"@id\":\"https:\/\/progettotouring.it\/radiotouring104\/2024\/12\/17\/palmi-successo-al-liceo-alvaro-per-lopen-day-e-giornata-delle-lingue\/#primaryimage\",\"url\":\"https:\/\/progettotouring.it\/radiotouring104\/wp-content\/uploads\/sites\/6\/2024\/12\/Open-Day-Liceo-Alvaro.jpg\",\"contentUrl\":\"https:\/\/progettotouring.it\/radiotouring104\/wp-content\/uploads\/sites\/6\/2024\/12\/Open-Day-Liceo-Alvaro.jpg\",\"width\":2048,\"height\":1536},{\"@type\":\"BreadcrumbList\",\"@id\":\"https:\/\/progettotouring.it\/radiotouring104\/2024\/12\/17\/palmi-successo-al-liceo-alvaro-per-lopen-day-e-giornata-delle-lingue\/#breadcrumb\",\"itemListElement\":[{\"@type\":\"ListItem\",\"position\":1,\"name\":\"Home\",\"item\":\"https:\/\/progettotouring.it\/radiotouring104\/\"},{\"@type\":\"ListItem\",\"position\":2,\"name\":\"Palmi: successo al Liceo Alvaro per l&#8217;Open Day e Giornata delle Lingue\"}]},{\"@type\":\"WebSite\",\"@id\":\"https:\/\/progettotouring.it\/radiotouring104\/#website\",\"url\":\"https:\/\/progettotouring.it\/radiotouring104\/\",\"name\":\"Radio Touring 104\",\"description\":\"La prima radio Reggina\",\"publisher\":{\"@id\":\"https:\/\/progettotouring.it\/radiotouring104\/#organization\"},\"potentialAction\":[{\"@type\":\"SearchAction\",\"target\":{\"@type\":\"EntryPoint\",\"urlTemplate\":\"https:\/\/progettotouring.it\/radiotouring104\/?s={search_term_string}\"},\"query-input\":{\"@type\":\"PropertyValueSpecification\",\"valueRequired\":true,\"valueName\":\"search_term_string\"}}],\"inLanguage\":\"it-IT\"},{\"@type\":\"Organization\",\"@id\":\"https:\/\/progettotouring.it\/radiotouring104\/#organization\",\"name\":\"Radio Touring 104\",\"url\":\"https:\/\/progettotouring.it\/radiotouring104\/\",\"logo\":{\"@type\":\"ImageObject\",\"inLanguage\":\"it-IT\",\"@id\":\"https:\/\/progettotouring.it\/radiotouring104\/#\/schema\/logo\/image\/\",\"url\":\"https:\/\/progettotouring.it\/radiotouring104\/wp-content\/uploads\/sites\/6\/2022\/02\/cropped-logo-radio-touring-104.png\",\"contentUrl\":\"https:\/\/progettotouring.it\/radiotouring104\/wp-content\/uploads\/sites\/6\/2022\/02\/cropped-logo-radio-touring-104.png\",\"width\":377,\"height\":182,\"caption\":\"Radio Touring 104\"},\"image\":{\"@id\":\"https:\/\/progettotouring.it\/radiotouring104\/#\/schema\/logo\/image\/\"}},{\"@type\":\"Person\",\"@id\":\"https:\/\/progettotouring.it\/radiotouring104\/#\/schema\/person\/78613917f1851f041f7483f5af1d422e\",\"name\":\"Sebastiano Plutino\",\"image\":{\"@type\":\"ImageObject\",\"inLanguage\":\"it-IT\",\"@id\":\"https:\/\/secure.gravatar.com\/avatar\/0546ffaa9b79224faf9f2a156b67a529ae861d3287c66c1d8ccfdf909bcba78d?s=96&d=mm&r=g\",\"url\":\"https:\/\/secure.gravatar.com\/avatar\/0546ffaa9b79224faf9f2a156b67a529ae861d3287c66c1d8ccfdf909bcba78d?s=96&d=mm&r=g\",\"contentUrl\":\"https:\/\/secure.gravatar.com\/avatar\/0546ffaa9b79224faf9f2a156b67a529ae861d3287c66c1d8ccfdf909bcba78d?s=96&d=mm&r=g\",\"caption\":\"Sebastiano Plutino\"},\"url\":\"https:\/\/progettotouring.it\/radiotouring104\/author\/sebastiano\/\"}]}<\/script>\n<!-- \/ Yoast SEO plugin. -->","yoast_head_json":{"title":"Palmi: successo al Liceo Alvaro per l'Open Day e Giornata delle Lingue - Radio Touring 104","description":"L\u201911 dicembre si \u00e8 svolto l\u2019Open Day del Liceo \u201cCorrado Alvaro\u201d che ha presentato l'offerta formativa dell'\u00ecstituto","robots":{"index":"index","follow":"follow","max-snippet":"max-snippet:-1","max-image-preview":"max-image-preview:large","max-video-preview":"max-video-preview:-1"},"canonical":"https:\/\/progettotouring.it\/radiotouring104\/2024\/12\/17\/palmi-successo-al-liceo-alvaro-per-lopen-day-e-giornata-delle-lingue\/","og_locale":"it_IT","og_type":"article","og_title":"Palmi: successo al Liceo Alvaro per l'Open Day e Giornata delle Lingue - Radio Touring 104","og_description":"L\u201911 dicembre si \u00e8 svolto l\u2019Open Day del Liceo \u201cCorrado Alvaro\u201d che ha presentato l'offerta formativa dell'\u00ecstituto","og_url":"https:\/\/progettotouring.it\/radiotouring104\/2024\/12\/17\/palmi-successo-al-liceo-alvaro-per-lopen-day-e-giornata-delle-lingue\/","og_site_name":"Radio Touring 104","article_published_time":"2024-12-17T09:33:25+00:00","og_image":[{"width":2048,"height":1536,"url":"https:\/\/progettotouring.it\/radiotouring104\/wp-content\/uploads\/sites\/6\/2024\/12\/Open-Day-Liceo-Alvaro.jpg","type":"image\/jpeg"}],"author":"Sebastiano Plutino","twitter_card":"summary_large_image","twitter_misc":{"Scritto da":"Sebastiano Plutino","Tempo di lettura stimato":"2 minuti"},"schema":{"@context":"https:\/\/schema.org","@graph":[{"@type":"Article","@id":"https:\/\/progettotouring.it\/radiotouring104\/2024\/12\/17\/palmi-successo-al-liceo-alvaro-per-lopen-day-e-giornata-delle-lingue\/#article","isPartOf":{"@id":"https:\/\/progettotouring.it\/radiotouring104\/2024\/12\/17\/palmi-successo-al-liceo-alvaro-per-lopen-day-e-giornata-delle-lingue\/"},"author":{"name":"Sebastiano Plutino","@id":"https:\/\/progettotouring.it\/radiotouring104\/#\/schema\/person\/78613917f1851f041f7483f5af1d422e"},"headline":"Palmi: successo al Liceo Alvaro per l&#8217;Open Day e Giornata delle Lingue","datePublished":"2024-12-17T09:33:25+00:00","mainEntityOfPage":{"@id":"https:\/\/progettotouring.it\/radiotouring104\/2024\/12\/17\/palmi-successo-al-liceo-alvaro-per-lopen-day-e-giornata-delle-lingue\/"},"wordCount":471,"publisher":{"@id":"https:\/\/progettotouring.it\/radiotouring104\/#organization"},"image":{"@id":"https:\/\/progettotouring.it\/radiotouring104\/2024\/12\/17\/palmi-successo-al-liceo-alvaro-per-lopen-day-e-giornata-delle-lingue\/#primaryimage"},"thumbnailUrl":"https:\/\/progettotouring.it\/radiotouring104\/wp-content\/uploads\/sites\/6\/2024\/12\/Open-Day-Liceo-Alvaro.jpg","keywords":["Giornata delle Lingue","Liceo Alvaro Palmi","open day","prof.ssa Rosa Maria Stillitano"],"articleSection":["Home","News","Reggio Calabria"],"inLanguage":"it-IT"},{"@type":"WebPage","@id":"https:\/\/progettotouring.it\/radiotouring104\/2024\/12\/17\/palmi-successo-al-liceo-alvaro-per-lopen-day-e-giornata-delle-lingue\/","url":"https:\/\/progettotouring.it\/radiotouring104\/2024\/12\/17\/palmi-successo-al-liceo-alvaro-per-lopen-day-e-giornata-delle-lingue\/","name":"Palmi: successo al Liceo Alvaro per l'Open Day e Giornata delle Lingue - Radio Touring 104","isPartOf":{"@id":"https:\/\/progettotouring.it\/radiotouring104\/#website"},"primaryImageOfPage":{"@id":"https:\/\/progettotouring.it\/radiotouring104\/2024\/12\/17\/palmi-successo-al-liceo-alvaro-per-lopen-day-e-giornata-delle-lingue\/#primaryimage"},"image":{"@id":"https:\/\/progettotouring.it\/radiotouring104\/2024\/12\/17\/palmi-successo-al-liceo-alvaro-per-lopen-day-e-giornata-delle-lingue\/#primaryimage"},"thumbnailUrl":"https:\/\/progettotouring.it\/radiotouring104\/wp-content\/uploads\/sites\/6\/2024\/12\/Open-Day-Liceo-Alvaro.jpg","datePublished":"2024-12-17T09:33:25+00:00","description":"L\u201911 dicembre si \u00e8 svolto l\u2019Open Day del Liceo \u201cCorrado Alvaro\u201d che ha presentato l'offerta formativa dell'\u00ecstituto","breadcrumb":{"@id":"https:\/\/progettotouring.it\/radiotouring104\/2024\/12\/17\/palmi-successo-al-liceo-alvaro-per-lopen-day-e-giornata-delle-lingue\/#breadcrumb"},"inLanguage":"it-IT","potentialAction":[{"@type":"ReadAction","target":["https:\/\/progettotouring.it\/radiotouring104\/2024\/12\/17\/palmi-successo-al-liceo-alvaro-per-lopen-day-e-giornata-delle-lingue\/"]}]},{"@type":"ImageObject","inLanguage":"it-IT","@id":"https:\/\/progettotouring.it\/radiotouring104\/2024\/12\/17\/palmi-successo-al-liceo-alvaro-per-lopen-day-e-giornata-delle-lingue\/#primaryimage","url":"https:\/\/progettotouring.it\/radiotouring104\/wp-content\/uploads\/sites\/6\/2024\/12\/Open-Day-Liceo-Alvaro.jpg","contentUrl":"https:\/\/progettotouring.it\/radiotouring104\/wp-content\/uploads\/sites\/6\/2024\/12\/Open-Day-Liceo-Alvaro.jpg","width":2048,"height":1536},{"@type":"BreadcrumbList","@id":"https:\/\/progettotouring.it\/radiotouring104\/2024\/12\/17\/palmi-successo-al-liceo-alvaro-per-lopen-day-e-giornata-delle-lingue\/#breadcrumb","itemListElement":[{"@type":"ListItem","position":1,"name":"Home","item":"https:\/\/progettotouring.it\/radiotouring104\/"},{"@type":"ListItem","position":2,"name":"Palmi: successo al Liceo Alvaro per l&#8217;Open Day e Giornata delle Lingue"}]},{"@type":"WebSite","@id":"https:\/\/progettotouring.it\/radiotouring104\/#website","url":"https:\/\/progettotouring.it\/radiotouring104\/","name":"Radio Touring 104","description":"La prima radio Reggina","publisher":{"@id":"https:\/\/progettotouring.it\/radiotouring104\/#organization"},"potentialAction":[{"@type":"SearchAction","target":{"@type":"EntryPoint","urlTemplate":"https:\/\/progettotouring.it\/radiotouring104\/?s={search_term_string}"},"query-input":{"@type":"PropertyValueSpecification","valueRequired":true,"valueName":"search_term_string"}}],"inLanguage":"it-IT"},{"@type":"Organization","@id":"https:\/\/progettotouring.it\/radiotouring104\/#organization","name":"Radio Touring 104","url":"https:\/\/progettotouring.it\/radiotouring104\/","logo":{"@type":"ImageObject","inLanguage":"it-IT","@id":"https:\/\/progettotouring.it\/radiotouring104\/#\/schema\/logo\/image\/","url":"https:\/\/progettotouring.it\/radiotouring104\/wp-content\/uploads\/sites\/6\/2022\/02\/cropped-logo-radio-touring-104.png","contentUrl":"https:\/\/progettotouring.it\/radiotouring104\/wp-content\/uploads\/sites\/6\/2022\/02\/cropped-logo-radio-touring-104.png","width":377,"height":182,"caption":"Radio Touring 104"},"image":{"@id":"https:\/\/progettotouring.it\/radiotouring104\/#\/schema\/logo\/image\/"}},{"@type":"Person","@id":"https:\/\/progettotouring.it\/radiotouring104\/#\/schema\/person\/78613917f1851f041f7483f5af1d422e","name":"Sebastiano Plutino","image":{"@type":"ImageObject","inLanguage":"it-IT","@id":"https:\/\/secure.gravatar.com\/avatar\/0546ffaa9b79224faf9f2a156b67a529ae861d3287c66c1d8ccfdf909bcba78d?s=96&d=mm&r=g","url":"https:\/\/secure.gravatar.com\/avatar\/0546ffaa9b79224faf9f2a156b67a529ae861d3287c66c1d8ccfdf909bcba78d?s=96&d=mm&r=g","contentUrl":"https:\/\/secure.gravatar.com\/avatar\/0546ffaa9b79224faf9f2a156b67a529ae861d3287c66c1d8ccfdf909bcba78d?s=96&d=mm&r=g","caption":"Sebastiano Plutino"},"url":"https:\/\/progettotouring.it\/radiotouring104\/author\/sebastiano\/"}]}},"jetpack_publicize_connections":[],"jetpack_featured_media_url":"https:\/\/progettotouring.it\/radiotouring104\/wp-content\/uploads\/sites\/6\/2024\/12\/Open-Day-Liceo-Alvaro.jpg","jetpack_sharing_enabled":true,"_links":{"self":[{"href":"https:\/\/progettotouring.it\/radiotouring104\/wp-json\/wp\/v2\/posts\/63562","targetHints":{"allow":["GET"]}}],"collection":[{"href":"https:\/\/progettotouring.it\/radiotouring104\/wp-json\/wp\/v2\/posts"}],"about":[{"href":"https:\/\/progettotouring.it\/radiotouring104\/wp-json\/wp\/v2\/types\/post"}],"author":[{"embeddable":true,"href":"https:\/\/progettotouring.it\/radiotouring104\/wp-json\/wp\/v2\/users\/12"}],"replies":[{"embeddable":true,"href":"https:\/\/progettotouring.it\/radiotouring104\/wp-json\/wp\/v2\/comments?post=63562"}],"version-history":[{"count":1,"href":"https:\/\/progettotouring.it\/radiotouring104\/wp-json\/wp\/v2\/posts\/63562\/revisions"}],"predecessor-version":[{"id":63564,"href":"https:\/\/progettotouring.it\/radiotouring104\/wp-json\/wp\/v2\/posts\/63562\/revisions\/63564"}],"wp:featuredmedia":[{"embeddable":true,"href":"https:\/\/progettotouring.it\/radiotouring104\/wp-json\/wp\/v2\/media\/63563"}],"wp:attachment":[{"href":"https:\/\/progettotouring.it\/radiotouring104\/wp-json\/wp\/v2\/media?parent=63562"}],"wp:term":[{"taxonomy":"category","embeddable":true,"href":"https:\/\/progettotouring.it\/radiotouring104\/wp-json\/wp\/v2\/categories?post=63562"},{"taxonomy":"post_tag","embeddable":true,"href":"https:\/\/progettotouring.it\/radiotouring104\/wp-json\/wp\/v2\/tags?post=63562"}],"curies":[{"name":"wp","href":"https:\/\/api.w.org\/{rel}","templated":true}]}}