{"id":63577,"date":"2024-12-17T11:32:33","date_gmt":"2024-12-17T10:32:33","guid":{"rendered":"https:\/\/progettotouring.it\/radiotouring104\/?p=63577"},"modified":"2024-12-17T11:32:33","modified_gmt":"2024-12-17T10:32:33","slug":"riace-la-segretaria-nazionale-spi-cgil-in-visita-al-villaggio-globale","status":"publish","type":"post","link":"https:\/\/progettotouring.it\/radiotouring104\/2024\/12\/17\/riace-la-segretaria-nazionale-spi-cgil-in-visita-al-villaggio-globale\/","title":{"rendered":"Riace: la Segretaria Nazionale Spi Cgil in visita al Villaggio Globale"},"content":{"rendered":"<p class=\"xmprfx_MsoNormal\" style=\"text-align: justify\"><span style=\"font-size: large\"><strong>La Segretaria Generale Spi Cgil Nazionale Tania Scacchetti ha incontrato a Riace il sindaco ed europarlamentare Mimmo Lucano<\/strong> nell\u2019ambito dell\u2019iniziativa natalizia dedicata dalla Cgil Area Metropolitana di Reggio Calabria e dallo Spi Cgil Area Metropolitana <strong>ai bambini stranieri ospiti del Villaggio Globale<\/strong><\/span><\/p>\n<p class=\"xmprfx_MsoNormal\" style=\"text-align: justify\"><span style=\"font-size: large\"><em>\u201cRiace \u2013<\/em> <strong>ha affermato la Segretaria<\/strong> &#8211; <em>\u00e8 un\u2019esperienza che dimostra come dall\u2019integrazione e dalla valorizzazione delle differenze passi anche il futuro del nostro stesso Paese e la possibilit\u00e0 di far vivere borghi che altrimenti rischierebbero di morire. In una societ\u00e0 che sta invecchiando molto velocemente come quella italiana questa \u00e8 una delle risposte pi\u00f9 forti che si possono dare\u201d.<\/em><\/span><\/p>\n<p class=\"xmprfx_MsoNormal\" style=\"text-align: justify\"><span style=\"font-size: large\"><em>\u201cRiace, e per mille ragioni anche Mimmo Lucano, sono un simbolo<\/em> \u2013<strong> ha aggiunto<\/strong> -. <em>L\u2019auspicio \u00e8 che questa esperienza possa ripartire anche con modalit\u00e0 diverse. In Calabria sono diversi gli esempi\u00a0 di questo tipo che meritano attenzione a livello nazionale\u201d.<\/em><\/span><\/p>\n<p class=\"xmprfx_MsoNormal\" style=\"text-align: justify\"><span style=\"font-size: large\"><em>\u201cCome Cgil e come Spi siamo stati qui sin dall\u2019inizio<\/em> \u2013 <strong>ha aggiunto il Segretario Generale Spi Cgil Calabria Carmelo Gull\u00ec &#8211;<\/strong> <em>e continuiamo a dare la nostra vicinanza e il nostro sostegno. Crediamo che ci sia bisogno di un ritorno di attenzione su Riace e che possano ripartire i progetti che c\u2019erano prima ricordando che ogni persona \u00e8 uguale alle altre e ognuno di noi \u00e8 diverso dagli altri\u201d.<\/em><\/span><\/p>\n","protected":false},"excerpt":{"rendered":"<p>La Segretaria Generale Spi Cgil Nazionale Tania Scacchetti ha incontrato a Riace il sindaco ed europarlamentare Mimmo Lucano nell\u2019ambito dell\u2019iniziativa natalizia dedicata dalla Cgil Area Metropolitana di Reggio Calabria e&hellip;<\/p>\n","protected":false},"author":12,"featured_media":63578,"comment_status":"closed","ping_status":"open","sticky":false,"template":"","format":"standard","meta":{"_jetpack_memberships_contains_paid_content":false,"footnotes":"","jetpack_publicize_message":"","jetpack_publicize_feature_enabled":true,"jetpack_social_post_already_shared":true,"jetpack_social_options":{"image_generator_settings":{"template":"highway","default_image_id":0,"font":"","enabled":false},"version":2}},"categories":[921,196,140],"tags":[13200,3821,23433],"class_list":["post-63577","post","type-post","status-publish","format-standard","has-post-thumbnail","hentry","category-home","category-news","category-reggio-calabria","tag-mimmo-lucano","tag-riace","tag-villaggio-globale-di-riace"],"yoast_head":"<!-- This site is optimized with the Yoast SEO plugin v27.2 - https:\/\/yoast.com\/product\/yoast-seo-wordpress\/ -->\n<title>Riace: Spi Cgil in visita al Villaggio Globale<\/title>\n<meta name=\"description\" content=\"Spi Cigl ha incontrato l&#039;europarlamentare Mimmo Lucano ai bambini stranieri ospiti del Villaggio Globale\" \/>\n<meta name=\"robots\" content=\"index, follow, max-snippet:-1, max-image-preview:large, max-video-preview:-1\" \/>\n<link rel=\"canonical\" href=\"https:\/\/progettotouring.it\/radiotouring104\/2024\/12\/17\/riace-la-segretaria-nazionale-spi-cgil-in-visita-al-villaggio-globale\/\" \/>\n<meta property=\"og:locale\" content=\"it_IT\" \/>\n<meta property=\"og:type\" content=\"article\" \/>\n<meta property=\"og:title\" content=\"Riace: Spi Cgil in visita al Villaggio Globale\" \/>\n<meta property=\"og:description\" content=\"Spi Cigl ha incontrato l&#039;europarlamentare Mimmo Lucano ai bambini stranieri ospiti del Villaggio Globale\" \/>\n<meta property=\"og:url\" content=\"https:\/\/progettotouring.it\/radiotouring104\/2024\/12\/17\/riace-la-segretaria-nazionale-spi-cgil-in-visita-al-villaggio-globale\/\" \/>\n<meta property=\"og:site_name\" content=\"Radio Touring 104\" \/>\n<meta property=\"article:published_time\" content=\"2024-12-17T10:32:33+00:00\" \/>\n<meta property=\"og:image\" content=\"https:\/\/progettotouring.it\/radiotouring104\/wp-content\/uploads\/sites\/6\/2024\/12\/Spi-Cigl-Lucano-Riace-scaled.jpg\" \/>\n\t<meta property=\"og:image:width\" content=\"2560\" \/>\n\t<meta property=\"og:image:height\" content=\"903\" \/>\n\t<meta property=\"og:image:type\" content=\"image\/jpeg\" \/>\n<meta name=\"author\" content=\"Sebastiano Plutino\" \/>\n<meta name=\"twitter:card\" content=\"summary_large_image\" \/>\n<meta name=\"twitter:label1\" content=\"Scritto da\" \/>\n\t<meta name=\"twitter:data1\" content=\"Sebastiano Plutino\" \/>\n\t<meta name=\"twitter:label2\" content=\"Tempo di lettura stimato\" \/>\n\t<meta name=\"twitter:data2\" content=\"1 minuto\" \/>\n<script type=\"application\/ld+json\" class=\"yoast-schema-graph\">{\"@context\":\"https:\/\/schema.org\",\"@graph\":[{\"@type\":\"Article\",\"@id\":\"https:\/\/progettotouring.it\/radiotouring104\/2024\/12\/17\/riace-la-segretaria-nazionale-spi-cgil-in-visita-al-villaggio-globale\/#article\",\"isPartOf\":{\"@id\":\"https:\/\/progettotouring.it\/radiotouring104\/2024\/12\/17\/riace-la-segretaria-nazionale-spi-cgil-in-visita-al-villaggio-globale\/\"},\"author\":{\"name\":\"Sebastiano Plutino\",\"@id\":\"https:\/\/progettotouring.it\/radiotouring104\/#\/schema\/person\/78613917f1851f041f7483f5af1d422e\"},\"headline\":\"Riace: la Segretaria Nazionale Spi Cgil in visita al Villaggio Globale\",\"datePublished\":\"2024-12-17T10:32:33+00:00\",\"mainEntityOfPage\":{\"@id\":\"https:\/\/progettotouring.it\/radiotouring104\/2024\/12\/17\/riace-la-segretaria-nazionale-spi-cgil-in-visita-al-villaggio-globale\/\"},\"wordCount\":223,\"publisher\":{\"@id\":\"https:\/\/progettotouring.it\/radiotouring104\/#organization\"},\"image\":{\"@id\":\"https:\/\/progettotouring.it\/radiotouring104\/2024\/12\/17\/riace-la-segretaria-nazionale-spi-cgil-in-visita-al-villaggio-globale\/#primaryimage\"},\"thumbnailUrl\":\"https:\/\/progettotouring.it\/radiotouring104\/wp-content\/uploads\/sites\/6\/2024\/12\/Spi-Cigl-Lucano-Riace-scaled.jpg\",\"keywords\":[\"Mimmo Lucano\",\"Riace\",\"Villaggio globale di Riace\"],\"articleSection\":[\"Home\",\"News\",\"Reggio Calabria\"],\"inLanguage\":\"it-IT\"},{\"@type\":\"WebPage\",\"@id\":\"https:\/\/progettotouring.it\/radiotouring104\/2024\/12\/17\/riace-la-segretaria-nazionale-spi-cgil-in-visita-al-villaggio-globale\/\",\"url\":\"https:\/\/progettotouring.it\/radiotouring104\/2024\/12\/17\/riace-la-segretaria-nazionale-spi-cgil-in-visita-al-villaggio-globale\/\",\"name\":\"Riace: Spi Cgil in visita al Villaggio Globale\",\"isPartOf\":{\"@id\":\"https:\/\/progettotouring.it\/radiotouring104\/#website\"},\"primaryImageOfPage\":{\"@id\":\"https:\/\/progettotouring.it\/radiotouring104\/2024\/12\/17\/riace-la-segretaria-nazionale-spi-cgil-in-visita-al-villaggio-globale\/#primaryimage\"},\"image\":{\"@id\":\"https:\/\/progettotouring.it\/radiotouring104\/2024\/12\/17\/riace-la-segretaria-nazionale-spi-cgil-in-visita-al-villaggio-globale\/#primaryimage\"},\"thumbnailUrl\":\"https:\/\/progettotouring.it\/radiotouring104\/wp-content\/uploads\/sites\/6\/2024\/12\/Spi-Cigl-Lucano-Riace-scaled.jpg\",\"datePublished\":\"2024-12-17T10:32:33+00:00\",\"description\":\"Spi Cigl ha incontrato l'europarlamentare Mimmo Lucano ai bambini stranieri ospiti del Villaggio Globale\",\"breadcrumb\":{\"@id\":\"https:\/\/progettotouring.it\/radiotouring104\/2024\/12\/17\/riace-la-segretaria-nazionale-spi-cgil-in-visita-al-villaggio-globale\/#breadcrumb\"},\"inLanguage\":\"it-IT\",\"potentialAction\":[{\"@type\":\"ReadAction\",\"target\":[\"https:\/\/progettotouring.it\/radiotouring104\/2024\/12\/17\/riace-la-segretaria-nazionale-spi-cgil-in-visita-al-villaggio-globale\/\"]}]},{\"@type\":\"ImageObject\",\"inLanguage\":\"it-IT\",\"@id\":\"https:\/\/progettotouring.it\/radiotouring104\/2024\/12\/17\/riace-la-segretaria-nazionale-spi-cgil-in-visita-al-villaggio-globale\/#primaryimage\",\"url\":\"https:\/\/progettotouring.it\/radiotouring104\/wp-content\/uploads\/sites\/6\/2024\/12\/Spi-Cigl-Lucano-Riace-scaled.jpg\",\"contentUrl\":\"https:\/\/progettotouring.it\/radiotouring104\/wp-content\/uploads\/sites\/6\/2024\/12\/Spi-Cigl-Lucano-Riace-scaled.jpg\",\"width\":2560,\"height\":903},{\"@type\":\"BreadcrumbList\",\"@id\":\"https:\/\/progettotouring.it\/radiotouring104\/2024\/12\/17\/riace-la-segretaria-nazionale-spi-cgil-in-visita-al-villaggio-globale\/#breadcrumb\",\"itemListElement\":[{\"@type\":\"ListItem\",\"position\":1,\"name\":\"Home\",\"item\":\"https:\/\/progettotouring.it\/radiotouring104\/\"},{\"@type\":\"ListItem\",\"position\":2,\"name\":\"Riace: la Segretaria Nazionale Spi Cgil in visita al Villaggio Globale\"}]},{\"@type\":\"WebSite\",\"@id\":\"https:\/\/progettotouring.it\/radiotouring104\/#website\",\"url\":\"https:\/\/progettotouring.it\/radiotouring104\/\",\"name\":\"Radio Touring 104\",\"description\":\"La prima radio Reggina\",\"publisher\":{\"@id\":\"https:\/\/progettotouring.it\/radiotouring104\/#organization\"},\"potentialAction\":[{\"@type\":\"SearchAction\",\"target\":{\"@type\":\"EntryPoint\",\"urlTemplate\":\"https:\/\/progettotouring.it\/radiotouring104\/?s={search_term_string}\"},\"query-input\":{\"@type\":\"PropertyValueSpecification\",\"valueRequired\":true,\"valueName\":\"search_term_string\"}}],\"inLanguage\":\"it-IT\"},{\"@type\":\"Organization\",\"@id\":\"https:\/\/progettotouring.it\/radiotouring104\/#organization\",\"name\":\"Radio Touring 104\",\"url\":\"https:\/\/progettotouring.it\/radiotouring104\/\",\"logo\":{\"@type\":\"ImageObject\",\"inLanguage\":\"it-IT\",\"@id\":\"https:\/\/progettotouring.it\/radiotouring104\/#\/schema\/logo\/image\/\",\"url\":\"https:\/\/progettotouring.it\/radiotouring104\/wp-content\/uploads\/sites\/6\/2022\/02\/cropped-logo-radio-touring-104.png\",\"contentUrl\":\"https:\/\/progettotouring.it\/radiotouring104\/wp-content\/uploads\/sites\/6\/2022\/02\/cropped-logo-radio-touring-104.png\",\"width\":377,\"height\":182,\"caption\":\"Radio Touring 104\"},\"image\":{\"@id\":\"https:\/\/progettotouring.it\/radiotouring104\/#\/schema\/logo\/image\/\"}},{\"@type\":\"Person\",\"@id\":\"https:\/\/progettotouring.it\/radiotouring104\/#\/schema\/person\/78613917f1851f041f7483f5af1d422e\",\"name\":\"Sebastiano Plutino\",\"image\":{\"@type\":\"ImageObject\",\"inLanguage\":\"it-IT\",\"@id\":\"https:\/\/secure.gravatar.com\/avatar\/0546ffaa9b79224faf9f2a156b67a529ae861d3287c66c1d8ccfdf909bcba78d?s=96&d=mm&r=g\",\"url\":\"https:\/\/secure.gravatar.com\/avatar\/0546ffaa9b79224faf9f2a156b67a529ae861d3287c66c1d8ccfdf909bcba78d?s=96&d=mm&r=g\",\"contentUrl\":\"https:\/\/secure.gravatar.com\/avatar\/0546ffaa9b79224faf9f2a156b67a529ae861d3287c66c1d8ccfdf909bcba78d?s=96&d=mm&r=g\",\"caption\":\"Sebastiano Plutino\"},\"url\":\"https:\/\/progettotouring.it\/radiotouring104\/author\/sebastiano\/\"}]}<\/script>\n<!-- \/ Yoast SEO plugin. -->","yoast_head_json":{"title":"Riace: Spi Cgil in visita al Villaggio Globale","description":"Spi Cigl ha incontrato l'europarlamentare Mimmo Lucano ai bambini stranieri ospiti del Villaggio Globale","robots":{"index":"index","follow":"follow","max-snippet":"max-snippet:-1","max-image-preview":"max-image-preview:large","max-video-preview":"max-video-preview:-1"},"canonical":"https:\/\/progettotouring.it\/radiotouring104\/2024\/12\/17\/riace-la-segretaria-nazionale-spi-cgil-in-visita-al-villaggio-globale\/","og_locale":"it_IT","og_type":"article","og_title":"Riace: Spi Cgil in visita al Villaggio Globale","og_description":"Spi Cigl ha incontrato l'europarlamentare Mimmo Lucano ai bambini stranieri ospiti del Villaggio Globale","og_url":"https:\/\/progettotouring.it\/radiotouring104\/2024\/12\/17\/riace-la-segretaria-nazionale-spi-cgil-in-visita-al-villaggio-globale\/","og_site_name":"Radio Touring 104","article_published_time":"2024-12-17T10:32:33+00:00","og_image":[{"width":2560,"height":903,"url":"https:\/\/progettotouring.it\/radiotouring104\/wp-content\/uploads\/sites\/6\/2024\/12\/Spi-Cigl-Lucano-Riace-scaled.jpg","type":"image\/jpeg"}],"author":"Sebastiano Plutino","twitter_card":"summary_large_image","twitter_misc":{"Scritto da":"Sebastiano Plutino","Tempo di lettura stimato":"1 minuto"},"schema":{"@context":"https:\/\/schema.org","@graph":[{"@type":"Article","@id":"https:\/\/progettotouring.it\/radiotouring104\/2024\/12\/17\/riace-la-segretaria-nazionale-spi-cgil-in-visita-al-villaggio-globale\/#article","isPartOf":{"@id":"https:\/\/progettotouring.it\/radiotouring104\/2024\/12\/17\/riace-la-segretaria-nazionale-spi-cgil-in-visita-al-villaggio-globale\/"},"author":{"name":"Sebastiano Plutino","@id":"https:\/\/progettotouring.it\/radiotouring104\/#\/schema\/person\/78613917f1851f041f7483f5af1d422e"},"headline":"Riace: la Segretaria Nazionale Spi Cgil in visita al Villaggio Globale","datePublished":"2024-12-17T10:32:33+00:00","mainEntityOfPage":{"@id":"https:\/\/progettotouring.it\/radiotouring104\/2024\/12\/17\/riace-la-segretaria-nazionale-spi-cgil-in-visita-al-villaggio-globale\/"},"wordCount":223,"publisher":{"@id":"https:\/\/progettotouring.it\/radiotouring104\/#organization"},"image":{"@id":"https:\/\/progettotouring.it\/radiotouring104\/2024\/12\/17\/riace-la-segretaria-nazionale-spi-cgil-in-visita-al-villaggio-globale\/#primaryimage"},"thumbnailUrl":"https:\/\/progettotouring.it\/radiotouring104\/wp-content\/uploads\/sites\/6\/2024\/12\/Spi-Cigl-Lucano-Riace-scaled.jpg","keywords":["Mimmo Lucano","Riace","Villaggio globale di Riace"],"articleSection":["Home","News","Reggio Calabria"],"inLanguage":"it-IT"},{"@type":"WebPage","@id":"https:\/\/progettotouring.it\/radiotouring104\/2024\/12\/17\/riace-la-segretaria-nazionale-spi-cgil-in-visita-al-villaggio-globale\/","url":"https:\/\/progettotouring.it\/radiotouring104\/2024\/12\/17\/riace-la-segretaria-nazionale-spi-cgil-in-visita-al-villaggio-globale\/","name":"Riace: Spi Cgil in visita al Villaggio Globale","isPartOf":{"@id":"https:\/\/progettotouring.it\/radiotouring104\/#website"},"primaryImageOfPage":{"@id":"https:\/\/progettotouring.it\/radiotouring104\/2024\/12\/17\/riace-la-segretaria-nazionale-spi-cgil-in-visita-al-villaggio-globale\/#primaryimage"},"image":{"@id":"https:\/\/progettotouring.it\/radiotouring104\/2024\/12\/17\/riace-la-segretaria-nazionale-spi-cgil-in-visita-al-villaggio-globale\/#primaryimage"},"thumbnailUrl":"https:\/\/progettotouring.it\/radiotouring104\/wp-content\/uploads\/sites\/6\/2024\/12\/Spi-Cigl-Lucano-Riace-scaled.jpg","datePublished":"2024-12-17T10:32:33+00:00","description":"Spi Cigl ha incontrato l'europarlamentare Mimmo Lucano ai bambini stranieri ospiti del Villaggio Globale","breadcrumb":{"@id":"https:\/\/progettotouring.it\/radiotouring104\/2024\/12\/17\/riace-la-segretaria-nazionale-spi-cgil-in-visita-al-villaggio-globale\/#breadcrumb"},"inLanguage":"it-IT","potentialAction":[{"@type":"ReadAction","target":["https:\/\/progettotouring.it\/radiotouring104\/2024\/12\/17\/riace-la-segretaria-nazionale-spi-cgil-in-visita-al-villaggio-globale\/"]}]},{"@type":"ImageObject","inLanguage":"it-IT","@id":"https:\/\/progettotouring.it\/radiotouring104\/2024\/12\/17\/riace-la-segretaria-nazionale-spi-cgil-in-visita-al-villaggio-globale\/#primaryimage","url":"https:\/\/progettotouring.it\/radiotouring104\/wp-content\/uploads\/sites\/6\/2024\/12\/Spi-Cigl-Lucano-Riace-scaled.jpg","contentUrl":"https:\/\/progettotouring.it\/radiotouring104\/wp-content\/uploads\/sites\/6\/2024\/12\/Spi-Cigl-Lucano-Riace-scaled.jpg","width":2560,"height":903},{"@type":"BreadcrumbList","@id":"https:\/\/progettotouring.it\/radiotouring104\/2024\/12\/17\/riace-la-segretaria-nazionale-spi-cgil-in-visita-al-villaggio-globale\/#breadcrumb","itemListElement":[{"@type":"ListItem","position":1,"name":"Home","item":"https:\/\/progettotouring.it\/radiotouring104\/"},{"@type":"ListItem","position":2,"name":"Riace: la Segretaria Nazionale Spi Cgil in visita al Villaggio Globale"}]},{"@type":"WebSite","@id":"https:\/\/progettotouring.it\/radiotouring104\/#website","url":"https:\/\/progettotouring.it\/radiotouring104\/","name":"Radio Touring 104","description":"La prima radio Reggina","publisher":{"@id":"https:\/\/progettotouring.it\/radiotouring104\/#organization"},"potentialAction":[{"@type":"SearchAction","target":{"@type":"EntryPoint","urlTemplate":"https:\/\/progettotouring.it\/radiotouring104\/?s={search_term_string}"},"query-input":{"@type":"PropertyValueSpecification","valueRequired":true,"valueName":"search_term_string"}}],"inLanguage":"it-IT"},{"@type":"Organization","@id":"https:\/\/progettotouring.it\/radiotouring104\/#organization","name":"Radio Touring 104","url":"https:\/\/progettotouring.it\/radiotouring104\/","logo":{"@type":"ImageObject","inLanguage":"it-IT","@id":"https:\/\/progettotouring.it\/radiotouring104\/#\/schema\/logo\/image\/","url":"https:\/\/progettotouring.it\/radiotouring104\/wp-content\/uploads\/sites\/6\/2022\/02\/cropped-logo-radio-touring-104.png","contentUrl":"https:\/\/progettotouring.it\/radiotouring104\/wp-content\/uploads\/sites\/6\/2022\/02\/cropped-logo-radio-touring-104.png","width":377,"height":182,"caption":"Radio Touring 104"},"image":{"@id":"https:\/\/progettotouring.it\/radiotouring104\/#\/schema\/logo\/image\/"}},{"@type":"Person","@id":"https:\/\/progettotouring.it\/radiotouring104\/#\/schema\/person\/78613917f1851f041f7483f5af1d422e","name":"Sebastiano Plutino","image":{"@type":"ImageObject","inLanguage":"it-IT","@id":"https:\/\/secure.gravatar.com\/avatar\/0546ffaa9b79224faf9f2a156b67a529ae861d3287c66c1d8ccfdf909bcba78d?s=96&d=mm&r=g","url":"https:\/\/secure.gravatar.com\/avatar\/0546ffaa9b79224faf9f2a156b67a529ae861d3287c66c1d8ccfdf909bcba78d?s=96&d=mm&r=g","contentUrl":"https:\/\/secure.gravatar.com\/avatar\/0546ffaa9b79224faf9f2a156b67a529ae861d3287c66c1d8ccfdf909bcba78d?s=96&d=mm&r=g","caption":"Sebastiano Plutino"},"url":"https:\/\/progettotouring.it\/radiotouring104\/author\/sebastiano\/"}]}},"jetpack_publicize_connections":[],"jetpack_featured_media_url":"https:\/\/progettotouring.it\/radiotouring104\/wp-content\/uploads\/sites\/6\/2024\/12\/Spi-Cigl-Lucano-Riace-scaled.jpg","jetpack_sharing_enabled":true,"_links":{"self":[{"href":"https:\/\/progettotouring.it\/radiotouring104\/wp-json\/wp\/v2\/posts\/63577","targetHints":{"allow":["GET"]}}],"collection":[{"href":"https:\/\/progettotouring.it\/radiotouring104\/wp-json\/wp\/v2\/posts"}],"about":[{"href":"https:\/\/progettotouring.it\/radiotouring104\/wp-json\/wp\/v2\/types\/post"}],"author":[{"embeddable":true,"href":"https:\/\/progettotouring.it\/radiotouring104\/wp-json\/wp\/v2\/users\/12"}],"replies":[{"embeddable":true,"href":"https:\/\/progettotouring.it\/radiotouring104\/wp-json\/wp\/v2\/comments?post=63577"}],"version-history":[{"count":1,"href":"https:\/\/progettotouring.it\/radiotouring104\/wp-json\/wp\/v2\/posts\/63577\/revisions"}],"predecessor-version":[{"id":63579,"href":"https:\/\/progettotouring.it\/radiotouring104\/wp-json\/wp\/v2\/posts\/63577\/revisions\/63579"}],"wp:featuredmedia":[{"embeddable":true,"href":"https:\/\/progettotouring.it\/radiotouring104\/wp-json\/wp\/v2\/media\/63578"}],"wp:attachment":[{"href":"https:\/\/progettotouring.it\/radiotouring104\/wp-json\/wp\/v2\/media?parent=63577"}],"wp:term":[{"taxonomy":"category","embeddable":true,"href":"https:\/\/progettotouring.it\/radiotouring104\/wp-json\/wp\/v2\/categories?post=63577"},{"taxonomy":"post_tag","embeddable":true,"href":"https:\/\/progettotouring.it\/radiotouring104\/wp-json\/wp\/v2\/tags?post=63577"}],"curies":[{"name":"wp","href":"https:\/\/api.w.org\/{rel}","templated":true}]}}