{"id":63580,"date":"2024-12-17T11:40:50","date_gmt":"2024-12-17T10:40:50","guid":{"rendered":"https:\/\/progettotouring.it\/radiotouring104\/?p=63580"},"modified":"2024-12-17T11:40:50","modified_gmt":"2024-12-17T10:40:50","slug":"reggio-ultima-sulla-qualita-di-vita-il-consigliere-pazzano-chiede-confronto-sui-problemi","status":"publish","type":"post","link":"https:\/\/progettotouring.it\/radiotouring104\/2024\/12\/17\/reggio-ultima-sulla-qualita-di-vita-il-consigliere-pazzano-chiede-confronto-sui-problemi\/","title":{"rendered":"Reggio ultima sulla Qualit\u00e0 di Vita: il Consigliere Pazzano chiede confronto sui problemi"},"content":{"rendered":"<p style=\"text-align: justify\">La notizia \u00e8 che <strong>siamo ultimi nella classifica stilata da Il sole 24 ore. Ma \u00e8 una notizia?<\/strong> La classifica sulla qualit\u00e0 della vita ci vede navigare nelle ultime posizioni dal 1990, da quando \u00e8 stilata. Siamo gi\u00e0 stati ultimi, penultimi e la nostra migliore posizione \u00e8 tra gli ottantesimi in classifica proprio agli inizi degli anni &#8217;90 dello scorso secolo (non un grande risultato, diciamocelo) poi sempre gi\u00f9.<\/p>\n<p style=\"text-align: justify\"><strong>Gli atteggiamenti con cui vengono accolti questi risultati da 34 anni sono sempre gli stessi,<\/strong> e appartengono alla natura umana, per conseguenza alla classe dirigente: attaccare l&#8217;amministrazione in corso e dire che \u201csono incapaci, quando arriveremo noi risolleveremo la citt\u00e0\u201d oppure dire \u201cnoi siamo bravi, ma ci dipingono male\u201d e via con l&#8217;elenco delle belle cose fatte. Uno potrebbe prendere le note stampa dal 1990 in poi e ne verrebbe fuori un collage di reazioni fotocopia. Certo, poi anche molto prima dei social, ci sono le reazioni di orgoglio: \u201cma quali ultimi, al Nord non sanno neanche cos&#8217;\u00e8 la qualit\u00e0 della vita!\u201d; \u201cma davvero qualcuno pensa che a Milano si viva meglio?\u201d; foto del mare a novembre: \u201cnovantesimo giorno d&#8217;estate\u201d, e via cos\u00ec.<\/p>\n<p style=\"text-align: justify\">Possiamo, in realt\u00e0, tornare indietro ancora di svariati decenni, quando ancora le classifiche non esistevano e viene in mente Pasolini, quando, <strong>a proposito di un suo resoconto sulla Calabria per cui fu accusato di lesa maest\u00e0, rispose<\/strong>:<em> \u201cQuesti sono dati della vostra realt\u00e0: se poi volete fare come gli struzzi, affar vostro. Ma io ve ne sconsiglio. Non \u00e8 con la retorica che si progredisce\u201d. E ancora: \u201cIo non vi consiglierei di cercare consolazioni in un passato idealizzato e definitivamente remoto: l\u2019unico modo per consolarsi \u00e8 lottare, e per lottare bisogna guardare in faccia la realt\u00e0\u201d.<\/em><\/p>\n<p style=\"text-align: justify\">Verr\u00e0 il giorno in cui potremo venire fuori dalle<strong> secche della retorica di chi accusa e dalla retorica di chi si difende?<\/strong> Bisognerebbe anche evitare di prendere queste classifiche con eccessiva sportivit\u00e0, come se non contassero nulla. Vale la pena di scomodare la morale di Esopo con la volpe l&#8217;uva?<em> \u201cSpesso, le persone denigrano ci\u00f2 che non riescono ad avere\u201d.<\/em><\/p>\n<p style=\"text-align: justify\">\u00c8 strumentale trasformare l&#8217;ultima posizione in classifica in un atto d&#8217;accusa a questa amministrazione Falcomat\u00e0; sarebbe per\u00f2 segno di responsabilit\u00e0 e maturit\u00e0 politica cogliere che il problema che emerge dalla classifica \u00e8 reale, attuale. La attuale classe dirigente ha il dovere di farlo.<\/p>\n<p style=\"text-align: justify\"><strong>Insomma, se siamo ultimi oggi, ieri non ridevamo. Ci basta questo?<\/strong> Ma davvero dobbiamo continuare, come in un noioso pendolo, ad oscillare tra chi amministrava prima e chi amministra oggi? Ma davvero non possiamo noi, oggi, lasciare perdere il dito e guardare la luna? Lasciare perdere la posizione di classifica e guardare, scorporare, studiare i dettagli dei parametri? Che sono molto molto interessanti. E ci dicono molto rispetto agli scarsi livelli: degli strumenti di partecipazione; dell&#8217;organizzazione dei servizi; della gestione dei beni comuni; dell&#8217;accesso della cittadinanza all&#8217;amministrazione della cosa pubblica; dei determinanti sociali della salute; del rapporto tra livello di istruzione, reddito, occupazione. Pi\u00f9 completamente ci disegnano i fattori principali delle diseguaglianze sociali.<\/p>\n<p style=\"text-align: justify\"><strong>Ecco: auspicherei una classe dirigente che<\/strong>, invece che buttare la palla in tribuna,<strong> si sedesse a studiare i dati, ad approfondirli e ad ammettere che il risultato porta:<\/strong> alla desertificazione giovanile; all&#8217;emigrazione sanitaria; alla inesorabile disgregazione del tessuto sociale, culturale, economico; a un sempre maggiore distacco dalla cosa pubblica.<\/p>\n<p style=\"text-align: justify\">Auspicherei che ci\u00f2 avvenisse nell&#8217;alveo di quel campo progressista che deve avere la lungimiranza di leggere le diseguaglianze sociali, evidenziare senza paura le mancanze di questa macchina amministrativa, ribadire il dovere della trasparenza e dell&#8217;efficienza, cogliere le decine e decine di criticit\u00e0 attuali e programmare il futuro. Per fare questo \u00e8 necessario liberarsi dalle logiche di cortile e dai bisogni stringenti dei propri destini elettorali. Bisogna confrontarsi sui temi.<\/p>\n<p style=\"text-align: justify\">Insomma, la critica che va mossa a questa amministrazione \u00e8, semmai, quella di non volere affrontare la questione. Nel tempo che resta \u00e8 un dovere studiare, attivare strumenti di comprensione, trasformare i dati che ci dicono l&#8217;emergenza in un radicale e positivo cambiamento della macchina amministrativa.<\/p>\n<p style=\"text-align: justify\">Viceversa, si pu\u00f2 continuare a metterla in burla e viene in mente la lezione illuminante e tagliente di Otello Profazio: \u201cQua si campa d\u2019aria! Si campa d\u2019aria\u2026no? Ma insomma, come ve lo devo dire? Si campa d\u2019aria\u2026no? Lasciate perdere\u2026 non vi applicate\u2026<strong>non vi preoccupate! Qua si campa d\u2019aria!! Non lo sapevati??!!\u201d.<\/strong><\/p>\n<p>&nbsp;<\/p>\n","protected":false},"excerpt":{"rendered":"<p>La notizia \u00e8 che siamo ultimi nella classifica stilata da Il sole 24 ore. Ma \u00e8 una notizia? La classifica sulla qualit\u00e0 della vita ci vede navigare nelle ultime posizioni&hellip;<\/p>\n","protected":false},"author":12,"featured_media":14655,"comment_status":"closed","ping_status":"open","sticky":false,"template":"","format":"standard","meta":{"_jetpack_memberships_contains_paid_content":false,"footnotes":"","jetpack_publicize_message":"","jetpack_publicize_feature_enabled":true,"jetpack_social_post_already_shared":true,"jetpack_social_options":{"image_generator_settings":{"template":"highway","default_image_id":0,"font":"","enabled":false},"version":2}},"categories":[921,196,140],"tags":[38726,1035,1037,23540],"class_list":["post-63580","post","type-post","status-publish","format-standard","has-post-thumbnail","hentry","category-home","category-news","category-reggio-calabria","tag-classifica-qualita-di-vita","tag-la-strada","tag-saverio-pazzano","tag-sole-24-ore"],"yoast_head":"<!-- This site is optimized with the Yoast SEO plugin v27.2 - https:\/\/yoast.com\/product\/yoast-seo-wordpress\/ -->\n<title>Reggio ultima sulla Qualit\u00e0 di Vita: il Consigliere Pazzano chiede confronto sui problemi - Radio Touring 104<\/title>\n<meta name=\"description\" content=\"Il leader del Movimento &quot;La Strada&quot;, Saverio Pazzano, commenta la classifica de Il sole 24 ore che relega Reggio in fondo alla lista\" \/>\n<meta name=\"robots\" content=\"index, follow, max-snippet:-1, max-image-preview:large, max-video-preview:-1\" \/>\n<link rel=\"canonical\" href=\"https:\/\/progettotouring.it\/radiotouring104\/2024\/12\/17\/reggio-ultima-sulla-qualita-di-vita-il-consigliere-pazzano-chiede-confronto-sui-problemi\/\" \/>\n<meta property=\"og:locale\" content=\"it_IT\" \/>\n<meta property=\"og:type\" content=\"article\" \/>\n<meta property=\"og:title\" content=\"Reggio ultima sulla Qualit\u00e0 di Vita: il Consigliere Pazzano chiede confronto sui problemi - Radio Touring 104\" \/>\n<meta property=\"og:description\" content=\"Il leader del Movimento &quot;La Strada&quot;, Saverio Pazzano, commenta la classifica de Il sole 24 ore che relega Reggio in fondo alla lista\" \/>\n<meta property=\"og:url\" content=\"https:\/\/progettotouring.it\/radiotouring104\/2024\/12\/17\/reggio-ultima-sulla-qualita-di-vita-il-consigliere-pazzano-chiede-confronto-sui-problemi\/\" \/>\n<meta property=\"og:site_name\" content=\"Radio Touring 104\" \/>\n<meta property=\"article:published_time\" content=\"2024-12-17T10:40:50+00:00\" \/>\n<meta property=\"og:image\" content=\"https:\/\/progettotouring.it\/radiotouring104\/wp-content\/uploads\/sites\/6\/2022\/12\/Saverio-Pazzano.jpg\" \/>\n\t<meta property=\"og:image:width\" content=\"1280\" \/>\n\t<meta property=\"og:image:height\" content=\"854\" \/>\n\t<meta property=\"og:image:type\" content=\"image\/jpeg\" \/>\n<meta name=\"author\" content=\"Sebastiano Plutino\" \/>\n<meta name=\"twitter:card\" content=\"summary_large_image\" \/>\n<meta name=\"twitter:label1\" content=\"Scritto da\" \/>\n\t<meta name=\"twitter:data1\" content=\"Sebastiano Plutino\" \/>\n\t<meta name=\"twitter:label2\" content=\"Tempo di lettura stimato\" \/>\n\t<meta name=\"twitter:data2\" content=\"4 minuti\" \/>\n<script type=\"application\/ld+json\" class=\"yoast-schema-graph\">{\"@context\":\"https:\/\/schema.org\",\"@graph\":[{\"@type\":\"Article\",\"@id\":\"https:\/\/progettotouring.it\/radiotouring104\/2024\/12\/17\/reggio-ultima-sulla-qualita-di-vita-il-consigliere-pazzano-chiede-confronto-sui-problemi\/#article\",\"isPartOf\":{\"@id\":\"https:\/\/progettotouring.it\/radiotouring104\/2024\/12\/17\/reggio-ultima-sulla-qualita-di-vita-il-consigliere-pazzano-chiede-confronto-sui-problemi\/\"},\"author\":{\"name\":\"Sebastiano Plutino\",\"@id\":\"https:\/\/progettotouring.it\/radiotouring104\/#\/schema\/person\/78613917f1851f041f7483f5af1d422e\"},\"headline\":\"Reggio ultima sulla Qualit\u00e0 di Vita: il Consigliere Pazzano chiede confronto sui problemi\",\"datePublished\":\"2024-12-17T10:40:50+00:00\",\"mainEntityOfPage\":{\"@id\":\"https:\/\/progettotouring.it\/radiotouring104\/2024\/12\/17\/reggio-ultima-sulla-qualita-di-vita-il-consigliere-pazzano-chiede-confronto-sui-problemi\/\"},\"wordCount\":726,\"publisher\":{\"@id\":\"https:\/\/progettotouring.it\/radiotouring104\/#organization\"},\"image\":{\"@id\":\"https:\/\/progettotouring.it\/radiotouring104\/2024\/12\/17\/reggio-ultima-sulla-qualita-di-vita-il-consigliere-pazzano-chiede-confronto-sui-problemi\/#primaryimage\"},\"thumbnailUrl\":\"https:\/\/progettotouring.it\/radiotouring104\/wp-content\/uploads\/sites\/6\/2022\/12\/Saverio-Pazzano.jpg\",\"keywords\":[\"Classifica qualit\u00e0 di vita\",\"la strada\",\"saverio pazzano\",\"Sole 24 Ore\"],\"articleSection\":[\"Home\",\"News\",\"Reggio Calabria\"],\"inLanguage\":\"it-IT\"},{\"@type\":\"WebPage\",\"@id\":\"https:\/\/progettotouring.it\/radiotouring104\/2024\/12\/17\/reggio-ultima-sulla-qualita-di-vita-il-consigliere-pazzano-chiede-confronto-sui-problemi\/\",\"url\":\"https:\/\/progettotouring.it\/radiotouring104\/2024\/12\/17\/reggio-ultima-sulla-qualita-di-vita-il-consigliere-pazzano-chiede-confronto-sui-problemi\/\",\"name\":\"Reggio ultima sulla Qualit\u00e0 di Vita: il Consigliere Pazzano chiede confronto sui problemi - Radio Touring 104\",\"isPartOf\":{\"@id\":\"https:\/\/progettotouring.it\/radiotouring104\/#website\"},\"primaryImageOfPage\":{\"@id\":\"https:\/\/progettotouring.it\/radiotouring104\/2024\/12\/17\/reggio-ultima-sulla-qualita-di-vita-il-consigliere-pazzano-chiede-confronto-sui-problemi\/#primaryimage\"},\"image\":{\"@id\":\"https:\/\/progettotouring.it\/radiotouring104\/2024\/12\/17\/reggio-ultima-sulla-qualita-di-vita-il-consigliere-pazzano-chiede-confronto-sui-problemi\/#primaryimage\"},\"thumbnailUrl\":\"https:\/\/progettotouring.it\/radiotouring104\/wp-content\/uploads\/sites\/6\/2022\/12\/Saverio-Pazzano.jpg\",\"datePublished\":\"2024-12-17T10:40:50+00:00\",\"description\":\"Il leader del Movimento \\\"La Strada\\\", Saverio Pazzano, commenta la classifica de Il sole 24 ore che relega Reggio in fondo alla lista\",\"breadcrumb\":{\"@id\":\"https:\/\/progettotouring.it\/radiotouring104\/2024\/12\/17\/reggio-ultima-sulla-qualita-di-vita-il-consigliere-pazzano-chiede-confronto-sui-problemi\/#breadcrumb\"},\"inLanguage\":\"it-IT\",\"potentialAction\":[{\"@type\":\"ReadAction\",\"target\":[\"https:\/\/progettotouring.it\/radiotouring104\/2024\/12\/17\/reggio-ultima-sulla-qualita-di-vita-il-consigliere-pazzano-chiede-confronto-sui-problemi\/\"]}]},{\"@type\":\"ImageObject\",\"inLanguage\":\"it-IT\",\"@id\":\"https:\/\/progettotouring.it\/radiotouring104\/2024\/12\/17\/reggio-ultima-sulla-qualita-di-vita-il-consigliere-pazzano-chiede-confronto-sui-problemi\/#primaryimage\",\"url\":\"https:\/\/progettotouring.it\/radiotouring104\/wp-content\/uploads\/sites\/6\/2022\/12\/Saverio-Pazzano.jpg\",\"contentUrl\":\"https:\/\/progettotouring.it\/radiotouring104\/wp-content\/uploads\/sites\/6\/2022\/12\/Saverio-Pazzano.jpg\",\"width\":1280,\"height\":854},{\"@type\":\"BreadcrumbList\",\"@id\":\"https:\/\/progettotouring.it\/radiotouring104\/2024\/12\/17\/reggio-ultima-sulla-qualita-di-vita-il-consigliere-pazzano-chiede-confronto-sui-problemi\/#breadcrumb\",\"itemListElement\":[{\"@type\":\"ListItem\",\"position\":1,\"name\":\"Home\",\"item\":\"https:\/\/progettotouring.it\/radiotouring104\/\"},{\"@type\":\"ListItem\",\"position\":2,\"name\":\"Reggio ultima sulla Qualit\u00e0 di Vita: il Consigliere Pazzano chiede confronto sui problemi\"}]},{\"@type\":\"WebSite\",\"@id\":\"https:\/\/progettotouring.it\/radiotouring104\/#website\",\"url\":\"https:\/\/progettotouring.it\/radiotouring104\/\",\"name\":\"Radio Touring 104\",\"description\":\"La prima radio Reggina\",\"publisher\":{\"@id\":\"https:\/\/progettotouring.it\/radiotouring104\/#organization\"},\"potentialAction\":[{\"@type\":\"SearchAction\",\"target\":{\"@type\":\"EntryPoint\",\"urlTemplate\":\"https:\/\/progettotouring.it\/radiotouring104\/?s={search_term_string}\"},\"query-input\":{\"@type\":\"PropertyValueSpecification\",\"valueRequired\":true,\"valueName\":\"search_term_string\"}}],\"inLanguage\":\"it-IT\"},{\"@type\":\"Organization\",\"@id\":\"https:\/\/progettotouring.it\/radiotouring104\/#organization\",\"name\":\"Radio Touring 104\",\"url\":\"https:\/\/progettotouring.it\/radiotouring104\/\",\"logo\":{\"@type\":\"ImageObject\",\"inLanguage\":\"it-IT\",\"@id\":\"https:\/\/progettotouring.it\/radiotouring104\/#\/schema\/logo\/image\/\",\"url\":\"https:\/\/progettotouring.it\/radiotouring104\/wp-content\/uploads\/sites\/6\/2022\/02\/cropped-logo-radio-touring-104.png\",\"contentUrl\":\"https:\/\/progettotouring.it\/radiotouring104\/wp-content\/uploads\/sites\/6\/2022\/02\/cropped-logo-radio-touring-104.png\",\"width\":377,\"height\":182,\"caption\":\"Radio Touring 104\"},\"image\":{\"@id\":\"https:\/\/progettotouring.it\/radiotouring104\/#\/schema\/logo\/image\/\"}},{\"@type\":\"Person\",\"@id\":\"https:\/\/progettotouring.it\/radiotouring104\/#\/schema\/person\/78613917f1851f041f7483f5af1d422e\",\"name\":\"Sebastiano Plutino\",\"image\":{\"@type\":\"ImageObject\",\"inLanguage\":\"it-IT\",\"@id\":\"https:\/\/secure.gravatar.com\/avatar\/0546ffaa9b79224faf9f2a156b67a529ae861d3287c66c1d8ccfdf909bcba78d?s=96&d=mm&r=g\",\"url\":\"https:\/\/secure.gravatar.com\/avatar\/0546ffaa9b79224faf9f2a156b67a529ae861d3287c66c1d8ccfdf909bcba78d?s=96&d=mm&r=g\",\"contentUrl\":\"https:\/\/secure.gravatar.com\/avatar\/0546ffaa9b79224faf9f2a156b67a529ae861d3287c66c1d8ccfdf909bcba78d?s=96&d=mm&r=g\",\"caption\":\"Sebastiano Plutino\"},\"url\":\"https:\/\/progettotouring.it\/radiotouring104\/author\/sebastiano\/\"}]}<\/script>\n<!-- \/ Yoast SEO plugin. -->","yoast_head_json":{"title":"Reggio ultima sulla Qualit\u00e0 di Vita: il Consigliere Pazzano chiede confronto sui problemi - Radio Touring 104","description":"Il leader del Movimento \"La Strada\", Saverio Pazzano, commenta la classifica de Il sole 24 ore che relega Reggio in fondo alla lista","robots":{"index":"index","follow":"follow","max-snippet":"max-snippet:-1","max-image-preview":"max-image-preview:large","max-video-preview":"max-video-preview:-1"},"canonical":"https:\/\/progettotouring.it\/radiotouring104\/2024\/12\/17\/reggio-ultima-sulla-qualita-di-vita-il-consigliere-pazzano-chiede-confronto-sui-problemi\/","og_locale":"it_IT","og_type":"article","og_title":"Reggio ultima sulla Qualit\u00e0 di Vita: il Consigliere Pazzano chiede confronto sui problemi - Radio Touring 104","og_description":"Il leader del Movimento \"La Strada\", Saverio Pazzano, commenta la classifica de Il sole 24 ore che relega Reggio in fondo alla lista","og_url":"https:\/\/progettotouring.it\/radiotouring104\/2024\/12\/17\/reggio-ultima-sulla-qualita-di-vita-il-consigliere-pazzano-chiede-confronto-sui-problemi\/","og_site_name":"Radio Touring 104","article_published_time":"2024-12-17T10:40:50+00:00","og_image":[{"width":1280,"height":854,"url":"https:\/\/progettotouring.it\/radiotouring104\/wp-content\/uploads\/sites\/6\/2022\/12\/Saverio-Pazzano.jpg","type":"image\/jpeg"}],"author":"Sebastiano Plutino","twitter_card":"summary_large_image","twitter_misc":{"Scritto da":"Sebastiano Plutino","Tempo di lettura stimato":"4 minuti"},"schema":{"@context":"https:\/\/schema.org","@graph":[{"@type":"Article","@id":"https:\/\/progettotouring.it\/radiotouring104\/2024\/12\/17\/reggio-ultima-sulla-qualita-di-vita-il-consigliere-pazzano-chiede-confronto-sui-problemi\/#article","isPartOf":{"@id":"https:\/\/progettotouring.it\/radiotouring104\/2024\/12\/17\/reggio-ultima-sulla-qualita-di-vita-il-consigliere-pazzano-chiede-confronto-sui-problemi\/"},"author":{"name":"Sebastiano Plutino","@id":"https:\/\/progettotouring.it\/radiotouring104\/#\/schema\/person\/78613917f1851f041f7483f5af1d422e"},"headline":"Reggio ultima sulla Qualit\u00e0 di Vita: il Consigliere Pazzano chiede confronto sui problemi","datePublished":"2024-12-17T10:40:50+00:00","mainEntityOfPage":{"@id":"https:\/\/progettotouring.it\/radiotouring104\/2024\/12\/17\/reggio-ultima-sulla-qualita-di-vita-il-consigliere-pazzano-chiede-confronto-sui-problemi\/"},"wordCount":726,"publisher":{"@id":"https:\/\/progettotouring.it\/radiotouring104\/#organization"},"image":{"@id":"https:\/\/progettotouring.it\/radiotouring104\/2024\/12\/17\/reggio-ultima-sulla-qualita-di-vita-il-consigliere-pazzano-chiede-confronto-sui-problemi\/#primaryimage"},"thumbnailUrl":"https:\/\/progettotouring.it\/radiotouring104\/wp-content\/uploads\/sites\/6\/2022\/12\/Saverio-Pazzano.jpg","keywords":["Classifica qualit\u00e0 di vita","la strada","saverio pazzano","Sole 24 Ore"],"articleSection":["Home","News","Reggio Calabria"],"inLanguage":"it-IT"},{"@type":"WebPage","@id":"https:\/\/progettotouring.it\/radiotouring104\/2024\/12\/17\/reggio-ultima-sulla-qualita-di-vita-il-consigliere-pazzano-chiede-confronto-sui-problemi\/","url":"https:\/\/progettotouring.it\/radiotouring104\/2024\/12\/17\/reggio-ultima-sulla-qualita-di-vita-il-consigliere-pazzano-chiede-confronto-sui-problemi\/","name":"Reggio ultima sulla Qualit\u00e0 di Vita: il Consigliere Pazzano chiede confronto sui problemi - Radio Touring 104","isPartOf":{"@id":"https:\/\/progettotouring.it\/radiotouring104\/#website"},"primaryImageOfPage":{"@id":"https:\/\/progettotouring.it\/radiotouring104\/2024\/12\/17\/reggio-ultima-sulla-qualita-di-vita-il-consigliere-pazzano-chiede-confronto-sui-problemi\/#primaryimage"},"image":{"@id":"https:\/\/progettotouring.it\/radiotouring104\/2024\/12\/17\/reggio-ultima-sulla-qualita-di-vita-il-consigliere-pazzano-chiede-confronto-sui-problemi\/#primaryimage"},"thumbnailUrl":"https:\/\/progettotouring.it\/radiotouring104\/wp-content\/uploads\/sites\/6\/2022\/12\/Saverio-Pazzano.jpg","datePublished":"2024-12-17T10:40:50+00:00","description":"Il leader del Movimento \"La Strada\", Saverio Pazzano, commenta la classifica de Il sole 24 ore che relega Reggio in fondo alla lista","breadcrumb":{"@id":"https:\/\/progettotouring.it\/radiotouring104\/2024\/12\/17\/reggio-ultima-sulla-qualita-di-vita-il-consigliere-pazzano-chiede-confronto-sui-problemi\/#breadcrumb"},"inLanguage":"it-IT","potentialAction":[{"@type":"ReadAction","target":["https:\/\/progettotouring.it\/radiotouring104\/2024\/12\/17\/reggio-ultima-sulla-qualita-di-vita-il-consigliere-pazzano-chiede-confronto-sui-problemi\/"]}]},{"@type":"ImageObject","inLanguage":"it-IT","@id":"https:\/\/progettotouring.it\/radiotouring104\/2024\/12\/17\/reggio-ultima-sulla-qualita-di-vita-il-consigliere-pazzano-chiede-confronto-sui-problemi\/#primaryimage","url":"https:\/\/progettotouring.it\/radiotouring104\/wp-content\/uploads\/sites\/6\/2022\/12\/Saverio-Pazzano.jpg","contentUrl":"https:\/\/progettotouring.it\/radiotouring104\/wp-content\/uploads\/sites\/6\/2022\/12\/Saverio-Pazzano.jpg","width":1280,"height":854},{"@type":"BreadcrumbList","@id":"https:\/\/progettotouring.it\/radiotouring104\/2024\/12\/17\/reggio-ultima-sulla-qualita-di-vita-il-consigliere-pazzano-chiede-confronto-sui-problemi\/#breadcrumb","itemListElement":[{"@type":"ListItem","position":1,"name":"Home","item":"https:\/\/progettotouring.it\/radiotouring104\/"},{"@type":"ListItem","position":2,"name":"Reggio ultima sulla Qualit\u00e0 di Vita: il Consigliere Pazzano chiede confronto sui problemi"}]},{"@type":"WebSite","@id":"https:\/\/progettotouring.it\/radiotouring104\/#website","url":"https:\/\/progettotouring.it\/radiotouring104\/","name":"Radio Touring 104","description":"La prima radio Reggina","publisher":{"@id":"https:\/\/progettotouring.it\/radiotouring104\/#organization"},"potentialAction":[{"@type":"SearchAction","target":{"@type":"EntryPoint","urlTemplate":"https:\/\/progettotouring.it\/radiotouring104\/?s={search_term_string}"},"query-input":{"@type":"PropertyValueSpecification","valueRequired":true,"valueName":"search_term_string"}}],"inLanguage":"it-IT"},{"@type":"Organization","@id":"https:\/\/progettotouring.it\/radiotouring104\/#organization","name":"Radio Touring 104","url":"https:\/\/progettotouring.it\/radiotouring104\/","logo":{"@type":"ImageObject","inLanguage":"it-IT","@id":"https:\/\/progettotouring.it\/radiotouring104\/#\/schema\/logo\/image\/","url":"https:\/\/progettotouring.it\/radiotouring104\/wp-content\/uploads\/sites\/6\/2022\/02\/cropped-logo-radio-touring-104.png","contentUrl":"https:\/\/progettotouring.it\/radiotouring104\/wp-content\/uploads\/sites\/6\/2022\/02\/cropped-logo-radio-touring-104.png","width":377,"height":182,"caption":"Radio Touring 104"},"image":{"@id":"https:\/\/progettotouring.it\/radiotouring104\/#\/schema\/logo\/image\/"}},{"@type":"Person","@id":"https:\/\/progettotouring.it\/radiotouring104\/#\/schema\/person\/78613917f1851f041f7483f5af1d422e","name":"Sebastiano Plutino","image":{"@type":"ImageObject","inLanguage":"it-IT","@id":"https:\/\/secure.gravatar.com\/avatar\/0546ffaa9b79224faf9f2a156b67a529ae861d3287c66c1d8ccfdf909bcba78d?s=96&d=mm&r=g","url":"https:\/\/secure.gravatar.com\/avatar\/0546ffaa9b79224faf9f2a156b67a529ae861d3287c66c1d8ccfdf909bcba78d?s=96&d=mm&r=g","contentUrl":"https:\/\/secure.gravatar.com\/avatar\/0546ffaa9b79224faf9f2a156b67a529ae861d3287c66c1d8ccfdf909bcba78d?s=96&d=mm&r=g","caption":"Sebastiano Plutino"},"url":"https:\/\/progettotouring.it\/radiotouring104\/author\/sebastiano\/"}]}},"jetpack_publicize_connections":[],"jetpack_featured_media_url":"https:\/\/progettotouring.it\/radiotouring104\/wp-content\/uploads\/sites\/6\/2022\/12\/Saverio-Pazzano.jpg","jetpack_sharing_enabled":true,"_links":{"self":[{"href":"https:\/\/progettotouring.it\/radiotouring104\/wp-json\/wp\/v2\/posts\/63580","targetHints":{"allow":["GET"]}}],"collection":[{"href":"https:\/\/progettotouring.it\/radiotouring104\/wp-json\/wp\/v2\/posts"}],"about":[{"href":"https:\/\/progettotouring.it\/radiotouring104\/wp-json\/wp\/v2\/types\/post"}],"author":[{"embeddable":true,"href":"https:\/\/progettotouring.it\/radiotouring104\/wp-json\/wp\/v2\/users\/12"}],"replies":[{"embeddable":true,"href":"https:\/\/progettotouring.it\/radiotouring104\/wp-json\/wp\/v2\/comments?post=63580"}],"version-history":[{"count":1,"href":"https:\/\/progettotouring.it\/radiotouring104\/wp-json\/wp\/v2\/posts\/63580\/revisions"}],"predecessor-version":[{"id":63581,"href":"https:\/\/progettotouring.it\/radiotouring104\/wp-json\/wp\/v2\/posts\/63580\/revisions\/63581"}],"wp:featuredmedia":[{"embeddable":true,"href":"https:\/\/progettotouring.it\/radiotouring104\/wp-json\/wp\/v2\/media\/14655"}],"wp:attachment":[{"href":"https:\/\/progettotouring.it\/radiotouring104\/wp-json\/wp\/v2\/media?parent=63580"}],"wp:term":[{"taxonomy":"category","embeddable":true,"href":"https:\/\/progettotouring.it\/radiotouring104\/wp-json\/wp\/v2\/categories?post=63580"},{"taxonomy":"post_tag","embeddable":true,"href":"https:\/\/progettotouring.it\/radiotouring104\/wp-json\/wp\/v2\/tags?post=63580"}],"curies":[{"name":"wp","href":"https:\/\/api.w.org\/{rel}","templated":true}]}}