{"id":63587,"date":"2024-12-17T12:06:56","date_gmt":"2024-12-17T11:06:56","guid":{"rendered":"https:\/\/progettotouring.it\/radiotouring104\/?p=63587"},"modified":"2024-12-17T12:06:56","modified_gmt":"2024-12-17T11:06:56","slug":"agape-lancia-la-sfida-sulladozione-dei-minori-in-situazione-di-abbandono-o-a-rischio","status":"publish","type":"post","link":"https:\/\/progettotouring.it\/radiotouring104\/2024\/12\/17\/agape-lancia-la-sfida-sulladozione-dei-minori-in-situazione-di-abbandono-o-a-rischio\/","title":{"rendered":"Agape lancia la sfida sull&#8217;adozione dei minori in situazione di abbandono o a rischio"},"content":{"rendered":"<p style=\"text-align: justify\">Una azione corale di Regione, Tribunali per i minorenni, Citt\u00e0 Metropolitana, ASP, enti locali e associazioni per dare la possibilit\u00e0 al maggior numero possibile di bambini e ragazzi calabresi in grave difficolt\u00e0 di potere crescere in una famiglia, quella d\u2019origine laddove possibile o in una sostitutiva attraverso l&#8217;affido e l&#8217;adozione. Questa la sfida che \u00e8 stata lanciata dal centro comunitario Agape nella giornata di studi tenutasi nel mese di novembre a palazzo Alvaro che \u00e8 servita ha rilanciare il tema dell\u2019accoglienza dei minori in situazione di abbandono o a rischio, con la novit\u00e0 di nuove linee guida nazionali sull\u2019affido precise ed esaustive che hanno dato una precisa indicazione: l\u2019obiettivo\u00a0 non pu\u00f2 mai essere quello di separare, ma di riunificare una famiglia in difficolt\u00e0. Anzi si dice esplicitamente che l\u2019obiettivo dell\u2019affido \u00e8 preventivo, in particolare quello diurno e di appoggio, \u00a0perch\u00e9 pu\u00f2 prevenire un allontanamento, non certo favorirlo.<\/p>\n<p style=\"text-align: justify\">La giornata di studio, moderata da <strong>Giuseppe Marino<\/strong> giudice onorario, ha ribadito che per la fascia d\u2019et\u00e0 0-5 anni l\u2019affidamento familiare \u00e8 sempre da preferire e si dovrebbe puntare a far scomparire l\u2019inserimento nei servizi residenziali. Nella sua introduzione Nicoletta Latella in rappresentanza di Agape, ha indicato questa come priorit\u00e0 attraverso un progetto condiviso che preveda l\u2019attivazione di una rete di famiglie- ponte e di singoli da formare e da sostenere come ha chiesto anche la Magistrata Mirella Schillaci del Tribunale per i Minorenni Anche per i piccolissimi (0-36) mesi si raccomanda un lavoro in rete per definire procedure e compiti. Meglio se in accordo con l\u2019autorit\u00e0 giudiziaria e nell\u2019ambito di un \u201cprogetto neonati\u201d come \u00e8 stato fatto in diverse regioni e che preveda il collocamento dei bambini in famiglie affidatarie \u201cponte\u201d, specificatamente preparate, preferibilmente con propri figli biologici. Si tratta di obiettivi a cui devono concorrere, insieme, Comuni, Servizi sociali e sanitari, Autorit\u00e0 giudiziaria minorile \u00a0che devono valorizzare le associazioni familiari e il volontariato con accordi di programma e protocolli condivisi .Positivo che la giunta regionale della Calabria, come ha riferito ai partecipanti all\u2019apertura del \u00a0seminario\u00a0 l\u2019assessora regionale Caterina Capponi, abbia \u00a0deliberato recentemente \u00a0il recepimento delle linee guida e \u00a0l\u2019avvio da parte dell\u2019 assessore al Welfare di un tavolo di confronto con il coordinamento regionale\u00a0 delle associazioni che si occupano di affido e adozione. Ma il ritardo da colmare \u00e8 notevole come testimoniano i dati recenti forniti dall\u2019istituto degli Innocenti di Firenze dai quali si evince che al 31 dicembre 2023 nel territorio regionale i minori fuori famiglia inseriti in servizi residenziali erano 484 (con il 10 % della fascia d\u2019et\u00e0 0-5 anni) mentre 440 sono stati collocati in affido parentale e etero familiare. Vi \u00e8 quindi una prevalenza delle comunit\u00e0 rispetto all\u2019affido. Altro dato preoccupante \u00e8 quello che riferisce che solo per il 17% dei minori allontanati era stato predisposto un progetto di accoglienza, di rientro nella famiglia d\u2019origine o di proposte di altre soluzioni. Un vuoto che costringe i minori a vivere in un limbo che spesso si pu\u00f2 prolungare fino al raggiungimento della maggiore et\u00e0. Dallo studio emerge che In Calabria solo il 20% degli ambiti territoriali ha attivato centri per l\u2019affido in grado di fornire alle coppie interessate informazioni, sostegno, preparazione, sostegno ed accompagnamento. Ancora le problematiche dei minori con bisogni speciali su cui ha relazionato il neuropsichiatra Giovanni Schipani, che non trovano famiglie disponibile anche per la mancanza di servizi di neuropsichiatria in grado di sostenerli Per questo servono investimenti anche per la formazione degli operatori \u00a0e delle famiglie da parte della Regione, della Citt\u00e0 Metropolitana, degli ambiti territoriali<strong> .<\/strong>La giornata di studi ha visto confrontarsi\u00a0 la mattina esperti, magistratura minorile, servizi i soggetti istituzionali, nel pomeriggio il Focus ha riguardato le reti associative educative come Azione cattolica ed Agesci \u00a0che nei loro interventi \u00a0hanno dato la loro disponibilit\u00e0 a promuovere un modello di famiglia aperta \u00a0e a seguire \u00a0le conclusioni di Lucia Lipari vice presidente Agape. Relatore principale della giornata \u00e8 stato \u00a0Marco Giordano, genitore affidatario, Docente di Servizio Sociale Universit\u00e0 di Bari e di Salerno, presidente Centro Studi Affido progetto Famiglia, cofondatore del tavolo nazionale per l\u2019affido, uno dei massimi esperti nazionale nel settore che ha dato disponibilit\u00e0 a accompagnare \u00a0anche per il futuro a livello formativo Enti Locali \u00a0e Associazioni del territorio reggino.<\/p>\n<p>foto<\/p>\n","protected":false},"excerpt":{"rendered":"<p>Una azione corale di Regione, Tribunali per i minorenni, Citt\u00e0 Metropolitana, ASP, enti locali e associazioni per dare la possibilit\u00e0 al maggior numero possibile di bambini e ragazzi calabresi in&hellip;<\/p>\n","protected":false},"author":12,"featured_media":13613,"comment_status":"closed","ping_status":"open","sticky":false,"template":"","format":"standard","meta":{"_jetpack_memberships_contains_paid_content":false,"footnotes":"","jetpack_publicize_message":"","jetpack_publicize_feature_enabled":true,"jetpack_social_post_already_shared":true,"jetpack_social_options":{"image_generator_settings":{"template":"highway","default_image_id":0,"font":"","enabled":false},"version":2}},"categories":[921,196,140],"tags":[38729,6621,38728,739,5252,34307],"class_list":["post-63587","post","type-post","status-publish","format-standard","has-post-thumbnail","hentry","category-home","category-news","category-reggio-calabria","tag-adozioni","tag-agape","tag-minori-a-rischio","tag-palazzo-alvaro","tag-regione","tag-tribunale-minorenni"],"yoast_head":"<!-- This site is optimized with the Yoast SEO plugin v27.2 - https:\/\/yoast.com\/product\/yoast-seo-wordpress\/ -->\n<title>Agape lancia la sfida sull&#039;adozione dei minori in situazione di abbandono o a rischio - Radio Touring 104<\/title>\n<meta name=\"description\" content=\"L&#039;Agape punta ad un progetto singergico con la Regione, Tribunali per i minorenni, Citt\u00e0 Metropolitana, ASP, enti locali\" \/>\n<meta name=\"robots\" content=\"index, follow, max-snippet:-1, max-image-preview:large, max-video-preview:-1\" \/>\n<link rel=\"canonical\" href=\"https:\/\/progettotouring.it\/radiotouring104\/2024\/12\/17\/agape-lancia-la-sfida-sulladozione-dei-minori-in-situazione-di-abbandono-o-a-rischio\/\" \/>\n<meta property=\"og:locale\" content=\"it_IT\" \/>\n<meta property=\"og:type\" content=\"article\" \/>\n<meta property=\"og:title\" content=\"Agape lancia la sfida sull&#039;adozione dei minori in situazione di abbandono o a rischio - Radio Touring 104\" \/>\n<meta property=\"og:description\" content=\"L&#039;Agape punta ad un progetto singergico con la Regione, Tribunali per i minorenni, Citt\u00e0 Metropolitana, ASP, enti locali\" \/>\n<meta property=\"og:url\" content=\"https:\/\/progettotouring.it\/radiotouring104\/2024\/12\/17\/agape-lancia-la-sfida-sulladozione-dei-minori-in-situazione-di-abbandono-o-a-rischio\/\" \/>\n<meta property=\"og:site_name\" content=\"Radio Touring 104\" \/>\n<meta property=\"article:published_time\" content=\"2024-12-17T11:06:56+00:00\" \/>\n<meta property=\"og:image\" content=\"https:\/\/progettotouring.it\/radiotouring104\/wp-content\/uploads\/sites\/6\/2022\/11\/centro-comunitario-agape.jpg\" \/>\n\t<meta property=\"og:image:width\" content=\"720\" \/>\n\t<meta property=\"og:image:height\" content=\"450\" \/>\n\t<meta property=\"og:image:type\" content=\"image\/jpeg\" \/>\n<meta name=\"author\" content=\"Sebastiano Plutino\" \/>\n<meta name=\"twitter:card\" content=\"summary_large_image\" \/>\n<meta name=\"twitter:label1\" content=\"Scritto da\" \/>\n\t<meta name=\"twitter:data1\" content=\"Sebastiano Plutino\" \/>\n\t<meta name=\"twitter:label2\" content=\"Tempo di lettura stimato\" \/>\n\t<meta name=\"twitter:data2\" content=\"4 minuti\" \/>\n<script type=\"application\/ld+json\" class=\"yoast-schema-graph\">{\"@context\":\"https:\/\/schema.org\",\"@graph\":[{\"@type\":\"Article\",\"@id\":\"https:\/\/progettotouring.it\/radiotouring104\/2024\/12\/17\/agape-lancia-la-sfida-sulladozione-dei-minori-in-situazione-di-abbandono-o-a-rischio\/#article\",\"isPartOf\":{\"@id\":\"https:\/\/progettotouring.it\/radiotouring104\/2024\/12\/17\/agape-lancia-la-sfida-sulladozione-dei-minori-in-situazione-di-abbandono-o-a-rischio\/\"},\"author\":{\"name\":\"Sebastiano Plutino\",\"@id\":\"https:\/\/progettotouring.it\/radiotouring104\/#\/schema\/person\/78613917f1851f041f7483f5af1d422e\"},\"headline\":\"Agape lancia la sfida sull&#8217;adozione dei minori in situazione di abbandono o a rischio\",\"datePublished\":\"2024-12-17T11:06:56+00:00\",\"mainEntityOfPage\":{\"@id\":\"https:\/\/progettotouring.it\/radiotouring104\/2024\/12\/17\/agape-lancia-la-sfida-sulladozione-dei-minori-in-situazione-di-abbandono-o-a-rischio\/\"},\"wordCount\":718,\"publisher\":{\"@id\":\"https:\/\/progettotouring.it\/radiotouring104\/#organization\"},\"image\":{\"@id\":\"https:\/\/progettotouring.it\/radiotouring104\/2024\/12\/17\/agape-lancia-la-sfida-sulladozione-dei-minori-in-situazione-di-abbandono-o-a-rischio\/#primaryimage\"},\"thumbnailUrl\":\"https:\/\/progettotouring.it\/radiotouring104\/wp-content\/uploads\/sites\/6\/2022\/11\/centro-comunitario-agape.jpg\",\"keywords\":[\"adozioni\",\"Agape\",\"Minori a Rischio\",\"Palazzo Alvaro\",\"regione\",\"tribunale minorenni\"],\"articleSection\":[\"Home\",\"News\",\"Reggio Calabria\"],\"inLanguage\":\"it-IT\"},{\"@type\":\"WebPage\",\"@id\":\"https:\/\/progettotouring.it\/radiotouring104\/2024\/12\/17\/agape-lancia-la-sfida-sulladozione-dei-minori-in-situazione-di-abbandono-o-a-rischio\/\",\"url\":\"https:\/\/progettotouring.it\/radiotouring104\/2024\/12\/17\/agape-lancia-la-sfida-sulladozione-dei-minori-in-situazione-di-abbandono-o-a-rischio\/\",\"name\":\"Agape lancia la sfida sull'adozione dei minori in situazione di abbandono o a rischio - Radio Touring 104\",\"isPartOf\":{\"@id\":\"https:\/\/progettotouring.it\/radiotouring104\/#website\"},\"primaryImageOfPage\":{\"@id\":\"https:\/\/progettotouring.it\/radiotouring104\/2024\/12\/17\/agape-lancia-la-sfida-sulladozione-dei-minori-in-situazione-di-abbandono-o-a-rischio\/#primaryimage\"},\"image\":{\"@id\":\"https:\/\/progettotouring.it\/radiotouring104\/2024\/12\/17\/agape-lancia-la-sfida-sulladozione-dei-minori-in-situazione-di-abbandono-o-a-rischio\/#primaryimage\"},\"thumbnailUrl\":\"https:\/\/progettotouring.it\/radiotouring104\/wp-content\/uploads\/sites\/6\/2022\/11\/centro-comunitario-agape.jpg\",\"datePublished\":\"2024-12-17T11:06:56+00:00\",\"description\":\"L'Agape punta ad un progetto singergico con la Regione, Tribunali per i minorenni, Citt\u00e0 Metropolitana, ASP, enti locali\",\"breadcrumb\":{\"@id\":\"https:\/\/progettotouring.it\/radiotouring104\/2024\/12\/17\/agape-lancia-la-sfida-sulladozione-dei-minori-in-situazione-di-abbandono-o-a-rischio\/#breadcrumb\"},\"inLanguage\":\"it-IT\",\"potentialAction\":[{\"@type\":\"ReadAction\",\"target\":[\"https:\/\/progettotouring.it\/radiotouring104\/2024\/12\/17\/agape-lancia-la-sfida-sulladozione-dei-minori-in-situazione-di-abbandono-o-a-rischio\/\"]}]},{\"@type\":\"ImageObject\",\"inLanguage\":\"it-IT\",\"@id\":\"https:\/\/progettotouring.it\/radiotouring104\/2024\/12\/17\/agape-lancia-la-sfida-sulladozione-dei-minori-in-situazione-di-abbandono-o-a-rischio\/#primaryimage\",\"url\":\"https:\/\/progettotouring.it\/radiotouring104\/wp-content\/uploads\/sites\/6\/2022\/11\/centro-comunitario-agape.jpg\",\"contentUrl\":\"https:\/\/progettotouring.it\/radiotouring104\/wp-content\/uploads\/sites\/6\/2022\/11\/centro-comunitario-agape.jpg\",\"width\":720,\"height\":450},{\"@type\":\"BreadcrumbList\",\"@id\":\"https:\/\/progettotouring.it\/radiotouring104\/2024\/12\/17\/agape-lancia-la-sfida-sulladozione-dei-minori-in-situazione-di-abbandono-o-a-rischio\/#breadcrumb\",\"itemListElement\":[{\"@type\":\"ListItem\",\"position\":1,\"name\":\"Home\",\"item\":\"https:\/\/progettotouring.it\/radiotouring104\/\"},{\"@type\":\"ListItem\",\"position\":2,\"name\":\"Agape lancia la sfida sull&#8217;adozione dei minori in situazione di abbandono o a rischio\"}]},{\"@type\":\"WebSite\",\"@id\":\"https:\/\/progettotouring.it\/radiotouring104\/#website\",\"url\":\"https:\/\/progettotouring.it\/radiotouring104\/\",\"name\":\"Radio Touring 104\",\"description\":\"La prima radio Reggina\",\"publisher\":{\"@id\":\"https:\/\/progettotouring.it\/radiotouring104\/#organization\"},\"potentialAction\":[{\"@type\":\"SearchAction\",\"target\":{\"@type\":\"EntryPoint\",\"urlTemplate\":\"https:\/\/progettotouring.it\/radiotouring104\/?s={search_term_string}\"},\"query-input\":{\"@type\":\"PropertyValueSpecification\",\"valueRequired\":true,\"valueName\":\"search_term_string\"}}],\"inLanguage\":\"it-IT\"},{\"@type\":\"Organization\",\"@id\":\"https:\/\/progettotouring.it\/radiotouring104\/#organization\",\"name\":\"Radio Touring 104\",\"url\":\"https:\/\/progettotouring.it\/radiotouring104\/\",\"logo\":{\"@type\":\"ImageObject\",\"inLanguage\":\"it-IT\",\"@id\":\"https:\/\/progettotouring.it\/radiotouring104\/#\/schema\/logo\/image\/\",\"url\":\"https:\/\/progettotouring.it\/radiotouring104\/wp-content\/uploads\/sites\/6\/2022\/02\/cropped-logo-radio-touring-104.png\",\"contentUrl\":\"https:\/\/progettotouring.it\/radiotouring104\/wp-content\/uploads\/sites\/6\/2022\/02\/cropped-logo-radio-touring-104.png\",\"width\":377,\"height\":182,\"caption\":\"Radio Touring 104\"},\"image\":{\"@id\":\"https:\/\/progettotouring.it\/radiotouring104\/#\/schema\/logo\/image\/\"}},{\"@type\":\"Person\",\"@id\":\"https:\/\/progettotouring.it\/radiotouring104\/#\/schema\/person\/78613917f1851f041f7483f5af1d422e\",\"name\":\"Sebastiano Plutino\",\"image\":{\"@type\":\"ImageObject\",\"inLanguage\":\"it-IT\",\"@id\":\"https:\/\/secure.gravatar.com\/avatar\/0546ffaa9b79224faf9f2a156b67a529ae861d3287c66c1d8ccfdf909bcba78d?s=96&d=mm&r=g\",\"url\":\"https:\/\/secure.gravatar.com\/avatar\/0546ffaa9b79224faf9f2a156b67a529ae861d3287c66c1d8ccfdf909bcba78d?s=96&d=mm&r=g\",\"contentUrl\":\"https:\/\/secure.gravatar.com\/avatar\/0546ffaa9b79224faf9f2a156b67a529ae861d3287c66c1d8ccfdf909bcba78d?s=96&d=mm&r=g\",\"caption\":\"Sebastiano Plutino\"},\"url\":\"https:\/\/progettotouring.it\/radiotouring104\/author\/sebastiano\/\"}]}<\/script>\n<!-- \/ Yoast SEO plugin. -->","yoast_head_json":{"title":"Agape lancia la sfida sull'adozione dei minori in situazione di abbandono o a rischio - Radio Touring 104","description":"L'Agape punta ad un progetto singergico con la Regione, Tribunali per i minorenni, Citt\u00e0 Metropolitana, ASP, enti locali","robots":{"index":"index","follow":"follow","max-snippet":"max-snippet:-1","max-image-preview":"max-image-preview:large","max-video-preview":"max-video-preview:-1"},"canonical":"https:\/\/progettotouring.it\/radiotouring104\/2024\/12\/17\/agape-lancia-la-sfida-sulladozione-dei-minori-in-situazione-di-abbandono-o-a-rischio\/","og_locale":"it_IT","og_type":"article","og_title":"Agape lancia la sfida sull'adozione dei minori in situazione di abbandono o a rischio - Radio Touring 104","og_description":"L'Agape punta ad un progetto singergico con la Regione, Tribunali per i minorenni, Citt\u00e0 Metropolitana, ASP, enti locali","og_url":"https:\/\/progettotouring.it\/radiotouring104\/2024\/12\/17\/agape-lancia-la-sfida-sulladozione-dei-minori-in-situazione-di-abbandono-o-a-rischio\/","og_site_name":"Radio Touring 104","article_published_time":"2024-12-17T11:06:56+00:00","og_image":[{"width":720,"height":450,"url":"https:\/\/progettotouring.it\/radiotouring104\/wp-content\/uploads\/sites\/6\/2022\/11\/centro-comunitario-agape.jpg","type":"image\/jpeg"}],"author":"Sebastiano Plutino","twitter_card":"summary_large_image","twitter_misc":{"Scritto da":"Sebastiano Plutino","Tempo di lettura stimato":"4 minuti"},"schema":{"@context":"https:\/\/schema.org","@graph":[{"@type":"Article","@id":"https:\/\/progettotouring.it\/radiotouring104\/2024\/12\/17\/agape-lancia-la-sfida-sulladozione-dei-minori-in-situazione-di-abbandono-o-a-rischio\/#article","isPartOf":{"@id":"https:\/\/progettotouring.it\/radiotouring104\/2024\/12\/17\/agape-lancia-la-sfida-sulladozione-dei-minori-in-situazione-di-abbandono-o-a-rischio\/"},"author":{"name":"Sebastiano Plutino","@id":"https:\/\/progettotouring.it\/radiotouring104\/#\/schema\/person\/78613917f1851f041f7483f5af1d422e"},"headline":"Agape lancia la sfida sull&#8217;adozione dei minori in situazione di abbandono o a rischio","datePublished":"2024-12-17T11:06:56+00:00","mainEntityOfPage":{"@id":"https:\/\/progettotouring.it\/radiotouring104\/2024\/12\/17\/agape-lancia-la-sfida-sulladozione-dei-minori-in-situazione-di-abbandono-o-a-rischio\/"},"wordCount":718,"publisher":{"@id":"https:\/\/progettotouring.it\/radiotouring104\/#organization"},"image":{"@id":"https:\/\/progettotouring.it\/radiotouring104\/2024\/12\/17\/agape-lancia-la-sfida-sulladozione-dei-minori-in-situazione-di-abbandono-o-a-rischio\/#primaryimage"},"thumbnailUrl":"https:\/\/progettotouring.it\/radiotouring104\/wp-content\/uploads\/sites\/6\/2022\/11\/centro-comunitario-agape.jpg","keywords":["adozioni","Agape","Minori a Rischio","Palazzo Alvaro","regione","tribunale minorenni"],"articleSection":["Home","News","Reggio Calabria"],"inLanguage":"it-IT"},{"@type":"WebPage","@id":"https:\/\/progettotouring.it\/radiotouring104\/2024\/12\/17\/agape-lancia-la-sfida-sulladozione-dei-minori-in-situazione-di-abbandono-o-a-rischio\/","url":"https:\/\/progettotouring.it\/radiotouring104\/2024\/12\/17\/agape-lancia-la-sfida-sulladozione-dei-minori-in-situazione-di-abbandono-o-a-rischio\/","name":"Agape lancia la sfida sull'adozione dei minori in situazione di abbandono o a rischio - Radio Touring 104","isPartOf":{"@id":"https:\/\/progettotouring.it\/radiotouring104\/#website"},"primaryImageOfPage":{"@id":"https:\/\/progettotouring.it\/radiotouring104\/2024\/12\/17\/agape-lancia-la-sfida-sulladozione-dei-minori-in-situazione-di-abbandono-o-a-rischio\/#primaryimage"},"image":{"@id":"https:\/\/progettotouring.it\/radiotouring104\/2024\/12\/17\/agape-lancia-la-sfida-sulladozione-dei-minori-in-situazione-di-abbandono-o-a-rischio\/#primaryimage"},"thumbnailUrl":"https:\/\/progettotouring.it\/radiotouring104\/wp-content\/uploads\/sites\/6\/2022\/11\/centro-comunitario-agape.jpg","datePublished":"2024-12-17T11:06:56+00:00","description":"L'Agape punta ad un progetto singergico con la Regione, Tribunali per i minorenni, Citt\u00e0 Metropolitana, ASP, enti locali","breadcrumb":{"@id":"https:\/\/progettotouring.it\/radiotouring104\/2024\/12\/17\/agape-lancia-la-sfida-sulladozione-dei-minori-in-situazione-di-abbandono-o-a-rischio\/#breadcrumb"},"inLanguage":"it-IT","potentialAction":[{"@type":"ReadAction","target":["https:\/\/progettotouring.it\/radiotouring104\/2024\/12\/17\/agape-lancia-la-sfida-sulladozione-dei-minori-in-situazione-di-abbandono-o-a-rischio\/"]}]},{"@type":"ImageObject","inLanguage":"it-IT","@id":"https:\/\/progettotouring.it\/radiotouring104\/2024\/12\/17\/agape-lancia-la-sfida-sulladozione-dei-minori-in-situazione-di-abbandono-o-a-rischio\/#primaryimage","url":"https:\/\/progettotouring.it\/radiotouring104\/wp-content\/uploads\/sites\/6\/2022\/11\/centro-comunitario-agape.jpg","contentUrl":"https:\/\/progettotouring.it\/radiotouring104\/wp-content\/uploads\/sites\/6\/2022\/11\/centro-comunitario-agape.jpg","width":720,"height":450},{"@type":"BreadcrumbList","@id":"https:\/\/progettotouring.it\/radiotouring104\/2024\/12\/17\/agape-lancia-la-sfida-sulladozione-dei-minori-in-situazione-di-abbandono-o-a-rischio\/#breadcrumb","itemListElement":[{"@type":"ListItem","position":1,"name":"Home","item":"https:\/\/progettotouring.it\/radiotouring104\/"},{"@type":"ListItem","position":2,"name":"Agape lancia la sfida sull&#8217;adozione dei minori in situazione di abbandono o a rischio"}]},{"@type":"WebSite","@id":"https:\/\/progettotouring.it\/radiotouring104\/#website","url":"https:\/\/progettotouring.it\/radiotouring104\/","name":"Radio Touring 104","description":"La prima radio Reggina","publisher":{"@id":"https:\/\/progettotouring.it\/radiotouring104\/#organization"},"potentialAction":[{"@type":"SearchAction","target":{"@type":"EntryPoint","urlTemplate":"https:\/\/progettotouring.it\/radiotouring104\/?s={search_term_string}"},"query-input":{"@type":"PropertyValueSpecification","valueRequired":true,"valueName":"search_term_string"}}],"inLanguage":"it-IT"},{"@type":"Organization","@id":"https:\/\/progettotouring.it\/radiotouring104\/#organization","name":"Radio Touring 104","url":"https:\/\/progettotouring.it\/radiotouring104\/","logo":{"@type":"ImageObject","inLanguage":"it-IT","@id":"https:\/\/progettotouring.it\/radiotouring104\/#\/schema\/logo\/image\/","url":"https:\/\/progettotouring.it\/radiotouring104\/wp-content\/uploads\/sites\/6\/2022\/02\/cropped-logo-radio-touring-104.png","contentUrl":"https:\/\/progettotouring.it\/radiotouring104\/wp-content\/uploads\/sites\/6\/2022\/02\/cropped-logo-radio-touring-104.png","width":377,"height":182,"caption":"Radio Touring 104"},"image":{"@id":"https:\/\/progettotouring.it\/radiotouring104\/#\/schema\/logo\/image\/"}},{"@type":"Person","@id":"https:\/\/progettotouring.it\/radiotouring104\/#\/schema\/person\/78613917f1851f041f7483f5af1d422e","name":"Sebastiano Plutino","image":{"@type":"ImageObject","inLanguage":"it-IT","@id":"https:\/\/secure.gravatar.com\/avatar\/0546ffaa9b79224faf9f2a156b67a529ae861d3287c66c1d8ccfdf909bcba78d?s=96&d=mm&r=g","url":"https:\/\/secure.gravatar.com\/avatar\/0546ffaa9b79224faf9f2a156b67a529ae861d3287c66c1d8ccfdf909bcba78d?s=96&d=mm&r=g","contentUrl":"https:\/\/secure.gravatar.com\/avatar\/0546ffaa9b79224faf9f2a156b67a529ae861d3287c66c1d8ccfdf909bcba78d?s=96&d=mm&r=g","caption":"Sebastiano Plutino"},"url":"https:\/\/progettotouring.it\/radiotouring104\/author\/sebastiano\/"}]}},"jetpack_publicize_connections":[],"jetpack_featured_media_url":"https:\/\/progettotouring.it\/radiotouring104\/wp-content\/uploads\/sites\/6\/2022\/11\/centro-comunitario-agape.jpg","jetpack_sharing_enabled":true,"_links":{"self":[{"href":"https:\/\/progettotouring.it\/radiotouring104\/wp-json\/wp\/v2\/posts\/63587","targetHints":{"allow":["GET"]}}],"collection":[{"href":"https:\/\/progettotouring.it\/radiotouring104\/wp-json\/wp\/v2\/posts"}],"about":[{"href":"https:\/\/progettotouring.it\/radiotouring104\/wp-json\/wp\/v2\/types\/post"}],"author":[{"embeddable":true,"href":"https:\/\/progettotouring.it\/radiotouring104\/wp-json\/wp\/v2\/users\/12"}],"replies":[{"embeddable":true,"href":"https:\/\/progettotouring.it\/radiotouring104\/wp-json\/wp\/v2\/comments?post=63587"}],"version-history":[{"count":1,"href":"https:\/\/progettotouring.it\/radiotouring104\/wp-json\/wp\/v2\/posts\/63587\/revisions"}],"predecessor-version":[{"id":63588,"href":"https:\/\/progettotouring.it\/radiotouring104\/wp-json\/wp\/v2\/posts\/63587\/revisions\/63588"}],"wp:featuredmedia":[{"embeddable":true,"href":"https:\/\/progettotouring.it\/radiotouring104\/wp-json\/wp\/v2\/media\/13613"}],"wp:attachment":[{"href":"https:\/\/progettotouring.it\/radiotouring104\/wp-json\/wp\/v2\/media?parent=63587"}],"wp:term":[{"taxonomy":"category","embeddable":true,"href":"https:\/\/progettotouring.it\/radiotouring104\/wp-json\/wp\/v2\/categories?post=63587"},{"taxonomy":"post_tag","embeddable":true,"href":"https:\/\/progettotouring.it\/radiotouring104\/wp-json\/wp\/v2\/tags?post=63587"}],"curies":[{"name":"wp","href":"https:\/\/api.w.org\/{rel}","templated":true}]}}