{"id":63589,"date":"2024-12-17T12:16:26","date_gmt":"2024-12-17T11:16:26","guid":{"rendered":"https:\/\/progettotouring.it\/radiotouring104\/?p=63589"},"modified":"2024-12-17T12:16:26","modified_gmt":"2024-12-17T11:16:26","slug":"premio-vincenzo-crocitti-international-allattore-reggino-gigi-miseferi","status":"publish","type":"post","link":"https:\/\/progettotouring.it\/radiotouring104\/2024\/12\/17\/premio-vincenzo-crocitti-international-allattore-reggino-gigi-miseferi\/","title":{"rendered":"Premio Vincenzo Crocitti International all&#8217;attore reggino Gigi Miseferi"},"content":{"rendered":"<p style=\"text-align: justify\"><strong>Prestigioso riconoscimento all&#8217;attore<\/strong> e showman Reggino doc <strong>Gigi Miseferi<\/strong> che domenica<strong> 15 dicembre a Roma, ha ricevuto il Premio Vincenzo Crocitti International.<\/strong> <strong>Nel corso della XII edizione del<\/strong> \u201cVince Award\u201d, noto anche pi\u00f9 semplicemente come \u201cIl Vince\u201d, diminutivo dal doppio significato, ovvero riferito all\u2019attore a cui \u00e8 intitolato, e al concetto stesso del termine, ovvero la celebrazione della Vittoria in senso lato. <strong>Tra i premiati,<\/strong> insieme a Gigi Miseferi, il Maestro <strong>Lino Banfi,<\/strong> l&#8217;attore <strong>Adriano Giannini, Luca Manfredi<\/strong> regista e figlio dell&#8217;indimenticabile Nino, la doppiatrice <strong>Maria Pia Di Meo,<\/strong> il regista <strong>Stefano Reali<\/strong>, il Violinista<strong> Alessandro Quarta,<\/strong> l&#8217;attrice<strong> Imma Piro.<\/strong><\/p>\n<p style=\"text-align: justify\"><strong>Nel momento della cerimonia,<\/strong> durante il suo apprezzato intervento, dopo aver menzionato il fraterno amico e collega Giacomo Battaglia con il quale ha condiviso oltre trent&#8217;anni di attivit\u00e0 artistica e ricordato di essere partito da Reggio Calabria e di trovarsi bene a Roma che ha definito &#8220;la pi\u00f9 grande Citt\u00e0 della Calabria tra le risate della platea, attraverso una pungente ironia ha poi denunciato la museruola ed guinzaglio imposti dalle correnti di Woke Culture, Cancel Culture e Politically Correct, che vorrebbero segnare un perimetro entro il quale dovrebbe muoversi la creativit\u00e0 generata dell&#8217;arte, svuotandola cos\u00ec del potenziale, nel suo caso di quella sana comicit\u00e0 che da sempre ha unito e mai diviso intere generazioni di pubblico.<\/p>\n<p style=\"text-align: justify\"><strong>Anche quest\u2019anno la serata evento si \u00e8 svolta in un clima conviviale e festoso,<\/strong> che ha regalato tanti momenti di vera commozione ed emozione, nel rendere omaggio a celebrit\u00e0 ed eccellenze del mondo cinematografico, artistico, culturale e musicale. I talenti a cui sono stati assegnati riconoscimenti in questa edizione sono da ritenersi di elevato livello professionale ed umano. A ricevere il Vince, anche promettenti nuovi artisti.<\/p>\n<p style=\"text-align: justify\"><strong>Il Vince Award si conferma un appuntamento imperdibile per celebrare il talento<\/strong>, la passione e il contributo di chi, con il proprio lavoro, arricchisce il panorama culturale e artistico italiano, onorando nel contempo la memoria dell\u2019indimenticabile Vincenzo Crocitti.<\/p>\n<p style=\"text-align: justify\">\n","protected":false},"excerpt":{"rendered":"<p>Prestigioso riconoscimento all&#8217;attore e showman Reggino doc Gigi Miseferi che domenica 15 dicembre a Roma, ha ricevuto il Premio Vincenzo Crocitti International. Nel corso della XII edizione del \u201cVince Award\u201d,&hellip;<\/p>\n","protected":false},"author":12,"featured_media":63590,"comment_status":"closed","ping_status":"open","sticky":false,"template":"","format":"standard","meta":{"_jetpack_memberships_contains_paid_content":false,"footnotes":"","jetpack_publicize_message":"","jetpack_publicize_feature_enabled":true,"jetpack_social_post_already_shared":true,"jetpack_social_options":{"image_generator_settings":{"template":"highway","default_image_id":0,"font":"","enabled":false},"version":2}},"categories":[921,196,140],"tags":[4447,3800,38730,591,38731],"class_list":["post-63589","post","type-post","status-publish","format-standard","has-post-thumbnail","hentry","category-home","category-news","category-reggio-calabria","tag-gigi-miseferi","tag-lino-banfi","tag-premio-vincenzo-crocitti-international","tag-roma","tag-xii-edizione-del-vince-award"],"yoast_head":"<!-- This site is optimized with the Yoast SEO plugin v27.2 - https:\/\/yoast.com\/product\/yoast-seo-wordpress\/ -->\n<title>Premio Vincenzo Crocitti International all&#039;attore reggino Gigi Miseferi - Radio Touring 104<\/title>\n<meta name=\"description\" content=\"Il Premio consegnato all&#039;attore reggino, nel corso della XII edizione del \u201cVince Award\u201d, svolta il 15 dicembre a Roma\" \/>\n<meta name=\"robots\" content=\"index, follow, max-snippet:-1, max-image-preview:large, max-video-preview:-1\" \/>\n<link rel=\"canonical\" href=\"https:\/\/progettotouring.it\/radiotouring104\/2024\/12\/17\/premio-vincenzo-crocitti-international-allattore-reggino-gigi-miseferi\/\" \/>\n<meta property=\"og:locale\" content=\"it_IT\" \/>\n<meta property=\"og:type\" content=\"article\" \/>\n<meta property=\"og:title\" content=\"Premio Vincenzo Crocitti International all&#039;attore reggino Gigi Miseferi - Radio Touring 104\" \/>\n<meta property=\"og:description\" content=\"Il Premio consegnato all&#039;attore reggino, nel corso della XII edizione del \u201cVince Award\u201d, svolta il 15 dicembre a Roma\" \/>\n<meta property=\"og:url\" content=\"https:\/\/progettotouring.it\/radiotouring104\/2024\/12\/17\/premio-vincenzo-crocitti-international-allattore-reggino-gigi-miseferi\/\" \/>\n<meta property=\"og:site_name\" content=\"Radio Touring 104\" \/>\n<meta property=\"article:published_time\" content=\"2024-12-17T11:16:26+00:00\" \/>\n<meta property=\"og:image\" content=\"https:\/\/progettotouring.it\/radiotouring104\/wp-content\/uploads\/sites\/6\/2024\/12\/Miseferi-Lino-Banfi-Premio-Crocitti.jpg\" \/>\n\t<meta property=\"og:image:width\" content=\"439\" \/>\n\t<meta property=\"og:image:height\" content=\"432\" \/>\n\t<meta property=\"og:image:type\" content=\"image\/jpeg\" \/>\n<meta name=\"author\" content=\"Sebastiano Plutino\" \/>\n<meta name=\"twitter:card\" content=\"summary_large_image\" \/>\n<meta name=\"twitter:label1\" content=\"Scritto da\" \/>\n\t<meta name=\"twitter:data1\" content=\"Sebastiano Plutino\" \/>\n\t<meta name=\"twitter:label2\" content=\"Tempo di lettura stimato\" \/>\n\t<meta name=\"twitter:data2\" content=\"2 minuti\" \/>\n<script type=\"application\/ld+json\" class=\"yoast-schema-graph\">{\"@context\":\"https:\/\/schema.org\",\"@graph\":[{\"@type\":\"Article\",\"@id\":\"https:\/\/progettotouring.it\/radiotouring104\/2024\/12\/17\/premio-vincenzo-crocitti-international-allattore-reggino-gigi-miseferi\/#article\",\"isPartOf\":{\"@id\":\"https:\/\/progettotouring.it\/radiotouring104\/2024\/12\/17\/premio-vincenzo-crocitti-international-allattore-reggino-gigi-miseferi\/\"},\"author\":{\"name\":\"Sebastiano Plutino\",\"@id\":\"https:\/\/progettotouring.it\/radiotouring104\/#\/schema\/person\/78613917f1851f041f7483f5af1d422e\"},\"headline\":\"Premio Vincenzo Crocitti International all&#8217;attore reggino Gigi Miseferi\",\"datePublished\":\"2024-12-17T11:16:26+00:00\",\"mainEntityOfPage\":{\"@id\":\"https:\/\/progettotouring.it\/radiotouring104\/2024\/12\/17\/premio-vincenzo-crocitti-international-allattore-reggino-gigi-miseferi\/\"},\"wordCount\":328,\"publisher\":{\"@id\":\"https:\/\/progettotouring.it\/radiotouring104\/#organization\"},\"image\":{\"@id\":\"https:\/\/progettotouring.it\/radiotouring104\/2024\/12\/17\/premio-vincenzo-crocitti-international-allattore-reggino-gigi-miseferi\/#primaryimage\"},\"thumbnailUrl\":\"https:\/\/progettotouring.it\/radiotouring104\/wp-content\/uploads\/sites\/6\/2024\/12\/Miseferi-Lino-Banfi-Premio-Crocitti.jpg\",\"keywords\":[\"Gigi Miseferi\",\"Lino Banfi\",\"Premio Vincenzo Crocitti International\",\"Roma\",\"XII edizione del \u201cVince Award\u201d\"],\"articleSection\":[\"Home\",\"News\",\"Reggio Calabria\"],\"inLanguage\":\"it-IT\"},{\"@type\":\"WebPage\",\"@id\":\"https:\/\/progettotouring.it\/radiotouring104\/2024\/12\/17\/premio-vincenzo-crocitti-international-allattore-reggino-gigi-miseferi\/\",\"url\":\"https:\/\/progettotouring.it\/radiotouring104\/2024\/12\/17\/premio-vincenzo-crocitti-international-allattore-reggino-gigi-miseferi\/\",\"name\":\"Premio Vincenzo Crocitti International all'attore reggino Gigi Miseferi - Radio Touring 104\",\"isPartOf\":{\"@id\":\"https:\/\/progettotouring.it\/radiotouring104\/#website\"},\"primaryImageOfPage\":{\"@id\":\"https:\/\/progettotouring.it\/radiotouring104\/2024\/12\/17\/premio-vincenzo-crocitti-international-allattore-reggino-gigi-miseferi\/#primaryimage\"},\"image\":{\"@id\":\"https:\/\/progettotouring.it\/radiotouring104\/2024\/12\/17\/premio-vincenzo-crocitti-international-allattore-reggino-gigi-miseferi\/#primaryimage\"},\"thumbnailUrl\":\"https:\/\/progettotouring.it\/radiotouring104\/wp-content\/uploads\/sites\/6\/2024\/12\/Miseferi-Lino-Banfi-Premio-Crocitti.jpg\",\"datePublished\":\"2024-12-17T11:16:26+00:00\",\"description\":\"Il Premio consegnato all'attore reggino, nel corso della XII edizione del \u201cVince Award\u201d, svolta il 15 dicembre a Roma\",\"breadcrumb\":{\"@id\":\"https:\/\/progettotouring.it\/radiotouring104\/2024\/12\/17\/premio-vincenzo-crocitti-international-allattore-reggino-gigi-miseferi\/#breadcrumb\"},\"inLanguage\":\"it-IT\",\"potentialAction\":[{\"@type\":\"ReadAction\",\"target\":[\"https:\/\/progettotouring.it\/radiotouring104\/2024\/12\/17\/premio-vincenzo-crocitti-international-allattore-reggino-gigi-miseferi\/\"]}]},{\"@type\":\"ImageObject\",\"inLanguage\":\"it-IT\",\"@id\":\"https:\/\/progettotouring.it\/radiotouring104\/2024\/12\/17\/premio-vincenzo-crocitti-international-allattore-reggino-gigi-miseferi\/#primaryimage\",\"url\":\"https:\/\/progettotouring.it\/radiotouring104\/wp-content\/uploads\/sites\/6\/2024\/12\/Miseferi-Lino-Banfi-Premio-Crocitti.jpg\",\"contentUrl\":\"https:\/\/progettotouring.it\/radiotouring104\/wp-content\/uploads\/sites\/6\/2024\/12\/Miseferi-Lino-Banfi-Premio-Crocitti.jpg\",\"width\":439,\"height\":432},{\"@type\":\"BreadcrumbList\",\"@id\":\"https:\/\/progettotouring.it\/radiotouring104\/2024\/12\/17\/premio-vincenzo-crocitti-international-allattore-reggino-gigi-miseferi\/#breadcrumb\",\"itemListElement\":[{\"@type\":\"ListItem\",\"position\":1,\"name\":\"Home\",\"item\":\"https:\/\/progettotouring.it\/radiotouring104\/\"},{\"@type\":\"ListItem\",\"position\":2,\"name\":\"Premio Vincenzo Crocitti International all&#8217;attore reggino Gigi Miseferi\"}]},{\"@type\":\"WebSite\",\"@id\":\"https:\/\/progettotouring.it\/radiotouring104\/#website\",\"url\":\"https:\/\/progettotouring.it\/radiotouring104\/\",\"name\":\"Radio Touring 104\",\"description\":\"La prima radio Reggina\",\"publisher\":{\"@id\":\"https:\/\/progettotouring.it\/radiotouring104\/#organization\"},\"potentialAction\":[{\"@type\":\"SearchAction\",\"target\":{\"@type\":\"EntryPoint\",\"urlTemplate\":\"https:\/\/progettotouring.it\/radiotouring104\/?s={search_term_string}\"},\"query-input\":{\"@type\":\"PropertyValueSpecification\",\"valueRequired\":true,\"valueName\":\"search_term_string\"}}],\"inLanguage\":\"it-IT\"},{\"@type\":\"Organization\",\"@id\":\"https:\/\/progettotouring.it\/radiotouring104\/#organization\",\"name\":\"Radio Touring 104\",\"url\":\"https:\/\/progettotouring.it\/radiotouring104\/\",\"logo\":{\"@type\":\"ImageObject\",\"inLanguage\":\"it-IT\",\"@id\":\"https:\/\/progettotouring.it\/radiotouring104\/#\/schema\/logo\/image\/\",\"url\":\"https:\/\/progettotouring.it\/radiotouring104\/wp-content\/uploads\/sites\/6\/2022\/02\/cropped-logo-radio-touring-104.png\",\"contentUrl\":\"https:\/\/progettotouring.it\/radiotouring104\/wp-content\/uploads\/sites\/6\/2022\/02\/cropped-logo-radio-touring-104.png\",\"width\":377,\"height\":182,\"caption\":\"Radio Touring 104\"},\"image\":{\"@id\":\"https:\/\/progettotouring.it\/radiotouring104\/#\/schema\/logo\/image\/\"}},{\"@type\":\"Person\",\"@id\":\"https:\/\/progettotouring.it\/radiotouring104\/#\/schema\/person\/78613917f1851f041f7483f5af1d422e\",\"name\":\"Sebastiano Plutino\",\"image\":{\"@type\":\"ImageObject\",\"inLanguage\":\"it-IT\",\"@id\":\"https:\/\/secure.gravatar.com\/avatar\/0546ffaa9b79224faf9f2a156b67a529ae861d3287c66c1d8ccfdf909bcba78d?s=96&d=mm&r=g\",\"url\":\"https:\/\/secure.gravatar.com\/avatar\/0546ffaa9b79224faf9f2a156b67a529ae861d3287c66c1d8ccfdf909bcba78d?s=96&d=mm&r=g\",\"contentUrl\":\"https:\/\/secure.gravatar.com\/avatar\/0546ffaa9b79224faf9f2a156b67a529ae861d3287c66c1d8ccfdf909bcba78d?s=96&d=mm&r=g\",\"caption\":\"Sebastiano Plutino\"},\"url\":\"https:\/\/progettotouring.it\/radiotouring104\/author\/sebastiano\/\"}]}<\/script>\n<!-- \/ Yoast SEO plugin. -->","yoast_head_json":{"title":"Premio Vincenzo Crocitti International all'attore reggino Gigi Miseferi - Radio Touring 104","description":"Il Premio consegnato all'attore reggino, nel corso della XII edizione del \u201cVince Award\u201d, svolta il 15 dicembre a Roma","robots":{"index":"index","follow":"follow","max-snippet":"max-snippet:-1","max-image-preview":"max-image-preview:large","max-video-preview":"max-video-preview:-1"},"canonical":"https:\/\/progettotouring.it\/radiotouring104\/2024\/12\/17\/premio-vincenzo-crocitti-international-allattore-reggino-gigi-miseferi\/","og_locale":"it_IT","og_type":"article","og_title":"Premio Vincenzo Crocitti International all'attore reggino Gigi Miseferi - Radio Touring 104","og_description":"Il Premio consegnato all'attore reggino, nel corso della XII edizione del \u201cVince Award\u201d, svolta il 15 dicembre a Roma","og_url":"https:\/\/progettotouring.it\/radiotouring104\/2024\/12\/17\/premio-vincenzo-crocitti-international-allattore-reggino-gigi-miseferi\/","og_site_name":"Radio Touring 104","article_published_time":"2024-12-17T11:16:26+00:00","og_image":[{"width":439,"height":432,"url":"https:\/\/progettotouring.it\/radiotouring104\/wp-content\/uploads\/sites\/6\/2024\/12\/Miseferi-Lino-Banfi-Premio-Crocitti.jpg","type":"image\/jpeg"}],"author":"Sebastiano Plutino","twitter_card":"summary_large_image","twitter_misc":{"Scritto da":"Sebastiano Plutino","Tempo di lettura stimato":"2 minuti"},"schema":{"@context":"https:\/\/schema.org","@graph":[{"@type":"Article","@id":"https:\/\/progettotouring.it\/radiotouring104\/2024\/12\/17\/premio-vincenzo-crocitti-international-allattore-reggino-gigi-miseferi\/#article","isPartOf":{"@id":"https:\/\/progettotouring.it\/radiotouring104\/2024\/12\/17\/premio-vincenzo-crocitti-international-allattore-reggino-gigi-miseferi\/"},"author":{"name":"Sebastiano Plutino","@id":"https:\/\/progettotouring.it\/radiotouring104\/#\/schema\/person\/78613917f1851f041f7483f5af1d422e"},"headline":"Premio Vincenzo Crocitti International all&#8217;attore reggino Gigi Miseferi","datePublished":"2024-12-17T11:16:26+00:00","mainEntityOfPage":{"@id":"https:\/\/progettotouring.it\/radiotouring104\/2024\/12\/17\/premio-vincenzo-crocitti-international-allattore-reggino-gigi-miseferi\/"},"wordCount":328,"publisher":{"@id":"https:\/\/progettotouring.it\/radiotouring104\/#organization"},"image":{"@id":"https:\/\/progettotouring.it\/radiotouring104\/2024\/12\/17\/premio-vincenzo-crocitti-international-allattore-reggino-gigi-miseferi\/#primaryimage"},"thumbnailUrl":"https:\/\/progettotouring.it\/radiotouring104\/wp-content\/uploads\/sites\/6\/2024\/12\/Miseferi-Lino-Banfi-Premio-Crocitti.jpg","keywords":["Gigi Miseferi","Lino Banfi","Premio Vincenzo Crocitti International","Roma","XII edizione del \u201cVince Award\u201d"],"articleSection":["Home","News","Reggio Calabria"],"inLanguage":"it-IT"},{"@type":"WebPage","@id":"https:\/\/progettotouring.it\/radiotouring104\/2024\/12\/17\/premio-vincenzo-crocitti-international-allattore-reggino-gigi-miseferi\/","url":"https:\/\/progettotouring.it\/radiotouring104\/2024\/12\/17\/premio-vincenzo-crocitti-international-allattore-reggino-gigi-miseferi\/","name":"Premio Vincenzo Crocitti International all'attore reggino Gigi Miseferi - Radio Touring 104","isPartOf":{"@id":"https:\/\/progettotouring.it\/radiotouring104\/#website"},"primaryImageOfPage":{"@id":"https:\/\/progettotouring.it\/radiotouring104\/2024\/12\/17\/premio-vincenzo-crocitti-international-allattore-reggino-gigi-miseferi\/#primaryimage"},"image":{"@id":"https:\/\/progettotouring.it\/radiotouring104\/2024\/12\/17\/premio-vincenzo-crocitti-international-allattore-reggino-gigi-miseferi\/#primaryimage"},"thumbnailUrl":"https:\/\/progettotouring.it\/radiotouring104\/wp-content\/uploads\/sites\/6\/2024\/12\/Miseferi-Lino-Banfi-Premio-Crocitti.jpg","datePublished":"2024-12-17T11:16:26+00:00","description":"Il Premio consegnato all'attore reggino, nel corso della XII edizione del \u201cVince Award\u201d, svolta il 15 dicembre a Roma","breadcrumb":{"@id":"https:\/\/progettotouring.it\/radiotouring104\/2024\/12\/17\/premio-vincenzo-crocitti-international-allattore-reggino-gigi-miseferi\/#breadcrumb"},"inLanguage":"it-IT","potentialAction":[{"@type":"ReadAction","target":["https:\/\/progettotouring.it\/radiotouring104\/2024\/12\/17\/premio-vincenzo-crocitti-international-allattore-reggino-gigi-miseferi\/"]}]},{"@type":"ImageObject","inLanguage":"it-IT","@id":"https:\/\/progettotouring.it\/radiotouring104\/2024\/12\/17\/premio-vincenzo-crocitti-international-allattore-reggino-gigi-miseferi\/#primaryimage","url":"https:\/\/progettotouring.it\/radiotouring104\/wp-content\/uploads\/sites\/6\/2024\/12\/Miseferi-Lino-Banfi-Premio-Crocitti.jpg","contentUrl":"https:\/\/progettotouring.it\/radiotouring104\/wp-content\/uploads\/sites\/6\/2024\/12\/Miseferi-Lino-Banfi-Premio-Crocitti.jpg","width":439,"height":432},{"@type":"BreadcrumbList","@id":"https:\/\/progettotouring.it\/radiotouring104\/2024\/12\/17\/premio-vincenzo-crocitti-international-allattore-reggino-gigi-miseferi\/#breadcrumb","itemListElement":[{"@type":"ListItem","position":1,"name":"Home","item":"https:\/\/progettotouring.it\/radiotouring104\/"},{"@type":"ListItem","position":2,"name":"Premio Vincenzo Crocitti International all&#8217;attore reggino Gigi Miseferi"}]},{"@type":"WebSite","@id":"https:\/\/progettotouring.it\/radiotouring104\/#website","url":"https:\/\/progettotouring.it\/radiotouring104\/","name":"Radio Touring 104","description":"La prima radio Reggina","publisher":{"@id":"https:\/\/progettotouring.it\/radiotouring104\/#organization"},"potentialAction":[{"@type":"SearchAction","target":{"@type":"EntryPoint","urlTemplate":"https:\/\/progettotouring.it\/radiotouring104\/?s={search_term_string}"},"query-input":{"@type":"PropertyValueSpecification","valueRequired":true,"valueName":"search_term_string"}}],"inLanguage":"it-IT"},{"@type":"Organization","@id":"https:\/\/progettotouring.it\/radiotouring104\/#organization","name":"Radio Touring 104","url":"https:\/\/progettotouring.it\/radiotouring104\/","logo":{"@type":"ImageObject","inLanguage":"it-IT","@id":"https:\/\/progettotouring.it\/radiotouring104\/#\/schema\/logo\/image\/","url":"https:\/\/progettotouring.it\/radiotouring104\/wp-content\/uploads\/sites\/6\/2022\/02\/cropped-logo-radio-touring-104.png","contentUrl":"https:\/\/progettotouring.it\/radiotouring104\/wp-content\/uploads\/sites\/6\/2022\/02\/cropped-logo-radio-touring-104.png","width":377,"height":182,"caption":"Radio Touring 104"},"image":{"@id":"https:\/\/progettotouring.it\/radiotouring104\/#\/schema\/logo\/image\/"}},{"@type":"Person","@id":"https:\/\/progettotouring.it\/radiotouring104\/#\/schema\/person\/78613917f1851f041f7483f5af1d422e","name":"Sebastiano Plutino","image":{"@type":"ImageObject","inLanguage":"it-IT","@id":"https:\/\/secure.gravatar.com\/avatar\/0546ffaa9b79224faf9f2a156b67a529ae861d3287c66c1d8ccfdf909bcba78d?s=96&d=mm&r=g","url":"https:\/\/secure.gravatar.com\/avatar\/0546ffaa9b79224faf9f2a156b67a529ae861d3287c66c1d8ccfdf909bcba78d?s=96&d=mm&r=g","contentUrl":"https:\/\/secure.gravatar.com\/avatar\/0546ffaa9b79224faf9f2a156b67a529ae861d3287c66c1d8ccfdf909bcba78d?s=96&d=mm&r=g","caption":"Sebastiano Plutino"},"url":"https:\/\/progettotouring.it\/radiotouring104\/author\/sebastiano\/"}]}},"jetpack_publicize_connections":[],"jetpack_featured_media_url":"https:\/\/progettotouring.it\/radiotouring104\/wp-content\/uploads\/sites\/6\/2024\/12\/Miseferi-Lino-Banfi-Premio-Crocitti.jpg","jetpack_sharing_enabled":true,"_links":{"self":[{"href":"https:\/\/progettotouring.it\/radiotouring104\/wp-json\/wp\/v2\/posts\/63589","targetHints":{"allow":["GET"]}}],"collection":[{"href":"https:\/\/progettotouring.it\/radiotouring104\/wp-json\/wp\/v2\/posts"}],"about":[{"href":"https:\/\/progettotouring.it\/radiotouring104\/wp-json\/wp\/v2\/types\/post"}],"author":[{"embeddable":true,"href":"https:\/\/progettotouring.it\/radiotouring104\/wp-json\/wp\/v2\/users\/12"}],"replies":[{"embeddable":true,"href":"https:\/\/progettotouring.it\/radiotouring104\/wp-json\/wp\/v2\/comments?post=63589"}],"version-history":[{"count":2,"href":"https:\/\/progettotouring.it\/radiotouring104\/wp-json\/wp\/v2\/posts\/63589\/revisions"}],"predecessor-version":[{"id":64005,"href":"https:\/\/progettotouring.it\/radiotouring104\/wp-json\/wp\/v2\/posts\/63589\/revisions\/64005"}],"wp:featuredmedia":[{"embeddable":true,"href":"https:\/\/progettotouring.it\/radiotouring104\/wp-json\/wp\/v2\/media\/63590"}],"wp:attachment":[{"href":"https:\/\/progettotouring.it\/radiotouring104\/wp-json\/wp\/v2\/media?parent=63589"}],"wp:term":[{"taxonomy":"category","embeddable":true,"href":"https:\/\/progettotouring.it\/radiotouring104\/wp-json\/wp\/v2\/categories?post=63589"},{"taxonomy":"post_tag","embeddable":true,"href":"https:\/\/progettotouring.it\/radiotouring104\/wp-json\/wp\/v2\/tags?post=63589"}],"curies":[{"name":"wp","href":"https:\/\/api.w.org\/{rel}","templated":true}]}}