{"id":63594,"date":"2024-12-17T12:26:43","date_gmt":"2024-12-17T11:26:43","guid":{"rendered":"https:\/\/progettotouring.it\/radiotouring104\/?p=63594"},"modified":"2024-12-17T12:26:43","modified_gmt":"2024-12-17T11:26:43","slug":"reggio-ultima-in-qualita-di-vita-minasi-classifiche-non-sono-un-atto-politico-ma-fotografano-la-realta","status":"publish","type":"post","link":"https:\/\/progettotouring.it\/radiotouring104\/2024\/12\/17\/reggio-ultima-in-qualita-di-vita-minasi-classifiche-non-sono-un-atto-politico-ma-fotografano-la-realta\/","title":{"rendered":"Reggio ultima in Qualit\u00e0 di Vita, Minasi &#8220;Classifiche non sono un atto politico, ma fotografano la realt\u00e0&#8221;"},"content":{"rendered":"<p style=\"text-align: justify\"><em>\u00abI numeri descrivono, i fatti parlano.<b>\u00a0<\/b>Addossare ad altri le proprie colpe e ridurre tutto a una divisione tra Nord e Sud \u00e8 un modo inaccettabile di mistificare la realt\u00e0\u00bb.<span class=\"xmprfx_gmail-Apple-converted-space\">\u00a0<\/span><\/em><\/p>\n<p style=\"text-align: justify\">Inizia cos\u00ec una<strong> nota della Senatrice della Lega Tilde Minasi,<\/strong> con la quale replica alle dichiarazioni del sindaco di Reggio Calabria,<strong> Giuseppe Falcomat\u00e0, sulla classifica del Sole24Ore<\/strong> che colloca la citt\u00e0 tra le ultime per qualit\u00e0 della vita.<\/p>\n<p style=\"text-align: justify\"><em>\u00abI numeri raccontano ci\u00f2 che non si pu\u00f2 pi\u00f9 nascondere: una citt\u00e0 che soffre per anni di gestione amministrativa fallimentare, mentre i cittadini aspettano risposte su problemi fondamentali come i servizi essenziali, il decoro urbano e le infrastrutture di base\u00bb,<\/em><strong> incalza la Senatrice,<\/strong> sottolineando la mancata capacit\u00e0 di affrontare le reali necessit\u00e0 della citt\u00e0.<\/p>\n<p style=\"text-align: justify\"><strong>Minasi ribadisce poi con forza l\u2019impegno del Governo<\/strong> negli ultimi due anni, evidenziando i risultati concreti gi\u00e0 raggiunti: <em>\u00abParlare di indicatori &#8220;risibili&#8221; o &#8220;fuori dalla realt\u00e0&#8221;, come ha fatto il sindaco Falcomat\u00e0, \u00e8 un insulto ai cittadini che ogni giorno vivono i disagi della citt\u00e0. I fatti, invece, dimostrano che il Governo sta facendo la sua parte per cambiare le cose!<\/em><\/p>\n<p style=\"text-align: justify\"><em>Penso, per esempio, al rilancio dell\u2019aeroporto Tito Minniti, che oggi registra un aumento significativo del traffico aereo e passeggeri, con enormi ricadute positive sul territorio, rese possibili proprio grazie all\u2019intervento del Ministro Matteo Salvini, che ha fatto cadere le limitazioni per il decollo e l\u2019atterraggio, creando le basi per l\u2019accordo del Governatore Occhiuto con Ryanair.<span class=\"xmprfx_gmail-Apple-converted-space\">\u00a0<\/span>Uno scalo che \u00e8 stato a lungo emblema dell\u2019abbandono del territorio e che adesso \u00e8 tornato al centro delle strategie di crescita della politica.<\/em><\/p>\n<p style=\"text-align: justify\"><em>Penso ancora \u2013<\/em><strong> continua Minasi \u2013<\/strong><em> al via libera epocale della Commissione Tecnica di Valutazione dell\u2019Impatto Ambientale per il Ponte sullo Stretto, infrastruttura che non solo rivoluzioner\u00e0 la mobilit\u00e0 tra Calabria e Sicilia, ma creer\u00e0 migliaia di posti di lavoro, dando nuove opportunit\u00e0 di sviluppo economico e sociale per tutto il Meridione, anche in termini turistici.<\/em><\/p>\n<p style=\"text-align: justify\"><em>E penso ai finanziamenti milionari per la messa in sicurezza del territorio contro il dissesto idrogeologico, oltre 44 milioni di euro per tutta la Calabria, di cui oltre 3 e mezzo per la sola citt\u00e0 di Reggio.<span class=\"xmprfx_gmail-Apple-converted-space\">\u00a0<\/span><\/em><\/p>\n<p style=\"text-align: justify\"><em>Non ci fermiamo qui \u2013<\/em> <strong>dichiara la Senatrice<\/strong>, <em>rimarcando l\u2019importanza di una visione strategica per il futuro del Sud \u2013 Abbiamo, infatti, avviato interventi fondamentali per migliorare le reti ferroviarie e stradali della Calabria, rendendo i collegamenti con il resto del Paese pi\u00f9 efficienti e competitivi. Azioni cruciali per dare nuovo impulso alla regione e consentirle di ripartire\u00bb.<\/em><\/p>\n<p style=\"text-align: justify\"><strong>Incalzando ulteriormente, Minasi sottolinea le responsabilit\u00e0 locali:<\/strong><em> \u00abLe classifiche non sono un attacco politico, ma un dato di fatto che fotografa la realt\u00e0. Anzich\u00e9 scaricare le colpe sugli altri, chi ha amministrato per anni la citt\u00e0 dovrebbe chiedersi perch\u00e9 i problemi di Reggio Calabria restino ancora irrisolti. \u00c8 troppo facile criticare, quando invece sarebbe necessario guardare ai propri fallimenti e assumersi le proprie responsabilit\u00e0.<\/em><\/p>\n<p style=\"text-align: justify\"><em>Per parte nostra<strong> \u2013<\/strong><\/em><strong> conclude la Senatrice \u2013<\/strong> <em>lavoreremo ancora con determinazione per cambiare il volto di questa citt\u00e0 e offrire ai suoi cittadini un futuro migliore. Il nostro obiettivo \u00e8 chiaro: fare in modo che Reggio Calabria possa finalmente essere un esempio di riscatto, efficienza e sviluppo. I numeri descrivono, i fatti parlano: noi siamo qui per agire, non per trovare scuse\u00bb.<\/em><\/p>\n","protected":false},"excerpt":{"rendered":"<p>\u00abI numeri descrivono, i fatti parlano.\u00a0Addossare ad altri le proprie colpe e ridurre tutto a una divisione tra Nord e Sud \u00e8 un modo inaccettabile di mistificare la realt\u00e0\u00bb.\u00a0 Inizia&hellip;<\/p>\n","protected":false},"author":12,"featured_media":10212,"comment_status":"closed","ping_status":"open","sticky":false,"template":"","format":"standard","meta":{"_jetpack_memberships_contains_paid_content":false,"footnotes":"","jetpack_publicize_message":"","jetpack_publicize_feature_enabled":true,"jetpack_social_post_already_shared":true,"jetpack_social_options":{"image_generator_settings":{"template":"highway","default_image_id":0,"font":"","enabled":false},"version":2}},"categories":[921,196,140],"tags":[30300,38732,38733,23540,1412],"class_list":["post-63594","post","type-post","status-publish","format-standard","has-post-thumbnail","hentry","category-home","category-news","category-reggio-calabria","tag-amministrazione-comuinale-di-reggio-calabria","tag-qualita-di-vita","tag-reggio-ultima","tag-sole-24-ore","tag-tilde-minasi"],"yoast_head":"<!-- This site is optimized with the Yoast SEO plugin v27.2 - https:\/\/yoast.com\/product\/yoast-seo-wordpress\/ -->\n<title>Reggio ultima in Qualit\u00e0 di Vita, Minasi &quot;Classifiche non sono un atto politico, ma fotografano la realt\u00e0&quot; - Radio Touring 104<\/title>\n<meta name=\"description\" content=\"&quot;L&#039;amministrazione Comunale prenda atto del proprio fallimento&quot;, dichiara la Senatrice leghista reggina, Tilde MInasi\" \/>\n<meta name=\"robots\" content=\"index, follow, max-snippet:-1, max-image-preview:large, max-video-preview:-1\" \/>\n<link rel=\"canonical\" href=\"https:\/\/progettotouring.it\/radiotouring104\/2024\/12\/17\/reggio-ultima-in-qualita-di-vita-minasi-classifiche-non-sono-un-atto-politico-ma-fotografano-la-realta\/\" \/>\n<meta property=\"og:locale\" content=\"it_IT\" \/>\n<meta property=\"og:type\" content=\"article\" \/>\n<meta property=\"og:title\" content=\"Reggio ultima in Qualit\u00e0 di Vita, Minasi &quot;Classifiche non sono un atto politico, ma fotografano la realt\u00e0&quot; - Radio Touring 104\" \/>\n<meta property=\"og:description\" content=\"&quot;L&#039;amministrazione Comunale prenda atto del proprio fallimento&quot;, dichiara la Senatrice leghista reggina, Tilde MInasi\" \/>\n<meta property=\"og:url\" content=\"https:\/\/progettotouring.it\/radiotouring104\/2024\/12\/17\/reggio-ultima-in-qualita-di-vita-minasi-classifiche-non-sono-un-atto-politico-ma-fotografano-la-realta\/\" \/>\n<meta property=\"og:site_name\" content=\"Radio Touring 104\" \/>\n<meta property=\"article:published_time\" content=\"2024-12-17T11:26:43+00:00\" \/>\n<meta property=\"og:image\" content=\"https:\/\/progettotouring.it\/radiotouring104\/wp-content\/uploads\/sites\/6\/2022\/10\/tilde-minasi.jpg\" \/>\n\t<meta property=\"og:image:width\" content=\"932\" \/>\n\t<meta property=\"og:image:height\" content=\"716\" \/>\n\t<meta property=\"og:image:type\" content=\"image\/jpeg\" \/>\n<meta name=\"author\" content=\"Sebastiano Plutino\" \/>\n<meta name=\"twitter:card\" content=\"summary_large_image\" \/>\n<meta name=\"twitter:label1\" content=\"Scritto da\" \/>\n\t<meta name=\"twitter:data1\" content=\"Sebastiano Plutino\" \/>\n\t<meta name=\"twitter:label2\" content=\"Tempo di lettura stimato\" \/>\n\t<meta name=\"twitter:data2\" content=\"3 minuti\" \/>\n<script type=\"application\/ld+json\" class=\"yoast-schema-graph\">{\"@context\":\"https:\/\/schema.org\",\"@graph\":[{\"@type\":\"Article\",\"@id\":\"https:\/\/progettotouring.it\/radiotouring104\/2024\/12\/17\/reggio-ultima-in-qualita-di-vita-minasi-classifiche-non-sono-un-atto-politico-ma-fotografano-la-realta\/#article\",\"isPartOf\":{\"@id\":\"https:\/\/progettotouring.it\/radiotouring104\/2024\/12\/17\/reggio-ultima-in-qualita-di-vita-minasi-classifiche-non-sono-un-atto-politico-ma-fotografano-la-realta\/\"},\"author\":{\"name\":\"Sebastiano Plutino\",\"@id\":\"https:\/\/progettotouring.it\/radiotouring104\/#\/schema\/person\/78613917f1851f041f7483f5af1d422e\"},\"headline\":\"Reggio ultima in Qualit\u00e0 di Vita, Minasi &#8220;Classifiche non sono un atto politico, ma fotografano la realt\u00e0&#8221;\",\"datePublished\":\"2024-12-17T11:26:43+00:00\",\"mainEntityOfPage\":{\"@id\":\"https:\/\/progettotouring.it\/radiotouring104\/2024\/12\/17\/reggio-ultima-in-qualita-di-vita-minasi-classifiche-non-sono-un-atto-politico-ma-fotografano-la-realta\/\"},\"wordCount\":552,\"publisher\":{\"@id\":\"https:\/\/progettotouring.it\/radiotouring104\/#organization\"},\"image\":{\"@id\":\"https:\/\/progettotouring.it\/radiotouring104\/2024\/12\/17\/reggio-ultima-in-qualita-di-vita-minasi-classifiche-non-sono-un-atto-politico-ma-fotografano-la-realta\/#primaryimage\"},\"thumbnailUrl\":\"https:\/\/progettotouring.it\/radiotouring104\/wp-content\/uploads\/sites\/6\/2022\/10\/tilde-minasi.jpg\",\"keywords\":[\"Amministrazione comuinale di Reggio Calabria\",\"Qualit\u00e0 di Vita\",\"Reggio ultima\",\"Sole 24 Ore\",\"Tilde Minasi\"],\"articleSection\":[\"Home\",\"News\",\"Reggio Calabria\"],\"inLanguage\":\"it-IT\"},{\"@type\":\"WebPage\",\"@id\":\"https:\/\/progettotouring.it\/radiotouring104\/2024\/12\/17\/reggio-ultima-in-qualita-di-vita-minasi-classifiche-non-sono-un-atto-politico-ma-fotografano-la-realta\/\",\"url\":\"https:\/\/progettotouring.it\/radiotouring104\/2024\/12\/17\/reggio-ultima-in-qualita-di-vita-minasi-classifiche-non-sono-un-atto-politico-ma-fotografano-la-realta\/\",\"name\":\"Reggio ultima in Qualit\u00e0 di Vita, Minasi \\\"Classifiche non sono un atto politico, ma fotografano la realt\u00e0\\\" - Radio Touring 104\",\"isPartOf\":{\"@id\":\"https:\/\/progettotouring.it\/radiotouring104\/#website\"},\"primaryImageOfPage\":{\"@id\":\"https:\/\/progettotouring.it\/radiotouring104\/2024\/12\/17\/reggio-ultima-in-qualita-di-vita-minasi-classifiche-non-sono-un-atto-politico-ma-fotografano-la-realta\/#primaryimage\"},\"image\":{\"@id\":\"https:\/\/progettotouring.it\/radiotouring104\/2024\/12\/17\/reggio-ultima-in-qualita-di-vita-minasi-classifiche-non-sono-un-atto-politico-ma-fotografano-la-realta\/#primaryimage\"},\"thumbnailUrl\":\"https:\/\/progettotouring.it\/radiotouring104\/wp-content\/uploads\/sites\/6\/2022\/10\/tilde-minasi.jpg\",\"datePublished\":\"2024-12-17T11:26:43+00:00\",\"description\":\"\\\"L'amministrazione Comunale prenda atto del proprio fallimento\\\", dichiara la Senatrice leghista reggina, Tilde MInasi\",\"breadcrumb\":{\"@id\":\"https:\/\/progettotouring.it\/radiotouring104\/2024\/12\/17\/reggio-ultima-in-qualita-di-vita-minasi-classifiche-non-sono-un-atto-politico-ma-fotografano-la-realta\/#breadcrumb\"},\"inLanguage\":\"it-IT\",\"potentialAction\":[{\"@type\":\"ReadAction\",\"target\":[\"https:\/\/progettotouring.it\/radiotouring104\/2024\/12\/17\/reggio-ultima-in-qualita-di-vita-minasi-classifiche-non-sono-un-atto-politico-ma-fotografano-la-realta\/\"]}]},{\"@type\":\"ImageObject\",\"inLanguage\":\"it-IT\",\"@id\":\"https:\/\/progettotouring.it\/radiotouring104\/2024\/12\/17\/reggio-ultima-in-qualita-di-vita-minasi-classifiche-non-sono-un-atto-politico-ma-fotografano-la-realta\/#primaryimage\",\"url\":\"https:\/\/progettotouring.it\/radiotouring104\/wp-content\/uploads\/sites\/6\/2022\/10\/tilde-minasi.jpg\",\"contentUrl\":\"https:\/\/progettotouring.it\/radiotouring104\/wp-content\/uploads\/sites\/6\/2022\/10\/tilde-minasi.jpg\",\"width\":932,\"height\":716},{\"@type\":\"BreadcrumbList\",\"@id\":\"https:\/\/progettotouring.it\/radiotouring104\/2024\/12\/17\/reggio-ultima-in-qualita-di-vita-minasi-classifiche-non-sono-un-atto-politico-ma-fotografano-la-realta\/#breadcrumb\",\"itemListElement\":[{\"@type\":\"ListItem\",\"position\":1,\"name\":\"Home\",\"item\":\"https:\/\/progettotouring.it\/radiotouring104\/\"},{\"@type\":\"ListItem\",\"position\":2,\"name\":\"Reggio ultima in Qualit\u00e0 di Vita, Minasi &#8220;Classifiche non sono un atto politico, ma fotografano la realt\u00e0&#8221;\"}]},{\"@type\":\"WebSite\",\"@id\":\"https:\/\/progettotouring.it\/radiotouring104\/#website\",\"url\":\"https:\/\/progettotouring.it\/radiotouring104\/\",\"name\":\"Radio Touring 104\",\"description\":\"La prima radio Reggina\",\"publisher\":{\"@id\":\"https:\/\/progettotouring.it\/radiotouring104\/#organization\"},\"potentialAction\":[{\"@type\":\"SearchAction\",\"target\":{\"@type\":\"EntryPoint\",\"urlTemplate\":\"https:\/\/progettotouring.it\/radiotouring104\/?s={search_term_string}\"},\"query-input\":{\"@type\":\"PropertyValueSpecification\",\"valueRequired\":true,\"valueName\":\"search_term_string\"}}],\"inLanguage\":\"it-IT\"},{\"@type\":\"Organization\",\"@id\":\"https:\/\/progettotouring.it\/radiotouring104\/#organization\",\"name\":\"Radio Touring 104\",\"url\":\"https:\/\/progettotouring.it\/radiotouring104\/\",\"logo\":{\"@type\":\"ImageObject\",\"inLanguage\":\"it-IT\",\"@id\":\"https:\/\/progettotouring.it\/radiotouring104\/#\/schema\/logo\/image\/\",\"url\":\"https:\/\/progettotouring.it\/radiotouring104\/wp-content\/uploads\/sites\/6\/2022\/02\/cropped-logo-radio-touring-104.png\",\"contentUrl\":\"https:\/\/progettotouring.it\/radiotouring104\/wp-content\/uploads\/sites\/6\/2022\/02\/cropped-logo-radio-touring-104.png\",\"width\":377,\"height\":182,\"caption\":\"Radio Touring 104\"},\"image\":{\"@id\":\"https:\/\/progettotouring.it\/radiotouring104\/#\/schema\/logo\/image\/\"}},{\"@type\":\"Person\",\"@id\":\"https:\/\/progettotouring.it\/radiotouring104\/#\/schema\/person\/78613917f1851f041f7483f5af1d422e\",\"name\":\"Sebastiano Plutino\",\"image\":{\"@type\":\"ImageObject\",\"inLanguage\":\"it-IT\",\"@id\":\"https:\/\/secure.gravatar.com\/avatar\/0546ffaa9b79224faf9f2a156b67a529ae861d3287c66c1d8ccfdf909bcba78d?s=96&d=mm&r=g\",\"url\":\"https:\/\/secure.gravatar.com\/avatar\/0546ffaa9b79224faf9f2a156b67a529ae861d3287c66c1d8ccfdf909bcba78d?s=96&d=mm&r=g\",\"contentUrl\":\"https:\/\/secure.gravatar.com\/avatar\/0546ffaa9b79224faf9f2a156b67a529ae861d3287c66c1d8ccfdf909bcba78d?s=96&d=mm&r=g\",\"caption\":\"Sebastiano Plutino\"},\"url\":\"https:\/\/progettotouring.it\/radiotouring104\/author\/sebastiano\/\"}]}<\/script>\n<!-- \/ Yoast SEO plugin. -->","yoast_head_json":{"title":"Reggio ultima in Qualit\u00e0 di Vita, Minasi \"Classifiche non sono un atto politico, ma fotografano la realt\u00e0\" - Radio Touring 104","description":"\"L'amministrazione Comunale prenda atto del proprio fallimento\", dichiara la Senatrice leghista reggina, Tilde MInasi","robots":{"index":"index","follow":"follow","max-snippet":"max-snippet:-1","max-image-preview":"max-image-preview:large","max-video-preview":"max-video-preview:-1"},"canonical":"https:\/\/progettotouring.it\/radiotouring104\/2024\/12\/17\/reggio-ultima-in-qualita-di-vita-minasi-classifiche-non-sono-un-atto-politico-ma-fotografano-la-realta\/","og_locale":"it_IT","og_type":"article","og_title":"Reggio ultima in Qualit\u00e0 di Vita, Minasi \"Classifiche non sono un atto politico, ma fotografano la realt\u00e0\" - Radio Touring 104","og_description":"\"L'amministrazione Comunale prenda atto del proprio fallimento\", dichiara la Senatrice leghista reggina, Tilde MInasi","og_url":"https:\/\/progettotouring.it\/radiotouring104\/2024\/12\/17\/reggio-ultima-in-qualita-di-vita-minasi-classifiche-non-sono-un-atto-politico-ma-fotografano-la-realta\/","og_site_name":"Radio Touring 104","article_published_time":"2024-12-17T11:26:43+00:00","og_image":[{"width":932,"height":716,"url":"https:\/\/progettotouring.it\/radiotouring104\/wp-content\/uploads\/sites\/6\/2022\/10\/tilde-minasi.jpg","type":"image\/jpeg"}],"author":"Sebastiano Plutino","twitter_card":"summary_large_image","twitter_misc":{"Scritto da":"Sebastiano Plutino","Tempo di lettura stimato":"3 minuti"},"schema":{"@context":"https:\/\/schema.org","@graph":[{"@type":"Article","@id":"https:\/\/progettotouring.it\/radiotouring104\/2024\/12\/17\/reggio-ultima-in-qualita-di-vita-minasi-classifiche-non-sono-un-atto-politico-ma-fotografano-la-realta\/#article","isPartOf":{"@id":"https:\/\/progettotouring.it\/radiotouring104\/2024\/12\/17\/reggio-ultima-in-qualita-di-vita-minasi-classifiche-non-sono-un-atto-politico-ma-fotografano-la-realta\/"},"author":{"name":"Sebastiano Plutino","@id":"https:\/\/progettotouring.it\/radiotouring104\/#\/schema\/person\/78613917f1851f041f7483f5af1d422e"},"headline":"Reggio ultima in Qualit\u00e0 di Vita, Minasi &#8220;Classifiche non sono un atto politico, ma fotografano la realt\u00e0&#8221;","datePublished":"2024-12-17T11:26:43+00:00","mainEntityOfPage":{"@id":"https:\/\/progettotouring.it\/radiotouring104\/2024\/12\/17\/reggio-ultima-in-qualita-di-vita-minasi-classifiche-non-sono-un-atto-politico-ma-fotografano-la-realta\/"},"wordCount":552,"publisher":{"@id":"https:\/\/progettotouring.it\/radiotouring104\/#organization"},"image":{"@id":"https:\/\/progettotouring.it\/radiotouring104\/2024\/12\/17\/reggio-ultima-in-qualita-di-vita-minasi-classifiche-non-sono-un-atto-politico-ma-fotografano-la-realta\/#primaryimage"},"thumbnailUrl":"https:\/\/progettotouring.it\/radiotouring104\/wp-content\/uploads\/sites\/6\/2022\/10\/tilde-minasi.jpg","keywords":["Amministrazione comuinale di Reggio Calabria","Qualit\u00e0 di Vita","Reggio ultima","Sole 24 Ore","Tilde Minasi"],"articleSection":["Home","News","Reggio Calabria"],"inLanguage":"it-IT"},{"@type":"WebPage","@id":"https:\/\/progettotouring.it\/radiotouring104\/2024\/12\/17\/reggio-ultima-in-qualita-di-vita-minasi-classifiche-non-sono-un-atto-politico-ma-fotografano-la-realta\/","url":"https:\/\/progettotouring.it\/radiotouring104\/2024\/12\/17\/reggio-ultima-in-qualita-di-vita-minasi-classifiche-non-sono-un-atto-politico-ma-fotografano-la-realta\/","name":"Reggio ultima in Qualit\u00e0 di Vita, Minasi \"Classifiche non sono un atto politico, ma fotografano la realt\u00e0\" - Radio Touring 104","isPartOf":{"@id":"https:\/\/progettotouring.it\/radiotouring104\/#website"},"primaryImageOfPage":{"@id":"https:\/\/progettotouring.it\/radiotouring104\/2024\/12\/17\/reggio-ultima-in-qualita-di-vita-minasi-classifiche-non-sono-un-atto-politico-ma-fotografano-la-realta\/#primaryimage"},"image":{"@id":"https:\/\/progettotouring.it\/radiotouring104\/2024\/12\/17\/reggio-ultima-in-qualita-di-vita-minasi-classifiche-non-sono-un-atto-politico-ma-fotografano-la-realta\/#primaryimage"},"thumbnailUrl":"https:\/\/progettotouring.it\/radiotouring104\/wp-content\/uploads\/sites\/6\/2022\/10\/tilde-minasi.jpg","datePublished":"2024-12-17T11:26:43+00:00","description":"\"L'amministrazione Comunale prenda atto del proprio fallimento\", dichiara la Senatrice leghista reggina, Tilde MInasi","breadcrumb":{"@id":"https:\/\/progettotouring.it\/radiotouring104\/2024\/12\/17\/reggio-ultima-in-qualita-di-vita-minasi-classifiche-non-sono-un-atto-politico-ma-fotografano-la-realta\/#breadcrumb"},"inLanguage":"it-IT","potentialAction":[{"@type":"ReadAction","target":["https:\/\/progettotouring.it\/radiotouring104\/2024\/12\/17\/reggio-ultima-in-qualita-di-vita-minasi-classifiche-non-sono-un-atto-politico-ma-fotografano-la-realta\/"]}]},{"@type":"ImageObject","inLanguage":"it-IT","@id":"https:\/\/progettotouring.it\/radiotouring104\/2024\/12\/17\/reggio-ultima-in-qualita-di-vita-minasi-classifiche-non-sono-un-atto-politico-ma-fotografano-la-realta\/#primaryimage","url":"https:\/\/progettotouring.it\/radiotouring104\/wp-content\/uploads\/sites\/6\/2022\/10\/tilde-minasi.jpg","contentUrl":"https:\/\/progettotouring.it\/radiotouring104\/wp-content\/uploads\/sites\/6\/2022\/10\/tilde-minasi.jpg","width":932,"height":716},{"@type":"BreadcrumbList","@id":"https:\/\/progettotouring.it\/radiotouring104\/2024\/12\/17\/reggio-ultima-in-qualita-di-vita-minasi-classifiche-non-sono-un-atto-politico-ma-fotografano-la-realta\/#breadcrumb","itemListElement":[{"@type":"ListItem","position":1,"name":"Home","item":"https:\/\/progettotouring.it\/radiotouring104\/"},{"@type":"ListItem","position":2,"name":"Reggio ultima in Qualit\u00e0 di Vita, Minasi &#8220;Classifiche non sono un atto politico, ma fotografano la realt\u00e0&#8221;"}]},{"@type":"WebSite","@id":"https:\/\/progettotouring.it\/radiotouring104\/#website","url":"https:\/\/progettotouring.it\/radiotouring104\/","name":"Radio Touring 104","description":"La prima radio Reggina","publisher":{"@id":"https:\/\/progettotouring.it\/radiotouring104\/#organization"},"potentialAction":[{"@type":"SearchAction","target":{"@type":"EntryPoint","urlTemplate":"https:\/\/progettotouring.it\/radiotouring104\/?s={search_term_string}"},"query-input":{"@type":"PropertyValueSpecification","valueRequired":true,"valueName":"search_term_string"}}],"inLanguage":"it-IT"},{"@type":"Organization","@id":"https:\/\/progettotouring.it\/radiotouring104\/#organization","name":"Radio Touring 104","url":"https:\/\/progettotouring.it\/radiotouring104\/","logo":{"@type":"ImageObject","inLanguage":"it-IT","@id":"https:\/\/progettotouring.it\/radiotouring104\/#\/schema\/logo\/image\/","url":"https:\/\/progettotouring.it\/radiotouring104\/wp-content\/uploads\/sites\/6\/2022\/02\/cropped-logo-radio-touring-104.png","contentUrl":"https:\/\/progettotouring.it\/radiotouring104\/wp-content\/uploads\/sites\/6\/2022\/02\/cropped-logo-radio-touring-104.png","width":377,"height":182,"caption":"Radio Touring 104"},"image":{"@id":"https:\/\/progettotouring.it\/radiotouring104\/#\/schema\/logo\/image\/"}},{"@type":"Person","@id":"https:\/\/progettotouring.it\/radiotouring104\/#\/schema\/person\/78613917f1851f041f7483f5af1d422e","name":"Sebastiano Plutino","image":{"@type":"ImageObject","inLanguage":"it-IT","@id":"https:\/\/secure.gravatar.com\/avatar\/0546ffaa9b79224faf9f2a156b67a529ae861d3287c66c1d8ccfdf909bcba78d?s=96&d=mm&r=g","url":"https:\/\/secure.gravatar.com\/avatar\/0546ffaa9b79224faf9f2a156b67a529ae861d3287c66c1d8ccfdf909bcba78d?s=96&d=mm&r=g","contentUrl":"https:\/\/secure.gravatar.com\/avatar\/0546ffaa9b79224faf9f2a156b67a529ae861d3287c66c1d8ccfdf909bcba78d?s=96&d=mm&r=g","caption":"Sebastiano Plutino"},"url":"https:\/\/progettotouring.it\/radiotouring104\/author\/sebastiano\/"}]}},"jetpack_publicize_connections":[],"jetpack_featured_media_url":"https:\/\/progettotouring.it\/radiotouring104\/wp-content\/uploads\/sites\/6\/2022\/10\/tilde-minasi.jpg","jetpack_sharing_enabled":true,"_links":{"self":[{"href":"https:\/\/progettotouring.it\/radiotouring104\/wp-json\/wp\/v2\/posts\/63594","targetHints":{"allow":["GET"]}}],"collection":[{"href":"https:\/\/progettotouring.it\/radiotouring104\/wp-json\/wp\/v2\/posts"}],"about":[{"href":"https:\/\/progettotouring.it\/radiotouring104\/wp-json\/wp\/v2\/types\/post"}],"author":[{"embeddable":true,"href":"https:\/\/progettotouring.it\/radiotouring104\/wp-json\/wp\/v2\/users\/12"}],"replies":[{"embeddable":true,"href":"https:\/\/progettotouring.it\/radiotouring104\/wp-json\/wp\/v2\/comments?post=63594"}],"version-history":[{"count":1,"href":"https:\/\/progettotouring.it\/radiotouring104\/wp-json\/wp\/v2\/posts\/63594\/revisions"}],"predecessor-version":[{"id":63595,"href":"https:\/\/progettotouring.it\/radiotouring104\/wp-json\/wp\/v2\/posts\/63594\/revisions\/63595"}],"wp:featuredmedia":[{"embeddable":true,"href":"https:\/\/progettotouring.it\/radiotouring104\/wp-json\/wp\/v2\/media\/10212"}],"wp:attachment":[{"href":"https:\/\/progettotouring.it\/radiotouring104\/wp-json\/wp\/v2\/media?parent=63594"}],"wp:term":[{"taxonomy":"category","embeddable":true,"href":"https:\/\/progettotouring.it\/radiotouring104\/wp-json\/wp\/v2\/categories?post=63594"},{"taxonomy":"post_tag","embeddable":true,"href":"https:\/\/progettotouring.it\/radiotouring104\/wp-json\/wp\/v2\/tags?post=63594"}],"curies":[{"name":"wp","href":"https:\/\/api.w.org\/{rel}","templated":true}]}}