{"id":63632,"date":"2024-12-18T09:18:14","date_gmt":"2024-12-18T08:18:14","guid":{"rendered":"https:\/\/progettotouring.it\/radiotouring104\/?p=63632"},"modified":"2024-12-18T09:18:14","modified_gmt":"2024-12-18T08:18:14","slug":"quirinale-falcomata-alla-cerimonia-di-scambio-degli-auguri-di-fine-anno-con-il-presidente-mattarella","status":"publish","type":"post","link":"https:\/\/progettotouring.it\/radiotouring104\/2024\/12\/18\/quirinale-falcomata-alla-cerimonia-di-scambio-degli-auguri-di-fine-anno-con-il-presidente-mattarella\/","title":{"rendered":"Quirinale: Falcomat\u00e0 alla cerimonia di scambio degli auguri di fine anno con il Presidente Mattarella"},"content":{"rendered":"<div style=\"text-align: justify\">\nIl sindaco di Reggio Calabria<strong> Giuseppe Falcomat\u00e0 ha preso parte al Palazzo del Quirinale alla tradizionale cerimonia dello scambio degli auguri di fine anno con il Presidente<\/strong> della Repubblica <strong>Sergio Mattarella.<\/strong><\/p>\n<p><strong>Alla cerimonia,<\/strong> svoltasi nel prestigioso contesto Salone dei Corazzieri, <strong>hanno preso parte le pi\u00f9 alte cariche dello Stato<\/strong>, del Governo italiano, dei Gruppi Parlamentari e delle altre articolazioni statali.<\/p>\n<p>Per la Citt\u00e0 Metropolitana di Reggio Calabria e <strong>per il sindaco Giuseppe Falcomat\u00e0,<\/strong> recentemente nominato nell&#8217;Ufficio di Presidenza dell&#8217;Associazione Nazionale dei Comuni Italiani<strong>, \u00e8 la prima volta che giunge l&#8217;invito alla partecipazione alla prestigiosa cerimonia<\/strong> di fine anno.<\/p>\n<p><em>&#8220;Un momento molto emozionante<\/em> &#8211;<strong> ha affermato il sindaco<\/strong> &#8211;<em> un&#8217;occasione per ascoltare direttamente dalla viva voce del Presidente Mattarella il suo discorso augurale rivolto alle diverse articolazioni istituzionali dello Stato. Il suo intervento, di altissimo profilo istituzionale, \u00e8 stato un richiamo alla pace ed al dialogo tra i popoli, un messaggio di speranza ed un monito alla difesa dei valori della democrazia repubblicana, che devono prevalere su ogni pur legittimo interesse finanziario e che devono appartenere a tutte le istituzioni&#8221;.<\/em><\/div>\n<div style=\"text-align: justify\"><\/div>\n<div style=\"text-align: justify\"><em>&#8220;Da sindaco sono davvero orgoglioso di aver rappresentato la mia citt\u00e0 in un contesto cos\u00ec autorevole. Sono felice perch\u00e9 per la prima volta la Citt\u00e0 Metropolitana di Reggio Calabria \u00e8 rappresentata in questo momento di altissimo valore civile. E&#8217; un orgoglio che la citt\u00e0 merita<strong> &#8211;<\/strong><\/em><strong> ha concluso &#8211;<\/strong><em> ed io sono davvero onorato di poter rappresentare la comunit\u00e0 reggina e calabrese di fronte alla massima carica dello Stato italiano&#8221;.<\/em><\/div>\n<div>\n<div class=\"xmprfx_gmail_signature\" dir=\"ltr\" data-smartmail=\"gmail_signature\">\n<div dir=\"ltr\">\n<div>\n<div><\/div>\n<\/div>\n<\/div>\n<\/div>\n<\/div>\n","protected":false},"excerpt":{"rendered":"<p>Il sindaco di Reggio Calabria Giuseppe Falcomat\u00e0 ha preso parte al Palazzo del Quirinale alla tradizionale cerimonia dello scambio degli auguri di fine anno con il Presidente della Repubblica Sergio&hellip;<\/p>\n","protected":false},"author":12,"featured_media":63633,"comment_status":"closed","ping_status":"open","sticky":false,"template":"","format":"standard","meta":{"_jetpack_memberships_contains_paid_content":false,"footnotes":"","jetpack_publicize_message":"","jetpack_publicize_feature_enabled":true,"jetpack_social_post_already_shared":true,"jetpack_social_options":{"image_generator_settings":{"template":"highway","default_image_id":0,"font":"","enabled":false},"version":2}},"categories":[921,196,140],"tags":[38748,812,5516,2369],"class_list":["post-63632","post","type-post","status-publish","format-standard","has-post-thumbnail","hentry","category-home","category-news","category-reggio-calabria","tag-cerimonia-di-scambio-degli-auguri-di-fine-anno","tag-giuseppe-falcomata","tag-palazzo-del-quirinale","tag-sergio-mattarella"],"yoast_head":"<!-- This site is optimized with the Yoast SEO plugin v27.2 - https:\/\/yoast.com\/product\/yoast-seo-wordpress\/ -->\n<title>Quirinale: Falcomat\u00e0 alla cerimonia di scambio degli auguri di fine anno con il Presidente Mattarella - Radio Touring 104<\/title>\n<meta name=\"description\" content=\"&quot;Orgoglioso di poter rappresentare la mia comunit\u00e0 di fronte alla prima carica dello Stato&quot;, dichiara il Sindaco Falcomat\u00e0\" \/>\n<meta name=\"robots\" content=\"index, follow, max-snippet:-1, max-image-preview:large, max-video-preview:-1\" \/>\n<link rel=\"canonical\" href=\"https:\/\/progettotouring.it\/radiotouring104\/2024\/12\/18\/quirinale-falcomata-alla-cerimonia-di-scambio-degli-auguri-di-fine-anno-con-il-presidente-mattarella\/\" \/>\n<meta property=\"og:locale\" content=\"it_IT\" \/>\n<meta property=\"og:type\" content=\"article\" \/>\n<meta property=\"og:title\" content=\"Quirinale: Falcomat\u00e0 alla cerimonia di scambio degli auguri di fine anno con il Presidente Mattarella - Radio Touring 104\" \/>\n<meta property=\"og:description\" content=\"&quot;Orgoglioso di poter rappresentare la mia comunit\u00e0 di fronte alla prima carica dello Stato&quot;, dichiara il Sindaco Falcomat\u00e0\" \/>\n<meta property=\"og:url\" content=\"https:\/\/progettotouring.it\/radiotouring104\/2024\/12\/18\/quirinale-falcomata-alla-cerimonia-di-scambio-degli-auguri-di-fine-anno-con-il-presidente-mattarella\/\" \/>\n<meta property=\"og:site_name\" content=\"Radio Touring 104\" \/>\n<meta property=\"article:published_time\" content=\"2024-12-18T08:18:14+00:00\" \/>\n<meta property=\"og:image\" content=\"https:\/\/progettotouring.it\/radiotouring104\/wp-content\/uploads\/sites\/6\/2024\/12\/falcomata-mattarella.jpeg\" \/>\n\t<meta property=\"og:image:width\" content=\"1696\" \/>\n\t<meta property=\"og:image:height\" content=\"1559\" \/>\n\t<meta property=\"og:image:type\" content=\"image\/jpeg\" \/>\n<meta name=\"author\" content=\"Sebastiano Plutino\" \/>\n<meta name=\"twitter:card\" content=\"summary_large_image\" \/>\n<meta name=\"twitter:label1\" content=\"Scritto da\" \/>\n\t<meta name=\"twitter:data1\" content=\"Sebastiano Plutino\" \/>\n\t<meta name=\"twitter:label2\" content=\"Tempo di lettura stimato\" \/>\n\t<meta name=\"twitter:data2\" content=\"1 minuto\" \/>\n<script type=\"application\/ld+json\" class=\"yoast-schema-graph\">{\"@context\":\"https:\/\/schema.org\",\"@graph\":[{\"@type\":\"Article\",\"@id\":\"https:\/\/progettotouring.it\/radiotouring104\/2024\/12\/18\/quirinale-falcomata-alla-cerimonia-di-scambio-degli-auguri-di-fine-anno-con-il-presidente-mattarella\/#article\",\"isPartOf\":{\"@id\":\"https:\/\/progettotouring.it\/radiotouring104\/2024\/12\/18\/quirinale-falcomata-alla-cerimonia-di-scambio-degli-auguri-di-fine-anno-con-il-presidente-mattarella\/\"},\"author\":{\"name\":\"Sebastiano Plutino\",\"@id\":\"https:\/\/progettotouring.it\/radiotouring104\/#\/schema\/person\/78613917f1851f041f7483f5af1d422e\"},\"headline\":\"Quirinale: Falcomat\u00e0 alla cerimonia di scambio degli auguri di fine anno con il Presidente Mattarella\",\"datePublished\":\"2024-12-18T08:18:14+00:00\",\"mainEntityOfPage\":{\"@id\":\"https:\/\/progettotouring.it\/radiotouring104\/2024\/12\/18\/quirinale-falcomata-alla-cerimonia-di-scambio-degli-auguri-di-fine-anno-con-il-presidente-mattarella\/\"},\"wordCount\":261,\"publisher\":{\"@id\":\"https:\/\/progettotouring.it\/radiotouring104\/#organization\"},\"image\":{\"@id\":\"https:\/\/progettotouring.it\/radiotouring104\/2024\/12\/18\/quirinale-falcomata-alla-cerimonia-di-scambio-degli-auguri-di-fine-anno-con-il-presidente-mattarella\/#primaryimage\"},\"thumbnailUrl\":\"https:\/\/progettotouring.it\/radiotouring104\/wp-content\/uploads\/sites\/6\/2024\/12\/falcomata-mattarella.jpeg\",\"keywords\":[\"cerimonia di scambio degli auguri di fine anno\",\"Giuseppe Falcomat\u00e0\",\"Palazzo del Quirinale\",\"Sergio Mattarella\"],\"articleSection\":[\"Home\",\"News\",\"Reggio Calabria\"],\"inLanguage\":\"it-IT\"},{\"@type\":\"WebPage\",\"@id\":\"https:\/\/progettotouring.it\/radiotouring104\/2024\/12\/18\/quirinale-falcomata-alla-cerimonia-di-scambio-degli-auguri-di-fine-anno-con-il-presidente-mattarella\/\",\"url\":\"https:\/\/progettotouring.it\/radiotouring104\/2024\/12\/18\/quirinale-falcomata-alla-cerimonia-di-scambio-degli-auguri-di-fine-anno-con-il-presidente-mattarella\/\",\"name\":\"Quirinale: Falcomat\u00e0 alla cerimonia di scambio degli auguri di fine anno con il Presidente Mattarella - Radio Touring 104\",\"isPartOf\":{\"@id\":\"https:\/\/progettotouring.it\/radiotouring104\/#website\"},\"primaryImageOfPage\":{\"@id\":\"https:\/\/progettotouring.it\/radiotouring104\/2024\/12\/18\/quirinale-falcomata-alla-cerimonia-di-scambio-degli-auguri-di-fine-anno-con-il-presidente-mattarella\/#primaryimage\"},\"image\":{\"@id\":\"https:\/\/progettotouring.it\/radiotouring104\/2024\/12\/18\/quirinale-falcomata-alla-cerimonia-di-scambio-degli-auguri-di-fine-anno-con-il-presidente-mattarella\/#primaryimage\"},\"thumbnailUrl\":\"https:\/\/progettotouring.it\/radiotouring104\/wp-content\/uploads\/sites\/6\/2024\/12\/falcomata-mattarella.jpeg\",\"datePublished\":\"2024-12-18T08:18:14+00:00\",\"description\":\"\\\"Orgoglioso di poter rappresentare la mia comunit\u00e0 di fronte alla prima carica dello Stato\\\", dichiara il Sindaco Falcomat\u00e0\",\"breadcrumb\":{\"@id\":\"https:\/\/progettotouring.it\/radiotouring104\/2024\/12\/18\/quirinale-falcomata-alla-cerimonia-di-scambio-degli-auguri-di-fine-anno-con-il-presidente-mattarella\/#breadcrumb\"},\"inLanguage\":\"it-IT\",\"potentialAction\":[{\"@type\":\"ReadAction\",\"target\":[\"https:\/\/progettotouring.it\/radiotouring104\/2024\/12\/18\/quirinale-falcomata-alla-cerimonia-di-scambio-degli-auguri-di-fine-anno-con-il-presidente-mattarella\/\"]}]},{\"@type\":\"ImageObject\",\"inLanguage\":\"it-IT\",\"@id\":\"https:\/\/progettotouring.it\/radiotouring104\/2024\/12\/18\/quirinale-falcomata-alla-cerimonia-di-scambio-degli-auguri-di-fine-anno-con-il-presidente-mattarella\/#primaryimage\",\"url\":\"https:\/\/progettotouring.it\/radiotouring104\/wp-content\/uploads\/sites\/6\/2024\/12\/falcomata-mattarella.jpeg\",\"contentUrl\":\"https:\/\/progettotouring.it\/radiotouring104\/wp-content\/uploads\/sites\/6\/2024\/12\/falcomata-mattarella.jpeg\",\"width\":1696,\"height\":1559},{\"@type\":\"BreadcrumbList\",\"@id\":\"https:\/\/progettotouring.it\/radiotouring104\/2024\/12\/18\/quirinale-falcomata-alla-cerimonia-di-scambio-degli-auguri-di-fine-anno-con-il-presidente-mattarella\/#breadcrumb\",\"itemListElement\":[{\"@type\":\"ListItem\",\"position\":1,\"name\":\"Home\",\"item\":\"https:\/\/progettotouring.it\/radiotouring104\/\"},{\"@type\":\"ListItem\",\"position\":2,\"name\":\"Quirinale: Falcomat\u00e0 alla cerimonia di scambio degli auguri di fine anno con il Presidente Mattarella\"}]},{\"@type\":\"WebSite\",\"@id\":\"https:\/\/progettotouring.it\/radiotouring104\/#website\",\"url\":\"https:\/\/progettotouring.it\/radiotouring104\/\",\"name\":\"Radio Touring 104\",\"description\":\"La prima radio Reggina\",\"publisher\":{\"@id\":\"https:\/\/progettotouring.it\/radiotouring104\/#organization\"},\"potentialAction\":[{\"@type\":\"SearchAction\",\"target\":{\"@type\":\"EntryPoint\",\"urlTemplate\":\"https:\/\/progettotouring.it\/radiotouring104\/?s={search_term_string}\"},\"query-input\":{\"@type\":\"PropertyValueSpecification\",\"valueRequired\":true,\"valueName\":\"search_term_string\"}}],\"inLanguage\":\"it-IT\"},{\"@type\":\"Organization\",\"@id\":\"https:\/\/progettotouring.it\/radiotouring104\/#organization\",\"name\":\"Radio Touring 104\",\"url\":\"https:\/\/progettotouring.it\/radiotouring104\/\",\"logo\":{\"@type\":\"ImageObject\",\"inLanguage\":\"it-IT\",\"@id\":\"https:\/\/progettotouring.it\/radiotouring104\/#\/schema\/logo\/image\/\",\"url\":\"https:\/\/progettotouring.it\/radiotouring104\/wp-content\/uploads\/sites\/6\/2022\/02\/cropped-logo-radio-touring-104.png\",\"contentUrl\":\"https:\/\/progettotouring.it\/radiotouring104\/wp-content\/uploads\/sites\/6\/2022\/02\/cropped-logo-radio-touring-104.png\",\"width\":377,\"height\":182,\"caption\":\"Radio Touring 104\"},\"image\":{\"@id\":\"https:\/\/progettotouring.it\/radiotouring104\/#\/schema\/logo\/image\/\"}},{\"@type\":\"Person\",\"@id\":\"https:\/\/progettotouring.it\/radiotouring104\/#\/schema\/person\/78613917f1851f041f7483f5af1d422e\",\"name\":\"Sebastiano Plutino\",\"image\":{\"@type\":\"ImageObject\",\"inLanguage\":\"it-IT\",\"@id\":\"https:\/\/secure.gravatar.com\/avatar\/0546ffaa9b79224faf9f2a156b67a529ae861d3287c66c1d8ccfdf909bcba78d?s=96&d=mm&r=g\",\"url\":\"https:\/\/secure.gravatar.com\/avatar\/0546ffaa9b79224faf9f2a156b67a529ae861d3287c66c1d8ccfdf909bcba78d?s=96&d=mm&r=g\",\"contentUrl\":\"https:\/\/secure.gravatar.com\/avatar\/0546ffaa9b79224faf9f2a156b67a529ae861d3287c66c1d8ccfdf909bcba78d?s=96&d=mm&r=g\",\"caption\":\"Sebastiano Plutino\"},\"url\":\"https:\/\/progettotouring.it\/radiotouring104\/author\/sebastiano\/\"}]}<\/script>\n<!-- \/ Yoast SEO plugin. -->","yoast_head_json":{"title":"Quirinale: Falcomat\u00e0 alla cerimonia di scambio degli auguri di fine anno con il Presidente Mattarella - Radio Touring 104","description":"\"Orgoglioso di poter rappresentare la mia comunit\u00e0 di fronte alla prima carica dello Stato\", dichiara il Sindaco Falcomat\u00e0","robots":{"index":"index","follow":"follow","max-snippet":"max-snippet:-1","max-image-preview":"max-image-preview:large","max-video-preview":"max-video-preview:-1"},"canonical":"https:\/\/progettotouring.it\/radiotouring104\/2024\/12\/18\/quirinale-falcomata-alla-cerimonia-di-scambio-degli-auguri-di-fine-anno-con-il-presidente-mattarella\/","og_locale":"it_IT","og_type":"article","og_title":"Quirinale: Falcomat\u00e0 alla cerimonia di scambio degli auguri di fine anno con il Presidente Mattarella - Radio Touring 104","og_description":"\"Orgoglioso di poter rappresentare la mia comunit\u00e0 di fronte alla prima carica dello Stato\", dichiara il Sindaco Falcomat\u00e0","og_url":"https:\/\/progettotouring.it\/radiotouring104\/2024\/12\/18\/quirinale-falcomata-alla-cerimonia-di-scambio-degli-auguri-di-fine-anno-con-il-presidente-mattarella\/","og_site_name":"Radio Touring 104","article_published_time":"2024-12-18T08:18:14+00:00","og_image":[{"width":1696,"height":1559,"url":"https:\/\/progettotouring.it\/radiotouring104\/wp-content\/uploads\/sites\/6\/2024\/12\/falcomata-mattarella.jpeg","type":"image\/jpeg"}],"author":"Sebastiano Plutino","twitter_card":"summary_large_image","twitter_misc":{"Scritto da":"Sebastiano Plutino","Tempo di lettura stimato":"1 minuto"},"schema":{"@context":"https:\/\/schema.org","@graph":[{"@type":"Article","@id":"https:\/\/progettotouring.it\/radiotouring104\/2024\/12\/18\/quirinale-falcomata-alla-cerimonia-di-scambio-degli-auguri-di-fine-anno-con-il-presidente-mattarella\/#article","isPartOf":{"@id":"https:\/\/progettotouring.it\/radiotouring104\/2024\/12\/18\/quirinale-falcomata-alla-cerimonia-di-scambio-degli-auguri-di-fine-anno-con-il-presidente-mattarella\/"},"author":{"name":"Sebastiano Plutino","@id":"https:\/\/progettotouring.it\/radiotouring104\/#\/schema\/person\/78613917f1851f041f7483f5af1d422e"},"headline":"Quirinale: Falcomat\u00e0 alla cerimonia di scambio degli auguri di fine anno con il Presidente Mattarella","datePublished":"2024-12-18T08:18:14+00:00","mainEntityOfPage":{"@id":"https:\/\/progettotouring.it\/radiotouring104\/2024\/12\/18\/quirinale-falcomata-alla-cerimonia-di-scambio-degli-auguri-di-fine-anno-con-il-presidente-mattarella\/"},"wordCount":261,"publisher":{"@id":"https:\/\/progettotouring.it\/radiotouring104\/#organization"},"image":{"@id":"https:\/\/progettotouring.it\/radiotouring104\/2024\/12\/18\/quirinale-falcomata-alla-cerimonia-di-scambio-degli-auguri-di-fine-anno-con-il-presidente-mattarella\/#primaryimage"},"thumbnailUrl":"https:\/\/progettotouring.it\/radiotouring104\/wp-content\/uploads\/sites\/6\/2024\/12\/falcomata-mattarella.jpeg","keywords":["cerimonia di scambio degli auguri di fine anno","Giuseppe Falcomat\u00e0","Palazzo del Quirinale","Sergio Mattarella"],"articleSection":["Home","News","Reggio Calabria"],"inLanguage":"it-IT"},{"@type":"WebPage","@id":"https:\/\/progettotouring.it\/radiotouring104\/2024\/12\/18\/quirinale-falcomata-alla-cerimonia-di-scambio-degli-auguri-di-fine-anno-con-il-presidente-mattarella\/","url":"https:\/\/progettotouring.it\/radiotouring104\/2024\/12\/18\/quirinale-falcomata-alla-cerimonia-di-scambio-degli-auguri-di-fine-anno-con-il-presidente-mattarella\/","name":"Quirinale: Falcomat\u00e0 alla cerimonia di scambio degli auguri di fine anno con il Presidente Mattarella - Radio Touring 104","isPartOf":{"@id":"https:\/\/progettotouring.it\/radiotouring104\/#website"},"primaryImageOfPage":{"@id":"https:\/\/progettotouring.it\/radiotouring104\/2024\/12\/18\/quirinale-falcomata-alla-cerimonia-di-scambio-degli-auguri-di-fine-anno-con-il-presidente-mattarella\/#primaryimage"},"image":{"@id":"https:\/\/progettotouring.it\/radiotouring104\/2024\/12\/18\/quirinale-falcomata-alla-cerimonia-di-scambio-degli-auguri-di-fine-anno-con-il-presidente-mattarella\/#primaryimage"},"thumbnailUrl":"https:\/\/progettotouring.it\/radiotouring104\/wp-content\/uploads\/sites\/6\/2024\/12\/falcomata-mattarella.jpeg","datePublished":"2024-12-18T08:18:14+00:00","description":"\"Orgoglioso di poter rappresentare la mia comunit\u00e0 di fronte alla prima carica dello Stato\", dichiara il Sindaco Falcomat\u00e0","breadcrumb":{"@id":"https:\/\/progettotouring.it\/radiotouring104\/2024\/12\/18\/quirinale-falcomata-alla-cerimonia-di-scambio-degli-auguri-di-fine-anno-con-il-presidente-mattarella\/#breadcrumb"},"inLanguage":"it-IT","potentialAction":[{"@type":"ReadAction","target":["https:\/\/progettotouring.it\/radiotouring104\/2024\/12\/18\/quirinale-falcomata-alla-cerimonia-di-scambio-degli-auguri-di-fine-anno-con-il-presidente-mattarella\/"]}]},{"@type":"ImageObject","inLanguage":"it-IT","@id":"https:\/\/progettotouring.it\/radiotouring104\/2024\/12\/18\/quirinale-falcomata-alla-cerimonia-di-scambio-degli-auguri-di-fine-anno-con-il-presidente-mattarella\/#primaryimage","url":"https:\/\/progettotouring.it\/radiotouring104\/wp-content\/uploads\/sites\/6\/2024\/12\/falcomata-mattarella.jpeg","contentUrl":"https:\/\/progettotouring.it\/radiotouring104\/wp-content\/uploads\/sites\/6\/2024\/12\/falcomata-mattarella.jpeg","width":1696,"height":1559},{"@type":"BreadcrumbList","@id":"https:\/\/progettotouring.it\/radiotouring104\/2024\/12\/18\/quirinale-falcomata-alla-cerimonia-di-scambio-degli-auguri-di-fine-anno-con-il-presidente-mattarella\/#breadcrumb","itemListElement":[{"@type":"ListItem","position":1,"name":"Home","item":"https:\/\/progettotouring.it\/radiotouring104\/"},{"@type":"ListItem","position":2,"name":"Quirinale: Falcomat\u00e0 alla cerimonia di scambio degli auguri di fine anno con il Presidente Mattarella"}]},{"@type":"WebSite","@id":"https:\/\/progettotouring.it\/radiotouring104\/#website","url":"https:\/\/progettotouring.it\/radiotouring104\/","name":"Radio Touring 104","description":"La prima radio Reggina","publisher":{"@id":"https:\/\/progettotouring.it\/radiotouring104\/#organization"},"potentialAction":[{"@type":"SearchAction","target":{"@type":"EntryPoint","urlTemplate":"https:\/\/progettotouring.it\/radiotouring104\/?s={search_term_string}"},"query-input":{"@type":"PropertyValueSpecification","valueRequired":true,"valueName":"search_term_string"}}],"inLanguage":"it-IT"},{"@type":"Organization","@id":"https:\/\/progettotouring.it\/radiotouring104\/#organization","name":"Radio Touring 104","url":"https:\/\/progettotouring.it\/radiotouring104\/","logo":{"@type":"ImageObject","inLanguage":"it-IT","@id":"https:\/\/progettotouring.it\/radiotouring104\/#\/schema\/logo\/image\/","url":"https:\/\/progettotouring.it\/radiotouring104\/wp-content\/uploads\/sites\/6\/2022\/02\/cropped-logo-radio-touring-104.png","contentUrl":"https:\/\/progettotouring.it\/radiotouring104\/wp-content\/uploads\/sites\/6\/2022\/02\/cropped-logo-radio-touring-104.png","width":377,"height":182,"caption":"Radio Touring 104"},"image":{"@id":"https:\/\/progettotouring.it\/radiotouring104\/#\/schema\/logo\/image\/"}},{"@type":"Person","@id":"https:\/\/progettotouring.it\/radiotouring104\/#\/schema\/person\/78613917f1851f041f7483f5af1d422e","name":"Sebastiano Plutino","image":{"@type":"ImageObject","inLanguage":"it-IT","@id":"https:\/\/secure.gravatar.com\/avatar\/0546ffaa9b79224faf9f2a156b67a529ae861d3287c66c1d8ccfdf909bcba78d?s=96&d=mm&r=g","url":"https:\/\/secure.gravatar.com\/avatar\/0546ffaa9b79224faf9f2a156b67a529ae861d3287c66c1d8ccfdf909bcba78d?s=96&d=mm&r=g","contentUrl":"https:\/\/secure.gravatar.com\/avatar\/0546ffaa9b79224faf9f2a156b67a529ae861d3287c66c1d8ccfdf909bcba78d?s=96&d=mm&r=g","caption":"Sebastiano Plutino"},"url":"https:\/\/progettotouring.it\/radiotouring104\/author\/sebastiano\/"}]}},"jetpack_publicize_connections":[],"jetpack_featured_media_url":"https:\/\/progettotouring.it\/radiotouring104\/wp-content\/uploads\/sites\/6\/2024\/12\/falcomata-mattarella.jpeg","jetpack_sharing_enabled":true,"_links":{"self":[{"href":"https:\/\/progettotouring.it\/radiotouring104\/wp-json\/wp\/v2\/posts\/63632","targetHints":{"allow":["GET"]}}],"collection":[{"href":"https:\/\/progettotouring.it\/radiotouring104\/wp-json\/wp\/v2\/posts"}],"about":[{"href":"https:\/\/progettotouring.it\/radiotouring104\/wp-json\/wp\/v2\/types\/post"}],"author":[{"embeddable":true,"href":"https:\/\/progettotouring.it\/radiotouring104\/wp-json\/wp\/v2\/users\/12"}],"replies":[{"embeddable":true,"href":"https:\/\/progettotouring.it\/radiotouring104\/wp-json\/wp\/v2\/comments?post=63632"}],"version-history":[{"count":1,"href":"https:\/\/progettotouring.it\/radiotouring104\/wp-json\/wp\/v2\/posts\/63632\/revisions"}],"predecessor-version":[{"id":63634,"href":"https:\/\/progettotouring.it\/radiotouring104\/wp-json\/wp\/v2\/posts\/63632\/revisions\/63634"}],"wp:featuredmedia":[{"embeddable":true,"href":"https:\/\/progettotouring.it\/radiotouring104\/wp-json\/wp\/v2\/media\/63633"}],"wp:attachment":[{"href":"https:\/\/progettotouring.it\/radiotouring104\/wp-json\/wp\/v2\/media?parent=63632"}],"wp:term":[{"taxonomy":"category","embeddable":true,"href":"https:\/\/progettotouring.it\/radiotouring104\/wp-json\/wp\/v2\/categories?post=63632"},{"taxonomy":"post_tag","embeddable":true,"href":"https:\/\/progettotouring.it\/radiotouring104\/wp-json\/wp\/v2\/tags?post=63632"}],"curies":[{"name":"wp","href":"https:\/\/api.w.org\/{rel}","templated":true}]}}