{"id":63639,"date":"2024-12-18T09:39:15","date_gmt":"2024-12-18T08:39:15","guid":{"rendered":"https:\/\/progettotouring.it\/radiotouring104\/?p=63639"},"modified":"2024-12-18T12:56:11","modified_gmt":"2024-12-18T11:56:11","slug":"tirocinanti-calabresi-via-libera-in-commissione-bilancio-allemendamento-per-le-assunzioni","status":"publish","type":"post","link":"https:\/\/progettotouring.it\/radiotouring104\/2024\/12\/18\/tirocinanti-calabresi-via-libera-in-commissione-bilancio-allemendamento-per-le-assunzioni\/","title":{"rendered":"Tirocinanti Calabresi: via libera in Commissione Bilancio all&#8217;emendamento per le assunzioni"},"content":{"rendered":"<p style=\"text-align: justify\"><em>\u201cHa appena superato l\u2019esame della Commissione Bilancio il tanto atteso emendamento a mia firma che riguarda la grande platea dei precari calabresi inquadrati come tis (tirocinanti di inclusione sociale) ed ex tirocinanti ministeriali.\u201d<\/em><\/p>\n<p style=\"text-align: justify\"><strong>A comunicarlo \u00e8 l&#8217;On. Francesco Cannizzaro,<\/strong> Vice Capogruppo di Forza Italia alla Camera dei Deputati e Segretario regionale del partito, <strong>impegnato<\/strong> proprio in queste ore in Commissione Bilancio con la <strong>discussione di tutti gli emendamenti per la manovra finanziaria 2025.<\/strong><\/p>\n<p style=\"text-align: justify\"><em>\u201cL\u2019emendamento approvato <strong>\u2013 <\/strong><\/em><strong>spiega Cannizzaro<\/strong> &#8211; <em>interessa anzitutto il bacino dei Tis, ovvero quei 4mila lavoratori che da quasi dieci anni operano all\u2019interno degli enti locali, svolgendo funzioni fondamentali per le amministrazioni. Grazie a questa ulteriore norma,i tis potranno essere assunti in qualit\u00e0 di lavoratori sovrannumerari, in deroga al piano di fabbisogno del personale ed ai vincoli assunzionali previsti dalla vigente normativa, anche con procedure semplificate, utilizzando (in aggiunta alle risorse gi\u00e0 stanziate dallo Stato con apposita autorizzazione prevista dal precedente emendamento) altres\u00ec le risorse che potr\u00e0 mettere a disposizione la Regione Calabria per incentivare la stabilizzazione di questo personale.\u201d<\/em><\/p>\n<p style=\"text-align: justify\"><em>\u201cIl mio emendamento \u2013 <\/em><strong>aggiunge il parlamentare calabres<\/strong>e<em> &#8211; autorizza inoltre la proroga per ulteriori 12 mesi dei cosiddetti ex tirocinanti ministeriali, contrattualizzati grazie ad una norma del 2021, introdotta con un emendamento sempre a firma del sottoscritto, oltre che dell\u2019attuale Presidente della Regione Calabria, Roberto Occhiuto, con il quale avviamo anni fa questo tortuoso iter. Anche in questo caso, si tratta di una platea molto numerosa, pi\u00f9 di mille lavoratori che operano principalmente presso le sedi ministeriali presenti sul territorio della regione Calabria (vedi Ministero della Cultura, della Giustizia, dell&#8217;Istruzione). La proroga in questione sar\u00e0 finanziata con le risorse messe a disposizione dai Ministeri di riferimento, che potranno continuare ad avvalersi di questo personale che nelle rispettive sedi territoriali svolge un ruolo preziosissimo. <\/em><\/p>\n<p style=\"text-align: justify\"><em>Ci tengo a ringraziare in particolare i membri di Forza Italia in Commissione Bilancio, vale a dire Roberto Pella, Mauro D\u2019Attis ed il Presidente Giuseppe Mangialavori. Questo sforzo corale di tutta la squadra di Forza Italia, a nome della quale ringrazio sentitamente anche gli altri membri della Commissione e le parti di Governo interessate \u2013 <\/em><strong>conclude Francesco Cannizzaro<\/strong> <em>&#8211; \u00e8 l\u2019ennesima dimostrazione di quanto ci stiano a cuore le sorti di queste migliaia di padri e madri di famiglia calabresi, che non abbiamo certo noi posto in queste complesse situazioni. Si tratta di un ulteriore grande passo verso la stabilizzazione di questo personale, che si inserisce nel pi\u00f9 ampio percorso tracciato dalla Giunta Occhiuto nella lotta al precariato di Calabria. \u00c8 un dovere morale nei confronti di tutti questi calabresi, ma anche nei confronti del futuro della nostra regione.\u201d<\/em><\/p>\n<h3><\/h3>\n<h3><\/h3>\n<h3>Loizzo (Lega): &#8220;Una svolta per la Calabria&#8221;<\/h3>\n<div dir=\"auto\" style=\"text-align: justify\"><em>&#8220;Con immensa soddisfazione annuncio che, insieme al collega On. Francesco Cannizzaro, abbiamo portato a casa un risultato fondamentale per migliaia di lavoratori calabresi. Il nostro emendamento riguardante i Tis (tirocinanti di inclusione sociale) e i tirocinanti ministeriali \u00e8 stato approvato. Una battaglia dura, ma che finalmente ci consente di dare risposte concrete a queste categorie, troppo a lungo rimaste in bilico. Cosa prevede l\u2019emendamento? 1. Assunzioni per i Tis Grazie alla nuova norma, i Tis potranno essere assunti a tempo indeterminato, anche come lavoratori sovrannumerari, in deroga al piano di fabbisogno del personale e ai vincoli assunzionali. Le assunzioni potranno avvenire tramite procedure semplificate e utilizzando risorse gi\u00e0 stanziate dallo Stato, integrate con fondi della Regione Calabria. 2. Proroga per i tirocinanti ministeriali Per i cosiddetti ex tirocinanti ministeriali, \u00e8 stata autorizzata una proroga di 12 mesi, finanziata con le risorse messe a disposizione dai Ministeri competenti. Una risposta concreta per il futuro dei lavoratori calabresi L\u2019emendamento, che modifica l\u2019art. 19-bis del decreto-legge 22 aprile 2023, rappresenta un passo decisivo per il rafforzamento della capacit\u00e0 amministrativa delle pubbliche amministrazioni. Esso garantisce stabilit\u00e0 occupazionale a figure essenziali per il funzionamento di molti enti e per il supporto diretto ai cittadini. Un lavoro di squadra per la Calabria Questo risultato non sarebbe stato possibile senza il sostegno del Presidente Roberto Occhiuto e il lavoro corale che ci ha visti in prima linea, determinati a far valere i diritti di migliaia di lavoratori. Come cofirmataria, mi sento orgogliosa di aver contribuito a scrivere una pagina di speranza e concretezza per la nostra regione. Continueremo a lavorare con lo stesso impegno per risolvere le sfide che la Calabria deve affrontare. Per i lavoratori, per il futuro della nostra terra, per la Calabria!&#8221;, <\/em><strong>commenta la deputata della Lega, Simona Loizzo\u00a0<\/strong><\/div>\n<div dir=\"auto\"><\/div>\n","protected":false},"excerpt":{"rendered":"<p>\u201cHa appena superato l\u2019esame della Commissione Bilancio il tanto atteso emendamento a mia firma che riguarda la grande platea dei precari calabresi inquadrati come tis (tirocinanti di inclusione sociale) ed&hellip;<\/p>\n","protected":false},"author":12,"featured_media":9153,"comment_status":"closed","ping_status":"open","sticky":false,"template":"","format":"standard","meta":{"_jetpack_memberships_contains_paid_content":false,"footnotes":"","jetpack_publicize_message":"","jetpack_publicize_feature_enabled":true,"jetpack_social_post_already_shared":true,"jetpack_social_options":{"image_generator_settings":{"template":"highway","default_image_id":0,"font":"","enabled":false},"version":2}},"categories":[142,921,150,196],"tags":[38753,38754,21176,4601,23380],"class_list":["post-63639","post","type-post","status-publish","format-standard","has-post-thumbnail","hentry","category-calabria","category-home","category-in-primo-piano","category-news","tag-commissione-bilancio-alla-camera","tag-ok-emendamento-per-le-assunzioni","tag-on-francesco-cannizzaro","tag-simona-loizzo","tag-tirocinanti-calabresi"],"yoast_head":"<!-- This site is optimized with the Yoast SEO plugin v27.2 - https:\/\/yoast.com\/product\/yoast-seo-wordpress\/ -->\n<title>Tirocinanti Calabresi: via libera in Commissione Bilancio all&#039;emendamento per le assunzioni - Radio Touring 104<\/title>\n<meta name=\"description\" content=\"&quot;Superato l\u2019esame della Commissione Bilancio l&#039;emendamento a mia firma che riguarda la grande platea dei precari calabresi&quot; esulta Cannizzaro\" \/>\n<meta name=\"robots\" content=\"index, follow, max-snippet:-1, max-image-preview:large, max-video-preview:-1\" \/>\n<link rel=\"canonical\" href=\"https:\/\/progettotouring.it\/radiotouring104\/2024\/12\/18\/tirocinanti-calabresi-via-libera-in-commissione-bilancio-allemendamento-per-le-assunzioni\/\" \/>\n<meta property=\"og:locale\" content=\"it_IT\" \/>\n<meta property=\"og:type\" content=\"article\" \/>\n<meta property=\"og:title\" content=\"Tirocinanti Calabresi: via libera in Commissione Bilancio all&#039;emendamento per le assunzioni - Radio Touring 104\" \/>\n<meta property=\"og:description\" content=\"&quot;Superato l\u2019esame della Commissione Bilancio l&#039;emendamento a mia firma che riguarda la grande platea dei precari calabresi&quot; esulta Cannizzaro\" \/>\n<meta property=\"og:url\" content=\"https:\/\/progettotouring.it\/radiotouring104\/2024\/12\/18\/tirocinanti-calabresi-via-libera-in-commissione-bilancio-allemendamento-per-le-assunzioni\/\" \/>\n<meta property=\"og:site_name\" content=\"Radio Touring 104\" \/>\n<meta property=\"article:published_time\" content=\"2024-12-18T08:39:15+00:00\" \/>\n<meta property=\"article:modified_time\" content=\"2024-12-18T11:56:11+00:00\" \/>\n<meta property=\"og:image\" content=\"https:\/\/progettotouring.it\/radiotouring104\/wp-content\/uploads\/sites\/6\/2022\/08\/francesco-cannizzaro.jpg\" \/>\n\t<meta property=\"og:image:width\" content=\"1920\" \/>\n\t<meta property=\"og:image:height\" content=\"1080\" \/>\n\t<meta property=\"og:image:type\" content=\"image\/jpeg\" \/>\n<meta name=\"author\" content=\"Sebastiano Plutino\" \/>\n<meta name=\"twitter:card\" content=\"summary_large_image\" \/>\n<meta name=\"twitter:label1\" content=\"Scritto da\" \/>\n\t<meta name=\"twitter:data1\" content=\"Sebastiano Plutino\" \/>\n\t<meta name=\"twitter:label2\" content=\"Tempo di lettura stimato\" \/>\n\t<meta name=\"twitter:data2\" content=\"4 minuti\" \/>\n<script type=\"application\/ld+json\" class=\"yoast-schema-graph\">{\"@context\":\"https:\/\/schema.org\",\"@graph\":[{\"@type\":\"Article\",\"@id\":\"https:\/\/progettotouring.it\/radiotouring104\/2024\/12\/18\/tirocinanti-calabresi-via-libera-in-commissione-bilancio-allemendamento-per-le-assunzioni\/#article\",\"isPartOf\":{\"@id\":\"https:\/\/progettotouring.it\/radiotouring104\/2024\/12\/18\/tirocinanti-calabresi-via-libera-in-commissione-bilancio-allemendamento-per-le-assunzioni\/\"},\"author\":{\"name\":\"Sebastiano Plutino\",\"@id\":\"https:\/\/progettotouring.it\/radiotouring104\/#\/schema\/person\/78613917f1851f041f7483f5af1d422e\"},\"headline\":\"Tirocinanti Calabresi: via libera in Commissione Bilancio all&#8217;emendamento per le assunzioni\",\"datePublished\":\"2024-12-18T08:39:15+00:00\",\"dateModified\":\"2024-12-18T11:56:11+00:00\",\"mainEntityOfPage\":{\"@id\":\"https:\/\/progettotouring.it\/radiotouring104\/2024\/12\/18\/tirocinanti-calabresi-via-libera-in-commissione-bilancio-allemendamento-per-le-assunzioni\/\"},\"wordCount\":743,\"publisher\":{\"@id\":\"https:\/\/progettotouring.it\/radiotouring104\/#organization\"},\"image\":{\"@id\":\"https:\/\/progettotouring.it\/radiotouring104\/2024\/12\/18\/tirocinanti-calabresi-via-libera-in-commissione-bilancio-allemendamento-per-le-assunzioni\/#primaryimage\"},\"thumbnailUrl\":\"https:\/\/progettotouring.it\/radiotouring104\/wp-content\/uploads\/sites\/6\/2022\/08\/francesco-cannizzaro.jpg\",\"keywords\":[\"Commissione Bilancio alla Camera\",\"ok emendamento per le assunzioni\",\"On. Francesco Cannizzaro\",\"Simona Loizzo\",\"Tirocinanti calabresi:\"],\"articleSection\":[\"Calabria\",\"Home\",\"In primo piano\",\"News\"],\"inLanguage\":\"it-IT\"},{\"@type\":\"WebPage\",\"@id\":\"https:\/\/progettotouring.it\/radiotouring104\/2024\/12\/18\/tirocinanti-calabresi-via-libera-in-commissione-bilancio-allemendamento-per-le-assunzioni\/\",\"url\":\"https:\/\/progettotouring.it\/radiotouring104\/2024\/12\/18\/tirocinanti-calabresi-via-libera-in-commissione-bilancio-allemendamento-per-le-assunzioni\/\",\"name\":\"Tirocinanti Calabresi: via libera in Commissione Bilancio all'emendamento per le assunzioni - Radio Touring 104\",\"isPartOf\":{\"@id\":\"https:\/\/progettotouring.it\/radiotouring104\/#website\"},\"primaryImageOfPage\":{\"@id\":\"https:\/\/progettotouring.it\/radiotouring104\/2024\/12\/18\/tirocinanti-calabresi-via-libera-in-commissione-bilancio-allemendamento-per-le-assunzioni\/#primaryimage\"},\"image\":{\"@id\":\"https:\/\/progettotouring.it\/radiotouring104\/2024\/12\/18\/tirocinanti-calabresi-via-libera-in-commissione-bilancio-allemendamento-per-le-assunzioni\/#primaryimage\"},\"thumbnailUrl\":\"https:\/\/progettotouring.it\/radiotouring104\/wp-content\/uploads\/sites\/6\/2022\/08\/francesco-cannizzaro.jpg\",\"datePublished\":\"2024-12-18T08:39:15+00:00\",\"dateModified\":\"2024-12-18T11:56:11+00:00\",\"description\":\"\\\"Superato l\u2019esame della Commissione Bilancio l'emendamento a mia firma che riguarda la grande platea dei precari calabresi\\\" esulta Cannizzaro\",\"breadcrumb\":{\"@id\":\"https:\/\/progettotouring.it\/radiotouring104\/2024\/12\/18\/tirocinanti-calabresi-via-libera-in-commissione-bilancio-allemendamento-per-le-assunzioni\/#breadcrumb\"},\"inLanguage\":\"it-IT\",\"potentialAction\":[{\"@type\":\"ReadAction\",\"target\":[\"https:\/\/progettotouring.it\/radiotouring104\/2024\/12\/18\/tirocinanti-calabresi-via-libera-in-commissione-bilancio-allemendamento-per-le-assunzioni\/\"]}]},{\"@type\":\"ImageObject\",\"inLanguage\":\"it-IT\",\"@id\":\"https:\/\/progettotouring.it\/radiotouring104\/2024\/12\/18\/tirocinanti-calabresi-via-libera-in-commissione-bilancio-allemendamento-per-le-assunzioni\/#primaryimage\",\"url\":\"https:\/\/progettotouring.it\/radiotouring104\/wp-content\/uploads\/sites\/6\/2022\/08\/francesco-cannizzaro.jpg\",\"contentUrl\":\"https:\/\/progettotouring.it\/radiotouring104\/wp-content\/uploads\/sites\/6\/2022\/08\/francesco-cannizzaro.jpg\",\"width\":1920,\"height\":1080},{\"@type\":\"BreadcrumbList\",\"@id\":\"https:\/\/progettotouring.it\/radiotouring104\/2024\/12\/18\/tirocinanti-calabresi-via-libera-in-commissione-bilancio-allemendamento-per-le-assunzioni\/#breadcrumb\",\"itemListElement\":[{\"@type\":\"ListItem\",\"position\":1,\"name\":\"Home\",\"item\":\"https:\/\/progettotouring.it\/radiotouring104\/\"},{\"@type\":\"ListItem\",\"position\":2,\"name\":\"Tirocinanti Calabresi: via libera in Commissione Bilancio all&#8217;emendamento per le assunzioni\"}]},{\"@type\":\"WebSite\",\"@id\":\"https:\/\/progettotouring.it\/radiotouring104\/#website\",\"url\":\"https:\/\/progettotouring.it\/radiotouring104\/\",\"name\":\"Radio Touring 104\",\"description\":\"La prima radio Reggina\",\"publisher\":{\"@id\":\"https:\/\/progettotouring.it\/radiotouring104\/#organization\"},\"potentialAction\":[{\"@type\":\"SearchAction\",\"target\":{\"@type\":\"EntryPoint\",\"urlTemplate\":\"https:\/\/progettotouring.it\/radiotouring104\/?s={search_term_string}\"},\"query-input\":{\"@type\":\"PropertyValueSpecification\",\"valueRequired\":true,\"valueName\":\"search_term_string\"}}],\"inLanguage\":\"it-IT\"},{\"@type\":\"Organization\",\"@id\":\"https:\/\/progettotouring.it\/radiotouring104\/#organization\",\"name\":\"Radio Touring 104\",\"url\":\"https:\/\/progettotouring.it\/radiotouring104\/\",\"logo\":{\"@type\":\"ImageObject\",\"inLanguage\":\"it-IT\",\"@id\":\"https:\/\/progettotouring.it\/radiotouring104\/#\/schema\/logo\/image\/\",\"url\":\"https:\/\/progettotouring.it\/radiotouring104\/wp-content\/uploads\/sites\/6\/2022\/02\/cropped-logo-radio-touring-104.png\",\"contentUrl\":\"https:\/\/progettotouring.it\/radiotouring104\/wp-content\/uploads\/sites\/6\/2022\/02\/cropped-logo-radio-touring-104.png\",\"width\":377,\"height\":182,\"caption\":\"Radio Touring 104\"},\"image\":{\"@id\":\"https:\/\/progettotouring.it\/radiotouring104\/#\/schema\/logo\/image\/\"}},{\"@type\":\"Person\",\"@id\":\"https:\/\/progettotouring.it\/radiotouring104\/#\/schema\/person\/78613917f1851f041f7483f5af1d422e\",\"name\":\"Sebastiano Plutino\",\"image\":{\"@type\":\"ImageObject\",\"inLanguage\":\"it-IT\",\"@id\":\"https:\/\/secure.gravatar.com\/avatar\/0546ffaa9b79224faf9f2a156b67a529ae861d3287c66c1d8ccfdf909bcba78d?s=96&d=mm&r=g\",\"url\":\"https:\/\/secure.gravatar.com\/avatar\/0546ffaa9b79224faf9f2a156b67a529ae861d3287c66c1d8ccfdf909bcba78d?s=96&d=mm&r=g\",\"contentUrl\":\"https:\/\/secure.gravatar.com\/avatar\/0546ffaa9b79224faf9f2a156b67a529ae861d3287c66c1d8ccfdf909bcba78d?s=96&d=mm&r=g\",\"caption\":\"Sebastiano Plutino\"},\"url\":\"https:\/\/progettotouring.it\/radiotouring104\/author\/sebastiano\/\"}]}<\/script>\n<!-- \/ Yoast SEO plugin. -->","yoast_head_json":{"title":"Tirocinanti Calabresi: via libera in Commissione Bilancio all'emendamento per le assunzioni - Radio Touring 104","description":"\"Superato l\u2019esame della Commissione Bilancio l'emendamento a mia firma che riguarda la grande platea dei precari calabresi\" esulta Cannizzaro","robots":{"index":"index","follow":"follow","max-snippet":"max-snippet:-1","max-image-preview":"max-image-preview:large","max-video-preview":"max-video-preview:-1"},"canonical":"https:\/\/progettotouring.it\/radiotouring104\/2024\/12\/18\/tirocinanti-calabresi-via-libera-in-commissione-bilancio-allemendamento-per-le-assunzioni\/","og_locale":"it_IT","og_type":"article","og_title":"Tirocinanti Calabresi: via libera in Commissione Bilancio all'emendamento per le assunzioni - Radio Touring 104","og_description":"\"Superato l\u2019esame della Commissione Bilancio l'emendamento a mia firma che riguarda la grande platea dei precari calabresi\" esulta Cannizzaro","og_url":"https:\/\/progettotouring.it\/radiotouring104\/2024\/12\/18\/tirocinanti-calabresi-via-libera-in-commissione-bilancio-allemendamento-per-le-assunzioni\/","og_site_name":"Radio Touring 104","article_published_time":"2024-12-18T08:39:15+00:00","article_modified_time":"2024-12-18T11:56:11+00:00","og_image":[{"width":1920,"height":1080,"url":"https:\/\/progettotouring.it\/radiotouring104\/wp-content\/uploads\/sites\/6\/2022\/08\/francesco-cannizzaro.jpg","type":"image\/jpeg"}],"author":"Sebastiano Plutino","twitter_card":"summary_large_image","twitter_misc":{"Scritto da":"Sebastiano Plutino","Tempo di lettura stimato":"4 minuti"},"schema":{"@context":"https:\/\/schema.org","@graph":[{"@type":"Article","@id":"https:\/\/progettotouring.it\/radiotouring104\/2024\/12\/18\/tirocinanti-calabresi-via-libera-in-commissione-bilancio-allemendamento-per-le-assunzioni\/#article","isPartOf":{"@id":"https:\/\/progettotouring.it\/radiotouring104\/2024\/12\/18\/tirocinanti-calabresi-via-libera-in-commissione-bilancio-allemendamento-per-le-assunzioni\/"},"author":{"name":"Sebastiano Plutino","@id":"https:\/\/progettotouring.it\/radiotouring104\/#\/schema\/person\/78613917f1851f041f7483f5af1d422e"},"headline":"Tirocinanti Calabresi: via libera in Commissione Bilancio all&#8217;emendamento per le assunzioni","datePublished":"2024-12-18T08:39:15+00:00","dateModified":"2024-12-18T11:56:11+00:00","mainEntityOfPage":{"@id":"https:\/\/progettotouring.it\/radiotouring104\/2024\/12\/18\/tirocinanti-calabresi-via-libera-in-commissione-bilancio-allemendamento-per-le-assunzioni\/"},"wordCount":743,"publisher":{"@id":"https:\/\/progettotouring.it\/radiotouring104\/#organization"},"image":{"@id":"https:\/\/progettotouring.it\/radiotouring104\/2024\/12\/18\/tirocinanti-calabresi-via-libera-in-commissione-bilancio-allemendamento-per-le-assunzioni\/#primaryimage"},"thumbnailUrl":"https:\/\/progettotouring.it\/radiotouring104\/wp-content\/uploads\/sites\/6\/2022\/08\/francesco-cannizzaro.jpg","keywords":["Commissione Bilancio alla Camera","ok emendamento per le assunzioni","On. Francesco Cannizzaro","Simona Loizzo","Tirocinanti calabresi:"],"articleSection":["Calabria","Home","In primo piano","News"],"inLanguage":"it-IT"},{"@type":"WebPage","@id":"https:\/\/progettotouring.it\/radiotouring104\/2024\/12\/18\/tirocinanti-calabresi-via-libera-in-commissione-bilancio-allemendamento-per-le-assunzioni\/","url":"https:\/\/progettotouring.it\/radiotouring104\/2024\/12\/18\/tirocinanti-calabresi-via-libera-in-commissione-bilancio-allemendamento-per-le-assunzioni\/","name":"Tirocinanti Calabresi: via libera in Commissione Bilancio all'emendamento per le assunzioni - Radio Touring 104","isPartOf":{"@id":"https:\/\/progettotouring.it\/radiotouring104\/#website"},"primaryImageOfPage":{"@id":"https:\/\/progettotouring.it\/radiotouring104\/2024\/12\/18\/tirocinanti-calabresi-via-libera-in-commissione-bilancio-allemendamento-per-le-assunzioni\/#primaryimage"},"image":{"@id":"https:\/\/progettotouring.it\/radiotouring104\/2024\/12\/18\/tirocinanti-calabresi-via-libera-in-commissione-bilancio-allemendamento-per-le-assunzioni\/#primaryimage"},"thumbnailUrl":"https:\/\/progettotouring.it\/radiotouring104\/wp-content\/uploads\/sites\/6\/2022\/08\/francesco-cannizzaro.jpg","datePublished":"2024-12-18T08:39:15+00:00","dateModified":"2024-12-18T11:56:11+00:00","description":"\"Superato l\u2019esame della Commissione Bilancio l'emendamento a mia firma che riguarda la grande platea dei precari calabresi\" esulta Cannizzaro","breadcrumb":{"@id":"https:\/\/progettotouring.it\/radiotouring104\/2024\/12\/18\/tirocinanti-calabresi-via-libera-in-commissione-bilancio-allemendamento-per-le-assunzioni\/#breadcrumb"},"inLanguage":"it-IT","potentialAction":[{"@type":"ReadAction","target":["https:\/\/progettotouring.it\/radiotouring104\/2024\/12\/18\/tirocinanti-calabresi-via-libera-in-commissione-bilancio-allemendamento-per-le-assunzioni\/"]}]},{"@type":"ImageObject","inLanguage":"it-IT","@id":"https:\/\/progettotouring.it\/radiotouring104\/2024\/12\/18\/tirocinanti-calabresi-via-libera-in-commissione-bilancio-allemendamento-per-le-assunzioni\/#primaryimage","url":"https:\/\/progettotouring.it\/radiotouring104\/wp-content\/uploads\/sites\/6\/2022\/08\/francesco-cannizzaro.jpg","contentUrl":"https:\/\/progettotouring.it\/radiotouring104\/wp-content\/uploads\/sites\/6\/2022\/08\/francesco-cannizzaro.jpg","width":1920,"height":1080},{"@type":"BreadcrumbList","@id":"https:\/\/progettotouring.it\/radiotouring104\/2024\/12\/18\/tirocinanti-calabresi-via-libera-in-commissione-bilancio-allemendamento-per-le-assunzioni\/#breadcrumb","itemListElement":[{"@type":"ListItem","position":1,"name":"Home","item":"https:\/\/progettotouring.it\/radiotouring104\/"},{"@type":"ListItem","position":2,"name":"Tirocinanti Calabresi: via libera in Commissione Bilancio all&#8217;emendamento per le assunzioni"}]},{"@type":"WebSite","@id":"https:\/\/progettotouring.it\/radiotouring104\/#website","url":"https:\/\/progettotouring.it\/radiotouring104\/","name":"Radio Touring 104","description":"La prima radio Reggina","publisher":{"@id":"https:\/\/progettotouring.it\/radiotouring104\/#organization"},"potentialAction":[{"@type":"SearchAction","target":{"@type":"EntryPoint","urlTemplate":"https:\/\/progettotouring.it\/radiotouring104\/?s={search_term_string}"},"query-input":{"@type":"PropertyValueSpecification","valueRequired":true,"valueName":"search_term_string"}}],"inLanguage":"it-IT"},{"@type":"Organization","@id":"https:\/\/progettotouring.it\/radiotouring104\/#organization","name":"Radio Touring 104","url":"https:\/\/progettotouring.it\/radiotouring104\/","logo":{"@type":"ImageObject","inLanguage":"it-IT","@id":"https:\/\/progettotouring.it\/radiotouring104\/#\/schema\/logo\/image\/","url":"https:\/\/progettotouring.it\/radiotouring104\/wp-content\/uploads\/sites\/6\/2022\/02\/cropped-logo-radio-touring-104.png","contentUrl":"https:\/\/progettotouring.it\/radiotouring104\/wp-content\/uploads\/sites\/6\/2022\/02\/cropped-logo-radio-touring-104.png","width":377,"height":182,"caption":"Radio Touring 104"},"image":{"@id":"https:\/\/progettotouring.it\/radiotouring104\/#\/schema\/logo\/image\/"}},{"@type":"Person","@id":"https:\/\/progettotouring.it\/radiotouring104\/#\/schema\/person\/78613917f1851f041f7483f5af1d422e","name":"Sebastiano Plutino","image":{"@type":"ImageObject","inLanguage":"it-IT","@id":"https:\/\/secure.gravatar.com\/avatar\/0546ffaa9b79224faf9f2a156b67a529ae861d3287c66c1d8ccfdf909bcba78d?s=96&d=mm&r=g","url":"https:\/\/secure.gravatar.com\/avatar\/0546ffaa9b79224faf9f2a156b67a529ae861d3287c66c1d8ccfdf909bcba78d?s=96&d=mm&r=g","contentUrl":"https:\/\/secure.gravatar.com\/avatar\/0546ffaa9b79224faf9f2a156b67a529ae861d3287c66c1d8ccfdf909bcba78d?s=96&d=mm&r=g","caption":"Sebastiano Plutino"},"url":"https:\/\/progettotouring.it\/radiotouring104\/author\/sebastiano\/"}]}},"jetpack_publicize_connections":[],"jetpack_featured_media_url":"https:\/\/progettotouring.it\/radiotouring104\/wp-content\/uploads\/sites\/6\/2022\/08\/francesco-cannizzaro.jpg","jetpack_sharing_enabled":true,"_links":{"self":[{"href":"https:\/\/progettotouring.it\/radiotouring104\/wp-json\/wp\/v2\/posts\/63639","targetHints":{"allow":["GET"]}}],"collection":[{"href":"https:\/\/progettotouring.it\/radiotouring104\/wp-json\/wp\/v2\/posts"}],"about":[{"href":"https:\/\/progettotouring.it\/radiotouring104\/wp-json\/wp\/v2\/types\/post"}],"author":[{"embeddable":true,"href":"https:\/\/progettotouring.it\/radiotouring104\/wp-json\/wp\/v2\/users\/12"}],"replies":[{"embeddable":true,"href":"https:\/\/progettotouring.it\/radiotouring104\/wp-json\/wp\/v2\/comments?post=63639"}],"version-history":[{"count":3,"href":"https:\/\/progettotouring.it\/radiotouring104\/wp-json\/wp\/v2\/posts\/63639\/revisions"}],"predecessor-version":[{"id":63683,"href":"https:\/\/progettotouring.it\/radiotouring104\/wp-json\/wp\/v2\/posts\/63639\/revisions\/63683"}],"wp:featuredmedia":[{"embeddable":true,"href":"https:\/\/progettotouring.it\/radiotouring104\/wp-json\/wp\/v2\/media\/9153"}],"wp:attachment":[{"href":"https:\/\/progettotouring.it\/radiotouring104\/wp-json\/wp\/v2\/media?parent=63639"}],"wp:term":[{"taxonomy":"category","embeddable":true,"href":"https:\/\/progettotouring.it\/radiotouring104\/wp-json\/wp\/v2\/categories?post=63639"},{"taxonomy":"post_tag","embeddable":true,"href":"https:\/\/progettotouring.it\/radiotouring104\/wp-json\/wp\/v2\/tags?post=63639"}],"curies":[{"name":"wp","href":"https:\/\/api.w.org\/{rel}","templated":true}]}}