{"id":63649,"date":"2024-12-18T10:10:25","date_gmt":"2024-12-18T09:10:25","guid":{"rendered":"https:\/\/progettotouring.it\/radiotouring104\/?p=63649"},"modified":"2024-12-18T10:10:25","modified_gmt":"2024-12-18T09:10:25","slug":"corecom-premio-di-qualita-corecom-calabria-per-i-migliori-contenuti-comunicativi-sulle-minoranze-linguistiche","status":"publish","type":"post","link":"https:\/\/progettotouring.it\/radiotouring104\/2024\/12\/18\/corecom-premio-di-qualita-corecom-calabria-per-i-migliori-contenuti-comunicativi-sulle-minoranze-linguistiche\/","title":{"rendered":"Corecom: Premio di qualit\u00e0 Corecom Calabria per i migliori contenuti comunicativi sulle minoranze linguistiche,"},"content":{"rendered":"<p style=\"text-align: justify\">Entra nel vivo l\u2019organizzazione del Premio di qualit\u00e0 per i migliori contenuti comunicativi e informativi dedicati alla tutela e alla valorizzazione delle minoranze linguistiche calabresi promosso dal Corecom Calabria. L\u2019iniziativa, alla sua prima edizione, mira a preservare e a divulgare un patrimonio che \u00e8 espressione non soltanto delle identit\u00e0 locali, ma costituisce elemento essenziale del pi\u00f9 ampio bagaglio storico e culturale italiano. Nei mesi scorsi, attraverso la pubblicazione di un apposito avviso, i fornitori di servizi di media audiovisivi e radiofonici locali, regolarmente iscritti al ROC (Registro degli Operatori della Comunicazione), aventi sede legale o operative in Calabria, erano state invitati a partecipare con un proprio lavoro mirato ad esaltare il ruolo fondamentale che le minoranze linguistiche continuano a rivestire nel contesto sociale e storico della regione, incarnando secoli di tradizioni, storia e scambi culturali.<\/p>\n<p style=\"text-align: justify\">A valutare i diversi elaborati pervenuti all\u2019attenzione del Comitato per le comunicazioni sar\u00e0 una commissione giudicatrice di esperti composta da<strong> Elena Boschini<\/strong>, Presidente del Co.Re.Com. Valle d\u2019Aosta, in qualit\u00e0 di presidente, <strong>Judith G\u00f6gele<\/strong>, Presidente del Co.Re.Com. della Provincia Autonoma di Bolzano, e <strong>Roberto Bertolini<\/strong>, Presidente del Co.Re.Com. della Provincia Autonoma di Trento, in qualit\u00e0 di componenti. In palio premi in denaro per i primi tre classificati che saranno svelati nella cerimonia ufficiale di consegna dei riconoscimenti presso il Consiglio regionale della Calabria. Nel procedimento di scelta delle migliori opere saranno coinvolti anche gli studenti delle scuole calabresi al fine di avvicinare le nuove generazioni su un tema di particolare rilievo culturale.<\/p>\n<p style=\"text-align: justify\"><em>\u201cIl Corecom ha voluto puntare fortemente su un\u2019iniziativa che intende sensibilizzare anche l&#8217;opinione pubblica sull&#8217;importanza cruciale di queste lingue e sulla necessit\u00e0 impellente di conservarle\u201d<\/em>, ha commentato il Presidente del Comitato, Fulvio Scarpino. <em>\u201cI professionisti selezionati per la commissione valutatrice hanno risposto con entusiasmo, e a titolo gratuito, al nostro invito e sono certo garantiranno la massima attenzione e qualit\u00e0 nel selezionare i migliori lavori in concorso\u201d.\u00a0<\/em> <strong>Il direttore del Corecom Calabria, Maurizio Priolo, ha aggiunto che<\/strong> <em>\u201cl&#8217;attribuzione di un premio d\u2019eccellenza per i migliori contributi comunicativi e informativi va, per l\u2019appunto, nella direzione di rendere tutti gli addetti ai lavori parte attiva nel processo di salvaguardia delle minoranze linguistiche e delle tradizioni locali, sempre pi\u00f9 esposte ai cambiamenti sociali e ai rischi derivanti dall&#8217;omogeneizzazione culturale e dall&#8217;influenza della globalizzazione\u201d.<\/em><\/p>\n<p><strong>\u00a0<\/strong><\/p>\n<p>&nbsp;<\/p>\n","protected":false},"excerpt":{"rendered":"<p>Entra nel vivo l\u2019organizzazione del Premio di qualit\u00e0 per i migliori contenuti comunicativi e informativi dedicati alla tutela e alla valorizzazione delle minoranze linguistiche calabresi promosso dal Corecom Calabria. L\u2019iniziativa,&hellip;<\/p>\n","protected":false},"author":12,"featured_media":63650,"comment_status":"closed","ping_status":"open","sticky":false,"template":"","format":"standard","meta":{"_jetpack_memberships_contains_paid_content":false,"footnotes":"","jetpack_publicize_message":"","jetpack_publicize_feature_enabled":true,"jetpack_social_post_already_shared":true,"jetpack_social_options":{"image_generator_settings":{"template":"highway","default_image_id":0,"font":"","enabled":false},"version":2}},"categories":[921,196,140],"tags":[37594,9620,5639,38760,22660],"class_list":["post-63649","post","type-post","status-publish","format-standard","has-post-thumbnail","hentry","category-home","category-news","category-reggio-calabria","tag-avv-fulvio-scarpino","tag-corecom-calabria","tag-maurizio-priolo","tag-migliori-contenuti-comunicativi-sulle-minoranze-linguistiche","tag-premio-di-qualita"],"yoast_head":"<!-- This site is optimized with the Yoast SEO plugin v27.2 - https:\/\/yoast.com\/product\/yoast-seo-wordpress\/ -->\n<title>Corecom: Premio di qualit\u00e0 Corecom Calabria per i migliori contenuti comunicativi sulle minoranze linguistiche, - Radio Touring 104<\/title>\n<meta name=\"description\" content=\"Entra nel vivo il Premio per i migliori contenuti comunicativi dedicati alla tutela e alla valorizzazione delle minoranze linguistiche\" \/>\n<meta name=\"robots\" content=\"index, follow, max-snippet:-1, max-image-preview:large, max-video-preview:-1\" \/>\n<link rel=\"canonical\" href=\"https:\/\/progettotouring.it\/radiotouring104\/2024\/12\/18\/corecom-premio-di-qualita-corecom-calabria-per-i-migliori-contenuti-comunicativi-sulle-minoranze-linguistiche\/\" \/>\n<meta property=\"og:locale\" content=\"it_IT\" \/>\n<meta property=\"og:type\" content=\"article\" \/>\n<meta property=\"og:title\" content=\"Corecom: Premio di qualit\u00e0 Corecom Calabria per i migliori contenuti comunicativi sulle minoranze linguistiche, - Radio Touring 104\" \/>\n<meta property=\"og:description\" content=\"Entra nel vivo il Premio per i migliori contenuti comunicativi dedicati alla tutela e alla valorizzazione delle minoranze linguistiche\" \/>\n<meta property=\"og:url\" content=\"https:\/\/progettotouring.it\/radiotouring104\/2024\/12\/18\/corecom-premio-di-qualita-corecom-calabria-per-i-migliori-contenuti-comunicativi-sulle-minoranze-linguistiche\/\" \/>\n<meta property=\"og:site_name\" content=\"Radio Touring 104\" \/>\n<meta property=\"article:published_time\" content=\"2024-12-18T09:10:25+00:00\" \/>\n<meta property=\"og:image\" content=\"https:\/\/progettotouring.it\/radiotouring104\/wp-content\/uploads\/sites\/6\/2024\/12\/Componenti-commissione-giudicatrice-Premio-Qualita-Corecom.jpeg\" \/>\n\t<meta property=\"og:image:width\" content=\"940\" \/>\n\t<meta property=\"og:image:height\" content=\"788\" \/>\n\t<meta property=\"og:image:type\" content=\"image\/jpeg\" \/>\n<meta name=\"author\" content=\"Sebastiano Plutino\" \/>\n<meta name=\"twitter:card\" content=\"summary_large_image\" \/>\n<meta name=\"twitter:label1\" content=\"Scritto da\" \/>\n\t<meta name=\"twitter:data1\" content=\"Sebastiano Plutino\" \/>\n\t<meta name=\"twitter:label2\" content=\"Tempo di lettura stimato\" \/>\n\t<meta name=\"twitter:data2\" content=\"2 minuti\" \/>\n<script type=\"application\/ld+json\" class=\"yoast-schema-graph\">{\"@context\":\"https:\/\/schema.org\",\"@graph\":[{\"@type\":\"Article\",\"@id\":\"https:\/\/progettotouring.it\/radiotouring104\/2024\/12\/18\/corecom-premio-di-qualita-corecom-calabria-per-i-migliori-contenuti-comunicativi-sulle-minoranze-linguistiche\/#article\",\"isPartOf\":{\"@id\":\"https:\/\/progettotouring.it\/radiotouring104\/2024\/12\/18\/corecom-premio-di-qualita-corecom-calabria-per-i-migliori-contenuti-comunicativi-sulle-minoranze-linguistiche\/\"},\"author\":{\"name\":\"Sebastiano Plutino\",\"@id\":\"https:\/\/progettotouring.it\/radiotouring104\/#\/schema\/person\/78613917f1851f041f7483f5af1d422e\"},\"headline\":\"Corecom: Premio di qualit\u00e0 Corecom Calabria per i migliori contenuti comunicativi sulle minoranze linguistiche,\",\"datePublished\":\"2024-12-18T09:10:25+00:00\",\"mainEntityOfPage\":{\"@id\":\"https:\/\/progettotouring.it\/radiotouring104\/2024\/12\/18\/corecom-premio-di-qualita-corecom-calabria-per-i-migliori-contenuti-comunicativi-sulle-minoranze-linguistiche\/\"},\"wordCount\":404,\"publisher\":{\"@id\":\"https:\/\/progettotouring.it\/radiotouring104\/#organization\"},\"image\":{\"@id\":\"https:\/\/progettotouring.it\/radiotouring104\/2024\/12\/18\/corecom-premio-di-qualita-corecom-calabria-per-i-migliori-contenuti-comunicativi-sulle-minoranze-linguistiche\/#primaryimage\"},\"thumbnailUrl\":\"https:\/\/progettotouring.it\/radiotouring104\/wp-content\/uploads\/sites\/6\/2024\/12\/Componenti-commissione-giudicatrice-Premio-Qualita-Corecom.jpeg\",\"keywords\":[\"Avv. Fulvio Scarpino\",\"Corecom Calabria\",\"Maurizio Priolo.\",\"migliori contenuti comunicativi sulle minoranze linguistiche\",\"Premio di Qualit\u00e0\"],\"articleSection\":[\"Home\",\"News\",\"Reggio Calabria\"],\"inLanguage\":\"it-IT\"},{\"@type\":\"WebPage\",\"@id\":\"https:\/\/progettotouring.it\/radiotouring104\/2024\/12\/18\/corecom-premio-di-qualita-corecom-calabria-per-i-migliori-contenuti-comunicativi-sulle-minoranze-linguistiche\/\",\"url\":\"https:\/\/progettotouring.it\/radiotouring104\/2024\/12\/18\/corecom-premio-di-qualita-corecom-calabria-per-i-migliori-contenuti-comunicativi-sulle-minoranze-linguistiche\/\",\"name\":\"Corecom: Premio di qualit\u00e0 Corecom Calabria per i migliori contenuti comunicativi sulle minoranze linguistiche, - Radio Touring 104\",\"isPartOf\":{\"@id\":\"https:\/\/progettotouring.it\/radiotouring104\/#website\"},\"primaryImageOfPage\":{\"@id\":\"https:\/\/progettotouring.it\/radiotouring104\/2024\/12\/18\/corecom-premio-di-qualita-corecom-calabria-per-i-migliori-contenuti-comunicativi-sulle-minoranze-linguistiche\/#primaryimage\"},\"image\":{\"@id\":\"https:\/\/progettotouring.it\/radiotouring104\/2024\/12\/18\/corecom-premio-di-qualita-corecom-calabria-per-i-migliori-contenuti-comunicativi-sulle-minoranze-linguistiche\/#primaryimage\"},\"thumbnailUrl\":\"https:\/\/progettotouring.it\/radiotouring104\/wp-content\/uploads\/sites\/6\/2024\/12\/Componenti-commissione-giudicatrice-Premio-Qualita-Corecom.jpeg\",\"datePublished\":\"2024-12-18T09:10:25+00:00\",\"description\":\"Entra nel vivo il Premio per i migliori contenuti comunicativi dedicati alla tutela e alla valorizzazione delle minoranze linguistiche\",\"breadcrumb\":{\"@id\":\"https:\/\/progettotouring.it\/radiotouring104\/2024\/12\/18\/corecom-premio-di-qualita-corecom-calabria-per-i-migliori-contenuti-comunicativi-sulle-minoranze-linguistiche\/#breadcrumb\"},\"inLanguage\":\"it-IT\",\"potentialAction\":[{\"@type\":\"ReadAction\",\"target\":[\"https:\/\/progettotouring.it\/radiotouring104\/2024\/12\/18\/corecom-premio-di-qualita-corecom-calabria-per-i-migliori-contenuti-comunicativi-sulle-minoranze-linguistiche\/\"]}]},{\"@type\":\"ImageObject\",\"inLanguage\":\"it-IT\",\"@id\":\"https:\/\/progettotouring.it\/radiotouring104\/2024\/12\/18\/corecom-premio-di-qualita-corecom-calabria-per-i-migliori-contenuti-comunicativi-sulle-minoranze-linguistiche\/#primaryimage\",\"url\":\"https:\/\/progettotouring.it\/radiotouring104\/wp-content\/uploads\/sites\/6\/2024\/12\/Componenti-commissione-giudicatrice-Premio-Qualita-Corecom.jpeg\",\"contentUrl\":\"https:\/\/progettotouring.it\/radiotouring104\/wp-content\/uploads\/sites\/6\/2024\/12\/Componenti-commissione-giudicatrice-Premio-Qualita-Corecom.jpeg\",\"width\":940,\"height\":788},{\"@type\":\"BreadcrumbList\",\"@id\":\"https:\/\/progettotouring.it\/radiotouring104\/2024\/12\/18\/corecom-premio-di-qualita-corecom-calabria-per-i-migliori-contenuti-comunicativi-sulle-minoranze-linguistiche\/#breadcrumb\",\"itemListElement\":[{\"@type\":\"ListItem\",\"position\":1,\"name\":\"Home\",\"item\":\"https:\/\/progettotouring.it\/radiotouring104\/\"},{\"@type\":\"ListItem\",\"position\":2,\"name\":\"Corecom: Premio di qualit\u00e0 Corecom Calabria per i migliori contenuti comunicativi sulle minoranze linguistiche,\"}]},{\"@type\":\"WebSite\",\"@id\":\"https:\/\/progettotouring.it\/radiotouring104\/#website\",\"url\":\"https:\/\/progettotouring.it\/radiotouring104\/\",\"name\":\"Radio Touring 104\",\"description\":\"La prima radio Reggina\",\"publisher\":{\"@id\":\"https:\/\/progettotouring.it\/radiotouring104\/#organization\"},\"potentialAction\":[{\"@type\":\"SearchAction\",\"target\":{\"@type\":\"EntryPoint\",\"urlTemplate\":\"https:\/\/progettotouring.it\/radiotouring104\/?s={search_term_string}\"},\"query-input\":{\"@type\":\"PropertyValueSpecification\",\"valueRequired\":true,\"valueName\":\"search_term_string\"}}],\"inLanguage\":\"it-IT\"},{\"@type\":\"Organization\",\"@id\":\"https:\/\/progettotouring.it\/radiotouring104\/#organization\",\"name\":\"Radio Touring 104\",\"url\":\"https:\/\/progettotouring.it\/radiotouring104\/\",\"logo\":{\"@type\":\"ImageObject\",\"inLanguage\":\"it-IT\",\"@id\":\"https:\/\/progettotouring.it\/radiotouring104\/#\/schema\/logo\/image\/\",\"url\":\"https:\/\/progettotouring.it\/radiotouring104\/wp-content\/uploads\/sites\/6\/2022\/02\/cropped-logo-radio-touring-104.png\",\"contentUrl\":\"https:\/\/progettotouring.it\/radiotouring104\/wp-content\/uploads\/sites\/6\/2022\/02\/cropped-logo-radio-touring-104.png\",\"width\":377,\"height\":182,\"caption\":\"Radio Touring 104\"},\"image\":{\"@id\":\"https:\/\/progettotouring.it\/radiotouring104\/#\/schema\/logo\/image\/\"}},{\"@type\":\"Person\",\"@id\":\"https:\/\/progettotouring.it\/radiotouring104\/#\/schema\/person\/78613917f1851f041f7483f5af1d422e\",\"name\":\"Sebastiano Plutino\",\"image\":{\"@type\":\"ImageObject\",\"inLanguage\":\"it-IT\",\"@id\":\"https:\/\/secure.gravatar.com\/avatar\/0546ffaa9b79224faf9f2a156b67a529ae861d3287c66c1d8ccfdf909bcba78d?s=96&d=mm&r=g\",\"url\":\"https:\/\/secure.gravatar.com\/avatar\/0546ffaa9b79224faf9f2a156b67a529ae861d3287c66c1d8ccfdf909bcba78d?s=96&d=mm&r=g\",\"contentUrl\":\"https:\/\/secure.gravatar.com\/avatar\/0546ffaa9b79224faf9f2a156b67a529ae861d3287c66c1d8ccfdf909bcba78d?s=96&d=mm&r=g\",\"caption\":\"Sebastiano Plutino\"},\"url\":\"https:\/\/progettotouring.it\/radiotouring104\/author\/sebastiano\/\"}]}<\/script>\n<!-- \/ Yoast SEO plugin. -->","yoast_head_json":{"title":"Corecom: Premio di qualit\u00e0 Corecom Calabria per i migliori contenuti comunicativi sulle minoranze linguistiche, - Radio Touring 104","description":"Entra nel vivo il Premio per i migliori contenuti comunicativi dedicati alla tutela e alla valorizzazione delle minoranze linguistiche","robots":{"index":"index","follow":"follow","max-snippet":"max-snippet:-1","max-image-preview":"max-image-preview:large","max-video-preview":"max-video-preview:-1"},"canonical":"https:\/\/progettotouring.it\/radiotouring104\/2024\/12\/18\/corecom-premio-di-qualita-corecom-calabria-per-i-migliori-contenuti-comunicativi-sulle-minoranze-linguistiche\/","og_locale":"it_IT","og_type":"article","og_title":"Corecom: Premio di qualit\u00e0 Corecom Calabria per i migliori contenuti comunicativi sulle minoranze linguistiche, - Radio Touring 104","og_description":"Entra nel vivo il Premio per i migliori contenuti comunicativi dedicati alla tutela e alla valorizzazione delle minoranze linguistiche","og_url":"https:\/\/progettotouring.it\/radiotouring104\/2024\/12\/18\/corecom-premio-di-qualita-corecom-calabria-per-i-migliori-contenuti-comunicativi-sulle-minoranze-linguistiche\/","og_site_name":"Radio Touring 104","article_published_time":"2024-12-18T09:10:25+00:00","og_image":[{"width":940,"height":788,"url":"https:\/\/progettotouring.it\/radiotouring104\/wp-content\/uploads\/sites\/6\/2024\/12\/Componenti-commissione-giudicatrice-Premio-Qualita-Corecom.jpeg","type":"image\/jpeg"}],"author":"Sebastiano Plutino","twitter_card":"summary_large_image","twitter_misc":{"Scritto da":"Sebastiano Plutino","Tempo di lettura stimato":"2 minuti"},"schema":{"@context":"https:\/\/schema.org","@graph":[{"@type":"Article","@id":"https:\/\/progettotouring.it\/radiotouring104\/2024\/12\/18\/corecom-premio-di-qualita-corecom-calabria-per-i-migliori-contenuti-comunicativi-sulle-minoranze-linguistiche\/#article","isPartOf":{"@id":"https:\/\/progettotouring.it\/radiotouring104\/2024\/12\/18\/corecom-premio-di-qualita-corecom-calabria-per-i-migliori-contenuti-comunicativi-sulle-minoranze-linguistiche\/"},"author":{"name":"Sebastiano Plutino","@id":"https:\/\/progettotouring.it\/radiotouring104\/#\/schema\/person\/78613917f1851f041f7483f5af1d422e"},"headline":"Corecom: Premio di qualit\u00e0 Corecom Calabria per i migliori contenuti comunicativi sulle minoranze linguistiche,","datePublished":"2024-12-18T09:10:25+00:00","mainEntityOfPage":{"@id":"https:\/\/progettotouring.it\/radiotouring104\/2024\/12\/18\/corecom-premio-di-qualita-corecom-calabria-per-i-migliori-contenuti-comunicativi-sulle-minoranze-linguistiche\/"},"wordCount":404,"publisher":{"@id":"https:\/\/progettotouring.it\/radiotouring104\/#organization"},"image":{"@id":"https:\/\/progettotouring.it\/radiotouring104\/2024\/12\/18\/corecom-premio-di-qualita-corecom-calabria-per-i-migliori-contenuti-comunicativi-sulle-minoranze-linguistiche\/#primaryimage"},"thumbnailUrl":"https:\/\/progettotouring.it\/radiotouring104\/wp-content\/uploads\/sites\/6\/2024\/12\/Componenti-commissione-giudicatrice-Premio-Qualita-Corecom.jpeg","keywords":["Avv. Fulvio Scarpino","Corecom Calabria","Maurizio Priolo.","migliori contenuti comunicativi sulle minoranze linguistiche","Premio di Qualit\u00e0"],"articleSection":["Home","News","Reggio Calabria"],"inLanguage":"it-IT"},{"@type":"WebPage","@id":"https:\/\/progettotouring.it\/radiotouring104\/2024\/12\/18\/corecom-premio-di-qualita-corecom-calabria-per-i-migliori-contenuti-comunicativi-sulle-minoranze-linguistiche\/","url":"https:\/\/progettotouring.it\/radiotouring104\/2024\/12\/18\/corecom-premio-di-qualita-corecom-calabria-per-i-migliori-contenuti-comunicativi-sulle-minoranze-linguistiche\/","name":"Corecom: Premio di qualit\u00e0 Corecom Calabria per i migliori contenuti comunicativi sulle minoranze linguistiche, - Radio Touring 104","isPartOf":{"@id":"https:\/\/progettotouring.it\/radiotouring104\/#website"},"primaryImageOfPage":{"@id":"https:\/\/progettotouring.it\/radiotouring104\/2024\/12\/18\/corecom-premio-di-qualita-corecom-calabria-per-i-migliori-contenuti-comunicativi-sulle-minoranze-linguistiche\/#primaryimage"},"image":{"@id":"https:\/\/progettotouring.it\/radiotouring104\/2024\/12\/18\/corecom-premio-di-qualita-corecom-calabria-per-i-migliori-contenuti-comunicativi-sulle-minoranze-linguistiche\/#primaryimage"},"thumbnailUrl":"https:\/\/progettotouring.it\/radiotouring104\/wp-content\/uploads\/sites\/6\/2024\/12\/Componenti-commissione-giudicatrice-Premio-Qualita-Corecom.jpeg","datePublished":"2024-12-18T09:10:25+00:00","description":"Entra nel vivo il Premio per i migliori contenuti comunicativi dedicati alla tutela e alla valorizzazione delle minoranze linguistiche","breadcrumb":{"@id":"https:\/\/progettotouring.it\/radiotouring104\/2024\/12\/18\/corecom-premio-di-qualita-corecom-calabria-per-i-migliori-contenuti-comunicativi-sulle-minoranze-linguistiche\/#breadcrumb"},"inLanguage":"it-IT","potentialAction":[{"@type":"ReadAction","target":["https:\/\/progettotouring.it\/radiotouring104\/2024\/12\/18\/corecom-premio-di-qualita-corecom-calabria-per-i-migliori-contenuti-comunicativi-sulle-minoranze-linguistiche\/"]}]},{"@type":"ImageObject","inLanguage":"it-IT","@id":"https:\/\/progettotouring.it\/radiotouring104\/2024\/12\/18\/corecom-premio-di-qualita-corecom-calabria-per-i-migliori-contenuti-comunicativi-sulle-minoranze-linguistiche\/#primaryimage","url":"https:\/\/progettotouring.it\/radiotouring104\/wp-content\/uploads\/sites\/6\/2024\/12\/Componenti-commissione-giudicatrice-Premio-Qualita-Corecom.jpeg","contentUrl":"https:\/\/progettotouring.it\/radiotouring104\/wp-content\/uploads\/sites\/6\/2024\/12\/Componenti-commissione-giudicatrice-Premio-Qualita-Corecom.jpeg","width":940,"height":788},{"@type":"BreadcrumbList","@id":"https:\/\/progettotouring.it\/radiotouring104\/2024\/12\/18\/corecom-premio-di-qualita-corecom-calabria-per-i-migliori-contenuti-comunicativi-sulle-minoranze-linguistiche\/#breadcrumb","itemListElement":[{"@type":"ListItem","position":1,"name":"Home","item":"https:\/\/progettotouring.it\/radiotouring104\/"},{"@type":"ListItem","position":2,"name":"Corecom: Premio di qualit\u00e0 Corecom Calabria per i migliori contenuti comunicativi sulle minoranze linguistiche,"}]},{"@type":"WebSite","@id":"https:\/\/progettotouring.it\/radiotouring104\/#website","url":"https:\/\/progettotouring.it\/radiotouring104\/","name":"Radio Touring 104","description":"La prima radio Reggina","publisher":{"@id":"https:\/\/progettotouring.it\/radiotouring104\/#organization"},"potentialAction":[{"@type":"SearchAction","target":{"@type":"EntryPoint","urlTemplate":"https:\/\/progettotouring.it\/radiotouring104\/?s={search_term_string}"},"query-input":{"@type":"PropertyValueSpecification","valueRequired":true,"valueName":"search_term_string"}}],"inLanguage":"it-IT"},{"@type":"Organization","@id":"https:\/\/progettotouring.it\/radiotouring104\/#organization","name":"Radio Touring 104","url":"https:\/\/progettotouring.it\/radiotouring104\/","logo":{"@type":"ImageObject","inLanguage":"it-IT","@id":"https:\/\/progettotouring.it\/radiotouring104\/#\/schema\/logo\/image\/","url":"https:\/\/progettotouring.it\/radiotouring104\/wp-content\/uploads\/sites\/6\/2022\/02\/cropped-logo-radio-touring-104.png","contentUrl":"https:\/\/progettotouring.it\/radiotouring104\/wp-content\/uploads\/sites\/6\/2022\/02\/cropped-logo-radio-touring-104.png","width":377,"height":182,"caption":"Radio Touring 104"},"image":{"@id":"https:\/\/progettotouring.it\/radiotouring104\/#\/schema\/logo\/image\/"}},{"@type":"Person","@id":"https:\/\/progettotouring.it\/radiotouring104\/#\/schema\/person\/78613917f1851f041f7483f5af1d422e","name":"Sebastiano Plutino","image":{"@type":"ImageObject","inLanguage":"it-IT","@id":"https:\/\/secure.gravatar.com\/avatar\/0546ffaa9b79224faf9f2a156b67a529ae861d3287c66c1d8ccfdf909bcba78d?s=96&d=mm&r=g","url":"https:\/\/secure.gravatar.com\/avatar\/0546ffaa9b79224faf9f2a156b67a529ae861d3287c66c1d8ccfdf909bcba78d?s=96&d=mm&r=g","contentUrl":"https:\/\/secure.gravatar.com\/avatar\/0546ffaa9b79224faf9f2a156b67a529ae861d3287c66c1d8ccfdf909bcba78d?s=96&d=mm&r=g","caption":"Sebastiano Plutino"},"url":"https:\/\/progettotouring.it\/radiotouring104\/author\/sebastiano\/"}]}},"jetpack_publicize_connections":[],"jetpack_featured_media_url":"https:\/\/progettotouring.it\/radiotouring104\/wp-content\/uploads\/sites\/6\/2024\/12\/Componenti-commissione-giudicatrice-Premio-Qualita-Corecom.jpeg","jetpack_sharing_enabled":true,"_links":{"self":[{"href":"https:\/\/progettotouring.it\/radiotouring104\/wp-json\/wp\/v2\/posts\/63649","targetHints":{"allow":["GET"]}}],"collection":[{"href":"https:\/\/progettotouring.it\/radiotouring104\/wp-json\/wp\/v2\/posts"}],"about":[{"href":"https:\/\/progettotouring.it\/radiotouring104\/wp-json\/wp\/v2\/types\/post"}],"author":[{"embeddable":true,"href":"https:\/\/progettotouring.it\/radiotouring104\/wp-json\/wp\/v2\/users\/12"}],"replies":[{"embeddable":true,"href":"https:\/\/progettotouring.it\/radiotouring104\/wp-json\/wp\/v2\/comments?post=63649"}],"version-history":[{"count":1,"href":"https:\/\/progettotouring.it\/radiotouring104\/wp-json\/wp\/v2\/posts\/63649\/revisions"}],"predecessor-version":[{"id":63651,"href":"https:\/\/progettotouring.it\/radiotouring104\/wp-json\/wp\/v2\/posts\/63649\/revisions\/63651"}],"wp:featuredmedia":[{"embeddable":true,"href":"https:\/\/progettotouring.it\/radiotouring104\/wp-json\/wp\/v2\/media\/63650"}],"wp:attachment":[{"href":"https:\/\/progettotouring.it\/radiotouring104\/wp-json\/wp\/v2\/media?parent=63649"}],"wp:term":[{"taxonomy":"category","embeddable":true,"href":"https:\/\/progettotouring.it\/radiotouring104\/wp-json\/wp\/v2\/categories?post=63649"},{"taxonomy":"post_tag","embeddable":true,"href":"https:\/\/progettotouring.it\/radiotouring104\/wp-json\/wp\/v2\/tags?post=63649"}],"curies":[{"name":"wp","href":"https:\/\/api.w.org\/{rel}","templated":true}]}}