{"id":63655,"date":"2024-12-18T10:28:06","date_gmt":"2024-12-18T09:28:06","guid":{"rendered":"https:\/\/progettotouring.it\/radiotouring104\/?p=63655"},"modified":"2024-12-18T10:28:06","modified_gmt":"2024-12-18T09:28:06","slug":"reggio-gli-studenti-del-liceo-a-volta-ospiti-a-palazzo-san-giorgio","status":"publish","type":"post","link":"https:\/\/progettotouring.it\/radiotouring104\/2024\/12\/18\/reggio-gli-studenti-del-liceo-a-volta-ospiti-a-palazzo-san-giorgio\/","title":{"rendered":"Reggio: gli studenti del Liceo &#8220;A. Volta&#8221; ospiti a Palazzo San Giorgio"},"content":{"rendered":"<p class=\"xmprfx_MsoNormal\" style=\"text-align: justify\">Nell\u2019ambito di un progetto sulla \u201ccittadinanza\u201d, curato dalla Fondazione Antonino Scopelliti, <strong>una quinta classe del Liceo A. Volta ha visitato Palazzo San Giorgio<\/strong> per un confronto con le Istituzioni.<\/p>\n<p class=\"xmprfx_MsoNormal\" style=\"text-align: justify\"><strong>Ad accoglierli<\/strong> -presso l\u2019aula consiliare Pietro Battaglia-\u00a0\u00a0<strong>il presidente<\/strong> del consiglio comunale <strong>Enzo Marra assieme all\u2019assessore<\/strong> alla programmazione <strong>Carmelo Romeo<\/strong> ed al consiglier<strong>e Marcantonino Malara<\/strong>; nella sua funzione di presidente di Commissione Istruzione, formazione e lavoro, cultura e sport, politiche giovanili e tempo libero.<\/p>\n<p class=\"xmprfx_MsoNormal\" style=\"text-align: justify\"><strong>Gli studenti hanno avuto modo di apprendere notizie essenziali sul funzionamento del consiglio comunale<\/strong> e delle commissioni con un invito espresso, tra le altre cose, a partecipare ad una commissione con un tema da loro scelto: verosimilmente proprio quello sulla legalit\u00e0 ed i diritti sul quale stanno gi\u00e0 lavorando all\u2019interno di questo progetto.<\/p>\n<p class=\"xmprfx_MsoNormal\" style=\"text-align: justify\"><strong>Marra, Romeo e Malara hanno ricordato loro quanto sia importante la partecipazione attiva alla vita democratica della propria comunit\u00e0,<\/strong> come recitato dalla stessa Costituzione, con la finalit\u00e0 di divenirne soggetti attivi e protagonisti.<\/p>\n<p class=\"xmprfx_MsoNormal\" style=\"text-align: justify\">L\u2019appello istituzionale pi\u00f9 forte, in modo trasversale, \u00e8 stato sicuramente questo ma la tematica del presente dei giovani e della capacit\u00e0 del trattenerli in citt\u00e0, evitandone la quasi certa migrazione per motivi di studio, ha tenuto banco grazie alle riflessioni sollecitate da Rosanna Scopelliti (Presidente della Fondazione stessa) che ha filtrato il confronto tra gli studenti e le figure istituzionali presenti.<\/p>\n<p class=\"xmprfx_MsoNormal\" style=\"text-align: justify\">Il presidente <strong>Enzo Marra ha poi accompagnato la scolaresca in una vero e proprio tour all\u2019interno delle sale<\/strong> e degli uffici pi\u00f9 significativi di Palazzo San Giorgio nonch\u00e9 nella galleria, al pian terreno, descrivendone storia e funzioni.<\/p>\n<p class=\"xmprfx_MsoNormal\" style=\"text-align: justify\"><strong>Gli studenti hanno registrato con entusiasmo l\u2019esperienza vissuta con la promessa di tornare nella<\/strong> <em>\u201ccasa comune dei cittadini\u201d<\/em> portando una proposta concreta da sottoporre al consiglio comunale attraverso i lavori propedeutici delle apposite commissioni.<\/p>\n<p>&nbsp;<\/p>\n","protected":false},"excerpt":{"rendered":"<p>Nell\u2019ambito di un progetto sulla \u201ccittadinanza\u201d, curato dalla Fondazione Antonino Scopelliti, una quinta classe del Liceo A. Volta ha visitato Palazzo San Giorgio per un confronto con le Istituzioni. Ad&hellip;<\/p>\n","protected":false},"author":12,"featured_media":63656,"comment_status":"closed","ping_status":"open","sticky":false,"template":"","format":"standard","meta":{"_jetpack_memberships_contains_paid_content":false,"footnotes":"","jetpack_publicize_message":"","jetpack_publicize_feature_enabled":true,"jetpack_social_post_already_shared":true,"jetpack_social_options":{"image_generator_settings":{"template":"highway","default_image_id":0,"font":"","enabled":false},"version":2}},"categories":[921,196,140],"tags":[1765,16093,659,38762,8379],"class_list":["post-63655","post","type-post","status-publish","format-standard","has-post-thumbnail","hentry","category-home","category-news","category-reggio-calabria","tag-carmelo-romeo","tag-enzo-marra","tag-palazzo-san-giorgio","tag-quinta-del-liceo-volta","tag-visita"],"yoast_head":"<!-- This site is optimized with the Yoast SEO plugin v27.2 - https:\/\/yoast.com\/product\/yoast-seo-wordpress\/ -->\n<title>Reggio: gli studenti del Liceo &quot;A. Volta&quot; ospiti a Palazzo San Giorgio - Radio Touring 104<\/title>\n<meta name=\"description\" content=\"Una quinta classe del Liceo A. Volta ha visitato Palazzo San Giorgio, accolti dal Presidente Marra e dal Consigliere Malara\" \/>\n<meta name=\"robots\" content=\"index, follow, max-snippet:-1, max-image-preview:large, max-video-preview:-1\" \/>\n<link rel=\"canonical\" href=\"https:\/\/progettotouring.it\/radiotouring104\/2024\/12\/18\/reggio-gli-studenti-del-liceo-a-volta-ospiti-a-palazzo-san-giorgio\/\" \/>\n<meta property=\"og:locale\" content=\"it_IT\" \/>\n<meta property=\"og:type\" content=\"article\" \/>\n<meta property=\"og:title\" content=\"Reggio: gli studenti del Liceo &quot;A. Volta&quot; ospiti a Palazzo San Giorgio - Radio Touring 104\" \/>\n<meta property=\"og:description\" content=\"Una quinta classe del Liceo A. Volta ha visitato Palazzo San Giorgio, accolti dal Presidente Marra e dal Consigliere Malara\" \/>\n<meta property=\"og:url\" content=\"https:\/\/progettotouring.it\/radiotouring104\/2024\/12\/18\/reggio-gli-studenti-del-liceo-a-volta-ospiti-a-palazzo-san-giorgio\/\" \/>\n<meta property=\"og:site_name\" content=\"Radio Touring 104\" \/>\n<meta property=\"article:published_time\" content=\"2024-12-18T09:28:06+00:00\" \/>\n<meta property=\"og:image\" content=\"https:\/\/progettotouring.it\/radiotouring104\/wp-content\/uploads\/sites\/6\/2024\/12\/studenti-Volta-Palazzo-San-Giorgio.jpeg\" \/>\n\t<meta property=\"og:image:width\" content=\"1600\" \/>\n\t<meta property=\"og:image:height\" content=\"900\" \/>\n\t<meta property=\"og:image:type\" content=\"image\/jpeg\" \/>\n<meta name=\"author\" content=\"Sebastiano Plutino\" \/>\n<meta name=\"twitter:card\" content=\"summary_large_image\" \/>\n<meta name=\"twitter:label1\" content=\"Scritto da\" \/>\n\t<meta name=\"twitter:data1\" content=\"Sebastiano Plutino\" \/>\n\t<meta name=\"twitter:label2\" content=\"Tempo di lettura stimato\" \/>\n\t<meta name=\"twitter:data2\" content=\"1 minuto\" \/>\n<script type=\"application\/ld+json\" class=\"yoast-schema-graph\">{\"@context\":\"https:\/\/schema.org\",\"@graph\":[{\"@type\":\"Article\",\"@id\":\"https:\/\/progettotouring.it\/radiotouring104\/2024\/12\/18\/reggio-gli-studenti-del-liceo-a-volta-ospiti-a-palazzo-san-giorgio\/#article\",\"isPartOf\":{\"@id\":\"https:\/\/progettotouring.it\/radiotouring104\/2024\/12\/18\/reggio-gli-studenti-del-liceo-a-volta-ospiti-a-palazzo-san-giorgio\/\"},\"author\":{\"name\":\"Sebastiano Plutino\",\"@id\":\"https:\/\/progettotouring.it\/radiotouring104\/#\/schema\/person\/78613917f1851f041f7483f5af1d422e\"},\"headline\":\"Reggio: gli studenti del Liceo &#8220;A. Volta&#8221; ospiti a Palazzo San Giorgio\",\"datePublished\":\"2024-12-18T09:28:06+00:00\",\"mainEntityOfPage\":{\"@id\":\"https:\/\/progettotouring.it\/radiotouring104\/2024\/12\/18\/reggio-gli-studenti-del-liceo-a-volta-ospiti-a-palazzo-san-giorgio\/\"},\"wordCount\":310,\"publisher\":{\"@id\":\"https:\/\/progettotouring.it\/radiotouring104\/#organization\"},\"image\":{\"@id\":\"https:\/\/progettotouring.it\/radiotouring104\/2024\/12\/18\/reggio-gli-studenti-del-liceo-a-volta-ospiti-a-palazzo-san-giorgio\/#primaryimage\"},\"thumbnailUrl\":\"https:\/\/progettotouring.it\/radiotouring104\/wp-content\/uploads\/sites\/6\/2024\/12\/studenti-Volta-Palazzo-San-Giorgio.jpeg\",\"keywords\":[\"Carmelo Romeo\",\"Enzo Marra\",\"palazzo san giorgio\",\"quinta del Liceo Volta\",\"visita\"],\"articleSection\":[\"Home\",\"News\",\"Reggio Calabria\"],\"inLanguage\":\"it-IT\"},{\"@type\":\"WebPage\",\"@id\":\"https:\/\/progettotouring.it\/radiotouring104\/2024\/12\/18\/reggio-gli-studenti-del-liceo-a-volta-ospiti-a-palazzo-san-giorgio\/\",\"url\":\"https:\/\/progettotouring.it\/radiotouring104\/2024\/12\/18\/reggio-gli-studenti-del-liceo-a-volta-ospiti-a-palazzo-san-giorgio\/\",\"name\":\"Reggio: gli studenti del Liceo \\\"A. Volta\\\" ospiti a Palazzo San Giorgio - Radio Touring 104\",\"isPartOf\":{\"@id\":\"https:\/\/progettotouring.it\/radiotouring104\/#website\"},\"primaryImageOfPage\":{\"@id\":\"https:\/\/progettotouring.it\/radiotouring104\/2024\/12\/18\/reggio-gli-studenti-del-liceo-a-volta-ospiti-a-palazzo-san-giorgio\/#primaryimage\"},\"image\":{\"@id\":\"https:\/\/progettotouring.it\/radiotouring104\/2024\/12\/18\/reggio-gli-studenti-del-liceo-a-volta-ospiti-a-palazzo-san-giorgio\/#primaryimage\"},\"thumbnailUrl\":\"https:\/\/progettotouring.it\/radiotouring104\/wp-content\/uploads\/sites\/6\/2024\/12\/studenti-Volta-Palazzo-San-Giorgio.jpeg\",\"datePublished\":\"2024-12-18T09:28:06+00:00\",\"description\":\"Una quinta classe del Liceo A. Volta ha visitato Palazzo San Giorgio, accolti dal Presidente Marra e dal Consigliere Malara\",\"breadcrumb\":{\"@id\":\"https:\/\/progettotouring.it\/radiotouring104\/2024\/12\/18\/reggio-gli-studenti-del-liceo-a-volta-ospiti-a-palazzo-san-giorgio\/#breadcrumb\"},\"inLanguage\":\"it-IT\",\"potentialAction\":[{\"@type\":\"ReadAction\",\"target\":[\"https:\/\/progettotouring.it\/radiotouring104\/2024\/12\/18\/reggio-gli-studenti-del-liceo-a-volta-ospiti-a-palazzo-san-giorgio\/\"]}]},{\"@type\":\"ImageObject\",\"inLanguage\":\"it-IT\",\"@id\":\"https:\/\/progettotouring.it\/radiotouring104\/2024\/12\/18\/reggio-gli-studenti-del-liceo-a-volta-ospiti-a-palazzo-san-giorgio\/#primaryimage\",\"url\":\"https:\/\/progettotouring.it\/radiotouring104\/wp-content\/uploads\/sites\/6\/2024\/12\/studenti-Volta-Palazzo-San-Giorgio.jpeg\",\"contentUrl\":\"https:\/\/progettotouring.it\/radiotouring104\/wp-content\/uploads\/sites\/6\/2024\/12\/studenti-Volta-Palazzo-San-Giorgio.jpeg\",\"width\":1600,\"height\":900},{\"@type\":\"BreadcrumbList\",\"@id\":\"https:\/\/progettotouring.it\/radiotouring104\/2024\/12\/18\/reggio-gli-studenti-del-liceo-a-volta-ospiti-a-palazzo-san-giorgio\/#breadcrumb\",\"itemListElement\":[{\"@type\":\"ListItem\",\"position\":1,\"name\":\"Home\",\"item\":\"https:\/\/progettotouring.it\/radiotouring104\/\"},{\"@type\":\"ListItem\",\"position\":2,\"name\":\"Reggio: gli studenti del Liceo &#8220;A. Volta&#8221; ospiti a Palazzo San Giorgio\"}]},{\"@type\":\"WebSite\",\"@id\":\"https:\/\/progettotouring.it\/radiotouring104\/#website\",\"url\":\"https:\/\/progettotouring.it\/radiotouring104\/\",\"name\":\"Radio Touring 104\",\"description\":\"La prima radio Reggina\",\"publisher\":{\"@id\":\"https:\/\/progettotouring.it\/radiotouring104\/#organization\"},\"potentialAction\":[{\"@type\":\"SearchAction\",\"target\":{\"@type\":\"EntryPoint\",\"urlTemplate\":\"https:\/\/progettotouring.it\/radiotouring104\/?s={search_term_string}\"},\"query-input\":{\"@type\":\"PropertyValueSpecification\",\"valueRequired\":true,\"valueName\":\"search_term_string\"}}],\"inLanguage\":\"it-IT\"},{\"@type\":\"Organization\",\"@id\":\"https:\/\/progettotouring.it\/radiotouring104\/#organization\",\"name\":\"Radio Touring 104\",\"url\":\"https:\/\/progettotouring.it\/radiotouring104\/\",\"logo\":{\"@type\":\"ImageObject\",\"inLanguage\":\"it-IT\",\"@id\":\"https:\/\/progettotouring.it\/radiotouring104\/#\/schema\/logo\/image\/\",\"url\":\"https:\/\/progettotouring.it\/radiotouring104\/wp-content\/uploads\/sites\/6\/2022\/02\/cropped-logo-radio-touring-104.png\",\"contentUrl\":\"https:\/\/progettotouring.it\/radiotouring104\/wp-content\/uploads\/sites\/6\/2022\/02\/cropped-logo-radio-touring-104.png\",\"width\":377,\"height\":182,\"caption\":\"Radio Touring 104\"},\"image\":{\"@id\":\"https:\/\/progettotouring.it\/radiotouring104\/#\/schema\/logo\/image\/\"}},{\"@type\":\"Person\",\"@id\":\"https:\/\/progettotouring.it\/radiotouring104\/#\/schema\/person\/78613917f1851f041f7483f5af1d422e\",\"name\":\"Sebastiano Plutino\",\"image\":{\"@type\":\"ImageObject\",\"inLanguage\":\"it-IT\",\"@id\":\"https:\/\/secure.gravatar.com\/avatar\/0546ffaa9b79224faf9f2a156b67a529ae861d3287c66c1d8ccfdf909bcba78d?s=96&d=mm&r=g\",\"url\":\"https:\/\/secure.gravatar.com\/avatar\/0546ffaa9b79224faf9f2a156b67a529ae861d3287c66c1d8ccfdf909bcba78d?s=96&d=mm&r=g\",\"contentUrl\":\"https:\/\/secure.gravatar.com\/avatar\/0546ffaa9b79224faf9f2a156b67a529ae861d3287c66c1d8ccfdf909bcba78d?s=96&d=mm&r=g\",\"caption\":\"Sebastiano Plutino\"},\"url\":\"https:\/\/progettotouring.it\/radiotouring104\/author\/sebastiano\/\"}]}<\/script>\n<!-- \/ Yoast SEO plugin. -->","yoast_head_json":{"title":"Reggio: gli studenti del Liceo \"A. Volta\" ospiti a Palazzo San Giorgio - Radio Touring 104","description":"Una quinta classe del Liceo A. Volta ha visitato Palazzo San Giorgio, accolti dal Presidente Marra e dal Consigliere Malara","robots":{"index":"index","follow":"follow","max-snippet":"max-snippet:-1","max-image-preview":"max-image-preview:large","max-video-preview":"max-video-preview:-1"},"canonical":"https:\/\/progettotouring.it\/radiotouring104\/2024\/12\/18\/reggio-gli-studenti-del-liceo-a-volta-ospiti-a-palazzo-san-giorgio\/","og_locale":"it_IT","og_type":"article","og_title":"Reggio: gli studenti del Liceo \"A. Volta\" ospiti a Palazzo San Giorgio - Radio Touring 104","og_description":"Una quinta classe del Liceo A. Volta ha visitato Palazzo San Giorgio, accolti dal Presidente Marra e dal Consigliere Malara","og_url":"https:\/\/progettotouring.it\/radiotouring104\/2024\/12\/18\/reggio-gli-studenti-del-liceo-a-volta-ospiti-a-palazzo-san-giorgio\/","og_site_name":"Radio Touring 104","article_published_time":"2024-12-18T09:28:06+00:00","og_image":[{"width":1600,"height":900,"url":"https:\/\/progettotouring.it\/radiotouring104\/wp-content\/uploads\/sites\/6\/2024\/12\/studenti-Volta-Palazzo-San-Giorgio.jpeg","type":"image\/jpeg"}],"author":"Sebastiano Plutino","twitter_card":"summary_large_image","twitter_misc":{"Scritto da":"Sebastiano Plutino","Tempo di lettura stimato":"1 minuto"},"schema":{"@context":"https:\/\/schema.org","@graph":[{"@type":"Article","@id":"https:\/\/progettotouring.it\/radiotouring104\/2024\/12\/18\/reggio-gli-studenti-del-liceo-a-volta-ospiti-a-palazzo-san-giorgio\/#article","isPartOf":{"@id":"https:\/\/progettotouring.it\/radiotouring104\/2024\/12\/18\/reggio-gli-studenti-del-liceo-a-volta-ospiti-a-palazzo-san-giorgio\/"},"author":{"name":"Sebastiano Plutino","@id":"https:\/\/progettotouring.it\/radiotouring104\/#\/schema\/person\/78613917f1851f041f7483f5af1d422e"},"headline":"Reggio: gli studenti del Liceo &#8220;A. Volta&#8221; ospiti a Palazzo San Giorgio","datePublished":"2024-12-18T09:28:06+00:00","mainEntityOfPage":{"@id":"https:\/\/progettotouring.it\/radiotouring104\/2024\/12\/18\/reggio-gli-studenti-del-liceo-a-volta-ospiti-a-palazzo-san-giorgio\/"},"wordCount":310,"publisher":{"@id":"https:\/\/progettotouring.it\/radiotouring104\/#organization"},"image":{"@id":"https:\/\/progettotouring.it\/radiotouring104\/2024\/12\/18\/reggio-gli-studenti-del-liceo-a-volta-ospiti-a-palazzo-san-giorgio\/#primaryimage"},"thumbnailUrl":"https:\/\/progettotouring.it\/radiotouring104\/wp-content\/uploads\/sites\/6\/2024\/12\/studenti-Volta-Palazzo-San-Giorgio.jpeg","keywords":["Carmelo Romeo","Enzo Marra","palazzo san giorgio","quinta del Liceo Volta","visita"],"articleSection":["Home","News","Reggio Calabria"],"inLanguage":"it-IT"},{"@type":"WebPage","@id":"https:\/\/progettotouring.it\/radiotouring104\/2024\/12\/18\/reggio-gli-studenti-del-liceo-a-volta-ospiti-a-palazzo-san-giorgio\/","url":"https:\/\/progettotouring.it\/radiotouring104\/2024\/12\/18\/reggio-gli-studenti-del-liceo-a-volta-ospiti-a-palazzo-san-giorgio\/","name":"Reggio: gli studenti del Liceo \"A. Volta\" ospiti a Palazzo San Giorgio - Radio Touring 104","isPartOf":{"@id":"https:\/\/progettotouring.it\/radiotouring104\/#website"},"primaryImageOfPage":{"@id":"https:\/\/progettotouring.it\/radiotouring104\/2024\/12\/18\/reggio-gli-studenti-del-liceo-a-volta-ospiti-a-palazzo-san-giorgio\/#primaryimage"},"image":{"@id":"https:\/\/progettotouring.it\/radiotouring104\/2024\/12\/18\/reggio-gli-studenti-del-liceo-a-volta-ospiti-a-palazzo-san-giorgio\/#primaryimage"},"thumbnailUrl":"https:\/\/progettotouring.it\/radiotouring104\/wp-content\/uploads\/sites\/6\/2024\/12\/studenti-Volta-Palazzo-San-Giorgio.jpeg","datePublished":"2024-12-18T09:28:06+00:00","description":"Una quinta classe del Liceo A. Volta ha visitato Palazzo San Giorgio, accolti dal Presidente Marra e dal Consigliere Malara","breadcrumb":{"@id":"https:\/\/progettotouring.it\/radiotouring104\/2024\/12\/18\/reggio-gli-studenti-del-liceo-a-volta-ospiti-a-palazzo-san-giorgio\/#breadcrumb"},"inLanguage":"it-IT","potentialAction":[{"@type":"ReadAction","target":["https:\/\/progettotouring.it\/radiotouring104\/2024\/12\/18\/reggio-gli-studenti-del-liceo-a-volta-ospiti-a-palazzo-san-giorgio\/"]}]},{"@type":"ImageObject","inLanguage":"it-IT","@id":"https:\/\/progettotouring.it\/radiotouring104\/2024\/12\/18\/reggio-gli-studenti-del-liceo-a-volta-ospiti-a-palazzo-san-giorgio\/#primaryimage","url":"https:\/\/progettotouring.it\/radiotouring104\/wp-content\/uploads\/sites\/6\/2024\/12\/studenti-Volta-Palazzo-San-Giorgio.jpeg","contentUrl":"https:\/\/progettotouring.it\/radiotouring104\/wp-content\/uploads\/sites\/6\/2024\/12\/studenti-Volta-Palazzo-San-Giorgio.jpeg","width":1600,"height":900},{"@type":"BreadcrumbList","@id":"https:\/\/progettotouring.it\/radiotouring104\/2024\/12\/18\/reggio-gli-studenti-del-liceo-a-volta-ospiti-a-palazzo-san-giorgio\/#breadcrumb","itemListElement":[{"@type":"ListItem","position":1,"name":"Home","item":"https:\/\/progettotouring.it\/radiotouring104\/"},{"@type":"ListItem","position":2,"name":"Reggio: gli studenti del Liceo &#8220;A. Volta&#8221; ospiti a Palazzo San Giorgio"}]},{"@type":"WebSite","@id":"https:\/\/progettotouring.it\/radiotouring104\/#website","url":"https:\/\/progettotouring.it\/radiotouring104\/","name":"Radio Touring 104","description":"La prima radio Reggina","publisher":{"@id":"https:\/\/progettotouring.it\/radiotouring104\/#organization"},"potentialAction":[{"@type":"SearchAction","target":{"@type":"EntryPoint","urlTemplate":"https:\/\/progettotouring.it\/radiotouring104\/?s={search_term_string}"},"query-input":{"@type":"PropertyValueSpecification","valueRequired":true,"valueName":"search_term_string"}}],"inLanguage":"it-IT"},{"@type":"Organization","@id":"https:\/\/progettotouring.it\/radiotouring104\/#organization","name":"Radio Touring 104","url":"https:\/\/progettotouring.it\/radiotouring104\/","logo":{"@type":"ImageObject","inLanguage":"it-IT","@id":"https:\/\/progettotouring.it\/radiotouring104\/#\/schema\/logo\/image\/","url":"https:\/\/progettotouring.it\/radiotouring104\/wp-content\/uploads\/sites\/6\/2022\/02\/cropped-logo-radio-touring-104.png","contentUrl":"https:\/\/progettotouring.it\/radiotouring104\/wp-content\/uploads\/sites\/6\/2022\/02\/cropped-logo-radio-touring-104.png","width":377,"height":182,"caption":"Radio Touring 104"},"image":{"@id":"https:\/\/progettotouring.it\/radiotouring104\/#\/schema\/logo\/image\/"}},{"@type":"Person","@id":"https:\/\/progettotouring.it\/radiotouring104\/#\/schema\/person\/78613917f1851f041f7483f5af1d422e","name":"Sebastiano Plutino","image":{"@type":"ImageObject","inLanguage":"it-IT","@id":"https:\/\/secure.gravatar.com\/avatar\/0546ffaa9b79224faf9f2a156b67a529ae861d3287c66c1d8ccfdf909bcba78d?s=96&d=mm&r=g","url":"https:\/\/secure.gravatar.com\/avatar\/0546ffaa9b79224faf9f2a156b67a529ae861d3287c66c1d8ccfdf909bcba78d?s=96&d=mm&r=g","contentUrl":"https:\/\/secure.gravatar.com\/avatar\/0546ffaa9b79224faf9f2a156b67a529ae861d3287c66c1d8ccfdf909bcba78d?s=96&d=mm&r=g","caption":"Sebastiano Plutino"},"url":"https:\/\/progettotouring.it\/radiotouring104\/author\/sebastiano\/"}]}},"jetpack_publicize_connections":[],"jetpack_featured_media_url":"https:\/\/progettotouring.it\/radiotouring104\/wp-content\/uploads\/sites\/6\/2024\/12\/studenti-Volta-Palazzo-San-Giorgio.jpeg","jetpack_sharing_enabled":true,"_links":{"self":[{"href":"https:\/\/progettotouring.it\/radiotouring104\/wp-json\/wp\/v2\/posts\/63655","targetHints":{"allow":["GET"]}}],"collection":[{"href":"https:\/\/progettotouring.it\/radiotouring104\/wp-json\/wp\/v2\/posts"}],"about":[{"href":"https:\/\/progettotouring.it\/radiotouring104\/wp-json\/wp\/v2\/types\/post"}],"author":[{"embeddable":true,"href":"https:\/\/progettotouring.it\/radiotouring104\/wp-json\/wp\/v2\/users\/12"}],"replies":[{"embeddable":true,"href":"https:\/\/progettotouring.it\/radiotouring104\/wp-json\/wp\/v2\/comments?post=63655"}],"version-history":[{"count":1,"href":"https:\/\/progettotouring.it\/radiotouring104\/wp-json\/wp\/v2\/posts\/63655\/revisions"}],"predecessor-version":[{"id":63657,"href":"https:\/\/progettotouring.it\/radiotouring104\/wp-json\/wp\/v2\/posts\/63655\/revisions\/63657"}],"wp:featuredmedia":[{"embeddable":true,"href":"https:\/\/progettotouring.it\/radiotouring104\/wp-json\/wp\/v2\/media\/63656"}],"wp:attachment":[{"href":"https:\/\/progettotouring.it\/radiotouring104\/wp-json\/wp\/v2\/media?parent=63655"}],"wp:term":[{"taxonomy":"category","embeddable":true,"href":"https:\/\/progettotouring.it\/radiotouring104\/wp-json\/wp\/v2\/categories?post=63655"},{"taxonomy":"post_tag","embeddable":true,"href":"https:\/\/progettotouring.it\/radiotouring104\/wp-json\/wp\/v2\/tags?post=63655"}],"curies":[{"name":"wp","href":"https:\/\/api.w.org\/{rel}","templated":true}]}}