{"id":63672,"date":"2024-12-18T11:39:11","date_gmt":"2024-12-18T10:39:11","guid":{"rendered":"https:\/\/progettotouring.it\/radiotouring104\/?p=63672"},"modified":"2024-12-18T11:39:40","modified_gmt":"2024-12-18T10:39:40","slug":"crotone-proiettato-sono-nessuno-il-docufilm-dedicato-a-gerardo-sacco","status":"publish","type":"post","link":"https:\/\/progettotouring.it\/radiotouring104\/2024\/12\/18\/crotone-proiettato-sono-nessuno-il-docufilm-dedicato-a-gerardo-sacco\/","title":{"rendered":"Crotone: proiettato &#8220;Sono Nessuno&#8221;, il docufilm dedicato a Gerardo Sacco"},"content":{"rendered":"<p style=\"text-align: justify\">Crotone celebra uno dei suoi cittadini pi\u00f9 importanti, <strong>Gerardo Sacco con una serata<\/strong> ricca di emozioni.<\/p>\n<p style=\"text-align: justify\">Si \u00e8 svolta infatti, il 16 dicembre, al <strong>Teatro Apollo<\/strong>, la <strong>prima assoluta di \u201cSono Nessuno\u201d<\/strong>, proiezione di un docufilm che narra della vita e la carriera dell&#8217;orafo. Un\u2019opera diretta dal giovane talento crotonese <strong>Gianmaria Gaetano,<\/strong>\u00a0prodotta da <strong>Video Calabria<\/strong>, che ha trasformato una storia personale in una favola.<\/p>\n<p style=\"text-align: justify\">Il docufilm, <strong>\u201cSono Nessuno\u201d<\/strong>, \u00e8\u00a0 un tributo alla straordinaria umilt\u00e0 di Gerardo Sacco, un uomo che ha saputo coniugare genialit\u00e0 artistica e semplicit\u00e0 d\u2019animo. Un <strong>artigiano lungimirante<\/strong> che, partendo dalla sua terra natia, ha conquistato il mondo, creando gioielli per le pi\u00f9 grandi vip di cinema e del teatro, ma sempre in <strong>Calabria<\/strong>.<\/p>\n<p style=\"text-align: justify\">\u201c<strong>Gianmaria mi ha commosso<\/strong>\u201d, ha detto il maestro Sacco con voce emozionata, dopo aver visto il docufilm. \u201c<em>Ha enfatizzato l\u2019uomo, non solo l\u2019artista. \u00c8 riuscito a tirare fuori ricordi intimi e dimenticati, cose che avevo persino rimosso\u201d<\/em>. Parole che raccontano il profondo rispetto e la sensibilit\u00e0 con cui il giovane regista ha affrontato questa narrazione.<\/p>\n<p style=\"text-align: justify\">Dietro ogni fotogramma di\u00a0<strong>\u201cSono Nessuno\u201d<\/strong> c\u2019\u00e8 il lavoro di un\u2019intera squadra, comprendente: <strong>nove mesi<\/strong>\u00a0di produzione,\u00a0<strong>25 professionisti<\/strong> da tutta Italia, un dettagliato studio tra <strong>archivi storici, interviste e ricostruzioni emozionanti<\/strong>. Ogni dettaglio \u00e8 stato curato per restituire\u00a0<strong>l\u2019essenza di un uomo che ha trasformato la sua passione in un messaggio eterno<\/strong>.<\/p>\n<p style=\"text-align: justify\">Le scene girate nei luoghi simbolici di Crotone, come il\u00a0<strong>Museo Archeologico di Capocolonna<\/strong>, non sono solo cornici, ma\u00a0<strong>ponti<\/strong>\u00a0che legano passato e presente. Qui, tra la storia della Magna Grecia e la visione creativa di Sacco, si respira l\u2019identit\u00e0 di un popolo, fiero e capace di sognare. Gli attori, tutti calabresi, hanno saputo dare corpo a una vicenda che non \u00e8 solo individuale, ma collettiva:\u00a0<strong>quella di una Calabria che si riscatta attraverso l\u2019arte<\/strong>.<\/p>\n<p style=\"text-align: justify\">La serata, condotta dal giornalista\u00a0<strong>Pietro Comito<\/strong>, \u00e8 stata pi\u00f9 di una semplice proiezione: \u00e8 stata una\u00a0<strong>celebrazione di valori<\/strong>, con la presenza di numerose personalit\u00e0 istituzionali. Tra queste, il Prefetto di Crotone<strong>\u00a0Franca Ferraro<\/strong>, il neo Questore<strong>\u00a0Renato Panvino<\/strong>, il Comandante della Capitaneria di Porto<strong>\u00a0Domenico Morello<\/strong>, il Presidente di Confindustria Calabria\u00a0<strong>Aldo Ferrara<\/strong>\u00a0e il sindaco\u00a0<strong>Vincenzo Voce,\u00a0<\/strong>l\u2019Amministratore delegato di FinCalabra\u00a0<strong>Alessandro Zanfia,\u00a0<\/strong>il project manager di Calabria Film Commission\u00a0<strong>Giampaolo Calabrese\u00a0<\/strong>e del direttore generale del Dipartimento Sviluppo della Regione Calabria\u00a0<strong>Paolo Pratic\u00f2.<\/strong><\/p>\n<p style=\"text-align: justify\">Il prefetto Ferraro, rivolgendosi ai giovani, ha lanciato un messaggio profondo: \u201cQuando si ha un sogno e si fa ci\u00f2 che piace, \u00e8 meraviglioso. Auspico che molti ragazzi possano trovare ispirazione da storie come quella di Gerardo Sacco\u201d.<\/p>\n<p style=\"text-align: justify\">Aldo Ferrara ha sottolineato come \u201cil connubio tra tradizione e giovani generazioni sia la chiave per fermare l\u2019emorragia di talenti. La <strong>Calabria pu\u00f2 essere un luogo dove fare impresa<\/strong>\u00a0e dove\u00a0<strong>le storie di successo diventano messaggi di speranza<\/strong>\u201d.<\/p>\n<p style=\"text-align: justify\">Quella di Gerardo Sacco \u00e8 la storia di un uomo che, partendo dal nulla, ha saputo\u00a0<strong>riscrivere il suo destino con talento e coraggio<\/strong>. \u201cLa mia vita \u00e8 stata un viaggio, duro ma meraviglioso\u201d, racconta il maestro, con quella luce negli occhi di chi ancora non ha smesso di sognare.<\/p>\n<p style=\"text-align: justify\">Il regista Gianmaria Gaetano, con delicatezza di un vero artista, \u00e8 riuscito a <strong>cogliere l\u2019anima di un percorso umano e professionale<\/strong>. \u201cQuesto docufilm non \u00e8 solo la storia di Sacco, ma un inno alla possibilit\u00e0 di sognare. Ce la possiamo fare tutti, se crediamo nei nostri sogni e nelle nostre radici\u201d.<\/p>\n<p style=\"text-align: justify\"><strong>\u201cSono Nessuno\u201d<\/strong> \u00e8 un\u2019opera che rid\u00e0 dignit\u00e0 e bellezza a una terra spesso raccontata solo nelle sue fragilit\u00e0. \u00c8 la dimostrazione che, con <strong>passione e dedizione<\/strong>, anche dalle difficolt\u00e0 possono nascere storie di successo.<\/p>\n<p style=\"text-align: justify\">Crotone, in questa occasione, ha riscoperto il\u00a0<strong>valore della propria identit\u00e0<\/strong>, l\u2019orgoglio di essere la terra che ha dato i natali a un artista come Gerardo Sacco. E nel volto sorridente di Gianmaria Gaetano, la citt\u00e0 ha visto la\u00a0<strong>speranza del futuro<\/strong>, una generazione che sa raccontare il passato per guardare avanti.<\/p>\n<p style=\"text-align: justify\">Una\u00a0<strong>fiaba moderna<\/strong>\u00a0che ci ricorda quanto sia prezioso\u00a0<strong>rimanere attaccati alle proprie radici<\/strong>. Perch\u00e9, come insegna il maestro Sacco, la vera grandezza sta nell\u2019umilt\u00e0 di chi non dimentica mai da dove viene.<\/p>\n","protected":false},"excerpt":{"rendered":"<p>Crotone celebra uno dei suoi cittadini pi\u00f9 importanti, Gerardo Sacco con una serata ricca di emozioni. Si \u00e8 svolta infatti, il 16 dicembre, al Teatro Apollo, la prima assoluta di&hellip;<\/p>\n","protected":false},"author":5,"featured_media":63680,"comment_status":"closed","ping_status":"open","sticky":false,"template":"","format":"standard","meta":{"_jetpack_memberships_contains_paid_content":false,"footnotes":"","jetpack_publicize_message":"","jetpack_publicize_feature_enabled":true,"jetpack_social_post_already_shared":true,"jetpack_social_options":{"image_generator_settings":{"template":"highway","default_image_id":0,"font":"","enabled":false},"version":2}},"categories":[196],"tags":[1746,38775,3103,38776,38774],"class_list":["post-63672","post","type-post","status-publish","format-standard","has-post-thumbnail","hentry","category-news","tag-crotone","tag-docufilm-sono-nessuno","tag-gerardo-sacco","tag-regia-gianmaria-gaetano","tag-teatro-apollo"],"yoast_head":"<!-- This site is optimized with the Yoast SEO plugin v27.2 - https:\/\/yoast.com\/product\/yoast-seo-wordpress\/ -->\n<title>Crotone: proiettato &quot;Sono Nessuno&quot;, il docufilm su Gerardo Sacco<\/title>\n<meta name=\"description\" content=\"Proiettata, il 16 dicembre, al Teatro Apollo, la prima assoluta di \u201cSono Nessuno\u201d, dedicata al Maestro orafo Gerardo Sacco\" \/>\n<meta name=\"robots\" content=\"index, follow, max-snippet:-1, max-image-preview:large, max-video-preview:-1\" \/>\n<link rel=\"canonical\" href=\"https:\/\/progettotouring.it\/radiotouring104\/2024\/12\/18\/crotone-proiettato-sono-nessuno-il-docufilm-dedicato-a-gerardo-sacco\/\" \/>\n<meta property=\"og:locale\" content=\"it_IT\" \/>\n<meta property=\"og:type\" content=\"article\" \/>\n<meta property=\"og:title\" content=\"Crotone: proiettato &quot;Sono Nessuno&quot;, il docufilm su Gerardo Sacco\" \/>\n<meta property=\"og:description\" content=\"Proiettata, il 16 dicembre, al Teatro Apollo, la prima assoluta di \u201cSono Nessuno\u201d, dedicata al Maestro orafo Gerardo Sacco\" \/>\n<meta property=\"og:url\" content=\"https:\/\/progettotouring.it\/radiotouring104\/2024\/12\/18\/crotone-proiettato-sono-nessuno-il-docufilm-dedicato-a-gerardo-sacco\/\" \/>\n<meta property=\"og:site_name\" content=\"Radio Touring 104\" \/>\n<meta property=\"article:published_time\" content=\"2024-12-18T10:39:11+00:00\" \/>\n<meta property=\"article:modified_time\" content=\"2024-12-18T10:39:40+00:00\" \/>\n<meta property=\"og:image\" content=\"https:\/\/progettotouring.it\/radiotouring104\/wp-content\/uploads\/sites\/6\/2024\/12\/Docufilm-Gerardo-Sacco.png\" \/>\n\t<meta property=\"og:image:width\" content=\"850\" \/>\n\t<meta property=\"og:image:height\" content=\"473\" \/>\n\t<meta property=\"og:image:type\" content=\"image\/png\" \/>\n<meta name=\"author\" content=\"redazione\" \/>\n<meta name=\"twitter:card\" content=\"summary_large_image\" \/>\n<meta name=\"twitter:label1\" content=\"Scritto da\" \/>\n\t<meta name=\"twitter:data1\" content=\"redazione\" \/>\n\t<meta name=\"twitter:label2\" content=\"Tempo di lettura stimato\" \/>\n\t<meta name=\"twitter:data2\" content=\"3 minuti\" \/>\n<script type=\"application\/ld+json\" class=\"yoast-schema-graph\">{\"@context\":\"https:\/\/schema.org\",\"@graph\":[{\"@type\":\"Article\",\"@id\":\"https:\/\/progettotouring.it\/radiotouring104\/2024\/12\/18\/crotone-proiettato-sono-nessuno-il-docufilm-dedicato-a-gerardo-sacco\/#article\",\"isPartOf\":{\"@id\":\"https:\/\/progettotouring.it\/radiotouring104\/2024\/12\/18\/crotone-proiettato-sono-nessuno-il-docufilm-dedicato-a-gerardo-sacco\/\"},\"author\":{\"name\":\"redazione\",\"@id\":\"https:\/\/progettotouring.it\/radiotouring104\/#\/schema\/person\/1b3eb3c07c47136bc44c785c543e635f\"},\"headline\":\"Crotone: proiettato &#8220;Sono Nessuno&#8221;, il docufilm dedicato a Gerardo Sacco\",\"datePublished\":\"2024-12-18T10:39:11+00:00\",\"dateModified\":\"2024-12-18T10:39:40+00:00\",\"mainEntityOfPage\":{\"@id\":\"https:\/\/progettotouring.it\/radiotouring104\/2024\/12\/18\/crotone-proiettato-sono-nessuno-il-docufilm-dedicato-a-gerardo-sacco\/\"},\"wordCount\":694,\"publisher\":{\"@id\":\"https:\/\/progettotouring.it\/radiotouring104\/#organization\"},\"image\":{\"@id\":\"https:\/\/progettotouring.it\/radiotouring104\/2024\/12\/18\/crotone-proiettato-sono-nessuno-il-docufilm-dedicato-a-gerardo-sacco\/#primaryimage\"},\"thumbnailUrl\":\"https:\/\/progettotouring.it\/radiotouring104\/wp-content\/uploads\/sites\/6\/2024\/12\/Docufilm-Gerardo-Sacco.png\",\"keywords\":[\"Crotone\",\"docufilm Sono Nessuno\",\"Gerardo Sacco\",\"regia Gianmaria Gaetano\",\"Teatro Apollo\"],\"articleSection\":[\"News\"],\"inLanguage\":\"it-IT\"},{\"@type\":\"WebPage\",\"@id\":\"https:\/\/progettotouring.it\/radiotouring104\/2024\/12\/18\/crotone-proiettato-sono-nessuno-il-docufilm-dedicato-a-gerardo-sacco\/\",\"url\":\"https:\/\/progettotouring.it\/radiotouring104\/2024\/12\/18\/crotone-proiettato-sono-nessuno-il-docufilm-dedicato-a-gerardo-sacco\/\",\"name\":\"Crotone: proiettato \\\"Sono Nessuno\\\", il docufilm su Gerardo Sacco\",\"isPartOf\":{\"@id\":\"https:\/\/progettotouring.it\/radiotouring104\/#website\"},\"primaryImageOfPage\":{\"@id\":\"https:\/\/progettotouring.it\/radiotouring104\/2024\/12\/18\/crotone-proiettato-sono-nessuno-il-docufilm-dedicato-a-gerardo-sacco\/#primaryimage\"},\"image\":{\"@id\":\"https:\/\/progettotouring.it\/radiotouring104\/2024\/12\/18\/crotone-proiettato-sono-nessuno-il-docufilm-dedicato-a-gerardo-sacco\/#primaryimage\"},\"thumbnailUrl\":\"https:\/\/progettotouring.it\/radiotouring104\/wp-content\/uploads\/sites\/6\/2024\/12\/Docufilm-Gerardo-Sacco.png\",\"datePublished\":\"2024-12-18T10:39:11+00:00\",\"dateModified\":\"2024-12-18T10:39:40+00:00\",\"description\":\"Proiettata, il 16 dicembre, al Teatro Apollo, la prima assoluta di \u201cSono Nessuno\u201d, dedicata al Maestro orafo Gerardo Sacco\",\"breadcrumb\":{\"@id\":\"https:\/\/progettotouring.it\/radiotouring104\/2024\/12\/18\/crotone-proiettato-sono-nessuno-il-docufilm-dedicato-a-gerardo-sacco\/#breadcrumb\"},\"inLanguage\":\"it-IT\",\"potentialAction\":[{\"@type\":\"ReadAction\",\"target\":[\"https:\/\/progettotouring.it\/radiotouring104\/2024\/12\/18\/crotone-proiettato-sono-nessuno-il-docufilm-dedicato-a-gerardo-sacco\/\"]}]},{\"@type\":\"ImageObject\",\"inLanguage\":\"it-IT\",\"@id\":\"https:\/\/progettotouring.it\/radiotouring104\/2024\/12\/18\/crotone-proiettato-sono-nessuno-il-docufilm-dedicato-a-gerardo-sacco\/#primaryimage\",\"url\":\"https:\/\/progettotouring.it\/radiotouring104\/wp-content\/uploads\/sites\/6\/2024\/12\/Docufilm-Gerardo-Sacco.png\",\"contentUrl\":\"https:\/\/progettotouring.it\/radiotouring104\/wp-content\/uploads\/sites\/6\/2024\/12\/Docufilm-Gerardo-Sacco.png\",\"width\":850,\"height\":473},{\"@type\":\"BreadcrumbList\",\"@id\":\"https:\/\/progettotouring.it\/radiotouring104\/2024\/12\/18\/crotone-proiettato-sono-nessuno-il-docufilm-dedicato-a-gerardo-sacco\/#breadcrumb\",\"itemListElement\":[{\"@type\":\"ListItem\",\"position\":1,\"name\":\"Home\",\"item\":\"https:\/\/progettotouring.it\/radiotouring104\/\"},{\"@type\":\"ListItem\",\"position\":2,\"name\":\"Crotone: proiettato &#8220;Sono Nessuno&#8221;, il docufilm dedicato a Gerardo Sacco\"}]},{\"@type\":\"WebSite\",\"@id\":\"https:\/\/progettotouring.it\/radiotouring104\/#website\",\"url\":\"https:\/\/progettotouring.it\/radiotouring104\/\",\"name\":\"Radio Touring 104\",\"description\":\"La prima radio Reggina\",\"publisher\":{\"@id\":\"https:\/\/progettotouring.it\/radiotouring104\/#organization\"},\"potentialAction\":[{\"@type\":\"SearchAction\",\"target\":{\"@type\":\"EntryPoint\",\"urlTemplate\":\"https:\/\/progettotouring.it\/radiotouring104\/?s={search_term_string}\"},\"query-input\":{\"@type\":\"PropertyValueSpecification\",\"valueRequired\":true,\"valueName\":\"search_term_string\"}}],\"inLanguage\":\"it-IT\"},{\"@type\":\"Organization\",\"@id\":\"https:\/\/progettotouring.it\/radiotouring104\/#organization\",\"name\":\"Radio Touring 104\",\"url\":\"https:\/\/progettotouring.it\/radiotouring104\/\",\"logo\":{\"@type\":\"ImageObject\",\"inLanguage\":\"it-IT\",\"@id\":\"https:\/\/progettotouring.it\/radiotouring104\/#\/schema\/logo\/image\/\",\"url\":\"https:\/\/progettotouring.it\/radiotouring104\/wp-content\/uploads\/sites\/6\/2022\/02\/cropped-logo-radio-touring-104.png\",\"contentUrl\":\"https:\/\/progettotouring.it\/radiotouring104\/wp-content\/uploads\/sites\/6\/2022\/02\/cropped-logo-radio-touring-104.png\",\"width\":377,\"height\":182,\"caption\":\"Radio Touring 104\"},\"image\":{\"@id\":\"https:\/\/progettotouring.it\/radiotouring104\/#\/schema\/logo\/image\/\"}},{\"@type\":\"Person\",\"@id\":\"https:\/\/progettotouring.it\/radiotouring104\/#\/schema\/person\/1b3eb3c07c47136bc44c785c543e635f\",\"name\":\"redazione\",\"image\":{\"@type\":\"ImageObject\",\"inLanguage\":\"it-IT\",\"@id\":\"https:\/\/secure.gravatar.com\/avatar\/0b31605b49f100769e8b624b3e05de1b73e1692e9568a352f60f53fd072e6e11?s=96&d=mm&r=g\",\"url\":\"https:\/\/secure.gravatar.com\/avatar\/0b31605b49f100769e8b624b3e05de1b73e1692e9568a352f60f53fd072e6e11?s=96&d=mm&r=g\",\"contentUrl\":\"https:\/\/secure.gravatar.com\/avatar\/0b31605b49f100769e8b624b3e05de1b73e1692e9568a352f60f53fd072e6e11?s=96&d=mm&r=g\",\"caption\":\"redazione\"},\"url\":\"https:\/\/progettotouring.it\/radiotouring104\/author\/redazione\/\"}]}<\/script>\n<!-- \/ Yoast SEO plugin. -->","yoast_head_json":{"title":"Crotone: proiettato \"Sono Nessuno\", il docufilm su Gerardo Sacco","description":"Proiettata, il 16 dicembre, al Teatro Apollo, la prima assoluta di \u201cSono Nessuno\u201d, dedicata al Maestro orafo Gerardo Sacco","robots":{"index":"index","follow":"follow","max-snippet":"max-snippet:-1","max-image-preview":"max-image-preview:large","max-video-preview":"max-video-preview:-1"},"canonical":"https:\/\/progettotouring.it\/radiotouring104\/2024\/12\/18\/crotone-proiettato-sono-nessuno-il-docufilm-dedicato-a-gerardo-sacco\/","og_locale":"it_IT","og_type":"article","og_title":"Crotone: proiettato \"Sono Nessuno\", il docufilm su Gerardo Sacco","og_description":"Proiettata, il 16 dicembre, al Teatro Apollo, la prima assoluta di \u201cSono Nessuno\u201d, dedicata al Maestro orafo Gerardo Sacco","og_url":"https:\/\/progettotouring.it\/radiotouring104\/2024\/12\/18\/crotone-proiettato-sono-nessuno-il-docufilm-dedicato-a-gerardo-sacco\/","og_site_name":"Radio Touring 104","article_published_time":"2024-12-18T10:39:11+00:00","article_modified_time":"2024-12-18T10:39:40+00:00","og_image":[{"width":850,"height":473,"url":"https:\/\/progettotouring.it\/radiotouring104\/wp-content\/uploads\/sites\/6\/2024\/12\/Docufilm-Gerardo-Sacco.png","type":"image\/png"}],"author":"redazione","twitter_card":"summary_large_image","twitter_misc":{"Scritto da":"redazione","Tempo di lettura stimato":"3 minuti"},"schema":{"@context":"https:\/\/schema.org","@graph":[{"@type":"Article","@id":"https:\/\/progettotouring.it\/radiotouring104\/2024\/12\/18\/crotone-proiettato-sono-nessuno-il-docufilm-dedicato-a-gerardo-sacco\/#article","isPartOf":{"@id":"https:\/\/progettotouring.it\/radiotouring104\/2024\/12\/18\/crotone-proiettato-sono-nessuno-il-docufilm-dedicato-a-gerardo-sacco\/"},"author":{"name":"redazione","@id":"https:\/\/progettotouring.it\/radiotouring104\/#\/schema\/person\/1b3eb3c07c47136bc44c785c543e635f"},"headline":"Crotone: proiettato &#8220;Sono Nessuno&#8221;, il docufilm dedicato a Gerardo Sacco","datePublished":"2024-12-18T10:39:11+00:00","dateModified":"2024-12-18T10:39:40+00:00","mainEntityOfPage":{"@id":"https:\/\/progettotouring.it\/radiotouring104\/2024\/12\/18\/crotone-proiettato-sono-nessuno-il-docufilm-dedicato-a-gerardo-sacco\/"},"wordCount":694,"publisher":{"@id":"https:\/\/progettotouring.it\/radiotouring104\/#organization"},"image":{"@id":"https:\/\/progettotouring.it\/radiotouring104\/2024\/12\/18\/crotone-proiettato-sono-nessuno-il-docufilm-dedicato-a-gerardo-sacco\/#primaryimage"},"thumbnailUrl":"https:\/\/progettotouring.it\/radiotouring104\/wp-content\/uploads\/sites\/6\/2024\/12\/Docufilm-Gerardo-Sacco.png","keywords":["Crotone","docufilm Sono Nessuno","Gerardo Sacco","regia Gianmaria Gaetano","Teatro Apollo"],"articleSection":["News"],"inLanguage":"it-IT"},{"@type":"WebPage","@id":"https:\/\/progettotouring.it\/radiotouring104\/2024\/12\/18\/crotone-proiettato-sono-nessuno-il-docufilm-dedicato-a-gerardo-sacco\/","url":"https:\/\/progettotouring.it\/radiotouring104\/2024\/12\/18\/crotone-proiettato-sono-nessuno-il-docufilm-dedicato-a-gerardo-sacco\/","name":"Crotone: proiettato \"Sono Nessuno\", il docufilm su Gerardo Sacco","isPartOf":{"@id":"https:\/\/progettotouring.it\/radiotouring104\/#website"},"primaryImageOfPage":{"@id":"https:\/\/progettotouring.it\/radiotouring104\/2024\/12\/18\/crotone-proiettato-sono-nessuno-il-docufilm-dedicato-a-gerardo-sacco\/#primaryimage"},"image":{"@id":"https:\/\/progettotouring.it\/radiotouring104\/2024\/12\/18\/crotone-proiettato-sono-nessuno-il-docufilm-dedicato-a-gerardo-sacco\/#primaryimage"},"thumbnailUrl":"https:\/\/progettotouring.it\/radiotouring104\/wp-content\/uploads\/sites\/6\/2024\/12\/Docufilm-Gerardo-Sacco.png","datePublished":"2024-12-18T10:39:11+00:00","dateModified":"2024-12-18T10:39:40+00:00","description":"Proiettata, il 16 dicembre, al Teatro Apollo, la prima assoluta di \u201cSono Nessuno\u201d, dedicata al Maestro orafo Gerardo Sacco","breadcrumb":{"@id":"https:\/\/progettotouring.it\/radiotouring104\/2024\/12\/18\/crotone-proiettato-sono-nessuno-il-docufilm-dedicato-a-gerardo-sacco\/#breadcrumb"},"inLanguage":"it-IT","potentialAction":[{"@type":"ReadAction","target":["https:\/\/progettotouring.it\/radiotouring104\/2024\/12\/18\/crotone-proiettato-sono-nessuno-il-docufilm-dedicato-a-gerardo-sacco\/"]}]},{"@type":"ImageObject","inLanguage":"it-IT","@id":"https:\/\/progettotouring.it\/radiotouring104\/2024\/12\/18\/crotone-proiettato-sono-nessuno-il-docufilm-dedicato-a-gerardo-sacco\/#primaryimage","url":"https:\/\/progettotouring.it\/radiotouring104\/wp-content\/uploads\/sites\/6\/2024\/12\/Docufilm-Gerardo-Sacco.png","contentUrl":"https:\/\/progettotouring.it\/radiotouring104\/wp-content\/uploads\/sites\/6\/2024\/12\/Docufilm-Gerardo-Sacco.png","width":850,"height":473},{"@type":"BreadcrumbList","@id":"https:\/\/progettotouring.it\/radiotouring104\/2024\/12\/18\/crotone-proiettato-sono-nessuno-il-docufilm-dedicato-a-gerardo-sacco\/#breadcrumb","itemListElement":[{"@type":"ListItem","position":1,"name":"Home","item":"https:\/\/progettotouring.it\/radiotouring104\/"},{"@type":"ListItem","position":2,"name":"Crotone: proiettato &#8220;Sono Nessuno&#8221;, il docufilm dedicato a Gerardo Sacco"}]},{"@type":"WebSite","@id":"https:\/\/progettotouring.it\/radiotouring104\/#website","url":"https:\/\/progettotouring.it\/radiotouring104\/","name":"Radio Touring 104","description":"La prima radio Reggina","publisher":{"@id":"https:\/\/progettotouring.it\/radiotouring104\/#organization"},"potentialAction":[{"@type":"SearchAction","target":{"@type":"EntryPoint","urlTemplate":"https:\/\/progettotouring.it\/radiotouring104\/?s={search_term_string}"},"query-input":{"@type":"PropertyValueSpecification","valueRequired":true,"valueName":"search_term_string"}}],"inLanguage":"it-IT"},{"@type":"Organization","@id":"https:\/\/progettotouring.it\/radiotouring104\/#organization","name":"Radio Touring 104","url":"https:\/\/progettotouring.it\/radiotouring104\/","logo":{"@type":"ImageObject","inLanguage":"it-IT","@id":"https:\/\/progettotouring.it\/radiotouring104\/#\/schema\/logo\/image\/","url":"https:\/\/progettotouring.it\/radiotouring104\/wp-content\/uploads\/sites\/6\/2022\/02\/cropped-logo-radio-touring-104.png","contentUrl":"https:\/\/progettotouring.it\/radiotouring104\/wp-content\/uploads\/sites\/6\/2022\/02\/cropped-logo-radio-touring-104.png","width":377,"height":182,"caption":"Radio Touring 104"},"image":{"@id":"https:\/\/progettotouring.it\/radiotouring104\/#\/schema\/logo\/image\/"}},{"@type":"Person","@id":"https:\/\/progettotouring.it\/radiotouring104\/#\/schema\/person\/1b3eb3c07c47136bc44c785c543e635f","name":"redazione","image":{"@type":"ImageObject","inLanguage":"it-IT","@id":"https:\/\/secure.gravatar.com\/avatar\/0b31605b49f100769e8b624b3e05de1b73e1692e9568a352f60f53fd072e6e11?s=96&d=mm&r=g","url":"https:\/\/secure.gravatar.com\/avatar\/0b31605b49f100769e8b624b3e05de1b73e1692e9568a352f60f53fd072e6e11?s=96&d=mm&r=g","contentUrl":"https:\/\/secure.gravatar.com\/avatar\/0b31605b49f100769e8b624b3e05de1b73e1692e9568a352f60f53fd072e6e11?s=96&d=mm&r=g","caption":"redazione"},"url":"https:\/\/progettotouring.it\/radiotouring104\/author\/redazione\/"}]}},"jetpack_publicize_connections":[],"jetpack_featured_media_url":"https:\/\/progettotouring.it\/radiotouring104\/wp-content\/uploads\/sites\/6\/2024\/12\/Docufilm-Gerardo-Sacco.png","jetpack_sharing_enabled":true,"_links":{"self":[{"href":"https:\/\/progettotouring.it\/radiotouring104\/wp-json\/wp\/v2\/posts\/63672","targetHints":{"allow":["GET"]}}],"collection":[{"href":"https:\/\/progettotouring.it\/radiotouring104\/wp-json\/wp\/v2\/posts"}],"about":[{"href":"https:\/\/progettotouring.it\/radiotouring104\/wp-json\/wp\/v2\/types\/post"}],"author":[{"embeddable":true,"href":"https:\/\/progettotouring.it\/radiotouring104\/wp-json\/wp\/v2\/users\/5"}],"replies":[{"embeddable":true,"href":"https:\/\/progettotouring.it\/radiotouring104\/wp-json\/wp\/v2\/comments?post=63672"}],"version-history":[{"count":1,"href":"https:\/\/progettotouring.it\/radiotouring104\/wp-json\/wp\/v2\/posts\/63672\/revisions"}],"predecessor-version":[{"id":63681,"href":"https:\/\/progettotouring.it\/radiotouring104\/wp-json\/wp\/v2\/posts\/63672\/revisions\/63681"}],"wp:featuredmedia":[{"embeddable":true,"href":"https:\/\/progettotouring.it\/radiotouring104\/wp-json\/wp\/v2\/media\/63680"}],"wp:attachment":[{"href":"https:\/\/progettotouring.it\/radiotouring104\/wp-json\/wp\/v2\/media?parent=63672"}],"wp:term":[{"taxonomy":"category","embeddable":true,"href":"https:\/\/progettotouring.it\/radiotouring104\/wp-json\/wp\/v2\/categories?post=63672"},{"taxonomy":"post_tag","embeddable":true,"href":"https:\/\/progettotouring.it\/radiotouring104\/wp-json\/wp\/v2\/tags?post=63672"}],"curies":[{"name":"wp","href":"https:\/\/api.w.org\/{rel}","templated":true}]}}