{"id":63675,"date":"2024-12-18T11:32:17","date_gmt":"2024-12-18T10:32:17","guid":{"rendered":"https:\/\/progettotouring.it\/radiotouring104\/?p=63675"},"modified":"2024-12-18T11:34:08","modified_gmt":"2024-12-18T10:34:08","slug":"capodanno-rai-a-reggio-i-consiglieri-di-centrodestra-merito-di-occhiuto","status":"publish","type":"post","link":"https:\/\/progettotouring.it\/radiotouring104\/2024\/12\/18\/capodanno-rai-a-reggio-i-consiglieri-di-centrodestra-merito-di-occhiuto\/","title":{"rendered":"Capodanno Rai a Reggio, i Consiglieri di Centrodestra: &#8220;Merito di Occhiuto&#8221;"},"content":{"rendered":"<div class=\"application-pane\">\n<div class=\"main-pane\">\n<div id=\"application-stack\" class=\"dijitContainer dijitStackContainer dijitLayoutContainer\" dir=\"ltr\" role=\"tabpanel\">\n<div id=\"webmail-page\" class=\"main-page dijitContentPane dijitStackContainer-child dijitStackContainer-dijitContentPane dijitVisible menu-not-pinned is-next is-previous\" role=\"group\">\n<div class=\"main-page-center-pane\">\n<div class=\"main-page-pane-with-toolbar\">\n<div class=\"main-content\">\n<div id=\"uiLogic_util_StackContainer_0\" class=\"content-stack-container dijitContainer dijitStackContainer dijitLayoutContainer leading-active componentVisible\" dir=\"ltr\" role=\"tabpanel\">\n<div id=\"uiLogic_webmail_WebmailFoldersManager_0\" class=\"webmailfoldersmanager messages-compose-compofeedback-stack dijitContainer dijitStackContainer dijitLayoutContainer dijitStackContainer-child dijitStackContainer-dijitStackContainer dijitVisible componentVisible\" dir=\"ltr\" role=\"tabpanel\">\n<div id=\"dijit_layout_BorderContainer_0\" class=\"trailing-1 messages-container dijitContainer dijitBorderContainer dijitStackContainer-child dijitStackContainer-dijitBorderContainer dijitVisible componentVisible center-active trailing-active\" dir=\"ltr\" lang=\"\">\n<div id=\"dijit_layout_ContentPane_0\" class=\"dijitContentPane dijitBorderContainer-child dijitBorderContainer-dijitContentPane dijitBorderContainerPane dijitContentPaneSingleChild\" dir=\"ltr\" lang=\"\" role=\"group\">\n<div id=\"xandmail_widget_layout_RelativeBorderContainer_0\" class=\"dijitContainer dijitBorderContainer\" dir=\"ltr\" lang=\"\">\n<div id=\"dijit_layout_StackContainer_0\" class=\"dijitContainer dijitStackContainer dijitLayoutContainer dijitBorderContainer-child dijitBorderContainer-dijitStackContainer dijitBorderContainerPane\" dir=\"ltr\" lang=\"\" role=\"tabpanel\">\n<div id=\"dijit_layout_ContentPane_4\" class=\"component-page item-view webmail-view trailing-1 webmail-view-page dijitContentPane dijitStackContainer-child dijitStackContainer-dijitContentPane dijitVisible dijitContentPaneSingleChild\" dir=\"ltr\" lang=\"\" role=\"group\">\n<div id=\"dijit_layout_BorderContainer_4\" class=\"message dijitContainer dijitBorderContainer\" dir=\"ltr\">\n<div id=\"dijit_layout_ContentPane_15\" class=\"content dijitContentPane dijitBorderContainer-child dijitBorderContainer-dijitContentPane dijitBorderContainerPane\" dir=\"ltr\" role=\"group\">\n<div class=\"message-section\">\n<div class=\"content-message\">\n<div class=\"text msg-view-text\" role=\"text\">\n<div class=\"msg-view-text-cnt\">\n<div class=\"xam_msg_class\">\n<div>\n<div class=\"xmprfx_gmail_quote xmprfx_gmail_quote_container\">\n<div style=\"text-align: justify\">Riceviamo e pubblichiamo la<strong> nota stampa dei Consiglieri Comunali di Centrodestra in cui attaccano l&#8217;Amministrazione Comunale in merito al Capodanno Rai a Reggio<\/strong>: &#8220;<em>Il Sindaco Falcomat\u00e0 ha davvero toccato il fondo, da ogni punto di vista. Prima le offese ai giornalisti, adesso una squallida invettiva contro il Presidente Occhiuto, che qualche giorno fa ha sub\u00ecto un delicato intervento al cuore e dal quale siamo felici che stia recuperando in fretta, grazie alla sua forza ed all&#8217;affetto del popolo Calabrese che si \u00e8 stretto intorno a lui. Falcomat\u00e0, dal canto suo, ha oltrepassato il limite della decenza, lasciandosi andare &#8211; in occasione di un\u2019intervista resa al giornalista Lino Polimeni &#8211; a polemiche e speculazioni misere, che danno la misura della sua cifra umana, ancor prima che politica. Da istituzione avrebbe dovuto semplicemente dare l\u2019esempio e limitarsi ad augurare pronta guarigione al Presidente Occhiuto, da uomo avrebbe dovuto astenersi dal compiere quello squallido sciacallaggio sull\u2019intervento chirurgico del Presidente Occhiuto al quale, invece, siamo stati costretti ad assistere. Il Presidente ha affidato il suo cuore alla Calabria, scegliendo di farsi operare nella Regione che governa e che ama. E lo ha fatto nel rispetto dei calabresi e delle regole, perch\u00e9 si fida della Calabria. Ha fatto una scelta coerente. Il Presidente Occhiuto invita i calabresi a curarsi in Calabria e cos\u00ec ha fatto lui! Esattamente il contrario di Falcomat\u00e0, che predica bene e razzola male, che dice che \u201cverr\u00e0 premiato chi conosce qualcosa e non qualcuno\u201d e poi negli enti che lui governa (Comune e Citt\u00e0 Metropolitana) vengono assunti i suoi pi\u00f9 stretti collaboratori nell\u2019ufficio stampa. Ci sono momenti in cui determinati limiti \u2013 politici e non \u2013 non andrebbero valicati, perch\u00e9 \u00e8 spregevole speculare sulla salute altrui. Ma questi limiti Falcomat\u00e0 ormai li ha ampiamente persi di vista e purtroppo questa \u00e8 una circostanza ormai sotto gli occhi di tutti. Siamo sinceramente preoccupati della deriva \u2013 morale e politica \u2013 assunta dal sindaco, protagonista quotidiano di gesti e azioni del tutto irrispettose dell\u2019altrui pensiero e dignit\u00e0. Il confine tra arroganza e violenza \u00e8 sottile e crediamo che pi\u00f9 volte questo sindaco l\u2019abbia di recente travalicato. Senza alcun pudore, peraltro, cerca ogni giorno di far passare il messaggio che il Capodanno Rai a Reggio Calabria sia merito del Comune. Mettiamo in chiaro una volta per tutte un dato: il Capodanno Rai \u00e8 merito del Presidente Occhiuto, della coalizione di centrodestra che governa la Calabria. Se la Citt\u00e0 \u00e8 vivace e i b&amp;b sono pieni di turisti \u00e8 merito della Regione e del centrodestra che ha trasformato e rilanciato l\u2019Aeroporto Tito Minniti grazie a Ryanair e alle limitazioni finalmente eliminate. Falcomat\u00e0 ed il Comune non hanno fatto proprio nulla. Avremmo preferito non dover puntualizzare cose del genere, purtroppo siamo costretti a farlo viste le quotidiane mistificazioni politiche ed amministrative propinate dal Sindaco e dall\u2019ufficio stampa di Palazzo San Giorgio spudoratamente politicizzato, tanto da essere assente alla Conferenza stampa dei Consiglieri del cdx sulle Circoscrizioni. Italo Falcomat\u00e0 diceva che \u201cl\u2019esempio \u00e8 la fonte del pensiero successivo\u201d: se questi sono gli esempi che sta dando il Sindaco Giuseppe Falcomat\u00e0, che non ha remore a intestarsi risultati altrui ed a speculare sulla salute delle persone, allora speriamo vivamente che il pensiero successivo non venga ispirato da queste sue condotte. Perch\u00e8, se cos\u00ec fosse, diventeremmo l\u2019ultima Citt\u00e0 d\u2019italia anche per educazione e umanit\u00e0. E noi reggini invece siamo persone affettuose, calorose ed accoglienti. Questo sindaco, ultimo in classifica, non ci rappresenta&#8221;, <\/em><strong>scrivono i Consisglieri Comunali di Centrodestra<\/strong> Federico Milia, Giuseppe De Biasi, Massimo Ripepi, Saverio Anghelone, Armando Neri, Mario Cardia, Antonino Caridi, Antonino Minicuci, Antonino Maiolino e Roberto Vizzari<\/div>\n<div dir=\"auto\"><\/div>\n<\/div>\n<\/div>\n<\/div>\n<\/div>\n<div class=\"msg-view-attach-preview\"><\/div>\n<\/div>\n<\/div>\n<\/div>\n<div id=\"uiLogic_webmail__view_ListReceipt_0\" class=\"pec-receipts-section light-list spaced-view webmail-inbox-list\" dir=\"ltr\">\n<div><\/div>\n<\/div>\n<\/div>\n<div id=\"dijit_layout_ContentPane_15_splitter\" class=\"dijitGutter dijitGutterV\" role=\"presentation\"><\/div>\n<\/div>\n<\/div>\n<\/div>\n<div id=\"dijit_layout_StackContainer_0_splitter\" class=\"dijitSplitter dijitSplitterV\" role=\"separator\">\n<div class=\"dijitSplitterThumb\"><\/div>\n<\/div>\n<\/div>\n<\/div>\n<div id=\"dijit_layout_ContentPane_0_splitter\" class=\"dijitGutter dijitGutterV\" role=\"presentation\"><\/div>\n<\/div>\n<\/div>\n<\/div>\n<\/div>\n<\/div>\n<\/div>\n<\/div>\n<\/div>\n<\/div>\n<div id=\"xamGlobalDock\" class=\"xamDock\" dir=\"ltr\">\n<div class=\"docking-pane-container\"><\/div>\n<div class=\"summary-pane-container\"><\/div>\n<\/div>\n<\/div>\n<div class=\"dijitPopup\" role=\"presentation\">\n<div id=\"dijit_TooltipDialog_0\" class=\"user-ffn-tooltip-dialog dijitTooltipABRight dijitTooltipDialog\" dir=\"ltr\" lang=\"\" role=\"presentation\">\n<div class=\"dijitTooltipContainer\" role=\"presentation\">\n<div class=\"dijitTooltipContents dijitTooltipFocusNode\" role=\"dialog\">\n<div class=\"user-menu\">\n<div class=\"user-menu-title\">\n<div id=\"uiLogic_util_UserAvatarPicker_0\" class=\"avatar-picker-cnt avatar-picker default-avatar avatar-picker-text\" dir=\"ltr\" lang=\"\">\n<div class=\"avatar-picker-photo-cnt\">\n<div class=\"avatar-picker-photo\">\n<div><\/div>\n<\/div>\n<\/div>\n<\/div>\n<div class=\"user-menu-title-cnt flex-column\">\n<div class=\"flex\">\n<div class=\"user-menu-emailffn-cnt flex-column\">\n<div class=\"user-menu-ffn\"><\/div>\n<div class=\"user-menu-email-cnt\">\n<div class=\"user-menu-email\"><\/div>\n<div class=\"user-pecplus\"><\/div>\n<\/div>\n<\/div>\n<div class=\"user-menu-link link\" data-monitoring-name=\"pe_profile_logout\"><\/div>\n<\/div>\n<\/div>\n<\/div>\n<\/div>\n<\/div>\n<\/div>\n<\/div>\n<\/div>\n<div class=\"dijitPopup\" role=\"presentation\">\n<table id=\"uiLogic_webmail_selection_MessageMenu_0\" class=\"dijit dijitMenu dijitMenuPassive dijitReset dijitMenuTable\" role=\"menu\" cellspacing=\"0\">\n<tbody class=\"dijitReset\">\n<tr id=\"dijit_MenuItem_37\" class=\"dijitReset dijitMenuItem\" role=\"menuitem\" aria-labelledby=\"dijit_MenuItem_37_text dijit_MenuItem_37_accel\">\n<td class=\"dijitReset dijitMenuItemIconCell\" role=\"presentation\"><img decoding=\"async\" class=\"dijitIcon dijitMenuItemIcon\" src=\"https:\/\/webmail.aruba.it\/smart\/javascript\/release\/dojo\/dojo\/resources\/blank.gif\" alt=\"\" \/><\/td>\n<td id=\"dijit_MenuItem_37_text\" class=\"dijitReset dijitMenuItemLabel\" colspan=\"2\"><\/td>\n<td class=\"dijitReset dijitMenuArrowCell\" role=\"presentation\">\n<div><img decoding=\"async\" class=\"dijitMenuExpand\" src=\"https:\/\/webmail.aruba.it\/smart\/javascript\/release\/dojo\/dojo\/resources\/blank.gif\" alt=\"\" \/><\/div>\n<\/td>\n<\/tr>\n<tr id=\"dijit_MenuItem_38\" class=\"dijitReset dijitMenuItem\" role=\"menuitem\" aria-labelledby=\"dijit_MenuItem_38_text dijit_MenuItem_38_accel\">\n<td class=\"dijitReset dijitMenuItemIconCell\" role=\"presentation\"><img decoding=\"async\" class=\"dijitIcon dijitMenuItemIcon\" src=\"https:\/\/webmail.aruba.it\/smart\/javascript\/release\/dojo\/dojo\/resources\/blank.gif\" alt=\"\" \/><\/td>\n<td id=\"dijit_MenuItem_38_text\" class=\"dijitReset dijitMenuItemLabel\" colspan=\"2\"><\/td>\n<td class=\"dijitReset dijitMenuArrowCell\" role=\"presentation\">\n<div><img decoding=\"async\" class=\"dijitMenuExpand\" src=\"https:\/\/webmail.aruba.it\/smart\/javascript\/release\/dojo\/dojo\/resources\/blank.gif\" alt=\"\" \/><\/div>\n<\/td>\n<\/tr>\n<tr id=\"dijit_MenuItem_39\" class=\"dijitReset dijitMenuItem\" role=\"menuitem\" aria-labelledby=\"dijit_MenuItem_39_text dijit_MenuItem_39_accel\">\n<td class=\"dijitReset dijitMenuItemIconCell\" role=\"presentation\"><img decoding=\"async\" class=\"dijitIcon dijitMenuItemIcon\" src=\"https:\/\/webmail.aruba.it\/smart\/javascript\/release\/dojo\/dojo\/resources\/blank.gif\" alt=\"\" \/><\/td>\n<td id=\"dijit_MenuItem_39_text\" class=\"dijitReset dijitMenuItemLabel\" colspan=\"2\"><\/td>\n<td class=\"dijitReset dijitMenuArrowCell\" role=\"presentation\">\n<div><img decoding=\"async\" class=\"dijitMenuExpand\" src=\"https:\/\/webmail.aruba.it\/smart\/javascript\/release\/dojo\/dojo\/resources\/blank.gif\" alt=\"\" \/><\/div>\n<\/td>\n<\/tr>\n<tr id=\"dijit_MenuItem_40\" class=\"dijitReset dijitMenuItem\" role=\"menuitem\" aria-labelledby=\"dijit_MenuItem_40_text dijit_MenuItem_40_accel\">\n<td class=\"dijitReset dijitMenuItemIconCell\" role=\"presentation\"><img decoding=\"async\" class=\"dijitIcon dijitMenuItemIcon\" src=\"https:\/\/webmail.aruba.it\/smart\/javascript\/release\/dojo\/dojo\/resources\/blank.gif\" alt=\"\" \/><\/td>\n<td id=\"dijit_MenuItem_40_text\" class=\"dijitReset dijitMenuItemLabel\" colspan=\"2\"><\/td>\n<td class=\"dijitReset dijitMenuArrowCell\" role=\"presentation\">\n<div><img decoding=\"async\" class=\"dijitMenuExpand\" src=\"https:\/\/webmail.aruba.it\/smart\/javascript\/release\/dojo\/dojo\/resources\/blank.gif\" alt=\"\" \/><\/div>\n<\/td>\n<\/tr>\n<tr id=\"dijit_MenuSeparator_5\" class=\"dijitMenuSeparator\">\n<td class=\"dijitMenuSeparatorIconCell\">\n<div class=\"dijitMenuSeparatorTop\"><\/div>\n<div class=\"dijitMenuSeparatorBottom\"><\/div>\n<\/td>\n<td class=\"dijitMenuSeparatorLabelCell\" colspan=\"3\">\n<div class=\"dijitMenuSeparatorTop dijitMenuSeparatorLabel\"><\/div>\n<div class=\"dijitMenuSeparatorBottom\"><\/div>\n<\/td>\n<\/tr>\n<tr id=\"dijit_MenuItem_41\" class=\"dijitReset dijitMenuItem\" role=\"menuitem\" aria-labelledby=\"dijit_MenuItem_41_text dijit_MenuItem_41_accel\">\n<td class=\"dijitReset dijitMenuItemIconCell\" role=\"presentation\"><img decoding=\"async\" class=\"dijitIcon dijitMenuItemIcon\" src=\"https:\/\/webmail.aruba.it\/smart\/javascript\/release\/dojo\/dojo\/resources\/blank.gif\" alt=\"\" \/><\/td>\n<td id=\"dijit_MenuItem_41_text\" class=\"dijitReset dijitMenuItemLabel\" colspan=\"2\"><\/td>\n<td class=\"dijitReset dijitMenuArrowCell\" role=\"presentation\">\n<div><img decoding=\"async\" class=\"dijitMenuExpand\" src=\"https:\/\/webmail.aruba.it\/smart\/javascript\/release\/dojo\/dojo\/resources\/blank.gif\" alt=\"\" \/><\/div>\n<\/td>\n<\/tr>\n<tr id=\"dijit_PopupMenuItem_1\" class=\"dijitReset dijitMenuItem\" role=\"menuitem\" aria-labelledby=\"dijit_PopupMenuItem_1_text dijit_PopupMenuItem_1_accel\">\n<td class=\"dijitReset dijitMenuItemIconCell\" role=\"presentation\"><img decoding=\"async\" class=\"dijitIcon dijitMenuItemIcon\" src=\"https:\/\/webmail.aruba.it\/smart\/javascript\/release\/dojo\/dojo\/resources\/blank.gif\" alt=\"\" \/><\/td>\n<td id=\"dijit_PopupMenuItem_1_text\" class=\"dijitReset dijitMenuItemLabel\" colspan=\"2\"><\/td>\n<td class=\"dijitReset dijitMenuArrowCell\" role=\"presentation\">\n<div><img decoding=\"async\" class=\"dijitMenuExpand\" src=\"https:\/\/webmail.aruba.it\/smart\/javascript\/release\/dojo\/dojo\/resources\/blank.gif\" alt=\"\" \/><\/div>\n<\/td>\n<\/tr>\n<tr id=\"dijit_MenuItem_48\" class=\"dijitReset dijitMenuItem\" role=\"menuitem\" aria-labelledby=\"dijit_MenuItem_48_text dijit_MenuItem_48_accel\">\n<td class=\"dijitReset dijitMenuItemIconCell\" role=\"presentation\"><img decoding=\"async\" class=\"dijitIcon dijitMenuItemIcon\" src=\"https:\/\/webmail.aruba.it\/smart\/javascript\/release\/dojo\/dojo\/resources\/blank.gif\" alt=\"\" \/><\/td>\n<td id=\"dijit_MenuItem_48_text\" class=\"dijitReset dijitMenuItemLabel\" colspan=\"2\"><\/td>\n<td class=\"dijitReset dijitMenuArrowCell\" role=\"presentation\">\n<div><img decoding=\"async\" class=\"dijitMenuExpand\" src=\"https:\/\/webmail.aruba.it\/smart\/javascript\/release\/dojo\/dojo\/resources\/blank.gif\" alt=\"\" \/><\/div>\n<\/td>\n<\/tr>\n<tr id=\"dijit_MenuItem_49\" class=\"dijitReset dijitMenuItem\" role=\"menuitem\" aria-labelledby=\"dijit_MenuItem_49_text dijit_MenuItem_49_accel\">\n<td class=\"dijitReset dijitMenuItemIconCell\" role=\"presentation\"><img decoding=\"async\" class=\"dijitIcon dijitMenuItemIcon\" src=\"https:\/\/webmail.aruba.it\/smart\/javascript\/release\/dojo\/dojo\/resources\/blank.gif\" alt=\"\" \/><\/td>\n<td id=\"dijit_MenuItem_49_text\" class=\"dijitReset dijitMenuItemLabel\" colspan=\"2\"><\/td>\n<td class=\"dijitReset dijitMenuArrowCell\" role=\"presentation\">\n<div><img decoding=\"async\" class=\"dijitMenuExpand\" src=\"https:\/\/webmail.aruba.it\/smart\/javascript\/release\/dojo\/dojo\/resources\/blank.gif\" alt=\"\" \/><\/div>\n<\/td>\n<\/tr>\n<tr id=\"dijit_MenuItem_50\" class=\"dijitReset dijitMenuItem\" role=\"menuitem\" aria-labelledby=\"dijit_MenuItem_50_text dijit_MenuItem_50_accel\">\n<td class=\"dijitReset dijitMenuItemIconCell\" role=\"presentation\"><img decoding=\"async\" class=\"dijitIcon dijitMenuItemIcon\" src=\"https:\/\/webmail.aruba.it\/smart\/javascript\/release\/dojo\/dojo\/resources\/blank.gif\" alt=\"\" \/><\/td>\n<td id=\"dijit_MenuItem_50_text\" class=\"dijitReset dijitMenuItemLabel\" colspan=\"2\"><\/td>\n<td class=\"dijitReset dijitMenuArrowCell\" role=\"presentation\">\n<div><img decoding=\"async\" class=\"dijitMenuExpand\" src=\"https:\/\/webmail.aruba.it\/smart\/javascript\/release\/dojo\/dojo\/resources\/blank.gif\" alt=\"\" \/><\/div>\n<\/td>\n<\/tr>\n<tr id=\"dijit_MenuItem_51\" class=\"dijitReset dijitMenuItem\" role=\"menuitem\" aria-labelledby=\"dijit_MenuItem_51_text dijit_MenuItem_51_accel\">\n<td class=\"dijitReset dijitMenuItemIconCell\" role=\"presentation\"><img decoding=\"async\" class=\"dijitIcon dijitMenuItemIcon\" src=\"https:\/\/webmail.aruba.it\/smart\/javascript\/release\/dojo\/dojo\/resources\/blank.gif\" alt=\"\" \/><\/td>\n<td id=\"dijit_MenuItem_51_text\" class=\"dijitReset dijitMenuItemLabel\" colspan=\"2\"><\/td>\n<td class=\"dijitReset dijitMenuArrowCell\" role=\"presentation\">\n<div><img decoding=\"async\" class=\"dijitMenuExpand\" src=\"https:\/\/webmail.aruba.it\/smart\/javascript\/release\/dojo\/dojo\/resources\/blank.gif\" alt=\"\" \/><\/div>\n<\/td>\n<\/tr>\n<tr id=\"dijit_MenuSeparator_7\" class=\"dijitMenuSeparator\">\n<td class=\"dijitMenuSeparatorIconCell\">\n<div class=\"dijitMenuSeparatorTop\"><\/div>\n<div class=\"dijitMenuSeparatorBottom\"><\/div>\n<\/td>\n<td class=\"dijitMenuSeparatorLabelCell\" colspan=\"3\">\n<div class=\"dijitMenuSeparatorTop dijitMenuSeparatorLabel\"><\/div>\n<div class=\"dijitMenuSeparatorBottom\"><\/div>\n<\/td>\n<\/tr>\n<tr id=\"dijit_PopupMenuItem_2\" class=\"dijitReset dijitMenuItem\" role=\"menuitem\" aria-labelledby=\"dijit_PopupMenuItem_2_text dijit_PopupMenuItem_2_accel\">\n<td class=\"dijitReset dijitMenuItemIconCell\" role=\"presentation\"><img decoding=\"async\" class=\"dijitIcon dijitMenuItemIcon\" src=\"https:\/\/webmail.aruba.it\/smart\/javascript\/release\/dojo\/dojo\/resources\/blank.gif\" alt=\"\" \/><\/td>\n<td id=\"dijit_PopupMenuItem_2_text\" class=\"dijitReset dijitMenuItemLabel\" colspan=\"2\"><\/td>\n<td class=\"dijitReset dijitMenuArrowCell\" role=\"presentation\">\n<div><img decoding=\"async\" class=\"dijitMenuExpand\" src=\"https:\/\/webmail.aruba.it\/smart\/javascript\/release\/dojo\/dojo\/resources\/blank.gif\" alt=\"\" \/><\/div>\n<\/td>\n<\/tr>\n<tr id=\"dijit_MenuItem_56\" class=\"dijitReset dijitMenuItem\" role=\"menuitem\" aria-labelledby=\"dijit_MenuItem_56_text dijit_MenuItem_56_accel\">\n<td class=\"dijitReset dijitMenuItemIconCell\" role=\"presentation\"><img decoding=\"async\" class=\"dijitIcon dijitMenuItemIcon\" src=\"https:\/\/webmail.aruba.it\/smart\/javascript\/release\/dojo\/dojo\/resources\/blank.gif\" alt=\"\" \/><\/td>\n<td id=\"dijit_MenuItem_56_text\" class=\"dijitReset dijitMenuItemLabel\" colspan=\"2\"><\/td>\n<td class=\"dijitReset dijitMenuArrowCell\" role=\"presentation\">\n<div><img decoding=\"async\" class=\"dijitMenuExpand\" src=\"https:\/\/webmail.aruba.it\/smart\/javascript\/release\/dojo\/dojo\/resources\/blank.gif\" alt=\"\" \/><\/div>\n<\/td>\n<\/tr>\n<tr id=\"dijit_MenuSeparator_8\" class=\"dijitMenuSeparator\">\n<td class=\"dijitMenuSeparatorIconCell\">\n<div class=\"dijitMenuSeparatorTop\"><\/div>\n<div class=\"dijitMenuSeparatorBottom\"><\/div>\n<\/td>\n<td class=\"dijitMenuSeparatorLabelCell\" colspan=\"3\">\n<div class=\"dijitMenuSeparatorTop dijitMenuSeparatorLabel\"><\/div>\n<div class=\"dijitMenuSeparatorBottom\"><\/div>\n<\/td>\n<\/tr>\n<tr id=\"dijit_MenuItem_57\" class=\"dijitReset dijitMenuItem\" role=\"menuitem\" aria-labelledby=\"dijit_MenuItem_57_text dijit_MenuItem_57_accel\">\n<td class=\"dijitReset dijitMenuItemIconCell\" role=\"presentation\"><img decoding=\"async\" class=\"dijitIcon dijitMenuItemIcon\" src=\"https:\/\/webmail.aruba.it\/smart\/javascript\/release\/dojo\/dojo\/resources\/blank.gif\" alt=\"\" \/><\/td>\n<td id=\"dijit_MenuItem_57_text\" class=\"dijitReset dijitMenuItemLabel\" colspan=\"2\"><\/td>\n<td class=\"dijitReset dijitMenuArrowCell\" role=\"presentation\">\n<div><img decoding=\"async\" class=\"dijitMenuExpand\" src=\"https:\/\/webmail.aruba.it\/smart\/javascript\/release\/dojo\/dojo\/resources\/blank.gif\" alt=\"\" \/><\/div>\n<\/td>\n<\/tr>\n<tr id=\"dijit_MenuItem_58\" class=\"dijitReset dijitMenuItem\" role=\"menuitem\" aria-labelledby=\"dijit_MenuItem_58_text dijit_MenuItem_58_accel\">\n<td class=\"dijitReset dijitMenuItemIconCell\" role=\"presentation\"><img decoding=\"async\" class=\"dijitIcon dijitMenuItemIcon\" src=\"https:\/\/webmail.aruba.it\/smart\/javascript\/release\/dojo\/dojo\/resources\/blank.gif\" alt=\"\" \/><\/td>\n<td id=\"dijit_MenuItem_58_text\" class=\"dijitReset dijitMenuItemLabel\" colspan=\"2\"><\/td>\n<td class=\"dijitReset dijitMenuArrowCell\" role=\"presentation\">\n<div><img decoding=\"async\" class=\"dijitMenuExpand\" src=\"https:\/\/webmail.aruba.it\/smart\/javascript\/release\/dojo\/dojo\/resources\/blank.gif\" alt=\"\" \/><\/div>\n<\/td>\n<\/tr>\n<\/tbody>\n<\/table>\n<\/div>\n<div id=\"usabilla_live_button_container_769510750\" class=\"usabilla_live_button_container\" role=\"button\" aria-label=\"Usabilla Feedback Button\"><\/div>\n","protected":false},"excerpt":{"rendered":"<p>Riceviamo e pubblichiamo la nota stampa dei Consiglieri Comunali di Centrodestra in cui attaccano l&#8217;Amministrazione Comunale in merito al Capodanno Rai a Reggio: &#8220;Il Sindaco Falcomat\u00e0 ha davvero toccato il&hellip;<\/p>\n","protected":false},"author":12,"featured_media":31297,"comment_status":"closed","ping_status":"open","sticky":false,"template":"","format":"standard","meta":{"_jetpack_memberships_contains_paid_content":false,"footnotes":"","jetpack_publicize_message":"","jetpack_publicize_feature_enabled":true,"jetpack_social_post_already_shared":true,"jetpack_social_options":{"image_generator_settings":{"template":"highway","default_image_id":0,"font":"","enabled":false},"version":2}},"categories":[921,196,140],"tags":[30300,38211,9778,38772,38773,1453],"class_list":["post-63675","post","type-post","status-publish","format-standard","has-post-thumbnail","hentry","category-home","category-news","category-reggio-calabria","tag-amministrazione-comuinale-di-reggio-calabria","tag-capodanno-rai-2024-a-reggio","tag-comune-di-reggio","tag-consiglieri-centrodestra","tag-merito-di-occhiuto","tag-nota-stampa"],"yoast_head":"<!-- This site is optimized with the Yoast SEO plugin v27.2 - https:\/\/yoast.com\/product\/yoast-seo-wordpress\/ -->\n<title>Capodanno Rai, i Consiglieri Cdx &quot;Merito di Occhiuto&quot;<\/title>\n<meta name=\"description\" content=\"Riceviamo e pubblichiamo la nota stampa dei Consiglieri di Centrodestra in cui attribuiscono il merito del Capodanno Rai ad Occhiuto\" \/>\n<meta name=\"robots\" content=\"index, follow, max-snippet:-1, max-image-preview:large, max-video-preview:-1\" \/>\n<link rel=\"canonical\" href=\"https:\/\/progettotouring.it\/radiotouring104\/2024\/12\/18\/capodanno-rai-a-reggio-i-consiglieri-di-centrodestra-merito-di-occhiuto\/\" \/>\n<meta property=\"og:locale\" content=\"it_IT\" \/>\n<meta property=\"og:type\" content=\"article\" \/>\n<meta property=\"og:title\" content=\"Capodanno Rai, i Consiglieri Cdx &quot;Merito di Occhiuto&quot;\" \/>\n<meta property=\"og:description\" content=\"Riceviamo e pubblichiamo la nota stampa dei Consiglieri di Centrodestra in cui attribuiscono il merito del Capodanno Rai ad Occhiuto\" \/>\n<meta property=\"og:url\" content=\"https:\/\/progettotouring.it\/radiotouring104\/2024\/12\/18\/capodanno-rai-a-reggio-i-consiglieri-di-centrodestra-merito-di-occhiuto\/\" \/>\n<meta property=\"og:site_name\" content=\"Radio Touring 104\" \/>\n<meta property=\"article:published_time\" content=\"2024-12-18T10:32:17+00:00\" \/>\n<meta property=\"article:modified_time\" content=\"2024-12-18T10:34:08+00:00\" \/>\n<meta property=\"og:image\" content=\"https:\/\/progettotouring.it\/radiotouring104\/wp-content\/uploads\/sites\/6\/2023\/07\/Consiglieri-reggio-Calabria-Centrodestra-forza-italia.jpeg\" \/>\n\t<meta property=\"og:image:width\" content=\"2048\" \/>\n\t<meta property=\"og:image:height\" content=\"1152\" \/>\n\t<meta property=\"og:image:type\" content=\"image\/jpeg\" \/>\n<meta name=\"author\" content=\"Sebastiano Plutino\" \/>\n<meta name=\"twitter:card\" content=\"summary_large_image\" \/>\n<meta name=\"twitter:label1\" content=\"Scritto da\" \/>\n\t<meta name=\"twitter:data1\" content=\"Sebastiano Plutino\" \/>\n\t<meta name=\"twitter:label2\" content=\"Tempo di lettura stimato\" \/>\n\t<meta name=\"twitter:data2\" content=\"3 minuti\" \/>\n<script type=\"application\/ld+json\" class=\"yoast-schema-graph\">{\"@context\":\"https:\/\/schema.org\",\"@graph\":[{\"@type\":\"Article\",\"@id\":\"https:\/\/progettotouring.it\/radiotouring104\/2024\/12\/18\/capodanno-rai-a-reggio-i-consiglieri-di-centrodestra-merito-di-occhiuto\/#article\",\"isPartOf\":{\"@id\":\"https:\/\/progettotouring.it\/radiotouring104\/2024\/12\/18\/capodanno-rai-a-reggio-i-consiglieri-di-centrodestra-merito-di-occhiuto\/\"},\"author\":{\"name\":\"Sebastiano Plutino\",\"@id\":\"https:\/\/progettotouring.it\/radiotouring104\/#\/schema\/person\/78613917f1851f041f7483f5af1d422e\"},\"headline\":\"Capodanno Rai a Reggio, i Consiglieri di Centrodestra: &#8220;Merito di Occhiuto&#8221;\",\"datePublished\":\"2024-12-18T10:32:17+00:00\",\"dateModified\":\"2024-12-18T10:34:08+00:00\",\"mainEntityOfPage\":{\"@id\":\"https:\/\/progettotouring.it\/radiotouring104\/2024\/12\/18\/capodanno-rai-a-reggio-i-consiglieri-di-centrodestra-merito-di-occhiuto\/\"},\"wordCount\":614,\"publisher\":{\"@id\":\"https:\/\/progettotouring.it\/radiotouring104\/#organization\"},\"image\":{\"@id\":\"https:\/\/progettotouring.it\/radiotouring104\/2024\/12\/18\/capodanno-rai-a-reggio-i-consiglieri-di-centrodestra-merito-di-occhiuto\/#primaryimage\"},\"thumbnailUrl\":\"https:\/\/progettotouring.it\/radiotouring104\/wp-content\/uploads\/sites\/6\/2023\/07\/Consiglieri-reggio-Calabria-Centrodestra-forza-italia.jpeg\",\"keywords\":[\"Amministrazione comuinale di Reggio Calabria\",\"Capodanno RAI 2024 a Reggio\",\"Comune di Reggio\",\"Consiglieri Centrodestra\",\"Merito di Occhiuto\",\"nota stampa\"],\"articleSection\":[\"Home\",\"News\",\"Reggio Calabria\"],\"inLanguage\":\"it-IT\"},{\"@type\":\"WebPage\",\"@id\":\"https:\/\/progettotouring.it\/radiotouring104\/2024\/12\/18\/capodanno-rai-a-reggio-i-consiglieri-di-centrodestra-merito-di-occhiuto\/\",\"url\":\"https:\/\/progettotouring.it\/radiotouring104\/2024\/12\/18\/capodanno-rai-a-reggio-i-consiglieri-di-centrodestra-merito-di-occhiuto\/\",\"name\":\"Capodanno Rai, i Consiglieri Cdx \\\"Merito di Occhiuto\\\"\",\"isPartOf\":{\"@id\":\"https:\/\/progettotouring.it\/radiotouring104\/#website\"},\"primaryImageOfPage\":{\"@id\":\"https:\/\/progettotouring.it\/radiotouring104\/2024\/12\/18\/capodanno-rai-a-reggio-i-consiglieri-di-centrodestra-merito-di-occhiuto\/#primaryimage\"},\"image\":{\"@id\":\"https:\/\/progettotouring.it\/radiotouring104\/2024\/12\/18\/capodanno-rai-a-reggio-i-consiglieri-di-centrodestra-merito-di-occhiuto\/#primaryimage\"},\"thumbnailUrl\":\"https:\/\/progettotouring.it\/radiotouring104\/wp-content\/uploads\/sites\/6\/2023\/07\/Consiglieri-reggio-Calabria-Centrodestra-forza-italia.jpeg\",\"datePublished\":\"2024-12-18T10:32:17+00:00\",\"dateModified\":\"2024-12-18T10:34:08+00:00\",\"description\":\"Riceviamo e pubblichiamo la nota stampa dei Consiglieri di Centrodestra in cui attribuiscono il merito del Capodanno Rai ad Occhiuto\",\"breadcrumb\":{\"@id\":\"https:\/\/progettotouring.it\/radiotouring104\/2024\/12\/18\/capodanno-rai-a-reggio-i-consiglieri-di-centrodestra-merito-di-occhiuto\/#breadcrumb\"},\"inLanguage\":\"it-IT\",\"potentialAction\":[{\"@type\":\"ReadAction\",\"target\":[\"https:\/\/progettotouring.it\/radiotouring104\/2024\/12\/18\/capodanno-rai-a-reggio-i-consiglieri-di-centrodestra-merito-di-occhiuto\/\"]}]},{\"@type\":\"ImageObject\",\"inLanguage\":\"it-IT\",\"@id\":\"https:\/\/progettotouring.it\/radiotouring104\/2024\/12\/18\/capodanno-rai-a-reggio-i-consiglieri-di-centrodestra-merito-di-occhiuto\/#primaryimage\",\"url\":\"https:\/\/progettotouring.it\/radiotouring104\/wp-content\/uploads\/sites\/6\/2023\/07\/Consiglieri-reggio-Calabria-Centrodestra-forza-italia.jpeg\",\"contentUrl\":\"https:\/\/progettotouring.it\/radiotouring104\/wp-content\/uploads\/sites\/6\/2023\/07\/Consiglieri-reggio-Calabria-Centrodestra-forza-italia.jpeg\",\"width\":2048,\"height\":1152},{\"@type\":\"BreadcrumbList\",\"@id\":\"https:\/\/progettotouring.it\/radiotouring104\/2024\/12\/18\/capodanno-rai-a-reggio-i-consiglieri-di-centrodestra-merito-di-occhiuto\/#breadcrumb\",\"itemListElement\":[{\"@type\":\"ListItem\",\"position\":1,\"name\":\"Home\",\"item\":\"https:\/\/progettotouring.it\/radiotouring104\/\"},{\"@type\":\"ListItem\",\"position\":2,\"name\":\"Capodanno Rai a Reggio, i Consiglieri di Centrodestra: &#8220;Merito di Occhiuto&#8221;\"}]},{\"@type\":\"WebSite\",\"@id\":\"https:\/\/progettotouring.it\/radiotouring104\/#website\",\"url\":\"https:\/\/progettotouring.it\/radiotouring104\/\",\"name\":\"Radio Touring 104\",\"description\":\"La prima radio Reggina\",\"publisher\":{\"@id\":\"https:\/\/progettotouring.it\/radiotouring104\/#organization\"},\"potentialAction\":[{\"@type\":\"SearchAction\",\"target\":{\"@type\":\"EntryPoint\",\"urlTemplate\":\"https:\/\/progettotouring.it\/radiotouring104\/?s={search_term_string}\"},\"query-input\":{\"@type\":\"PropertyValueSpecification\",\"valueRequired\":true,\"valueName\":\"search_term_string\"}}],\"inLanguage\":\"it-IT\"},{\"@type\":\"Organization\",\"@id\":\"https:\/\/progettotouring.it\/radiotouring104\/#organization\",\"name\":\"Radio Touring 104\",\"url\":\"https:\/\/progettotouring.it\/radiotouring104\/\",\"logo\":{\"@type\":\"ImageObject\",\"inLanguage\":\"it-IT\",\"@id\":\"https:\/\/progettotouring.it\/radiotouring104\/#\/schema\/logo\/image\/\",\"url\":\"https:\/\/progettotouring.it\/radiotouring104\/wp-content\/uploads\/sites\/6\/2022\/02\/cropped-logo-radio-touring-104.png\",\"contentUrl\":\"https:\/\/progettotouring.it\/radiotouring104\/wp-content\/uploads\/sites\/6\/2022\/02\/cropped-logo-radio-touring-104.png\",\"width\":377,\"height\":182,\"caption\":\"Radio Touring 104\"},\"image\":{\"@id\":\"https:\/\/progettotouring.it\/radiotouring104\/#\/schema\/logo\/image\/\"}},{\"@type\":\"Person\",\"@id\":\"https:\/\/progettotouring.it\/radiotouring104\/#\/schema\/person\/78613917f1851f041f7483f5af1d422e\",\"name\":\"Sebastiano Plutino\",\"image\":{\"@type\":\"ImageObject\",\"inLanguage\":\"it-IT\",\"@id\":\"https:\/\/secure.gravatar.com\/avatar\/0546ffaa9b79224faf9f2a156b67a529ae861d3287c66c1d8ccfdf909bcba78d?s=96&d=mm&r=g\",\"url\":\"https:\/\/secure.gravatar.com\/avatar\/0546ffaa9b79224faf9f2a156b67a529ae861d3287c66c1d8ccfdf909bcba78d?s=96&d=mm&r=g\",\"contentUrl\":\"https:\/\/secure.gravatar.com\/avatar\/0546ffaa9b79224faf9f2a156b67a529ae861d3287c66c1d8ccfdf909bcba78d?s=96&d=mm&r=g\",\"caption\":\"Sebastiano Plutino\"},\"url\":\"https:\/\/progettotouring.it\/radiotouring104\/author\/sebastiano\/\"}]}<\/script>\n<!-- \/ Yoast SEO plugin. -->","yoast_head_json":{"title":"Capodanno Rai, i Consiglieri Cdx \"Merito di Occhiuto\"","description":"Riceviamo e pubblichiamo la nota stampa dei Consiglieri di Centrodestra in cui attribuiscono il merito del Capodanno Rai ad Occhiuto","robots":{"index":"index","follow":"follow","max-snippet":"max-snippet:-1","max-image-preview":"max-image-preview:large","max-video-preview":"max-video-preview:-1"},"canonical":"https:\/\/progettotouring.it\/radiotouring104\/2024\/12\/18\/capodanno-rai-a-reggio-i-consiglieri-di-centrodestra-merito-di-occhiuto\/","og_locale":"it_IT","og_type":"article","og_title":"Capodanno Rai, i Consiglieri Cdx \"Merito di Occhiuto\"","og_description":"Riceviamo e pubblichiamo la nota stampa dei Consiglieri di Centrodestra in cui attribuiscono il merito del Capodanno Rai ad Occhiuto","og_url":"https:\/\/progettotouring.it\/radiotouring104\/2024\/12\/18\/capodanno-rai-a-reggio-i-consiglieri-di-centrodestra-merito-di-occhiuto\/","og_site_name":"Radio Touring 104","article_published_time":"2024-12-18T10:32:17+00:00","article_modified_time":"2024-12-18T10:34:08+00:00","og_image":[{"width":2048,"height":1152,"url":"https:\/\/progettotouring.it\/radiotouring104\/wp-content\/uploads\/sites\/6\/2023\/07\/Consiglieri-reggio-Calabria-Centrodestra-forza-italia.jpeg","type":"image\/jpeg"}],"author":"Sebastiano Plutino","twitter_card":"summary_large_image","twitter_misc":{"Scritto da":"Sebastiano Plutino","Tempo di lettura stimato":"3 minuti"},"schema":{"@context":"https:\/\/schema.org","@graph":[{"@type":"Article","@id":"https:\/\/progettotouring.it\/radiotouring104\/2024\/12\/18\/capodanno-rai-a-reggio-i-consiglieri-di-centrodestra-merito-di-occhiuto\/#article","isPartOf":{"@id":"https:\/\/progettotouring.it\/radiotouring104\/2024\/12\/18\/capodanno-rai-a-reggio-i-consiglieri-di-centrodestra-merito-di-occhiuto\/"},"author":{"name":"Sebastiano Plutino","@id":"https:\/\/progettotouring.it\/radiotouring104\/#\/schema\/person\/78613917f1851f041f7483f5af1d422e"},"headline":"Capodanno Rai a Reggio, i Consiglieri di Centrodestra: &#8220;Merito di Occhiuto&#8221;","datePublished":"2024-12-18T10:32:17+00:00","dateModified":"2024-12-18T10:34:08+00:00","mainEntityOfPage":{"@id":"https:\/\/progettotouring.it\/radiotouring104\/2024\/12\/18\/capodanno-rai-a-reggio-i-consiglieri-di-centrodestra-merito-di-occhiuto\/"},"wordCount":614,"publisher":{"@id":"https:\/\/progettotouring.it\/radiotouring104\/#organization"},"image":{"@id":"https:\/\/progettotouring.it\/radiotouring104\/2024\/12\/18\/capodanno-rai-a-reggio-i-consiglieri-di-centrodestra-merito-di-occhiuto\/#primaryimage"},"thumbnailUrl":"https:\/\/progettotouring.it\/radiotouring104\/wp-content\/uploads\/sites\/6\/2023\/07\/Consiglieri-reggio-Calabria-Centrodestra-forza-italia.jpeg","keywords":["Amministrazione comuinale di Reggio Calabria","Capodanno RAI 2024 a Reggio","Comune di Reggio","Consiglieri Centrodestra","Merito di Occhiuto","nota stampa"],"articleSection":["Home","News","Reggio Calabria"],"inLanguage":"it-IT"},{"@type":"WebPage","@id":"https:\/\/progettotouring.it\/radiotouring104\/2024\/12\/18\/capodanno-rai-a-reggio-i-consiglieri-di-centrodestra-merito-di-occhiuto\/","url":"https:\/\/progettotouring.it\/radiotouring104\/2024\/12\/18\/capodanno-rai-a-reggio-i-consiglieri-di-centrodestra-merito-di-occhiuto\/","name":"Capodanno Rai, i Consiglieri Cdx \"Merito di Occhiuto\"","isPartOf":{"@id":"https:\/\/progettotouring.it\/radiotouring104\/#website"},"primaryImageOfPage":{"@id":"https:\/\/progettotouring.it\/radiotouring104\/2024\/12\/18\/capodanno-rai-a-reggio-i-consiglieri-di-centrodestra-merito-di-occhiuto\/#primaryimage"},"image":{"@id":"https:\/\/progettotouring.it\/radiotouring104\/2024\/12\/18\/capodanno-rai-a-reggio-i-consiglieri-di-centrodestra-merito-di-occhiuto\/#primaryimage"},"thumbnailUrl":"https:\/\/progettotouring.it\/radiotouring104\/wp-content\/uploads\/sites\/6\/2023\/07\/Consiglieri-reggio-Calabria-Centrodestra-forza-italia.jpeg","datePublished":"2024-12-18T10:32:17+00:00","dateModified":"2024-12-18T10:34:08+00:00","description":"Riceviamo e pubblichiamo la nota stampa dei Consiglieri di Centrodestra in cui attribuiscono il merito del Capodanno Rai ad Occhiuto","breadcrumb":{"@id":"https:\/\/progettotouring.it\/radiotouring104\/2024\/12\/18\/capodanno-rai-a-reggio-i-consiglieri-di-centrodestra-merito-di-occhiuto\/#breadcrumb"},"inLanguage":"it-IT","potentialAction":[{"@type":"ReadAction","target":["https:\/\/progettotouring.it\/radiotouring104\/2024\/12\/18\/capodanno-rai-a-reggio-i-consiglieri-di-centrodestra-merito-di-occhiuto\/"]}]},{"@type":"ImageObject","inLanguage":"it-IT","@id":"https:\/\/progettotouring.it\/radiotouring104\/2024\/12\/18\/capodanno-rai-a-reggio-i-consiglieri-di-centrodestra-merito-di-occhiuto\/#primaryimage","url":"https:\/\/progettotouring.it\/radiotouring104\/wp-content\/uploads\/sites\/6\/2023\/07\/Consiglieri-reggio-Calabria-Centrodestra-forza-italia.jpeg","contentUrl":"https:\/\/progettotouring.it\/radiotouring104\/wp-content\/uploads\/sites\/6\/2023\/07\/Consiglieri-reggio-Calabria-Centrodestra-forza-italia.jpeg","width":2048,"height":1152},{"@type":"BreadcrumbList","@id":"https:\/\/progettotouring.it\/radiotouring104\/2024\/12\/18\/capodanno-rai-a-reggio-i-consiglieri-di-centrodestra-merito-di-occhiuto\/#breadcrumb","itemListElement":[{"@type":"ListItem","position":1,"name":"Home","item":"https:\/\/progettotouring.it\/radiotouring104\/"},{"@type":"ListItem","position":2,"name":"Capodanno Rai a Reggio, i Consiglieri di Centrodestra: &#8220;Merito di Occhiuto&#8221;"}]},{"@type":"WebSite","@id":"https:\/\/progettotouring.it\/radiotouring104\/#website","url":"https:\/\/progettotouring.it\/radiotouring104\/","name":"Radio Touring 104","description":"La prima radio Reggina","publisher":{"@id":"https:\/\/progettotouring.it\/radiotouring104\/#organization"},"potentialAction":[{"@type":"SearchAction","target":{"@type":"EntryPoint","urlTemplate":"https:\/\/progettotouring.it\/radiotouring104\/?s={search_term_string}"},"query-input":{"@type":"PropertyValueSpecification","valueRequired":true,"valueName":"search_term_string"}}],"inLanguage":"it-IT"},{"@type":"Organization","@id":"https:\/\/progettotouring.it\/radiotouring104\/#organization","name":"Radio Touring 104","url":"https:\/\/progettotouring.it\/radiotouring104\/","logo":{"@type":"ImageObject","inLanguage":"it-IT","@id":"https:\/\/progettotouring.it\/radiotouring104\/#\/schema\/logo\/image\/","url":"https:\/\/progettotouring.it\/radiotouring104\/wp-content\/uploads\/sites\/6\/2022\/02\/cropped-logo-radio-touring-104.png","contentUrl":"https:\/\/progettotouring.it\/radiotouring104\/wp-content\/uploads\/sites\/6\/2022\/02\/cropped-logo-radio-touring-104.png","width":377,"height":182,"caption":"Radio Touring 104"},"image":{"@id":"https:\/\/progettotouring.it\/radiotouring104\/#\/schema\/logo\/image\/"}},{"@type":"Person","@id":"https:\/\/progettotouring.it\/radiotouring104\/#\/schema\/person\/78613917f1851f041f7483f5af1d422e","name":"Sebastiano Plutino","image":{"@type":"ImageObject","inLanguage":"it-IT","@id":"https:\/\/secure.gravatar.com\/avatar\/0546ffaa9b79224faf9f2a156b67a529ae861d3287c66c1d8ccfdf909bcba78d?s=96&d=mm&r=g","url":"https:\/\/secure.gravatar.com\/avatar\/0546ffaa9b79224faf9f2a156b67a529ae861d3287c66c1d8ccfdf909bcba78d?s=96&d=mm&r=g","contentUrl":"https:\/\/secure.gravatar.com\/avatar\/0546ffaa9b79224faf9f2a156b67a529ae861d3287c66c1d8ccfdf909bcba78d?s=96&d=mm&r=g","caption":"Sebastiano Plutino"},"url":"https:\/\/progettotouring.it\/radiotouring104\/author\/sebastiano\/"}]}},"jetpack_publicize_connections":[],"jetpack_featured_media_url":"https:\/\/progettotouring.it\/radiotouring104\/wp-content\/uploads\/sites\/6\/2023\/07\/Consiglieri-reggio-Calabria-Centrodestra-forza-italia.jpeg","jetpack_sharing_enabled":true,"_links":{"self":[{"href":"https:\/\/progettotouring.it\/radiotouring104\/wp-json\/wp\/v2\/posts\/63675","targetHints":{"allow":["GET"]}}],"collection":[{"href":"https:\/\/progettotouring.it\/radiotouring104\/wp-json\/wp\/v2\/posts"}],"about":[{"href":"https:\/\/progettotouring.it\/radiotouring104\/wp-json\/wp\/v2\/types\/post"}],"author":[{"embeddable":true,"href":"https:\/\/progettotouring.it\/radiotouring104\/wp-json\/wp\/v2\/users\/12"}],"replies":[{"embeddable":true,"href":"https:\/\/progettotouring.it\/radiotouring104\/wp-json\/wp\/v2\/comments?post=63675"}],"version-history":[{"count":3,"href":"https:\/\/progettotouring.it\/radiotouring104\/wp-json\/wp\/v2\/posts\/63675\/revisions"}],"predecessor-version":[{"id":63679,"href":"https:\/\/progettotouring.it\/radiotouring104\/wp-json\/wp\/v2\/posts\/63675\/revisions\/63679"}],"wp:featuredmedia":[{"embeddable":true,"href":"https:\/\/progettotouring.it\/radiotouring104\/wp-json\/wp\/v2\/media\/31297"}],"wp:attachment":[{"href":"https:\/\/progettotouring.it\/radiotouring104\/wp-json\/wp\/v2\/media?parent=63675"}],"wp:term":[{"taxonomy":"category","embeddable":true,"href":"https:\/\/progettotouring.it\/radiotouring104\/wp-json\/wp\/v2\/categories?post=63675"},{"taxonomy":"post_tag","embeddable":true,"href":"https:\/\/progettotouring.it\/radiotouring104\/wp-json\/wp\/v2\/tags?post=63675"}],"curies":[{"name":"wp","href":"https:\/\/api.w.org\/{rel}","templated":true}]}}