{"id":63684,"date":"2024-12-18T11:55:14","date_gmt":"2024-12-18T10:55:14","guid":{"rendered":"https:\/\/progettotouring.it\/radiotouring104\/?p=63684"},"modified":"2024-12-18T11:55:14","modified_gmt":"2024-12-18T10:55:14","slug":"centro-polifunzionale-di-tre-mulini-il-gruppo-r-e-d-chiede-alla-regione-un-incontro-per-la-bonifica-dellarea","status":"publish","type":"post","link":"https:\/\/progettotouring.it\/radiotouring104\/2024\/12\/18\/centro-polifunzionale-di-tre-mulini-il-gruppo-r-e-d-chiede-alla-regione-un-incontro-per-la-bonifica-dellarea\/","title":{"rendered":"Centro Polifunzionale di Tre Mulini: il Gruppo R.E.D. chiede alla Regione un incontro per la bonifica dell&#8217;area"},"content":{"rendered":"<p style=\"text-align: justify\"><em>&#8220;Abbiamo chiesto chiarezza e determinazioni certe rispetto all\u2019annoso problema che riguarda il Centro Polifunzionale di Tre Mulini i cui lavori sono stati consegnati nel lontano 2006 per oltre un milione di euro di intervento. <\/em><em>L\u2019amministrazione comunale guidata da Giuseppe Falcomat\u00e0 in passato in ragione di evidenti esigenze di carattere sanitario e di sicurezza aveva messo in sicurezza tale vetusta struttura che per\u00f2 in breve tempo \u00e8 stata nuovamente vandalizzata e riaperta all\u2019illegalit\u00e0. <\/em><em>E\u2019 del tutto evidente che in questa situazione di emergenza non ci si pu\u00f2 accontentare di tamponare un problema cos\u00ec evidente ma vi \u00e8 l\u2019esigenza di risolverlo andando direttamente alla fonte. <\/em><em>Ritardi cronici, il ritrovamento di reperti archeologici, problemi con la ditta aggiudicataria ed un contenzioso senza fine con la regione Calabria hanno determinato la situazione che oggi \u00e8 sotto l\u2019occhio di tutti&#8221;<\/em>,<strong> dichiarano i consiglieri Comunali<\/strong> del Gruppo R.E.D. <strong>Carmelo Versace, Vice Sindaco della Citt\u00e0 Metropolitana di Reggio Calabria, il Capogruppo Filippo Burrone e l\u2019Avv Antonino Castorina.<\/strong><\/p>\n<p style=\"text-align: justify\"><strong>&#8220;<\/strong><em>Oggi vi \u00e8 l\u2019inderogabile esigenza di mettere un punto su questa bomba ecologica a cielo aperto e lo si pu\u00f2 fare con il dialogo tanto invocato tra i vari enti locali nell\u2019interesse pubblico e dei cittadini<\/em>. <em>Chiediamo con forza concludono i consiglieri RED un tavolo tecnico istituzionale con la regione Calabria<\/em> al fine di avviare un percorso volto alla bonifica dell\u2019area ed alla risoluzione del contenzioso presente in ragione di superare uno stallo pluriennale che ha bloccato una zona vitale della nostra citt\u00e0 davanti Piazza del Popolo ed in prossimit\u00e0 di scuole ed esercizi commerciali&#8221;,<strong> concludono\u00a0i consiglieri RED.<\/strong><\/p>\n","protected":false},"excerpt":{"rendered":"<p>&#8220;Abbiamo chiesto chiarezza e determinazioni certe rispetto all\u2019annoso problema che riguarda il Centro Polifunzionale di Tre Mulini i cui lavori sono stati consegnati nel lontano 2006 per oltre un milione&hellip;<\/p>\n","protected":false},"author":12,"featured_media":63685,"comment_status":"closed","ping_status":"open","sticky":false,"template":"","format":"standard","meta":{"_jetpack_memberships_contains_paid_content":false,"footnotes":"","jetpack_publicize_message":"","jetpack_publicize_feature_enabled":true,"jetpack_social_post_already_shared":true,"jetpack_social_options":{"image_generator_settings":{"template":"highway","default_image_id":0,"font":"","enabled":false},"version":2}},"categories":[921,196,140],"tags":[38778,6070,38777,34973,219,38779],"class_list":["post-63684","post","type-post","status-publish","format-standard","has-post-thumbnail","hentry","category-home","category-news","category-reggio-calabria","tag-bonifica-area","tag-castorina","tag-centro-polifunzionale-di-tre-mulini","tag-gruppo-red","tag-regione-calabria","tag-richiesta-incontro"],"yoast_head":"<!-- This site is optimized with the Yoast SEO plugin v27.2 - https:\/\/yoast.com\/product\/yoast-seo-wordpress\/ -->\n<title>Centro Polifunzionale di Tre Mulini: il Gruppo R.E.D. chiede alla Regione un incontro per la bonifica dell&#039;area - Radio Touring 104<\/title>\n<meta name=\"description\" content=\"I Consisglieri Comunali del Gruppo RED chiedono alla Regione un incontro per la bonifica dell&#039;area del Centro Polifunzionale di Tre Mulini\" \/>\n<meta name=\"robots\" content=\"index, follow, max-snippet:-1, max-image-preview:large, max-video-preview:-1\" \/>\n<link rel=\"canonical\" href=\"https:\/\/progettotouring.it\/radiotouring104\/2024\/12\/18\/centro-polifunzionale-di-tre-mulini-il-gruppo-r-e-d-chiede-alla-regione-un-incontro-per-la-bonifica-dellarea\/\" \/>\n<meta property=\"og:locale\" content=\"it_IT\" \/>\n<meta property=\"og:type\" content=\"article\" \/>\n<meta property=\"og:title\" content=\"Centro Polifunzionale di Tre Mulini: il Gruppo R.E.D. chiede alla Regione un incontro per la bonifica dell&#039;area - Radio Touring 104\" \/>\n<meta property=\"og:description\" content=\"I Consisglieri Comunali del Gruppo RED chiedono alla Regione un incontro per la bonifica dell&#039;area del Centro Polifunzionale di Tre Mulini\" \/>\n<meta property=\"og:url\" content=\"https:\/\/progettotouring.it\/radiotouring104\/2024\/12\/18\/centro-polifunzionale-di-tre-mulini-il-gruppo-r-e-d-chiede-alla-regione-un-incontro-per-la-bonifica-dellarea\/\" \/>\n<meta property=\"og:site_name\" content=\"Radio Touring 104\" \/>\n<meta property=\"article:published_time\" content=\"2024-12-18T10:55:14+00:00\" \/>\n<meta property=\"og:image\" content=\"https:\/\/progettotouring.it\/radiotouring104\/wp-content\/uploads\/sites\/6\/2024\/12\/RED_GRUPPOCOMUNE.jpeg\" \/>\n\t<meta property=\"og:image:width\" content=\"936\" \/>\n\t<meta property=\"og:image:height\" content=\"666\" \/>\n\t<meta property=\"og:image:type\" content=\"image\/jpeg\" \/>\n<meta name=\"author\" content=\"Sebastiano Plutino\" \/>\n<meta name=\"twitter:card\" content=\"summary_large_image\" \/>\n<meta name=\"twitter:label1\" content=\"Scritto da\" \/>\n\t<meta name=\"twitter:data1\" content=\"Sebastiano Plutino\" \/>\n\t<meta name=\"twitter:label2\" content=\"Tempo di lettura stimato\" \/>\n\t<meta name=\"twitter:data2\" content=\"1 minuto\" \/>\n<script type=\"application\/ld+json\" class=\"yoast-schema-graph\">{\"@context\":\"https:\/\/schema.org\",\"@graph\":[{\"@type\":\"Article\",\"@id\":\"https:\/\/progettotouring.it\/radiotouring104\/2024\/12\/18\/centro-polifunzionale-di-tre-mulini-il-gruppo-r-e-d-chiede-alla-regione-un-incontro-per-la-bonifica-dellarea\/#article\",\"isPartOf\":{\"@id\":\"https:\/\/progettotouring.it\/radiotouring104\/2024\/12\/18\/centro-polifunzionale-di-tre-mulini-il-gruppo-r-e-d-chiede-alla-regione-un-incontro-per-la-bonifica-dellarea\/\"},\"author\":{\"name\":\"Sebastiano Plutino\",\"@id\":\"https:\/\/progettotouring.it\/radiotouring104\/#\/schema\/person\/78613917f1851f041f7483f5af1d422e\"},\"headline\":\"Centro Polifunzionale di Tre Mulini: il Gruppo R.E.D. chiede alla Regione un incontro per la bonifica dell&#8217;area\",\"datePublished\":\"2024-12-18T10:55:14+00:00\",\"mainEntityOfPage\":{\"@id\":\"https:\/\/progettotouring.it\/radiotouring104\/2024\/12\/18\/centro-polifunzionale-di-tre-mulini-il-gruppo-r-e-d-chiede-alla-regione-un-incontro-per-la-bonifica-dellarea\/\"},\"wordCount\":284,\"publisher\":{\"@id\":\"https:\/\/progettotouring.it\/radiotouring104\/#organization\"},\"image\":{\"@id\":\"https:\/\/progettotouring.it\/radiotouring104\/2024\/12\/18\/centro-polifunzionale-di-tre-mulini-il-gruppo-r-e-d-chiede-alla-regione-un-incontro-per-la-bonifica-dellarea\/#primaryimage\"},\"thumbnailUrl\":\"https:\/\/progettotouring.it\/radiotouring104\/wp-content\/uploads\/sites\/6\/2024\/12\/RED_GRUPPOCOMUNE.jpeg\",\"keywords\":[\"bonifica area\",\"castorina\",\"Centro Polifunzionale di Tre Mulini\",\"gruppo RED\",\"regione calabria\",\"richiesta incontro\"],\"articleSection\":[\"Home\",\"News\",\"Reggio Calabria\"],\"inLanguage\":\"it-IT\"},{\"@type\":\"WebPage\",\"@id\":\"https:\/\/progettotouring.it\/radiotouring104\/2024\/12\/18\/centro-polifunzionale-di-tre-mulini-il-gruppo-r-e-d-chiede-alla-regione-un-incontro-per-la-bonifica-dellarea\/\",\"url\":\"https:\/\/progettotouring.it\/radiotouring104\/2024\/12\/18\/centro-polifunzionale-di-tre-mulini-il-gruppo-r-e-d-chiede-alla-regione-un-incontro-per-la-bonifica-dellarea\/\",\"name\":\"Centro Polifunzionale di Tre Mulini: il Gruppo R.E.D. chiede alla Regione un incontro per la bonifica dell'area - Radio Touring 104\",\"isPartOf\":{\"@id\":\"https:\/\/progettotouring.it\/radiotouring104\/#website\"},\"primaryImageOfPage\":{\"@id\":\"https:\/\/progettotouring.it\/radiotouring104\/2024\/12\/18\/centro-polifunzionale-di-tre-mulini-il-gruppo-r-e-d-chiede-alla-regione-un-incontro-per-la-bonifica-dellarea\/#primaryimage\"},\"image\":{\"@id\":\"https:\/\/progettotouring.it\/radiotouring104\/2024\/12\/18\/centro-polifunzionale-di-tre-mulini-il-gruppo-r-e-d-chiede-alla-regione-un-incontro-per-la-bonifica-dellarea\/#primaryimage\"},\"thumbnailUrl\":\"https:\/\/progettotouring.it\/radiotouring104\/wp-content\/uploads\/sites\/6\/2024\/12\/RED_GRUPPOCOMUNE.jpeg\",\"datePublished\":\"2024-12-18T10:55:14+00:00\",\"description\":\"I Consisglieri Comunali del Gruppo RED chiedono alla Regione un incontro per la bonifica dell'area del Centro Polifunzionale di Tre Mulini\",\"breadcrumb\":{\"@id\":\"https:\/\/progettotouring.it\/radiotouring104\/2024\/12\/18\/centro-polifunzionale-di-tre-mulini-il-gruppo-r-e-d-chiede-alla-regione-un-incontro-per-la-bonifica-dellarea\/#breadcrumb\"},\"inLanguage\":\"it-IT\",\"potentialAction\":[{\"@type\":\"ReadAction\",\"target\":[\"https:\/\/progettotouring.it\/radiotouring104\/2024\/12\/18\/centro-polifunzionale-di-tre-mulini-il-gruppo-r-e-d-chiede-alla-regione-un-incontro-per-la-bonifica-dellarea\/\"]}]},{\"@type\":\"ImageObject\",\"inLanguage\":\"it-IT\",\"@id\":\"https:\/\/progettotouring.it\/radiotouring104\/2024\/12\/18\/centro-polifunzionale-di-tre-mulini-il-gruppo-r-e-d-chiede-alla-regione-un-incontro-per-la-bonifica-dellarea\/#primaryimage\",\"url\":\"https:\/\/progettotouring.it\/radiotouring104\/wp-content\/uploads\/sites\/6\/2024\/12\/RED_GRUPPOCOMUNE.jpeg\",\"contentUrl\":\"https:\/\/progettotouring.it\/radiotouring104\/wp-content\/uploads\/sites\/6\/2024\/12\/RED_GRUPPOCOMUNE.jpeg\",\"width\":936,\"height\":666},{\"@type\":\"BreadcrumbList\",\"@id\":\"https:\/\/progettotouring.it\/radiotouring104\/2024\/12\/18\/centro-polifunzionale-di-tre-mulini-il-gruppo-r-e-d-chiede-alla-regione-un-incontro-per-la-bonifica-dellarea\/#breadcrumb\",\"itemListElement\":[{\"@type\":\"ListItem\",\"position\":1,\"name\":\"Home\",\"item\":\"https:\/\/progettotouring.it\/radiotouring104\/\"},{\"@type\":\"ListItem\",\"position\":2,\"name\":\"Centro Polifunzionale di Tre Mulini: il Gruppo R.E.D. chiede alla Regione un incontro per la bonifica dell&#8217;area\"}]},{\"@type\":\"WebSite\",\"@id\":\"https:\/\/progettotouring.it\/radiotouring104\/#website\",\"url\":\"https:\/\/progettotouring.it\/radiotouring104\/\",\"name\":\"Radio Touring 104\",\"description\":\"La prima radio Reggina\",\"publisher\":{\"@id\":\"https:\/\/progettotouring.it\/radiotouring104\/#organization\"},\"potentialAction\":[{\"@type\":\"SearchAction\",\"target\":{\"@type\":\"EntryPoint\",\"urlTemplate\":\"https:\/\/progettotouring.it\/radiotouring104\/?s={search_term_string}\"},\"query-input\":{\"@type\":\"PropertyValueSpecification\",\"valueRequired\":true,\"valueName\":\"search_term_string\"}}],\"inLanguage\":\"it-IT\"},{\"@type\":\"Organization\",\"@id\":\"https:\/\/progettotouring.it\/radiotouring104\/#organization\",\"name\":\"Radio Touring 104\",\"url\":\"https:\/\/progettotouring.it\/radiotouring104\/\",\"logo\":{\"@type\":\"ImageObject\",\"inLanguage\":\"it-IT\",\"@id\":\"https:\/\/progettotouring.it\/radiotouring104\/#\/schema\/logo\/image\/\",\"url\":\"https:\/\/progettotouring.it\/radiotouring104\/wp-content\/uploads\/sites\/6\/2022\/02\/cropped-logo-radio-touring-104.png\",\"contentUrl\":\"https:\/\/progettotouring.it\/radiotouring104\/wp-content\/uploads\/sites\/6\/2022\/02\/cropped-logo-radio-touring-104.png\",\"width\":377,\"height\":182,\"caption\":\"Radio Touring 104\"},\"image\":{\"@id\":\"https:\/\/progettotouring.it\/radiotouring104\/#\/schema\/logo\/image\/\"}},{\"@type\":\"Person\",\"@id\":\"https:\/\/progettotouring.it\/radiotouring104\/#\/schema\/person\/78613917f1851f041f7483f5af1d422e\",\"name\":\"Sebastiano Plutino\",\"image\":{\"@type\":\"ImageObject\",\"inLanguage\":\"it-IT\",\"@id\":\"https:\/\/secure.gravatar.com\/avatar\/0546ffaa9b79224faf9f2a156b67a529ae861d3287c66c1d8ccfdf909bcba78d?s=96&d=mm&r=g\",\"url\":\"https:\/\/secure.gravatar.com\/avatar\/0546ffaa9b79224faf9f2a156b67a529ae861d3287c66c1d8ccfdf909bcba78d?s=96&d=mm&r=g\",\"contentUrl\":\"https:\/\/secure.gravatar.com\/avatar\/0546ffaa9b79224faf9f2a156b67a529ae861d3287c66c1d8ccfdf909bcba78d?s=96&d=mm&r=g\",\"caption\":\"Sebastiano Plutino\"},\"url\":\"https:\/\/progettotouring.it\/radiotouring104\/author\/sebastiano\/\"}]}<\/script>\n<!-- \/ Yoast SEO plugin. -->","yoast_head_json":{"title":"Centro Polifunzionale di Tre Mulini: il Gruppo R.E.D. chiede alla Regione un incontro per la bonifica dell'area - Radio Touring 104","description":"I Consisglieri Comunali del Gruppo RED chiedono alla Regione un incontro per la bonifica dell'area del Centro Polifunzionale di Tre Mulini","robots":{"index":"index","follow":"follow","max-snippet":"max-snippet:-1","max-image-preview":"max-image-preview:large","max-video-preview":"max-video-preview:-1"},"canonical":"https:\/\/progettotouring.it\/radiotouring104\/2024\/12\/18\/centro-polifunzionale-di-tre-mulini-il-gruppo-r-e-d-chiede-alla-regione-un-incontro-per-la-bonifica-dellarea\/","og_locale":"it_IT","og_type":"article","og_title":"Centro Polifunzionale di Tre Mulini: il Gruppo R.E.D. chiede alla Regione un incontro per la bonifica dell'area - Radio Touring 104","og_description":"I Consisglieri Comunali del Gruppo RED chiedono alla Regione un incontro per la bonifica dell'area del Centro Polifunzionale di Tre Mulini","og_url":"https:\/\/progettotouring.it\/radiotouring104\/2024\/12\/18\/centro-polifunzionale-di-tre-mulini-il-gruppo-r-e-d-chiede-alla-regione-un-incontro-per-la-bonifica-dellarea\/","og_site_name":"Radio Touring 104","article_published_time":"2024-12-18T10:55:14+00:00","og_image":[{"width":936,"height":666,"url":"https:\/\/progettotouring.it\/radiotouring104\/wp-content\/uploads\/sites\/6\/2024\/12\/RED_GRUPPOCOMUNE.jpeg","type":"image\/jpeg"}],"author":"Sebastiano Plutino","twitter_card":"summary_large_image","twitter_misc":{"Scritto da":"Sebastiano Plutino","Tempo di lettura stimato":"1 minuto"},"schema":{"@context":"https:\/\/schema.org","@graph":[{"@type":"Article","@id":"https:\/\/progettotouring.it\/radiotouring104\/2024\/12\/18\/centro-polifunzionale-di-tre-mulini-il-gruppo-r-e-d-chiede-alla-regione-un-incontro-per-la-bonifica-dellarea\/#article","isPartOf":{"@id":"https:\/\/progettotouring.it\/radiotouring104\/2024\/12\/18\/centro-polifunzionale-di-tre-mulini-il-gruppo-r-e-d-chiede-alla-regione-un-incontro-per-la-bonifica-dellarea\/"},"author":{"name":"Sebastiano Plutino","@id":"https:\/\/progettotouring.it\/radiotouring104\/#\/schema\/person\/78613917f1851f041f7483f5af1d422e"},"headline":"Centro Polifunzionale di Tre Mulini: il Gruppo R.E.D. chiede alla Regione un incontro per la bonifica dell&#8217;area","datePublished":"2024-12-18T10:55:14+00:00","mainEntityOfPage":{"@id":"https:\/\/progettotouring.it\/radiotouring104\/2024\/12\/18\/centro-polifunzionale-di-tre-mulini-il-gruppo-r-e-d-chiede-alla-regione-un-incontro-per-la-bonifica-dellarea\/"},"wordCount":284,"publisher":{"@id":"https:\/\/progettotouring.it\/radiotouring104\/#organization"},"image":{"@id":"https:\/\/progettotouring.it\/radiotouring104\/2024\/12\/18\/centro-polifunzionale-di-tre-mulini-il-gruppo-r-e-d-chiede-alla-regione-un-incontro-per-la-bonifica-dellarea\/#primaryimage"},"thumbnailUrl":"https:\/\/progettotouring.it\/radiotouring104\/wp-content\/uploads\/sites\/6\/2024\/12\/RED_GRUPPOCOMUNE.jpeg","keywords":["bonifica area","castorina","Centro Polifunzionale di Tre Mulini","gruppo RED","regione calabria","richiesta incontro"],"articleSection":["Home","News","Reggio Calabria"],"inLanguage":"it-IT"},{"@type":"WebPage","@id":"https:\/\/progettotouring.it\/radiotouring104\/2024\/12\/18\/centro-polifunzionale-di-tre-mulini-il-gruppo-r-e-d-chiede-alla-regione-un-incontro-per-la-bonifica-dellarea\/","url":"https:\/\/progettotouring.it\/radiotouring104\/2024\/12\/18\/centro-polifunzionale-di-tre-mulini-il-gruppo-r-e-d-chiede-alla-regione-un-incontro-per-la-bonifica-dellarea\/","name":"Centro Polifunzionale di Tre Mulini: il Gruppo R.E.D. chiede alla Regione un incontro per la bonifica dell'area - Radio Touring 104","isPartOf":{"@id":"https:\/\/progettotouring.it\/radiotouring104\/#website"},"primaryImageOfPage":{"@id":"https:\/\/progettotouring.it\/radiotouring104\/2024\/12\/18\/centro-polifunzionale-di-tre-mulini-il-gruppo-r-e-d-chiede-alla-regione-un-incontro-per-la-bonifica-dellarea\/#primaryimage"},"image":{"@id":"https:\/\/progettotouring.it\/radiotouring104\/2024\/12\/18\/centro-polifunzionale-di-tre-mulini-il-gruppo-r-e-d-chiede-alla-regione-un-incontro-per-la-bonifica-dellarea\/#primaryimage"},"thumbnailUrl":"https:\/\/progettotouring.it\/radiotouring104\/wp-content\/uploads\/sites\/6\/2024\/12\/RED_GRUPPOCOMUNE.jpeg","datePublished":"2024-12-18T10:55:14+00:00","description":"I Consisglieri Comunali del Gruppo RED chiedono alla Regione un incontro per la bonifica dell'area del Centro Polifunzionale di Tre Mulini","breadcrumb":{"@id":"https:\/\/progettotouring.it\/radiotouring104\/2024\/12\/18\/centro-polifunzionale-di-tre-mulini-il-gruppo-r-e-d-chiede-alla-regione-un-incontro-per-la-bonifica-dellarea\/#breadcrumb"},"inLanguage":"it-IT","potentialAction":[{"@type":"ReadAction","target":["https:\/\/progettotouring.it\/radiotouring104\/2024\/12\/18\/centro-polifunzionale-di-tre-mulini-il-gruppo-r-e-d-chiede-alla-regione-un-incontro-per-la-bonifica-dellarea\/"]}]},{"@type":"ImageObject","inLanguage":"it-IT","@id":"https:\/\/progettotouring.it\/radiotouring104\/2024\/12\/18\/centro-polifunzionale-di-tre-mulini-il-gruppo-r-e-d-chiede-alla-regione-un-incontro-per-la-bonifica-dellarea\/#primaryimage","url":"https:\/\/progettotouring.it\/radiotouring104\/wp-content\/uploads\/sites\/6\/2024\/12\/RED_GRUPPOCOMUNE.jpeg","contentUrl":"https:\/\/progettotouring.it\/radiotouring104\/wp-content\/uploads\/sites\/6\/2024\/12\/RED_GRUPPOCOMUNE.jpeg","width":936,"height":666},{"@type":"BreadcrumbList","@id":"https:\/\/progettotouring.it\/radiotouring104\/2024\/12\/18\/centro-polifunzionale-di-tre-mulini-il-gruppo-r-e-d-chiede-alla-regione-un-incontro-per-la-bonifica-dellarea\/#breadcrumb","itemListElement":[{"@type":"ListItem","position":1,"name":"Home","item":"https:\/\/progettotouring.it\/radiotouring104\/"},{"@type":"ListItem","position":2,"name":"Centro Polifunzionale di Tre Mulini: il Gruppo R.E.D. chiede alla Regione un incontro per la bonifica dell&#8217;area"}]},{"@type":"WebSite","@id":"https:\/\/progettotouring.it\/radiotouring104\/#website","url":"https:\/\/progettotouring.it\/radiotouring104\/","name":"Radio Touring 104","description":"La prima radio Reggina","publisher":{"@id":"https:\/\/progettotouring.it\/radiotouring104\/#organization"},"potentialAction":[{"@type":"SearchAction","target":{"@type":"EntryPoint","urlTemplate":"https:\/\/progettotouring.it\/radiotouring104\/?s={search_term_string}"},"query-input":{"@type":"PropertyValueSpecification","valueRequired":true,"valueName":"search_term_string"}}],"inLanguage":"it-IT"},{"@type":"Organization","@id":"https:\/\/progettotouring.it\/radiotouring104\/#organization","name":"Radio Touring 104","url":"https:\/\/progettotouring.it\/radiotouring104\/","logo":{"@type":"ImageObject","inLanguage":"it-IT","@id":"https:\/\/progettotouring.it\/radiotouring104\/#\/schema\/logo\/image\/","url":"https:\/\/progettotouring.it\/radiotouring104\/wp-content\/uploads\/sites\/6\/2022\/02\/cropped-logo-radio-touring-104.png","contentUrl":"https:\/\/progettotouring.it\/radiotouring104\/wp-content\/uploads\/sites\/6\/2022\/02\/cropped-logo-radio-touring-104.png","width":377,"height":182,"caption":"Radio Touring 104"},"image":{"@id":"https:\/\/progettotouring.it\/radiotouring104\/#\/schema\/logo\/image\/"}},{"@type":"Person","@id":"https:\/\/progettotouring.it\/radiotouring104\/#\/schema\/person\/78613917f1851f041f7483f5af1d422e","name":"Sebastiano Plutino","image":{"@type":"ImageObject","inLanguage":"it-IT","@id":"https:\/\/secure.gravatar.com\/avatar\/0546ffaa9b79224faf9f2a156b67a529ae861d3287c66c1d8ccfdf909bcba78d?s=96&d=mm&r=g","url":"https:\/\/secure.gravatar.com\/avatar\/0546ffaa9b79224faf9f2a156b67a529ae861d3287c66c1d8ccfdf909bcba78d?s=96&d=mm&r=g","contentUrl":"https:\/\/secure.gravatar.com\/avatar\/0546ffaa9b79224faf9f2a156b67a529ae861d3287c66c1d8ccfdf909bcba78d?s=96&d=mm&r=g","caption":"Sebastiano Plutino"},"url":"https:\/\/progettotouring.it\/radiotouring104\/author\/sebastiano\/"}]}},"jetpack_publicize_connections":[],"jetpack_featured_media_url":"https:\/\/progettotouring.it\/radiotouring104\/wp-content\/uploads\/sites\/6\/2024\/12\/RED_GRUPPOCOMUNE.jpeg","jetpack_sharing_enabled":true,"_links":{"self":[{"href":"https:\/\/progettotouring.it\/radiotouring104\/wp-json\/wp\/v2\/posts\/63684","targetHints":{"allow":["GET"]}}],"collection":[{"href":"https:\/\/progettotouring.it\/radiotouring104\/wp-json\/wp\/v2\/posts"}],"about":[{"href":"https:\/\/progettotouring.it\/radiotouring104\/wp-json\/wp\/v2\/types\/post"}],"author":[{"embeddable":true,"href":"https:\/\/progettotouring.it\/radiotouring104\/wp-json\/wp\/v2\/users\/12"}],"replies":[{"embeddable":true,"href":"https:\/\/progettotouring.it\/radiotouring104\/wp-json\/wp\/v2\/comments?post=63684"}],"version-history":[{"count":1,"href":"https:\/\/progettotouring.it\/radiotouring104\/wp-json\/wp\/v2\/posts\/63684\/revisions"}],"predecessor-version":[{"id":63686,"href":"https:\/\/progettotouring.it\/radiotouring104\/wp-json\/wp\/v2\/posts\/63684\/revisions\/63686"}],"wp:featuredmedia":[{"embeddable":true,"href":"https:\/\/progettotouring.it\/radiotouring104\/wp-json\/wp\/v2\/media\/63685"}],"wp:attachment":[{"href":"https:\/\/progettotouring.it\/radiotouring104\/wp-json\/wp\/v2\/media?parent=63684"}],"wp:term":[{"taxonomy":"category","embeddable":true,"href":"https:\/\/progettotouring.it\/radiotouring104\/wp-json\/wp\/v2\/categories?post=63684"},{"taxonomy":"post_tag","embeddable":true,"href":"https:\/\/progettotouring.it\/radiotouring104\/wp-json\/wp\/v2\/tags?post=63684"}],"curies":[{"name":"wp","href":"https:\/\/api.w.org\/{rel}","templated":true}]}}