{"id":63774,"date":"2024-12-19T12:01:45","date_gmt":"2024-12-19T11:01:45","guid":{"rendered":"https:\/\/progettotouring.it\/radiotouring104\/?p=63774"},"modified":"2024-12-19T12:01:45","modified_gmt":"2024-12-19T11:01:45","slug":"sacal-crescono-degli-scali-calabresi-rispetto-allanno-precedente","status":"publish","type":"post","link":"https:\/\/progettotouring.it\/radiotouring104\/2024\/12\/19\/sacal-crescono-degli-scali-calabresi-rispetto-allanno-precedente\/","title":{"rendered":"Sacal: crescono degli scali calabresi rispetto all&#8217;anno precedente"},"content":{"rendered":"<p style=\"text-align: justify\"><strong>I dati di traffico passeggeri del mese di novembre 2024<\/strong> <em>&#8220;evidenziano una crescita significativa in tutti e tre gli aeroporti calabresi, consolidando il ruolo centrale del sistema aeroportuale nella Regione&#8221;, <\/em>si legge in una <strong>nota della Sacal, la societ\u00e0 di gestione dei tre scali.<\/strong><\/p>\n<p style=\"text-align: justify\">In particolare, <strong>a Lamezia Terme sono transitati 186.786 passeggeri<\/strong> (+14,8% rispetto a novembre 2023), 24.200 passeggeri rispetto allo stesso mese del 2023 ed un coefficiente di riempimento medio <strong>dell&#8217;82%,<\/strong> superando anche il precedente primato di novembre 2019.<\/p>\n<p style=\"text-align: justify\"><em>&#8220;Particolarmente rilevante &#8211;<\/em> \u00e8 scritto nella nota &#8211;<em> \u00e8 l&#8217;incremento dei voli internazionali, che registrano un aumento del 54% rispetto a novembre 2023. Le rotte pi\u00f9 performanti sono state quelle per Francoforte Hahn, Tirana e Bruxelles&#8221;.<\/em><\/p>\n<p style=\"text-align: justify\"><strong>A Reggio Calabria i psseggeri sono stati 77.413 (<\/strong>+206% rispetto a novembre 2023) con +52.079 passeggeri rispetto allo stesso mese del 2023 ed un coefficiente di riempimento medio del 70%.<br \/>\nA Crotone, infine, i passeggeri sono stati 17.555 (+62% rispetto a novembre 2023) con +6.734 passeggeri rispetto a novembre 2023 ed un coefficiente di riempimento medio del 72%.<\/p>\n<p style=\"text-align: justify\"><em>&#8220;Complessivamente<\/em> &#8211;<strong> \u00e8 scritto nella nota<\/strong> <em>&#8211; i tre scali calabresi hanno registrato 281.754 passeggeri, consolidando il ruolo di Sacal come motore di crescita e sviluppo per la mobilit\u00e0 regionale. L&#8217;aeroporto di Reggio Calabria ha ottenuto un risultato eccezionale, posizionandosi come leader europeo per crescita di capacit\u00e0 (posti in vendita) con un incremento del 163% rispetto a dicembre 2023. Questo straordinario traguardo \u00e8 stato possibile grazie all&#8217;introduzione di nuovi collegamenti e all&#8217;aumento delle frequenze operative, sottolineando l&#8217;efficacia delle strategie messe in atto da Sacal e la crescente importanza della connettivit\u00e0 aerea per la Calabria. Parallelamente, lo scalo di Lamezia Terme entra nella top 10 come uno degli aeroporti in maggiore crescita in Europa, registrando un aumento del 22,5% dei voli rispetto a dicembre 2023&#8243;.<\/em><\/p>\n<p style=\"text-align: justify\"><em>&#8220;Questi risultati &#8211;<\/em><strong> conclude Sacal<\/strong> &#8211;<em> sono stati riconosciuti da Cirium, leader globale nell&#8217;analisi e nell&#8217;elaborazione di dati sull&#8217;aviazione civile, noto per l&#8217;accuratezza dei propri report e benchmark di settore a livello internazionale&#8221;.<\/em><\/p>\n","protected":false},"excerpt":{"rendered":"<p>I dati di traffico passeggeri del mese di novembre 2024 &#8220;evidenziano una crescita significativa in tutti e tre gli aeroporti calabresi, consolidando il ruolo centrale del sistema aeroportuale nella Regione&#8221;,&hellip;<\/p>\n","protected":false},"author":12,"featured_media":2521,"comment_status":"closed","ping_status":"open","sticky":false,"template":"","format":"standard","meta":{"_jetpack_memberships_contains_paid_content":false,"footnotes":"","jetpack_publicize_message":"","jetpack_publicize_feature_enabled":true,"jetpack_social_post_already_shared":true,"jetpack_social_options":{"image_generator_settings":{"template":"highway","default_image_id":0,"font":"","enabled":false},"version":2}},"categories":[142,921,196],"tags":[2413,881,38831,38832,2415],"class_list":["post-63774","post","type-post","status-publish","format-standard","has-post-thumbnail","hentry","category-calabria","category-home","category-news","tag-aeroporto-dello-stretto","tag-aeroporto-lamezia-terme","tag-aumento-passeggeri-scali-calabresi","tag-novembre","tag-sacal"],"yoast_head":"<!-- This site is optimized with the Yoast SEO plugin v27.2 - https:\/\/yoast.com\/product\/yoast-seo-wordpress\/ -->\n<title>Sacal: crescono degli scali calabresi rispetto all&#039;anno precedente - Radio Touring 104<\/title>\n<meta name=\"description\" content=\"La societ\u00e0 che gestisce gli scali calabresi rende noto dell&#039;aumento dei passeggeri, a novembre, rispetto all&#039;anno precedente. Spicca Reggio\" \/>\n<meta name=\"robots\" content=\"index, follow, max-snippet:-1, max-image-preview:large, max-video-preview:-1\" \/>\n<link rel=\"canonical\" href=\"https:\/\/progettotouring.it\/radiotouring104\/2024\/12\/19\/sacal-crescono-degli-scali-calabresi-rispetto-allanno-precedente\/\" \/>\n<meta property=\"og:locale\" content=\"it_IT\" \/>\n<meta property=\"og:type\" content=\"article\" \/>\n<meta property=\"og:title\" content=\"Sacal: crescono degli scali calabresi rispetto all&#039;anno precedente - Radio Touring 104\" \/>\n<meta property=\"og:description\" content=\"La societ\u00e0 che gestisce gli scali calabresi rende noto dell&#039;aumento dei passeggeri, a novembre, rispetto all&#039;anno precedente. Spicca Reggio\" \/>\n<meta property=\"og:url\" content=\"https:\/\/progettotouring.it\/radiotouring104\/2024\/12\/19\/sacal-crescono-degli-scali-calabresi-rispetto-allanno-precedente\/\" \/>\n<meta property=\"og:site_name\" content=\"Radio Touring 104\" \/>\n<meta property=\"article:published_time\" content=\"2024-12-19T11:01:45+00:00\" \/>\n<meta property=\"og:image\" content=\"https:\/\/progettotouring.it\/radiotouring104\/wp-content\/uploads\/sites\/6\/2022\/03\/Aeroporto.jpg\" \/>\n\t<meta property=\"og:image:width\" content=\"1920\" \/>\n\t<meta property=\"og:image:height\" content=\"1080\" \/>\n\t<meta property=\"og:image:type\" content=\"image\/jpeg\" \/>\n<meta name=\"author\" content=\"Sebastiano Plutino\" \/>\n<meta name=\"twitter:card\" content=\"summary_large_image\" \/>\n<meta name=\"twitter:label1\" content=\"Scritto da\" \/>\n\t<meta name=\"twitter:data1\" content=\"Sebastiano Plutino\" \/>\n\t<meta name=\"twitter:label2\" content=\"Tempo di lettura stimato\" \/>\n\t<meta name=\"twitter:data2\" content=\"2 minuti\" \/>\n<script type=\"application\/ld+json\" class=\"yoast-schema-graph\">{\"@context\":\"https:\/\/schema.org\",\"@graph\":[{\"@type\":\"Article\",\"@id\":\"https:\/\/progettotouring.it\/radiotouring104\/2024\/12\/19\/sacal-crescono-degli-scali-calabresi-rispetto-allanno-precedente\/#article\",\"isPartOf\":{\"@id\":\"https:\/\/progettotouring.it\/radiotouring104\/2024\/12\/19\/sacal-crescono-degli-scali-calabresi-rispetto-allanno-precedente\/\"},\"author\":{\"name\":\"Sebastiano Plutino\",\"@id\":\"https:\/\/progettotouring.it\/radiotouring104\/#\/schema\/person\/78613917f1851f041f7483f5af1d422e\"},\"headline\":\"Sacal: crescono degli scali calabresi rispetto all&#8217;anno precedente\",\"datePublished\":\"2024-12-19T11:01:45+00:00\",\"mainEntityOfPage\":{\"@id\":\"https:\/\/progettotouring.it\/radiotouring104\/2024\/12\/19\/sacal-crescono-degli-scali-calabresi-rispetto-allanno-precedente\/\"},\"wordCount\":309,\"publisher\":{\"@id\":\"https:\/\/progettotouring.it\/radiotouring104\/#organization\"},\"image\":{\"@id\":\"https:\/\/progettotouring.it\/radiotouring104\/2024\/12\/19\/sacal-crescono-degli-scali-calabresi-rispetto-allanno-precedente\/#primaryimage\"},\"thumbnailUrl\":\"https:\/\/progettotouring.it\/radiotouring104\/wp-content\/uploads\/sites\/6\/2022\/03\/Aeroporto.jpg\",\"keywords\":[\"Aeroporto dello Stretto\",\"Aeroporto Lamezia Terme\",\"aumento passeggeri scali calabresi\",\"novembre\",\"SACAL\"],\"articleSection\":[\"Calabria\",\"Home\",\"News\"],\"inLanguage\":\"it-IT\"},{\"@type\":\"WebPage\",\"@id\":\"https:\/\/progettotouring.it\/radiotouring104\/2024\/12\/19\/sacal-crescono-degli-scali-calabresi-rispetto-allanno-precedente\/\",\"url\":\"https:\/\/progettotouring.it\/radiotouring104\/2024\/12\/19\/sacal-crescono-degli-scali-calabresi-rispetto-allanno-precedente\/\",\"name\":\"Sacal: crescono degli scali calabresi rispetto all'anno precedente - Radio Touring 104\",\"isPartOf\":{\"@id\":\"https:\/\/progettotouring.it\/radiotouring104\/#website\"},\"primaryImageOfPage\":{\"@id\":\"https:\/\/progettotouring.it\/radiotouring104\/2024\/12\/19\/sacal-crescono-degli-scali-calabresi-rispetto-allanno-precedente\/#primaryimage\"},\"image\":{\"@id\":\"https:\/\/progettotouring.it\/radiotouring104\/2024\/12\/19\/sacal-crescono-degli-scali-calabresi-rispetto-allanno-precedente\/#primaryimage\"},\"thumbnailUrl\":\"https:\/\/progettotouring.it\/radiotouring104\/wp-content\/uploads\/sites\/6\/2022\/03\/Aeroporto.jpg\",\"datePublished\":\"2024-12-19T11:01:45+00:00\",\"description\":\"La societ\u00e0 che gestisce gli scali calabresi rende noto dell'aumento dei passeggeri, a novembre, rispetto all'anno precedente. Spicca Reggio\",\"breadcrumb\":{\"@id\":\"https:\/\/progettotouring.it\/radiotouring104\/2024\/12\/19\/sacal-crescono-degli-scali-calabresi-rispetto-allanno-precedente\/#breadcrumb\"},\"inLanguage\":\"it-IT\",\"potentialAction\":[{\"@type\":\"ReadAction\",\"target\":[\"https:\/\/progettotouring.it\/radiotouring104\/2024\/12\/19\/sacal-crescono-degli-scali-calabresi-rispetto-allanno-precedente\/\"]}]},{\"@type\":\"ImageObject\",\"inLanguage\":\"it-IT\",\"@id\":\"https:\/\/progettotouring.it\/radiotouring104\/2024\/12\/19\/sacal-crescono-degli-scali-calabresi-rispetto-allanno-precedente\/#primaryimage\",\"url\":\"https:\/\/progettotouring.it\/radiotouring104\/wp-content\/uploads\/sites\/6\/2022\/03\/Aeroporto.jpg\",\"contentUrl\":\"https:\/\/progettotouring.it\/radiotouring104\/wp-content\/uploads\/sites\/6\/2022\/03\/Aeroporto.jpg\",\"width\":1920,\"height\":1080,\"caption\":\"aeroporto reggio calabria tito minniti\"},{\"@type\":\"BreadcrumbList\",\"@id\":\"https:\/\/progettotouring.it\/radiotouring104\/2024\/12\/19\/sacal-crescono-degli-scali-calabresi-rispetto-allanno-precedente\/#breadcrumb\",\"itemListElement\":[{\"@type\":\"ListItem\",\"position\":1,\"name\":\"Home\",\"item\":\"https:\/\/progettotouring.it\/radiotouring104\/\"},{\"@type\":\"ListItem\",\"position\":2,\"name\":\"Sacal: crescono degli scali calabresi rispetto all&#8217;anno precedente\"}]},{\"@type\":\"WebSite\",\"@id\":\"https:\/\/progettotouring.it\/radiotouring104\/#website\",\"url\":\"https:\/\/progettotouring.it\/radiotouring104\/\",\"name\":\"Radio Touring 104\",\"description\":\"La prima radio Reggina\",\"publisher\":{\"@id\":\"https:\/\/progettotouring.it\/radiotouring104\/#organization\"},\"potentialAction\":[{\"@type\":\"SearchAction\",\"target\":{\"@type\":\"EntryPoint\",\"urlTemplate\":\"https:\/\/progettotouring.it\/radiotouring104\/?s={search_term_string}\"},\"query-input\":{\"@type\":\"PropertyValueSpecification\",\"valueRequired\":true,\"valueName\":\"search_term_string\"}}],\"inLanguage\":\"it-IT\"},{\"@type\":\"Organization\",\"@id\":\"https:\/\/progettotouring.it\/radiotouring104\/#organization\",\"name\":\"Radio Touring 104\",\"url\":\"https:\/\/progettotouring.it\/radiotouring104\/\",\"logo\":{\"@type\":\"ImageObject\",\"inLanguage\":\"it-IT\",\"@id\":\"https:\/\/progettotouring.it\/radiotouring104\/#\/schema\/logo\/image\/\",\"url\":\"https:\/\/progettotouring.it\/radiotouring104\/wp-content\/uploads\/sites\/6\/2022\/02\/cropped-logo-radio-touring-104.png\",\"contentUrl\":\"https:\/\/progettotouring.it\/radiotouring104\/wp-content\/uploads\/sites\/6\/2022\/02\/cropped-logo-radio-touring-104.png\",\"width\":377,\"height\":182,\"caption\":\"Radio Touring 104\"},\"image\":{\"@id\":\"https:\/\/progettotouring.it\/radiotouring104\/#\/schema\/logo\/image\/\"}},{\"@type\":\"Person\",\"@id\":\"https:\/\/progettotouring.it\/radiotouring104\/#\/schema\/person\/78613917f1851f041f7483f5af1d422e\",\"name\":\"Sebastiano Plutino\",\"image\":{\"@type\":\"ImageObject\",\"inLanguage\":\"it-IT\",\"@id\":\"https:\/\/secure.gravatar.com\/avatar\/0546ffaa9b79224faf9f2a156b67a529ae861d3287c66c1d8ccfdf909bcba78d?s=96&d=mm&r=g\",\"url\":\"https:\/\/secure.gravatar.com\/avatar\/0546ffaa9b79224faf9f2a156b67a529ae861d3287c66c1d8ccfdf909bcba78d?s=96&d=mm&r=g\",\"contentUrl\":\"https:\/\/secure.gravatar.com\/avatar\/0546ffaa9b79224faf9f2a156b67a529ae861d3287c66c1d8ccfdf909bcba78d?s=96&d=mm&r=g\",\"caption\":\"Sebastiano Plutino\"},\"url\":\"https:\/\/progettotouring.it\/radiotouring104\/author\/sebastiano\/\"}]}<\/script>\n<!-- \/ Yoast SEO plugin. -->","yoast_head_json":{"title":"Sacal: crescono degli scali calabresi rispetto all'anno precedente - Radio Touring 104","description":"La societ\u00e0 che gestisce gli scali calabresi rende noto dell'aumento dei passeggeri, a novembre, rispetto all'anno precedente. Spicca Reggio","robots":{"index":"index","follow":"follow","max-snippet":"max-snippet:-1","max-image-preview":"max-image-preview:large","max-video-preview":"max-video-preview:-1"},"canonical":"https:\/\/progettotouring.it\/radiotouring104\/2024\/12\/19\/sacal-crescono-degli-scali-calabresi-rispetto-allanno-precedente\/","og_locale":"it_IT","og_type":"article","og_title":"Sacal: crescono degli scali calabresi rispetto all'anno precedente - Radio Touring 104","og_description":"La societ\u00e0 che gestisce gli scali calabresi rende noto dell'aumento dei passeggeri, a novembre, rispetto all'anno precedente. Spicca Reggio","og_url":"https:\/\/progettotouring.it\/radiotouring104\/2024\/12\/19\/sacal-crescono-degli-scali-calabresi-rispetto-allanno-precedente\/","og_site_name":"Radio Touring 104","article_published_time":"2024-12-19T11:01:45+00:00","og_image":[{"width":1920,"height":1080,"url":"https:\/\/progettotouring.it\/radiotouring104\/wp-content\/uploads\/sites\/6\/2022\/03\/Aeroporto.jpg","type":"image\/jpeg"}],"author":"Sebastiano Plutino","twitter_card":"summary_large_image","twitter_misc":{"Scritto da":"Sebastiano Plutino","Tempo di lettura stimato":"2 minuti"},"schema":{"@context":"https:\/\/schema.org","@graph":[{"@type":"Article","@id":"https:\/\/progettotouring.it\/radiotouring104\/2024\/12\/19\/sacal-crescono-degli-scali-calabresi-rispetto-allanno-precedente\/#article","isPartOf":{"@id":"https:\/\/progettotouring.it\/radiotouring104\/2024\/12\/19\/sacal-crescono-degli-scali-calabresi-rispetto-allanno-precedente\/"},"author":{"name":"Sebastiano Plutino","@id":"https:\/\/progettotouring.it\/radiotouring104\/#\/schema\/person\/78613917f1851f041f7483f5af1d422e"},"headline":"Sacal: crescono degli scali calabresi rispetto all&#8217;anno precedente","datePublished":"2024-12-19T11:01:45+00:00","mainEntityOfPage":{"@id":"https:\/\/progettotouring.it\/radiotouring104\/2024\/12\/19\/sacal-crescono-degli-scali-calabresi-rispetto-allanno-precedente\/"},"wordCount":309,"publisher":{"@id":"https:\/\/progettotouring.it\/radiotouring104\/#organization"},"image":{"@id":"https:\/\/progettotouring.it\/radiotouring104\/2024\/12\/19\/sacal-crescono-degli-scali-calabresi-rispetto-allanno-precedente\/#primaryimage"},"thumbnailUrl":"https:\/\/progettotouring.it\/radiotouring104\/wp-content\/uploads\/sites\/6\/2022\/03\/Aeroporto.jpg","keywords":["Aeroporto dello Stretto","Aeroporto Lamezia Terme","aumento passeggeri scali calabresi","novembre","SACAL"],"articleSection":["Calabria","Home","News"],"inLanguage":"it-IT"},{"@type":"WebPage","@id":"https:\/\/progettotouring.it\/radiotouring104\/2024\/12\/19\/sacal-crescono-degli-scali-calabresi-rispetto-allanno-precedente\/","url":"https:\/\/progettotouring.it\/radiotouring104\/2024\/12\/19\/sacal-crescono-degli-scali-calabresi-rispetto-allanno-precedente\/","name":"Sacal: crescono degli scali calabresi rispetto all'anno precedente - Radio Touring 104","isPartOf":{"@id":"https:\/\/progettotouring.it\/radiotouring104\/#website"},"primaryImageOfPage":{"@id":"https:\/\/progettotouring.it\/radiotouring104\/2024\/12\/19\/sacal-crescono-degli-scali-calabresi-rispetto-allanno-precedente\/#primaryimage"},"image":{"@id":"https:\/\/progettotouring.it\/radiotouring104\/2024\/12\/19\/sacal-crescono-degli-scali-calabresi-rispetto-allanno-precedente\/#primaryimage"},"thumbnailUrl":"https:\/\/progettotouring.it\/radiotouring104\/wp-content\/uploads\/sites\/6\/2022\/03\/Aeroporto.jpg","datePublished":"2024-12-19T11:01:45+00:00","description":"La societ\u00e0 che gestisce gli scali calabresi rende noto dell'aumento dei passeggeri, a novembre, rispetto all'anno precedente. Spicca Reggio","breadcrumb":{"@id":"https:\/\/progettotouring.it\/radiotouring104\/2024\/12\/19\/sacal-crescono-degli-scali-calabresi-rispetto-allanno-precedente\/#breadcrumb"},"inLanguage":"it-IT","potentialAction":[{"@type":"ReadAction","target":["https:\/\/progettotouring.it\/radiotouring104\/2024\/12\/19\/sacal-crescono-degli-scali-calabresi-rispetto-allanno-precedente\/"]}]},{"@type":"ImageObject","inLanguage":"it-IT","@id":"https:\/\/progettotouring.it\/radiotouring104\/2024\/12\/19\/sacal-crescono-degli-scali-calabresi-rispetto-allanno-precedente\/#primaryimage","url":"https:\/\/progettotouring.it\/radiotouring104\/wp-content\/uploads\/sites\/6\/2022\/03\/Aeroporto.jpg","contentUrl":"https:\/\/progettotouring.it\/radiotouring104\/wp-content\/uploads\/sites\/6\/2022\/03\/Aeroporto.jpg","width":1920,"height":1080,"caption":"aeroporto reggio calabria tito minniti"},{"@type":"BreadcrumbList","@id":"https:\/\/progettotouring.it\/radiotouring104\/2024\/12\/19\/sacal-crescono-degli-scali-calabresi-rispetto-allanno-precedente\/#breadcrumb","itemListElement":[{"@type":"ListItem","position":1,"name":"Home","item":"https:\/\/progettotouring.it\/radiotouring104\/"},{"@type":"ListItem","position":2,"name":"Sacal: crescono degli scali calabresi rispetto all&#8217;anno precedente"}]},{"@type":"WebSite","@id":"https:\/\/progettotouring.it\/radiotouring104\/#website","url":"https:\/\/progettotouring.it\/radiotouring104\/","name":"Radio Touring 104","description":"La prima radio Reggina","publisher":{"@id":"https:\/\/progettotouring.it\/radiotouring104\/#organization"},"potentialAction":[{"@type":"SearchAction","target":{"@type":"EntryPoint","urlTemplate":"https:\/\/progettotouring.it\/radiotouring104\/?s={search_term_string}"},"query-input":{"@type":"PropertyValueSpecification","valueRequired":true,"valueName":"search_term_string"}}],"inLanguage":"it-IT"},{"@type":"Organization","@id":"https:\/\/progettotouring.it\/radiotouring104\/#organization","name":"Radio Touring 104","url":"https:\/\/progettotouring.it\/radiotouring104\/","logo":{"@type":"ImageObject","inLanguage":"it-IT","@id":"https:\/\/progettotouring.it\/radiotouring104\/#\/schema\/logo\/image\/","url":"https:\/\/progettotouring.it\/radiotouring104\/wp-content\/uploads\/sites\/6\/2022\/02\/cropped-logo-radio-touring-104.png","contentUrl":"https:\/\/progettotouring.it\/radiotouring104\/wp-content\/uploads\/sites\/6\/2022\/02\/cropped-logo-radio-touring-104.png","width":377,"height":182,"caption":"Radio Touring 104"},"image":{"@id":"https:\/\/progettotouring.it\/radiotouring104\/#\/schema\/logo\/image\/"}},{"@type":"Person","@id":"https:\/\/progettotouring.it\/radiotouring104\/#\/schema\/person\/78613917f1851f041f7483f5af1d422e","name":"Sebastiano Plutino","image":{"@type":"ImageObject","inLanguage":"it-IT","@id":"https:\/\/secure.gravatar.com\/avatar\/0546ffaa9b79224faf9f2a156b67a529ae861d3287c66c1d8ccfdf909bcba78d?s=96&d=mm&r=g","url":"https:\/\/secure.gravatar.com\/avatar\/0546ffaa9b79224faf9f2a156b67a529ae861d3287c66c1d8ccfdf909bcba78d?s=96&d=mm&r=g","contentUrl":"https:\/\/secure.gravatar.com\/avatar\/0546ffaa9b79224faf9f2a156b67a529ae861d3287c66c1d8ccfdf909bcba78d?s=96&d=mm&r=g","caption":"Sebastiano Plutino"},"url":"https:\/\/progettotouring.it\/radiotouring104\/author\/sebastiano\/"}]}},"jetpack_publicize_connections":[],"jetpack_featured_media_url":"https:\/\/progettotouring.it\/radiotouring104\/wp-content\/uploads\/sites\/6\/2022\/03\/Aeroporto.jpg","jetpack_sharing_enabled":true,"_links":{"self":[{"href":"https:\/\/progettotouring.it\/radiotouring104\/wp-json\/wp\/v2\/posts\/63774","targetHints":{"allow":["GET"]}}],"collection":[{"href":"https:\/\/progettotouring.it\/radiotouring104\/wp-json\/wp\/v2\/posts"}],"about":[{"href":"https:\/\/progettotouring.it\/radiotouring104\/wp-json\/wp\/v2\/types\/post"}],"author":[{"embeddable":true,"href":"https:\/\/progettotouring.it\/radiotouring104\/wp-json\/wp\/v2\/users\/12"}],"replies":[{"embeddable":true,"href":"https:\/\/progettotouring.it\/radiotouring104\/wp-json\/wp\/v2\/comments?post=63774"}],"version-history":[{"count":1,"href":"https:\/\/progettotouring.it\/radiotouring104\/wp-json\/wp\/v2\/posts\/63774\/revisions"}],"predecessor-version":[{"id":63775,"href":"https:\/\/progettotouring.it\/radiotouring104\/wp-json\/wp\/v2\/posts\/63774\/revisions\/63775"}],"wp:featuredmedia":[{"embeddable":true,"href":"https:\/\/progettotouring.it\/radiotouring104\/wp-json\/wp\/v2\/media\/2521"}],"wp:attachment":[{"href":"https:\/\/progettotouring.it\/radiotouring104\/wp-json\/wp\/v2\/media?parent=63774"}],"wp:term":[{"taxonomy":"category","embeddable":true,"href":"https:\/\/progettotouring.it\/radiotouring104\/wp-json\/wp\/v2\/categories?post=63774"},{"taxonomy":"post_tag","embeddable":true,"href":"https:\/\/progettotouring.it\/radiotouring104\/wp-json\/wp\/v2\/tags?post=63774"}],"curies":[{"name":"wp","href":"https:\/\/api.w.org\/{rel}","templated":true}]}}