{"id":63777,"date":"2024-12-19T12:13:16","date_gmt":"2024-12-19T11:13:16","guid":{"rendered":"https:\/\/progettotouring.it\/radiotouring104\/?p=63777"},"modified":"2024-12-19T12:13:16","modified_gmt":"2024-12-19T11:13:16","slug":"scuola-presentato-il-progetto-vivi-e-scopri-la-calabria-12-milioni-per-le-scuole","status":"publish","type":"post","link":"https:\/\/progettotouring.it\/radiotouring104\/2024\/12\/19\/scuola-presentato-il-progetto-vivi-e-scopri-la-calabria-12-milioni-per-le-scuole\/","title":{"rendered":"Scuola: presentato il progetto &#8220;Vivi e scopri la Calabria&#8221;, 12 milioni per le scuole"},"content":{"rendered":"<p style=\"text-align: justify\">E&#8217; stato <strong>presentato a Catanzaro, dagli assessori regionali Maria Stefania Caracciolo<\/strong> (Istruzione) <strong>e Giovanni Calabrese<\/strong> (Turismo), il progetto <em>&#8220;Vivi e scopri la Calabria<\/em>&#8221; che si avvale di una <strong>dotazione finanziaria pari a 12 milioni di euro e che \u00e8 rivolto alle scuole statali primarie e secondarie di 1\u00b0 e 2\u00b0 grado.<\/strong><\/p>\n<p style=\"text-align: justify\"><em>&#8220;\u00c8 una idea progettuale<\/em> &#8211; <strong>ha detto l&#8217;assessore Caracciolo<\/strong> &#8211;<em> voluta da chi mi ha preceduta nell&#8217;assessorato, l&#8217;europarlamentare Giusi Princi, profonda conoscitrice del mondo dei giovani, del mondo della scuola e della realt\u00e0 calabrese. <\/em><em>Un&#8217;iniziativa importante perch\u00e9 si propone di far conoscere alle giovani generazioni il territorio calabrese, le sue potenzialit\u00e0 e questo anche ai fini dello sviluppo economico della regione&#8221;.<\/em><\/p>\n<p style=\"text-align: justify\"><strong>Si tratta di un&#8217;iniziativa con valenza pluriennale contenuta nel Piaper no di azione<\/strong><em> &#8220;Competenze, Istruzione e Formazione&#8221;<\/em> 2021\/2027 del Dipartimento Istruzione e Pari opportunit\u00e0.<\/p>\n<p style=\"text-align: justify\"><em>&#8220;Il progetto<\/em> &#8211; <strong>ha aggiunto l&#8217;assessore Caracciolo<\/strong> <em>&#8211; consiste in visite guidate, percorsi turistici in cui ci sono diverse linee di azione. Percorsi studio turistici finalizzati a far conoscere le nostre bellezze, i percorsi culturali anche dal punto di vista engastronomico e della &#8216;green economy&#8217; e quindi tutto quello che c&#8217;\u00e8 di innovativo nel nostro territorio. \u00c8 previsto un coinvolgimento attivo di tutte le realt\u00e0 economiche che sono presenti nel nostro territorio. Il progetto \u00e8 totalmente finanziato dalla Regione e, quindi, chi beneficia di questa linea di azione svolger\u00e0 questi percorsi turistici a titolo totalmente gratuito. La durata \u00e8 di massimo 5 giorni. Quindi per 5 giorni avranno la possibilit\u00e0 di visitare il nostro territorio di visitare le nostre ricchezze enogastronomiche, culturali e le bellezze artistiche e museali&#8221;.<\/em><\/p>\n<p style=\"text-align: justify\"><strong>L&#8217;obiettivo dell&#8217;azione avviata,<\/strong> scondo quanto illustrato nella conferenza stampa, <strong>\u00e8 quello di sostenere,<\/strong> attraverso il finanziamento di progetti extracurricolari realizzati sul territorio regionale e, in particolare, al di fuori della provincia sede dell&#8217;istituzione scolastica partecipante,<strong> l&#8217;educazione dei ragazzi al turismo culturale, alle tradizioni e al patrimonio materiale e immateriale della Calabria,<\/strong> favorendo l&#8217;acquisizione di competenze pratiche e teoriche utili a valorizzare le risorse storiche, architettoniche, paesaggistiche, artistiche, ambientali, enogastronomiche ed artigianali di cui il nostro territorio dispone, consentendo loro di sperimentare in prima persona le sue grandi potenzialit\u00e0.<\/p>\n<p style=\"text-align: justify\"><em>&#8220;C&#8217;\u00e8 la possibilit\u00e0<\/em> <strong>&#8211; ha detto l&#8217;assessore Calabrese &#8211;<\/strong><em> di stanziare circa 73mila euro a progetto. Le scuole dovranno utilizzare al meglio queste risorse non con la classica gita scolastica, ma attraverso un progetto culturale e turistico serio che faccia formazione e miri a far conoscere le diverse realt\u00e0 anche artigianali della regione&#8221;.<\/em><\/p>\n<p style=\"text-align: justify\"><strong>Lo scopo \u00e8 anche avviare gli studenti in percorsi professionali turistic<\/strong>i<em>: &#8220;L&#8217;auspicio<\/em> &#8211; <strong>ha sottolineato l&#8217;assessore Calabrese <\/strong><em><strong>&#8211;<\/strong> \u00e8 quello che gli studenti, specie quelli dell&#8217;ultimo anno possano poi trasformare questa conoscenza in azioni concrete anche di opportunit\u00e0 lavorative&#8221;.<\/em><\/p>\n<p>&nbsp;<\/p>\n","protected":false},"excerpt":{"rendered":"<p>E&#8217; stato presentato a Catanzaro, dagli assessori regionali Maria Stefania Caracciolo (Istruzione) e Giovanni Calabrese (Turismo), il progetto &#8220;Vivi e scopri la Calabria&#8221; che si avvale di una dotazione finanziaria&hellip;<\/p>\n","protected":false},"author":12,"featured_media":2512,"comment_status":"closed","ping_status":"open","sticky":false,"template":"","format":"standard","meta":{"_jetpack_memberships_contains_paid_content":false,"footnotes":"","jetpack_publicize_message":"","jetpack_publicize_feature_enabled":true,"jetpack_social_post_already_shared":true,"jetpack_social_options":{"image_generator_settings":{"template":"highway","default_image_id":0,"font":"","enabled":false},"version":2}},"categories":[142,921,196],"tags":[21257,38833,35906,38834,38835],"class_list":["post-63777","post","type-post","status-publish","format-standard","has-post-thumbnail","hentry","category-calabria","category-home","category-news","tag-assessore-regionale-giovanni-calabrese","tag-12-milioni-per-le-scuole","tag-assessore-caracciolo","tag-progetto-vivi-e-scopri-la-calabria","tag-scuole-statali-primarie-secondarie"],"yoast_head":"<!-- This site is optimized with the Yoast SEO plugin v27.2 - https:\/\/yoast.com\/product\/yoast-seo-wordpress\/ -->\n<title>Scuola: presentato il progetto &quot;Vivi e scopri la Calabria&quot;, 12 milioni per le scuole - Radio Touring 104<\/title>\n<meta name=\"description\" content=\"Presentata dagli assessori Caracciolo e Calabrese, a Catanzaro, l&#039;iniziativa per far conoscere il territorio ai giovani\" \/>\n<meta name=\"robots\" content=\"index, follow, max-snippet:-1, max-image-preview:large, max-video-preview:-1\" \/>\n<link rel=\"canonical\" href=\"https:\/\/progettotouring.it\/radiotouring104\/2024\/12\/19\/scuola-presentato-il-progetto-vivi-e-scopri-la-calabria-12-milioni-per-le-scuole\/\" \/>\n<meta property=\"og:locale\" content=\"it_IT\" \/>\n<meta property=\"og:type\" content=\"article\" \/>\n<meta property=\"og:title\" content=\"Scuola: presentato il progetto &quot;Vivi e scopri la Calabria&quot;, 12 milioni per le scuole - Radio Touring 104\" \/>\n<meta property=\"og:description\" content=\"Presentata dagli assessori Caracciolo e Calabrese, a Catanzaro, l&#039;iniziativa per far conoscere il territorio ai giovani\" \/>\n<meta property=\"og:url\" content=\"https:\/\/progettotouring.it\/radiotouring104\/2024\/12\/19\/scuola-presentato-il-progetto-vivi-e-scopri-la-calabria-12-milioni-per-le-scuole\/\" \/>\n<meta property=\"og:site_name\" content=\"Radio Touring 104\" \/>\n<meta property=\"article:published_time\" content=\"2024-12-19T11:13:16+00:00\" \/>\n<meta property=\"og:image\" content=\"https:\/\/progettotouring.it\/radiotouring104\/wp-content\/uploads\/sites\/6\/2022\/03\/Cittadella-Regione-Calabria.jpg\" \/>\n\t<meta property=\"og:image:width\" content=\"1920\" \/>\n\t<meta property=\"og:image:height\" content=\"1080\" \/>\n\t<meta property=\"og:image:type\" content=\"image\/jpeg\" \/>\n<meta name=\"author\" content=\"Sebastiano Plutino\" \/>\n<meta name=\"twitter:card\" content=\"summary_large_image\" \/>\n<meta name=\"twitter:label1\" content=\"Scritto da\" \/>\n\t<meta name=\"twitter:data1\" content=\"Sebastiano Plutino\" \/>\n\t<meta name=\"twitter:label2\" content=\"Tempo di lettura stimato\" \/>\n\t<meta name=\"twitter:data2\" content=\"2 minuti\" \/>\n<script type=\"application\/ld+json\" class=\"yoast-schema-graph\">{\"@context\":\"https:\/\/schema.org\",\"@graph\":[{\"@type\":\"Article\",\"@id\":\"https:\/\/progettotouring.it\/radiotouring104\/2024\/12\/19\/scuola-presentato-il-progetto-vivi-e-scopri-la-calabria-12-milioni-per-le-scuole\/#article\",\"isPartOf\":{\"@id\":\"https:\/\/progettotouring.it\/radiotouring104\/2024\/12\/19\/scuola-presentato-il-progetto-vivi-e-scopri-la-calabria-12-milioni-per-le-scuole\/\"},\"author\":{\"name\":\"Sebastiano Plutino\",\"@id\":\"https:\/\/progettotouring.it\/radiotouring104\/#\/schema\/person\/78613917f1851f041f7483f5af1d422e\"},\"headline\":\"Scuola: presentato il progetto &#8220;Vivi e scopri la Calabria&#8221;, 12 milioni per le scuole\",\"datePublished\":\"2024-12-19T11:13:16+00:00\",\"mainEntityOfPage\":{\"@id\":\"https:\/\/progettotouring.it\/radiotouring104\/2024\/12\/19\/scuola-presentato-il-progetto-vivi-e-scopri-la-calabria-12-milioni-per-le-scuole\/\"},\"wordCount\":444,\"publisher\":{\"@id\":\"https:\/\/progettotouring.it\/radiotouring104\/#organization\"},\"image\":{\"@id\":\"https:\/\/progettotouring.it\/radiotouring104\/2024\/12\/19\/scuola-presentato-il-progetto-vivi-e-scopri-la-calabria-12-milioni-per-le-scuole\/#primaryimage\"},\"thumbnailUrl\":\"https:\/\/progettotouring.it\/radiotouring104\/wp-content\/uploads\/sites\/6\/2022\/03\/Cittadella-Regione-Calabria.jpg\",\"keywords\":[\"'assessore regionale Giovanni Calabrese.\",\"12 milioni per le scuole\",\"assessore Caracciolo\",\"progetto Vivi e scopri la Calabria\",\"scuole statali primarie secondarie\"],\"articleSection\":[\"Calabria\",\"Home\",\"News\"],\"inLanguage\":\"it-IT\"},{\"@type\":\"WebPage\",\"@id\":\"https:\/\/progettotouring.it\/radiotouring104\/2024\/12\/19\/scuola-presentato-il-progetto-vivi-e-scopri-la-calabria-12-milioni-per-le-scuole\/\",\"url\":\"https:\/\/progettotouring.it\/radiotouring104\/2024\/12\/19\/scuola-presentato-il-progetto-vivi-e-scopri-la-calabria-12-milioni-per-le-scuole\/\",\"name\":\"Scuola: presentato il progetto \\\"Vivi e scopri la Calabria\\\", 12 milioni per le scuole - Radio Touring 104\",\"isPartOf\":{\"@id\":\"https:\/\/progettotouring.it\/radiotouring104\/#website\"},\"primaryImageOfPage\":{\"@id\":\"https:\/\/progettotouring.it\/radiotouring104\/2024\/12\/19\/scuola-presentato-il-progetto-vivi-e-scopri-la-calabria-12-milioni-per-le-scuole\/#primaryimage\"},\"image\":{\"@id\":\"https:\/\/progettotouring.it\/radiotouring104\/2024\/12\/19\/scuola-presentato-il-progetto-vivi-e-scopri-la-calabria-12-milioni-per-le-scuole\/#primaryimage\"},\"thumbnailUrl\":\"https:\/\/progettotouring.it\/radiotouring104\/wp-content\/uploads\/sites\/6\/2022\/03\/Cittadella-Regione-Calabria.jpg\",\"datePublished\":\"2024-12-19T11:13:16+00:00\",\"description\":\"Presentata dagli assessori Caracciolo e Calabrese, a Catanzaro, l'iniziativa per far conoscere il territorio ai giovani\",\"breadcrumb\":{\"@id\":\"https:\/\/progettotouring.it\/radiotouring104\/2024\/12\/19\/scuola-presentato-il-progetto-vivi-e-scopri-la-calabria-12-milioni-per-le-scuole\/#breadcrumb\"},\"inLanguage\":\"it-IT\",\"potentialAction\":[{\"@type\":\"ReadAction\",\"target\":[\"https:\/\/progettotouring.it\/radiotouring104\/2024\/12\/19\/scuola-presentato-il-progetto-vivi-e-scopri-la-calabria-12-milioni-per-le-scuole\/\"]}]},{\"@type\":\"ImageObject\",\"inLanguage\":\"it-IT\",\"@id\":\"https:\/\/progettotouring.it\/radiotouring104\/2024\/12\/19\/scuola-presentato-il-progetto-vivi-e-scopri-la-calabria-12-milioni-per-le-scuole\/#primaryimage\",\"url\":\"https:\/\/progettotouring.it\/radiotouring104\/wp-content\/uploads\/sites\/6\/2022\/03\/Cittadella-Regione-Calabria.jpg\",\"contentUrl\":\"https:\/\/progettotouring.it\/radiotouring104\/wp-content\/uploads\/sites\/6\/2022\/03\/Cittadella-Regione-Calabria.jpg\",\"width\":1920,\"height\":1080,\"caption\":\"Regione Calabria catanzaro\"},{\"@type\":\"BreadcrumbList\",\"@id\":\"https:\/\/progettotouring.it\/radiotouring104\/2024\/12\/19\/scuola-presentato-il-progetto-vivi-e-scopri-la-calabria-12-milioni-per-le-scuole\/#breadcrumb\",\"itemListElement\":[{\"@type\":\"ListItem\",\"position\":1,\"name\":\"Home\",\"item\":\"https:\/\/progettotouring.it\/radiotouring104\/\"},{\"@type\":\"ListItem\",\"position\":2,\"name\":\"Scuola: presentato il progetto &#8220;Vivi e scopri la Calabria&#8221;, 12 milioni per le scuole\"}]},{\"@type\":\"WebSite\",\"@id\":\"https:\/\/progettotouring.it\/radiotouring104\/#website\",\"url\":\"https:\/\/progettotouring.it\/radiotouring104\/\",\"name\":\"Radio Touring 104\",\"description\":\"La prima radio Reggina\",\"publisher\":{\"@id\":\"https:\/\/progettotouring.it\/radiotouring104\/#organization\"},\"potentialAction\":[{\"@type\":\"SearchAction\",\"target\":{\"@type\":\"EntryPoint\",\"urlTemplate\":\"https:\/\/progettotouring.it\/radiotouring104\/?s={search_term_string}\"},\"query-input\":{\"@type\":\"PropertyValueSpecification\",\"valueRequired\":true,\"valueName\":\"search_term_string\"}}],\"inLanguage\":\"it-IT\"},{\"@type\":\"Organization\",\"@id\":\"https:\/\/progettotouring.it\/radiotouring104\/#organization\",\"name\":\"Radio Touring 104\",\"url\":\"https:\/\/progettotouring.it\/radiotouring104\/\",\"logo\":{\"@type\":\"ImageObject\",\"inLanguage\":\"it-IT\",\"@id\":\"https:\/\/progettotouring.it\/radiotouring104\/#\/schema\/logo\/image\/\",\"url\":\"https:\/\/progettotouring.it\/radiotouring104\/wp-content\/uploads\/sites\/6\/2022\/02\/cropped-logo-radio-touring-104.png\",\"contentUrl\":\"https:\/\/progettotouring.it\/radiotouring104\/wp-content\/uploads\/sites\/6\/2022\/02\/cropped-logo-radio-touring-104.png\",\"width\":377,\"height\":182,\"caption\":\"Radio Touring 104\"},\"image\":{\"@id\":\"https:\/\/progettotouring.it\/radiotouring104\/#\/schema\/logo\/image\/\"}},{\"@type\":\"Person\",\"@id\":\"https:\/\/progettotouring.it\/radiotouring104\/#\/schema\/person\/78613917f1851f041f7483f5af1d422e\",\"name\":\"Sebastiano Plutino\",\"image\":{\"@type\":\"ImageObject\",\"inLanguage\":\"it-IT\",\"@id\":\"https:\/\/secure.gravatar.com\/avatar\/0546ffaa9b79224faf9f2a156b67a529ae861d3287c66c1d8ccfdf909bcba78d?s=96&d=mm&r=g\",\"url\":\"https:\/\/secure.gravatar.com\/avatar\/0546ffaa9b79224faf9f2a156b67a529ae861d3287c66c1d8ccfdf909bcba78d?s=96&d=mm&r=g\",\"contentUrl\":\"https:\/\/secure.gravatar.com\/avatar\/0546ffaa9b79224faf9f2a156b67a529ae861d3287c66c1d8ccfdf909bcba78d?s=96&d=mm&r=g\",\"caption\":\"Sebastiano Plutino\"},\"url\":\"https:\/\/progettotouring.it\/radiotouring104\/author\/sebastiano\/\"}]}<\/script>\n<!-- \/ Yoast SEO plugin. -->","yoast_head_json":{"title":"Scuola: presentato il progetto \"Vivi e scopri la Calabria\", 12 milioni per le scuole - Radio Touring 104","description":"Presentata dagli assessori Caracciolo e Calabrese, a Catanzaro, l'iniziativa per far conoscere il territorio ai giovani","robots":{"index":"index","follow":"follow","max-snippet":"max-snippet:-1","max-image-preview":"max-image-preview:large","max-video-preview":"max-video-preview:-1"},"canonical":"https:\/\/progettotouring.it\/radiotouring104\/2024\/12\/19\/scuola-presentato-il-progetto-vivi-e-scopri-la-calabria-12-milioni-per-le-scuole\/","og_locale":"it_IT","og_type":"article","og_title":"Scuola: presentato il progetto \"Vivi e scopri la Calabria\", 12 milioni per le scuole - Radio Touring 104","og_description":"Presentata dagli assessori Caracciolo e Calabrese, a Catanzaro, l'iniziativa per far conoscere il territorio ai giovani","og_url":"https:\/\/progettotouring.it\/radiotouring104\/2024\/12\/19\/scuola-presentato-il-progetto-vivi-e-scopri-la-calabria-12-milioni-per-le-scuole\/","og_site_name":"Radio Touring 104","article_published_time":"2024-12-19T11:13:16+00:00","og_image":[{"width":1920,"height":1080,"url":"https:\/\/progettotouring.it\/radiotouring104\/wp-content\/uploads\/sites\/6\/2022\/03\/Cittadella-Regione-Calabria.jpg","type":"image\/jpeg"}],"author":"Sebastiano Plutino","twitter_card":"summary_large_image","twitter_misc":{"Scritto da":"Sebastiano Plutino","Tempo di lettura stimato":"2 minuti"},"schema":{"@context":"https:\/\/schema.org","@graph":[{"@type":"Article","@id":"https:\/\/progettotouring.it\/radiotouring104\/2024\/12\/19\/scuola-presentato-il-progetto-vivi-e-scopri-la-calabria-12-milioni-per-le-scuole\/#article","isPartOf":{"@id":"https:\/\/progettotouring.it\/radiotouring104\/2024\/12\/19\/scuola-presentato-il-progetto-vivi-e-scopri-la-calabria-12-milioni-per-le-scuole\/"},"author":{"name":"Sebastiano Plutino","@id":"https:\/\/progettotouring.it\/radiotouring104\/#\/schema\/person\/78613917f1851f041f7483f5af1d422e"},"headline":"Scuola: presentato il progetto &#8220;Vivi e scopri la Calabria&#8221;, 12 milioni per le scuole","datePublished":"2024-12-19T11:13:16+00:00","mainEntityOfPage":{"@id":"https:\/\/progettotouring.it\/radiotouring104\/2024\/12\/19\/scuola-presentato-il-progetto-vivi-e-scopri-la-calabria-12-milioni-per-le-scuole\/"},"wordCount":444,"publisher":{"@id":"https:\/\/progettotouring.it\/radiotouring104\/#organization"},"image":{"@id":"https:\/\/progettotouring.it\/radiotouring104\/2024\/12\/19\/scuola-presentato-il-progetto-vivi-e-scopri-la-calabria-12-milioni-per-le-scuole\/#primaryimage"},"thumbnailUrl":"https:\/\/progettotouring.it\/radiotouring104\/wp-content\/uploads\/sites\/6\/2022\/03\/Cittadella-Regione-Calabria.jpg","keywords":["'assessore regionale Giovanni Calabrese.","12 milioni per le scuole","assessore Caracciolo","progetto Vivi e scopri la Calabria","scuole statali primarie secondarie"],"articleSection":["Calabria","Home","News"],"inLanguage":"it-IT"},{"@type":"WebPage","@id":"https:\/\/progettotouring.it\/radiotouring104\/2024\/12\/19\/scuola-presentato-il-progetto-vivi-e-scopri-la-calabria-12-milioni-per-le-scuole\/","url":"https:\/\/progettotouring.it\/radiotouring104\/2024\/12\/19\/scuola-presentato-il-progetto-vivi-e-scopri-la-calabria-12-milioni-per-le-scuole\/","name":"Scuola: presentato il progetto \"Vivi e scopri la Calabria\", 12 milioni per le scuole - Radio Touring 104","isPartOf":{"@id":"https:\/\/progettotouring.it\/radiotouring104\/#website"},"primaryImageOfPage":{"@id":"https:\/\/progettotouring.it\/radiotouring104\/2024\/12\/19\/scuola-presentato-il-progetto-vivi-e-scopri-la-calabria-12-milioni-per-le-scuole\/#primaryimage"},"image":{"@id":"https:\/\/progettotouring.it\/radiotouring104\/2024\/12\/19\/scuola-presentato-il-progetto-vivi-e-scopri-la-calabria-12-milioni-per-le-scuole\/#primaryimage"},"thumbnailUrl":"https:\/\/progettotouring.it\/radiotouring104\/wp-content\/uploads\/sites\/6\/2022\/03\/Cittadella-Regione-Calabria.jpg","datePublished":"2024-12-19T11:13:16+00:00","description":"Presentata dagli assessori Caracciolo e Calabrese, a Catanzaro, l'iniziativa per far conoscere il territorio ai giovani","breadcrumb":{"@id":"https:\/\/progettotouring.it\/radiotouring104\/2024\/12\/19\/scuola-presentato-il-progetto-vivi-e-scopri-la-calabria-12-milioni-per-le-scuole\/#breadcrumb"},"inLanguage":"it-IT","potentialAction":[{"@type":"ReadAction","target":["https:\/\/progettotouring.it\/radiotouring104\/2024\/12\/19\/scuola-presentato-il-progetto-vivi-e-scopri-la-calabria-12-milioni-per-le-scuole\/"]}]},{"@type":"ImageObject","inLanguage":"it-IT","@id":"https:\/\/progettotouring.it\/radiotouring104\/2024\/12\/19\/scuola-presentato-il-progetto-vivi-e-scopri-la-calabria-12-milioni-per-le-scuole\/#primaryimage","url":"https:\/\/progettotouring.it\/radiotouring104\/wp-content\/uploads\/sites\/6\/2022\/03\/Cittadella-Regione-Calabria.jpg","contentUrl":"https:\/\/progettotouring.it\/radiotouring104\/wp-content\/uploads\/sites\/6\/2022\/03\/Cittadella-Regione-Calabria.jpg","width":1920,"height":1080,"caption":"Regione Calabria catanzaro"},{"@type":"BreadcrumbList","@id":"https:\/\/progettotouring.it\/radiotouring104\/2024\/12\/19\/scuola-presentato-il-progetto-vivi-e-scopri-la-calabria-12-milioni-per-le-scuole\/#breadcrumb","itemListElement":[{"@type":"ListItem","position":1,"name":"Home","item":"https:\/\/progettotouring.it\/radiotouring104\/"},{"@type":"ListItem","position":2,"name":"Scuola: presentato il progetto &#8220;Vivi e scopri la Calabria&#8221;, 12 milioni per le scuole"}]},{"@type":"WebSite","@id":"https:\/\/progettotouring.it\/radiotouring104\/#website","url":"https:\/\/progettotouring.it\/radiotouring104\/","name":"Radio Touring 104","description":"La prima radio Reggina","publisher":{"@id":"https:\/\/progettotouring.it\/radiotouring104\/#organization"},"potentialAction":[{"@type":"SearchAction","target":{"@type":"EntryPoint","urlTemplate":"https:\/\/progettotouring.it\/radiotouring104\/?s={search_term_string}"},"query-input":{"@type":"PropertyValueSpecification","valueRequired":true,"valueName":"search_term_string"}}],"inLanguage":"it-IT"},{"@type":"Organization","@id":"https:\/\/progettotouring.it\/radiotouring104\/#organization","name":"Radio Touring 104","url":"https:\/\/progettotouring.it\/radiotouring104\/","logo":{"@type":"ImageObject","inLanguage":"it-IT","@id":"https:\/\/progettotouring.it\/radiotouring104\/#\/schema\/logo\/image\/","url":"https:\/\/progettotouring.it\/radiotouring104\/wp-content\/uploads\/sites\/6\/2022\/02\/cropped-logo-radio-touring-104.png","contentUrl":"https:\/\/progettotouring.it\/radiotouring104\/wp-content\/uploads\/sites\/6\/2022\/02\/cropped-logo-radio-touring-104.png","width":377,"height":182,"caption":"Radio Touring 104"},"image":{"@id":"https:\/\/progettotouring.it\/radiotouring104\/#\/schema\/logo\/image\/"}},{"@type":"Person","@id":"https:\/\/progettotouring.it\/radiotouring104\/#\/schema\/person\/78613917f1851f041f7483f5af1d422e","name":"Sebastiano Plutino","image":{"@type":"ImageObject","inLanguage":"it-IT","@id":"https:\/\/secure.gravatar.com\/avatar\/0546ffaa9b79224faf9f2a156b67a529ae861d3287c66c1d8ccfdf909bcba78d?s=96&d=mm&r=g","url":"https:\/\/secure.gravatar.com\/avatar\/0546ffaa9b79224faf9f2a156b67a529ae861d3287c66c1d8ccfdf909bcba78d?s=96&d=mm&r=g","contentUrl":"https:\/\/secure.gravatar.com\/avatar\/0546ffaa9b79224faf9f2a156b67a529ae861d3287c66c1d8ccfdf909bcba78d?s=96&d=mm&r=g","caption":"Sebastiano Plutino"},"url":"https:\/\/progettotouring.it\/radiotouring104\/author\/sebastiano\/"}]}},"jetpack_publicize_connections":[],"jetpack_featured_media_url":"https:\/\/progettotouring.it\/radiotouring104\/wp-content\/uploads\/sites\/6\/2022\/03\/Cittadella-Regione-Calabria.jpg","jetpack_sharing_enabled":true,"_links":{"self":[{"href":"https:\/\/progettotouring.it\/radiotouring104\/wp-json\/wp\/v2\/posts\/63777","targetHints":{"allow":["GET"]}}],"collection":[{"href":"https:\/\/progettotouring.it\/radiotouring104\/wp-json\/wp\/v2\/posts"}],"about":[{"href":"https:\/\/progettotouring.it\/radiotouring104\/wp-json\/wp\/v2\/types\/post"}],"author":[{"embeddable":true,"href":"https:\/\/progettotouring.it\/radiotouring104\/wp-json\/wp\/v2\/users\/12"}],"replies":[{"embeddable":true,"href":"https:\/\/progettotouring.it\/radiotouring104\/wp-json\/wp\/v2\/comments?post=63777"}],"version-history":[{"count":1,"href":"https:\/\/progettotouring.it\/radiotouring104\/wp-json\/wp\/v2\/posts\/63777\/revisions"}],"predecessor-version":[{"id":63778,"href":"https:\/\/progettotouring.it\/radiotouring104\/wp-json\/wp\/v2\/posts\/63777\/revisions\/63778"}],"wp:featuredmedia":[{"embeddable":true,"href":"https:\/\/progettotouring.it\/radiotouring104\/wp-json\/wp\/v2\/media\/2512"}],"wp:attachment":[{"href":"https:\/\/progettotouring.it\/radiotouring104\/wp-json\/wp\/v2\/media?parent=63777"}],"wp:term":[{"taxonomy":"category","embeddable":true,"href":"https:\/\/progettotouring.it\/radiotouring104\/wp-json\/wp\/v2\/categories?post=63777"},{"taxonomy":"post_tag","embeddable":true,"href":"https:\/\/progettotouring.it\/radiotouring104\/wp-json\/wp\/v2\/tags?post=63777"}],"curies":[{"name":"wp","href":"https:\/\/api.w.org\/{rel}","templated":true}]}}