{"id":63781,"date":"2024-12-19T12:33:26","date_gmt":"2024-12-19T11:33:26","guid":{"rendered":"https:\/\/progettotouring.it\/radiotouring104\/?p=63781"},"modified":"2024-12-19T12:45:14","modified_gmt":"2024-12-19T11:45:14","slug":"successo-per-il-villaggio-della-solidarieta-organizzato-da-reggio-cresce","status":"publish","type":"post","link":"https:\/\/progettotouring.it\/radiotouring104\/2024\/12\/19\/successo-per-il-villaggio-della-solidarieta-organizzato-da-reggio-cresce\/","title":{"rendered":"Successo per il &#8220;Villaggio della Solidariet\u00e0&#8221; organizzato da Reggio Cresce"},"content":{"rendered":"<div dir=\"auto\" style=\"text-align: justify\">Si \u00e8 svolto presso il suggestivo Chiostro di San Giorgio al Corso il &#8220;Villaggio della Solidariet\u00e0&#8221;, un evento promosso dall\u2019associazione Reggio Cresce, impegnata da tempo nella cittadinanza attiva . L\u2019iniziativa ha visto la partecipazione di numerose associazioni del territorio che quotidianamente si dedicano con passione a tematiche di grande rilevanza sociale.<\/div>\n<div dir=\"auto\" style=\"text-align: justify\"><\/div>\n<div dir=\"auto\" style=\"text-align: justify\">Protagonisti della giornata sono stati i volontari delle associazioni che operano nei settori della donazione di organi e sangue, del supporto ai bambini con disabilit\u00e0, oltre ai Lions, agli scout laici e a tutti coloro che dedicano il proprio tempo al prossimo. La manifestazione ha rappresentato un\u2019occasione unica per mettere in rete queste realt\u00e0 e far conoscere le loro attivit\u00e0 alla cittadinanza.<\/div>\n<div dir=\"auto\" style=\"text-align: justify\"><\/div>\n<div dir=\"auto\" style=\"text-align: justify\">La presenza istituzionale ha dato ulteriore valore all\u2019evento: il Sindaco di Reggio Calabria Giuseppe Falcomat\u00e0, l\u2019Assessore regionale alle Politiche Sociali Caterina Capponi e il Presidente della Reggina Calcio Virgilio Minniti hanno portato il loro saluto, sottolineando l\u2019importanza del lavoro di squadra per affrontare le sfide sociali del territorio. Le loro testimonianze hanno evidenziato come il supporto congiunto tra istituzioni, associazioni e cittadini possa generare un cambiamento positivo.<\/div>\n<div dir=\"auto\" style=\"text-align: justify\"><\/div>\n<div dir=\"auto\" style=\"text-align: justify\">\u201cIl Villaggio della Solidariet\u00e0 non \u00e8 solo un evento, ma un segnale forte di comunit\u00e0 e partecipazione\u201d, ha dichiarato Rosy Perrone presidente\u00a0 di Reggio Cresce, sottolineando l\u2019impegno collettivo che ha reso possibile questa iniziativa.<\/div>\n<div dir=\"auto\" style=\"text-align: justify\"><\/div>\n<div dir=\"auto\" style=\"text-align: justify\">Reggiocresce devolvera il ricavato della vendita di un set di matitine , al &#8221; mantello di San Martino , parrocchia Candelora&#8221;dedito a\u00a0 sostenere i senzatetto della citt\u00e0.un gesto concreto che conferma la missione di Reggio Cresce nel prendersi cura delle fasce pi\u00f9 vulnerabili della societ\u00e0.<\/div>\n<div dir=\"auto\" style=\"text-align: justify\"><\/div>\n<div dir=\"auto\" style=\"text-align: justify\">L\u2019associazione ringrazia tutti coloro che hanno contribuito al successo della manifestazione: dai volontari ai partecipanti, passando per le istituzioni e gli sponsor. Questo evento rappresenta un passo significativo verso una citt\u00e0 pi\u00f9 inclusiva e solidale<\/div>\n","protected":false},"excerpt":{"rendered":"<p>Si \u00e8 svolto presso il suggestivo Chiostro di San Giorgio al Corso il &#8220;Villaggio della Solidariet\u00e0&#8221;, un evento promosso dall\u2019associazione Reggio Cresce, impegnata da tempo nella cittadinanza attiva . L\u2019iniziativa&hellip;<\/p>\n","protected":false},"author":12,"featured_media":63789,"comment_status":"closed","ping_status":"open","sticky":false,"template":"","format":"standard","meta":{"_jetpack_memberships_contains_paid_content":false,"footnotes":"","jetpack_publicize_message":"","jetpack_publicize_feature_enabled":true,"jetpack_social_post_already_shared":true,"jetpack_social_options":{"image_generator_settings":{"template":"highway","default_image_id":0,"font":"","enabled":false},"version":2}},"categories":[921,196,140],"tags":[38839,33593,30347],"class_list":["post-63781","post","type-post","status-publish","format-standard","has-post-thumbnail","hentry","category-home","category-news","category-reggio-calabria","tag-chiostro-di-san-giorgio-al-corso","tag-reggio-cresce","tag-villaggio-della-solidarieta"],"yoast_head":"<!-- This site is optimized with the Yoast SEO plugin v27.2 - https:\/\/yoast.com\/product\/yoast-seo-wordpress\/ -->\n<title>Successo per il &quot;Villaggio della Solidariet\u00e0&quot; organizzato da Reggio Cresce - Radio Touring 104<\/title>\n<meta name=\"description\" content=\"Svolto al Chiostro di San Giorgio al Corso il &quot;Villaggio della Solidariet\u00e0&quot;, l&#039;evento promosso dall\u2019associazione Reggio Cresce\" \/>\n<meta name=\"robots\" content=\"index, follow, max-snippet:-1, max-image-preview:large, max-video-preview:-1\" \/>\n<link rel=\"canonical\" href=\"https:\/\/progettotouring.it\/radiotouring104\/2024\/12\/19\/successo-per-il-villaggio-della-solidarieta-organizzato-da-reggio-cresce\/\" \/>\n<meta property=\"og:locale\" content=\"it_IT\" \/>\n<meta property=\"og:type\" content=\"article\" \/>\n<meta property=\"og:title\" content=\"Successo per il &quot;Villaggio della Solidariet\u00e0&quot; organizzato da Reggio Cresce - Radio Touring 104\" \/>\n<meta property=\"og:description\" content=\"Svolto al Chiostro di San Giorgio al Corso il &quot;Villaggio della Solidariet\u00e0&quot;, l&#039;evento promosso dall\u2019associazione Reggio Cresce\" \/>\n<meta property=\"og:url\" content=\"https:\/\/progettotouring.it\/radiotouring104\/2024\/12\/19\/successo-per-il-villaggio-della-solidarieta-organizzato-da-reggio-cresce\/\" \/>\n<meta property=\"og:site_name\" content=\"Radio Touring 104\" \/>\n<meta property=\"article:published_time\" content=\"2024-12-19T11:33:26+00:00\" \/>\n<meta property=\"article:modified_time\" content=\"2024-12-19T11:45:14+00:00\" \/>\n<meta property=\"og:image\" content=\"https:\/\/progettotouring.it\/radiotouring104\/wp-content\/uploads\/sites\/6\/2024\/12\/Villaggio-della-Solidarieta-Reggio-Cresce.jpg\" \/>\n\t<meta property=\"og:image:width\" content=\"1600\" \/>\n\t<meta property=\"og:image:height\" content=\"1066\" \/>\n\t<meta property=\"og:image:type\" content=\"image\/jpeg\" \/>\n<meta name=\"author\" content=\"Sebastiano Plutino\" \/>\n<meta name=\"twitter:card\" content=\"summary_large_image\" \/>\n<meta name=\"twitter:label1\" content=\"Scritto da\" \/>\n\t<meta name=\"twitter:data1\" content=\"Sebastiano Plutino\" \/>\n\t<meta name=\"twitter:label2\" content=\"Tempo di lettura stimato\" \/>\n\t<meta name=\"twitter:data2\" content=\"1 minuto\" \/>\n<script type=\"application\/ld+json\" class=\"yoast-schema-graph\">{\"@context\":\"https:\/\/schema.org\",\"@graph\":[{\"@type\":\"Article\",\"@id\":\"https:\/\/progettotouring.it\/radiotouring104\/2024\/12\/19\/successo-per-il-villaggio-della-solidarieta-organizzato-da-reggio-cresce\/#article\",\"isPartOf\":{\"@id\":\"https:\/\/progettotouring.it\/radiotouring104\/2024\/12\/19\/successo-per-il-villaggio-della-solidarieta-organizzato-da-reggio-cresce\/\"},\"author\":{\"name\":\"Sebastiano Plutino\",\"@id\":\"https:\/\/progettotouring.it\/radiotouring104\/#\/schema\/person\/78613917f1851f041f7483f5af1d422e\"},\"headline\":\"Successo per il &#8220;Villaggio della Solidariet\u00e0&#8221; organizzato da Reggio Cresce\",\"datePublished\":\"2024-12-19T11:33:26+00:00\",\"dateModified\":\"2024-12-19T11:45:14+00:00\",\"mainEntityOfPage\":{\"@id\":\"https:\/\/progettotouring.it\/radiotouring104\/2024\/12\/19\/successo-per-il-villaggio-della-solidarieta-organizzato-da-reggio-cresce\/\"},\"wordCount\":308,\"publisher\":{\"@id\":\"https:\/\/progettotouring.it\/radiotouring104\/#organization\"},\"image\":{\"@id\":\"https:\/\/progettotouring.it\/radiotouring104\/2024\/12\/19\/successo-per-il-villaggio-della-solidarieta-organizzato-da-reggio-cresce\/#primaryimage\"},\"thumbnailUrl\":\"https:\/\/progettotouring.it\/radiotouring104\/wp-content\/uploads\/sites\/6\/2024\/12\/Villaggio-della-Solidarieta-Reggio-Cresce.jpg\",\"keywords\":[\"Chiostro di San Giorgio al Corso\",\"Reggio Cresce\",\"Villaggio della Solidariet\u00e0\"],\"articleSection\":[\"Home\",\"News\",\"Reggio Calabria\"],\"inLanguage\":\"it-IT\"},{\"@type\":\"WebPage\",\"@id\":\"https:\/\/progettotouring.it\/radiotouring104\/2024\/12\/19\/successo-per-il-villaggio-della-solidarieta-organizzato-da-reggio-cresce\/\",\"url\":\"https:\/\/progettotouring.it\/radiotouring104\/2024\/12\/19\/successo-per-il-villaggio-della-solidarieta-organizzato-da-reggio-cresce\/\",\"name\":\"Successo per il \\\"Villaggio della Solidariet\u00e0\\\" organizzato da Reggio Cresce - Radio Touring 104\",\"isPartOf\":{\"@id\":\"https:\/\/progettotouring.it\/radiotouring104\/#website\"},\"primaryImageOfPage\":{\"@id\":\"https:\/\/progettotouring.it\/radiotouring104\/2024\/12\/19\/successo-per-il-villaggio-della-solidarieta-organizzato-da-reggio-cresce\/#primaryimage\"},\"image\":{\"@id\":\"https:\/\/progettotouring.it\/radiotouring104\/2024\/12\/19\/successo-per-il-villaggio-della-solidarieta-organizzato-da-reggio-cresce\/#primaryimage\"},\"thumbnailUrl\":\"https:\/\/progettotouring.it\/radiotouring104\/wp-content\/uploads\/sites\/6\/2024\/12\/Villaggio-della-Solidarieta-Reggio-Cresce.jpg\",\"datePublished\":\"2024-12-19T11:33:26+00:00\",\"dateModified\":\"2024-12-19T11:45:14+00:00\",\"description\":\"Svolto al Chiostro di San Giorgio al Corso il \\\"Villaggio della Solidariet\u00e0\\\", l'evento promosso dall\u2019associazione Reggio Cresce\",\"breadcrumb\":{\"@id\":\"https:\/\/progettotouring.it\/radiotouring104\/2024\/12\/19\/successo-per-il-villaggio-della-solidarieta-organizzato-da-reggio-cresce\/#breadcrumb\"},\"inLanguage\":\"it-IT\",\"potentialAction\":[{\"@type\":\"ReadAction\",\"target\":[\"https:\/\/progettotouring.it\/radiotouring104\/2024\/12\/19\/successo-per-il-villaggio-della-solidarieta-organizzato-da-reggio-cresce\/\"]}]},{\"@type\":\"ImageObject\",\"inLanguage\":\"it-IT\",\"@id\":\"https:\/\/progettotouring.it\/radiotouring104\/2024\/12\/19\/successo-per-il-villaggio-della-solidarieta-organizzato-da-reggio-cresce\/#primaryimage\",\"url\":\"https:\/\/progettotouring.it\/radiotouring104\/wp-content\/uploads\/sites\/6\/2024\/12\/Villaggio-della-Solidarieta-Reggio-Cresce.jpg\",\"contentUrl\":\"https:\/\/progettotouring.it\/radiotouring104\/wp-content\/uploads\/sites\/6\/2024\/12\/Villaggio-della-Solidarieta-Reggio-Cresce.jpg\",\"width\":1600,\"height\":1066},{\"@type\":\"BreadcrumbList\",\"@id\":\"https:\/\/progettotouring.it\/radiotouring104\/2024\/12\/19\/successo-per-il-villaggio-della-solidarieta-organizzato-da-reggio-cresce\/#breadcrumb\",\"itemListElement\":[{\"@type\":\"ListItem\",\"position\":1,\"name\":\"Home\",\"item\":\"https:\/\/progettotouring.it\/radiotouring104\/\"},{\"@type\":\"ListItem\",\"position\":2,\"name\":\"Successo per il &#8220;Villaggio della Solidariet\u00e0&#8221; organizzato da Reggio Cresce\"}]},{\"@type\":\"WebSite\",\"@id\":\"https:\/\/progettotouring.it\/radiotouring104\/#website\",\"url\":\"https:\/\/progettotouring.it\/radiotouring104\/\",\"name\":\"Radio Touring 104\",\"description\":\"La prima radio Reggina\",\"publisher\":{\"@id\":\"https:\/\/progettotouring.it\/radiotouring104\/#organization\"},\"potentialAction\":[{\"@type\":\"SearchAction\",\"target\":{\"@type\":\"EntryPoint\",\"urlTemplate\":\"https:\/\/progettotouring.it\/radiotouring104\/?s={search_term_string}\"},\"query-input\":{\"@type\":\"PropertyValueSpecification\",\"valueRequired\":true,\"valueName\":\"search_term_string\"}}],\"inLanguage\":\"it-IT\"},{\"@type\":\"Organization\",\"@id\":\"https:\/\/progettotouring.it\/radiotouring104\/#organization\",\"name\":\"Radio Touring 104\",\"url\":\"https:\/\/progettotouring.it\/radiotouring104\/\",\"logo\":{\"@type\":\"ImageObject\",\"inLanguage\":\"it-IT\",\"@id\":\"https:\/\/progettotouring.it\/radiotouring104\/#\/schema\/logo\/image\/\",\"url\":\"https:\/\/progettotouring.it\/radiotouring104\/wp-content\/uploads\/sites\/6\/2022\/02\/cropped-logo-radio-touring-104.png\",\"contentUrl\":\"https:\/\/progettotouring.it\/radiotouring104\/wp-content\/uploads\/sites\/6\/2022\/02\/cropped-logo-radio-touring-104.png\",\"width\":377,\"height\":182,\"caption\":\"Radio Touring 104\"},\"image\":{\"@id\":\"https:\/\/progettotouring.it\/radiotouring104\/#\/schema\/logo\/image\/\"}},{\"@type\":\"Person\",\"@id\":\"https:\/\/progettotouring.it\/radiotouring104\/#\/schema\/person\/78613917f1851f041f7483f5af1d422e\",\"name\":\"Sebastiano Plutino\",\"image\":{\"@type\":\"ImageObject\",\"inLanguage\":\"it-IT\",\"@id\":\"https:\/\/secure.gravatar.com\/avatar\/0546ffaa9b79224faf9f2a156b67a529ae861d3287c66c1d8ccfdf909bcba78d?s=96&d=mm&r=g\",\"url\":\"https:\/\/secure.gravatar.com\/avatar\/0546ffaa9b79224faf9f2a156b67a529ae861d3287c66c1d8ccfdf909bcba78d?s=96&d=mm&r=g\",\"contentUrl\":\"https:\/\/secure.gravatar.com\/avatar\/0546ffaa9b79224faf9f2a156b67a529ae861d3287c66c1d8ccfdf909bcba78d?s=96&d=mm&r=g\",\"caption\":\"Sebastiano Plutino\"},\"url\":\"https:\/\/progettotouring.it\/radiotouring104\/author\/sebastiano\/\"}]}<\/script>\n<!-- \/ Yoast SEO plugin. -->","yoast_head_json":{"title":"Successo per il \"Villaggio della Solidariet\u00e0\" organizzato da Reggio Cresce - Radio Touring 104","description":"Svolto al Chiostro di San Giorgio al Corso il \"Villaggio della Solidariet\u00e0\", l'evento promosso dall\u2019associazione Reggio Cresce","robots":{"index":"index","follow":"follow","max-snippet":"max-snippet:-1","max-image-preview":"max-image-preview:large","max-video-preview":"max-video-preview:-1"},"canonical":"https:\/\/progettotouring.it\/radiotouring104\/2024\/12\/19\/successo-per-il-villaggio-della-solidarieta-organizzato-da-reggio-cresce\/","og_locale":"it_IT","og_type":"article","og_title":"Successo per il \"Villaggio della Solidariet\u00e0\" organizzato da Reggio Cresce - Radio Touring 104","og_description":"Svolto al Chiostro di San Giorgio al Corso il \"Villaggio della Solidariet\u00e0\", l'evento promosso dall\u2019associazione Reggio Cresce","og_url":"https:\/\/progettotouring.it\/radiotouring104\/2024\/12\/19\/successo-per-il-villaggio-della-solidarieta-organizzato-da-reggio-cresce\/","og_site_name":"Radio Touring 104","article_published_time":"2024-12-19T11:33:26+00:00","article_modified_time":"2024-12-19T11:45:14+00:00","og_image":[{"width":1600,"height":1066,"url":"https:\/\/progettotouring.it\/radiotouring104\/wp-content\/uploads\/sites\/6\/2024\/12\/Villaggio-della-Solidarieta-Reggio-Cresce.jpg","type":"image\/jpeg"}],"author":"Sebastiano Plutino","twitter_card":"summary_large_image","twitter_misc":{"Scritto da":"Sebastiano Plutino","Tempo di lettura stimato":"1 minuto"},"schema":{"@context":"https:\/\/schema.org","@graph":[{"@type":"Article","@id":"https:\/\/progettotouring.it\/radiotouring104\/2024\/12\/19\/successo-per-il-villaggio-della-solidarieta-organizzato-da-reggio-cresce\/#article","isPartOf":{"@id":"https:\/\/progettotouring.it\/radiotouring104\/2024\/12\/19\/successo-per-il-villaggio-della-solidarieta-organizzato-da-reggio-cresce\/"},"author":{"name":"Sebastiano Plutino","@id":"https:\/\/progettotouring.it\/radiotouring104\/#\/schema\/person\/78613917f1851f041f7483f5af1d422e"},"headline":"Successo per il &#8220;Villaggio della Solidariet\u00e0&#8221; organizzato da Reggio Cresce","datePublished":"2024-12-19T11:33:26+00:00","dateModified":"2024-12-19T11:45:14+00:00","mainEntityOfPage":{"@id":"https:\/\/progettotouring.it\/radiotouring104\/2024\/12\/19\/successo-per-il-villaggio-della-solidarieta-organizzato-da-reggio-cresce\/"},"wordCount":308,"publisher":{"@id":"https:\/\/progettotouring.it\/radiotouring104\/#organization"},"image":{"@id":"https:\/\/progettotouring.it\/radiotouring104\/2024\/12\/19\/successo-per-il-villaggio-della-solidarieta-organizzato-da-reggio-cresce\/#primaryimage"},"thumbnailUrl":"https:\/\/progettotouring.it\/radiotouring104\/wp-content\/uploads\/sites\/6\/2024\/12\/Villaggio-della-Solidarieta-Reggio-Cresce.jpg","keywords":["Chiostro di San Giorgio al Corso","Reggio Cresce","Villaggio della Solidariet\u00e0"],"articleSection":["Home","News","Reggio Calabria"],"inLanguage":"it-IT"},{"@type":"WebPage","@id":"https:\/\/progettotouring.it\/radiotouring104\/2024\/12\/19\/successo-per-il-villaggio-della-solidarieta-organizzato-da-reggio-cresce\/","url":"https:\/\/progettotouring.it\/radiotouring104\/2024\/12\/19\/successo-per-il-villaggio-della-solidarieta-organizzato-da-reggio-cresce\/","name":"Successo per il \"Villaggio della Solidariet\u00e0\" organizzato da Reggio Cresce - Radio Touring 104","isPartOf":{"@id":"https:\/\/progettotouring.it\/radiotouring104\/#website"},"primaryImageOfPage":{"@id":"https:\/\/progettotouring.it\/radiotouring104\/2024\/12\/19\/successo-per-il-villaggio-della-solidarieta-organizzato-da-reggio-cresce\/#primaryimage"},"image":{"@id":"https:\/\/progettotouring.it\/radiotouring104\/2024\/12\/19\/successo-per-il-villaggio-della-solidarieta-organizzato-da-reggio-cresce\/#primaryimage"},"thumbnailUrl":"https:\/\/progettotouring.it\/radiotouring104\/wp-content\/uploads\/sites\/6\/2024\/12\/Villaggio-della-Solidarieta-Reggio-Cresce.jpg","datePublished":"2024-12-19T11:33:26+00:00","dateModified":"2024-12-19T11:45:14+00:00","description":"Svolto al Chiostro di San Giorgio al Corso il \"Villaggio della Solidariet\u00e0\", l'evento promosso dall\u2019associazione Reggio Cresce","breadcrumb":{"@id":"https:\/\/progettotouring.it\/radiotouring104\/2024\/12\/19\/successo-per-il-villaggio-della-solidarieta-organizzato-da-reggio-cresce\/#breadcrumb"},"inLanguage":"it-IT","potentialAction":[{"@type":"ReadAction","target":["https:\/\/progettotouring.it\/radiotouring104\/2024\/12\/19\/successo-per-il-villaggio-della-solidarieta-organizzato-da-reggio-cresce\/"]}]},{"@type":"ImageObject","inLanguage":"it-IT","@id":"https:\/\/progettotouring.it\/radiotouring104\/2024\/12\/19\/successo-per-il-villaggio-della-solidarieta-organizzato-da-reggio-cresce\/#primaryimage","url":"https:\/\/progettotouring.it\/radiotouring104\/wp-content\/uploads\/sites\/6\/2024\/12\/Villaggio-della-Solidarieta-Reggio-Cresce.jpg","contentUrl":"https:\/\/progettotouring.it\/radiotouring104\/wp-content\/uploads\/sites\/6\/2024\/12\/Villaggio-della-Solidarieta-Reggio-Cresce.jpg","width":1600,"height":1066},{"@type":"BreadcrumbList","@id":"https:\/\/progettotouring.it\/radiotouring104\/2024\/12\/19\/successo-per-il-villaggio-della-solidarieta-organizzato-da-reggio-cresce\/#breadcrumb","itemListElement":[{"@type":"ListItem","position":1,"name":"Home","item":"https:\/\/progettotouring.it\/radiotouring104\/"},{"@type":"ListItem","position":2,"name":"Successo per il &#8220;Villaggio della Solidariet\u00e0&#8221; organizzato da Reggio Cresce"}]},{"@type":"WebSite","@id":"https:\/\/progettotouring.it\/radiotouring104\/#website","url":"https:\/\/progettotouring.it\/radiotouring104\/","name":"Radio Touring 104","description":"La prima radio Reggina","publisher":{"@id":"https:\/\/progettotouring.it\/radiotouring104\/#organization"},"potentialAction":[{"@type":"SearchAction","target":{"@type":"EntryPoint","urlTemplate":"https:\/\/progettotouring.it\/radiotouring104\/?s={search_term_string}"},"query-input":{"@type":"PropertyValueSpecification","valueRequired":true,"valueName":"search_term_string"}}],"inLanguage":"it-IT"},{"@type":"Organization","@id":"https:\/\/progettotouring.it\/radiotouring104\/#organization","name":"Radio Touring 104","url":"https:\/\/progettotouring.it\/radiotouring104\/","logo":{"@type":"ImageObject","inLanguage":"it-IT","@id":"https:\/\/progettotouring.it\/radiotouring104\/#\/schema\/logo\/image\/","url":"https:\/\/progettotouring.it\/radiotouring104\/wp-content\/uploads\/sites\/6\/2022\/02\/cropped-logo-radio-touring-104.png","contentUrl":"https:\/\/progettotouring.it\/radiotouring104\/wp-content\/uploads\/sites\/6\/2022\/02\/cropped-logo-radio-touring-104.png","width":377,"height":182,"caption":"Radio Touring 104"},"image":{"@id":"https:\/\/progettotouring.it\/radiotouring104\/#\/schema\/logo\/image\/"}},{"@type":"Person","@id":"https:\/\/progettotouring.it\/radiotouring104\/#\/schema\/person\/78613917f1851f041f7483f5af1d422e","name":"Sebastiano Plutino","image":{"@type":"ImageObject","inLanguage":"it-IT","@id":"https:\/\/secure.gravatar.com\/avatar\/0546ffaa9b79224faf9f2a156b67a529ae861d3287c66c1d8ccfdf909bcba78d?s=96&d=mm&r=g","url":"https:\/\/secure.gravatar.com\/avatar\/0546ffaa9b79224faf9f2a156b67a529ae861d3287c66c1d8ccfdf909bcba78d?s=96&d=mm&r=g","contentUrl":"https:\/\/secure.gravatar.com\/avatar\/0546ffaa9b79224faf9f2a156b67a529ae861d3287c66c1d8ccfdf909bcba78d?s=96&d=mm&r=g","caption":"Sebastiano Plutino"},"url":"https:\/\/progettotouring.it\/radiotouring104\/author\/sebastiano\/"}]}},"jetpack_publicize_connections":[],"jetpack_featured_media_url":"https:\/\/progettotouring.it\/radiotouring104\/wp-content\/uploads\/sites\/6\/2024\/12\/Villaggio-della-Solidarieta-Reggio-Cresce.jpg","jetpack_sharing_enabled":true,"_links":{"self":[{"href":"https:\/\/progettotouring.it\/radiotouring104\/wp-json\/wp\/v2\/posts\/63781","targetHints":{"allow":["GET"]}}],"collection":[{"href":"https:\/\/progettotouring.it\/radiotouring104\/wp-json\/wp\/v2\/posts"}],"about":[{"href":"https:\/\/progettotouring.it\/radiotouring104\/wp-json\/wp\/v2\/types\/post"}],"author":[{"embeddable":true,"href":"https:\/\/progettotouring.it\/radiotouring104\/wp-json\/wp\/v2\/users\/12"}],"replies":[{"embeddable":true,"href":"https:\/\/progettotouring.it\/radiotouring104\/wp-json\/wp\/v2\/comments?post=63781"}],"version-history":[{"count":1,"href":"https:\/\/progettotouring.it\/radiotouring104\/wp-json\/wp\/v2\/posts\/63781\/revisions"}],"predecessor-version":[{"id":63783,"href":"https:\/\/progettotouring.it\/radiotouring104\/wp-json\/wp\/v2\/posts\/63781\/revisions\/63783"}],"wp:featuredmedia":[{"embeddable":true,"href":"https:\/\/progettotouring.it\/radiotouring104\/wp-json\/wp\/v2\/media\/63789"}],"wp:attachment":[{"href":"https:\/\/progettotouring.it\/radiotouring104\/wp-json\/wp\/v2\/media?parent=63781"}],"wp:term":[{"taxonomy":"category","embeddable":true,"href":"https:\/\/progettotouring.it\/radiotouring104\/wp-json\/wp\/v2\/categories?post=63781"},{"taxonomy":"post_tag","embeddable":true,"href":"https:\/\/progettotouring.it\/radiotouring104\/wp-json\/wp\/v2\/tags?post=63781"}],"curies":[{"name":"wp","href":"https:\/\/api.w.org\/{rel}","templated":true}]}}