{"id":63784,"date":"2024-12-19T12:38:25","date_gmt":"2024-12-19T11:38:25","guid":{"rendered":"https:\/\/progettotouring.it\/radiotouring104\/?p=63784"},"modified":"2024-12-19T13:03:08","modified_gmt":"2024-12-19T12:03:08","slug":"palazzo-san-giorgio-premiati-i-giovani-atleti-di-karate-tiro-a-segno-e-pallavolo","status":"publish","type":"post","link":"https:\/\/progettotouring.it\/radiotouring104\/2024\/12\/19\/palazzo-san-giorgio-premiati-i-giovani-atleti-di-karate-tiro-a-segno-e-pallavolo\/","title":{"rendered":"Palazzo San Giorgio: premiati i giovani atleti di karate, tiro a segno e pallavolo"},"content":{"rendered":"<p class=\"xmprfx_MsoNormal\" style=\"text-align: justify\">Nella serata di ieri il Salone dei Lampadari di Palazzo San Giorgio \u00e8 diventato scena di un significativo riconoscimento per lo sport cittadino: due societ\u00e0 di pallavolo e tre giovani reggini sono stati insigniti di un \u201cattestato di merito\u201d da parte dell\u2019Amministrazione Comunale nelle persone del primo cittadino Giuseppe Falcomat\u00e0 e del consigliere comunale delegato allo sport Giovanni Latella.<\/p>\n<p class=\"xmprfx_MsoNormal\" style=\"text-align: justify\">Prima della premiazione hanno preso la parola i referenti delle societ\u00e0 e delle federazioni sportive di tiro a segno, karate e pallavolo; rispettivamente ed in particolare: Paolo Basile -presidente dell\u2019Associazione di tiro a segno nazionale di Reggio Calabria fondata nel 1862; Giuseppe La Fauci -presidente della societ\u00e0 sportiva \u201cASD Karate Catona\u201d nonch\u00e9 maestro di uno dei premiati; Domenico Panuccio nella duplice veste di Presidente della Luck Volley e di\u00a0\u00a0presidente territoriale della FIPAV ( Federazione Italiana Pallavolo); Francesco Pavone -allenatore della Luck Volley-\u00a0\u00a0ed infine Gigi Cilea- allenatore storico e figura di assoluto rilievo della pallavolo calabrese nonch\u00e9 presidente della Virtus 1962.<\/p>\n<p class=\"xmprfx_MsoNormal\" style=\"text-align: justify\">Il consigliere delegato allo sport -Giovanni Latella- ha espresso soddisfazione per questo momento alto dello sport reggino dichiarando l\u2019impegno amministrativo ad occuparsi delle strutture che ospitano queste preziose attivit\u00e0 al fine di renderle sempre pi\u00f9 accoglienti, sicure e consone alle esigenze rappresentate dai soggetti che le utilizzano; \u00e8 stato reso noto, a tal proposito, l\u2019impegno di risorse per circa 3 mln di euro proprio per palestre utilizzate per la pallavolo ed anche per strutture per attivit\u00e0 calcistiche.<\/p>\n<p class=\"xmprfx_MsoNormal\" style=\"text-align: justify\">Il Sindaco Falcomat\u00e0 ha sottolineato che questi non sono solo premi per alcune delle eccellenze della nostra citt\u00e0 e per i traguardi sportivi raggiunti dai nostri atleti ma sono attestazioni di un messaggio di vicinanza e sostegno da parte delle istituzioni oltre che segno della sinergia, della presenza, del dialogo e della collaborazione &#8211; da parte dell&#8217;amministrazione comunale- con le societ\u00e0 e le federazioni in questione volta a consentir loro di fare sport in strutture che gli permettano fattivamente di coltivare sogni ambiziosi.<\/p>\n<p class=\"xmprfx_MsoNormal\" style=\"text-align: justify\">Attestazioni per un supporto, d\u2019altronde, allo sport quale veicolo di promozione di valori sociali e culturali oltre che di benessere della persona.<\/p>\n<p class=\"xmprfx_MsoNormal\" style=\"text-align: justify\">Ricordando la mostra \u201cIl calcio \u00e8 Arte\u201d, alla Pinacoteca Comunale, Falcomat\u00e0 ha evidenziato \u2013nel chiudere il suo intervento- quanto questa mostra di valore internazionale ci ricordi, attraverso i suoi prestigiosi cimeli, di quanti ragazzi partendo dal nulla siano riusciti ad arrivare ai livelli massimi dello sport e questo vale e deve valere in qualsiasi parte del mondo; quindi anche nella nostra citt\u00e0.<\/p>\n<p class=\"xmprfx_MsoNormal\" style=\"text-align: justify\">Il sogno di diventare atleta ed avere delle attivit\u00e0 sportive in citt\u00e0 \u00e8 un diritto di cittadinanza al pari di tutti gli altri.<\/p>\n<p class=\"xmprfx_MsoNormal\" style=\"text-align: justify\">Gli attestati di merito sono andati al giovane karateka Giovanni Tramontana: per il suo settimo posto ai Campionati Nazionali di Karate e le sue vittorie regionali.<\/p>\n<p class=\"xmprfx_MsoNormal\" style=\"text-align: justify\">A Marika Tramontana: per la sua riconferma quale campionessa regionale e l\u2019oro ai Campionati Italiani 2023.<\/p>\n<p class=\"xmprfx_MsoNormal\" style=\"text-align: justify\">A Massimo Spinella: per il trionfo nella Coppa del Mondo 2023 al Cairo ed un eccellente sesto posto ai Giochi Olimpici di Parigi 2024.<\/p>\n<p class=\"xmprfx_MsoNormal\" style=\"text-align: justify\">Alla Societ\u00e0 \u201cVirtus 1962\u201d: la pi\u00f9 longeva realt\u00e0 di pallavolo femminile in Calabria ed una delle pi\u00f9 antiche d\u2019Italia; iscritta alla Federazione Attivit\u00e0 Ricreative Italiane nel 1962 e successivamente alla FIPAV. Per aver vinto nel 1994 il titolo europeo Volleymania a Barcellona; per la sua partecipazione alla serie A1 conquistando due coppe Italia, 1 Supercoppa Italiana ed 1 Coppa CEV. Stella d\u2019oro al merito sportivo nel 2012 \u2013il pi\u00f9 alto riconoscimento CONI- ancora unico in Italia.<\/p>\n<p class=\"xmprfx_MsoNormal\" style=\"text-align: justify\">Alla \u201cLuck Volley RC\u201d: per la partecipazione in B1, la medaglia d\u2019argento alle Finali Nazionali Volley S3 di 2\u00b0livello maschile nel giugno 2024 a Caorle (VE) e le qualificazioni alle finali nazionali a Schio nel maggio 2024; un cammino segnato da ben undici finali nazionali conquistate con giovani atleti tra i 13 e i 19 anni. Per i 30 anni di successi, crescita e passione per lo sport. Il riconoscimento \u00e8 andato ai giovanissimi: Vatore Mattia, Cilione Filippo, Monopoli Luca Emanuele, Zerbonia Davide, Leone Giuseppe e Moscato Andrea.<\/p>\n<p class=\"xmprfx_MsoNormal\" style=\"text-align: justify\">La premiazione si \u00e8 conclusa in un clima festoso con le consuete foto di rito e lo scambio degli auguri per le festivit\u00e0 natalizie.<\/p>\n","protected":false},"excerpt":{"rendered":"<p>Nella serata di ieri il Salone dei Lampadari di Palazzo San Giorgio \u00e8 diventato scena di un significativo riconoscimento per lo sport cittadino: due societ\u00e0 di pallavolo e tre giovani&hellip;<\/p>\n","protected":false},"author":12,"featured_media":63785,"comment_status":"closed","ping_status":"open","sticky":false,"template":"","format":"standard","meta":{"_jetpack_memberships_contains_paid_content":false,"footnotes":"","jetpack_publicize_message":"","jetpack_publicize_feature_enabled":true,"jetpack_social_post_already_shared":true,"jetpack_social_options":{"image_generator_settings":{"template":"highway","default_image_id":0,"font":"","enabled":false},"version":2}},"categories":[921,150,196,140],"tags":[8456,659,38840,34273],"class_list":["post-63784","post","type-post","status-publish","format-standard","has-post-thumbnail","hentry","category-home","category-in-primo-piano","category-news","category-reggio-calabria","tag-karate","tag-palazzo-san-giorgio","tag-psllsvolo","tag-tiro-a-segno"],"yoast_head":"<!-- This site is optimized with the Yoast SEO plugin v27.2 - https:\/\/yoast.com\/product\/yoast-seo-wordpress\/ -->\n<title>Palazzo San Giorgio: premiati i giovani atleti di karate, tiro a segno e pallavolo - Radio Touring 104<\/title>\n<meta name=\"description\" content=\"Premiati dal Sindaco e dall&#039;Assessore Latella, a Palazzo San Giorgio, i giovani atleti reggini di 3 discipline\" \/>\n<meta name=\"robots\" content=\"index, follow, max-snippet:-1, max-image-preview:large, max-video-preview:-1\" \/>\n<link rel=\"canonical\" href=\"https:\/\/progettotouring.it\/radiotouring104\/2024\/12\/19\/palazzo-san-giorgio-premiati-i-giovani-atleti-di-karate-tiro-a-segno-e-pallavolo\/\" \/>\n<meta property=\"og:locale\" content=\"it_IT\" \/>\n<meta property=\"og:type\" content=\"article\" \/>\n<meta property=\"og:title\" content=\"Palazzo San Giorgio: premiati i giovani atleti di karate, tiro a segno e pallavolo - Radio Touring 104\" \/>\n<meta property=\"og:description\" content=\"Premiati dal Sindaco e dall&#039;Assessore Latella, a Palazzo San Giorgio, i giovani atleti reggini di 3 discipline\" \/>\n<meta property=\"og:url\" content=\"https:\/\/progettotouring.it\/radiotouring104\/2024\/12\/19\/palazzo-san-giorgio-premiati-i-giovani-atleti-di-karate-tiro-a-segno-e-pallavolo\/\" \/>\n<meta property=\"og:site_name\" content=\"Radio Touring 104\" \/>\n<meta property=\"article:published_time\" content=\"2024-12-19T11:38:25+00:00\" \/>\n<meta property=\"article:modified_time\" content=\"2024-12-19T12:03:08+00:00\" \/>\n<meta property=\"og:image\" content=\"https:\/\/progettotouring.it\/radiotouring104\/wp-content\/uploads\/sites\/6\/2024\/12\/Premi-karate-tiro-a-segno-Palazzo-San-Giorgio.jpeg\" \/>\n\t<meta property=\"og:image:width\" content=\"1600\" \/>\n\t<meta property=\"og:image:height\" content=\"1066\" \/>\n\t<meta property=\"og:image:type\" content=\"image\/jpeg\" \/>\n<meta name=\"author\" content=\"Sebastiano Plutino\" \/>\n<meta name=\"twitter:card\" content=\"summary_large_image\" \/>\n<meta name=\"twitter:label1\" content=\"Scritto da\" \/>\n\t<meta name=\"twitter:data1\" content=\"Sebastiano Plutino\" \/>\n\t<meta name=\"twitter:label2\" content=\"Tempo di lettura stimato\" \/>\n\t<meta name=\"twitter:data2\" content=\"3 minuti\" \/>\n<script type=\"application\/ld+json\" class=\"yoast-schema-graph\">{\"@context\":\"https:\/\/schema.org\",\"@graph\":[{\"@type\":\"Article\",\"@id\":\"https:\/\/progettotouring.it\/radiotouring104\/2024\/12\/19\/palazzo-san-giorgio-premiati-i-giovani-atleti-di-karate-tiro-a-segno-e-pallavolo\/#article\",\"isPartOf\":{\"@id\":\"https:\/\/progettotouring.it\/radiotouring104\/2024\/12\/19\/palazzo-san-giorgio-premiati-i-giovani-atleti-di-karate-tiro-a-segno-e-pallavolo\/\"},\"author\":{\"name\":\"Sebastiano Plutino\",\"@id\":\"https:\/\/progettotouring.it\/radiotouring104\/#\/schema\/person\/78613917f1851f041f7483f5af1d422e\"},\"headline\":\"Palazzo San Giorgio: premiati i giovani atleti di karate, tiro a segno e pallavolo\",\"datePublished\":\"2024-12-19T11:38:25+00:00\",\"dateModified\":\"2024-12-19T12:03:08+00:00\",\"mainEntityOfPage\":{\"@id\":\"https:\/\/progettotouring.it\/radiotouring104\/2024\/12\/19\/palazzo-san-giorgio-premiati-i-giovani-atleti-di-karate-tiro-a-segno-e-pallavolo\/\"},\"wordCount\":681,\"publisher\":{\"@id\":\"https:\/\/progettotouring.it\/radiotouring104\/#organization\"},\"image\":{\"@id\":\"https:\/\/progettotouring.it\/radiotouring104\/2024\/12\/19\/palazzo-san-giorgio-premiati-i-giovani-atleti-di-karate-tiro-a-segno-e-pallavolo\/#primaryimage\"},\"thumbnailUrl\":\"https:\/\/progettotouring.it\/radiotouring104\/wp-content\/uploads\/sites\/6\/2024\/12\/Premi-karate-tiro-a-segno-Palazzo-San-Giorgio.jpeg\",\"keywords\":[\"Karate\",\"palazzo san giorgio\",\"psllsvolo\",\"Tiro a segno\"],\"articleSection\":[\"Home\",\"In primo piano\",\"News\",\"Reggio Calabria\"],\"inLanguage\":\"it-IT\"},{\"@type\":\"WebPage\",\"@id\":\"https:\/\/progettotouring.it\/radiotouring104\/2024\/12\/19\/palazzo-san-giorgio-premiati-i-giovani-atleti-di-karate-tiro-a-segno-e-pallavolo\/\",\"url\":\"https:\/\/progettotouring.it\/radiotouring104\/2024\/12\/19\/palazzo-san-giorgio-premiati-i-giovani-atleti-di-karate-tiro-a-segno-e-pallavolo\/\",\"name\":\"Palazzo San Giorgio: premiati i giovani atleti di karate, tiro a segno e pallavolo - Radio Touring 104\",\"isPartOf\":{\"@id\":\"https:\/\/progettotouring.it\/radiotouring104\/#website\"},\"primaryImageOfPage\":{\"@id\":\"https:\/\/progettotouring.it\/radiotouring104\/2024\/12\/19\/palazzo-san-giorgio-premiati-i-giovani-atleti-di-karate-tiro-a-segno-e-pallavolo\/#primaryimage\"},\"image\":{\"@id\":\"https:\/\/progettotouring.it\/radiotouring104\/2024\/12\/19\/palazzo-san-giorgio-premiati-i-giovani-atleti-di-karate-tiro-a-segno-e-pallavolo\/#primaryimage\"},\"thumbnailUrl\":\"https:\/\/progettotouring.it\/radiotouring104\/wp-content\/uploads\/sites\/6\/2024\/12\/Premi-karate-tiro-a-segno-Palazzo-San-Giorgio.jpeg\",\"datePublished\":\"2024-12-19T11:38:25+00:00\",\"dateModified\":\"2024-12-19T12:03:08+00:00\",\"description\":\"Premiati dal Sindaco e dall'Assessore Latella, a Palazzo San Giorgio, i giovani atleti reggini di 3 discipline\",\"breadcrumb\":{\"@id\":\"https:\/\/progettotouring.it\/radiotouring104\/2024\/12\/19\/palazzo-san-giorgio-premiati-i-giovani-atleti-di-karate-tiro-a-segno-e-pallavolo\/#breadcrumb\"},\"inLanguage\":\"it-IT\",\"potentialAction\":[{\"@type\":\"ReadAction\",\"target\":[\"https:\/\/progettotouring.it\/radiotouring104\/2024\/12\/19\/palazzo-san-giorgio-premiati-i-giovani-atleti-di-karate-tiro-a-segno-e-pallavolo\/\"]}]},{\"@type\":\"ImageObject\",\"inLanguage\":\"it-IT\",\"@id\":\"https:\/\/progettotouring.it\/radiotouring104\/2024\/12\/19\/palazzo-san-giorgio-premiati-i-giovani-atleti-di-karate-tiro-a-segno-e-pallavolo\/#primaryimage\",\"url\":\"https:\/\/progettotouring.it\/radiotouring104\/wp-content\/uploads\/sites\/6\/2024\/12\/Premi-karate-tiro-a-segno-Palazzo-San-Giorgio.jpeg\",\"contentUrl\":\"https:\/\/progettotouring.it\/radiotouring104\/wp-content\/uploads\/sites\/6\/2024\/12\/Premi-karate-tiro-a-segno-Palazzo-San-Giorgio.jpeg\",\"width\":1600,\"height\":1066},{\"@type\":\"BreadcrumbList\",\"@id\":\"https:\/\/progettotouring.it\/radiotouring104\/2024\/12\/19\/palazzo-san-giorgio-premiati-i-giovani-atleti-di-karate-tiro-a-segno-e-pallavolo\/#breadcrumb\",\"itemListElement\":[{\"@type\":\"ListItem\",\"position\":1,\"name\":\"Home\",\"item\":\"https:\/\/progettotouring.it\/radiotouring104\/\"},{\"@type\":\"ListItem\",\"position\":2,\"name\":\"Palazzo San Giorgio: premiati i giovani atleti di karate, tiro a segno e pallavolo\"}]},{\"@type\":\"WebSite\",\"@id\":\"https:\/\/progettotouring.it\/radiotouring104\/#website\",\"url\":\"https:\/\/progettotouring.it\/radiotouring104\/\",\"name\":\"Radio Touring 104\",\"description\":\"La prima radio Reggina\",\"publisher\":{\"@id\":\"https:\/\/progettotouring.it\/radiotouring104\/#organization\"},\"potentialAction\":[{\"@type\":\"SearchAction\",\"target\":{\"@type\":\"EntryPoint\",\"urlTemplate\":\"https:\/\/progettotouring.it\/radiotouring104\/?s={search_term_string}\"},\"query-input\":{\"@type\":\"PropertyValueSpecification\",\"valueRequired\":true,\"valueName\":\"search_term_string\"}}],\"inLanguage\":\"it-IT\"},{\"@type\":\"Organization\",\"@id\":\"https:\/\/progettotouring.it\/radiotouring104\/#organization\",\"name\":\"Radio Touring 104\",\"url\":\"https:\/\/progettotouring.it\/radiotouring104\/\",\"logo\":{\"@type\":\"ImageObject\",\"inLanguage\":\"it-IT\",\"@id\":\"https:\/\/progettotouring.it\/radiotouring104\/#\/schema\/logo\/image\/\",\"url\":\"https:\/\/progettotouring.it\/radiotouring104\/wp-content\/uploads\/sites\/6\/2022\/02\/cropped-logo-radio-touring-104.png\",\"contentUrl\":\"https:\/\/progettotouring.it\/radiotouring104\/wp-content\/uploads\/sites\/6\/2022\/02\/cropped-logo-radio-touring-104.png\",\"width\":377,\"height\":182,\"caption\":\"Radio Touring 104\"},\"image\":{\"@id\":\"https:\/\/progettotouring.it\/radiotouring104\/#\/schema\/logo\/image\/\"}},{\"@type\":\"Person\",\"@id\":\"https:\/\/progettotouring.it\/radiotouring104\/#\/schema\/person\/78613917f1851f041f7483f5af1d422e\",\"name\":\"Sebastiano Plutino\",\"image\":{\"@type\":\"ImageObject\",\"inLanguage\":\"it-IT\",\"@id\":\"https:\/\/secure.gravatar.com\/avatar\/0546ffaa9b79224faf9f2a156b67a529ae861d3287c66c1d8ccfdf909bcba78d?s=96&d=mm&r=g\",\"url\":\"https:\/\/secure.gravatar.com\/avatar\/0546ffaa9b79224faf9f2a156b67a529ae861d3287c66c1d8ccfdf909bcba78d?s=96&d=mm&r=g\",\"contentUrl\":\"https:\/\/secure.gravatar.com\/avatar\/0546ffaa9b79224faf9f2a156b67a529ae861d3287c66c1d8ccfdf909bcba78d?s=96&d=mm&r=g\",\"caption\":\"Sebastiano Plutino\"},\"url\":\"https:\/\/progettotouring.it\/radiotouring104\/author\/sebastiano\/\"}]}<\/script>\n<!-- \/ Yoast SEO plugin. -->","yoast_head_json":{"title":"Palazzo San Giorgio: premiati i giovani atleti di karate, tiro a segno e pallavolo - Radio Touring 104","description":"Premiati dal Sindaco e dall'Assessore Latella, a Palazzo San Giorgio, i giovani atleti reggini di 3 discipline","robots":{"index":"index","follow":"follow","max-snippet":"max-snippet:-1","max-image-preview":"max-image-preview:large","max-video-preview":"max-video-preview:-1"},"canonical":"https:\/\/progettotouring.it\/radiotouring104\/2024\/12\/19\/palazzo-san-giorgio-premiati-i-giovani-atleti-di-karate-tiro-a-segno-e-pallavolo\/","og_locale":"it_IT","og_type":"article","og_title":"Palazzo San Giorgio: premiati i giovani atleti di karate, tiro a segno e pallavolo - Radio Touring 104","og_description":"Premiati dal Sindaco e dall'Assessore Latella, a Palazzo San Giorgio, i giovani atleti reggini di 3 discipline","og_url":"https:\/\/progettotouring.it\/radiotouring104\/2024\/12\/19\/palazzo-san-giorgio-premiati-i-giovani-atleti-di-karate-tiro-a-segno-e-pallavolo\/","og_site_name":"Radio Touring 104","article_published_time":"2024-12-19T11:38:25+00:00","article_modified_time":"2024-12-19T12:03:08+00:00","og_image":[{"width":1600,"height":1066,"url":"https:\/\/progettotouring.it\/radiotouring104\/wp-content\/uploads\/sites\/6\/2024\/12\/Premi-karate-tiro-a-segno-Palazzo-San-Giorgio.jpeg","type":"image\/jpeg"}],"author":"Sebastiano Plutino","twitter_card":"summary_large_image","twitter_misc":{"Scritto da":"Sebastiano Plutino","Tempo di lettura stimato":"3 minuti"},"schema":{"@context":"https:\/\/schema.org","@graph":[{"@type":"Article","@id":"https:\/\/progettotouring.it\/radiotouring104\/2024\/12\/19\/palazzo-san-giorgio-premiati-i-giovani-atleti-di-karate-tiro-a-segno-e-pallavolo\/#article","isPartOf":{"@id":"https:\/\/progettotouring.it\/radiotouring104\/2024\/12\/19\/palazzo-san-giorgio-premiati-i-giovani-atleti-di-karate-tiro-a-segno-e-pallavolo\/"},"author":{"name":"Sebastiano Plutino","@id":"https:\/\/progettotouring.it\/radiotouring104\/#\/schema\/person\/78613917f1851f041f7483f5af1d422e"},"headline":"Palazzo San Giorgio: premiati i giovani atleti di karate, tiro a segno e pallavolo","datePublished":"2024-12-19T11:38:25+00:00","dateModified":"2024-12-19T12:03:08+00:00","mainEntityOfPage":{"@id":"https:\/\/progettotouring.it\/radiotouring104\/2024\/12\/19\/palazzo-san-giorgio-premiati-i-giovani-atleti-di-karate-tiro-a-segno-e-pallavolo\/"},"wordCount":681,"publisher":{"@id":"https:\/\/progettotouring.it\/radiotouring104\/#organization"},"image":{"@id":"https:\/\/progettotouring.it\/radiotouring104\/2024\/12\/19\/palazzo-san-giorgio-premiati-i-giovani-atleti-di-karate-tiro-a-segno-e-pallavolo\/#primaryimage"},"thumbnailUrl":"https:\/\/progettotouring.it\/radiotouring104\/wp-content\/uploads\/sites\/6\/2024\/12\/Premi-karate-tiro-a-segno-Palazzo-San-Giorgio.jpeg","keywords":["Karate","palazzo san giorgio","psllsvolo","Tiro a segno"],"articleSection":["Home","In primo piano","News","Reggio Calabria"],"inLanguage":"it-IT"},{"@type":"WebPage","@id":"https:\/\/progettotouring.it\/radiotouring104\/2024\/12\/19\/palazzo-san-giorgio-premiati-i-giovani-atleti-di-karate-tiro-a-segno-e-pallavolo\/","url":"https:\/\/progettotouring.it\/radiotouring104\/2024\/12\/19\/palazzo-san-giorgio-premiati-i-giovani-atleti-di-karate-tiro-a-segno-e-pallavolo\/","name":"Palazzo San Giorgio: premiati i giovani atleti di karate, tiro a segno e pallavolo - Radio Touring 104","isPartOf":{"@id":"https:\/\/progettotouring.it\/radiotouring104\/#website"},"primaryImageOfPage":{"@id":"https:\/\/progettotouring.it\/radiotouring104\/2024\/12\/19\/palazzo-san-giorgio-premiati-i-giovani-atleti-di-karate-tiro-a-segno-e-pallavolo\/#primaryimage"},"image":{"@id":"https:\/\/progettotouring.it\/radiotouring104\/2024\/12\/19\/palazzo-san-giorgio-premiati-i-giovani-atleti-di-karate-tiro-a-segno-e-pallavolo\/#primaryimage"},"thumbnailUrl":"https:\/\/progettotouring.it\/radiotouring104\/wp-content\/uploads\/sites\/6\/2024\/12\/Premi-karate-tiro-a-segno-Palazzo-San-Giorgio.jpeg","datePublished":"2024-12-19T11:38:25+00:00","dateModified":"2024-12-19T12:03:08+00:00","description":"Premiati dal Sindaco e dall'Assessore Latella, a Palazzo San Giorgio, i giovani atleti reggini di 3 discipline","breadcrumb":{"@id":"https:\/\/progettotouring.it\/radiotouring104\/2024\/12\/19\/palazzo-san-giorgio-premiati-i-giovani-atleti-di-karate-tiro-a-segno-e-pallavolo\/#breadcrumb"},"inLanguage":"it-IT","potentialAction":[{"@type":"ReadAction","target":["https:\/\/progettotouring.it\/radiotouring104\/2024\/12\/19\/palazzo-san-giorgio-premiati-i-giovani-atleti-di-karate-tiro-a-segno-e-pallavolo\/"]}]},{"@type":"ImageObject","inLanguage":"it-IT","@id":"https:\/\/progettotouring.it\/radiotouring104\/2024\/12\/19\/palazzo-san-giorgio-premiati-i-giovani-atleti-di-karate-tiro-a-segno-e-pallavolo\/#primaryimage","url":"https:\/\/progettotouring.it\/radiotouring104\/wp-content\/uploads\/sites\/6\/2024\/12\/Premi-karate-tiro-a-segno-Palazzo-San-Giorgio.jpeg","contentUrl":"https:\/\/progettotouring.it\/radiotouring104\/wp-content\/uploads\/sites\/6\/2024\/12\/Premi-karate-tiro-a-segno-Palazzo-San-Giorgio.jpeg","width":1600,"height":1066},{"@type":"BreadcrumbList","@id":"https:\/\/progettotouring.it\/radiotouring104\/2024\/12\/19\/palazzo-san-giorgio-premiati-i-giovani-atleti-di-karate-tiro-a-segno-e-pallavolo\/#breadcrumb","itemListElement":[{"@type":"ListItem","position":1,"name":"Home","item":"https:\/\/progettotouring.it\/radiotouring104\/"},{"@type":"ListItem","position":2,"name":"Palazzo San Giorgio: premiati i giovani atleti di karate, tiro a segno e pallavolo"}]},{"@type":"WebSite","@id":"https:\/\/progettotouring.it\/radiotouring104\/#website","url":"https:\/\/progettotouring.it\/radiotouring104\/","name":"Radio Touring 104","description":"La prima radio Reggina","publisher":{"@id":"https:\/\/progettotouring.it\/radiotouring104\/#organization"},"potentialAction":[{"@type":"SearchAction","target":{"@type":"EntryPoint","urlTemplate":"https:\/\/progettotouring.it\/radiotouring104\/?s={search_term_string}"},"query-input":{"@type":"PropertyValueSpecification","valueRequired":true,"valueName":"search_term_string"}}],"inLanguage":"it-IT"},{"@type":"Organization","@id":"https:\/\/progettotouring.it\/radiotouring104\/#organization","name":"Radio Touring 104","url":"https:\/\/progettotouring.it\/radiotouring104\/","logo":{"@type":"ImageObject","inLanguage":"it-IT","@id":"https:\/\/progettotouring.it\/radiotouring104\/#\/schema\/logo\/image\/","url":"https:\/\/progettotouring.it\/radiotouring104\/wp-content\/uploads\/sites\/6\/2022\/02\/cropped-logo-radio-touring-104.png","contentUrl":"https:\/\/progettotouring.it\/radiotouring104\/wp-content\/uploads\/sites\/6\/2022\/02\/cropped-logo-radio-touring-104.png","width":377,"height":182,"caption":"Radio Touring 104"},"image":{"@id":"https:\/\/progettotouring.it\/radiotouring104\/#\/schema\/logo\/image\/"}},{"@type":"Person","@id":"https:\/\/progettotouring.it\/radiotouring104\/#\/schema\/person\/78613917f1851f041f7483f5af1d422e","name":"Sebastiano Plutino","image":{"@type":"ImageObject","inLanguage":"it-IT","@id":"https:\/\/secure.gravatar.com\/avatar\/0546ffaa9b79224faf9f2a156b67a529ae861d3287c66c1d8ccfdf909bcba78d?s=96&d=mm&r=g","url":"https:\/\/secure.gravatar.com\/avatar\/0546ffaa9b79224faf9f2a156b67a529ae861d3287c66c1d8ccfdf909bcba78d?s=96&d=mm&r=g","contentUrl":"https:\/\/secure.gravatar.com\/avatar\/0546ffaa9b79224faf9f2a156b67a529ae861d3287c66c1d8ccfdf909bcba78d?s=96&d=mm&r=g","caption":"Sebastiano Plutino"},"url":"https:\/\/progettotouring.it\/radiotouring104\/author\/sebastiano\/"}]}},"jetpack_publicize_connections":[],"jetpack_featured_media_url":"https:\/\/progettotouring.it\/radiotouring104\/wp-content\/uploads\/sites\/6\/2024\/12\/Premi-karate-tiro-a-segno-Palazzo-San-Giorgio.jpeg","jetpack_sharing_enabled":true,"_links":{"self":[{"href":"https:\/\/progettotouring.it\/radiotouring104\/wp-json\/wp\/v2\/posts\/63784","targetHints":{"allow":["GET"]}}],"collection":[{"href":"https:\/\/progettotouring.it\/radiotouring104\/wp-json\/wp\/v2\/posts"}],"about":[{"href":"https:\/\/progettotouring.it\/radiotouring104\/wp-json\/wp\/v2\/types\/post"}],"author":[{"embeddable":true,"href":"https:\/\/progettotouring.it\/radiotouring104\/wp-json\/wp\/v2\/users\/12"}],"replies":[{"embeddable":true,"href":"https:\/\/progettotouring.it\/radiotouring104\/wp-json\/wp\/v2\/comments?post=63784"}],"version-history":[{"count":1,"href":"https:\/\/progettotouring.it\/radiotouring104\/wp-json\/wp\/v2\/posts\/63784\/revisions"}],"predecessor-version":[{"id":63786,"href":"https:\/\/progettotouring.it\/radiotouring104\/wp-json\/wp\/v2\/posts\/63784\/revisions\/63786"}],"wp:featuredmedia":[{"embeddable":true,"href":"https:\/\/progettotouring.it\/radiotouring104\/wp-json\/wp\/v2\/media\/63785"}],"wp:attachment":[{"href":"https:\/\/progettotouring.it\/radiotouring104\/wp-json\/wp\/v2\/media?parent=63784"}],"wp:term":[{"taxonomy":"category","embeddable":true,"href":"https:\/\/progettotouring.it\/radiotouring104\/wp-json\/wp\/v2\/categories?post=63784"},{"taxonomy":"post_tag","embeddable":true,"href":"https:\/\/progettotouring.it\/radiotouring104\/wp-json\/wp\/v2\/tags?post=63784"}],"curies":[{"name":"wp","href":"https:\/\/api.w.org\/{rel}","templated":true}]}}