{"id":63791,"date":"2024-12-19T12:53:55","date_gmt":"2024-12-19T11:53:55","guid":{"rendered":"https:\/\/progettotouring.it\/radiotouring104\/?p=63791"},"modified":"2024-12-19T12:53:55","modified_gmt":"2024-12-19T11:53:55","slug":"reggio-tutto-pronto-per-il-droneshow","status":"publish","type":"post","link":"https:\/\/progettotouring.it\/radiotouring104\/2024\/12\/19\/reggio-tutto-pronto-per-il-droneshow\/","title":{"rendered":"Reggio: tutto pronto per il DroneShow"},"content":{"rendered":"<p style=\"text-align: justify\"><strong>La Citt\u00e0 di Reggio<\/strong> Calabria <strong>si appresta a vivere uno degli spettacoli natalizi pi\u00f9 affascinanti<\/strong> di sempre<strong>. Sabato 21 dicembre e luned\u00ec 23 dicembre,<\/strong> con un doppio appuntamento <strong>alle ore 18.00 e alle ore 22.00,<\/strong> le acque dello Stretto di fronte al <strong>Lungomare Italo Falcomat\u00e0 saranno lo scenario per l&#8217;incantevole Drone Show r<\/strong>ealizzato dall&#8217;Amministrazione comunale di Reggio Calabria, guidata dal sindaco Giuseppe Falcomat\u00e0, nell&#8217;ambito del programma Reggio Citt\u00e0 Natale.<\/p>\n<p>L&#8217;evento, finanziato grazie alla programmazione del Pn Metro Plus in collaborazione con l&#8217;Agenzia Coesione Italia, Presidenza del Consiglio dei Ministri, sar\u00e0 un inedito per Reggio Calabria, tra i pochissimi casi in Italia ed in Europa di spettacoli luminosi a tema natalizio.<\/p>\n<p><em>&#8220;Un regalo per la citt\u00e0 &#8211;<\/em> <strong>ha affermato il sindaco Falcomat\u00e0<\/strong> &#8211;<em> un&#8217;occasione per rendere magico il Natale di Reggio Calabria, gi\u00e0 ricchissimo di iniziative e di eventi, al centro ed in periferia, attorno all&#8217;albero di piazza Duomo e nei villaggi allestiti a piazza Italia ed alla Villa Comunale, oltre che nella miriade di eventi che si stanno gi\u00e0 svolgendo in questi giorni in tutti i quartieri della citt\u00e0. Sar\u00e0 la ciliegina sulla torta, uno spettacolo di altissimo spessore artistico e tecnologico, che render\u00e0 davvero incantevole il nostro Natale, che attirer\u00e0 spettatori estasiati e le cui immagini faranno il giro del mondo, esattamente come avvenuto per spettacoli simili nelle principali capitali del pianeta&#8221;.<\/em><\/p>\n<p><em>&#8220;Siamo felici di poter annunciare questa ennesima perla dello scrigno di ricchezze che abbiamo predisposto per questo Natale &#8211; <\/em><strong>ha affermato l&#8217;assessore con delega alla programmazione Carmelo Romeo <\/strong><em>&#8211; quasi un mese fa avevamo annunciato che non sarebbero mancate le sorprese. E cos\u00ec dopo la bella mostra sui cimeli storici del calcio, che ha aperto le sue porte alla Pinacoteca civica e che durer\u00e0 per i prossimi tre mesi, adesso siamo lieti di poter regalare questo spettacolo ai nostri concittadini e ai tanti turisti che in queste settimane d&#8217;inverno stanno affollando le strade e le piazze della nostra citt\u00e0. Sar\u00e0 davvero un unicum nella storia reggina, e speriamo sia un bellissimo biglietto da visita per i tanti che, in tutto il mondo, vedranno le immagini del nostro Natale e magari decideranno di trascorrere le loro vacanze nella nostra citt\u00e0&#8221;.<\/em><\/p>\n<p>Lo spettacolo luminoso dei droni sullo Stretto sar\u00e0 realizzato dalla Societ\u00e0 Artech, azienda che dal 2015 offre effetti speciali e soluzioni spettacolari per l&#8217;industria dell&#8217;intrattenimento in pi\u00f9 di 39 paesi. Dal 2021, rappresenta in Italia Dronisos, leader mondiale nella tecnologia dei droni automatici per spettacoli, rafforzando un\u2019alleanza che ha gi\u00e0 rivoluzionato il settore. Grazie alla sinergia tra coreografi, ingegneri e specialisti di sicurezza, Artech e Dronisos collaborano su scala internazionale per creare spettacoli unici, capaci di coinvolgere da pochi a migliaia di droni in coreografie mozzafiato, gestite interamente da sistemi automatici e garantite da tecnologie all\u2019avanguardia. Dronisos, fondata nel 2016, combina la tecnologia ingegnerizzata nel suo headquarter di Bordeaux con il know-how di Parrot, partner esclusivo e leader europeo nella produzione di droni. Con oltre 40.000 spettacoli realizzati in pi\u00f9 di 22 paesi, i suoi show sono protagonisti nei pi\u00f9 grandi eventi internazionali e parchi tematici del mondo. Questi spettacoli, che fondono la precisione della macchina con la creativit\u00e0 dell\u2019uomo, offrono un\u2019esperienza emozionale unica, aprendo nuovi orizzonti per lo storytelling e ridefinendo i confini del drone-entertainment a livello globale.<\/p>\n<p><em>\u201cPer la prima volta realizziamo uno spettacolo di Natale per un Comune italiano, e lavorare con il team di Reggio Calabria \u00e8 stato entusiasmante. Speriamo che il pubblico resti emozionato quanto noi nel creare questa magia<\/em>\u201d <strong>ha dichiarato Luca Toscano, Founder &amp; Ceo di Artech.<\/strong><\/p>\n<p>Un imponente gruppo di droni, grazie al lavoro di un team di dodici professionisti italiani e francesi, sorvoler\u00e0 il tratto di mare di fronte l\u2019Arena dello Stretto, trasformando il cielo in uno spettacolo unico che fonde storia, valori, tecnologia e creativit\u00e0. I 500 droni voleranno ad un altezza di circa 120 metri dal livello del mare e realizzeranno figure tridimensionali larghe pi\u00f9 di 100 metri. Lo spettacolo sar\u00e0 meglio visibile dalla passeggiata del Lungomare Falcomat\u00e0, nell&#8217;area adiacente all&#8217;Arena dello Stretto.<\/p>\n<p><b>Lo spettacolo &#8211;\u00a0<\/b><b>&#8220;Il Piccolo Abete e il Magico Natale&#8221;<br \/>\n<\/b><br \/>\nUn racconto magico che parte dalle vette innevate e arriva fino al cuore di Reggio Calabria, dove i due mari si incontrano e il cielo si riflette sulle acque brillanti dello Stretto. \u00c8 qui, proprio al cospetto della Dea Athena, nell&#8217;incantevole scenario dell&#8217;Arena dello Stretto, uno dei luoghi del cuore di Reggio Calabria, che prende vita il Drone Show: un\u2019esperienza di luci, colori e narrazione che trasforma il cielo in una tela scintillante.<\/p>\n<p>La storia segue un piccolo abete, cresciuto in una foresta incantata che abbraccia due mari, e Tot\u00f2, un pupazzo di neve dal cuore caldo. Uniti da un legame speciale, i due amici affrontano un viaggio straordinario verso il Polo Nord, seguendo la guida della Stella Polare che li conduce attraverso paesaggi mozzafiato, fino al punto in cui cielo, terra e mare si fondono. \u00c8 la magia dello Stretto, che riflette non solo la luce delle stelle, ma anche quella dei sogni di ogni bambino.<\/p>\n<p>Mentre il piccolo abete desidera diventare grande e trovare la sua famiglia, scoprir\u00e0 che il vero calore non si misura in altezza, ma nell\u2019amicizia e nell\u2019amore. Con il supporto di Babbo Natale, il piccolo abete briller\u00e0 come non aveva mai immaginato, illuminando il Natale di tutti coloro che lo incontrano.<\/p>\n<p>E proprio sulle acque scintillanti di Reggio Calabria, questa storia senza tempo trover\u00e0 il suo culmine, regalando a grandi e piccini un Natale incantevole di emozioni e meraviglia.<\/p>\n","protected":false},"excerpt":{"rendered":"<p>La Citt\u00e0 di Reggio Calabria si appresta a vivere uno degli spettacoli natalizi pi\u00f9 affascinanti di sempre. Sabato 21 dicembre e luned\u00ec 23 dicembre, con un doppio appuntamento alle ore&hellip;<\/p>\n","protected":false},"author":12,"featured_media":63792,"comment_status":"closed","ping_status":"open","sticky":false,"template":"","format":"standard","meta":{"_jetpack_memberships_contains_paid_content":false,"footnotes":"","jetpack_publicize_message":"","jetpack_publicize_feature_enabled":true,"jetpack_social_post_already_shared":true,"jetpack_social_options":{"image_generator_settings":{"template":"highway","default_image_id":0,"font":"","enabled":false},"version":2}},"categories":[921,196,140],"tags":[38212,38843,38842,38782,304],"class_list":["post-63791","post","type-post","status-publish","format-standard","has-post-thumbnail","hentry","category-home","category-news","category-reggio-calabria","tag-reggio-citta-natale","tag-500-droni-luminosi","tag-droneshow","tag-luca-toscano","tag-lungomare-falcomata"],"yoast_head":"<!-- This site is optimized with the Yoast SEO plugin v27.2 - https:\/\/yoast.com\/product\/yoast-seo-wordpress\/ -->\n<title>Reggio: tutto pronto per il DroneShow - Radio Touring 104<\/title>\n<meta name=\"description\" content=\"Reggio fa decollare la magia del Natale. Lo spettacolo di sabato e luned\u00ec, visibile dall&#039;Arena, vedr\u00e0 il volo di 500 droni luminosi\" \/>\n<meta name=\"robots\" content=\"index, follow, max-snippet:-1, max-image-preview:large, max-video-preview:-1\" \/>\n<link rel=\"canonical\" href=\"https:\/\/progettotouring.it\/radiotouring104\/2024\/12\/19\/reggio-tutto-pronto-per-il-droneshow\/\" \/>\n<meta property=\"og:locale\" content=\"it_IT\" \/>\n<meta property=\"og:type\" content=\"article\" \/>\n<meta property=\"og:title\" content=\"Reggio: tutto pronto per il DroneShow - Radio Touring 104\" \/>\n<meta property=\"og:description\" content=\"Reggio fa decollare la magia del Natale. Lo spettacolo di sabato e luned\u00ec, visibile dall&#039;Arena, vedr\u00e0 il volo di 500 droni luminosi\" \/>\n<meta property=\"og:url\" content=\"https:\/\/progettotouring.it\/radiotouring104\/2024\/12\/19\/reggio-tutto-pronto-per-il-droneshow\/\" \/>\n<meta property=\"og:site_name\" content=\"Radio Touring 104\" \/>\n<meta property=\"article:published_time\" content=\"2024-12-19T11:53:55+00:00\" \/>\n<meta property=\"og:image\" content=\"https:\/\/progettotouring.it\/radiotouring104\/wp-content\/uploads\/sites\/6\/2024\/12\/droni-babbo-natale.jpg\" \/>\n\t<meta property=\"og:image:width\" content=\"949\" \/>\n\t<meta property=\"og:image:height\" content=\"737\" \/>\n\t<meta property=\"og:image:type\" content=\"image\/jpeg\" \/>\n<meta name=\"author\" content=\"Sebastiano Plutino\" \/>\n<meta name=\"twitter:card\" content=\"summary_large_image\" \/>\n<meta name=\"twitter:label1\" content=\"Scritto da\" \/>\n\t<meta name=\"twitter:data1\" content=\"Sebastiano Plutino\" \/>\n\t<meta name=\"twitter:label2\" content=\"Tempo di lettura stimato\" \/>\n\t<meta name=\"twitter:data2\" content=\"5 minuti\" \/>\n<script type=\"application\/ld+json\" class=\"yoast-schema-graph\">{\"@context\":\"https:\/\/schema.org\",\"@graph\":[{\"@type\":\"Article\",\"@id\":\"https:\/\/progettotouring.it\/radiotouring104\/2024\/12\/19\/reggio-tutto-pronto-per-il-droneshow\/#article\",\"isPartOf\":{\"@id\":\"https:\/\/progettotouring.it\/radiotouring104\/2024\/12\/19\/reggio-tutto-pronto-per-il-droneshow\/\"},\"author\":{\"name\":\"Sebastiano Plutino\",\"@id\":\"https:\/\/progettotouring.it\/radiotouring104\/#\/schema\/person\/78613917f1851f041f7483f5af1d422e\"},\"headline\":\"Reggio: tutto pronto per il DroneShow\",\"datePublished\":\"2024-12-19T11:53:55+00:00\",\"mainEntityOfPage\":{\"@id\":\"https:\/\/progettotouring.it\/radiotouring104\/2024\/12\/19\/reggio-tutto-pronto-per-il-droneshow\/\"},\"wordCount\":909,\"publisher\":{\"@id\":\"https:\/\/progettotouring.it\/radiotouring104\/#organization\"},\"image\":{\"@id\":\"https:\/\/progettotouring.it\/radiotouring104\/2024\/12\/19\/reggio-tutto-pronto-per-il-droneshow\/#primaryimage\"},\"thumbnailUrl\":\"https:\/\/progettotouring.it\/radiotouring104\/wp-content\/uploads\/sites\/6\/2024\/12\/droni-babbo-natale.jpg\",\"keywords\":[\"\u201cReggio Citt\u00e0 Natale\u201d\",\"500 droni luminosi\",\"DroneShow\",\"Luca Toscano\",\"lungomare falcomat\u00e0\"],\"articleSection\":[\"Home\",\"News\",\"Reggio Calabria\"],\"inLanguage\":\"it-IT\"},{\"@type\":\"WebPage\",\"@id\":\"https:\/\/progettotouring.it\/radiotouring104\/2024\/12\/19\/reggio-tutto-pronto-per-il-droneshow\/\",\"url\":\"https:\/\/progettotouring.it\/radiotouring104\/2024\/12\/19\/reggio-tutto-pronto-per-il-droneshow\/\",\"name\":\"Reggio: tutto pronto per il DroneShow - Radio Touring 104\",\"isPartOf\":{\"@id\":\"https:\/\/progettotouring.it\/radiotouring104\/#website\"},\"primaryImageOfPage\":{\"@id\":\"https:\/\/progettotouring.it\/radiotouring104\/2024\/12\/19\/reggio-tutto-pronto-per-il-droneshow\/#primaryimage\"},\"image\":{\"@id\":\"https:\/\/progettotouring.it\/radiotouring104\/2024\/12\/19\/reggio-tutto-pronto-per-il-droneshow\/#primaryimage\"},\"thumbnailUrl\":\"https:\/\/progettotouring.it\/radiotouring104\/wp-content\/uploads\/sites\/6\/2024\/12\/droni-babbo-natale.jpg\",\"datePublished\":\"2024-12-19T11:53:55+00:00\",\"description\":\"Reggio fa decollare la magia del Natale. Lo spettacolo di sabato e luned\u00ec, visibile dall'Arena, vedr\u00e0 il volo di 500 droni luminosi\",\"breadcrumb\":{\"@id\":\"https:\/\/progettotouring.it\/radiotouring104\/2024\/12\/19\/reggio-tutto-pronto-per-il-droneshow\/#breadcrumb\"},\"inLanguage\":\"it-IT\",\"potentialAction\":[{\"@type\":\"ReadAction\",\"target\":[\"https:\/\/progettotouring.it\/radiotouring104\/2024\/12\/19\/reggio-tutto-pronto-per-il-droneshow\/\"]}]},{\"@type\":\"ImageObject\",\"inLanguage\":\"it-IT\",\"@id\":\"https:\/\/progettotouring.it\/radiotouring104\/2024\/12\/19\/reggio-tutto-pronto-per-il-droneshow\/#primaryimage\",\"url\":\"https:\/\/progettotouring.it\/radiotouring104\/wp-content\/uploads\/sites\/6\/2024\/12\/droni-babbo-natale.jpg\",\"contentUrl\":\"https:\/\/progettotouring.it\/radiotouring104\/wp-content\/uploads\/sites\/6\/2024\/12\/droni-babbo-natale.jpg\",\"width\":949,\"height\":737},{\"@type\":\"BreadcrumbList\",\"@id\":\"https:\/\/progettotouring.it\/radiotouring104\/2024\/12\/19\/reggio-tutto-pronto-per-il-droneshow\/#breadcrumb\",\"itemListElement\":[{\"@type\":\"ListItem\",\"position\":1,\"name\":\"Home\",\"item\":\"https:\/\/progettotouring.it\/radiotouring104\/\"},{\"@type\":\"ListItem\",\"position\":2,\"name\":\"Reggio: tutto pronto per il DroneShow\"}]},{\"@type\":\"WebSite\",\"@id\":\"https:\/\/progettotouring.it\/radiotouring104\/#website\",\"url\":\"https:\/\/progettotouring.it\/radiotouring104\/\",\"name\":\"Radio Touring 104\",\"description\":\"La prima radio Reggina\",\"publisher\":{\"@id\":\"https:\/\/progettotouring.it\/radiotouring104\/#organization\"},\"potentialAction\":[{\"@type\":\"SearchAction\",\"target\":{\"@type\":\"EntryPoint\",\"urlTemplate\":\"https:\/\/progettotouring.it\/radiotouring104\/?s={search_term_string}\"},\"query-input\":{\"@type\":\"PropertyValueSpecification\",\"valueRequired\":true,\"valueName\":\"search_term_string\"}}],\"inLanguage\":\"it-IT\"},{\"@type\":\"Organization\",\"@id\":\"https:\/\/progettotouring.it\/radiotouring104\/#organization\",\"name\":\"Radio Touring 104\",\"url\":\"https:\/\/progettotouring.it\/radiotouring104\/\",\"logo\":{\"@type\":\"ImageObject\",\"inLanguage\":\"it-IT\",\"@id\":\"https:\/\/progettotouring.it\/radiotouring104\/#\/schema\/logo\/image\/\",\"url\":\"https:\/\/progettotouring.it\/radiotouring104\/wp-content\/uploads\/sites\/6\/2022\/02\/cropped-logo-radio-touring-104.png\",\"contentUrl\":\"https:\/\/progettotouring.it\/radiotouring104\/wp-content\/uploads\/sites\/6\/2022\/02\/cropped-logo-radio-touring-104.png\",\"width\":377,\"height\":182,\"caption\":\"Radio Touring 104\"},\"image\":{\"@id\":\"https:\/\/progettotouring.it\/radiotouring104\/#\/schema\/logo\/image\/\"}},{\"@type\":\"Person\",\"@id\":\"https:\/\/progettotouring.it\/radiotouring104\/#\/schema\/person\/78613917f1851f041f7483f5af1d422e\",\"name\":\"Sebastiano Plutino\",\"image\":{\"@type\":\"ImageObject\",\"inLanguage\":\"it-IT\",\"@id\":\"https:\/\/secure.gravatar.com\/avatar\/0546ffaa9b79224faf9f2a156b67a529ae861d3287c66c1d8ccfdf909bcba78d?s=96&d=mm&r=g\",\"url\":\"https:\/\/secure.gravatar.com\/avatar\/0546ffaa9b79224faf9f2a156b67a529ae861d3287c66c1d8ccfdf909bcba78d?s=96&d=mm&r=g\",\"contentUrl\":\"https:\/\/secure.gravatar.com\/avatar\/0546ffaa9b79224faf9f2a156b67a529ae861d3287c66c1d8ccfdf909bcba78d?s=96&d=mm&r=g\",\"caption\":\"Sebastiano Plutino\"},\"url\":\"https:\/\/progettotouring.it\/radiotouring104\/author\/sebastiano\/\"}]}<\/script>\n<!-- \/ Yoast SEO plugin. -->","yoast_head_json":{"title":"Reggio: tutto pronto per il DroneShow - Radio Touring 104","description":"Reggio fa decollare la magia del Natale. Lo spettacolo di sabato e luned\u00ec, visibile dall'Arena, vedr\u00e0 il volo di 500 droni luminosi","robots":{"index":"index","follow":"follow","max-snippet":"max-snippet:-1","max-image-preview":"max-image-preview:large","max-video-preview":"max-video-preview:-1"},"canonical":"https:\/\/progettotouring.it\/radiotouring104\/2024\/12\/19\/reggio-tutto-pronto-per-il-droneshow\/","og_locale":"it_IT","og_type":"article","og_title":"Reggio: tutto pronto per il DroneShow - Radio Touring 104","og_description":"Reggio fa decollare la magia del Natale. Lo spettacolo di sabato e luned\u00ec, visibile dall'Arena, vedr\u00e0 il volo di 500 droni luminosi","og_url":"https:\/\/progettotouring.it\/radiotouring104\/2024\/12\/19\/reggio-tutto-pronto-per-il-droneshow\/","og_site_name":"Radio Touring 104","article_published_time":"2024-12-19T11:53:55+00:00","og_image":[{"width":949,"height":737,"url":"https:\/\/progettotouring.it\/radiotouring104\/wp-content\/uploads\/sites\/6\/2024\/12\/droni-babbo-natale.jpg","type":"image\/jpeg"}],"author":"Sebastiano Plutino","twitter_card":"summary_large_image","twitter_misc":{"Scritto da":"Sebastiano Plutino","Tempo di lettura stimato":"5 minuti"},"schema":{"@context":"https:\/\/schema.org","@graph":[{"@type":"Article","@id":"https:\/\/progettotouring.it\/radiotouring104\/2024\/12\/19\/reggio-tutto-pronto-per-il-droneshow\/#article","isPartOf":{"@id":"https:\/\/progettotouring.it\/radiotouring104\/2024\/12\/19\/reggio-tutto-pronto-per-il-droneshow\/"},"author":{"name":"Sebastiano Plutino","@id":"https:\/\/progettotouring.it\/radiotouring104\/#\/schema\/person\/78613917f1851f041f7483f5af1d422e"},"headline":"Reggio: tutto pronto per il DroneShow","datePublished":"2024-12-19T11:53:55+00:00","mainEntityOfPage":{"@id":"https:\/\/progettotouring.it\/radiotouring104\/2024\/12\/19\/reggio-tutto-pronto-per-il-droneshow\/"},"wordCount":909,"publisher":{"@id":"https:\/\/progettotouring.it\/radiotouring104\/#organization"},"image":{"@id":"https:\/\/progettotouring.it\/radiotouring104\/2024\/12\/19\/reggio-tutto-pronto-per-il-droneshow\/#primaryimage"},"thumbnailUrl":"https:\/\/progettotouring.it\/radiotouring104\/wp-content\/uploads\/sites\/6\/2024\/12\/droni-babbo-natale.jpg","keywords":["\u201cReggio Citt\u00e0 Natale\u201d","500 droni luminosi","DroneShow","Luca Toscano","lungomare falcomat\u00e0"],"articleSection":["Home","News","Reggio Calabria"],"inLanguage":"it-IT"},{"@type":"WebPage","@id":"https:\/\/progettotouring.it\/radiotouring104\/2024\/12\/19\/reggio-tutto-pronto-per-il-droneshow\/","url":"https:\/\/progettotouring.it\/radiotouring104\/2024\/12\/19\/reggio-tutto-pronto-per-il-droneshow\/","name":"Reggio: tutto pronto per il DroneShow - Radio Touring 104","isPartOf":{"@id":"https:\/\/progettotouring.it\/radiotouring104\/#website"},"primaryImageOfPage":{"@id":"https:\/\/progettotouring.it\/radiotouring104\/2024\/12\/19\/reggio-tutto-pronto-per-il-droneshow\/#primaryimage"},"image":{"@id":"https:\/\/progettotouring.it\/radiotouring104\/2024\/12\/19\/reggio-tutto-pronto-per-il-droneshow\/#primaryimage"},"thumbnailUrl":"https:\/\/progettotouring.it\/radiotouring104\/wp-content\/uploads\/sites\/6\/2024\/12\/droni-babbo-natale.jpg","datePublished":"2024-12-19T11:53:55+00:00","description":"Reggio fa decollare la magia del Natale. Lo spettacolo di sabato e luned\u00ec, visibile dall'Arena, vedr\u00e0 il volo di 500 droni luminosi","breadcrumb":{"@id":"https:\/\/progettotouring.it\/radiotouring104\/2024\/12\/19\/reggio-tutto-pronto-per-il-droneshow\/#breadcrumb"},"inLanguage":"it-IT","potentialAction":[{"@type":"ReadAction","target":["https:\/\/progettotouring.it\/radiotouring104\/2024\/12\/19\/reggio-tutto-pronto-per-il-droneshow\/"]}]},{"@type":"ImageObject","inLanguage":"it-IT","@id":"https:\/\/progettotouring.it\/radiotouring104\/2024\/12\/19\/reggio-tutto-pronto-per-il-droneshow\/#primaryimage","url":"https:\/\/progettotouring.it\/radiotouring104\/wp-content\/uploads\/sites\/6\/2024\/12\/droni-babbo-natale.jpg","contentUrl":"https:\/\/progettotouring.it\/radiotouring104\/wp-content\/uploads\/sites\/6\/2024\/12\/droni-babbo-natale.jpg","width":949,"height":737},{"@type":"BreadcrumbList","@id":"https:\/\/progettotouring.it\/radiotouring104\/2024\/12\/19\/reggio-tutto-pronto-per-il-droneshow\/#breadcrumb","itemListElement":[{"@type":"ListItem","position":1,"name":"Home","item":"https:\/\/progettotouring.it\/radiotouring104\/"},{"@type":"ListItem","position":2,"name":"Reggio: tutto pronto per il DroneShow"}]},{"@type":"WebSite","@id":"https:\/\/progettotouring.it\/radiotouring104\/#website","url":"https:\/\/progettotouring.it\/radiotouring104\/","name":"Radio Touring 104","description":"La prima radio Reggina","publisher":{"@id":"https:\/\/progettotouring.it\/radiotouring104\/#organization"},"potentialAction":[{"@type":"SearchAction","target":{"@type":"EntryPoint","urlTemplate":"https:\/\/progettotouring.it\/radiotouring104\/?s={search_term_string}"},"query-input":{"@type":"PropertyValueSpecification","valueRequired":true,"valueName":"search_term_string"}}],"inLanguage":"it-IT"},{"@type":"Organization","@id":"https:\/\/progettotouring.it\/radiotouring104\/#organization","name":"Radio Touring 104","url":"https:\/\/progettotouring.it\/radiotouring104\/","logo":{"@type":"ImageObject","inLanguage":"it-IT","@id":"https:\/\/progettotouring.it\/radiotouring104\/#\/schema\/logo\/image\/","url":"https:\/\/progettotouring.it\/radiotouring104\/wp-content\/uploads\/sites\/6\/2022\/02\/cropped-logo-radio-touring-104.png","contentUrl":"https:\/\/progettotouring.it\/radiotouring104\/wp-content\/uploads\/sites\/6\/2022\/02\/cropped-logo-radio-touring-104.png","width":377,"height":182,"caption":"Radio Touring 104"},"image":{"@id":"https:\/\/progettotouring.it\/radiotouring104\/#\/schema\/logo\/image\/"}},{"@type":"Person","@id":"https:\/\/progettotouring.it\/radiotouring104\/#\/schema\/person\/78613917f1851f041f7483f5af1d422e","name":"Sebastiano Plutino","image":{"@type":"ImageObject","inLanguage":"it-IT","@id":"https:\/\/secure.gravatar.com\/avatar\/0546ffaa9b79224faf9f2a156b67a529ae861d3287c66c1d8ccfdf909bcba78d?s=96&d=mm&r=g","url":"https:\/\/secure.gravatar.com\/avatar\/0546ffaa9b79224faf9f2a156b67a529ae861d3287c66c1d8ccfdf909bcba78d?s=96&d=mm&r=g","contentUrl":"https:\/\/secure.gravatar.com\/avatar\/0546ffaa9b79224faf9f2a156b67a529ae861d3287c66c1d8ccfdf909bcba78d?s=96&d=mm&r=g","caption":"Sebastiano Plutino"},"url":"https:\/\/progettotouring.it\/radiotouring104\/author\/sebastiano\/"}]}},"jetpack_publicize_connections":[],"jetpack_featured_media_url":"https:\/\/progettotouring.it\/radiotouring104\/wp-content\/uploads\/sites\/6\/2024\/12\/droni-babbo-natale.jpg","jetpack_sharing_enabled":true,"_links":{"self":[{"href":"https:\/\/progettotouring.it\/radiotouring104\/wp-json\/wp\/v2\/posts\/63791","targetHints":{"allow":["GET"]}}],"collection":[{"href":"https:\/\/progettotouring.it\/radiotouring104\/wp-json\/wp\/v2\/posts"}],"about":[{"href":"https:\/\/progettotouring.it\/radiotouring104\/wp-json\/wp\/v2\/types\/post"}],"author":[{"embeddable":true,"href":"https:\/\/progettotouring.it\/radiotouring104\/wp-json\/wp\/v2\/users\/12"}],"replies":[{"embeddable":true,"href":"https:\/\/progettotouring.it\/radiotouring104\/wp-json\/wp\/v2\/comments?post=63791"}],"version-history":[{"count":1,"href":"https:\/\/progettotouring.it\/radiotouring104\/wp-json\/wp\/v2\/posts\/63791\/revisions"}],"predecessor-version":[{"id":63793,"href":"https:\/\/progettotouring.it\/radiotouring104\/wp-json\/wp\/v2\/posts\/63791\/revisions\/63793"}],"wp:featuredmedia":[{"embeddable":true,"href":"https:\/\/progettotouring.it\/radiotouring104\/wp-json\/wp\/v2\/media\/63792"}],"wp:attachment":[{"href":"https:\/\/progettotouring.it\/radiotouring104\/wp-json\/wp\/v2\/media?parent=63791"}],"wp:term":[{"taxonomy":"category","embeddable":true,"href":"https:\/\/progettotouring.it\/radiotouring104\/wp-json\/wp\/v2\/categories?post=63791"},{"taxonomy":"post_tag","embeddable":true,"href":"https:\/\/progettotouring.it\/radiotouring104\/wp-json\/wp\/v2\/tags?post=63791"}],"curies":[{"name":"wp","href":"https:\/\/api.w.org\/{rel}","templated":true}]}}