{"id":63794,"date":"2024-12-19T13:01:03","date_gmt":"2024-12-19T12:01:03","guid":{"rendered":"https:\/\/progettotouring.it\/radiotouring104\/?p=63794"},"modified":"2024-12-19T13:01:52","modified_gmt":"2024-12-19T12:01:52","slug":"manovra-cannizzaro-soddisfatto-per-la-stabilizzazione-dei-precari-e-listituzione-del-fondo-sullobesita","status":"publish","type":"post","link":"https:\/\/progettotouring.it\/radiotouring104\/2024\/12\/19\/manovra-cannizzaro-soddisfatto-per-la-stabilizzazione-dei-precari-e-listituzione-del-fondo-sullobesita\/","title":{"rendered":"Manovra: Cannizzaro soddisfatto per la stabilizzazione dei precari e l&#8217;istituzione del fondo sull&#8217;obesit\u00e0"},"content":{"rendered":"<p style=\"text-align: justify\"><em>\u201cGrazie a Forza Italia il Paese si dota del Fondo per l\u2019Obesit\u00e0, una novit\u00e0 mondiale, perch\u00e9 nessun Paese \u00e8 dotato di questo fondo, nonostante l\u2019obesit\u00e0 sia un fenomeno in costante crescita. Il Fondo, permanente, sar\u00e0 finanziato con 1,2 milioni di euro nel 2025, 1,5 milioni per il 2026 e 1,7 milioni a decorrere dal 2027 e per sempre. Il Fondo consentir\u00e0 poi l\u2019approvazione di una pdl su proposta di Forza Italia gi\u00e0 approvata all\u2019unanimit\u00e0 in Commissione Salute alla Camera, per la prevenzione e la cura del fenomeno\u201d. Cos\u00ec l\u2019Onorevole Francesco Cannizzaro, vicepresidente dei deputati di Forza Italia, ospite al Giornale Radio.&#8221;, <\/em><strong>dichiara Cannizzaro<\/strong><\/p>\n<p style=\"text-align: justify\"><strong>Cannizzaro esprime grande soddisfazione anache per la stabilizzazione dei tirocinanti:<\/strong> <em>\u201cGrazie a Forza la manovra sosterr\u00e0 concretamente le piccole e medie imprese e i liberi professionisti adottando misure significative che segnano una svolta storica. Tra queste, l\u2019avvio della fase di stabilizzazione per i precari, inclusa una proroga per coloro che operano nei vari ministeri, rappresenta un risultato di grande rilievo. Inoltre, la stabilizzazione di oltre 6.000 precari nel Sud garantir\u00e0 a migliaia di famiglie la possibilit\u00e0 di mantenere la propria stabilit\u00e0 economica\u201d<\/em>.<\/p>\n","protected":false},"excerpt":{"rendered":"<p>\u201cGrazie a Forza Italia il Paese si dota del Fondo per l\u2019Obesit\u00e0, una novit\u00e0 mondiale, perch\u00e9 nessun Paese \u00e8 dotato di questo fondo, nonostante l\u2019obesit\u00e0 sia un fenomeno in costante&hellip;<\/p>\n","protected":false},"author":12,"featured_media":9153,"comment_status":"closed","ping_status":"open","sticky":false,"template":"","format":"standard","meta":{"_jetpack_memberships_contains_paid_content":false,"footnotes":"","jetpack_publicize_message":"","jetpack_publicize_feature_enabled":true,"jetpack_social_post_already_shared":true,"jetpack_social_options":{"image_generator_settings":{"template":"highway","default_image_id":0,"font":"","enabled":false},"version":2}},"categories":[142,921,196,140],"tags":[38844,8009,21176,19518],"class_list":["post-63794","post","type-post","status-publish","format-standard","has-post-thumbnail","hentry","category-calabria","category-home","category-news","category-reggio-calabria","tag-istituzione-fondo-obesita","tag-manovra-finanziaria","tag-on-francesco-cannizzaro","tag-tirocinanti"],"yoast_head":"<!-- This site is optimized with the Yoast SEO plugin v27.2 - https:\/\/yoast.com\/product\/yoast-seo-wordpress\/ -->\n<title>Manovra: Cannizzaro soddisfatto per la stabilizzazione dei precari e l&#039;istituzione del fondo sull&#039;obesit\u00e0 - Radio Touring 104<\/title>\n<meta name=\"description\" content=\"L&#039;on. Francesco Cannizzaro esprime soddisfazione per la stabilizzazione dei precari e l&#039;istituzione del fondo sull&#039;obesit\u00e0\" \/>\n<meta name=\"robots\" content=\"index, follow, max-snippet:-1, max-image-preview:large, max-video-preview:-1\" \/>\n<link rel=\"canonical\" href=\"https:\/\/progettotouring.it\/radiotouring104\/2024\/12\/19\/manovra-cannizzaro-soddisfatto-per-la-stabilizzazione-dei-precari-e-listituzione-del-fondo-sullobesita\/\" \/>\n<meta property=\"og:locale\" content=\"it_IT\" \/>\n<meta property=\"og:type\" content=\"article\" \/>\n<meta property=\"og:title\" content=\"Manovra: Cannizzaro soddisfatto per la stabilizzazione dei precari e l&#039;istituzione del fondo sull&#039;obesit\u00e0 - Radio Touring 104\" \/>\n<meta property=\"og:description\" content=\"L&#039;on. Francesco Cannizzaro esprime soddisfazione per la stabilizzazione dei precari e l&#039;istituzione del fondo sull&#039;obesit\u00e0\" \/>\n<meta property=\"og:url\" content=\"https:\/\/progettotouring.it\/radiotouring104\/2024\/12\/19\/manovra-cannizzaro-soddisfatto-per-la-stabilizzazione-dei-precari-e-listituzione-del-fondo-sullobesita\/\" \/>\n<meta property=\"og:site_name\" content=\"Radio Touring 104\" \/>\n<meta property=\"article:published_time\" content=\"2024-12-19T12:01:03+00:00\" \/>\n<meta property=\"article:modified_time\" content=\"2024-12-19T12:01:52+00:00\" \/>\n<meta property=\"og:image\" content=\"https:\/\/progettotouring.it\/radiotouring104\/wp-content\/uploads\/sites\/6\/2022\/08\/francesco-cannizzaro.jpg\" \/>\n\t<meta property=\"og:image:width\" content=\"1920\" \/>\n\t<meta property=\"og:image:height\" content=\"1080\" \/>\n\t<meta property=\"og:image:type\" content=\"image\/jpeg\" \/>\n<meta name=\"author\" content=\"Sebastiano Plutino\" \/>\n<meta name=\"twitter:card\" content=\"summary_large_image\" \/>\n<meta name=\"twitter:label1\" content=\"Scritto da\" \/>\n\t<meta name=\"twitter:data1\" content=\"Sebastiano Plutino\" \/>\n\t<meta name=\"twitter:label2\" content=\"Tempo di lettura stimato\" \/>\n\t<meta name=\"twitter:data2\" content=\"1 minuto\" \/>\n<script type=\"application\/ld+json\" class=\"yoast-schema-graph\">{\"@context\":\"https:\/\/schema.org\",\"@graph\":[{\"@type\":\"Article\",\"@id\":\"https:\/\/progettotouring.it\/radiotouring104\/2024\/12\/19\/manovra-cannizzaro-soddisfatto-per-la-stabilizzazione-dei-precari-e-listituzione-del-fondo-sullobesita\/#article\",\"isPartOf\":{\"@id\":\"https:\/\/progettotouring.it\/radiotouring104\/2024\/12\/19\/manovra-cannizzaro-soddisfatto-per-la-stabilizzazione-dei-precari-e-listituzione-del-fondo-sullobesita\/\"},\"author\":{\"name\":\"Sebastiano Plutino\",\"@id\":\"https:\/\/progettotouring.it\/radiotouring104\/#\/schema\/person\/78613917f1851f041f7483f5af1d422e\"},\"headline\":\"Manovra: Cannizzaro soddisfatto per la stabilizzazione dei precari e l&#8217;istituzione del fondo sull&#8217;obesit\u00e0\",\"datePublished\":\"2024-12-19T12:01:03+00:00\",\"dateModified\":\"2024-12-19T12:01:52+00:00\",\"mainEntityOfPage\":{\"@id\":\"https:\/\/progettotouring.it\/radiotouring104\/2024\/12\/19\/manovra-cannizzaro-soddisfatto-per-la-stabilizzazione-dei-precari-e-listituzione-del-fondo-sullobesita\/\"},\"wordCount\":196,\"publisher\":{\"@id\":\"https:\/\/progettotouring.it\/radiotouring104\/#organization\"},\"image\":{\"@id\":\"https:\/\/progettotouring.it\/radiotouring104\/2024\/12\/19\/manovra-cannizzaro-soddisfatto-per-la-stabilizzazione-dei-precari-e-listituzione-del-fondo-sullobesita\/#primaryimage\"},\"thumbnailUrl\":\"https:\/\/progettotouring.it\/radiotouring104\/wp-content\/uploads\/sites\/6\/2022\/08\/francesco-cannizzaro.jpg\",\"keywords\":[\"istituzione fondo obesit\u00e0\",\"manovra finanziaria\",\"On. Francesco Cannizzaro\",\"tirocinanti\"],\"articleSection\":[\"Calabria\",\"Home\",\"News\",\"Reggio Calabria\"],\"inLanguage\":\"it-IT\"},{\"@type\":\"WebPage\",\"@id\":\"https:\/\/progettotouring.it\/radiotouring104\/2024\/12\/19\/manovra-cannizzaro-soddisfatto-per-la-stabilizzazione-dei-precari-e-listituzione-del-fondo-sullobesita\/\",\"url\":\"https:\/\/progettotouring.it\/radiotouring104\/2024\/12\/19\/manovra-cannizzaro-soddisfatto-per-la-stabilizzazione-dei-precari-e-listituzione-del-fondo-sullobesita\/\",\"name\":\"Manovra: Cannizzaro soddisfatto per la stabilizzazione dei precari e l'istituzione del fondo sull'obesit\u00e0 - Radio Touring 104\",\"isPartOf\":{\"@id\":\"https:\/\/progettotouring.it\/radiotouring104\/#website\"},\"primaryImageOfPage\":{\"@id\":\"https:\/\/progettotouring.it\/radiotouring104\/2024\/12\/19\/manovra-cannizzaro-soddisfatto-per-la-stabilizzazione-dei-precari-e-listituzione-del-fondo-sullobesita\/#primaryimage\"},\"image\":{\"@id\":\"https:\/\/progettotouring.it\/radiotouring104\/2024\/12\/19\/manovra-cannizzaro-soddisfatto-per-la-stabilizzazione-dei-precari-e-listituzione-del-fondo-sullobesita\/#primaryimage\"},\"thumbnailUrl\":\"https:\/\/progettotouring.it\/radiotouring104\/wp-content\/uploads\/sites\/6\/2022\/08\/francesco-cannizzaro.jpg\",\"datePublished\":\"2024-12-19T12:01:03+00:00\",\"dateModified\":\"2024-12-19T12:01:52+00:00\",\"description\":\"L'on. Francesco Cannizzaro esprime soddisfazione per la stabilizzazione dei precari e l'istituzione del fondo sull'obesit\u00e0\",\"breadcrumb\":{\"@id\":\"https:\/\/progettotouring.it\/radiotouring104\/2024\/12\/19\/manovra-cannizzaro-soddisfatto-per-la-stabilizzazione-dei-precari-e-listituzione-del-fondo-sullobesita\/#breadcrumb\"},\"inLanguage\":\"it-IT\",\"potentialAction\":[{\"@type\":\"ReadAction\",\"target\":[\"https:\/\/progettotouring.it\/radiotouring104\/2024\/12\/19\/manovra-cannizzaro-soddisfatto-per-la-stabilizzazione-dei-precari-e-listituzione-del-fondo-sullobesita\/\"]}]},{\"@type\":\"ImageObject\",\"inLanguage\":\"it-IT\",\"@id\":\"https:\/\/progettotouring.it\/radiotouring104\/2024\/12\/19\/manovra-cannizzaro-soddisfatto-per-la-stabilizzazione-dei-precari-e-listituzione-del-fondo-sullobesita\/#primaryimage\",\"url\":\"https:\/\/progettotouring.it\/radiotouring104\/wp-content\/uploads\/sites\/6\/2022\/08\/francesco-cannizzaro.jpg\",\"contentUrl\":\"https:\/\/progettotouring.it\/radiotouring104\/wp-content\/uploads\/sites\/6\/2022\/08\/francesco-cannizzaro.jpg\",\"width\":1920,\"height\":1080},{\"@type\":\"BreadcrumbList\",\"@id\":\"https:\/\/progettotouring.it\/radiotouring104\/2024\/12\/19\/manovra-cannizzaro-soddisfatto-per-la-stabilizzazione-dei-precari-e-listituzione-del-fondo-sullobesita\/#breadcrumb\",\"itemListElement\":[{\"@type\":\"ListItem\",\"position\":1,\"name\":\"Home\",\"item\":\"https:\/\/progettotouring.it\/radiotouring104\/\"},{\"@type\":\"ListItem\",\"position\":2,\"name\":\"Manovra: Cannizzaro soddisfatto per la stabilizzazione dei precari e l&#8217;istituzione del fondo sull&#8217;obesit\u00e0\"}]},{\"@type\":\"WebSite\",\"@id\":\"https:\/\/progettotouring.it\/radiotouring104\/#website\",\"url\":\"https:\/\/progettotouring.it\/radiotouring104\/\",\"name\":\"Radio Touring 104\",\"description\":\"La prima radio Reggina\",\"publisher\":{\"@id\":\"https:\/\/progettotouring.it\/radiotouring104\/#organization\"},\"potentialAction\":[{\"@type\":\"SearchAction\",\"target\":{\"@type\":\"EntryPoint\",\"urlTemplate\":\"https:\/\/progettotouring.it\/radiotouring104\/?s={search_term_string}\"},\"query-input\":{\"@type\":\"PropertyValueSpecification\",\"valueRequired\":true,\"valueName\":\"search_term_string\"}}],\"inLanguage\":\"it-IT\"},{\"@type\":\"Organization\",\"@id\":\"https:\/\/progettotouring.it\/radiotouring104\/#organization\",\"name\":\"Radio Touring 104\",\"url\":\"https:\/\/progettotouring.it\/radiotouring104\/\",\"logo\":{\"@type\":\"ImageObject\",\"inLanguage\":\"it-IT\",\"@id\":\"https:\/\/progettotouring.it\/radiotouring104\/#\/schema\/logo\/image\/\",\"url\":\"https:\/\/progettotouring.it\/radiotouring104\/wp-content\/uploads\/sites\/6\/2022\/02\/cropped-logo-radio-touring-104.png\",\"contentUrl\":\"https:\/\/progettotouring.it\/radiotouring104\/wp-content\/uploads\/sites\/6\/2022\/02\/cropped-logo-radio-touring-104.png\",\"width\":377,\"height\":182,\"caption\":\"Radio Touring 104\"},\"image\":{\"@id\":\"https:\/\/progettotouring.it\/radiotouring104\/#\/schema\/logo\/image\/\"}},{\"@type\":\"Person\",\"@id\":\"https:\/\/progettotouring.it\/radiotouring104\/#\/schema\/person\/78613917f1851f041f7483f5af1d422e\",\"name\":\"Sebastiano Plutino\",\"image\":{\"@type\":\"ImageObject\",\"inLanguage\":\"it-IT\",\"@id\":\"https:\/\/secure.gravatar.com\/avatar\/0546ffaa9b79224faf9f2a156b67a529ae861d3287c66c1d8ccfdf909bcba78d?s=96&d=mm&r=g\",\"url\":\"https:\/\/secure.gravatar.com\/avatar\/0546ffaa9b79224faf9f2a156b67a529ae861d3287c66c1d8ccfdf909bcba78d?s=96&d=mm&r=g\",\"contentUrl\":\"https:\/\/secure.gravatar.com\/avatar\/0546ffaa9b79224faf9f2a156b67a529ae861d3287c66c1d8ccfdf909bcba78d?s=96&d=mm&r=g\",\"caption\":\"Sebastiano Plutino\"},\"url\":\"https:\/\/progettotouring.it\/radiotouring104\/author\/sebastiano\/\"}]}<\/script>\n<!-- \/ Yoast SEO plugin. -->","yoast_head_json":{"title":"Manovra: Cannizzaro soddisfatto per la stabilizzazione dei precari e l'istituzione del fondo sull'obesit\u00e0 - Radio Touring 104","description":"L'on. Francesco Cannizzaro esprime soddisfazione per la stabilizzazione dei precari e l'istituzione del fondo sull'obesit\u00e0","robots":{"index":"index","follow":"follow","max-snippet":"max-snippet:-1","max-image-preview":"max-image-preview:large","max-video-preview":"max-video-preview:-1"},"canonical":"https:\/\/progettotouring.it\/radiotouring104\/2024\/12\/19\/manovra-cannizzaro-soddisfatto-per-la-stabilizzazione-dei-precari-e-listituzione-del-fondo-sullobesita\/","og_locale":"it_IT","og_type":"article","og_title":"Manovra: Cannizzaro soddisfatto per la stabilizzazione dei precari e l'istituzione del fondo sull'obesit\u00e0 - Radio Touring 104","og_description":"L'on. Francesco Cannizzaro esprime soddisfazione per la stabilizzazione dei precari e l'istituzione del fondo sull'obesit\u00e0","og_url":"https:\/\/progettotouring.it\/radiotouring104\/2024\/12\/19\/manovra-cannizzaro-soddisfatto-per-la-stabilizzazione-dei-precari-e-listituzione-del-fondo-sullobesita\/","og_site_name":"Radio Touring 104","article_published_time":"2024-12-19T12:01:03+00:00","article_modified_time":"2024-12-19T12:01:52+00:00","og_image":[{"width":1920,"height":1080,"url":"https:\/\/progettotouring.it\/radiotouring104\/wp-content\/uploads\/sites\/6\/2022\/08\/francesco-cannizzaro.jpg","type":"image\/jpeg"}],"author":"Sebastiano Plutino","twitter_card":"summary_large_image","twitter_misc":{"Scritto da":"Sebastiano Plutino","Tempo di lettura stimato":"1 minuto"},"schema":{"@context":"https:\/\/schema.org","@graph":[{"@type":"Article","@id":"https:\/\/progettotouring.it\/radiotouring104\/2024\/12\/19\/manovra-cannizzaro-soddisfatto-per-la-stabilizzazione-dei-precari-e-listituzione-del-fondo-sullobesita\/#article","isPartOf":{"@id":"https:\/\/progettotouring.it\/radiotouring104\/2024\/12\/19\/manovra-cannizzaro-soddisfatto-per-la-stabilizzazione-dei-precari-e-listituzione-del-fondo-sullobesita\/"},"author":{"name":"Sebastiano Plutino","@id":"https:\/\/progettotouring.it\/radiotouring104\/#\/schema\/person\/78613917f1851f041f7483f5af1d422e"},"headline":"Manovra: Cannizzaro soddisfatto per la stabilizzazione dei precari e l&#8217;istituzione del fondo sull&#8217;obesit\u00e0","datePublished":"2024-12-19T12:01:03+00:00","dateModified":"2024-12-19T12:01:52+00:00","mainEntityOfPage":{"@id":"https:\/\/progettotouring.it\/radiotouring104\/2024\/12\/19\/manovra-cannizzaro-soddisfatto-per-la-stabilizzazione-dei-precari-e-listituzione-del-fondo-sullobesita\/"},"wordCount":196,"publisher":{"@id":"https:\/\/progettotouring.it\/radiotouring104\/#organization"},"image":{"@id":"https:\/\/progettotouring.it\/radiotouring104\/2024\/12\/19\/manovra-cannizzaro-soddisfatto-per-la-stabilizzazione-dei-precari-e-listituzione-del-fondo-sullobesita\/#primaryimage"},"thumbnailUrl":"https:\/\/progettotouring.it\/radiotouring104\/wp-content\/uploads\/sites\/6\/2022\/08\/francesco-cannizzaro.jpg","keywords":["istituzione fondo obesit\u00e0","manovra finanziaria","On. Francesco Cannizzaro","tirocinanti"],"articleSection":["Calabria","Home","News","Reggio Calabria"],"inLanguage":"it-IT"},{"@type":"WebPage","@id":"https:\/\/progettotouring.it\/radiotouring104\/2024\/12\/19\/manovra-cannizzaro-soddisfatto-per-la-stabilizzazione-dei-precari-e-listituzione-del-fondo-sullobesita\/","url":"https:\/\/progettotouring.it\/radiotouring104\/2024\/12\/19\/manovra-cannizzaro-soddisfatto-per-la-stabilizzazione-dei-precari-e-listituzione-del-fondo-sullobesita\/","name":"Manovra: Cannizzaro soddisfatto per la stabilizzazione dei precari e l'istituzione del fondo sull'obesit\u00e0 - Radio Touring 104","isPartOf":{"@id":"https:\/\/progettotouring.it\/radiotouring104\/#website"},"primaryImageOfPage":{"@id":"https:\/\/progettotouring.it\/radiotouring104\/2024\/12\/19\/manovra-cannizzaro-soddisfatto-per-la-stabilizzazione-dei-precari-e-listituzione-del-fondo-sullobesita\/#primaryimage"},"image":{"@id":"https:\/\/progettotouring.it\/radiotouring104\/2024\/12\/19\/manovra-cannizzaro-soddisfatto-per-la-stabilizzazione-dei-precari-e-listituzione-del-fondo-sullobesita\/#primaryimage"},"thumbnailUrl":"https:\/\/progettotouring.it\/radiotouring104\/wp-content\/uploads\/sites\/6\/2022\/08\/francesco-cannizzaro.jpg","datePublished":"2024-12-19T12:01:03+00:00","dateModified":"2024-12-19T12:01:52+00:00","description":"L'on. Francesco Cannizzaro esprime soddisfazione per la stabilizzazione dei precari e l'istituzione del fondo sull'obesit\u00e0","breadcrumb":{"@id":"https:\/\/progettotouring.it\/radiotouring104\/2024\/12\/19\/manovra-cannizzaro-soddisfatto-per-la-stabilizzazione-dei-precari-e-listituzione-del-fondo-sullobesita\/#breadcrumb"},"inLanguage":"it-IT","potentialAction":[{"@type":"ReadAction","target":["https:\/\/progettotouring.it\/radiotouring104\/2024\/12\/19\/manovra-cannizzaro-soddisfatto-per-la-stabilizzazione-dei-precari-e-listituzione-del-fondo-sullobesita\/"]}]},{"@type":"ImageObject","inLanguage":"it-IT","@id":"https:\/\/progettotouring.it\/radiotouring104\/2024\/12\/19\/manovra-cannizzaro-soddisfatto-per-la-stabilizzazione-dei-precari-e-listituzione-del-fondo-sullobesita\/#primaryimage","url":"https:\/\/progettotouring.it\/radiotouring104\/wp-content\/uploads\/sites\/6\/2022\/08\/francesco-cannizzaro.jpg","contentUrl":"https:\/\/progettotouring.it\/radiotouring104\/wp-content\/uploads\/sites\/6\/2022\/08\/francesco-cannizzaro.jpg","width":1920,"height":1080},{"@type":"BreadcrumbList","@id":"https:\/\/progettotouring.it\/radiotouring104\/2024\/12\/19\/manovra-cannizzaro-soddisfatto-per-la-stabilizzazione-dei-precari-e-listituzione-del-fondo-sullobesita\/#breadcrumb","itemListElement":[{"@type":"ListItem","position":1,"name":"Home","item":"https:\/\/progettotouring.it\/radiotouring104\/"},{"@type":"ListItem","position":2,"name":"Manovra: Cannizzaro soddisfatto per la stabilizzazione dei precari e l&#8217;istituzione del fondo sull&#8217;obesit\u00e0"}]},{"@type":"WebSite","@id":"https:\/\/progettotouring.it\/radiotouring104\/#website","url":"https:\/\/progettotouring.it\/radiotouring104\/","name":"Radio Touring 104","description":"La prima radio Reggina","publisher":{"@id":"https:\/\/progettotouring.it\/radiotouring104\/#organization"},"potentialAction":[{"@type":"SearchAction","target":{"@type":"EntryPoint","urlTemplate":"https:\/\/progettotouring.it\/radiotouring104\/?s={search_term_string}"},"query-input":{"@type":"PropertyValueSpecification","valueRequired":true,"valueName":"search_term_string"}}],"inLanguage":"it-IT"},{"@type":"Organization","@id":"https:\/\/progettotouring.it\/radiotouring104\/#organization","name":"Radio Touring 104","url":"https:\/\/progettotouring.it\/radiotouring104\/","logo":{"@type":"ImageObject","inLanguage":"it-IT","@id":"https:\/\/progettotouring.it\/radiotouring104\/#\/schema\/logo\/image\/","url":"https:\/\/progettotouring.it\/radiotouring104\/wp-content\/uploads\/sites\/6\/2022\/02\/cropped-logo-radio-touring-104.png","contentUrl":"https:\/\/progettotouring.it\/radiotouring104\/wp-content\/uploads\/sites\/6\/2022\/02\/cropped-logo-radio-touring-104.png","width":377,"height":182,"caption":"Radio Touring 104"},"image":{"@id":"https:\/\/progettotouring.it\/radiotouring104\/#\/schema\/logo\/image\/"}},{"@type":"Person","@id":"https:\/\/progettotouring.it\/radiotouring104\/#\/schema\/person\/78613917f1851f041f7483f5af1d422e","name":"Sebastiano Plutino","image":{"@type":"ImageObject","inLanguage":"it-IT","@id":"https:\/\/secure.gravatar.com\/avatar\/0546ffaa9b79224faf9f2a156b67a529ae861d3287c66c1d8ccfdf909bcba78d?s=96&d=mm&r=g","url":"https:\/\/secure.gravatar.com\/avatar\/0546ffaa9b79224faf9f2a156b67a529ae861d3287c66c1d8ccfdf909bcba78d?s=96&d=mm&r=g","contentUrl":"https:\/\/secure.gravatar.com\/avatar\/0546ffaa9b79224faf9f2a156b67a529ae861d3287c66c1d8ccfdf909bcba78d?s=96&d=mm&r=g","caption":"Sebastiano Plutino"},"url":"https:\/\/progettotouring.it\/radiotouring104\/author\/sebastiano\/"}]}},"jetpack_publicize_connections":[],"jetpack_featured_media_url":"https:\/\/progettotouring.it\/radiotouring104\/wp-content\/uploads\/sites\/6\/2022\/08\/francesco-cannizzaro.jpg","jetpack_sharing_enabled":true,"_links":{"self":[{"href":"https:\/\/progettotouring.it\/radiotouring104\/wp-json\/wp\/v2\/posts\/63794","targetHints":{"allow":["GET"]}}],"collection":[{"href":"https:\/\/progettotouring.it\/radiotouring104\/wp-json\/wp\/v2\/posts"}],"about":[{"href":"https:\/\/progettotouring.it\/radiotouring104\/wp-json\/wp\/v2\/types\/post"}],"author":[{"embeddable":true,"href":"https:\/\/progettotouring.it\/radiotouring104\/wp-json\/wp\/v2\/users\/12"}],"replies":[{"embeddable":true,"href":"https:\/\/progettotouring.it\/radiotouring104\/wp-json\/wp\/v2\/comments?post=63794"}],"version-history":[{"count":1,"href":"https:\/\/progettotouring.it\/radiotouring104\/wp-json\/wp\/v2\/posts\/63794\/revisions"}],"predecessor-version":[{"id":63795,"href":"https:\/\/progettotouring.it\/radiotouring104\/wp-json\/wp\/v2\/posts\/63794\/revisions\/63795"}],"wp:featuredmedia":[{"embeddable":true,"href":"https:\/\/progettotouring.it\/radiotouring104\/wp-json\/wp\/v2\/media\/9153"}],"wp:attachment":[{"href":"https:\/\/progettotouring.it\/radiotouring104\/wp-json\/wp\/v2\/media?parent=63794"}],"wp:term":[{"taxonomy":"category","embeddable":true,"href":"https:\/\/progettotouring.it\/radiotouring104\/wp-json\/wp\/v2\/categories?post=63794"},{"taxonomy":"post_tag","embeddable":true,"href":"https:\/\/progettotouring.it\/radiotouring104\/wp-json\/wp\/v2\/tags?post=63794"}],"curies":[{"name":"wp","href":"https:\/\/api.w.org\/{rel}","templated":true}]}}