{"id":63800,"date":"2024-12-19T19:36:34","date_gmt":"2024-12-19T18:36:34","guid":{"rendered":"https:\/\/progettotouring.it\/radiotouring104\/?p=63800"},"modified":"2024-12-19T19:37:35","modified_gmt":"2024-12-19T18:37:35","slug":"campus-del-mediterraneo-nota-delleurodeputata-giusi-princi","status":"publish","type":"post","link":"https:\/\/progettotouring.it\/radiotouring104\/2024\/12\/19\/campus-del-mediterraneo-nota-delleurodeputata-giusi-princi\/","title":{"rendered":"Campus del Mediterraneo, nota dell&#8217;eurodeputata Giusi Princi"},"content":{"rendered":"<p class=\"xmprfx_MsoNormal\" align=\"center\">Con una nota Giusy Princi sottolinea l&#8217;importanza dell&#8217;emendamento Cannizzaro che destina 4 milioni di euro all&#8217;Universit\u00e0 Mediterranea di Reggio Calabria.<\/p>\n<p class=\"xmprfx_MsoNormal\">Cos\u00ec l&#8217;eurodeputata: \u201cComplimenti all\u2019on. Francesco Cannizzaro, ancora una volta promotore di un importante emendamento che segna una svolta significativa per Reggio e per tutta la Calabria. L\u2019approvazione del suo emendamento, grazie al quale sono stati destinati 4 milioni di euro all&#8217;Universit\u00e0 Mediterranea di Reggio Calabria, infatti, \u00e8 l\u2019ennesimo straordinario risultato raggiunto e interviene su cultura e formazione, linfe fondamentali per lo sviluppo e la crescita del nostro territorio\u201d.<\/p>\n<p class=\"xmprfx_MsoNormal\">\u201cIl \u2018Campus del Mediterraneo\u2019, che verr\u00e0 realizzato nel cuore della citt\u00e0 grazie a queste risorse, sar\u00e0 certamente un significativo catalizzatore di flussi studenteschi perch\u00e9 non solo offrir\u00e0 rilevanti opportunit\u00e0 per i nostri giovani ma permetter\u00e0 anche di attirare studenti provenienti da altre aree dell\u2019Europa e del mondo. Il nuovo campus sar\u00e0 un eccellente volano per porre in essere partenariati con i paesi dell\u2019Oriente\u201d.<\/p>\n<p class=\"xmprfx_MsoNormal\">\n","protected":false},"excerpt":{"rendered":"<p>Con una nota Giusy Princi sottolinea l&#8217;importanza dell&#8217;emendamento Cannizzaro che destina 4 milioni di euro all&#8217;Universit\u00e0 Mediterranea di Reggio Calabria. Cos\u00ec l&#8217;eurodeputata: \u201cComplimenti all\u2019on. Francesco Cannizzaro, ancora una volta promotore&hellip;<\/p>\n","protected":false},"author":19,"featured_media":63801,"comment_status":"closed","ping_status":"open","sticky":false,"template":"","format":"standard","meta":{"_jetpack_memberships_contains_paid_content":false,"footnotes":"","jetpack_publicize_message":"","jetpack_publicize_feature_enabled":true,"jetpack_social_post_already_shared":true,"jetpack_social_options":{"image_generator_settings":{"template":"highway","default_image_id":0,"font":"","enabled":false},"version":2}},"categories":[921,196,140],"tags":[],"class_list":["post-63800","post","type-post","status-publish","format-standard","has-post-thumbnail","hentry","category-home","category-news","category-reggio-calabria"],"yoast_head":"<!-- This site is optimized with the Yoast SEO plugin v27.2 - https:\/\/yoast.com\/product\/yoast-seo-wordpress\/ -->\n<title>Campus del Mediterraneo, nota dell&#039;eurodeputata Giusi Princi - Radio Touring 104<\/title>\n<meta name=\"description\" content=\"\u201cEmendamento Cannizzaro svolta significativa per cultura e formazione in Calabria\u201d\" \/>\n<meta name=\"robots\" content=\"index, follow, max-snippet:-1, max-image-preview:large, max-video-preview:-1\" \/>\n<link rel=\"canonical\" href=\"https:\/\/progettotouring.it\/radiotouring104\/2024\/12\/19\/campus-del-mediterraneo-nota-delleurodeputata-giusi-princi\/\" \/>\n<meta property=\"og:locale\" content=\"it_IT\" \/>\n<meta property=\"og:type\" content=\"article\" \/>\n<meta property=\"og:title\" content=\"Campus del Mediterraneo, nota dell&#039;eurodeputata Giusi Princi - Radio Touring 104\" \/>\n<meta property=\"og:description\" content=\"\u201cEmendamento Cannizzaro svolta significativa per cultura e formazione in Calabria\u201d\" \/>\n<meta property=\"og:url\" content=\"https:\/\/progettotouring.it\/radiotouring104\/2024\/12\/19\/campus-del-mediterraneo-nota-delleurodeputata-giusi-princi\/\" \/>\n<meta property=\"og:site_name\" content=\"Radio Touring 104\" \/>\n<meta property=\"article:published_time\" content=\"2024-12-19T18:36:34+00:00\" \/>\n<meta property=\"article:modified_time\" content=\"2024-12-19T18:37:35+00:00\" \/>\n<meta property=\"og:image\" content=\"https:\/\/progettotouring.it\/radiotouring104\/wp-content\/uploads\/sites\/6\/2024\/12\/Foto-Giusi-Princi.jpeg\" \/>\n\t<meta property=\"og:image:width\" content=\"1200\" \/>\n\t<meta property=\"og:image:height\" content=\"1600\" \/>\n\t<meta property=\"og:image:type\" content=\"image\/jpeg\" \/>\n<meta name=\"author\" content=\"S L\" \/>\n<meta name=\"twitter:card\" content=\"summary_large_image\" \/>\n<meta name=\"twitter:label1\" content=\"Scritto da\" \/>\n\t<meta name=\"twitter:data1\" content=\"S L\" \/>\n\t<meta name=\"twitter:label2\" content=\"Tempo di lettura stimato\" \/>\n\t<meta name=\"twitter:data2\" content=\"1 minuto\" \/>\n<script type=\"application\/ld+json\" class=\"yoast-schema-graph\">{\"@context\":\"https:\/\/schema.org\",\"@graph\":[{\"@type\":\"Article\",\"@id\":\"https:\/\/progettotouring.it\/radiotouring104\/2024\/12\/19\/campus-del-mediterraneo-nota-delleurodeputata-giusi-princi\/#article\",\"isPartOf\":{\"@id\":\"https:\/\/progettotouring.it\/radiotouring104\/2024\/12\/19\/campus-del-mediterraneo-nota-delleurodeputata-giusi-princi\/\"},\"author\":{\"name\":\"S L\",\"@id\":\"https:\/\/progettotouring.it\/radiotouring104\/#\/schema\/person\/b9f9c3730b0a78814c9b9f3bfc52c619\"},\"headline\":\"Campus del Mediterraneo, nota dell&#8217;eurodeputata Giusi Princi\",\"datePublished\":\"2024-12-19T18:36:34+00:00\",\"dateModified\":\"2024-12-19T18:37:35+00:00\",\"mainEntityOfPage\":{\"@id\":\"https:\/\/progettotouring.it\/radiotouring104\/2024\/12\/19\/campus-del-mediterraneo-nota-delleurodeputata-giusi-princi\/\"},\"wordCount\":160,\"publisher\":{\"@id\":\"https:\/\/progettotouring.it\/radiotouring104\/#organization\"},\"image\":{\"@id\":\"https:\/\/progettotouring.it\/radiotouring104\/2024\/12\/19\/campus-del-mediterraneo-nota-delleurodeputata-giusi-princi\/#primaryimage\"},\"thumbnailUrl\":\"https:\/\/progettotouring.it\/radiotouring104\/wp-content\/uploads\/sites\/6\/2024\/12\/Foto-Giusi-Princi.jpeg\",\"articleSection\":[\"Home\",\"News\",\"Reggio Calabria\"],\"inLanguage\":\"it-IT\"},{\"@type\":\"WebPage\",\"@id\":\"https:\/\/progettotouring.it\/radiotouring104\/2024\/12\/19\/campus-del-mediterraneo-nota-delleurodeputata-giusi-princi\/\",\"url\":\"https:\/\/progettotouring.it\/radiotouring104\/2024\/12\/19\/campus-del-mediterraneo-nota-delleurodeputata-giusi-princi\/\",\"name\":\"Campus del Mediterraneo, nota dell'eurodeputata Giusi Princi - Radio Touring 104\",\"isPartOf\":{\"@id\":\"https:\/\/progettotouring.it\/radiotouring104\/#website\"},\"primaryImageOfPage\":{\"@id\":\"https:\/\/progettotouring.it\/radiotouring104\/2024\/12\/19\/campus-del-mediterraneo-nota-delleurodeputata-giusi-princi\/#primaryimage\"},\"image\":{\"@id\":\"https:\/\/progettotouring.it\/radiotouring104\/2024\/12\/19\/campus-del-mediterraneo-nota-delleurodeputata-giusi-princi\/#primaryimage\"},\"thumbnailUrl\":\"https:\/\/progettotouring.it\/radiotouring104\/wp-content\/uploads\/sites\/6\/2024\/12\/Foto-Giusi-Princi.jpeg\",\"datePublished\":\"2024-12-19T18:36:34+00:00\",\"dateModified\":\"2024-12-19T18:37:35+00:00\",\"description\":\"\u201cEmendamento Cannizzaro svolta significativa per cultura e formazione in Calabria\u201d\",\"breadcrumb\":{\"@id\":\"https:\/\/progettotouring.it\/radiotouring104\/2024\/12\/19\/campus-del-mediterraneo-nota-delleurodeputata-giusi-princi\/#breadcrumb\"},\"inLanguage\":\"it-IT\",\"potentialAction\":[{\"@type\":\"ReadAction\",\"target\":[\"https:\/\/progettotouring.it\/radiotouring104\/2024\/12\/19\/campus-del-mediterraneo-nota-delleurodeputata-giusi-princi\/\"]}]},{\"@type\":\"ImageObject\",\"inLanguage\":\"it-IT\",\"@id\":\"https:\/\/progettotouring.it\/radiotouring104\/2024\/12\/19\/campus-del-mediterraneo-nota-delleurodeputata-giusi-princi\/#primaryimage\",\"url\":\"https:\/\/progettotouring.it\/radiotouring104\/wp-content\/uploads\/sites\/6\/2024\/12\/Foto-Giusi-Princi.jpeg\",\"contentUrl\":\"https:\/\/progettotouring.it\/radiotouring104\/wp-content\/uploads\/sites\/6\/2024\/12\/Foto-Giusi-Princi.jpeg\",\"width\":1200,\"height\":1600},{\"@type\":\"BreadcrumbList\",\"@id\":\"https:\/\/progettotouring.it\/radiotouring104\/2024\/12\/19\/campus-del-mediterraneo-nota-delleurodeputata-giusi-princi\/#breadcrumb\",\"itemListElement\":[{\"@type\":\"ListItem\",\"position\":1,\"name\":\"Home\",\"item\":\"https:\/\/progettotouring.it\/radiotouring104\/\"},{\"@type\":\"ListItem\",\"position\":2,\"name\":\"Campus del Mediterraneo, nota dell&#8217;eurodeputata Giusi Princi\"}]},{\"@type\":\"WebSite\",\"@id\":\"https:\/\/progettotouring.it\/radiotouring104\/#website\",\"url\":\"https:\/\/progettotouring.it\/radiotouring104\/\",\"name\":\"Radio Touring 104\",\"description\":\"La prima radio Reggina\",\"publisher\":{\"@id\":\"https:\/\/progettotouring.it\/radiotouring104\/#organization\"},\"potentialAction\":[{\"@type\":\"SearchAction\",\"target\":{\"@type\":\"EntryPoint\",\"urlTemplate\":\"https:\/\/progettotouring.it\/radiotouring104\/?s={search_term_string}\"},\"query-input\":{\"@type\":\"PropertyValueSpecification\",\"valueRequired\":true,\"valueName\":\"search_term_string\"}}],\"inLanguage\":\"it-IT\"},{\"@type\":\"Organization\",\"@id\":\"https:\/\/progettotouring.it\/radiotouring104\/#organization\",\"name\":\"Radio Touring 104\",\"url\":\"https:\/\/progettotouring.it\/radiotouring104\/\",\"logo\":{\"@type\":\"ImageObject\",\"inLanguage\":\"it-IT\",\"@id\":\"https:\/\/progettotouring.it\/radiotouring104\/#\/schema\/logo\/image\/\",\"url\":\"https:\/\/progettotouring.it\/radiotouring104\/wp-content\/uploads\/sites\/6\/2022\/02\/cropped-logo-radio-touring-104.png\",\"contentUrl\":\"https:\/\/progettotouring.it\/radiotouring104\/wp-content\/uploads\/sites\/6\/2022\/02\/cropped-logo-radio-touring-104.png\",\"width\":377,\"height\":182,\"caption\":\"Radio Touring 104\"},\"image\":{\"@id\":\"https:\/\/progettotouring.it\/radiotouring104\/#\/schema\/logo\/image\/\"}},{\"@type\":\"Person\",\"@id\":\"https:\/\/progettotouring.it\/radiotouring104\/#\/schema\/person\/b9f9c3730b0a78814c9b9f3bfc52c619\",\"name\":\"S L\",\"image\":{\"@type\":\"ImageObject\",\"inLanguage\":\"it-IT\",\"@id\":\"https:\/\/secure.gravatar.com\/avatar\/652c51789d7030aaed9ff828331360502a68204fe6fb0831bc280515210e16d2?s=96&d=mm&r=g\",\"url\":\"https:\/\/secure.gravatar.com\/avatar\/652c51789d7030aaed9ff828331360502a68204fe6fb0831bc280515210e16d2?s=96&d=mm&r=g\",\"contentUrl\":\"https:\/\/secure.gravatar.com\/avatar\/652c51789d7030aaed9ff828331360502a68204fe6fb0831bc280515210e16d2?s=96&d=mm&r=g\",\"caption\":\"S L\"},\"url\":\"https:\/\/progettotouring.it\/radiotouring104\/author\/slibri\/\"}]}<\/script>\n<!-- \/ Yoast SEO plugin. -->","yoast_head_json":{"title":"Campus del Mediterraneo, nota dell'eurodeputata Giusi Princi - Radio Touring 104","description":"\u201cEmendamento Cannizzaro svolta significativa per cultura e formazione in Calabria\u201d","robots":{"index":"index","follow":"follow","max-snippet":"max-snippet:-1","max-image-preview":"max-image-preview:large","max-video-preview":"max-video-preview:-1"},"canonical":"https:\/\/progettotouring.it\/radiotouring104\/2024\/12\/19\/campus-del-mediterraneo-nota-delleurodeputata-giusi-princi\/","og_locale":"it_IT","og_type":"article","og_title":"Campus del Mediterraneo, nota dell'eurodeputata Giusi Princi - Radio Touring 104","og_description":"\u201cEmendamento Cannizzaro svolta significativa per cultura e formazione in Calabria\u201d","og_url":"https:\/\/progettotouring.it\/radiotouring104\/2024\/12\/19\/campus-del-mediterraneo-nota-delleurodeputata-giusi-princi\/","og_site_name":"Radio Touring 104","article_published_time":"2024-12-19T18:36:34+00:00","article_modified_time":"2024-12-19T18:37:35+00:00","og_image":[{"width":1200,"height":1600,"url":"https:\/\/progettotouring.it\/radiotouring104\/wp-content\/uploads\/sites\/6\/2024\/12\/Foto-Giusi-Princi.jpeg","type":"image\/jpeg"}],"author":"S L","twitter_card":"summary_large_image","twitter_misc":{"Scritto da":"S L","Tempo di lettura stimato":"1 minuto"},"schema":{"@context":"https:\/\/schema.org","@graph":[{"@type":"Article","@id":"https:\/\/progettotouring.it\/radiotouring104\/2024\/12\/19\/campus-del-mediterraneo-nota-delleurodeputata-giusi-princi\/#article","isPartOf":{"@id":"https:\/\/progettotouring.it\/radiotouring104\/2024\/12\/19\/campus-del-mediterraneo-nota-delleurodeputata-giusi-princi\/"},"author":{"name":"S L","@id":"https:\/\/progettotouring.it\/radiotouring104\/#\/schema\/person\/b9f9c3730b0a78814c9b9f3bfc52c619"},"headline":"Campus del Mediterraneo, nota dell&#8217;eurodeputata Giusi Princi","datePublished":"2024-12-19T18:36:34+00:00","dateModified":"2024-12-19T18:37:35+00:00","mainEntityOfPage":{"@id":"https:\/\/progettotouring.it\/radiotouring104\/2024\/12\/19\/campus-del-mediterraneo-nota-delleurodeputata-giusi-princi\/"},"wordCount":160,"publisher":{"@id":"https:\/\/progettotouring.it\/radiotouring104\/#organization"},"image":{"@id":"https:\/\/progettotouring.it\/radiotouring104\/2024\/12\/19\/campus-del-mediterraneo-nota-delleurodeputata-giusi-princi\/#primaryimage"},"thumbnailUrl":"https:\/\/progettotouring.it\/radiotouring104\/wp-content\/uploads\/sites\/6\/2024\/12\/Foto-Giusi-Princi.jpeg","articleSection":["Home","News","Reggio Calabria"],"inLanguage":"it-IT"},{"@type":"WebPage","@id":"https:\/\/progettotouring.it\/radiotouring104\/2024\/12\/19\/campus-del-mediterraneo-nota-delleurodeputata-giusi-princi\/","url":"https:\/\/progettotouring.it\/radiotouring104\/2024\/12\/19\/campus-del-mediterraneo-nota-delleurodeputata-giusi-princi\/","name":"Campus del Mediterraneo, nota dell'eurodeputata Giusi Princi - Radio Touring 104","isPartOf":{"@id":"https:\/\/progettotouring.it\/radiotouring104\/#website"},"primaryImageOfPage":{"@id":"https:\/\/progettotouring.it\/radiotouring104\/2024\/12\/19\/campus-del-mediterraneo-nota-delleurodeputata-giusi-princi\/#primaryimage"},"image":{"@id":"https:\/\/progettotouring.it\/radiotouring104\/2024\/12\/19\/campus-del-mediterraneo-nota-delleurodeputata-giusi-princi\/#primaryimage"},"thumbnailUrl":"https:\/\/progettotouring.it\/radiotouring104\/wp-content\/uploads\/sites\/6\/2024\/12\/Foto-Giusi-Princi.jpeg","datePublished":"2024-12-19T18:36:34+00:00","dateModified":"2024-12-19T18:37:35+00:00","description":"\u201cEmendamento Cannizzaro svolta significativa per cultura e formazione in Calabria\u201d","breadcrumb":{"@id":"https:\/\/progettotouring.it\/radiotouring104\/2024\/12\/19\/campus-del-mediterraneo-nota-delleurodeputata-giusi-princi\/#breadcrumb"},"inLanguage":"it-IT","potentialAction":[{"@type":"ReadAction","target":["https:\/\/progettotouring.it\/radiotouring104\/2024\/12\/19\/campus-del-mediterraneo-nota-delleurodeputata-giusi-princi\/"]}]},{"@type":"ImageObject","inLanguage":"it-IT","@id":"https:\/\/progettotouring.it\/radiotouring104\/2024\/12\/19\/campus-del-mediterraneo-nota-delleurodeputata-giusi-princi\/#primaryimage","url":"https:\/\/progettotouring.it\/radiotouring104\/wp-content\/uploads\/sites\/6\/2024\/12\/Foto-Giusi-Princi.jpeg","contentUrl":"https:\/\/progettotouring.it\/radiotouring104\/wp-content\/uploads\/sites\/6\/2024\/12\/Foto-Giusi-Princi.jpeg","width":1200,"height":1600},{"@type":"BreadcrumbList","@id":"https:\/\/progettotouring.it\/radiotouring104\/2024\/12\/19\/campus-del-mediterraneo-nota-delleurodeputata-giusi-princi\/#breadcrumb","itemListElement":[{"@type":"ListItem","position":1,"name":"Home","item":"https:\/\/progettotouring.it\/radiotouring104\/"},{"@type":"ListItem","position":2,"name":"Campus del Mediterraneo, nota dell&#8217;eurodeputata Giusi Princi"}]},{"@type":"WebSite","@id":"https:\/\/progettotouring.it\/radiotouring104\/#website","url":"https:\/\/progettotouring.it\/radiotouring104\/","name":"Radio Touring 104","description":"La prima radio Reggina","publisher":{"@id":"https:\/\/progettotouring.it\/radiotouring104\/#organization"},"potentialAction":[{"@type":"SearchAction","target":{"@type":"EntryPoint","urlTemplate":"https:\/\/progettotouring.it\/radiotouring104\/?s={search_term_string}"},"query-input":{"@type":"PropertyValueSpecification","valueRequired":true,"valueName":"search_term_string"}}],"inLanguage":"it-IT"},{"@type":"Organization","@id":"https:\/\/progettotouring.it\/radiotouring104\/#organization","name":"Radio Touring 104","url":"https:\/\/progettotouring.it\/radiotouring104\/","logo":{"@type":"ImageObject","inLanguage":"it-IT","@id":"https:\/\/progettotouring.it\/radiotouring104\/#\/schema\/logo\/image\/","url":"https:\/\/progettotouring.it\/radiotouring104\/wp-content\/uploads\/sites\/6\/2022\/02\/cropped-logo-radio-touring-104.png","contentUrl":"https:\/\/progettotouring.it\/radiotouring104\/wp-content\/uploads\/sites\/6\/2022\/02\/cropped-logo-radio-touring-104.png","width":377,"height":182,"caption":"Radio Touring 104"},"image":{"@id":"https:\/\/progettotouring.it\/radiotouring104\/#\/schema\/logo\/image\/"}},{"@type":"Person","@id":"https:\/\/progettotouring.it\/radiotouring104\/#\/schema\/person\/b9f9c3730b0a78814c9b9f3bfc52c619","name":"S L","image":{"@type":"ImageObject","inLanguage":"it-IT","@id":"https:\/\/secure.gravatar.com\/avatar\/652c51789d7030aaed9ff828331360502a68204fe6fb0831bc280515210e16d2?s=96&d=mm&r=g","url":"https:\/\/secure.gravatar.com\/avatar\/652c51789d7030aaed9ff828331360502a68204fe6fb0831bc280515210e16d2?s=96&d=mm&r=g","contentUrl":"https:\/\/secure.gravatar.com\/avatar\/652c51789d7030aaed9ff828331360502a68204fe6fb0831bc280515210e16d2?s=96&d=mm&r=g","caption":"S L"},"url":"https:\/\/progettotouring.it\/radiotouring104\/author\/slibri\/"}]}},"jetpack_publicize_connections":[],"jetpack_featured_media_url":"https:\/\/progettotouring.it\/radiotouring104\/wp-content\/uploads\/sites\/6\/2024\/12\/Foto-Giusi-Princi.jpeg","jetpack_sharing_enabled":true,"_links":{"self":[{"href":"https:\/\/progettotouring.it\/radiotouring104\/wp-json\/wp\/v2\/posts\/63800","targetHints":{"allow":["GET"]}}],"collection":[{"href":"https:\/\/progettotouring.it\/radiotouring104\/wp-json\/wp\/v2\/posts"}],"about":[{"href":"https:\/\/progettotouring.it\/radiotouring104\/wp-json\/wp\/v2\/types\/post"}],"author":[{"embeddable":true,"href":"https:\/\/progettotouring.it\/radiotouring104\/wp-json\/wp\/v2\/users\/19"}],"replies":[{"embeddable":true,"href":"https:\/\/progettotouring.it\/radiotouring104\/wp-json\/wp\/v2\/comments?post=63800"}],"version-history":[{"count":3,"href":"https:\/\/progettotouring.it\/radiotouring104\/wp-json\/wp\/v2\/posts\/63800\/revisions"}],"predecessor-version":[{"id":63805,"href":"https:\/\/progettotouring.it\/radiotouring104\/wp-json\/wp\/v2\/posts\/63800\/revisions\/63805"}],"wp:featuredmedia":[{"embeddable":true,"href":"https:\/\/progettotouring.it\/radiotouring104\/wp-json\/wp\/v2\/media\/63801"}],"wp:attachment":[{"href":"https:\/\/progettotouring.it\/radiotouring104\/wp-json\/wp\/v2\/media?parent=63800"}],"wp:term":[{"taxonomy":"category","embeddable":true,"href":"https:\/\/progettotouring.it\/radiotouring104\/wp-json\/wp\/v2\/categories?post=63800"},{"taxonomy":"post_tag","embeddable":true,"href":"https:\/\/progettotouring.it\/radiotouring104\/wp-json\/wp\/v2\/tags?post=63800"}],"curies":[{"name":"wp","href":"https:\/\/api.w.org\/{rel}","templated":true}]}}