{"id":6381,"date":"2022-06-09T10:19:34","date_gmt":"2022-06-09T08:19:34","guid":{"rendered":"https:\/\/progettotouring.it\/radiotouring104\/?p=6381"},"modified":"2022-06-09T10:19:46","modified_gmt":"2022-06-09T08:19:46","slug":"a-san-giorgio-morgeto-il-festival-castello-magia-di-suoni-e-leggende-in-aspromonte","status":"publish","type":"post","link":"https:\/\/progettotouring.it\/radiotouring104\/2022\/06\/09\/a-san-giorgio-morgeto-il-festival-castello-magia-di-suoni-e-leggende-in-aspromonte\/","title":{"rendered":"A San Giorgio Morgeto il festival &#8220;Castello. Magia di suoni e leggende in Aspromonte&#8221;"},"content":{"rendered":"<p class=\"xmprfx_MsoNormal\" style=\"text-align: justify;\">Musica e cultura di nuovo protagonisti nel borgo storico di San Giorgio Morgeto per la seconda parte del festival &#8220;Castello. Magia di suoni e leggende in Aspromonte&#8221;, che vedr\u00e0 ancora una volta artisti calabresi, italiani e stranieri, animare, il 10 e 11 giugno, la primavera sangiorgese.<\/p>\n<p class=\"xmprfx_MsoNormal\" style=\"text-align: justify;\">Ancora una volta l\u2019amministrazione comunale unisce la storia e la tradizione calabrese con quella del Mediterraneo, coinvolgendo numerosi partner e associazioni, perch\u00e9 sia sempre pi\u00f9 evidente che la creazione di reti di collaborazione \u00e8 il metodo che pu\u00f2 consentire di proiettare i comuni calabresi sulla scena nazionale ed internazionale.<\/p>\n<p class=\"xmprfx_MsoNormal\" style=\"text-align: justify;\">La Piazza dei Morgeti, con la sua monumentale Fontana Bellissima, sar\u00e0 il luogo dei concerti serali, che coinvolgeranno il pubblico, facendolo viaggiare nel Mare Mediterraneo e oltre.<\/p>\n<p class=\"xmprfx_MsoNormal\" style=\"text-align: justify;\">Il 10 giugno, dalle 21, il concerto dal titolo Suoni a Est far\u00e0 incontrare i musicisti turchi Nag\u0306me Yarkin e Murat Yerden con il Consorzio Musicisti Calabresi, rappresentato da Amedeo Fera e Maurizio Cuzzocrea, con la partecipazione straordinaria del polistrumentista Roberto Catalano.<\/p>\n<p class=\"xmprfx_MsoNormal\" style=\"text-align: justify;\">Nag\u0306me Yark\u0131n proviene da una famiglia di musicisti e suona il Kemen\u00e7e (una variante di lira turco-greca). Ha collaborato con vari ensemble nazionali e internazionali come strumentista e partecipato a diversi programmi di studio all\u2019estero. Ha studiato inoltre composizione ed ha completato i suoi studi scrivendo un concerto grosso in stile barocco che prevede un ensemble di strumenti turchi come concertino. Ha all\u2019attivo diverse incisioni discografiche e ha tenuto concerti in tutto il mondo e condotto laboratori sulla musica ottomana presso la Boston University, il Berklee college of music e altre prestigiose istituzioni musicali in Turchia e all\u2019estero. Murat Yerden \u00e8 un giovane liutaio originario di Ankara, che dopo gli studi di comunicazione si \u00e8 interamente dedicato alla liuteria dal 2009, specializzandosi nella produzione del Kemen\u00e7e. Si tratta della tipologia di lira in uso a Costantinopoli, e che, a partire dal XIX secolo ha occupato un posto di rilievo negli ensemble ince saz che suonano la musica classica ottomana. Murat, oltre ad essere un abile liutaio \u00e8 anche un esperto musicista e suona diversi strumenti a pizzico occidentali e della tradizione turca. Come musicista ha suonato nella storica band Retrobus come chitarrista e corista effettuando concerti in Turchia ed Europa. Nel concerto suoner\u00e0 il liuto. A fianco a loro Amedeo Fera, ricercatore e studioso di lira calabrese, e Maurizio Cuzzocrea, cantante e suonatore di chitarra battente, saranno protagonisti delle possibilit\u00e0 di incontro tra i repertori calabresi e turchi, unendo canti e suoni della tradizione calabrese con il virtuosismo strumentale degli ospiti turchi. Ad arricchire il programma la presenza di Roberto Catalano che suoner\u00e0 le benas, antico strumento a fiato sardo a respirazione circolare, e altri strumenti a corda.<\/p>\n<p class=\"xmprfx_MsoNormal\" style=\"text-align: justify;\">Prima del concerto, nei locali della biblioteca comunale sar\u00e0 possibile visitare la mostra di strumenti musicali e fotografie \u201cIl suono della tradizione\u201d e partecipare alla presentazione del libro \u201cLa zampogna oltre la tradizione\u201d che raccoglie le ricerche sugli strumenti meridionali del musicista salernitano Antonio Giordano. Musicista e anima della Compagnia Daltrocanto, con questo \u201clibro-catalogo\u201d racconta la propria esperienza in un mondo legato fortemente ai simboli e alla tradizione, con le fotografie di Jacopo Naddeo e Antonio Caporaso e il contributo di numerosi esperti, ricercatori e musicisti.<\/p>\n<p class=\"xmprfx_MsoNormal\" style=\"text-align: justify;\">L\u201911 giugno, sempre in Piazza dei Morgeti, Musiche dalla Calabria al mondo. Sar\u00e0 una serata animata dalla presenza di due formazioni musicali a guida femminile. Tarab Ensemble \u00e8 un trio di voci e percussioni tutto al femminile. Il repertorio si muove intorno alla World Music attraverso sonorit\u00e0, lingue e stili diversi che si fondono in una forma musicale originale. L&#8217;esperienza e la formazione di Federica Greco, Alessandra Colucci e Serena Lionetto \u00e8 ricca e variegata: classica, rock, pop, etnica, sperimentale, jazz. Grazie a questo bagaglio di esperienze il trio si \u00e8 unito per dare valore a tutte queste sonorit\u00e0 attraverso l&#8217;arrangiamento di brani che rispondessero ai propri gusti ed emozioni. Non a caso il nome del trio nasce proprio da questa esigenza: Tarab significa essenza, rappresenta l&#8217;emozione soggettiva che suscita ascoltare musica. \u00c8 un progetto musicale che va oltre le dinamiche del mercato commerciale, con l&#8217;intento di emozionare il pubblico in modo inaspettato, al di l\u00e0 del tempo, in un viaggio musicale che cerca di portare l&#8217;ascoltatore in giro per il mondo. Subito dopo di loro sar\u00e0 protagonista il repertorio locale della tradizione calabrese, con i ritmi travolgenti e i canti del gruppo musicale Polisfolk, guidato da Rita Amato. Chitarre, lira, percussioni e organetto faranno esplodere la voglia di socialit\u00e0 che questi difficili tempi di pandemia hanno tenuto a freno.<\/p>\n<p class=\"xmprfx_MsoNormal\" style=\"text-align: justify;\">Anche in questa giornata, prima del concerto sar\u00e0 possibile visitare la mostra e partecipare a incontri e laboratori dedicati alla liuteria creativa per bambini e ragazzi.<\/p>\n<p class=\"xmprfx_MsoNormal\" style=\"text-align: justify;\">\u201cCon questo evento chiudiamo il tempo di primavera \u2013 ha dichiarato il sindaco Salvatore Valerioti \u2013 mentre stiamo lavorando, con la giunta comunale e tutti gli operatori del territorio, per creare una stagione estiva che possa mettere ancora una volta San Giorgio Morgeto al centro dei flussi turistici e culturali, consapevoli che le nostre bellezze paesaggistiche, architettoniche e storiche sono un unicum nel panorama regionale.\u201d<\/p>\n","protected":false},"excerpt":{"rendered":"<p>Musica e cultura di nuovo protagonisti nel borgo storico di San Giorgio Morgeto per la seconda parte del festival &#8220;Castello. Magia di suoni e leggende in Aspromonte&#8221;, che vedr\u00e0 ancora&hellip;<\/p>\n","protected":false},"author":5,"featured_media":6382,"comment_status":"open","ping_status":"open","sticky":false,"template":"","format":"standard","meta":{"_jetpack_memberships_contains_paid_content":false,"footnotes":"","jetpack_publicize_message":"","jetpack_publicize_feature_enabled":true,"jetpack_social_post_already_shared":false,"jetpack_social_options":{"image_generator_settings":{"template":"highway","default_image_id":0,"font":"","enabled":false},"version":2}},"categories":[921,196,140],"tags":[255,2517,2426,2516],"class_list":["post-6381","post","type-post","status-publish","format-standard","has-post-thumbnail","hentry","category-home","category-news","category-reggio-calabria","tag-aspromonte","tag-castello","tag-festival","tag-san-giorgio-morgese"],"yoast_head":"<!-- This site is optimized with the Yoast SEO plugin v27.2 - https:\/\/yoast.com\/product\/yoast-seo-wordpress\/ -->\n<title>San Giorgio Morgeto, festival &quot;Castello. Magia di suoni e leggende in Aspromonte&quot;<\/title>\n<meta name=\"description\" content=\"Il Festival vedr\u00e0 ancora una volta artisti calabresi, italiani e stranieri, animare, il 10 e 11 giugno, la primavera sangiorgese\" \/>\n<meta name=\"robots\" content=\"index, follow, max-snippet:-1, max-image-preview:large, max-video-preview:-1\" \/>\n<link rel=\"canonical\" href=\"https:\/\/progettotouring.it\/radiotouring104\/2022\/06\/09\/a-san-giorgio-morgeto-il-festival-castello-magia-di-suoni-e-leggende-in-aspromonte\/\" \/>\n<meta property=\"og:locale\" content=\"it_IT\" \/>\n<meta property=\"og:type\" content=\"article\" \/>\n<meta property=\"og:title\" content=\"San Giorgio Morgeto, festival &quot;Castello. Magia di suoni e leggende in Aspromonte&quot;\" \/>\n<meta property=\"og:description\" content=\"Il Festival vedr\u00e0 ancora una volta artisti calabresi, italiani e stranieri, animare, il 10 e 11 giugno, la primavera sangiorgese\" \/>\n<meta property=\"og:url\" content=\"https:\/\/progettotouring.it\/radiotouring104\/2022\/06\/09\/a-san-giorgio-morgeto-il-festival-castello-magia-di-suoni-e-leggende-in-aspromonte\/\" \/>\n<meta property=\"og:site_name\" content=\"Radio Touring 104\" \/>\n<meta property=\"article:published_time\" content=\"2022-06-09T08:19:34+00:00\" \/>\n<meta property=\"article:modified_time\" content=\"2022-06-09T08:19:46+00:00\" \/>\n<meta property=\"og:image\" content=\"https:\/\/progettotouring.it\/radiotouring104\/wp-content\/uploads\/sites\/6\/2022\/06\/Castello.png\" \/>\n\t<meta property=\"og:image:width\" content=\"635\" \/>\n\t<meta property=\"og:image:height\" content=\"344\" \/>\n\t<meta property=\"og:image:type\" content=\"image\/png\" \/>\n<meta name=\"author\" content=\"redazione\" \/>\n<meta name=\"twitter:card\" content=\"summary_large_image\" \/>\n<meta name=\"twitter:label1\" content=\"Scritto da\" \/>\n\t<meta name=\"twitter:data1\" content=\"redazione\" \/>\n\t<meta name=\"twitter:label2\" content=\"Tempo di lettura stimato\" \/>\n\t<meta name=\"twitter:data2\" content=\"5 minuti\" \/>\n<script type=\"application\/ld+json\" class=\"yoast-schema-graph\">{\"@context\":\"https:\/\/schema.org\",\"@graph\":[{\"@type\":\"Article\",\"@id\":\"https:\/\/progettotouring.it\/radiotouring104\/2022\/06\/09\/a-san-giorgio-morgeto-il-festival-castello-magia-di-suoni-e-leggende-in-aspromonte\/#article\",\"isPartOf\":{\"@id\":\"https:\/\/progettotouring.it\/radiotouring104\/2022\/06\/09\/a-san-giorgio-morgeto-il-festival-castello-magia-di-suoni-e-leggende-in-aspromonte\/\"},\"author\":{\"name\":\"redazione\",\"@id\":\"https:\/\/progettotouring.it\/radiotouring104\/#\/schema\/person\/1b3eb3c07c47136bc44c785c543e635f\"},\"headline\":\"A San Giorgio Morgeto il festival &#8220;Castello. Magia di suoni e leggende in Aspromonte&#8221;\",\"datePublished\":\"2022-06-09T08:19:34+00:00\",\"dateModified\":\"2022-06-09T08:19:46+00:00\",\"mainEntityOfPage\":{\"@id\":\"https:\/\/progettotouring.it\/radiotouring104\/2022\/06\/09\/a-san-giorgio-morgeto-il-festival-castello-magia-di-suoni-e-leggende-in-aspromonte\/\"},\"wordCount\":847,\"commentCount\":0,\"publisher\":{\"@id\":\"https:\/\/progettotouring.it\/radiotouring104\/#organization\"},\"image\":{\"@id\":\"https:\/\/progettotouring.it\/radiotouring104\/2022\/06\/09\/a-san-giorgio-morgeto-il-festival-castello-magia-di-suoni-e-leggende-in-aspromonte\/#primaryimage\"},\"thumbnailUrl\":\"https:\/\/progettotouring.it\/radiotouring104\/wp-content\/uploads\/sites\/6\/2022\/06\/Castello.png\",\"keywords\":[\"Aspromonte\",\"castello\",\"Festival\",\"san Giorgio morgese\"],\"articleSection\":[\"Home\",\"News\",\"Reggio Calabria\"],\"inLanguage\":\"it-IT\",\"potentialAction\":[{\"@type\":\"CommentAction\",\"name\":\"Comment\",\"target\":[\"https:\/\/progettotouring.it\/radiotouring104\/2022\/06\/09\/a-san-giorgio-morgeto-il-festival-castello-magia-di-suoni-e-leggende-in-aspromonte\/#respond\"]}]},{\"@type\":\"WebPage\",\"@id\":\"https:\/\/progettotouring.it\/radiotouring104\/2022\/06\/09\/a-san-giorgio-morgeto-il-festival-castello-magia-di-suoni-e-leggende-in-aspromonte\/\",\"url\":\"https:\/\/progettotouring.it\/radiotouring104\/2022\/06\/09\/a-san-giorgio-morgeto-il-festival-castello-magia-di-suoni-e-leggende-in-aspromonte\/\",\"name\":\"San Giorgio Morgeto, festival \\\"Castello. Magia di suoni e leggende in Aspromonte\\\"\",\"isPartOf\":{\"@id\":\"https:\/\/progettotouring.it\/radiotouring104\/#website\"},\"primaryImageOfPage\":{\"@id\":\"https:\/\/progettotouring.it\/radiotouring104\/2022\/06\/09\/a-san-giorgio-morgeto-il-festival-castello-magia-di-suoni-e-leggende-in-aspromonte\/#primaryimage\"},\"image\":{\"@id\":\"https:\/\/progettotouring.it\/radiotouring104\/2022\/06\/09\/a-san-giorgio-morgeto-il-festival-castello-magia-di-suoni-e-leggende-in-aspromonte\/#primaryimage\"},\"thumbnailUrl\":\"https:\/\/progettotouring.it\/radiotouring104\/wp-content\/uploads\/sites\/6\/2022\/06\/Castello.png\",\"datePublished\":\"2022-06-09T08:19:34+00:00\",\"dateModified\":\"2022-06-09T08:19:46+00:00\",\"description\":\"Il Festival vedr\u00e0 ancora una volta artisti calabresi, italiani e stranieri, animare, il 10 e 11 giugno, la primavera sangiorgese\",\"breadcrumb\":{\"@id\":\"https:\/\/progettotouring.it\/radiotouring104\/2022\/06\/09\/a-san-giorgio-morgeto-il-festival-castello-magia-di-suoni-e-leggende-in-aspromonte\/#breadcrumb\"},\"inLanguage\":\"it-IT\",\"potentialAction\":[{\"@type\":\"ReadAction\",\"target\":[\"https:\/\/progettotouring.it\/radiotouring104\/2022\/06\/09\/a-san-giorgio-morgeto-il-festival-castello-magia-di-suoni-e-leggende-in-aspromonte\/\"]}]},{\"@type\":\"ImageObject\",\"inLanguage\":\"it-IT\",\"@id\":\"https:\/\/progettotouring.it\/radiotouring104\/2022\/06\/09\/a-san-giorgio-morgeto-il-festival-castello-magia-di-suoni-e-leggende-in-aspromonte\/#primaryimage\",\"url\":\"https:\/\/progettotouring.it\/radiotouring104\/wp-content\/uploads\/sites\/6\/2022\/06\/Castello.png\",\"contentUrl\":\"https:\/\/progettotouring.it\/radiotouring104\/wp-content\/uploads\/sites\/6\/2022\/06\/Castello.png\",\"width\":635,\"height\":344},{\"@type\":\"BreadcrumbList\",\"@id\":\"https:\/\/progettotouring.it\/radiotouring104\/2022\/06\/09\/a-san-giorgio-morgeto-il-festival-castello-magia-di-suoni-e-leggende-in-aspromonte\/#breadcrumb\",\"itemListElement\":[{\"@type\":\"ListItem\",\"position\":1,\"name\":\"Home\",\"item\":\"https:\/\/progettotouring.it\/radiotouring104\/\"},{\"@type\":\"ListItem\",\"position\":2,\"name\":\"A San Giorgio Morgeto il festival &#8220;Castello. Magia di suoni e leggende in Aspromonte&#8221;\"}]},{\"@type\":\"WebSite\",\"@id\":\"https:\/\/progettotouring.it\/radiotouring104\/#website\",\"url\":\"https:\/\/progettotouring.it\/radiotouring104\/\",\"name\":\"Radio Touring 104\",\"description\":\"La prima radio Reggina\",\"publisher\":{\"@id\":\"https:\/\/progettotouring.it\/radiotouring104\/#organization\"},\"potentialAction\":[{\"@type\":\"SearchAction\",\"target\":{\"@type\":\"EntryPoint\",\"urlTemplate\":\"https:\/\/progettotouring.it\/radiotouring104\/?s={search_term_string}\"},\"query-input\":{\"@type\":\"PropertyValueSpecification\",\"valueRequired\":true,\"valueName\":\"search_term_string\"}}],\"inLanguage\":\"it-IT\"},{\"@type\":\"Organization\",\"@id\":\"https:\/\/progettotouring.it\/radiotouring104\/#organization\",\"name\":\"Radio Touring 104\",\"url\":\"https:\/\/progettotouring.it\/radiotouring104\/\",\"logo\":{\"@type\":\"ImageObject\",\"inLanguage\":\"it-IT\",\"@id\":\"https:\/\/progettotouring.it\/radiotouring104\/#\/schema\/logo\/image\/\",\"url\":\"https:\/\/progettotouring.it\/radiotouring104\/wp-content\/uploads\/sites\/6\/2022\/02\/cropped-logo-radio-touring-104.png\",\"contentUrl\":\"https:\/\/progettotouring.it\/radiotouring104\/wp-content\/uploads\/sites\/6\/2022\/02\/cropped-logo-radio-touring-104.png\",\"width\":377,\"height\":182,\"caption\":\"Radio Touring 104\"},\"image\":{\"@id\":\"https:\/\/progettotouring.it\/radiotouring104\/#\/schema\/logo\/image\/\"}},{\"@type\":\"Person\",\"@id\":\"https:\/\/progettotouring.it\/radiotouring104\/#\/schema\/person\/1b3eb3c07c47136bc44c785c543e635f\",\"name\":\"redazione\",\"image\":{\"@type\":\"ImageObject\",\"inLanguage\":\"it-IT\",\"@id\":\"https:\/\/secure.gravatar.com\/avatar\/0b31605b49f100769e8b624b3e05de1b73e1692e9568a352f60f53fd072e6e11?s=96&d=mm&r=g\",\"url\":\"https:\/\/secure.gravatar.com\/avatar\/0b31605b49f100769e8b624b3e05de1b73e1692e9568a352f60f53fd072e6e11?s=96&d=mm&r=g\",\"contentUrl\":\"https:\/\/secure.gravatar.com\/avatar\/0b31605b49f100769e8b624b3e05de1b73e1692e9568a352f60f53fd072e6e11?s=96&d=mm&r=g\",\"caption\":\"redazione\"},\"url\":\"https:\/\/progettotouring.it\/radiotouring104\/author\/redazione\/\"}]}<\/script>\n<!-- \/ Yoast SEO plugin. -->","yoast_head_json":{"title":"San Giorgio Morgeto, festival \"Castello. Magia di suoni e leggende in Aspromonte\"","description":"Il Festival vedr\u00e0 ancora una volta artisti calabresi, italiani e stranieri, animare, il 10 e 11 giugno, la primavera sangiorgese","robots":{"index":"index","follow":"follow","max-snippet":"max-snippet:-1","max-image-preview":"max-image-preview:large","max-video-preview":"max-video-preview:-1"},"canonical":"https:\/\/progettotouring.it\/radiotouring104\/2022\/06\/09\/a-san-giorgio-morgeto-il-festival-castello-magia-di-suoni-e-leggende-in-aspromonte\/","og_locale":"it_IT","og_type":"article","og_title":"San Giorgio Morgeto, festival \"Castello. Magia di suoni e leggende in Aspromonte\"","og_description":"Il Festival vedr\u00e0 ancora una volta artisti calabresi, italiani e stranieri, animare, il 10 e 11 giugno, la primavera sangiorgese","og_url":"https:\/\/progettotouring.it\/radiotouring104\/2022\/06\/09\/a-san-giorgio-morgeto-il-festival-castello-magia-di-suoni-e-leggende-in-aspromonte\/","og_site_name":"Radio Touring 104","article_published_time":"2022-06-09T08:19:34+00:00","article_modified_time":"2022-06-09T08:19:46+00:00","og_image":[{"width":635,"height":344,"url":"https:\/\/progettotouring.it\/radiotouring104\/wp-content\/uploads\/sites\/6\/2022\/06\/Castello.png","type":"image\/png"}],"author":"redazione","twitter_card":"summary_large_image","twitter_misc":{"Scritto da":"redazione","Tempo di lettura stimato":"5 minuti"},"schema":{"@context":"https:\/\/schema.org","@graph":[{"@type":"Article","@id":"https:\/\/progettotouring.it\/radiotouring104\/2022\/06\/09\/a-san-giorgio-morgeto-il-festival-castello-magia-di-suoni-e-leggende-in-aspromonte\/#article","isPartOf":{"@id":"https:\/\/progettotouring.it\/radiotouring104\/2022\/06\/09\/a-san-giorgio-morgeto-il-festival-castello-magia-di-suoni-e-leggende-in-aspromonte\/"},"author":{"name":"redazione","@id":"https:\/\/progettotouring.it\/radiotouring104\/#\/schema\/person\/1b3eb3c07c47136bc44c785c543e635f"},"headline":"A San Giorgio Morgeto il festival &#8220;Castello. Magia di suoni e leggende in Aspromonte&#8221;","datePublished":"2022-06-09T08:19:34+00:00","dateModified":"2022-06-09T08:19:46+00:00","mainEntityOfPage":{"@id":"https:\/\/progettotouring.it\/radiotouring104\/2022\/06\/09\/a-san-giorgio-morgeto-il-festival-castello-magia-di-suoni-e-leggende-in-aspromonte\/"},"wordCount":847,"commentCount":0,"publisher":{"@id":"https:\/\/progettotouring.it\/radiotouring104\/#organization"},"image":{"@id":"https:\/\/progettotouring.it\/radiotouring104\/2022\/06\/09\/a-san-giorgio-morgeto-il-festival-castello-magia-di-suoni-e-leggende-in-aspromonte\/#primaryimage"},"thumbnailUrl":"https:\/\/progettotouring.it\/radiotouring104\/wp-content\/uploads\/sites\/6\/2022\/06\/Castello.png","keywords":["Aspromonte","castello","Festival","san Giorgio morgese"],"articleSection":["Home","News","Reggio Calabria"],"inLanguage":"it-IT","potentialAction":[{"@type":"CommentAction","name":"Comment","target":["https:\/\/progettotouring.it\/radiotouring104\/2022\/06\/09\/a-san-giorgio-morgeto-il-festival-castello-magia-di-suoni-e-leggende-in-aspromonte\/#respond"]}]},{"@type":"WebPage","@id":"https:\/\/progettotouring.it\/radiotouring104\/2022\/06\/09\/a-san-giorgio-morgeto-il-festival-castello-magia-di-suoni-e-leggende-in-aspromonte\/","url":"https:\/\/progettotouring.it\/radiotouring104\/2022\/06\/09\/a-san-giorgio-morgeto-il-festival-castello-magia-di-suoni-e-leggende-in-aspromonte\/","name":"San Giorgio Morgeto, festival \"Castello. Magia di suoni e leggende in Aspromonte\"","isPartOf":{"@id":"https:\/\/progettotouring.it\/radiotouring104\/#website"},"primaryImageOfPage":{"@id":"https:\/\/progettotouring.it\/radiotouring104\/2022\/06\/09\/a-san-giorgio-morgeto-il-festival-castello-magia-di-suoni-e-leggende-in-aspromonte\/#primaryimage"},"image":{"@id":"https:\/\/progettotouring.it\/radiotouring104\/2022\/06\/09\/a-san-giorgio-morgeto-il-festival-castello-magia-di-suoni-e-leggende-in-aspromonte\/#primaryimage"},"thumbnailUrl":"https:\/\/progettotouring.it\/radiotouring104\/wp-content\/uploads\/sites\/6\/2022\/06\/Castello.png","datePublished":"2022-06-09T08:19:34+00:00","dateModified":"2022-06-09T08:19:46+00:00","description":"Il Festival vedr\u00e0 ancora una volta artisti calabresi, italiani e stranieri, animare, il 10 e 11 giugno, la primavera sangiorgese","breadcrumb":{"@id":"https:\/\/progettotouring.it\/radiotouring104\/2022\/06\/09\/a-san-giorgio-morgeto-il-festival-castello-magia-di-suoni-e-leggende-in-aspromonte\/#breadcrumb"},"inLanguage":"it-IT","potentialAction":[{"@type":"ReadAction","target":["https:\/\/progettotouring.it\/radiotouring104\/2022\/06\/09\/a-san-giorgio-morgeto-il-festival-castello-magia-di-suoni-e-leggende-in-aspromonte\/"]}]},{"@type":"ImageObject","inLanguage":"it-IT","@id":"https:\/\/progettotouring.it\/radiotouring104\/2022\/06\/09\/a-san-giorgio-morgeto-il-festival-castello-magia-di-suoni-e-leggende-in-aspromonte\/#primaryimage","url":"https:\/\/progettotouring.it\/radiotouring104\/wp-content\/uploads\/sites\/6\/2022\/06\/Castello.png","contentUrl":"https:\/\/progettotouring.it\/radiotouring104\/wp-content\/uploads\/sites\/6\/2022\/06\/Castello.png","width":635,"height":344},{"@type":"BreadcrumbList","@id":"https:\/\/progettotouring.it\/radiotouring104\/2022\/06\/09\/a-san-giorgio-morgeto-il-festival-castello-magia-di-suoni-e-leggende-in-aspromonte\/#breadcrumb","itemListElement":[{"@type":"ListItem","position":1,"name":"Home","item":"https:\/\/progettotouring.it\/radiotouring104\/"},{"@type":"ListItem","position":2,"name":"A San Giorgio Morgeto il festival &#8220;Castello. Magia di suoni e leggende in Aspromonte&#8221;"}]},{"@type":"WebSite","@id":"https:\/\/progettotouring.it\/radiotouring104\/#website","url":"https:\/\/progettotouring.it\/radiotouring104\/","name":"Radio Touring 104","description":"La prima radio Reggina","publisher":{"@id":"https:\/\/progettotouring.it\/radiotouring104\/#organization"},"potentialAction":[{"@type":"SearchAction","target":{"@type":"EntryPoint","urlTemplate":"https:\/\/progettotouring.it\/radiotouring104\/?s={search_term_string}"},"query-input":{"@type":"PropertyValueSpecification","valueRequired":true,"valueName":"search_term_string"}}],"inLanguage":"it-IT"},{"@type":"Organization","@id":"https:\/\/progettotouring.it\/radiotouring104\/#organization","name":"Radio Touring 104","url":"https:\/\/progettotouring.it\/radiotouring104\/","logo":{"@type":"ImageObject","inLanguage":"it-IT","@id":"https:\/\/progettotouring.it\/radiotouring104\/#\/schema\/logo\/image\/","url":"https:\/\/progettotouring.it\/radiotouring104\/wp-content\/uploads\/sites\/6\/2022\/02\/cropped-logo-radio-touring-104.png","contentUrl":"https:\/\/progettotouring.it\/radiotouring104\/wp-content\/uploads\/sites\/6\/2022\/02\/cropped-logo-radio-touring-104.png","width":377,"height":182,"caption":"Radio Touring 104"},"image":{"@id":"https:\/\/progettotouring.it\/radiotouring104\/#\/schema\/logo\/image\/"}},{"@type":"Person","@id":"https:\/\/progettotouring.it\/radiotouring104\/#\/schema\/person\/1b3eb3c07c47136bc44c785c543e635f","name":"redazione","image":{"@type":"ImageObject","inLanguage":"it-IT","@id":"https:\/\/secure.gravatar.com\/avatar\/0b31605b49f100769e8b624b3e05de1b73e1692e9568a352f60f53fd072e6e11?s=96&d=mm&r=g","url":"https:\/\/secure.gravatar.com\/avatar\/0b31605b49f100769e8b624b3e05de1b73e1692e9568a352f60f53fd072e6e11?s=96&d=mm&r=g","contentUrl":"https:\/\/secure.gravatar.com\/avatar\/0b31605b49f100769e8b624b3e05de1b73e1692e9568a352f60f53fd072e6e11?s=96&d=mm&r=g","caption":"redazione"},"url":"https:\/\/progettotouring.it\/radiotouring104\/author\/redazione\/"}]}},"jetpack_publicize_connections":[],"jetpack_featured_media_url":"https:\/\/progettotouring.it\/radiotouring104\/wp-content\/uploads\/sites\/6\/2022\/06\/Castello.png","jetpack_sharing_enabled":true,"_links":{"self":[{"href":"https:\/\/progettotouring.it\/radiotouring104\/wp-json\/wp\/v2\/posts\/6381","targetHints":{"allow":["GET"]}}],"collection":[{"href":"https:\/\/progettotouring.it\/radiotouring104\/wp-json\/wp\/v2\/posts"}],"about":[{"href":"https:\/\/progettotouring.it\/radiotouring104\/wp-json\/wp\/v2\/types\/post"}],"author":[{"embeddable":true,"href":"https:\/\/progettotouring.it\/radiotouring104\/wp-json\/wp\/v2\/users\/5"}],"replies":[{"embeddable":true,"href":"https:\/\/progettotouring.it\/radiotouring104\/wp-json\/wp\/v2\/comments?post=6381"}],"version-history":[{"count":1,"href":"https:\/\/progettotouring.it\/radiotouring104\/wp-json\/wp\/v2\/posts\/6381\/revisions"}],"predecessor-version":[{"id":6383,"href":"https:\/\/progettotouring.it\/radiotouring104\/wp-json\/wp\/v2\/posts\/6381\/revisions\/6383"}],"wp:featuredmedia":[{"embeddable":true,"href":"https:\/\/progettotouring.it\/radiotouring104\/wp-json\/wp\/v2\/media\/6382"}],"wp:attachment":[{"href":"https:\/\/progettotouring.it\/radiotouring104\/wp-json\/wp\/v2\/media?parent=6381"}],"wp:term":[{"taxonomy":"category","embeddable":true,"href":"https:\/\/progettotouring.it\/radiotouring104\/wp-json\/wp\/v2\/categories?post=6381"},{"taxonomy":"post_tag","embeddable":true,"href":"https:\/\/progettotouring.it\/radiotouring104\/wp-json\/wp\/v2\/tags?post=6381"}],"curies":[{"name":"wp","href":"https:\/\/api.w.org\/{rel}","templated":true}]}}