{"id":63813,"date":"2024-12-20T09:12:28","date_gmt":"2024-12-20T08:12:28","guid":{"rendered":"https:\/\/progettotouring.it\/radiotouring104\/?p=63813"},"modified":"2024-12-20T09:12:28","modified_gmt":"2024-12-20T08:12:28","slug":"piano-di-bacino-si-riaprono-margini-di-concertazione-con-i-comuni-metropolitani","status":"publish","type":"post","link":"https:\/\/progettotouring.it\/radiotouring104\/2024\/12\/20\/piano-di-bacino-si-riaprono-margini-di-concertazione-con-i-comuni-metropolitani\/","title":{"rendered":"Piano di Bacino: si riaprono margini di concertazione con i Comuni metropolitani"},"content":{"rendered":"<p class=\"xmprfx_MsoNormal\" style=\"text-align: justify\"><strong>Nell\u2019ultima seduta della terza commissione consiliare<\/strong> \u201cTerritorio, urbanistica, patrimonio edilizio e terriero, edilizia privata, viabilit\u00e0, infrastrutture, trasporti, servizi tecnologici\u201d &#8211;<strong>presieduta dal consigliere Giuseppe Sera<\/strong>&#8211;<strong> si \u00e8 affrontato il delicato tema del<\/strong> \u201cPiano di Bacino\u201d <strong>redatto dall\u2019Autorit\u00e0 di Bacino<\/strong> dell\u2019appennino meridionale e gi\u00e0 in essere.<\/p>\n<p class=\"xmprfx_MsoNormal\" style=\"text-align: justify\">\n<p class=\"xmprfx_MsoNormal\" style=\"text-align: justify\"><strong>Nei Comuni<\/strong> del territorio metropolitano si era<strong> registrato un coro unanime di disappunto rispetto ad un documento di tale importanza che, a<\/strong> detta dei tanti Sindaci, <strong>non aveva previsto una fase propedeutica di concertazione;<\/strong> soprattutto sugli aspetti dei vincoli per il rischio idrogeologico ed alluvionale.<\/p>\n<p class=\"xmprfx_MsoNormal\" style=\"text-align: justify\"><strong>In particolare era emersa la necessit\u00e0<\/strong> di una riperimetrazione delle aree individuate e <strong>sottoposte a vincolo per evitare di bloccare progetti, gi\u00e0 in programma o di visione futura, sulle stesse.<\/strong><\/p>\n<p class=\"xmprfx_MsoNormal\" style=\"text-align: justify\">\n<p class=\"xmprfx_MsoNormal\" style=\"text-align: justify\"><strong>Si \u00e8 avuto modo di discutere dell\u2019argomento, pertanto, in modo esaustivo:<\/strong> sia per quanto concerne le competenze comunali che a livello metropolitano.<\/p>\n<p class=\"xmprfx_MsoNormal\" style=\"text-align: justify\"><strong>Infatti era stato gi\u00e0 audito<\/strong>, nella seduta di commissione precedente, l&#8217;assessore comunale all\u2019urbanistica <strong>Paolo Malara;<\/strong> il quale aveva partecipato, in nome e per conto dell&#8217;amministrazione, ad una riunione -con un gran numero di sindaci metropolitani- con i quali era gi\u00e0 stato prodotto un documento nel quale si sottolineava la mancanza di una conferenza dei servizi per la redazione del piano in un confronto che ne anticipasse la ratifica formale. Aspetto, questo, sottolineato anche dalla dirigente della citt\u00e0 metropolitana con delega al settore \u2013<strong>dr.ssa Domenica Catalfamo<\/strong>&#8211; che ha annunciato, in questa nuova seduta di commissione, che l\u2019Autorit\u00e0 di Bacino ha fortunatamente manifestato massima disponibilit\u00e0 e che la scadenza prevista per il 10 gennaio non \u00e8 stata considerata rigida; con una conseguente apertura all\u2019istanza di concertazione avanzata dai tanti comuni. Il rischio, alla luce del fatto che il \u201c<em>piano di bacino\u201d<\/em> \u00e8 gi\u00e0 vigente, sarebbe stato quello di perdere dei finanziamenti importanti del PNRR di alcune opere che ricadevano nella prima perimetrazione; molte zone interessate erano state infatti riportate in vincolo come \u201c<em>ad alto rischio<\/em>\u201d.\u00a0\u00a0Pertanto, ora, queste varie interlocuzioni tenteranno di ridefinire alcuni parametri ed alcuni confini dei nuovi vincoli per dare la possibilit\u00e0 di sviluppo alle citt\u00e0; la notizia buona \u00e8 questa e si attendono ora solo gli sviluppi positivi di questa annunciata volont\u00e0 di concertazione.<\/p>\n","protected":false},"excerpt":{"rendered":"<p>Nell\u2019ultima seduta della terza commissione consiliare \u201cTerritorio, urbanistica, patrimonio edilizio e terriero, edilizia privata, viabilit\u00e0, infrastrutture, trasporti, servizi tecnologici\u201d &#8211;presieduta dal consigliere Giuseppe Sera&#8211; si \u00e8 affrontato il delicato tema&hellip;<\/p>\n","protected":false},"author":12,"featured_media":5666,"comment_status":"closed","ping_status":"open","sticky":false,"template":"","format":"standard","meta":{"_jetpack_memberships_contains_paid_content":false,"footnotes":"","jetpack_publicize_message":"","jetpack_publicize_feature_enabled":true,"jetpack_social_post_already_shared":true,"jetpack_social_options":{"image_generator_settings":{"template":"highway","default_image_id":0,"font":"","enabled":false},"version":2}},"categories":[921,196,140],"tags":[26097,36982,3177,38845,38846],"class_list":["post-63813","post","type-post","status-publish","format-standard","has-post-thumbnail","hentry","category-home","category-news","category-reggio-calabria","tag-ass-paolo-malara","tag-comuni-metropolitani-di-reggio","tag-domenica-catalfamo","tag-piano-di-bacino","tag-si-riaprono-margini-di-concertazione"],"yoast_head":"<!-- This site is optimized with the Yoast SEO plugin v27.2 - https:\/\/yoast.com\/product\/yoast-seo-wordpress\/ -->\n<title>Piano di Bacino: si riaprono margini di concertazione con i Comuni metropolitani - Radio Touring 104<\/title>\n<meta name=\"description\" content=\"La vertenza del Piano di Bacino \u00e8 stata al centro dell&#039;ultima seduta della III Commissione consiliare, presieduta dal Consigliere Sera\" \/>\n<meta name=\"robots\" content=\"index, follow, max-snippet:-1, max-image-preview:large, max-video-preview:-1\" \/>\n<link rel=\"canonical\" href=\"https:\/\/progettotouring.it\/radiotouring104\/2024\/12\/20\/piano-di-bacino-si-riaprono-margini-di-concertazione-con-i-comuni-metropolitani\/\" \/>\n<meta property=\"og:locale\" content=\"it_IT\" \/>\n<meta property=\"og:type\" content=\"article\" \/>\n<meta property=\"og:title\" content=\"Piano di Bacino: si riaprono margini di concertazione con i Comuni metropolitani - Radio Touring 104\" \/>\n<meta property=\"og:description\" content=\"La vertenza del Piano di Bacino \u00e8 stata al centro dell&#039;ultima seduta della III Commissione consiliare, presieduta dal Consigliere Sera\" \/>\n<meta property=\"og:url\" content=\"https:\/\/progettotouring.it\/radiotouring104\/2024\/12\/20\/piano-di-bacino-si-riaprono-margini-di-concertazione-con-i-comuni-metropolitani\/\" \/>\n<meta property=\"og:site_name\" content=\"Radio Touring 104\" \/>\n<meta property=\"article:published_time\" content=\"2024-12-20T08:12:28+00:00\" \/>\n<meta property=\"og:image\" content=\"https:\/\/progettotouring.it\/radiotouring104\/wp-content\/uploads\/sites\/6\/2022\/05\/san-giorgio-comune.jpg\" \/>\n\t<meta property=\"og:image:width\" content=\"1920\" \/>\n\t<meta property=\"og:image:height\" content=\"1080\" \/>\n\t<meta property=\"og:image:type\" content=\"image\/jpeg\" \/>\n<meta name=\"author\" content=\"Sebastiano Plutino\" \/>\n<meta name=\"twitter:card\" content=\"summary_large_image\" \/>\n<meta name=\"twitter:label1\" content=\"Scritto da\" \/>\n\t<meta name=\"twitter:data1\" content=\"Sebastiano Plutino\" \/>\n\t<meta name=\"twitter:label2\" content=\"Tempo di lettura stimato\" \/>\n\t<meta name=\"twitter:data2\" content=\"2 minuti\" \/>\n<script type=\"application\/ld+json\" class=\"yoast-schema-graph\">{\"@context\":\"https:\/\/schema.org\",\"@graph\":[{\"@type\":\"Article\",\"@id\":\"https:\/\/progettotouring.it\/radiotouring104\/2024\/12\/20\/piano-di-bacino-si-riaprono-margini-di-concertazione-con-i-comuni-metropolitani\/#article\",\"isPartOf\":{\"@id\":\"https:\/\/progettotouring.it\/radiotouring104\/2024\/12\/20\/piano-di-bacino-si-riaprono-margini-di-concertazione-con-i-comuni-metropolitani\/\"},\"author\":{\"name\":\"Sebastiano Plutino\",\"@id\":\"https:\/\/progettotouring.it\/radiotouring104\/#\/schema\/person\/78613917f1851f041f7483f5af1d422e\"},\"headline\":\"Piano di Bacino: si riaprono margini di concertazione con i Comuni metropolitani\",\"datePublished\":\"2024-12-20T08:12:28+00:00\",\"mainEntityOfPage\":{\"@id\":\"https:\/\/progettotouring.it\/radiotouring104\/2024\/12\/20\/piano-di-bacino-si-riaprono-margini-di-concertazione-con-i-comuni-metropolitani\/\"},\"wordCount\":371,\"publisher\":{\"@id\":\"https:\/\/progettotouring.it\/radiotouring104\/#organization\"},\"image\":{\"@id\":\"https:\/\/progettotouring.it\/radiotouring104\/2024\/12\/20\/piano-di-bacino-si-riaprono-margini-di-concertazione-con-i-comuni-metropolitani\/#primaryimage\"},\"thumbnailUrl\":\"https:\/\/progettotouring.it\/radiotouring104\/wp-content\/uploads\/sites\/6\/2022\/05\/san-giorgio-comune.jpg\",\"keywords\":[\"Ass. Paolo Malara\",\"Comuni metropolitani di Reggio\",\"Domenica Catalfamo\",\"Piano di Bacino\",\"si riaprono margini di concertazione\"],\"articleSection\":[\"Home\",\"News\",\"Reggio Calabria\"],\"inLanguage\":\"it-IT\"},{\"@type\":\"WebPage\",\"@id\":\"https:\/\/progettotouring.it\/radiotouring104\/2024\/12\/20\/piano-di-bacino-si-riaprono-margini-di-concertazione-con-i-comuni-metropolitani\/\",\"url\":\"https:\/\/progettotouring.it\/radiotouring104\/2024\/12\/20\/piano-di-bacino-si-riaprono-margini-di-concertazione-con-i-comuni-metropolitani\/\",\"name\":\"Piano di Bacino: si riaprono margini di concertazione con i Comuni metropolitani - Radio Touring 104\",\"isPartOf\":{\"@id\":\"https:\/\/progettotouring.it\/radiotouring104\/#website\"},\"primaryImageOfPage\":{\"@id\":\"https:\/\/progettotouring.it\/radiotouring104\/2024\/12\/20\/piano-di-bacino-si-riaprono-margini-di-concertazione-con-i-comuni-metropolitani\/#primaryimage\"},\"image\":{\"@id\":\"https:\/\/progettotouring.it\/radiotouring104\/2024\/12\/20\/piano-di-bacino-si-riaprono-margini-di-concertazione-con-i-comuni-metropolitani\/#primaryimage\"},\"thumbnailUrl\":\"https:\/\/progettotouring.it\/radiotouring104\/wp-content\/uploads\/sites\/6\/2022\/05\/san-giorgio-comune.jpg\",\"datePublished\":\"2024-12-20T08:12:28+00:00\",\"description\":\"La vertenza del Piano di Bacino \u00e8 stata al centro dell'ultima seduta della III Commissione consiliare, presieduta dal Consigliere Sera\",\"breadcrumb\":{\"@id\":\"https:\/\/progettotouring.it\/radiotouring104\/2024\/12\/20\/piano-di-bacino-si-riaprono-margini-di-concertazione-con-i-comuni-metropolitani\/#breadcrumb\"},\"inLanguage\":\"it-IT\",\"potentialAction\":[{\"@type\":\"ReadAction\",\"target\":[\"https:\/\/progettotouring.it\/radiotouring104\/2024\/12\/20\/piano-di-bacino-si-riaprono-margini-di-concertazione-con-i-comuni-metropolitani\/\"]}]},{\"@type\":\"ImageObject\",\"inLanguage\":\"it-IT\",\"@id\":\"https:\/\/progettotouring.it\/radiotouring104\/2024\/12\/20\/piano-di-bacino-si-riaprono-margini-di-concertazione-con-i-comuni-metropolitani\/#primaryimage\",\"url\":\"https:\/\/progettotouring.it\/radiotouring104\/wp-content\/uploads\/sites\/6\/2022\/05\/san-giorgio-comune.jpg\",\"contentUrl\":\"https:\/\/progettotouring.it\/radiotouring104\/wp-content\/uploads\/sites\/6\/2022\/05\/san-giorgio-comune.jpg\",\"width\":1920,\"height\":1080},{\"@type\":\"BreadcrumbList\",\"@id\":\"https:\/\/progettotouring.it\/radiotouring104\/2024\/12\/20\/piano-di-bacino-si-riaprono-margini-di-concertazione-con-i-comuni-metropolitani\/#breadcrumb\",\"itemListElement\":[{\"@type\":\"ListItem\",\"position\":1,\"name\":\"Home\",\"item\":\"https:\/\/progettotouring.it\/radiotouring104\/\"},{\"@type\":\"ListItem\",\"position\":2,\"name\":\"Piano di Bacino: si riaprono margini di concertazione con i Comuni metropolitani\"}]},{\"@type\":\"WebSite\",\"@id\":\"https:\/\/progettotouring.it\/radiotouring104\/#website\",\"url\":\"https:\/\/progettotouring.it\/radiotouring104\/\",\"name\":\"Radio Touring 104\",\"description\":\"La prima radio Reggina\",\"publisher\":{\"@id\":\"https:\/\/progettotouring.it\/radiotouring104\/#organization\"},\"potentialAction\":[{\"@type\":\"SearchAction\",\"target\":{\"@type\":\"EntryPoint\",\"urlTemplate\":\"https:\/\/progettotouring.it\/radiotouring104\/?s={search_term_string}\"},\"query-input\":{\"@type\":\"PropertyValueSpecification\",\"valueRequired\":true,\"valueName\":\"search_term_string\"}}],\"inLanguage\":\"it-IT\"},{\"@type\":\"Organization\",\"@id\":\"https:\/\/progettotouring.it\/radiotouring104\/#organization\",\"name\":\"Radio Touring 104\",\"url\":\"https:\/\/progettotouring.it\/radiotouring104\/\",\"logo\":{\"@type\":\"ImageObject\",\"inLanguage\":\"it-IT\",\"@id\":\"https:\/\/progettotouring.it\/radiotouring104\/#\/schema\/logo\/image\/\",\"url\":\"https:\/\/progettotouring.it\/radiotouring104\/wp-content\/uploads\/sites\/6\/2022\/02\/cropped-logo-radio-touring-104.png\",\"contentUrl\":\"https:\/\/progettotouring.it\/radiotouring104\/wp-content\/uploads\/sites\/6\/2022\/02\/cropped-logo-radio-touring-104.png\",\"width\":377,\"height\":182,\"caption\":\"Radio Touring 104\"},\"image\":{\"@id\":\"https:\/\/progettotouring.it\/radiotouring104\/#\/schema\/logo\/image\/\"}},{\"@type\":\"Person\",\"@id\":\"https:\/\/progettotouring.it\/radiotouring104\/#\/schema\/person\/78613917f1851f041f7483f5af1d422e\",\"name\":\"Sebastiano Plutino\",\"image\":{\"@type\":\"ImageObject\",\"inLanguage\":\"it-IT\",\"@id\":\"https:\/\/secure.gravatar.com\/avatar\/0546ffaa9b79224faf9f2a156b67a529ae861d3287c66c1d8ccfdf909bcba78d?s=96&d=mm&r=g\",\"url\":\"https:\/\/secure.gravatar.com\/avatar\/0546ffaa9b79224faf9f2a156b67a529ae861d3287c66c1d8ccfdf909bcba78d?s=96&d=mm&r=g\",\"contentUrl\":\"https:\/\/secure.gravatar.com\/avatar\/0546ffaa9b79224faf9f2a156b67a529ae861d3287c66c1d8ccfdf909bcba78d?s=96&d=mm&r=g\",\"caption\":\"Sebastiano Plutino\"},\"url\":\"https:\/\/progettotouring.it\/radiotouring104\/author\/sebastiano\/\"}]}<\/script>\n<!-- \/ Yoast SEO plugin. -->","yoast_head_json":{"title":"Piano di Bacino: si riaprono margini di concertazione con i Comuni metropolitani - Radio Touring 104","description":"La vertenza del Piano di Bacino \u00e8 stata al centro dell'ultima seduta della III Commissione consiliare, presieduta dal Consigliere Sera","robots":{"index":"index","follow":"follow","max-snippet":"max-snippet:-1","max-image-preview":"max-image-preview:large","max-video-preview":"max-video-preview:-1"},"canonical":"https:\/\/progettotouring.it\/radiotouring104\/2024\/12\/20\/piano-di-bacino-si-riaprono-margini-di-concertazione-con-i-comuni-metropolitani\/","og_locale":"it_IT","og_type":"article","og_title":"Piano di Bacino: si riaprono margini di concertazione con i Comuni metropolitani - Radio Touring 104","og_description":"La vertenza del Piano di Bacino \u00e8 stata al centro dell'ultima seduta della III Commissione consiliare, presieduta dal Consigliere Sera","og_url":"https:\/\/progettotouring.it\/radiotouring104\/2024\/12\/20\/piano-di-bacino-si-riaprono-margini-di-concertazione-con-i-comuni-metropolitani\/","og_site_name":"Radio Touring 104","article_published_time":"2024-12-20T08:12:28+00:00","og_image":[{"width":1920,"height":1080,"url":"https:\/\/progettotouring.it\/radiotouring104\/wp-content\/uploads\/sites\/6\/2022\/05\/san-giorgio-comune.jpg","type":"image\/jpeg"}],"author":"Sebastiano Plutino","twitter_card":"summary_large_image","twitter_misc":{"Scritto da":"Sebastiano Plutino","Tempo di lettura stimato":"2 minuti"},"schema":{"@context":"https:\/\/schema.org","@graph":[{"@type":"Article","@id":"https:\/\/progettotouring.it\/radiotouring104\/2024\/12\/20\/piano-di-bacino-si-riaprono-margini-di-concertazione-con-i-comuni-metropolitani\/#article","isPartOf":{"@id":"https:\/\/progettotouring.it\/radiotouring104\/2024\/12\/20\/piano-di-bacino-si-riaprono-margini-di-concertazione-con-i-comuni-metropolitani\/"},"author":{"name":"Sebastiano Plutino","@id":"https:\/\/progettotouring.it\/radiotouring104\/#\/schema\/person\/78613917f1851f041f7483f5af1d422e"},"headline":"Piano di Bacino: si riaprono margini di concertazione con i Comuni metropolitani","datePublished":"2024-12-20T08:12:28+00:00","mainEntityOfPage":{"@id":"https:\/\/progettotouring.it\/radiotouring104\/2024\/12\/20\/piano-di-bacino-si-riaprono-margini-di-concertazione-con-i-comuni-metropolitani\/"},"wordCount":371,"publisher":{"@id":"https:\/\/progettotouring.it\/radiotouring104\/#organization"},"image":{"@id":"https:\/\/progettotouring.it\/radiotouring104\/2024\/12\/20\/piano-di-bacino-si-riaprono-margini-di-concertazione-con-i-comuni-metropolitani\/#primaryimage"},"thumbnailUrl":"https:\/\/progettotouring.it\/radiotouring104\/wp-content\/uploads\/sites\/6\/2022\/05\/san-giorgio-comune.jpg","keywords":["Ass. Paolo Malara","Comuni metropolitani di Reggio","Domenica Catalfamo","Piano di Bacino","si riaprono margini di concertazione"],"articleSection":["Home","News","Reggio Calabria"],"inLanguage":"it-IT"},{"@type":"WebPage","@id":"https:\/\/progettotouring.it\/radiotouring104\/2024\/12\/20\/piano-di-bacino-si-riaprono-margini-di-concertazione-con-i-comuni-metropolitani\/","url":"https:\/\/progettotouring.it\/radiotouring104\/2024\/12\/20\/piano-di-bacino-si-riaprono-margini-di-concertazione-con-i-comuni-metropolitani\/","name":"Piano di Bacino: si riaprono margini di concertazione con i Comuni metropolitani - Radio Touring 104","isPartOf":{"@id":"https:\/\/progettotouring.it\/radiotouring104\/#website"},"primaryImageOfPage":{"@id":"https:\/\/progettotouring.it\/radiotouring104\/2024\/12\/20\/piano-di-bacino-si-riaprono-margini-di-concertazione-con-i-comuni-metropolitani\/#primaryimage"},"image":{"@id":"https:\/\/progettotouring.it\/radiotouring104\/2024\/12\/20\/piano-di-bacino-si-riaprono-margini-di-concertazione-con-i-comuni-metropolitani\/#primaryimage"},"thumbnailUrl":"https:\/\/progettotouring.it\/radiotouring104\/wp-content\/uploads\/sites\/6\/2022\/05\/san-giorgio-comune.jpg","datePublished":"2024-12-20T08:12:28+00:00","description":"La vertenza del Piano di Bacino \u00e8 stata al centro dell'ultima seduta della III Commissione consiliare, presieduta dal Consigliere Sera","breadcrumb":{"@id":"https:\/\/progettotouring.it\/radiotouring104\/2024\/12\/20\/piano-di-bacino-si-riaprono-margini-di-concertazione-con-i-comuni-metropolitani\/#breadcrumb"},"inLanguage":"it-IT","potentialAction":[{"@type":"ReadAction","target":["https:\/\/progettotouring.it\/radiotouring104\/2024\/12\/20\/piano-di-bacino-si-riaprono-margini-di-concertazione-con-i-comuni-metropolitani\/"]}]},{"@type":"ImageObject","inLanguage":"it-IT","@id":"https:\/\/progettotouring.it\/radiotouring104\/2024\/12\/20\/piano-di-bacino-si-riaprono-margini-di-concertazione-con-i-comuni-metropolitani\/#primaryimage","url":"https:\/\/progettotouring.it\/radiotouring104\/wp-content\/uploads\/sites\/6\/2022\/05\/san-giorgio-comune.jpg","contentUrl":"https:\/\/progettotouring.it\/radiotouring104\/wp-content\/uploads\/sites\/6\/2022\/05\/san-giorgio-comune.jpg","width":1920,"height":1080},{"@type":"BreadcrumbList","@id":"https:\/\/progettotouring.it\/radiotouring104\/2024\/12\/20\/piano-di-bacino-si-riaprono-margini-di-concertazione-con-i-comuni-metropolitani\/#breadcrumb","itemListElement":[{"@type":"ListItem","position":1,"name":"Home","item":"https:\/\/progettotouring.it\/radiotouring104\/"},{"@type":"ListItem","position":2,"name":"Piano di Bacino: si riaprono margini di concertazione con i Comuni metropolitani"}]},{"@type":"WebSite","@id":"https:\/\/progettotouring.it\/radiotouring104\/#website","url":"https:\/\/progettotouring.it\/radiotouring104\/","name":"Radio Touring 104","description":"La prima radio Reggina","publisher":{"@id":"https:\/\/progettotouring.it\/radiotouring104\/#organization"},"potentialAction":[{"@type":"SearchAction","target":{"@type":"EntryPoint","urlTemplate":"https:\/\/progettotouring.it\/radiotouring104\/?s={search_term_string}"},"query-input":{"@type":"PropertyValueSpecification","valueRequired":true,"valueName":"search_term_string"}}],"inLanguage":"it-IT"},{"@type":"Organization","@id":"https:\/\/progettotouring.it\/radiotouring104\/#organization","name":"Radio Touring 104","url":"https:\/\/progettotouring.it\/radiotouring104\/","logo":{"@type":"ImageObject","inLanguage":"it-IT","@id":"https:\/\/progettotouring.it\/radiotouring104\/#\/schema\/logo\/image\/","url":"https:\/\/progettotouring.it\/radiotouring104\/wp-content\/uploads\/sites\/6\/2022\/02\/cropped-logo-radio-touring-104.png","contentUrl":"https:\/\/progettotouring.it\/radiotouring104\/wp-content\/uploads\/sites\/6\/2022\/02\/cropped-logo-radio-touring-104.png","width":377,"height":182,"caption":"Radio Touring 104"},"image":{"@id":"https:\/\/progettotouring.it\/radiotouring104\/#\/schema\/logo\/image\/"}},{"@type":"Person","@id":"https:\/\/progettotouring.it\/radiotouring104\/#\/schema\/person\/78613917f1851f041f7483f5af1d422e","name":"Sebastiano Plutino","image":{"@type":"ImageObject","inLanguage":"it-IT","@id":"https:\/\/secure.gravatar.com\/avatar\/0546ffaa9b79224faf9f2a156b67a529ae861d3287c66c1d8ccfdf909bcba78d?s=96&d=mm&r=g","url":"https:\/\/secure.gravatar.com\/avatar\/0546ffaa9b79224faf9f2a156b67a529ae861d3287c66c1d8ccfdf909bcba78d?s=96&d=mm&r=g","contentUrl":"https:\/\/secure.gravatar.com\/avatar\/0546ffaa9b79224faf9f2a156b67a529ae861d3287c66c1d8ccfdf909bcba78d?s=96&d=mm&r=g","caption":"Sebastiano Plutino"},"url":"https:\/\/progettotouring.it\/radiotouring104\/author\/sebastiano\/"}]}},"jetpack_publicize_connections":[],"jetpack_featured_media_url":"https:\/\/progettotouring.it\/radiotouring104\/wp-content\/uploads\/sites\/6\/2022\/05\/san-giorgio-comune.jpg","jetpack_sharing_enabled":true,"_links":{"self":[{"href":"https:\/\/progettotouring.it\/radiotouring104\/wp-json\/wp\/v2\/posts\/63813","targetHints":{"allow":["GET"]}}],"collection":[{"href":"https:\/\/progettotouring.it\/radiotouring104\/wp-json\/wp\/v2\/posts"}],"about":[{"href":"https:\/\/progettotouring.it\/radiotouring104\/wp-json\/wp\/v2\/types\/post"}],"author":[{"embeddable":true,"href":"https:\/\/progettotouring.it\/radiotouring104\/wp-json\/wp\/v2\/users\/12"}],"replies":[{"embeddable":true,"href":"https:\/\/progettotouring.it\/radiotouring104\/wp-json\/wp\/v2\/comments?post=63813"}],"version-history":[{"count":1,"href":"https:\/\/progettotouring.it\/radiotouring104\/wp-json\/wp\/v2\/posts\/63813\/revisions"}],"predecessor-version":[{"id":63814,"href":"https:\/\/progettotouring.it\/radiotouring104\/wp-json\/wp\/v2\/posts\/63813\/revisions\/63814"}],"wp:featuredmedia":[{"embeddable":true,"href":"https:\/\/progettotouring.it\/radiotouring104\/wp-json\/wp\/v2\/media\/5666"}],"wp:attachment":[{"href":"https:\/\/progettotouring.it\/radiotouring104\/wp-json\/wp\/v2\/media?parent=63813"}],"wp:term":[{"taxonomy":"category","embeddable":true,"href":"https:\/\/progettotouring.it\/radiotouring104\/wp-json\/wp\/v2\/categories?post=63813"},{"taxonomy":"post_tag","embeddable":true,"href":"https:\/\/progettotouring.it\/radiotouring104\/wp-json\/wp\/v2\/tags?post=63813"}],"curies":[{"name":"wp","href":"https:\/\/api.w.org\/{rel}","templated":true}]}}