{"id":6384,"date":"2022-06-09T10:25:04","date_gmt":"2022-06-09T08:25:04","guid":{"rendered":"https:\/\/progettotouring.it\/radiotouring104\/?p=6384"},"modified":"2022-06-09T10:25:37","modified_gmt":"2022-06-09T08:25:37","slug":"in-calabria-incontro-tra-confindustria-e-lambasciatore-disraele-dror-eydar","status":"publish","type":"post","link":"https:\/\/progettotouring.it\/radiotouring104\/2022\/06\/09\/in-calabria-incontro-tra-confindustria-e-lambasciatore-disraele-dror-eydar\/","title":{"rendered":"In Calabria incontro tra Confindustria e l&#8217;ambasciatore d&#8217;Israele Dror Eydar"},"content":{"rendered":"<p style=\"font-weight: 400; text-align: justify;\">L&#8217;ambasciatore d&#8217;Israele in Italia Dror Eydar in visita in Calabria, ha incontrato il Presidente di Confindustria Ing. Domenico Vecchio, con il quale ha ampiamente discusso su eventuali possibili soluzioni in alcuni settori, come ad esempio<strong> quello industriale, dell&#8217;agricoltura e della sicurezza, per dare una mano alle imprese reggine.<\/strong><\/p>\n<p style=\"font-weight: 400; text-align: justify;\"><strong><em>\u201cAbbiamo rappresentato quello che sono oggi le nostre aziende, le nostre importanti realt\u00e0, che sono affini a quelle del Popolo israeliano. Abbiamo chiesto all\u2019ambasciatore <\/em><\/strong><strong>\u2013 ha commentato il presidente Vecchio &#8211; <em>un intervento importante ed incisivo di collaborazione con la nostra realt\u00e0 imprenditoriale, e devo dire che abbiamo intravisto da subito grande interesse e disponibilit\u00e0. Sappiamo che la loro tecnologia israeliana \u00e8 la pi\u00f9 all\u2019avanguardia a livello mondiale, in tanti settori, nella sicurezza informatica, nella sicurezza bancaria, nell&#8217;agricoltura, quindi noi non possiamo che trarre vantaggio da questa collaborazione, ma anche loro da noi, visto il grande potenziale che la nostra terra offre\u201d. <\/em><\/strong><\/p>\n<p style=\"font-weight: 400; text-align: justify;\">E, infatti, l\u2019ambasciatore Eydar ci ha tenuto a sottolineare la bellezza e la grande forza della regione. <em>\u201cSecondo me la Calabria ha un grande potenzialit\u00e0 e grandi possibilit\u00e0 di crescita in futuro, soprattutto dal punto di vista del turismo e dell\u2019agricoltura. Questa terra con le soluzioni israeliane pu\u00f2 ottenere grandi risultati, e noi vogliamo accettare questa sfida. Abbiamo aziende che possono duplicare o triplicare i prodotti di ogni campo, senza aumentare il territorio, siamo forti nel settore dell\u2019energia solare, nella sicurezza bancaria e degli aeroporti, ma anche nella medicina, in particolare la telemedicina, che grazie alla tecnologia pi\u00f9 avanzata nel mondo pu\u00f2 portare il servizio sanitario anche in posti molto lontani e difficili da raggiungere. Sono sicuro<\/em> \u2013 ha concluso l\u2019ambasciatore \u2013 <em>che se si risolveranno alcuni problemi il futuro di Calabria sar\u00e0 molto ricco.\u201d<\/em><\/p>\n<p style=\"font-weight: 400; text-align: justify;\"><strong><em>\u00a0<\/em><\/strong><\/p>\n","protected":false},"excerpt":{"rendered":"<p>L&#8217;ambasciatore d&#8217;Israele in Italia Dror Eydar in visita in Calabria, ha incontrato il Presidente di Confindustria Ing. Domenico Vecchio, con il quale ha ampiamente discusso su eventuali possibili soluzioni in&hellip;<\/p>\n","protected":false},"author":5,"featured_media":6386,"comment_status":"open","ping_status":"open","sticky":false,"template":"","format":"standard","meta":{"_jetpack_memberships_contains_paid_content":false,"footnotes":"","jetpack_publicize_message":"","jetpack_publicize_feature_enabled":true,"jetpack_social_post_already_shared":false,"jetpack_social_options":{"image_generator_settings":{"template":"highway","default_image_id":0,"font":"","enabled":false},"version":2}},"categories":[142,921,196],"tags":[2518,586,2520,1153,2519],"class_list":["post-6384","post","type-post","status-publish","format-standard","has-post-thumbnail","hentry","category-calabria","category-home","category-news","tag-ambasciatore-disraele","tag-calabria","tag-confindustria","tag-domenico-vecchio","tag-dror-eydar"],"yoast_head":"<!-- This site is optimized with the Yoast SEO plugin v27.2 - https:\/\/yoast.com\/product\/yoast-seo-wordpress\/ -->\n<title>In Calabria incontro tra Confindustria e l&#039;ambasciatore d&#039;Israele Dror Eydar<\/title>\n<meta name=\"description\" content=\"L&#039;ambasciatore d&#039;Israele in Italia Dror Eydar in visita in Calabria, ha incontrato il Presidente di Confindustria Ing. Domenico Vecchio\" \/>\n<meta name=\"robots\" content=\"index, follow, max-snippet:-1, max-image-preview:large, max-video-preview:-1\" \/>\n<link rel=\"canonical\" href=\"https:\/\/progettotouring.it\/radiotouring104\/2022\/06\/09\/in-calabria-incontro-tra-confindustria-e-lambasciatore-disraele-dror-eydar\/\" \/>\n<meta property=\"og:locale\" content=\"it_IT\" \/>\n<meta property=\"og:type\" content=\"article\" \/>\n<meta property=\"og:title\" content=\"In Calabria incontro tra Confindustria e l&#039;ambasciatore d&#039;Israele Dror Eydar\" \/>\n<meta property=\"og:description\" content=\"L&#039;ambasciatore d&#039;Israele in Italia Dror Eydar in visita in Calabria, ha incontrato il Presidente di Confindustria Ing. Domenico Vecchio\" \/>\n<meta property=\"og:url\" content=\"https:\/\/progettotouring.it\/radiotouring104\/2022\/06\/09\/in-calabria-incontro-tra-confindustria-e-lambasciatore-disraele-dror-eydar\/\" \/>\n<meta property=\"og:site_name\" content=\"Radio Touring 104\" \/>\n<meta property=\"article:published_time\" content=\"2022-06-09T08:25:04+00:00\" \/>\n<meta property=\"article:modified_time\" content=\"2022-06-09T08:25:37+00:00\" \/>\n<meta property=\"og:image\" content=\"https:\/\/progettotouring.it\/radiotouring104\/wp-content\/uploads\/sites\/6\/2022\/06\/dror-eydar.png\" \/>\n\t<meta property=\"og:image:width\" content=\"672\" \/>\n\t<meta property=\"og:image:height\" content=\"343\" \/>\n\t<meta property=\"og:image:type\" content=\"image\/png\" \/>\n<meta name=\"author\" content=\"redazione\" \/>\n<meta name=\"twitter:card\" content=\"summary_large_image\" \/>\n<meta name=\"twitter:label1\" content=\"Scritto da\" \/>\n\t<meta name=\"twitter:data1\" content=\"redazione\" \/>\n\t<meta name=\"twitter:label2\" content=\"Tempo di lettura stimato\" \/>\n\t<meta name=\"twitter:data2\" content=\"2 minuti\" \/>\n<script type=\"application\/ld+json\" class=\"yoast-schema-graph\">{\"@context\":\"https:\/\/schema.org\",\"@graph\":[{\"@type\":\"Article\",\"@id\":\"https:\/\/progettotouring.it\/radiotouring104\/2022\/06\/09\/in-calabria-incontro-tra-confindustria-e-lambasciatore-disraele-dror-eydar\/#article\",\"isPartOf\":{\"@id\":\"https:\/\/progettotouring.it\/radiotouring104\/2022\/06\/09\/in-calabria-incontro-tra-confindustria-e-lambasciatore-disraele-dror-eydar\/\"},\"author\":{\"name\":\"redazione\",\"@id\":\"https:\/\/progettotouring.it\/radiotouring104\/#\/schema\/person\/1b3eb3c07c47136bc44c785c543e635f\"},\"headline\":\"In Calabria incontro tra Confindustria e l&#8217;ambasciatore d&#8217;Israele Dror Eydar\",\"datePublished\":\"2022-06-09T08:25:04+00:00\",\"dateModified\":\"2022-06-09T08:25:37+00:00\",\"mainEntityOfPage\":{\"@id\":\"https:\/\/progettotouring.it\/radiotouring104\/2022\/06\/09\/in-calabria-incontro-tra-confindustria-e-lambasciatore-disraele-dror-eydar\/\"},\"wordCount\":297,\"commentCount\":0,\"publisher\":{\"@id\":\"https:\/\/progettotouring.it\/radiotouring104\/#organization\"},\"image\":{\"@id\":\"https:\/\/progettotouring.it\/radiotouring104\/2022\/06\/09\/in-calabria-incontro-tra-confindustria-e-lambasciatore-disraele-dror-eydar\/#primaryimage\"},\"thumbnailUrl\":\"https:\/\/progettotouring.it\/radiotouring104\/wp-content\/uploads\/sites\/6\/2022\/06\/dror-eydar.png\",\"keywords\":[\"ambasciatore d'Israele\",\"calabria\",\"Confindustria\",\"Domenico Vecchio\",\"Dror Eydar\"],\"articleSection\":[\"Calabria\",\"Home\",\"News\"],\"inLanguage\":\"it-IT\",\"potentialAction\":[{\"@type\":\"CommentAction\",\"name\":\"Comment\",\"target\":[\"https:\/\/progettotouring.it\/radiotouring104\/2022\/06\/09\/in-calabria-incontro-tra-confindustria-e-lambasciatore-disraele-dror-eydar\/#respond\"]}]},{\"@type\":\"WebPage\",\"@id\":\"https:\/\/progettotouring.it\/radiotouring104\/2022\/06\/09\/in-calabria-incontro-tra-confindustria-e-lambasciatore-disraele-dror-eydar\/\",\"url\":\"https:\/\/progettotouring.it\/radiotouring104\/2022\/06\/09\/in-calabria-incontro-tra-confindustria-e-lambasciatore-disraele-dror-eydar\/\",\"name\":\"In Calabria incontro tra Confindustria e l'ambasciatore d'Israele Dror Eydar\",\"isPartOf\":{\"@id\":\"https:\/\/progettotouring.it\/radiotouring104\/#website\"},\"primaryImageOfPage\":{\"@id\":\"https:\/\/progettotouring.it\/radiotouring104\/2022\/06\/09\/in-calabria-incontro-tra-confindustria-e-lambasciatore-disraele-dror-eydar\/#primaryimage\"},\"image\":{\"@id\":\"https:\/\/progettotouring.it\/radiotouring104\/2022\/06\/09\/in-calabria-incontro-tra-confindustria-e-lambasciatore-disraele-dror-eydar\/#primaryimage\"},\"thumbnailUrl\":\"https:\/\/progettotouring.it\/radiotouring104\/wp-content\/uploads\/sites\/6\/2022\/06\/dror-eydar.png\",\"datePublished\":\"2022-06-09T08:25:04+00:00\",\"dateModified\":\"2022-06-09T08:25:37+00:00\",\"description\":\"L'ambasciatore d'Israele in Italia Dror Eydar in visita in Calabria, ha incontrato il Presidente di Confindustria Ing. Domenico Vecchio\",\"breadcrumb\":{\"@id\":\"https:\/\/progettotouring.it\/radiotouring104\/2022\/06\/09\/in-calabria-incontro-tra-confindustria-e-lambasciatore-disraele-dror-eydar\/#breadcrumb\"},\"inLanguage\":\"it-IT\",\"potentialAction\":[{\"@type\":\"ReadAction\",\"target\":[\"https:\/\/progettotouring.it\/radiotouring104\/2022\/06\/09\/in-calabria-incontro-tra-confindustria-e-lambasciatore-disraele-dror-eydar\/\"]}]},{\"@type\":\"ImageObject\",\"inLanguage\":\"it-IT\",\"@id\":\"https:\/\/progettotouring.it\/radiotouring104\/2022\/06\/09\/in-calabria-incontro-tra-confindustria-e-lambasciatore-disraele-dror-eydar\/#primaryimage\",\"url\":\"https:\/\/progettotouring.it\/radiotouring104\/wp-content\/uploads\/sites\/6\/2022\/06\/dror-eydar.png\",\"contentUrl\":\"https:\/\/progettotouring.it\/radiotouring104\/wp-content\/uploads\/sites\/6\/2022\/06\/dror-eydar.png\",\"width\":672,\"height\":343},{\"@type\":\"BreadcrumbList\",\"@id\":\"https:\/\/progettotouring.it\/radiotouring104\/2022\/06\/09\/in-calabria-incontro-tra-confindustria-e-lambasciatore-disraele-dror-eydar\/#breadcrumb\",\"itemListElement\":[{\"@type\":\"ListItem\",\"position\":1,\"name\":\"Home\",\"item\":\"https:\/\/progettotouring.it\/radiotouring104\/\"},{\"@type\":\"ListItem\",\"position\":2,\"name\":\"In Calabria incontro tra Confindustria e l&#8217;ambasciatore d&#8217;Israele Dror Eydar\"}]},{\"@type\":\"WebSite\",\"@id\":\"https:\/\/progettotouring.it\/radiotouring104\/#website\",\"url\":\"https:\/\/progettotouring.it\/radiotouring104\/\",\"name\":\"Radio Touring 104\",\"description\":\"La prima radio Reggina\",\"publisher\":{\"@id\":\"https:\/\/progettotouring.it\/radiotouring104\/#organization\"},\"potentialAction\":[{\"@type\":\"SearchAction\",\"target\":{\"@type\":\"EntryPoint\",\"urlTemplate\":\"https:\/\/progettotouring.it\/radiotouring104\/?s={search_term_string}\"},\"query-input\":{\"@type\":\"PropertyValueSpecification\",\"valueRequired\":true,\"valueName\":\"search_term_string\"}}],\"inLanguage\":\"it-IT\"},{\"@type\":\"Organization\",\"@id\":\"https:\/\/progettotouring.it\/radiotouring104\/#organization\",\"name\":\"Radio Touring 104\",\"url\":\"https:\/\/progettotouring.it\/radiotouring104\/\",\"logo\":{\"@type\":\"ImageObject\",\"inLanguage\":\"it-IT\",\"@id\":\"https:\/\/progettotouring.it\/radiotouring104\/#\/schema\/logo\/image\/\",\"url\":\"https:\/\/progettotouring.it\/radiotouring104\/wp-content\/uploads\/sites\/6\/2022\/02\/cropped-logo-radio-touring-104.png\",\"contentUrl\":\"https:\/\/progettotouring.it\/radiotouring104\/wp-content\/uploads\/sites\/6\/2022\/02\/cropped-logo-radio-touring-104.png\",\"width\":377,\"height\":182,\"caption\":\"Radio Touring 104\"},\"image\":{\"@id\":\"https:\/\/progettotouring.it\/radiotouring104\/#\/schema\/logo\/image\/\"}},{\"@type\":\"Person\",\"@id\":\"https:\/\/progettotouring.it\/radiotouring104\/#\/schema\/person\/1b3eb3c07c47136bc44c785c543e635f\",\"name\":\"redazione\",\"image\":{\"@type\":\"ImageObject\",\"inLanguage\":\"it-IT\",\"@id\":\"https:\/\/secure.gravatar.com\/avatar\/0b31605b49f100769e8b624b3e05de1b73e1692e9568a352f60f53fd072e6e11?s=96&d=mm&r=g\",\"url\":\"https:\/\/secure.gravatar.com\/avatar\/0b31605b49f100769e8b624b3e05de1b73e1692e9568a352f60f53fd072e6e11?s=96&d=mm&r=g\",\"contentUrl\":\"https:\/\/secure.gravatar.com\/avatar\/0b31605b49f100769e8b624b3e05de1b73e1692e9568a352f60f53fd072e6e11?s=96&d=mm&r=g\",\"caption\":\"redazione\"},\"url\":\"https:\/\/progettotouring.it\/radiotouring104\/author\/redazione\/\"}]}<\/script>\n<!-- \/ Yoast SEO plugin. -->","yoast_head_json":{"title":"In Calabria incontro tra Confindustria e l'ambasciatore d'Israele Dror Eydar","description":"L'ambasciatore d'Israele in Italia Dror Eydar in visita in Calabria, ha incontrato il Presidente di Confindustria Ing. Domenico Vecchio","robots":{"index":"index","follow":"follow","max-snippet":"max-snippet:-1","max-image-preview":"max-image-preview:large","max-video-preview":"max-video-preview:-1"},"canonical":"https:\/\/progettotouring.it\/radiotouring104\/2022\/06\/09\/in-calabria-incontro-tra-confindustria-e-lambasciatore-disraele-dror-eydar\/","og_locale":"it_IT","og_type":"article","og_title":"In Calabria incontro tra Confindustria e l'ambasciatore d'Israele Dror Eydar","og_description":"L'ambasciatore d'Israele in Italia Dror Eydar in visita in Calabria, ha incontrato il Presidente di Confindustria Ing. Domenico Vecchio","og_url":"https:\/\/progettotouring.it\/radiotouring104\/2022\/06\/09\/in-calabria-incontro-tra-confindustria-e-lambasciatore-disraele-dror-eydar\/","og_site_name":"Radio Touring 104","article_published_time":"2022-06-09T08:25:04+00:00","article_modified_time":"2022-06-09T08:25:37+00:00","og_image":[{"width":672,"height":343,"url":"https:\/\/progettotouring.it\/radiotouring104\/wp-content\/uploads\/sites\/6\/2022\/06\/dror-eydar.png","type":"image\/png"}],"author":"redazione","twitter_card":"summary_large_image","twitter_misc":{"Scritto da":"redazione","Tempo di lettura stimato":"2 minuti"},"schema":{"@context":"https:\/\/schema.org","@graph":[{"@type":"Article","@id":"https:\/\/progettotouring.it\/radiotouring104\/2022\/06\/09\/in-calabria-incontro-tra-confindustria-e-lambasciatore-disraele-dror-eydar\/#article","isPartOf":{"@id":"https:\/\/progettotouring.it\/radiotouring104\/2022\/06\/09\/in-calabria-incontro-tra-confindustria-e-lambasciatore-disraele-dror-eydar\/"},"author":{"name":"redazione","@id":"https:\/\/progettotouring.it\/radiotouring104\/#\/schema\/person\/1b3eb3c07c47136bc44c785c543e635f"},"headline":"In Calabria incontro tra Confindustria e l&#8217;ambasciatore d&#8217;Israele Dror Eydar","datePublished":"2022-06-09T08:25:04+00:00","dateModified":"2022-06-09T08:25:37+00:00","mainEntityOfPage":{"@id":"https:\/\/progettotouring.it\/radiotouring104\/2022\/06\/09\/in-calabria-incontro-tra-confindustria-e-lambasciatore-disraele-dror-eydar\/"},"wordCount":297,"commentCount":0,"publisher":{"@id":"https:\/\/progettotouring.it\/radiotouring104\/#organization"},"image":{"@id":"https:\/\/progettotouring.it\/radiotouring104\/2022\/06\/09\/in-calabria-incontro-tra-confindustria-e-lambasciatore-disraele-dror-eydar\/#primaryimage"},"thumbnailUrl":"https:\/\/progettotouring.it\/radiotouring104\/wp-content\/uploads\/sites\/6\/2022\/06\/dror-eydar.png","keywords":["ambasciatore d'Israele","calabria","Confindustria","Domenico Vecchio","Dror Eydar"],"articleSection":["Calabria","Home","News"],"inLanguage":"it-IT","potentialAction":[{"@type":"CommentAction","name":"Comment","target":["https:\/\/progettotouring.it\/radiotouring104\/2022\/06\/09\/in-calabria-incontro-tra-confindustria-e-lambasciatore-disraele-dror-eydar\/#respond"]}]},{"@type":"WebPage","@id":"https:\/\/progettotouring.it\/radiotouring104\/2022\/06\/09\/in-calabria-incontro-tra-confindustria-e-lambasciatore-disraele-dror-eydar\/","url":"https:\/\/progettotouring.it\/radiotouring104\/2022\/06\/09\/in-calabria-incontro-tra-confindustria-e-lambasciatore-disraele-dror-eydar\/","name":"In Calabria incontro tra Confindustria e l'ambasciatore d'Israele Dror Eydar","isPartOf":{"@id":"https:\/\/progettotouring.it\/radiotouring104\/#website"},"primaryImageOfPage":{"@id":"https:\/\/progettotouring.it\/radiotouring104\/2022\/06\/09\/in-calabria-incontro-tra-confindustria-e-lambasciatore-disraele-dror-eydar\/#primaryimage"},"image":{"@id":"https:\/\/progettotouring.it\/radiotouring104\/2022\/06\/09\/in-calabria-incontro-tra-confindustria-e-lambasciatore-disraele-dror-eydar\/#primaryimage"},"thumbnailUrl":"https:\/\/progettotouring.it\/radiotouring104\/wp-content\/uploads\/sites\/6\/2022\/06\/dror-eydar.png","datePublished":"2022-06-09T08:25:04+00:00","dateModified":"2022-06-09T08:25:37+00:00","description":"L'ambasciatore d'Israele in Italia Dror Eydar in visita in Calabria, ha incontrato il Presidente di Confindustria Ing. Domenico Vecchio","breadcrumb":{"@id":"https:\/\/progettotouring.it\/radiotouring104\/2022\/06\/09\/in-calabria-incontro-tra-confindustria-e-lambasciatore-disraele-dror-eydar\/#breadcrumb"},"inLanguage":"it-IT","potentialAction":[{"@type":"ReadAction","target":["https:\/\/progettotouring.it\/radiotouring104\/2022\/06\/09\/in-calabria-incontro-tra-confindustria-e-lambasciatore-disraele-dror-eydar\/"]}]},{"@type":"ImageObject","inLanguage":"it-IT","@id":"https:\/\/progettotouring.it\/radiotouring104\/2022\/06\/09\/in-calabria-incontro-tra-confindustria-e-lambasciatore-disraele-dror-eydar\/#primaryimage","url":"https:\/\/progettotouring.it\/radiotouring104\/wp-content\/uploads\/sites\/6\/2022\/06\/dror-eydar.png","contentUrl":"https:\/\/progettotouring.it\/radiotouring104\/wp-content\/uploads\/sites\/6\/2022\/06\/dror-eydar.png","width":672,"height":343},{"@type":"BreadcrumbList","@id":"https:\/\/progettotouring.it\/radiotouring104\/2022\/06\/09\/in-calabria-incontro-tra-confindustria-e-lambasciatore-disraele-dror-eydar\/#breadcrumb","itemListElement":[{"@type":"ListItem","position":1,"name":"Home","item":"https:\/\/progettotouring.it\/radiotouring104\/"},{"@type":"ListItem","position":2,"name":"In Calabria incontro tra Confindustria e l&#8217;ambasciatore d&#8217;Israele Dror Eydar"}]},{"@type":"WebSite","@id":"https:\/\/progettotouring.it\/radiotouring104\/#website","url":"https:\/\/progettotouring.it\/radiotouring104\/","name":"Radio Touring 104","description":"La prima radio Reggina","publisher":{"@id":"https:\/\/progettotouring.it\/radiotouring104\/#organization"},"potentialAction":[{"@type":"SearchAction","target":{"@type":"EntryPoint","urlTemplate":"https:\/\/progettotouring.it\/radiotouring104\/?s={search_term_string}"},"query-input":{"@type":"PropertyValueSpecification","valueRequired":true,"valueName":"search_term_string"}}],"inLanguage":"it-IT"},{"@type":"Organization","@id":"https:\/\/progettotouring.it\/radiotouring104\/#organization","name":"Radio Touring 104","url":"https:\/\/progettotouring.it\/radiotouring104\/","logo":{"@type":"ImageObject","inLanguage":"it-IT","@id":"https:\/\/progettotouring.it\/radiotouring104\/#\/schema\/logo\/image\/","url":"https:\/\/progettotouring.it\/radiotouring104\/wp-content\/uploads\/sites\/6\/2022\/02\/cropped-logo-radio-touring-104.png","contentUrl":"https:\/\/progettotouring.it\/radiotouring104\/wp-content\/uploads\/sites\/6\/2022\/02\/cropped-logo-radio-touring-104.png","width":377,"height":182,"caption":"Radio Touring 104"},"image":{"@id":"https:\/\/progettotouring.it\/radiotouring104\/#\/schema\/logo\/image\/"}},{"@type":"Person","@id":"https:\/\/progettotouring.it\/radiotouring104\/#\/schema\/person\/1b3eb3c07c47136bc44c785c543e635f","name":"redazione","image":{"@type":"ImageObject","inLanguage":"it-IT","@id":"https:\/\/secure.gravatar.com\/avatar\/0b31605b49f100769e8b624b3e05de1b73e1692e9568a352f60f53fd072e6e11?s=96&d=mm&r=g","url":"https:\/\/secure.gravatar.com\/avatar\/0b31605b49f100769e8b624b3e05de1b73e1692e9568a352f60f53fd072e6e11?s=96&d=mm&r=g","contentUrl":"https:\/\/secure.gravatar.com\/avatar\/0b31605b49f100769e8b624b3e05de1b73e1692e9568a352f60f53fd072e6e11?s=96&d=mm&r=g","caption":"redazione"},"url":"https:\/\/progettotouring.it\/radiotouring104\/author\/redazione\/"}]}},"jetpack_publicize_connections":[],"jetpack_featured_media_url":"https:\/\/progettotouring.it\/radiotouring104\/wp-content\/uploads\/sites\/6\/2022\/06\/dror-eydar.png","jetpack_sharing_enabled":true,"_links":{"self":[{"href":"https:\/\/progettotouring.it\/radiotouring104\/wp-json\/wp\/v2\/posts\/6384","targetHints":{"allow":["GET"]}}],"collection":[{"href":"https:\/\/progettotouring.it\/radiotouring104\/wp-json\/wp\/v2\/posts"}],"about":[{"href":"https:\/\/progettotouring.it\/radiotouring104\/wp-json\/wp\/v2\/types\/post"}],"author":[{"embeddable":true,"href":"https:\/\/progettotouring.it\/radiotouring104\/wp-json\/wp\/v2\/users\/5"}],"replies":[{"embeddable":true,"href":"https:\/\/progettotouring.it\/radiotouring104\/wp-json\/wp\/v2\/comments?post=6384"}],"version-history":[{"count":1,"href":"https:\/\/progettotouring.it\/radiotouring104\/wp-json\/wp\/v2\/posts\/6384\/revisions"}],"predecessor-version":[{"id":6387,"href":"https:\/\/progettotouring.it\/radiotouring104\/wp-json\/wp\/v2\/posts\/6384\/revisions\/6387"}],"wp:featuredmedia":[{"embeddable":true,"href":"https:\/\/progettotouring.it\/radiotouring104\/wp-json\/wp\/v2\/media\/6386"}],"wp:attachment":[{"href":"https:\/\/progettotouring.it\/radiotouring104\/wp-json\/wp\/v2\/media?parent=6384"}],"wp:term":[{"taxonomy":"category","embeddable":true,"href":"https:\/\/progettotouring.it\/radiotouring104\/wp-json\/wp\/v2\/categories?post=6384"},{"taxonomy":"post_tag","embeddable":true,"href":"https:\/\/progettotouring.it\/radiotouring104\/wp-json\/wp\/v2\/tags?post=6384"}],"curies":[{"name":"wp","href":"https:\/\/api.w.org\/{rel}","templated":true}]}}