{"id":6388,"date":"2022-06-09T10:32:53","date_gmt":"2022-06-09T08:32:53","guid":{"rendered":"https:\/\/progettotouring.it\/radiotouring104\/?p=6388"},"modified":"2022-06-09T10:33:10","modified_gmt":"2022-06-09T08:33:10","slug":"lic-radice-alighieri-e-save-the-children-insieme-per-formare-i-cittadini-digitali-del-futuro","status":"publish","type":"post","link":"https:\/\/progettotouring.it\/radiotouring104\/2022\/06\/09\/lic-radice-alighieri-e-save-the-children-insieme-per-formare-i-cittadini-digitali-del-futuro\/","title":{"rendered":"L&#8217;IC Radice-Alighieri e Save the Children insieme per formare i cittadini digitali del futuro"},"content":{"rendered":"<p style=\"font-weight: 400; text-align: justify;\">Si \u00e8 appena concluso all\u2019Istituto Comprensivo \u201cRadice-Alighieri\u201d di Catona il primo anno, dei due previsti, del progetto \u201cConnessioni Digitali\u201d in collaborazione con Save the Children Italia.<\/p>\n<p style=\"font-weight: 400; text-align: justify;\">Alunni e docenti delle seconde classi della scuola secondaria di primo grado sono stati coinvolti in attivit\u00e0 laboratoriali, nell\u2019ambito informatico e digitale, di altissimo valore formativo, didattico e sociale.<\/p>\n<p style=\"font-weight: 400; text-align: justify;\">Una mail arrivata, alla fine dell&#8217;anno scolastico scorso, ci illustrava un nuovo percorso progettuale che avrebbe coinvolto le classi seconde per il successivo anno scolastico 2021\/2022. Inizialmente la proposta ci lasciava perplessi e, come a volte accade, un po\u2019 indifferenti, considerato che a noi docenti quotidianamente, arrivano numerosi inviti a partecipare ad iniziative progettuali da parte di diverse organizzazioni e associazioni umanitarie, culturali, di volontariato, ecc.<\/p>\n<p style=\"font-weight: 400; text-align: justify;\">In un secondo momento, per\u00f2, l&#8217;attenzione viene catturata da quel \u201clogo rosso\u201d dall\u2019aria quasi familiare, che rappresenta SAVE THE CHILDREN, organizzazione no profit che da sempre lotta per migliorare la vita dei pi\u00f9 piccoli.<\/p>\n<p style=\"font-weight: 400; text-align: justify;\">\u00c8 cos\u00ec che, dopo avere valutato la documentazione del progetto nei contesti collegiali scolastici e con il beneplacito della nostra Dirigente Scolastica Avv. Simona Sapone,\u00a0 inizia la collaborazione tra la nostra scuola, l&#8217;I.C. Radice Alighieri Catona e Save The Children, attraverso il progetto CONNESSIONI DIGITALI, promosso anche dalla CREMIT e dalla Cooperativa EDI ONLUS.<\/p>\n<p style=\"font-weight: 400; text-align: justify;\">Obiettivo comune? Colmare la povert\u00e0 educativa digitale, lavorando con discenti tra i 12 e i 14 anni attraverso una metodologia didattica innovativa che ha il fine di garantire ai pi\u00f9 giovani l\u2019espressione delle proprie potenzialit\u00e0, superando le disuguaglianze.<\/p>\n<p style=\"font-weight: 400; text-align: justify;\">Il percorso progettuale ci appare sin dall&#8217;inizio avvincente ed entusiasmante grazie soprattutto all\u2019affiancamento delle tutor che ci vengono assegnate, la dott. Alessandra Mosca, che segue il progetto dal punto di vista tecnico, e la dott.ssa Giulia Melissari la quale, dopo un intenso corso di formazione portato avanti con estrema professionalit\u00e0 e competenza, ci seguir\u00e0 per tutto l\u2019anno scolastico supportandoci nel lavoro concreto, in classe, con i discenti.<\/p>\n<p style=\"font-weight: 400; text-align: justify;\">Il percorso affrontato ha avuto molteplici risvolti positivi, in primis, far s\u00ec che gli alunni avanzino verso l\u2019essere cittadini digitali attivi, padroni di strumenti, che gli consentano di esprimere idee in modo creativo, consapevole e sicuro, in modo da poter navigare il presente e progettare il futuro, in secondo luogo la creazione della Newsroom , in corso di allestimento da Save the children nell\u2019aula magna della scuola, laboratorio di creazione cross-mediale, una sorta di mini redazione giornalistica, spazio per acquisire e rafforzare le competenze digitali, aprendosi al mondo virtuale e al territorio e non per ultimo il fattore relazionale e inclusivo, obiettivo primario di qualsiasi comunit\u00e0 educante.<\/p>\n<p style=\"font-weight: 400; text-align: justify;\">Il progetto prevede due annualit\u00e0, la prima appena trascorsa, ad oggi sta per concludersi con un risultato ottimale, ha coinvolto tre classi (IIA-IIB-IIE) e dieci docenti che a vario titolo hanno messo in evidenza le loro competenze e soprattutto l\u2019essere gruppo inclusivo.<\/p>\n<p style=\"font-weight: 400; text-align: justify;\">Le attivit\u00e0 previste, in ambito laboratoriale e con l\u2019utilizzo degli strumenti informatici, sono state molteplici ed entusiasmanti, dalla creazione di una voce di wikipedia alla elaborazione di una petizione online, dalla realizzazione e montaggio di un podcast alla stesura di una recensione. Ogni percorso si \u00e8 svolto in un\u2019ottica di gruppo collaborativo dove i singoli alunni con specifici compiti e responsabilit\u00e0 hanno portato avanti il proprio lavoro, coordinato dai docenti delle classi coinvolte. Il tutto poi \u00e8 stato messo in rete diffondendo iniziative sociali che hanno trattato di problematiche specifiche del territorio dove \u00e8 collocata la scuola.<\/p>\n<p style=\"font-weight: 400; text-align: justify;\">Le nuove voci di wikipedia hanno descritto ed illustrato la storia e l\u2019articolazione del nostro Istituto Comprensivo, il monumento di San Francesco a Catona e la figura di Antonio Caserta (scrittore, giornalista e poeta di Catona).<\/p>\n<p style=\"font-weight: 400; text-align: justify;\">Le petizioni lanciate online con grandissimo successo hanno portato all\u2019attenzione degli amministratori locali, alcune delle criticit\u00e0 delle strutture scolastiche e sportive di Catona.<\/p>\n<p style=\"font-weight: 400; text-align: justify;\">I podcast pubblicati sul portale \u201cSpreaker\u201d hanno riguardato film di interesse sociale e libri scritti da autori del nostro territorio.<\/p>\n<p style=\"font-weight: 400; text-align: justify;\">Ci prepariamo ad affrontare il prossimo anno di attivit\u00e0 con entusiasmo e decisione, avendo come obiettivo prioritario la diffusione a tutta la comunit\u00e0 scolastica delle competenze acquisite affinch\u00e9 le nuove generazioni si proiettino nel mondo dell\u2019informazione, del digitale e dei social network con coscienza, spirito critico e una maggiore padronanza e controllo degli strumenti innovativi che la tecnologia ci mette a disposizione.<\/p>\n<p style=\"font-weight: 400; text-align: justify;\">La nostra mission, anche attraverso questo progetto,\u00a0 \u00e8 quella di allontanare il pi\u00f9 possibile i giovani dai contenuti spazzatura presenti nella rete internet per renderli cittadini attivi e consapevoli con competenze digitali che facilitino la costruzione del loro futuro nella speranza di vedere a breve una societ\u00e0 migliore, pi\u00f9 altruistica e solidale.<\/p>\n<p style=\"font-weight: 400; text-align: justify;\">Si ringraziano gli alunni di tutte le classi seconde, i referenti del progetto prof.ssa Simona Leanza e prof Roberto Ripepi (animatore digitale) e tutti i docenti referenti di classe, prof.sse Borrello, Corigliano, Chirico, Surace, Canale e il prof Mancuso. Soddisfazione \u00e8 stata espressa dal Dirigente scolastico, Simona Sapone.<\/p>\n","protected":false},"excerpt":{"rendered":"<p>Si \u00e8 appena concluso all\u2019Istituto Comprensivo \u201cRadice-Alighieri\u201d di Catona il primo anno, dei due previsti, del progetto \u201cConnessioni Digitali\u201d in collaborazione con Save the Children Italia. Alunni e docenti delle&hellip;<\/p>\n","protected":false},"author":5,"featured_media":6389,"comment_status":"open","ping_status":"open","sticky":false,"template":"","format":"standard","meta":{"_jetpack_memberships_contains_paid_content":false,"footnotes":"","jetpack_publicize_message":"","jetpack_publicize_feature_enabled":true,"jetpack_social_post_already_shared":false,"jetpack_social_options":{"image_generator_settings":{"template":"highway","default_image_id":0,"font":"","enabled":false},"version":2}},"categories":[921,196,140],"tags":[2256,2523,2522,2521],"class_list":["post-6388","post","type-post","status-publish","format-standard","has-post-thumbnail","hentry","category-home","category-news","category-reggio-calabria","tag-catona","tag-connessioni-digitali","tag-ic-radice-alighieri","tag-save-the-children"],"yoast_head":"<!-- This site is optimized with the Yoast SEO plugin v27.2 - https:\/\/yoast.com\/product\/yoast-seo-wordpress\/ -->\n<title>L&#039;IC Radice-Alighieri e Save the Children insieme per futuri cittadini digitali<\/title>\n<meta name=\"description\" content=\"Si \u00e8 appena concluso all\u2019IC Radice-Alighieri di Catona il primo anno del progetto \u201cConnessioni Digitali\u201d con Save the Children Italia\" \/>\n<meta name=\"robots\" content=\"index, follow, max-snippet:-1, max-image-preview:large, max-video-preview:-1\" \/>\n<link rel=\"canonical\" href=\"https:\/\/progettotouring.it\/radiotouring104\/2022\/06\/09\/lic-radice-alighieri-e-save-the-children-insieme-per-formare-i-cittadini-digitali-del-futuro\/\" \/>\n<meta property=\"og:locale\" content=\"it_IT\" \/>\n<meta property=\"og:type\" content=\"article\" \/>\n<meta property=\"og:title\" content=\"L&#039;IC Radice-Alighieri e Save the Children insieme per futuri cittadini digitali\" \/>\n<meta property=\"og:description\" content=\"Si \u00e8 appena concluso all\u2019IC Radice-Alighieri di Catona il primo anno del progetto \u201cConnessioni Digitali\u201d con Save the Children Italia\" \/>\n<meta property=\"og:url\" content=\"https:\/\/progettotouring.it\/radiotouring104\/2022\/06\/09\/lic-radice-alighieri-e-save-the-children-insieme-per-formare-i-cittadini-digitali-del-futuro\/\" \/>\n<meta property=\"og:site_name\" content=\"Radio Touring 104\" \/>\n<meta property=\"article:published_time\" content=\"2022-06-09T08:32:53+00:00\" \/>\n<meta property=\"article:modified_time\" content=\"2022-06-09T08:33:10+00:00\" \/>\n<meta property=\"og:image\" content=\"https:\/\/progettotouring.it\/radiotouring104\/wp-content\/uploads\/sites\/6\/2022\/06\/save-the-children.jpg\" \/>\n\t<meta property=\"og:image:width\" content=\"2048\" \/>\n\t<meta property=\"og:image:height\" content=\"1152\" \/>\n\t<meta property=\"og:image:type\" content=\"image\/jpeg\" \/>\n<meta name=\"author\" content=\"redazione\" \/>\n<meta name=\"twitter:card\" content=\"summary_large_image\" \/>\n<meta name=\"twitter:label1\" content=\"Scritto da\" \/>\n\t<meta name=\"twitter:data1\" content=\"redazione\" \/>\n\t<meta name=\"twitter:label2\" content=\"Tempo di lettura stimato\" \/>\n\t<meta name=\"twitter:data2\" content=\"5 minuti\" \/>\n<script type=\"application\/ld+json\" class=\"yoast-schema-graph\">{\"@context\":\"https:\/\/schema.org\",\"@graph\":[{\"@type\":\"Article\",\"@id\":\"https:\/\/progettotouring.it\/radiotouring104\/2022\/06\/09\/lic-radice-alighieri-e-save-the-children-insieme-per-formare-i-cittadini-digitali-del-futuro\/#article\",\"isPartOf\":{\"@id\":\"https:\/\/progettotouring.it\/radiotouring104\/2022\/06\/09\/lic-radice-alighieri-e-save-the-children-insieme-per-formare-i-cittadini-digitali-del-futuro\/\"},\"author\":{\"name\":\"redazione\",\"@id\":\"https:\/\/progettotouring.it\/radiotouring104\/#\/schema\/person\/1b3eb3c07c47136bc44c785c543e635f\"},\"headline\":\"L&#8217;IC Radice-Alighieri e Save the Children insieme per formare i cittadini digitali del futuro\",\"datePublished\":\"2022-06-09T08:32:53+00:00\",\"dateModified\":\"2022-06-09T08:33:10+00:00\",\"mainEntityOfPage\":{\"@id\":\"https:\/\/progettotouring.it\/radiotouring104\/2022\/06\/09\/lic-radice-alighieri-e-save-the-children-insieme-per-formare-i-cittadini-digitali-del-futuro\/\"},\"wordCount\":822,\"commentCount\":0,\"publisher\":{\"@id\":\"https:\/\/progettotouring.it\/radiotouring104\/#organization\"},\"image\":{\"@id\":\"https:\/\/progettotouring.it\/radiotouring104\/2022\/06\/09\/lic-radice-alighieri-e-save-the-children-insieme-per-formare-i-cittadini-digitali-del-futuro\/#primaryimage\"},\"thumbnailUrl\":\"https:\/\/progettotouring.it\/radiotouring104\/wp-content\/uploads\/sites\/6\/2022\/06\/save-the-children.jpg\",\"keywords\":[\"catona\",\"Connessioni Digitali\",\"IC Radice-alighieri\",\"save the children\"],\"articleSection\":[\"Home\",\"News\",\"Reggio Calabria\"],\"inLanguage\":\"it-IT\",\"potentialAction\":[{\"@type\":\"CommentAction\",\"name\":\"Comment\",\"target\":[\"https:\/\/progettotouring.it\/radiotouring104\/2022\/06\/09\/lic-radice-alighieri-e-save-the-children-insieme-per-formare-i-cittadini-digitali-del-futuro\/#respond\"]}]},{\"@type\":\"WebPage\",\"@id\":\"https:\/\/progettotouring.it\/radiotouring104\/2022\/06\/09\/lic-radice-alighieri-e-save-the-children-insieme-per-formare-i-cittadini-digitali-del-futuro\/\",\"url\":\"https:\/\/progettotouring.it\/radiotouring104\/2022\/06\/09\/lic-radice-alighieri-e-save-the-children-insieme-per-formare-i-cittadini-digitali-del-futuro\/\",\"name\":\"L'IC Radice-Alighieri e Save the Children insieme per futuri cittadini digitali\",\"isPartOf\":{\"@id\":\"https:\/\/progettotouring.it\/radiotouring104\/#website\"},\"primaryImageOfPage\":{\"@id\":\"https:\/\/progettotouring.it\/radiotouring104\/2022\/06\/09\/lic-radice-alighieri-e-save-the-children-insieme-per-formare-i-cittadini-digitali-del-futuro\/#primaryimage\"},\"image\":{\"@id\":\"https:\/\/progettotouring.it\/radiotouring104\/2022\/06\/09\/lic-radice-alighieri-e-save-the-children-insieme-per-formare-i-cittadini-digitali-del-futuro\/#primaryimage\"},\"thumbnailUrl\":\"https:\/\/progettotouring.it\/radiotouring104\/wp-content\/uploads\/sites\/6\/2022\/06\/save-the-children.jpg\",\"datePublished\":\"2022-06-09T08:32:53+00:00\",\"dateModified\":\"2022-06-09T08:33:10+00:00\",\"description\":\"Si \u00e8 appena concluso all\u2019IC Radice-Alighieri di Catona il primo anno del progetto \u201cConnessioni Digitali\u201d con Save the Children Italia\",\"breadcrumb\":{\"@id\":\"https:\/\/progettotouring.it\/radiotouring104\/2022\/06\/09\/lic-radice-alighieri-e-save-the-children-insieme-per-formare-i-cittadini-digitali-del-futuro\/#breadcrumb\"},\"inLanguage\":\"it-IT\",\"potentialAction\":[{\"@type\":\"ReadAction\",\"target\":[\"https:\/\/progettotouring.it\/radiotouring104\/2022\/06\/09\/lic-radice-alighieri-e-save-the-children-insieme-per-formare-i-cittadini-digitali-del-futuro\/\"]}]},{\"@type\":\"ImageObject\",\"inLanguage\":\"it-IT\",\"@id\":\"https:\/\/progettotouring.it\/radiotouring104\/2022\/06\/09\/lic-radice-alighieri-e-save-the-children-insieme-per-formare-i-cittadini-digitali-del-futuro\/#primaryimage\",\"url\":\"https:\/\/progettotouring.it\/radiotouring104\/wp-content\/uploads\/sites\/6\/2022\/06\/save-the-children.jpg\",\"contentUrl\":\"https:\/\/progettotouring.it\/radiotouring104\/wp-content\/uploads\/sites\/6\/2022\/06\/save-the-children.jpg\",\"width\":2048,\"height\":1152},{\"@type\":\"BreadcrumbList\",\"@id\":\"https:\/\/progettotouring.it\/radiotouring104\/2022\/06\/09\/lic-radice-alighieri-e-save-the-children-insieme-per-formare-i-cittadini-digitali-del-futuro\/#breadcrumb\",\"itemListElement\":[{\"@type\":\"ListItem\",\"position\":1,\"name\":\"Home\",\"item\":\"https:\/\/progettotouring.it\/radiotouring104\/\"},{\"@type\":\"ListItem\",\"position\":2,\"name\":\"L&#8217;IC Radice-Alighieri e Save the Children insieme per formare i cittadini digitali del futuro\"}]},{\"@type\":\"WebSite\",\"@id\":\"https:\/\/progettotouring.it\/radiotouring104\/#website\",\"url\":\"https:\/\/progettotouring.it\/radiotouring104\/\",\"name\":\"Radio Touring 104\",\"description\":\"La prima radio Reggina\",\"publisher\":{\"@id\":\"https:\/\/progettotouring.it\/radiotouring104\/#organization\"},\"potentialAction\":[{\"@type\":\"SearchAction\",\"target\":{\"@type\":\"EntryPoint\",\"urlTemplate\":\"https:\/\/progettotouring.it\/radiotouring104\/?s={search_term_string}\"},\"query-input\":{\"@type\":\"PropertyValueSpecification\",\"valueRequired\":true,\"valueName\":\"search_term_string\"}}],\"inLanguage\":\"it-IT\"},{\"@type\":\"Organization\",\"@id\":\"https:\/\/progettotouring.it\/radiotouring104\/#organization\",\"name\":\"Radio Touring 104\",\"url\":\"https:\/\/progettotouring.it\/radiotouring104\/\",\"logo\":{\"@type\":\"ImageObject\",\"inLanguage\":\"it-IT\",\"@id\":\"https:\/\/progettotouring.it\/radiotouring104\/#\/schema\/logo\/image\/\",\"url\":\"https:\/\/progettotouring.it\/radiotouring104\/wp-content\/uploads\/sites\/6\/2022\/02\/cropped-logo-radio-touring-104.png\",\"contentUrl\":\"https:\/\/progettotouring.it\/radiotouring104\/wp-content\/uploads\/sites\/6\/2022\/02\/cropped-logo-radio-touring-104.png\",\"width\":377,\"height\":182,\"caption\":\"Radio Touring 104\"},\"image\":{\"@id\":\"https:\/\/progettotouring.it\/radiotouring104\/#\/schema\/logo\/image\/\"}},{\"@type\":\"Person\",\"@id\":\"https:\/\/progettotouring.it\/radiotouring104\/#\/schema\/person\/1b3eb3c07c47136bc44c785c543e635f\",\"name\":\"redazione\",\"image\":{\"@type\":\"ImageObject\",\"inLanguage\":\"it-IT\",\"@id\":\"https:\/\/secure.gravatar.com\/avatar\/0b31605b49f100769e8b624b3e05de1b73e1692e9568a352f60f53fd072e6e11?s=96&d=mm&r=g\",\"url\":\"https:\/\/secure.gravatar.com\/avatar\/0b31605b49f100769e8b624b3e05de1b73e1692e9568a352f60f53fd072e6e11?s=96&d=mm&r=g\",\"contentUrl\":\"https:\/\/secure.gravatar.com\/avatar\/0b31605b49f100769e8b624b3e05de1b73e1692e9568a352f60f53fd072e6e11?s=96&d=mm&r=g\",\"caption\":\"redazione\"},\"url\":\"https:\/\/progettotouring.it\/radiotouring104\/author\/redazione\/\"}]}<\/script>\n<!-- \/ Yoast SEO plugin. -->","yoast_head_json":{"title":"L'IC Radice-Alighieri e Save the Children insieme per futuri cittadini digitali","description":"Si \u00e8 appena concluso all\u2019IC Radice-Alighieri di Catona il primo anno del progetto \u201cConnessioni Digitali\u201d con Save the Children Italia","robots":{"index":"index","follow":"follow","max-snippet":"max-snippet:-1","max-image-preview":"max-image-preview:large","max-video-preview":"max-video-preview:-1"},"canonical":"https:\/\/progettotouring.it\/radiotouring104\/2022\/06\/09\/lic-radice-alighieri-e-save-the-children-insieme-per-formare-i-cittadini-digitali-del-futuro\/","og_locale":"it_IT","og_type":"article","og_title":"L'IC Radice-Alighieri e Save the Children insieme per futuri cittadini digitali","og_description":"Si \u00e8 appena concluso all\u2019IC Radice-Alighieri di Catona il primo anno del progetto \u201cConnessioni Digitali\u201d con Save the Children Italia","og_url":"https:\/\/progettotouring.it\/radiotouring104\/2022\/06\/09\/lic-radice-alighieri-e-save-the-children-insieme-per-formare-i-cittadini-digitali-del-futuro\/","og_site_name":"Radio Touring 104","article_published_time":"2022-06-09T08:32:53+00:00","article_modified_time":"2022-06-09T08:33:10+00:00","og_image":[{"width":2048,"height":1152,"url":"https:\/\/progettotouring.it\/radiotouring104\/wp-content\/uploads\/sites\/6\/2022\/06\/save-the-children.jpg","type":"image\/jpeg"}],"author":"redazione","twitter_card":"summary_large_image","twitter_misc":{"Scritto da":"redazione","Tempo di lettura stimato":"5 minuti"},"schema":{"@context":"https:\/\/schema.org","@graph":[{"@type":"Article","@id":"https:\/\/progettotouring.it\/radiotouring104\/2022\/06\/09\/lic-radice-alighieri-e-save-the-children-insieme-per-formare-i-cittadini-digitali-del-futuro\/#article","isPartOf":{"@id":"https:\/\/progettotouring.it\/radiotouring104\/2022\/06\/09\/lic-radice-alighieri-e-save-the-children-insieme-per-formare-i-cittadini-digitali-del-futuro\/"},"author":{"name":"redazione","@id":"https:\/\/progettotouring.it\/radiotouring104\/#\/schema\/person\/1b3eb3c07c47136bc44c785c543e635f"},"headline":"L&#8217;IC Radice-Alighieri e Save the Children insieme per formare i cittadini digitali del futuro","datePublished":"2022-06-09T08:32:53+00:00","dateModified":"2022-06-09T08:33:10+00:00","mainEntityOfPage":{"@id":"https:\/\/progettotouring.it\/radiotouring104\/2022\/06\/09\/lic-radice-alighieri-e-save-the-children-insieme-per-formare-i-cittadini-digitali-del-futuro\/"},"wordCount":822,"commentCount":0,"publisher":{"@id":"https:\/\/progettotouring.it\/radiotouring104\/#organization"},"image":{"@id":"https:\/\/progettotouring.it\/radiotouring104\/2022\/06\/09\/lic-radice-alighieri-e-save-the-children-insieme-per-formare-i-cittadini-digitali-del-futuro\/#primaryimage"},"thumbnailUrl":"https:\/\/progettotouring.it\/radiotouring104\/wp-content\/uploads\/sites\/6\/2022\/06\/save-the-children.jpg","keywords":["catona","Connessioni Digitali","IC Radice-alighieri","save the children"],"articleSection":["Home","News","Reggio Calabria"],"inLanguage":"it-IT","potentialAction":[{"@type":"CommentAction","name":"Comment","target":["https:\/\/progettotouring.it\/radiotouring104\/2022\/06\/09\/lic-radice-alighieri-e-save-the-children-insieme-per-formare-i-cittadini-digitali-del-futuro\/#respond"]}]},{"@type":"WebPage","@id":"https:\/\/progettotouring.it\/radiotouring104\/2022\/06\/09\/lic-radice-alighieri-e-save-the-children-insieme-per-formare-i-cittadini-digitali-del-futuro\/","url":"https:\/\/progettotouring.it\/radiotouring104\/2022\/06\/09\/lic-radice-alighieri-e-save-the-children-insieme-per-formare-i-cittadini-digitali-del-futuro\/","name":"L'IC Radice-Alighieri e Save the Children insieme per futuri cittadini digitali","isPartOf":{"@id":"https:\/\/progettotouring.it\/radiotouring104\/#website"},"primaryImageOfPage":{"@id":"https:\/\/progettotouring.it\/radiotouring104\/2022\/06\/09\/lic-radice-alighieri-e-save-the-children-insieme-per-formare-i-cittadini-digitali-del-futuro\/#primaryimage"},"image":{"@id":"https:\/\/progettotouring.it\/radiotouring104\/2022\/06\/09\/lic-radice-alighieri-e-save-the-children-insieme-per-formare-i-cittadini-digitali-del-futuro\/#primaryimage"},"thumbnailUrl":"https:\/\/progettotouring.it\/radiotouring104\/wp-content\/uploads\/sites\/6\/2022\/06\/save-the-children.jpg","datePublished":"2022-06-09T08:32:53+00:00","dateModified":"2022-06-09T08:33:10+00:00","description":"Si \u00e8 appena concluso all\u2019IC Radice-Alighieri di Catona il primo anno del progetto \u201cConnessioni Digitali\u201d con Save the Children Italia","breadcrumb":{"@id":"https:\/\/progettotouring.it\/radiotouring104\/2022\/06\/09\/lic-radice-alighieri-e-save-the-children-insieme-per-formare-i-cittadini-digitali-del-futuro\/#breadcrumb"},"inLanguage":"it-IT","potentialAction":[{"@type":"ReadAction","target":["https:\/\/progettotouring.it\/radiotouring104\/2022\/06\/09\/lic-radice-alighieri-e-save-the-children-insieme-per-formare-i-cittadini-digitali-del-futuro\/"]}]},{"@type":"ImageObject","inLanguage":"it-IT","@id":"https:\/\/progettotouring.it\/radiotouring104\/2022\/06\/09\/lic-radice-alighieri-e-save-the-children-insieme-per-formare-i-cittadini-digitali-del-futuro\/#primaryimage","url":"https:\/\/progettotouring.it\/radiotouring104\/wp-content\/uploads\/sites\/6\/2022\/06\/save-the-children.jpg","contentUrl":"https:\/\/progettotouring.it\/radiotouring104\/wp-content\/uploads\/sites\/6\/2022\/06\/save-the-children.jpg","width":2048,"height":1152},{"@type":"BreadcrumbList","@id":"https:\/\/progettotouring.it\/radiotouring104\/2022\/06\/09\/lic-radice-alighieri-e-save-the-children-insieme-per-formare-i-cittadini-digitali-del-futuro\/#breadcrumb","itemListElement":[{"@type":"ListItem","position":1,"name":"Home","item":"https:\/\/progettotouring.it\/radiotouring104\/"},{"@type":"ListItem","position":2,"name":"L&#8217;IC Radice-Alighieri e Save the Children insieme per formare i cittadini digitali del futuro"}]},{"@type":"WebSite","@id":"https:\/\/progettotouring.it\/radiotouring104\/#website","url":"https:\/\/progettotouring.it\/radiotouring104\/","name":"Radio Touring 104","description":"La prima radio Reggina","publisher":{"@id":"https:\/\/progettotouring.it\/radiotouring104\/#organization"},"potentialAction":[{"@type":"SearchAction","target":{"@type":"EntryPoint","urlTemplate":"https:\/\/progettotouring.it\/radiotouring104\/?s={search_term_string}"},"query-input":{"@type":"PropertyValueSpecification","valueRequired":true,"valueName":"search_term_string"}}],"inLanguage":"it-IT"},{"@type":"Organization","@id":"https:\/\/progettotouring.it\/radiotouring104\/#organization","name":"Radio Touring 104","url":"https:\/\/progettotouring.it\/radiotouring104\/","logo":{"@type":"ImageObject","inLanguage":"it-IT","@id":"https:\/\/progettotouring.it\/radiotouring104\/#\/schema\/logo\/image\/","url":"https:\/\/progettotouring.it\/radiotouring104\/wp-content\/uploads\/sites\/6\/2022\/02\/cropped-logo-radio-touring-104.png","contentUrl":"https:\/\/progettotouring.it\/radiotouring104\/wp-content\/uploads\/sites\/6\/2022\/02\/cropped-logo-radio-touring-104.png","width":377,"height":182,"caption":"Radio Touring 104"},"image":{"@id":"https:\/\/progettotouring.it\/radiotouring104\/#\/schema\/logo\/image\/"}},{"@type":"Person","@id":"https:\/\/progettotouring.it\/radiotouring104\/#\/schema\/person\/1b3eb3c07c47136bc44c785c543e635f","name":"redazione","image":{"@type":"ImageObject","inLanguage":"it-IT","@id":"https:\/\/secure.gravatar.com\/avatar\/0b31605b49f100769e8b624b3e05de1b73e1692e9568a352f60f53fd072e6e11?s=96&d=mm&r=g","url":"https:\/\/secure.gravatar.com\/avatar\/0b31605b49f100769e8b624b3e05de1b73e1692e9568a352f60f53fd072e6e11?s=96&d=mm&r=g","contentUrl":"https:\/\/secure.gravatar.com\/avatar\/0b31605b49f100769e8b624b3e05de1b73e1692e9568a352f60f53fd072e6e11?s=96&d=mm&r=g","caption":"redazione"},"url":"https:\/\/progettotouring.it\/radiotouring104\/author\/redazione\/"}]}},"jetpack_publicize_connections":[],"jetpack_featured_media_url":"https:\/\/progettotouring.it\/radiotouring104\/wp-content\/uploads\/sites\/6\/2022\/06\/save-the-children.jpg","jetpack_sharing_enabled":true,"_links":{"self":[{"href":"https:\/\/progettotouring.it\/radiotouring104\/wp-json\/wp\/v2\/posts\/6388","targetHints":{"allow":["GET"]}}],"collection":[{"href":"https:\/\/progettotouring.it\/radiotouring104\/wp-json\/wp\/v2\/posts"}],"about":[{"href":"https:\/\/progettotouring.it\/radiotouring104\/wp-json\/wp\/v2\/types\/post"}],"author":[{"embeddable":true,"href":"https:\/\/progettotouring.it\/radiotouring104\/wp-json\/wp\/v2\/users\/5"}],"replies":[{"embeddable":true,"href":"https:\/\/progettotouring.it\/radiotouring104\/wp-json\/wp\/v2\/comments?post=6388"}],"version-history":[{"count":1,"href":"https:\/\/progettotouring.it\/radiotouring104\/wp-json\/wp\/v2\/posts\/6388\/revisions"}],"predecessor-version":[{"id":6390,"href":"https:\/\/progettotouring.it\/radiotouring104\/wp-json\/wp\/v2\/posts\/6388\/revisions\/6390"}],"wp:featuredmedia":[{"embeddable":true,"href":"https:\/\/progettotouring.it\/radiotouring104\/wp-json\/wp\/v2\/media\/6389"}],"wp:attachment":[{"href":"https:\/\/progettotouring.it\/radiotouring104\/wp-json\/wp\/v2\/media?parent=6388"}],"wp:term":[{"taxonomy":"category","embeddable":true,"href":"https:\/\/progettotouring.it\/radiotouring104\/wp-json\/wp\/v2\/categories?post=6388"},{"taxonomy":"post_tag","embeddable":true,"href":"https:\/\/progettotouring.it\/radiotouring104\/wp-json\/wp\/v2\/tags?post=6388"}],"curies":[{"name":"wp","href":"https:\/\/api.w.org\/{rel}","templated":true}]}}