{"id":64363,"date":"2025-01-08T11:18:31","date_gmt":"2025-01-08T10:18:31","guid":{"rendered":"https:\/\/progettotouring.it\/radiotouring104\/?p=64363"},"modified":"2025-01-08T11:18:31","modified_gmt":"2025-01-08T10:18:31","slug":"coni-calabria-varato-programma-2025-della-scuola-regionale-dello-sport","status":"publish","type":"post","link":"https:\/\/progettotouring.it\/radiotouring104\/2025\/01\/08\/coni-calabria-varato-programma-2025-della-scuola-regionale-dello-sport\/","title":{"rendered":"Coni Calabria: varato programma 2025 della Scuola regionale dello Sport"},"content":{"rendered":"<p style=\"text-align: justify\"><em>&#8220;Soddisfare le necessit\u00e0 e i bisogni del mondo sportivo calabrese deve essere la nostra priorit\u00e0 anche per il 2025&#8221;,<\/em> <strong>ha dichiarato<\/strong> <strong>il presidente del Comitato regionale Coni Calabria, Maurizio Condipodero in occasione della riunione del Comitato tecnico scientifico della Scuola regionale dello sport.<\/strong><\/p>\n<p style=\"text-align: justify\"><strong>Condipodero<\/strong>,<strong> riporta una nota:<\/strong><em>&#8220;ha ringraziato tutti per l&#8217;anno appena concluso assicurando che &#8216;il Coni Calabria \u00e8 gi\u00e0 al lavoro per un 2025 ancor pi\u00f9 importante, soprattutto in ambito formativo&#8221;.<\/em><\/p>\n<p style=\"text-align: justify\">Anche <strong>il direttore scientifico della Scuola, Demetrio Albino,<\/strong> dopo avere<strong> messo in evidenza il <em>&#8220;<\/em><\/strong><em>grande successo delle ultime due iniziative formativa (il corso di alta formazione in psicologia dello sport, organizzato con Ordine psicologi Calabria, e il corso sulla riforma dello sport, organizzato in collaborazione con UniMediterranea Scienze motorie e diritto sportivo&#8221;<\/em><strong> ha illustrato<\/strong> &#8220;le nuove linee programmatiche della Scuola.<\/p>\n<p style=\"text-align: justify\"><strong>Comunicati anche i nominativi dei responsabili<\/strong> delle varie tematiche della Scuola<strong>:<\/strong> l&#8217;area giuridico-sportiva sar\u00e0 curata da <strong>Angela Busacca<\/strong> (coordinatrice del corso di laurea di Scienze Motorie dell&#8217;Universit\u00e0 Mediterranea; l&#8217;area inerente alla metodologia dell&#8217;insegnamento \u00e8 affidata a <strong>Valentina Colella<\/strong> (presidente della VI Zona della Fiv) e <strong>Katia Romeo<\/strong> (formatore nazionale della Fip); quella che riguarda la metodologia dell&#8217;allenamento, invece, sar\u00e0 guidata da <strong>Francesca Stancati<\/strong> (allenatrice pro Uefa A). La Scuola regionale dello sport andr\u00e0 ad occuparsi anche di altri ambiti sempre inerenti al mondo dello sport: per il marketing ci sar\u00e0 il giornalista <strong>Maurizio Insard\u00e0;<\/strong> per l&#8217;area gestionale la manager olimpica <strong>Rosalba Giordano<\/strong> e per la comunicazione Luca Lagan\u00e0 (gi\u00e0 responsabile comunicazione del Coni Calabria). Nell&#8217;area medico scientifica spazio a Bianca Zupi che guider\u00e0 i progetti di ricerca, per la medicina sportiva <strong>Gino Mancuso,<\/strong> per l&#8217;area psicologica <strong>Rocco Chizzoniti<\/strong> e per quella sociologica ci sar\u00e0 il garante per i diritti dei minori, <strong>Antonio Marziale.<\/strong><\/p>\n<p style=\"text-align: justify\"><em>&#8220;Siamo certi &#8211;<\/em> <strong>ha sottolineato il presidente Condipodero<\/strong> <em>&#8211; di aver messo insieme le migliori risorse che la nostra terra ha da offrire. Il Coni vuole continuare ad essere un punto di riferimento sul territorio e, soprattutto, vuole essere sempre di pi\u00f9 uno strumento qualitativo importantissimo al servizio dello sport calabrese&#8221;.<\/em><\/p>\n","protected":false},"excerpt":{"rendered":"<p>&#8220;Soddisfare le necessit\u00e0 e i bisogni del mondo sportivo calabrese deve essere la nostra priorit\u00e0 anche per il 2025&#8221;, ha dichiarato il presidente del Comitato regionale Coni Calabria, Maurizio Condipodero&hellip;<\/p>\n","protected":false},"author":12,"featured_media":16928,"comment_status":"closed","ping_status":"open","sticky":false,"template":"","format":"standard","meta":{"_jetpack_memberships_contains_paid_content":false,"footnotes":"","jetpack_publicize_message":"","jetpack_publicize_feature_enabled":true,"jetpack_social_post_already_shared":true,"jetpack_social_options":{"image_generator_settings":{"template":"highway","default_image_id":0,"font":"","enabled":false},"version":2}},"categories":[142,196,144],"tags":[5345,9372,39111,1715,24980,39110,37584],"class_list":["post-64363","post","type-post","status-publish","format-standard","has-post-thumbnail","hentry","category-calabria","category-news","category-sport","tag-antonio-marziale","tag-coni-calabria","tag-katia-romeo","tag-maurizio-condipodero","tag-maurizio-insarda","tag-riunione-del-comitato-tecnico-scientifico-della-scuola-regionale-dello-sport","tag-scuola-regionale-dello-sport"],"yoast_head":"<!-- This site is optimized with the Yoast SEO plugin v27.2 - https:\/\/yoast.com\/product\/yoast-seo-wordpress\/ -->\n<title>Coni Calabria: varato programma 2025 della Scuola regionale dello Sport - Radio Touring 104<\/title>\n<meta name=\"description\" content=\"&quot;La nostra priorit\u00e0 \u00e8 soddisfare bisogni del settore&quot;, ha dichiarato il presidente del Comitato regionale Coni Calabria, Maurizio Condipodero\" \/>\n<meta name=\"robots\" content=\"index, follow, max-snippet:-1, max-image-preview:large, max-video-preview:-1\" \/>\n<link rel=\"canonical\" href=\"https:\/\/progettotouring.it\/radiotouring104\/2025\/01\/08\/coni-calabria-varato-programma-2025-della-scuola-regionale-dello-sport\/\" \/>\n<meta property=\"og:locale\" content=\"it_IT\" \/>\n<meta property=\"og:type\" content=\"article\" \/>\n<meta property=\"og:title\" content=\"Coni Calabria: varato programma 2025 della Scuola regionale dello Sport - Radio Touring 104\" \/>\n<meta property=\"og:description\" content=\"&quot;La nostra priorit\u00e0 \u00e8 soddisfare bisogni del settore&quot;, ha dichiarato il presidente del Comitato regionale Coni Calabria, Maurizio Condipodero\" \/>\n<meta property=\"og:url\" content=\"https:\/\/progettotouring.it\/radiotouring104\/2025\/01\/08\/coni-calabria-varato-programma-2025-della-scuola-regionale-dello-sport\/\" \/>\n<meta property=\"og:site_name\" content=\"Radio Touring 104\" \/>\n<meta property=\"article:published_time\" content=\"2025-01-08T10:18:31+00:00\" \/>\n<meta property=\"og:image\" content=\"https:\/\/progettotouring.it\/radiotouring104\/wp-content\/uploads\/sites\/6\/2023\/01\/Logo-Coni-Calabria.jpg\" \/>\n\t<meta property=\"og:image:width\" content=\"1080\" \/>\n\t<meta property=\"og:image:height\" content=\"1080\" \/>\n\t<meta property=\"og:image:type\" content=\"image\/jpeg\" \/>\n<meta name=\"author\" content=\"Sebastiano Plutino\" \/>\n<meta name=\"twitter:card\" content=\"summary_large_image\" \/>\n<meta name=\"twitter:label1\" content=\"Scritto da\" \/>\n\t<meta name=\"twitter:data1\" content=\"Sebastiano Plutino\" \/>\n\t<meta name=\"twitter:label2\" content=\"Tempo di lettura stimato\" \/>\n\t<meta name=\"twitter:data2\" content=\"2 minuti\" \/>\n<script type=\"application\/ld+json\" class=\"yoast-schema-graph\">{\"@context\":\"https:\/\/schema.org\",\"@graph\":[{\"@type\":\"Article\",\"@id\":\"https:\/\/progettotouring.it\/radiotouring104\/2025\/01\/08\/coni-calabria-varato-programma-2025-della-scuola-regionale-dello-sport\/#article\",\"isPartOf\":{\"@id\":\"https:\/\/progettotouring.it\/radiotouring104\/2025\/01\/08\/coni-calabria-varato-programma-2025-della-scuola-regionale-dello-sport\/\"},\"author\":{\"name\":\"Sebastiano Plutino\",\"@id\":\"https:\/\/progettotouring.it\/radiotouring104\/#\/schema\/person\/78613917f1851f041f7483f5af1d422e\"},\"headline\":\"Coni Calabria: varato programma 2025 della Scuola regionale dello Sport\",\"datePublished\":\"2025-01-08T10:18:31+00:00\",\"mainEntityOfPage\":{\"@id\":\"https:\/\/progettotouring.it\/radiotouring104\/2025\/01\/08\/coni-calabria-varato-programma-2025-della-scuola-regionale-dello-sport\/\"},\"wordCount\":342,\"publisher\":{\"@id\":\"https:\/\/progettotouring.it\/radiotouring104\/#organization\"},\"image\":{\"@id\":\"https:\/\/progettotouring.it\/radiotouring104\/2025\/01\/08\/coni-calabria-varato-programma-2025-della-scuola-regionale-dello-sport\/#primaryimage\"},\"thumbnailUrl\":\"https:\/\/progettotouring.it\/radiotouring104\/wp-content\/uploads\/sites\/6\/2023\/01\/Logo-Coni-Calabria.jpg\",\"keywords\":[\"Antonio Marziale\",\"CONI Calabria\",\"Katia Romeo\",\"Maurizio Condipodero\",\"Maurizio Insard\u00e0\",\"riunione del Comitato tecnico scientifico della Scuola regionale dello sport.\",\"Scuola Regionale dello Sport\"],\"articleSection\":[\"Calabria\",\"News\",\"Sport\"],\"inLanguage\":\"it-IT\"},{\"@type\":\"WebPage\",\"@id\":\"https:\/\/progettotouring.it\/radiotouring104\/2025\/01\/08\/coni-calabria-varato-programma-2025-della-scuola-regionale-dello-sport\/\",\"url\":\"https:\/\/progettotouring.it\/radiotouring104\/2025\/01\/08\/coni-calabria-varato-programma-2025-della-scuola-regionale-dello-sport\/\",\"name\":\"Coni Calabria: varato programma 2025 della Scuola regionale dello Sport - Radio Touring 104\",\"isPartOf\":{\"@id\":\"https:\/\/progettotouring.it\/radiotouring104\/#website\"},\"primaryImageOfPage\":{\"@id\":\"https:\/\/progettotouring.it\/radiotouring104\/2025\/01\/08\/coni-calabria-varato-programma-2025-della-scuola-regionale-dello-sport\/#primaryimage\"},\"image\":{\"@id\":\"https:\/\/progettotouring.it\/radiotouring104\/2025\/01\/08\/coni-calabria-varato-programma-2025-della-scuola-regionale-dello-sport\/#primaryimage\"},\"thumbnailUrl\":\"https:\/\/progettotouring.it\/radiotouring104\/wp-content\/uploads\/sites\/6\/2023\/01\/Logo-Coni-Calabria.jpg\",\"datePublished\":\"2025-01-08T10:18:31+00:00\",\"description\":\"\\\"La nostra priorit\u00e0 \u00e8 soddisfare bisogni del settore\\\", ha dichiarato il presidente del Comitato regionale Coni Calabria, Maurizio Condipodero\",\"breadcrumb\":{\"@id\":\"https:\/\/progettotouring.it\/radiotouring104\/2025\/01\/08\/coni-calabria-varato-programma-2025-della-scuola-regionale-dello-sport\/#breadcrumb\"},\"inLanguage\":\"it-IT\",\"potentialAction\":[{\"@type\":\"ReadAction\",\"target\":[\"https:\/\/progettotouring.it\/radiotouring104\/2025\/01\/08\/coni-calabria-varato-programma-2025-della-scuola-regionale-dello-sport\/\"]}]},{\"@type\":\"ImageObject\",\"inLanguage\":\"it-IT\",\"@id\":\"https:\/\/progettotouring.it\/radiotouring104\/2025\/01\/08\/coni-calabria-varato-programma-2025-della-scuola-regionale-dello-sport\/#primaryimage\",\"url\":\"https:\/\/progettotouring.it\/radiotouring104\/wp-content\/uploads\/sites\/6\/2023\/01\/Logo-Coni-Calabria.jpg\",\"contentUrl\":\"https:\/\/progettotouring.it\/radiotouring104\/wp-content\/uploads\/sites\/6\/2023\/01\/Logo-Coni-Calabria.jpg\",\"width\":1080,\"height\":1080},{\"@type\":\"BreadcrumbList\",\"@id\":\"https:\/\/progettotouring.it\/radiotouring104\/2025\/01\/08\/coni-calabria-varato-programma-2025-della-scuola-regionale-dello-sport\/#breadcrumb\",\"itemListElement\":[{\"@type\":\"ListItem\",\"position\":1,\"name\":\"Home\",\"item\":\"https:\/\/progettotouring.it\/radiotouring104\/\"},{\"@type\":\"ListItem\",\"position\":2,\"name\":\"Coni Calabria: varato programma 2025 della Scuola regionale dello Sport\"}]},{\"@type\":\"WebSite\",\"@id\":\"https:\/\/progettotouring.it\/radiotouring104\/#website\",\"url\":\"https:\/\/progettotouring.it\/radiotouring104\/\",\"name\":\"Radio Touring 104\",\"description\":\"La prima radio Reggina\",\"publisher\":{\"@id\":\"https:\/\/progettotouring.it\/radiotouring104\/#organization\"},\"potentialAction\":[{\"@type\":\"SearchAction\",\"target\":{\"@type\":\"EntryPoint\",\"urlTemplate\":\"https:\/\/progettotouring.it\/radiotouring104\/?s={search_term_string}\"},\"query-input\":{\"@type\":\"PropertyValueSpecification\",\"valueRequired\":true,\"valueName\":\"search_term_string\"}}],\"inLanguage\":\"it-IT\"},{\"@type\":\"Organization\",\"@id\":\"https:\/\/progettotouring.it\/radiotouring104\/#organization\",\"name\":\"Radio Touring 104\",\"url\":\"https:\/\/progettotouring.it\/radiotouring104\/\",\"logo\":{\"@type\":\"ImageObject\",\"inLanguage\":\"it-IT\",\"@id\":\"https:\/\/progettotouring.it\/radiotouring104\/#\/schema\/logo\/image\/\",\"url\":\"https:\/\/progettotouring.it\/radiotouring104\/wp-content\/uploads\/sites\/6\/2022\/02\/cropped-logo-radio-touring-104.png\",\"contentUrl\":\"https:\/\/progettotouring.it\/radiotouring104\/wp-content\/uploads\/sites\/6\/2022\/02\/cropped-logo-radio-touring-104.png\",\"width\":377,\"height\":182,\"caption\":\"Radio Touring 104\"},\"image\":{\"@id\":\"https:\/\/progettotouring.it\/radiotouring104\/#\/schema\/logo\/image\/\"}},{\"@type\":\"Person\",\"@id\":\"https:\/\/progettotouring.it\/radiotouring104\/#\/schema\/person\/78613917f1851f041f7483f5af1d422e\",\"name\":\"Sebastiano Plutino\",\"image\":{\"@type\":\"ImageObject\",\"inLanguage\":\"it-IT\",\"@id\":\"https:\/\/secure.gravatar.com\/avatar\/0546ffaa9b79224faf9f2a156b67a529ae861d3287c66c1d8ccfdf909bcba78d?s=96&d=mm&r=g\",\"url\":\"https:\/\/secure.gravatar.com\/avatar\/0546ffaa9b79224faf9f2a156b67a529ae861d3287c66c1d8ccfdf909bcba78d?s=96&d=mm&r=g\",\"contentUrl\":\"https:\/\/secure.gravatar.com\/avatar\/0546ffaa9b79224faf9f2a156b67a529ae861d3287c66c1d8ccfdf909bcba78d?s=96&d=mm&r=g\",\"caption\":\"Sebastiano Plutino\"},\"url\":\"https:\/\/progettotouring.it\/radiotouring104\/author\/sebastiano\/\"}]}<\/script>\n<!-- \/ Yoast SEO plugin. -->","yoast_head_json":{"title":"Coni Calabria: varato programma 2025 della Scuola regionale dello Sport - Radio Touring 104","description":"\"La nostra priorit\u00e0 \u00e8 soddisfare bisogni del settore\", ha dichiarato il presidente del Comitato regionale Coni Calabria, Maurizio Condipodero","robots":{"index":"index","follow":"follow","max-snippet":"max-snippet:-1","max-image-preview":"max-image-preview:large","max-video-preview":"max-video-preview:-1"},"canonical":"https:\/\/progettotouring.it\/radiotouring104\/2025\/01\/08\/coni-calabria-varato-programma-2025-della-scuola-regionale-dello-sport\/","og_locale":"it_IT","og_type":"article","og_title":"Coni Calabria: varato programma 2025 della Scuola regionale dello Sport - Radio Touring 104","og_description":"\"La nostra priorit\u00e0 \u00e8 soddisfare bisogni del settore\", ha dichiarato il presidente del Comitato regionale Coni Calabria, Maurizio Condipodero","og_url":"https:\/\/progettotouring.it\/radiotouring104\/2025\/01\/08\/coni-calabria-varato-programma-2025-della-scuola-regionale-dello-sport\/","og_site_name":"Radio Touring 104","article_published_time":"2025-01-08T10:18:31+00:00","og_image":[{"width":1080,"height":1080,"url":"https:\/\/progettotouring.it\/radiotouring104\/wp-content\/uploads\/sites\/6\/2023\/01\/Logo-Coni-Calabria.jpg","type":"image\/jpeg"}],"author":"Sebastiano Plutino","twitter_card":"summary_large_image","twitter_misc":{"Scritto da":"Sebastiano Plutino","Tempo di lettura stimato":"2 minuti"},"schema":{"@context":"https:\/\/schema.org","@graph":[{"@type":"Article","@id":"https:\/\/progettotouring.it\/radiotouring104\/2025\/01\/08\/coni-calabria-varato-programma-2025-della-scuola-regionale-dello-sport\/#article","isPartOf":{"@id":"https:\/\/progettotouring.it\/radiotouring104\/2025\/01\/08\/coni-calabria-varato-programma-2025-della-scuola-regionale-dello-sport\/"},"author":{"name":"Sebastiano Plutino","@id":"https:\/\/progettotouring.it\/radiotouring104\/#\/schema\/person\/78613917f1851f041f7483f5af1d422e"},"headline":"Coni Calabria: varato programma 2025 della Scuola regionale dello Sport","datePublished":"2025-01-08T10:18:31+00:00","mainEntityOfPage":{"@id":"https:\/\/progettotouring.it\/radiotouring104\/2025\/01\/08\/coni-calabria-varato-programma-2025-della-scuola-regionale-dello-sport\/"},"wordCount":342,"publisher":{"@id":"https:\/\/progettotouring.it\/radiotouring104\/#organization"},"image":{"@id":"https:\/\/progettotouring.it\/radiotouring104\/2025\/01\/08\/coni-calabria-varato-programma-2025-della-scuola-regionale-dello-sport\/#primaryimage"},"thumbnailUrl":"https:\/\/progettotouring.it\/radiotouring104\/wp-content\/uploads\/sites\/6\/2023\/01\/Logo-Coni-Calabria.jpg","keywords":["Antonio Marziale","CONI Calabria","Katia Romeo","Maurizio Condipodero","Maurizio Insard\u00e0","riunione del Comitato tecnico scientifico della Scuola regionale dello sport.","Scuola Regionale dello Sport"],"articleSection":["Calabria","News","Sport"],"inLanguage":"it-IT"},{"@type":"WebPage","@id":"https:\/\/progettotouring.it\/radiotouring104\/2025\/01\/08\/coni-calabria-varato-programma-2025-della-scuola-regionale-dello-sport\/","url":"https:\/\/progettotouring.it\/radiotouring104\/2025\/01\/08\/coni-calabria-varato-programma-2025-della-scuola-regionale-dello-sport\/","name":"Coni Calabria: varato programma 2025 della Scuola regionale dello Sport - Radio Touring 104","isPartOf":{"@id":"https:\/\/progettotouring.it\/radiotouring104\/#website"},"primaryImageOfPage":{"@id":"https:\/\/progettotouring.it\/radiotouring104\/2025\/01\/08\/coni-calabria-varato-programma-2025-della-scuola-regionale-dello-sport\/#primaryimage"},"image":{"@id":"https:\/\/progettotouring.it\/radiotouring104\/2025\/01\/08\/coni-calabria-varato-programma-2025-della-scuola-regionale-dello-sport\/#primaryimage"},"thumbnailUrl":"https:\/\/progettotouring.it\/radiotouring104\/wp-content\/uploads\/sites\/6\/2023\/01\/Logo-Coni-Calabria.jpg","datePublished":"2025-01-08T10:18:31+00:00","description":"\"La nostra priorit\u00e0 \u00e8 soddisfare bisogni del settore\", ha dichiarato il presidente del Comitato regionale Coni Calabria, Maurizio Condipodero","breadcrumb":{"@id":"https:\/\/progettotouring.it\/radiotouring104\/2025\/01\/08\/coni-calabria-varato-programma-2025-della-scuola-regionale-dello-sport\/#breadcrumb"},"inLanguage":"it-IT","potentialAction":[{"@type":"ReadAction","target":["https:\/\/progettotouring.it\/radiotouring104\/2025\/01\/08\/coni-calabria-varato-programma-2025-della-scuola-regionale-dello-sport\/"]}]},{"@type":"ImageObject","inLanguage":"it-IT","@id":"https:\/\/progettotouring.it\/radiotouring104\/2025\/01\/08\/coni-calabria-varato-programma-2025-della-scuola-regionale-dello-sport\/#primaryimage","url":"https:\/\/progettotouring.it\/radiotouring104\/wp-content\/uploads\/sites\/6\/2023\/01\/Logo-Coni-Calabria.jpg","contentUrl":"https:\/\/progettotouring.it\/radiotouring104\/wp-content\/uploads\/sites\/6\/2023\/01\/Logo-Coni-Calabria.jpg","width":1080,"height":1080},{"@type":"BreadcrumbList","@id":"https:\/\/progettotouring.it\/radiotouring104\/2025\/01\/08\/coni-calabria-varato-programma-2025-della-scuola-regionale-dello-sport\/#breadcrumb","itemListElement":[{"@type":"ListItem","position":1,"name":"Home","item":"https:\/\/progettotouring.it\/radiotouring104\/"},{"@type":"ListItem","position":2,"name":"Coni Calabria: varato programma 2025 della Scuola regionale dello Sport"}]},{"@type":"WebSite","@id":"https:\/\/progettotouring.it\/radiotouring104\/#website","url":"https:\/\/progettotouring.it\/radiotouring104\/","name":"Radio Touring 104","description":"La prima radio Reggina","publisher":{"@id":"https:\/\/progettotouring.it\/radiotouring104\/#organization"},"potentialAction":[{"@type":"SearchAction","target":{"@type":"EntryPoint","urlTemplate":"https:\/\/progettotouring.it\/radiotouring104\/?s={search_term_string}"},"query-input":{"@type":"PropertyValueSpecification","valueRequired":true,"valueName":"search_term_string"}}],"inLanguage":"it-IT"},{"@type":"Organization","@id":"https:\/\/progettotouring.it\/radiotouring104\/#organization","name":"Radio Touring 104","url":"https:\/\/progettotouring.it\/radiotouring104\/","logo":{"@type":"ImageObject","inLanguage":"it-IT","@id":"https:\/\/progettotouring.it\/radiotouring104\/#\/schema\/logo\/image\/","url":"https:\/\/progettotouring.it\/radiotouring104\/wp-content\/uploads\/sites\/6\/2022\/02\/cropped-logo-radio-touring-104.png","contentUrl":"https:\/\/progettotouring.it\/radiotouring104\/wp-content\/uploads\/sites\/6\/2022\/02\/cropped-logo-radio-touring-104.png","width":377,"height":182,"caption":"Radio Touring 104"},"image":{"@id":"https:\/\/progettotouring.it\/radiotouring104\/#\/schema\/logo\/image\/"}},{"@type":"Person","@id":"https:\/\/progettotouring.it\/radiotouring104\/#\/schema\/person\/78613917f1851f041f7483f5af1d422e","name":"Sebastiano Plutino","image":{"@type":"ImageObject","inLanguage":"it-IT","@id":"https:\/\/secure.gravatar.com\/avatar\/0546ffaa9b79224faf9f2a156b67a529ae861d3287c66c1d8ccfdf909bcba78d?s=96&d=mm&r=g","url":"https:\/\/secure.gravatar.com\/avatar\/0546ffaa9b79224faf9f2a156b67a529ae861d3287c66c1d8ccfdf909bcba78d?s=96&d=mm&r=g","contentUrl":"https:\/\/secure.gravatar.com\/avatar\/0546ffaa9b79224faf9f2a156b67a529ae861d3287c66c1d8ccfdf909bcba78d?s=96&d=mm&r=g","caption":"Sebastiano Plutino"},"url":"https:\/\/progettotouring.it\/radiotouring104\/author\/sebastiano\/"}]}},"jetpack_publicize_connections":[],"jetpack_featured_media_url":"https:\/\/progettotouring.it\/radiotouring104\/wp-content\/uploads\/sites\/6\/2023\/01\/Logo-Coni-Calabria.jpg","jetpack_sharing_enabled":true,"_links":{"self":[{"href":"https:\/\/progettotouring.it\/radiotouring104\/wp-json\/wp\/v2\/posts\/64363","targetHints":{"allow":["GET"]}}],"collection":[{"href":"https:\/\/progettotouring.it\/radiotouring104\/wp-json\/wp\/v2\/posts"}],"about":[{"href":"https:\/\/progettotouring.it\/radiotouring104\/wp-json\/wp\/v2\/types\/post"}],"author":[{"embeddable":true,"href":"https:\/\/progettotouring.it\/radiotouring104\/wp-json\/wp\/v2\/users\/12"}],"replies":[{"embeddable":true,"href":"https:\/\/progettotouring.it\/radiotouring104\/wp-json\/wp\/v2\/comments?post=64363"}],"version-history":[{"count":1,"href":"https:\/\/progettotouring.it\/radiotouring104\/wp-json\/wp\/v2\/posts\/64363\/revisions"}],"predecessor-version":[{"id":64364,"href":"https:\/\/progettotouring.it\/radiotouring104\/wp-json\/wp\/v2\/posts\/64363\/revisions\/64364"}],"wp:featuredmedia":[{"embeddable":true,"href":"https:\/\/progettotouring.it\/radiotouring104\/wp-json\/wp\/v2\/media\/16928"}],"wp:attachment":[{"href":"https:\/\/progettotouring.it\/radiotouring104\/wp-json\/wp\/v2\/media?parent=64363"}],"wp:term":[{"taxonomy":"category","embeddable":true,"href":"https:\/\/progettotouring.it\/radiotouring104\/wp-json\/wp\/v2\/categories?post=64363"},{"taxonomy":"post_tag","embeddable":true,"href":"https:\/\/progettotouring.it\/radiotouring104\/wp-json\/wp\/v2\/tags?post=64363"}],"curies":[{"name":"wp","href":"https:\/\/api.w.org\/{rel}","templated":true}]}}