{"id":64365,"date":"2025-01-08T11:35:04","date_gmt":"2025-01-08T10:35:04","guid":{"rendered":"https:\/\/progettotouring.it\/radiotouring104\/?p=64365"},"modified":"2025-01-08T11:35:04","modified_gmt":"2025-01-08T10:35:04","slug":"reggio-allistituto-la-provvidenza-arriva-la-befana","status":"publish","type":"post","link":"https:\/\/progettotouring.it\/radiotouring104\/2025\/01\/08\/reggio-allistituto-la-provvidenza-arriva-la-befana\/","title":{"rendered":"Reggio: all&#8217;Istituto &#8220;La Provvidenza&#8221; arriva la Befana"},"content":{"rendered":"<div style=\"text-align: justify\"><strong>La Befana \u00e8 arrivata all&#8217;Istituto<\/strong> &#8220;<em>La Provvidenza<\/em>&#8221; <strong>di Reggio<\/strong> Calabria, centro di aggregazione<strong> presieduto da Sara Bottari,<\/strong> che da oltre trent&#8217;anni<strong> si impegna con dedizione a prendersi cura di persone disabili adulte<\/strong>\u00a0<strong>e di centinaia di bambini di famiglie fragili<\/strong> della citt\u00e0, offrendo loro opportunit\u00e0 di svago, operosit\u00e0 e serenit\u00e0.<\/div>\n<div style=\"text-align: justify\"><\/div>\n<div style=\"text-align: justify\"><strong>Il centro,<\/strong> che da sempre rappresenta un punto di riferimento per le famiglie,<strong> \u00e8 anche molto attivo nell\u2019organizzare attivit\u00e0 per i pi\u00f9 piccoli,<\/strong> creando occasioni di socializzazione e crescita. <strong>Alla visita della Befana erano presenti<\/strong> anche il sindaco di Reggio Calabria, <strong>Giuseppe Falcomat\u00e0<\/strong>, insieme agli assessori<strong> Carmelo Romeo, Lucia Anita Nucera e Anna Briante.<\/strong><\/div>\n<div style=\"text-align: justify\">\n<strong>Il sindaco e gli assessori hanno scelto di trascorrere insieme agli utenti<\/strong> del centro <strong>un intero pomeriggio<\/strong> dedicato ai ragazzi ed ai bambini ospiti della struttura, all&#8217;insegna di giochi, musica e balli.<strong> L\u2019arrivo della Befana<\/strong>, tanto atteso, ha portato con s\u00e9 i doni che numerosi reggini avevano voluto condividere <strong>nell\u2019ambito delle raccolte solidali di<\/strong> \u201c<em>Reggio citt\u00e0 Natale\u201d<\/em>, <strong>in segno di affetto verso le realt\u00e0 locali<\/strong>. Presente anche una delegazione del<strong> Kiwanis Club di Reggio Calabria che ha contribuito alla raccolta dei doni,<\/strong> consegnando alla struttura un tavolo da calciobalilla.<\/div>\n<div style=\"text-align: justify\">\nIntervenendo a margine dell&#8217;incontro con i ragazzi,<strong> il sindaco Falcomat\u00e0 ha spiegato<\/strong>: <em>\u00abLa raccolta dei doni di \u201cReggio Citt\u00e0 Natale\u201d per le case famiglia e le associazioni ha visto molti cittadini impegnati a fare acquisti per i propri cari, ma con un gesto di grande generosit\u00e0 aggiungere un regalo in pi\u00f9, senza sapere a chi sarebbe stato destinato. Questo gesto rappresenta l&#8217;ennesima testimonianza dell&#8217;immensa generosit\u00e0 dei reggini, un dono che si fa con il cuore e che rende questo territorio cos\u00ec speciale\u00bb.<\/em><\/div>\n<div style=\"text-align: justify\"><\/div>\n<div style=\"text-align: justify\">In particolare hanno preso parte alla festa i<strong> ragazzi dei centri diurni per mino<\/strong>ri<em> \u201cDon Italo Calabr\u00f2\u201d<\/em> e <em>\u201cSuor Brigida Postorino\u201d<\/em> della Fondazione Provvidenza Onlus che<strong> hanno voluto dedicare un messaggio di gratitudine al sindaco<\/strong><em><strong>:<\/strong> \u00abOgni dono fatto con il cuore procura sorrisi e gioia. Grazie, Sindaco, per la vostra gentilezza e generosit\u00e0\u00bb ed ancora\u00a0\u00abCaro sindaco Giuseppe, siamo felici di averti come amico. Grazie per la vicinanza che diventa una vera alleanza e supera ogni distanza\u00bb.<\/em><\/div>\n<div style=\"text-align: justify\"><\/div>\n<div style=\"text-align: justify\"><strong>Un momento di allegria che ha messo in luce l&#8217;importanza della comunit\u00e0<\/strong> e della condivisione, valori che continuano a caratterizzare la Citt\u00e0 metropolitana di Reggio Calabria,<strong> rendendola un luogo dove la solidariet\u00e0 e la vicinanza sono al centro della vita quotidiana.<\/strong><\/div>\n","protected":false},"excerpt":{"rendered":"<p>La Befana \u00e8 arrivata all&#8217;Istituto &#8220;La Provvidenza&#8221; di Reggio Calabria, centro di aggregazione presieduto da Sara Bottari, che da oltre trent&#8217;anni si impegna con dedizione a prendersi cura di persone&hellip;<\/p>\n","protected":false},"author":12,"featured_media":64366,"comment_status":"closed","ping_status":"open","sticky":false,"template":"","format":"standard","meta":{"_jetpack_memberships_contains_paid_content":false,"footnotes":"","jetpack_publicize_message":"","jetpack_publicize_feature_enabled":true,"jetpack_social_post_already_shared":true,"jetpack_social_options":{"image_generator_settings":{"template":"highway","default_image_id":0,"font":"","enabled":false},"version":2}},"categories":[921,196,140],"tags":[38212,39113,1765,30465,39112,1456,28327],"class_list":["post-64365","post","type-post","status-publish","format-standard","has-post-thumbnail","hentry","category-home","category-news","category-reggio-calabria","tag-reggio-citta-natale","tag-arriva-la-befana","tag-carmelo-romeo","tag-falcomata-giuseppe","tag-istituto-la-provvidenza","tag-lucia-nucera","tag-sara-bottari"],"yoast_head":"<!-- This site is optimized with the Yoast SEO plugin v27.2 - https:\/\/yoast.com\/product\/yoast-seo-wordpress\/ -->\n<title>Reggio: all&#039;Istituto &quot;La Provvidenza&quot; arriva la Befana - Radio Touring 104<\/title>\n<meta name=\"description\" content=\"L\u2019arrivo tanto atteso ha portato con s\u00e9 i doni che numerosi reggini hanno voluto condividere per solidariet\u00e0 ai pi\u00f9 fragili\" \/>\n<meta name=\"robots\" content=\"index, follow, max-snippet:-1, max-image-preview:large, max-video-preview:-1\" \/>\n<link rel=\"canonical\" href=\"https:\/\/progettotouring.it\/radiotouring104\/2025\/01\/08\/reggio-allistituto-la-provvidenza-arriva-la-befana\/\" \/>\n<meta property=\"og:locale\" content=\"it_IT\" \/>\n<meta property=\"og:type\" content=\"article\" \/>\n<meta property=\"og:title\" content=\"Reggio: all&#039;Istituto &quot;La Provvidenza&quot; arriva la Befana - Radio Touring 104\" \/>\n<meta property=\"og:description\" content=\"L\u2019arrivo tanto atteso ha portato con s\u00e9 i doni che numerosi reggini hanno voluto condividere per solidariet\u00e0 ai pi\u00f9 fragili\" \/>\n<meta property=\"og:url\" content=\"https:\/\/progettotouring.it\/radiotouring104\/2025\/01\/08\/reggio-allistituto-la-provvidenza-arriva-la-befana\/\" \/>\n<meta property=\"og:site_name\" content=\"Radio Touring 104\" \/>\n<meta property=\"article:published_time\" content=\"2025-01-08T10:35:04+00:00\" \/>\n<meta property=\"og:image\" content=\"https:\/\/progettotouring.it\/radiotouring104\/wp-content\/uploads\/sites\/6\/2025\/01\/provvidenza-1.jpeg\" \/>\n\t<meta property=\"og:image:width\" content=\"2560\" \/>\n\t<meta property=\"og:image:height\" content=\"1706\" \/>\n\t<meta property=\"og:image:type\" content=\"image\/jpeg\" \/>\n<meta name=\"author\" content=\"Sebastiano Plutino\" \/>\n<meta name=\"twitter:card\" content=\"summary_large_image\" \/>\n<meta name=\"twitter:label1\" content=\"Scritto da\" \/>\n\t<meta name=\"twitter:data1\" content=\"Sebastiano Plutino\" \/>\n\t<meta name=\"twitter:label2\" content=\"Tempo di lettura stimato\" \/>\n\t<meta name=\"twitter:data2\" content=\"2 minuti\" \/>\n<script type=\"application\/ld+json\" class=\"yoast-schema-graph\">{\"@context\":\"https:\/\/schema.org\",\"@graph\":[{\"@type\":\"Article\",\"@id\":\"https:\/\/progettotouring.it\/radiotouring104\/2025\/01\/08\/reggio-allistituto-la-provvidenza-arriva-la-befana\/#article\",\"isPartOf\":{\"@id\":\"https:\/\/progettotouring.it\/radiotouring104\/2025\/01\/08\/reggio-allistituto-la-provvidenza-arriva-la-befana\/\"},\"author\":{\"name\":\"Sebastiano Plutino\",\"@id\":\"https:\/\/progettotouring.it\/radiotouring104\/#\/schema\/person\/78613917f1851f041f7483f5af1d422e\"},\"headline\":\"Reggio: all&#8217;Istituto &#8220;La Provvidenza&#8221; arriva la Befana\",\"datePublished\":\"2025-01-08T10:35:04+00:00\",\"mainEntityOfPage\":{\"@id\":\"https:\/\/progettotouring.it\/radiotouring104\/2025\/01\/08\/reggio-allistituto-la-provvidenza-arriva-la-befana\/\"},\"wordCount\":401,\"publisher\":{\"@id\":\"https:\/\/progettotouring.it\/radiotouring104\/#organization\"},\"image\":{\"@id\":\"https:\/\/progettotouring.it\/radiotouring104\/2025\/01\/08\/reggio-allistituto-la-provvidenza-arriva-la-befana\/#primaryimage\"},\"thumbnailUrl\":\"https:\/\/progettotouring.it\/radiotouring104\/wp-content\/uploads\/sites\/6\/2025\/01\/provvidenza-1.jpeg\",\"keywords\":[\"\u201cReggio Citt\u00e0 Natale\u201d\",\"arriva la Befana\",\"Carmelo Romeo\",\"Falcomat\u00e0 Giuseppe\",\"Istituto La Provvidenza\",\"lucia nucera\",\"Sara Bottari\"],\"articleSection\":[\"Home\",\"News\",\"Reggio Calabria\"],\"inLanguage\":\"it-IT\"},{\"@type\":\"WebPage\",\"@id\":\"https:\/\/progettotouring.it\/radiotouring104\/2025\/01\/08\/reggio-allistituto-la-provvidenza-arriva-la-befana\/\",\"url\":\"https:\/\/progettotouring.it\/radiotouring104\/2025\/01\/08\/reggio-allistituto-la-provvidenza-arriva-la-befana\/\",\"name\":\"Reggio: all'Istituto \\\"La Provvidenza\\\" arriva la Befana - Radio Touring 104\",\"isPartOf\":{\"@id\":\"https:\/\/progettotouring.it\/radiotouring104\/#website\"},\"primaryImageOfPage\":{\"@id\":\"https:\/\/progettotouring.it\/radiotouring104\/2025\/01\/08\/reggio-allistituto-la-provvidenza-arriva-la-befana\/#primaryimage\"},\"image\":{\"@id\":\"https:\/\/progettotouring.it\/radiotouring104\/2025\/01\/08\/reggio-allistituto-la-provvidenza-arriva-la-befana\/#primaryimage\"},\"thumbnailUrl\":\"https:\/\/progettotouring.it\/radiotouring104\/wp-content\/uploads\/sites\/6\/2025\/01\/provvidenza-1.jpeg\",\"datePublished\":\"2025-01-08T10:35:04+00:00\",\"description\":\"L\u2019arrivo tanto atteso ha portato con s\u00e9 i doni che numerosi reggini hanno voluto condividere per solidariet\u00e0 ai pi\u00f9 fragili\",\"breadcrumb\":{\"@id\":\"https:\/\/progettotouring.it\/radiotouring104\/2025\/01\/08\/reggio-allistituto-la-provvidenza-arriva-la-befana\/#breadcrumb\"},\"inLanguage\":\"it-IT\",\"potentialAction\":[{\"@type\":\"ReadAction\",\"target\":[\"https:\/\/progettotouring.it\/radiotouring104\/2025\/01\/08\/reggio-allistituto-la-provvidenza-arriva-la-befana\/\"]}]},{\"@type\":\"ImageObject\",\"inLanguage\":\"it-IT\",\"@id\":\"https:\/\/progettotouring.it\/radiotouring104\/2025\/01\/08\/reggio-allistituto-la-provvidenza-arriva-la-befana\/#primaryimage\",\"url\":\"https:\/\/progettotouring.it\/radiotouring104\/wp-content\/uploads\/sites\/6\/2025\/01\/provvidenza-1.jpeg\",\"contentUrl\":\"https:\/\/progettotouring.it\/radiotouring104\/wp-content\/uploads\/sites\/6\/2025\/01\/provvidenza-1.jpeg\",\"width\":2560,\"height\":1706},{\"@type\":\"BreadcrumbList\",\"@id\":\"https:\/\/progettotouring.it\/radiotouring104\/2025\/01\/08\/reggio-allistituto-la-provvidenza-arriva-la-befana\/#breadcrumb\",\"itemListElement\":[{\"@type\":\"ListItem\",\"position\":1,\"name\":\"Home\",\"item\":\"https:\/\/progettotouring.it\/radiotouring104\/\"},{\"@type\":\"ListItem\",\"position\":2,\"name\":\"Reggio: all&#8217;Istituto &#8220;La Provvidenza&#8221; arriva la Befana\"}]},{\"@type\":\"WebSite\",\"@id\":\"https:\/\/progettotouring.it\/radiotouring104\/#website\",\"url\":\"https:\/\/progettotouring.it\/radiotouring104\/\",\"name\":\"Radio Touring 104\",\"description\":\"La prima radio Reggina\",\"publisher\":{\"@id\":\"https:\/\/progettotouring.it\/radiotouring104\/#organization\"},\"potentialAction\":[{\"@type\":\"SearchAction\",\"target\":{\"@type\":\"EntryPoint\",\"urlTemplate\":\"https:\/\/progettotouring.it\/radiotouring104\/?s={search_term_string}\"},\"query-input\":{\"@type\":\"PropertyValueSpecification\",\"valueRequired\":true,\"valueName\":\"search_term_string\"}}],\"inLanguage\":\"it-IT\"},{\"@type\":\"Organization\",\"@id\":\"https:\/\/progettotouring.it\/radiotouring104\/#organization\",\"name\":\"Radio Touring 104\",\"url\":\"https:\/\/progettotouring.it\/radiotouring104\/\",\"logo\":{\"@type\":\"ImageObject\",\"inLanguage\":\"it-IT\",\"@id\":\"https:\/\/progettotouring.it\/radiotouring104\/#\/schema\/logo\/image\/\",\"url\":\"https:\/\/progettotouring.it\/radiotouring104\/wp-content\/uploads\/sites\/6\/2022\/02\/cropped-logo-radio-touring-104.png\",\"contentUrl\":\"https:\/\/progettotouring.it\/radiotouring104\/wp-content\/uploads\/sites\/6\/2022\/02\/cropped-logo-radio-touring-104.png\",\"width\":377,\"height\":182,\"caption\":\"Radio Touring 104\"},\"image\":{\"@id\":\"https:\/\/progettotouring.it\/radiotouring104\/#\/schema\/logo\/image\/\"}},{\"@type\":\"Person\",\"@id\":\"https:\/\/progettotouring.it\/radiotouring104\/#\/schema\/person\/78613917f1851f041f7483f5af1d422e\",\"name\":\"Sebastiano Plutino\",\"image\":{\"@type\":\"ImageObject\",\"inLanguage\":\"it-IT\",\"@id\":\"https:\/\/secure.gravatar.com\/avatar\/0546ffaa9b79224faf9f2a156b67a529ae861d3287c66c1d8ccfdf909bcba78d?s=96&d=mm&r=g\",\"url\":\"https:\/\/secure.gravatar.com\/avatar\/0546ffaa9b79224faf9f2a156b67a529ae861d3287c66c1d8ccfdf909bcba78d?s=96&d=mm&r=g\",\"contentUrl\":\"https:\/\/secure.gravatar.com\/avatar\/0546ffaa9b79224faf9f2a156b67a529ae861d3287c66c1d8ccfdf909bcba78d?s=96&d=mm&r=g\",\"caption\":\"Sebastiano Plutino\"},\"url\":\"https:\/\/progettotouring.it\/radiotouring104\/author\/sebastiano\/\"}]}<\/script>\n<!-- \/ Yoast SEO plugin. -->","yoast_head_json":{"title":"Reggio: all'Istituto \"La Provvidenza\" arriva la Befana - Radio Touring 104","description":"L\u2019arrivo tanto atteso ha portato con s\u00e9 i doni che numerosi reggini hanno voluto condividere per solidariet\u00e0 ai pi\u00f9 fragili","robots":{"index":"index","follow":"follow","max-snippet":"max-snippet:-1","max-image-preview":"max-image-preview:large","max-video-preview":"max-video-preview:-1"},"canonical":"https:\/\/progettotouring.it\/radiotouring104\/2025\/01\/08\/reggio-allistituto-la-provvidenza-arriva-la-befana\/","og_locale":"it_IT","og_type":"article","og_title":"Reggio: all'Istituto \"La Provvidenza\" arriva la Befana - Radio Touring 104","og_description":"L\u2019arrivo tanto atteso ha portato con s\u00e9 i doni che numerosi reggini hanno voluto condividere per solidariet\u00e0 ai pi\u00f9 fragili","og_url":"https:\/\/progettotouring.it\/radiotouring104\/2025\/01\/08\/reggio-allistituto-la-provvidenza-arriva-la-befana\/","og_site_name":"Radio Touring 104","article_published_time":"2025-01-08T10:35:04+00:00","og_image":[{"width":2560,"height":1706,"url":"https:\/\/progettotouring.it\/radiotouring104\/wp-content\/uploads\/sites\/6\/2025\/01\/provvidenza-1.jpeg","type":"image\/jpeg"}],"author":"Sebastiano Plutino","twitter_card":"summary_large_image","twitter_misc":{"Scritto da":"Sebastiano Plutino","Tempo di lettura stimato":"2 minuti"},"schema":{"@context":"https:\/\/schema.org","@graph":[{"@type":"Article","@id":"https:\/\/progettotouring.it\/radiotouring104\/2025\/01\/08\/reggio-allistituto-la-provvidenza-arriva-la-befana\/#article","isPartOf":{"@id":"https:\/\/progettotouring.it\/radiotouring104\/2025\/01\/08\/reggio-allistituto-la-provvidenza-arriva-la-befana\/"},"author":{"name":"Sebastiano Plutino","@id":"https:\/\/progettotouring.it\/radiotouring104\/#\/schema\/person\/78613917f1851f041f7483f5af1d422e"},"headline":"Reggio: all&#8217;Istituto &#8220;La Provvidenza&#8221; arriva la Befana","datePublished":"2025-01-08T10:35:04+00:00","mainEntityOfPage":{"@id":"https:\/\/progettotouring.it\/radiotouring104\/2025\/01\/08\/reggio-allistituto-la-provvidenza-arriva-la-befana\/"},"wordCount":401,"publisher":{"@id":"https:\/\/progettotouring.it\/radiotouring104\/#organization"},"image":{"@id":"https:\/\/progettotouring.it\/radiotouring104\/2025\/01\/08\/reggio-allistituto-la-provvidenza-arriva-la-befana\/#primaryimage"},"thumbnailUrl":"https:\/\/progettotouring.it\/radiotouring104\/wp-content\/uploads\/sites\/6\/2025\/01\/provvidenza-1.jpeg","keywords":["\u201cReggio Citt\u00e0 Natale\u201d","arriva la Befana","Carmelo Romeo","Falcomat\u00e0 Giuseppe","Istituto La Provvidenza","lucia nucera","Sara Bottari"],"articleSection":["Home","News","Reggio Calabria"],"inLanguage":"it-IT"},{"@type":"WebPage","@id":"https:\/\/progettotouring.it\/radiotouring104\/2025\/01\/08\/reggio-allistituto-la-provvidenza-arriva-la-befana\/","url":"https:\/\/progettotouring.it\/radiotouring104\/2025\/01\/08\/reggio-allistituto-la-provvidenza-arriva-la-befana\/","name":"Reggio: all'Istituto \"La Provvidenza\" arriva la Befana - Radio Touring 104","isPartOf":{"@id":"https:\/\/progettotouring.it\/radiotouring104\/#website"},"primaryImageOfPage":{"@id":"https:\/\/progettotouring.it\/radiotouring104\/2025\/01\/08\/reggio-allistituto-la-provvidenza-arriva-la-befana\/#primaryimage"},"image":{"@id":"https:\/\/progettotouring.it\/radiotouring104\/2025\/01\/08\/reggio-allistituto-la-provvidenza-arriva-la-befana\/#primaryimage"},"thumbnailUrl":"https:\/\/progettotouring.it\/radiotouring104\/wp-content\/uploads\/sites\/6\/2025\/01\/provvidenza-1.jpeg","datePublished":"2025-01-08T10:35:04+00:00","description":"L\u2019arrivo tanto atteso ha portato con s\u00e9 i doni che numerosi reggini hanno voluto condividere per solidariet\u00e0 ai pi\u00f9 fragili","breadcrumb":{"@id":"https:\/\/progettotouring.it\/radiotouring104\/2025\/01\/08\/reggio-allistituto-la-provvidenza-arriva-la-befana\/#breadcrumb"},"inLanguage":"it-IT","potentialAction":[{"@type":"ReadAction","target":["https:\/\/progettotouring.it\/radiotouring104\/2025\/01\/08\/reggio-allistituto-la-provvidenza-arriva-la-befana\/"]}]},{"@type":"ImageObject","inLanguage":"it-IT","@id":"https:\/\/progettotouring.it\/radiotouring104\/2025\/01\/08\/reggio-allistituto-la-provvidenza-arriva-la-befana\/#primaryimage","url":"https:\/\/progettotouring.it\/radiotouring104\/wp-content\/uploads\/sites\/6\/2025\/01\/provvidenza-1.jpeg","contentUrl":"https:\/\/progettotouring.it\/radiotouring104\/wp-content\/uploads\/sites\/6\/2025\/01\/provvidenza-1.jpeg","width":2560,"height":1706},{"@type":"BreadcrumbList","@id":"https:\/\/progettotouring.it\/radiotouring104\/2025\/01\/08\/reggio-allistituto-la-provvidenza-arriva-la-befana\/#breadcrumb","itemListElement":[{"@type":"ListItem","position":1,"name":"Home","item":"https:\/\/progettotouring.it\/radiotouring104\/"},{"@type":"ListItem","position":2,"name":"Reggio: all&#8217;Istituto &#8220;La Provvidenza&#8221; arriva la Befana"}]},{"@type":"WebSite","@id":"https:\/\/progettotouring.it\/radiotouring104\/#website","url":"https:\/\/progettotouring.it\/radiotouring104\/","name":"Radio Touring 104","description":"La prima radio Reggina","publisher":{"@id":"https:\/\/progettotouring.it\/radiotouring104\/#organization"},"potentialAction":[{"@type":"SearchAction","target":{"@type":"EntryPoint","urlTemplate":"https:\/\/progettotouring.it\/radiotouring104\/?s={search_term_string}"},"query-input":{"@type":"PropertyValueSpecification","valueRequired":true,"valueName":"search_term_string"}}],"inLanguage":"it-IT"},{"@type":"Organization","@id":"https:\/\/progettotouring.it\/radiotouring104\/#organization","name":"Radio Touring 104","url":"https:\/\/progettotouring.it\/radiotouring104\/","logo":{"@type":"ImageObject","inLanguage":"it-IT","@id":"https:\/\/progettotouring.it\/radiotouring104\/#\/schema\/logo\/image\/","url":"https:\/\/progettotouring.it\/radiotouring104\/wp-content\/uploads\/sites\/6\/2022\/02\/cropped-logo-radio-touring-104.png","contentUrl":"https:\/\/progettotouring.it\/radiotouring104\/wp-content\/uploads\/sites\/6\/2022\/02\/cropped-logo-radio-touring-104.png","width":377,"height":182,"caption":"Radio Touring 104"},"image":{"@id":"https:\/\/progettotouring.it\/radiotouring104\/#\/schema\/logo\/image\/"}},{"@type":"Person","@id":"https:\/\/progettotouring.it\/radiotouring104\/#\/schema\/person\/78613917f1851f041f7483f5af1d422e","name":"Sebastiano Plutino","image":{"@type":"ImageObject","inLanguage":"it-IT","@id":"https:\/\/secure.gravatar.com\/avatar\/0546ffaa9b79224faf9f2a156b67a529ae861d3287c66c1d8ccfdf909bcba78d?s=96&d=mm&r=g","url":"https:\/\/secure.gravatar.com\/avatar\/0546ffaa9b79224faf9f2a156b67a529ae861d3287c66c1d8ccfdf909bcba78d?s=96&d=mm&r=g","contentUrl":"https:\/\/secure.gravatar.com\/avatar\/0546ffaa9b79224faf9f2a156b67a529ae861d3287c66c1d8ccfdf909bcba78d?s=96&d=mm&r=g","caption":"Sebastiano Plutino"},"url":"https:\/\/progettotouring.it\/radiotouring104\/author\/sebastiano\/"}]}},"jetpack_publicize_connections":[],"jetpack_featured_media_url":"https:\/\/progettotouring.it\/radiotouring104\/wp-content\/uploads\/sites\/6\/2025\/01\/provvidenza-1.jpeg","jetpack_sharing_enabled":true,"_links":{"self":[{"href":"https:\/\/progettotouring.it\/radiotouring104\/wp-json\/wp\/v2\/posts\/64365","targetHints":{"allow":["GET"]}}],"collection":[{"href":"https:\/\/progettotouring.it\/radiotouring104\/wp-json\/wp\/v2\/posts"}],"about":[{"href":"https:\/\/progettotouring.it\/radiotouring104\/wp-json\/wp\/v2\/types\/post"}],"author":[{"embeddable":true,"href":"https:\/\/progettotouring.it\/radiotouring104\/wp-json\/wp\/v2\/users\/12"}],"replies":[{"embeddable":true,"href":"https:\/\/progettotouring.it\/radiotouring104\/wp-json\/wp\/v2\/comments?post=64365"}],"version-history":[{"count":1,"href":"https:\/\/progettotouring.it\/radiotouring104\/wp-json\/wp\/v2\/posts\/64365\/revisions"}],"predecessor-version":[{"id":64367,"href":"https:\/\/progettotouring.it\/radiotouring104\/wp-json\/wp\/v2\/posts\/64365\/revisions\/64367"}],"wp:featuredmedia":[{"embeddable":true,"href":"https:\/\/progettotouring.it\/radiotouring104\/wp-json\/wp\/v2\/media\/64366"}],"wp:attachment":[{"href":"https:\/\/progettotouring.it\/radiotouring104\/wp-json\/wp\/v2\/media?parent=64365"}],"wp:term":[{"taxonomy":"category","embeddable":true,"href":"https:\/\/progettotouring.it\/radiotouring104\/wp-json\/wp\/v2\/categories?post=64365"},{"taxonomy":"post_tag","embeddable":true,"href":"https:\/\/progettotouring.it\/radiotouring104\/wp-json\/wp\/v2\/tags?post=64365"}],"curies":[{"name":"wp","href":"https:\/\/api.w.org\/{rel}","templated":true}]}}