{"id":64380,"date":"2025-01-08T12:32:31","date_gmt":"2025-01-08T11:32:31","guid":{"rendered":"https:\/\/progettotouring.it\/radiotouring104\/?p=64380"},"modified":"2025-01-08T12:32:31","modified_gmt":"2025-01-08T11:32:31","slug":"reggio-a-palazzo-san-giorgio-confronto-tra-il-comitato-di-condera-e-lamministrazione","status":"publish","type":"post","link":"https:\/\/progettotouring.it\/radiotouring104\/2025\/01\/08\/reggio-a-palazzo-san-giorgio-confronto-tra-il-comitato-di-condera-e-lamministrazione\/","title":{"rendered":"Reggio: a Palazzo San Giorgio confronto tra il Comitato di Condera e l&#8217;Amministrazione"},"content":{"rendered":"<p class=\"xmprfx_MsoNormal\" style=\"text-align: justify\"><strong>Si \u00e8 svolto ieri<\/strong> 7 gennaio, presso la sala-giunta di<strong> Palazzo San Giorgio, l\u2019incontro tra referenti del Comitato di quartiere di Condera, Sindaco e numerosi assessori<\/strong> e consiglieri delegati.<\/p>\n<p class=\"xmprfx_MsoNormal\" style=\"text-align: justify\">In particolare, oltre al primo cittadino,<strong> hanno partecipato<\/strong> ai lavori il vicesindaco del Comune <strong>Paolo Brunetti,<\/strong> il consigliere comunale e vicesindaco metropolitano <strong>Carmelo Versace,<\/strong> l\u2019assessore ai lavori pubblici<strong> Franco Costantino,<\/strong> l\u2019assessore all\u2019urbanistica<strong> Paolo Malara,<\/strong> l\u2019assessore alla programmazione e rimodulazione delle risorse comunitarie <strong>Carmelo Romeo,<\/strong> l\u2019assessore alle politiche sociali<strong> Lucia Anita Nucera<\/strong>, l\u2019assessore alla pubblica Istruzione <strong>Anna Briante<\/strong> ed i consiglieri delegati<strong> Franco Barreca<\/strong> (manutenzione stradale) e Massimiliano Merenda (decoro urbano).<\/p>\n<p class=\"xmprfx_MsoNormal\" style=\"text-align: justify\"><strong>Per il comitato<\/strong> del popoloso quartiere di Condera c\u2019erano il Presidente <strong>Giuseppe Cutrupi,<\/strong> il parroco della <strong>Don Paolo Ielo<\/strong> ed alcuni degli aderenti.<\/p>\n<p class=\"xmprfx_MsoNormal\" style=\"text-align: justify\">Le istanze rappresentate alle Istituzioni si sono concentrate soprattutto su note criticit\u00e0 che <strong>attendono da tempo delle risposte:<\/strong> i lavori del campo di calcio (con richiesta di pulizia delle sterpaglie infestanti); quelli per la scuola elementare; l\u2019emergenza idrica; lo spostamento dell\u2019area di interscambio dei rifiuti (tra mezzi per la raccolta piccoli e grandi) e l\u2019intervento su alcuni alberi con stabilit\u00e0 precaria a ridosso della scuola media De Gasperi.<\/p>\n<p class=\"xmprfx_MsoNormal\" style=\"text-align: justify\"><strong>Il Sindaco Giuseppe Falcomat\u00e0 ha fatto rispondere,<\/strong> punto per punto<strong>, assessori e consiglieri delegati;<\/strong> ognuno per il proprio ruolo e settore di competenza.<\/p>\n<p class=\"xmprfx_MsoNormal\" style=\"text-align: justify\">In particolare, in ordine di priorit\u00e0,<strong> fondamentali sono state le precisazioni dell\u2019assessore<\/strong> ai lavori pubblici <strong>Franco Costantino<\/strong> relativamente ai due interventi di maggiore rilevanza che interessano il quartiere: il campo di calcio e la scuola elementare. Sulla scuola ed il suo finanziamento sono intervenuti anche gli assessori Carmelo Romeo ed Anna Briante.<\/p>\n<p class=\"xmprfx_MsoNormal\" style=\"text-align: justify\"><strong>Gli aggiornamenti ultimi<\/strong>, rispetto al <strong>progetto originario del campo di calcio,<\/strong> consistono nella notizia che dei fondi previsti inizialmente sono 800 mila euro quelli utilizzabili, in concreto, con una<strong> rimodulazione del progetto che evita di rinunciare in toto alla sua realizzazione<\/strong> (seppur con delle modifiche).<\/p>\n<p class=\"xmprfx_MsoNormal\" style=\"text-align: justify\">Ci\u00f2 a causa principalmente dello stop dovuto al covid, quindi dell\u2019aggiornamento del prezziario (che avviene ogni due anni) e di una lievitazione insostenibile dei nuovi costi che aveva portato la Ditta aggiudicataria a chiedere una maggiorazione di somme non pi\u00f9 sostenibili.<\/p>\n<p class=\"xmprfx_MsoNormal\" style=\"text-align: justify\">Fortunatamente la disponibilit\u00e0 della Ditta stessa e l\u2019azione di concertazione del settore Lavori Pubblici hanno consentito di raggiungere, verosimilmente, un accordo che dovrebbe ormai andare in porto a brevissimo garantendo la realizzazione degli aspetti pi\u00f9 significativi del progetto per restituire al quartiere, finalmente, questo importante impianto sportivo; luogo fondamentale di aggregazione giovanile con importanti risvolti e benefici sociali a pi\u00f9 livelli.<\/p>\n<p class=\"xmprfx_MsoNormal\" style=\"text-align: justify\"><strong>A seguire,<\/strong> annunciando un\u2019ottima notizia, sempre<strong> l\u2019assessore Franco Costantino ha comunicato ai referenti del Comitato che tra pochi giorni verranno ufficialmente consegnati i lavori per la scuola elementare<\/strong> (per un totale di oltre 2mln di euro) che consentiranno agli oltre 200 bambini che la frequentano di poterci rientrare in piena sicurezza ed in locali confortevoli nel rispetto di ogni normativa vigente.<\/p>\n<p class=\"xmprfx_MsoNormal\" style=\"text-align: justify\"><strong>I lavori dovrebbero durare all\u2019incirca un anno;<\/strong> pertanto la scuola dovrebbe essere riaperta per l\u2019anno scolastico 2026-2027.<\/p>\n<p class=\"xmprfx_MsoNormal\" style=\"text-align: justify\">Sull\u2019argomento si sono espressi anche<strong> gli assessori Carmelo Romeo ed Anna Briante<\/strong> motivando e dettagliando la scelta politico-amministrativa precisa di investire sulla scuola elementare di Condera (assieme ad altre in altri quartieri strategici) prima ed a prescindere da quanto rilevato negli anni successivi nell\u2019<strong>ambito del progetto<\/strong> \u201cscuole belle e sicure\u201d; progetto che ha evidenziato le note criticit\u00e0 strutturali di carattere sismico che hanno poi costretto il Comune alla chiusura forzata di vari plessi; per Condera, invece, la scelta \u00e8 stata di pura programmazione con un\u2019attenzione precisa per quella struttura e per il quartiere.<\/p>\n<p class=\"xmprfx_MsoNormal\" style=\"text-align: justify\"><strong>L\u2019importante iter burocratico-amministrativo<\/strong> (che ha coinvolto anche la Regione Calabria per quanto riguarda i fondi di \u201cagenda 2000\u201d) \u00e8 stato espletato per intero e, ottenuti tutti i pareri, finalmente ha consentito di giungere all\u2019imminente consegna dei lavori.<\/p>\n<p class=\"xmprfx_MsoNormal\" style=\"text-align: justify\"><strong>Rispetto alla questione idrica ed alla manutenzione stradale \u00e8 intervenuto il consigliere delegato Franco Barreca<\/strong> affrontando in modo chiaro alcuni aspetti tecnici della rete e del sistema idrico di Condera spiegando le ragioni di alcune criticit\u00e0; al contempo sia lui che il Sindaco hanno ricordato che ormai la gestione della rete nonch\u00e9 del servizio \u00e8 in capo alla Regione che opera attraverso Sorical. Ci\u00f2 malgrado il Comune, pur non avendone pi\u00f9 competenza, si \u00e8 fatto e si far\u00e0 carico delle segnalazioni dei cittadini per ottimizzare e garantire al meglio il servizio rappresentando ogni istanza ai referenti di Sorical.<\/p>\n<p class=\"xmprfx_MsoNormal\" style=\"text-align: justify\"><strong>Rispetto alla manutenzione stradale Barreca e Costantino sono intervenuti per rassicurare il comitato<\/strong> rispetto ad interventi imminenti di ripristino del manto stradale su alcune importanti buche segnalate ma, soprattutto, per annunciare il cospicuo investimento di oltre 700mila euro previsto per tutto il tratto tra Condera e Terreti.<\/p>\n<p class=\"xmprfx_MsoNormal\" style=\"text-align: justify\">Rispetto alla zona di interscambio dei rifiuti, attualmente collocata all\u2019interno della nuova piazza a ridosso del Cimitero, sia il consigliere Merenda che il vicensindaco Brunetti (con delega all\u2019ambiente) si sono immediatamente attivati con il dirigente del Settore Domenico Rechichi per chiedere parere per uno spostamento della stessa in altro luogo e nello specifico, sotto proposta dello stesso comitato, presso l\u2019ex concimaia a Pietrastorta. Scelta eventuale che libererebbe la piazza da questa immagine sgradevole e ne garantirebbe il decoro ad ogni livello; anche perch\u00e9 proprio l\u00ec, attualmente, sono moltissimi i bambini che prendono i bus per andare a scuola.<\/p>\n<p class=\"xmprfx_MsoNormal\" style=\"text-align: justify\">Brunetti \u00e8 intervenuto anche su questione sollevata degli alberi a rischio all\u2019ingresso della scuola media De Gasperi della cui condizione ha gi\u00e0 avuto modo di accertarsi, in recente sopralluogo, garantendo interventi opportuni e concertati per individuare la migliore soluzione e scongiurare qualsiasi evenienza che possa apportare danni a persone.<\/p>\n<p class=\"xmprfx_MsoNormal\" style=\"text-align: justify\">Il vicesindaco ha anche descritto ai referenti del Comitato il nuovo sistema di raccolta rifiuti che sar\u00e0 avviato dal 15 gennaio informandoli su tutta una serie di cambiamenti ed accorgimenti che vanno incontro ad esigenze e bisogni emersi non solo nella logistica del servizio ma anche in aspetti meramente tributari; ha preannunciato, infatti, che questo percorso nuovo condurr\u00e0 all\u2019introduzione della \u201ctariffa puntuale\u201d (TARIP) e quindi di un sistema di premialit\u00e0 incentivante: chi pi\u00f9 differenzia meno paga.<\/p>\n<p class=\"xmprfx_MsoNormal\" style=\"text-align: justify\">Il consigliere comunale, nonch\u00e9 vicesindaco metropolitano, Carmelo Versace \u00e8 intervenuto per ringraziare il comitato per l\u2019azione fondamentale che svolge e sottolineare la necessit\u00e0 di rivitalizzare il quartiere con gli interventi programmati dall\u2019amministrazione ma anche e soprattutto con forme di cittadinanza attiva che facciano rinascere attivit\u00e0, ad ogni livello, attorno a quello che sar\u00e0 il nuovo volto di Condera; dalla storia calcistico- sportiva, in genere, ad attivit\u00e0 di tipo sociale. Condera \u00e8 un quartiere che si \u00e8 ingrandito e si deve ragionare su nuovi bisogni e servizi che detta questa trasformazione che non lo vuole unicamente come quartiere-dormitorio.<\/p>\n<p class=\"xmprfx_MsoNormal\" style=\"text-align: justify\">A conclusione dell\u2019incontro il Sindaco ha portato a sintesi, all\u2019interno di una visione pi\u00f9 ampia cittadina, tutti i contributi giunti da assessori e consiglieri delegati.<\/p>\n<p class=\"xmprfx_MsoNormal\" style=\"text-align: justify\">Falcomat\u00e0 ha passato in rassegna gli interventi gi\u00e0 effettuati, i progetti realizzati e quelli in programma; si parla di quasi 10mln di euro di investimenti su questa zona della citt\u00e0: una cospicua somma che dimostra l\u2019interesse oggettivo dell\u2019Amministrazione per il quartiere.<\/p>\n<p class=\"xmprfx_MsoNormal\" style=\"text-align: justify\">Con l\u2019assenza delle Circoscrizioni, ha rilevato il primo cittadino, \u00e8 evidente che spesso non arrivano affatto o arrivano in ritardo delle segnalazioni su disservizi o problematiche varie; ecco perch\u00e9 si verificano dei ritardi negli interventi manutentivi. Tuttavia, quale scelta di indirizzo politico, si sta lavorando alla riattivazione delle circoscrizioni in un\u2019ottica di decentramento dei servizi che possa garantire maggiore presenza territoriale ed un livello di prossimit\u00e0 alla popolazione che dia la percezione concreta delle attivit\u00e0 amministrative ed annulli questa distanza.<\/p>\n<p class=\"xmprfx_MsoNormal\" style=\"text-align: justify\">L\u2019isola ecologica, il centro di riuso, la nuova piazza al cimitero, la scuola elementare, il campo di calcio, gli interventi sull\u2019asse viario fino a Terreti; Condera \u00e8 storico quartiere dei \u201ccampi di Reggio\u201d che accoglie ed ospita un cospicuo numero di cittadini e merita assolutamente questo tipo di attenzione.<\/p>\n<p class=\"xmprfx_MsoNormal\" style=\"text-align: justify\">Gli obiettivi del comitato e della parrocchia coincidono con quelli degli amministratori; perch\u00e9, a prescindere da appartenenze partitiche o visioni politiche, i progetti o le proposte di cui si \u00e8 parlato sono patrimonio collettivo trasversale e qualsiasi sindaco o amministratore, in genere, vorrebbe che ogni quartiere godesse al meglio di servizi essenziali e di strutture o spazi fondamentali per l\u2019aggregazione o per attivit\u00e0 di valore sociale.<\/p>\n<p class=\"xmprfx_MsoNormal\" style=\"text-align: justify\">Il Comune si impegner\u00e0 a portare a termine e concretizzare i progetti in programma o quelli gi\u00e0 in essere con l\u2019appello, tuttavia, alla collaborazione ed alla partecipazione attiva della cittadinanza che deve appropriarsi degli spazi e divenirne custode; perch\u00e9 gli spazi e le strutture ma finanche le strade ed il pubblico decoro, in genere, sono beni comuni collettivi.<\/p>\n<p class=\"xmprfx_MsoNormal\" style=\"text-align: justify\">Il proficuo confronto si \u00e8 concluso con l\u2019impegno di comitato ed amministratori di ritrovarsi a stretto giro dopo la realizzazione dei primi interventi programmati (vedi pulizia del campo di calcio dalle sterpaglie o la consegna dei lavori per la scuola elementare) per un continuo monitoraggio sulle attivit\u00e0 poste in essere o in programma.<\/p>\n","protected":false},"excerpt":{"rendered":"<p>Si \u00e8 svolto ieri 7 gennaio, presso la sala-giunta di Palazzo San Giorgio, l\u2019incontro tra referenti del Comitato di quartiere di Condera, Sindaco e numerosi assessori e consiglieri delegati. In&hellip;<\/p>\n","protected":false},"author":12,"featured_media":64381,"comment_status":"closed","ping_status":"open","sticky":false,"template":"","format":"standard","meta":{"_jetpack_memberships_contains_paid_content":false,"footnotes":"","jetpack_publicize_message":"","jetpack_publicize_feature_enabled":true,"jetpack_social_post_already_shared":true,"jetpack_social_options":{"image_generator_settings":{"template":"highway","default_image_id":0,"font":"","enabled":false},"version":2}},"categories":[921,196,140],"tags":[24572,26095,22986,39125,39127,30465,5016,39126,5698,659],"class_list":["post-64380","post","type-post","status-publish","format-standard","has-post-thumbnail","hentry","category-home","category-news","category-reggio-calabria","tag-anna-briante","tag-assessore-francesco-costantino","tag-avv-carmelo-versace","tag-comitato-quartiere-condera","tag-don-paolo-ielo","tag-falcomata-giuseppe","tag-franco-barreca","tag-giuseppe-cutrupi","tag-incontro","tag-palazzo-san-giorgio"],"yoast_head":"<!-- This site is optimized with the Yoast SEO plugin v27.2 - https:\/\/yoast.com\/product\/yoast-seo-wordpress\/ -->\n<title>Palazzo San Giorgio: confronto tra Comitato Condera e Comune<\/title>\n<meta name=\"description\" content=\"Svolto ieri a Palazzo San Giorgio un incontro tra una delegazione del Comitato e l&#039;Amministrazione. Sul tavolo le problematiche del quartiere\" \/>\n<meta name=\"robots\" content=\"index, follow, max-snippet:-1, max-image-preview:large, max-video-preview:-1\" \/>\n<link rel=\"canonical\" href=\"https:\/\/progettotouring.it\/radiotouring104\/2025\/01\/08\/reggio-a-palazzo-san-giorgio-confronto-tra-il-comitato-di-condera-e-lamministrazione\/\" \/>\n<meta property=\"og:locale\" content=\"it_IT\" \/>\n<meta property=\"og:type\" content=\"article\" \/>\n<meta property=\"og:title\" content=\"Palazzo San Giorgio: confronto tra Comitato Condera e Comune\" \/>\n<meta property=\"og:description\" content=\"Svolto ieri a Palazzo San Giorgio un incontro tra una delegazione del Comitato e l&#039;Amministrazione. Sul tavolo le problematiche del quartiere\" \/>\n<meta property=\"og:url\" content=\"https:\/\/progettotouring.it\/radiotouring104\/2025\/01\/08\/reggio-a-palazzo-san-giorgio-confronto-tra-il-comitato-di-condera-e-lamministrazione\/\" \/>\n<meta property=\"og:site_name\" content=\"Radio Touring 104\" \/>\n<meta property=\"article:published_time\" content=\"2025-01-08T11:32:31+00:00\" \/>\n<meta property=\"og:image\" content=\"https:\/\/progettotouring.it\/radiotouring104\/wp-content\/uploads\/sites\/6\/2025\/01\/Comitato-Condera-ricevuto-a-Palazzo-San-Giorgio.jpeg\" \/>\n\t<meta property=\"og:image:width\" content=\"2040\" \/>\n\t<meta property=\"og:image:height\" content=\"1148\" \/>\n\t<meta property=\"og:image:type\" content=\"image\/jpeg\" \/>\n<meta name=\"author\" content=\"Sebastiano Plutino\" \/>\n<meta name=\"twitter:card\" content=\"summary_large_image\" \/>\n<meta name=\"twitter:label1\" content=\"Scritto da\" \/>\n\t<meta name=\"twitter:data1\" content=\"Sebastiano Plutino\" \/>\n\t<meta name=\"twitter:label2\" content=\"Tempo di lettura stimato\" \/>\n\t<meta name=\"twitter:data2\" content=\"7 minuti\" \/>\n<script type=\"application\/ld+json\" class=\"yoast-schema-graph\">{\"@context\":\"https:\/\/schema.org\",\"@graph\":[{\"@type\":\"Article\",\"@id\":\"https:\/\/progettotouring.it\/radiotouring104\/2025\/01\/08\/reggio-a-palazzo-san-giorgio-confronto-tra-il-comitato-di-condera-e-lamministrazione\/#article\",\"isPartOf\":{\"@id\":\"https:\/\/progettotouring.it\/radiotouring104\/2025\/01\/08\/reggio-a-palazzo-san-giorgio-confronto-tra-il-comitato-di-condera-e-lamministrazione\/\"},\"author\":{\"name\":\"Sebastiano Plutino\",\"@id\":\"https:\/\/progettotouring.it\/radiotouring104\/#\/schema\/person\/78613917f1851f041f7483f5af1d422e\"},\"headline\":\"Reggio: a Palazzo San Giorgio confronto tra il Comitato di Condera e l&#8217;Amministrazione\",\"datePublished\":\"2025-01-08T11:32:31+00:00\",\"mainEntityOfPage\":{\"@id\":\"https:\/\/progettotouring.it\/radiotouring104\/2025\/01\/08\/reggio-a-palazzo-san-giorgio-confronto-tra-il-comitato-di-condera-e-lamministrazione\/\"},\"wordCount\":1492,\"publisher\":{\"@id\":\"https:\/\/progettotouring.it\/radiotouring104\/#organization\"},\"image\":{\"@id\":\"https:\/\/progettotouring.it\/radiotouring104\/2025\/01\/08\/reggio-a-palazzo-san-giorgio-confronto-tra-il-comitato-di-condera-e-lamministrazione\/#primaryimage\"},\"thumbnailUrl\":\"https:\/\/progettotouring.it\/radiotouring104\/wp-content\/uploads\/sites\/6\/2025\/01\/Comitato-Condera-ricevuto-a-Palazzo-San-Giorgio.jpeg\",\"keywords\":[\"Anna Briante\",\"Assessore Francesco Costantino\",\"Avv. Carmelo Versace\",\"Comitato Quartiere Conder\u00e0\",\"Don Paolo Ielo\",\"Falcomat\u00e0 Giuseppe\",\"Franco Barreca\",\"Giuseppe Cutrupi\",\"incontro\",\"palazzo san giorgio\"],\"articleSection\":[\"Home\",\"News\",\"Reggio Calabria\"],\"inLanguage\":\"it-IT\"},{\"@type\":\"WebPage\",\"@id\":\"https:\/\/progettotouring.it\/radiotouring104\/2025\/01\/08\/reggio-a-palazzo-san-giorgio-confronto-tra-il-comitato-di-condera-e-lamministrazione\/\",\"url\":\"https:\/\/progettotouring.it\/radiotouring104\/2025\/01\/08\/reggio-a-palazzo-san-giorgio-confronto-tra-il-comitato-di-condera-e-lamministrazione\/\",\"name\":\"Palazzo San Giorgio: confronto tra Comitato Condera e Comune\",\"isPartOf\":{\"@id\":\"https:\/\/progettotouring.it\/radiotouring104\/#website\"},\"primaryImageOfPage\":{\"@id\":\"https:\/\/progettotouring.it\/radiotouring104\/2025\/01\/08\/reggio-a-palazzo-san-giorgio-confronto-tra-il-comitato-di-condera-e-lamministrazione\/#primaryimage\"},\"image\":{\"@id\":\"https:\/\/progettotouring.it\/radiotouring104\/2025\/01\/08\/reggio-a-palazzo-san-giorgio-confronto-tra-il-comitato-di-condera-e-lamministrazione\/#primaryimage\"},\"thumbnailUrl\":\"https:\/\/progettotouring.it\/radiotouring104\/wp-content\/uploads\/sites\/6\/2025\/01\/Comitato-Condera-ricevuto-a-Palazzo-San-Giorgio.jpeg\",\"datePublished\":\"2025-01-08T11:32:31+00:00\",\"description\":\"Svolto ieri a Palazzo San Giorgio un incontro tra una delegazione del Comitato e l'Amministrazione. Sul tavolo le problematiche del quartiere\",\"breadcrumb\":{\"@id\":\"https:\/\/progettotouring.it\/radiotouring104\/2025\/01\/08\/reggio-a-palazzo-san-giorgio-confronto-tra-il-comitato-di-condera-e-lamministrazione\/#breadcrumb\"},\"inLanguage\":\"it-IT\",\"potentialAction\":[{\"@type\":\"ReadAction\",\"target\":[\"https:\/\/progettotouring.it\/radiotouring104\/2025\/01\/08\/reggio-a-palazzo-san-giorgio-confronto-tra-il-comitato-di-condera-e-lamministrazione\/\"]}]},{\"@type\":\"ImageObject\",\"inLanguage\":\"it-IT\",\"@id\":\"https:\/\/progettotouring.it\/radiotouring104\/2025\/01\/08\/reggio-a-palazzo-san-giorgio-confronto-tra-il-comitato-di-condera-e-lamministrazione\/#primaryimage\",\"url\":\"https:\/\/progettotouring.it\/radiotouring104\/wp-content\/uploads\/sites\/6\/2025\/01\/Comitato-Condera-ricevuto-a-Palazzo-San-Giorgio.jpeg\",\"contentUrl\":\"https:\/\/progettotouring.it\/radiotouring104\/wp-content\/uploads\/sites\/6\/2025\/01\/Comitato-Condera-ricevuto-a-Palazzo-San-Giorgio.jpeg\",\"width\":2040,\"height\":1148},{\"@type\":\"BreadcrumbList\",\"@id\":\"https:\/\/progettotouring.it\/radiotouring104\/2025\/01\/08\/reggio-a-palazzo-san-giorgio-confronto-tra-il-comitato-di-condera-e-lamministrazione\/#breadcrumb\",\"itemListElement\":[{\"@type\":\"ListItem\",\"position\":1,\"name\":\"Home\",\"item\":\"https:\/\/progettotouring.it\/radiotouring104\/\"},{\"@type\":\"ListItem\",\"position\":2,\"name\":\"Reggio: a Palazzo San Giorgio confronto tra il Comitato di Condera e l&#8217;Amministrazione\"}]},{\"@type\":\"WebSite\",\"@id\":\"https:\/\/progettotouring.it\/radiotouring104\/#website\",\"url\":\"https:\/\/progettotouring.it\/radiotouring104\/\",\"name\":\"Radio Touring 104\",\"description\":\"La prima radio Reggina\",\"publisher\":{\"@id\":\"https:\/\/progettotouring.it\/radiotouring104\/#organization\"},\"potentialAction\":[{\"@type\":\"SearchAction\",\"target\":{\"@type\":\"EntryPoint\",\"urlTemplate\":\"https:\/\/progettotouring.it\/radiotouring104\/?s={search_term_string}\"},\"query-input\":{\"@type\":\"PropertyValueSpecification\",\"valueRequired\":true,\"valueName\":\"search_term_string\"}}],\"inLanguage\":\"it-IT\"},{\"@type\":\"Organization\",\"@id\":\"https:\/\/progettotouring.it\/radiotouring104\/#organization\",\"name\":\"Radio Touring 104\",\"url\":\"https:\/\/progettotouring.it\/radiotouring104\/\",\"logo\":{\"@type\":\"ImageObject\",\"inLanguage\":\"it-IT\",\"@id\":\"https:\/\/progettotouring.it\/radiotouring104\/#\/schema\/logo\/image\/\",\"url\":\"https:\/\/progettotouring.it\/radiotouring104\/wp-content\/uploads\/sites\/6\/2022\/02\/cropped-logo-radio-touring-104.png\",\"contentUrl\":\"https:\/\/progettotouring.it\/radiotouring104\/wp-content\/uploads\/sites\/6\/2022\/02\/cropped-logo-radio-touring-104.png\",\"width\":377,\"height\":182,\"caption\":\"Radio Touring 104\"},\"image\":{\"@id\":\"https:\/\/progettotouring.it\/radiotouring104\/#\/schema\/logo\/image\/\"}},{\"@type\":\"Person\",\"@id\":\"https:\/\/progettotouring.it\/radiotouring104\/#\/schema\/person\/78613917f1851f041f7483f5af1d422e\",\"name\":\"Sebastiano Plutino\",\"image\":{\"@type\":\"ImageObject\",\"inLanguage\":\"it-IT\",\"@id\":\"https:\/\/secure.gravatar.com\/avatar\/0546ffaa9b79224faf9f2a156b67a529ae861d3287c66c1d8ccfdf909bcba78d?s=96&d=mm&r=g\",\"url\":\"https:\/\/secure.gravatar.com\/avatar\/0546ffaa9b79224faf9f2a156b67a529ae861d3287c66c1d8ccfdf909bcba78d?s=96&d=mm&r=g\",\"contentUrl\":\"https:\/\/secure.gravatar.com\/avatar\/0546ffaa9b79224faf9f2a156b67a529ae861d3287c66c1d8ccfdf909bcba78d?s=96&d=mm&r=g\",\"caption\":\"Sebastiano Plutino\"},\"url\":\"https:\/\/progettotouring.it\/radiotouring104\/author\/sebastiano\/\"}]}<\/script>\n<!-- \/ Yoast SEO plugin. -->","yoast_head_json":{"title":"Palazzo San Giorgio: confronto tra Comitato Condera e Comune","description":"Svolto ieri a Palazzo San Giorgio un incontro tra una delegazione del Comitato e l'Amministrazione. Sul tavolo le problematiche del quartiere","robots":{"index":"index","follow":"follow","max-snippet":"max-snippet:-1","max-image-preview":"max-image-preview:large","max-video-preview":"max-video-preview:-1"},"canonical":"https:\/\/progettotouring.it\/radiotouring104\/2025\/01\/08\/reggio-a-palazzo-san-giorgio-confronto-tra-il-comitato-di-condera-e-lamministrazione\/","og_locale":"it_IT","og_type":"article","og_title":"Palazzo San Giorgio: confronto tra Comitato Condera e Comune","og_description":"Svolto ieri a Palazzo San Giorgio un incontro tra una delegazione del Comitato e l'Amministrazione. Sul tavolo le problematiche del quartiere","og_url":"https:\/\/progettotouring.it\/radiotouring104\/2025\/01\/08\/reggio-a-palazzo-san-giorgio-confronto-tra-il-comitato-di-condera-e-lamministrazione\/","og_site_name":"Radio Touring 104","article_published_time":"2025-01-08T11:32:31+00:00","og_image":[{"width":2040,"height":1148,"url":"https:\/\/progettotouring.it\/radiotouring104\/wp-content\/uploads\/sites\/6\/2025\/01\/Comitato-Condera-ricevuto-a-Palazzo-San-Giorgio.jpeg","type":"image\/jpeg"}],"author":"Sebastiano Plutino","twitter_card":"summary_large_image","twitter_misc":{"Scritto da":"Sebastiano Plutino","Tempo di lettura stimato":"7 minuti"},"schema":{"@context":"https:\/\/schema.org","@graph":[{"@type":"Article","@id":"https:\/\/progettotouring.it\/radiotouring104\/2025\/01\/08\/reggio-a-palazzo-san-giorgio-confronto-tra-il-comitato-di-condera-e-lamministrazione\/#article","isPartOf":{"@id":"https:\/\/progettotouring.it\/radiotouring104\/2025\/01\/08\/reggio-a-palazzo-san-giorgio-confronto-tra-il-comitato-di-condera-e-lamministrazione\/"},"author":{"name":"Sebastiano Plutino","@id":"https:\/\/progettotouring.it\/radiotouring104\/#\/schema\/person\/78613917f1851f041f7483f5af1d422e"},"headline":"Reggio: a Palazzo San Giorgio confronto tra il Comitato di Condera e l&#8217;Amministrazione","datePublished":"2025-01-08T11:32:31+00:00","mainEntityOfPage":{"@id":"https:\/\/progettotouring.it\/radiotouring104\/2025\/01\/08\/reggio-a-palazzo-san-giorgio-confronto-tra-il-comitato-di-condera-e-lamministrazione\/"},"wordCount":1492,"publisher":{"@id":"https:\/\/progettotouring.it\/radiotouring104\/#organization"},"image":{"@id":"https:\/\/progettotouring.it\/radiotouring104\/2025\/01\/08\/reggio-a-palazzo-san-giorgio-confronto-tra-il-comitato-di-condera-e-lamministrazione\/#primaryimage"},"thumbnailUrl":"https:\/\/progettotouring.it\/radiotouring104\/wp-content\/uploads\/sites\/6\/2025\/01\/Comitato-Condera-ricevuto-a-Palazzo-San-Giorgio.jpeg","keywords":["Anna Briante","Assessore Francesco Costantino","Avv. Carmelo Versace","Comitato Quartiere Conder\u00e0","Don Paolo Ielo","Falcomat\u00e0 Giuseppe","Franco Barreca","Giuseppe Cutrupi","incontro","palazzo san giorgio"],"articleSection":["Home","News","Reggio Calabria"],"inLanguage":"it-IT"},{"@type":"WebPage","@id":"https:\/\/progettotouring.it\/radiotouring104\/2025\/01\/08\/reggio-a-palazzo-san-giorgio-confronto-tra-il-comitato-di-condera-e-lamministrazione\/","url":"https:\/\/progettotouring.it\/radiotouring104\/2025\/01\/08\/reggio-a-palazzo-san-giorgio-confronto-tra-il-comitato-di-condera-e-lamministrazione\/","name":"Palazzo San Giorgio: confronto tra Comitato Condera e Comune","isPartOf":{"@id":"https:\/\/progettotouring.it\/radiotouring104\/#website"},"primaryImageOfPage":{"@id":"https:\/\/progettotouring.it\/radiotouring104\/2025\/01\/08\/reggio-a-palazzo-san-giorgio-confronto-tra-il-comitato-di-condera-e-lamministrazione\/#primaryimage"},"image":{"@id":"https:\/\/progettotouring.it\/radiotouring104\/2025\/01\/08\/reggio-a-palazzo-san-giorgio-confronto-tra-il-comitato-di-condera-e-lamministrazione\/#primaryimage"},"thumbnailUrl":"https:\/\/progettotouring.it\/radiotouring104\/wp-content\/uploads\/sites\/6\/2025\/01\/Comitato-Condera-ricevuto-a-Palazzo-San-Giorgio.jpeg","datePublished":"2025-01-08T11:32:31+00:00","description":"Svolto ieri a Palazzo San Giorgio un incontro tra una delegazione del Comitato e l'Amministrazione. Sul tavolo le problematiche del quartiere","breadcrumb":{"@id":"https:\/\/progettotouring.it\/radiotouring104\/2025\/01\/08\/reggio-a-palazzo-san-giorgio-confronto-tra-il-comitato-di-condera-e-lamministrazione\/#breadcrumb"},"inLanguage":"it-IT","potentialAction":[{"@type":"ReadAction","target":["https:\/\/progettotouring.it\/radiotouring104\/2025\/01\/08\/reggio-a-palazzo-san-giorgio-confronto-tra-il-comitato-di-condera-e-lamministrazione\/"]}]},{"@type":"ImageObject","inLanguage":"it-IT","@id":"https:\/\/progettotouring.it\/radiotouring104\/2025\/01\/08\/reggio-a-palazzo-san-giorgio-confronto-tra-il-comitato-di-condera-e-lamministrazione\/#primaryimage","url":"https:\/\/progettotouring.it\/radiotouring104\/wp-content\/uploads\/sites\/6\/2025\/01\/Comitato-Condera-ricevuto-a-Palazzo-San-Giorgio.jpeg","contentUrl":"https:\/\/progettotouring.it\/radiotouring104\/wp-content\/uploads\/sites\/6\/2025\/01\/Comitato-Condera-ricevuto-a-Palazzo-San-Giorgio.jpeg","width":2040,"height":1148},{"@type":"BreadcrumbList","@id":"https:\/\/progettotouring.it\/radiotouring104\/2025\/01\/08\/reggio-a-palazzo-san-giorgio-confronto-tra-il-comitato-di-condera-e-lamministrazione\/#breadcrumb","itemListElement":[{"@type":"ListItem","position":1,"name":"Home","item":"https:\/\/progettotouring.it\/radiotouring104\/"},{"@type":"ListItem","position":2,"name":"Reggio: a Palazzo San Giorgio confronto tra il Comitato di Condera e l&#8217;Amministrazione"}]},{"@type":"WebSite","@id":"https:\/\/progettotouring.it\/radiotouring104\/#website","url":"https:\/\/progettotouring.it\/radiotouring104\/","name":"Radio Touring 104","description":"La prima radio Reggina","publisher":{"@id":"https:\/\/progettotouring.it\/radiotouring104\/#organization"},"potentialAction":[{"@type":"SearchAction","target":{"@type":"EntryPoint","urlTemplate":"https:\/\/progettotouring.it\/radiotouring104\/?s={search_term_string}"},"query-input":{"@type":"PropertyValueSpecification","valueRequired":true,"valueName":"search_term_string"}}],"inLanguage":"it-IT"},{"@type":"Organization","@id":"https:\/\/progettotouring.it\/radiotouring104\/#organization","name":"Radio Touring 104","url":"https:\/\/progettotouring.it\/radiotouring104\/","logo":{"@type":"ImageObject","inLanguage":"it-IT","@id":"https:\/\/progettotouring.it\/radiotouring104\/#\/schema\/logo\/image\/","url":"https:\/\/progettotouring.it\/radiotouring104\/wp-content\/uploads\/sites\/6\/2022\/02\/cropped-logo-radio-touring-104.png","contentUrl":"https:\/\/progettotouring.it\/radiotouring104\/wp-content\/uploads\/sites\/6\/2022\/02\/cropped-logo-radio-touring-104.png","width":377,"height":182,"caption":"Radio Touring 104"},"image":{"@id":"https:\/\/progettotouring.it\/radiotouring104\/#\/schema\/logo\/image\/"}},{"@type":"Person","@id":"https:\/\/progettotouring.it\/radiotouring104\/#\/schema\/person\/78613917f1851f041f7483f5af1d422e","name":"Sebastiano Plutino","image":{"@type":"ImageObject","inLanguage":"it-IT","@id":"https:\/\/secure.gravatar.com\/avatar\/0546ffaa9b79224faf9f2a156b67a529ae861d3287c66c1d8ccfdf909bcba78d?s=96&d=mm&r=g","url":"https:\/\/secure.gravatar.com\/avatar\/0546ffaa9b79224faf9f2a156b67a529ae861d3287c66c1d8ccfdf909bcba78d?s=96&d=mm&r=g","contentUrl":"https:\/\/secure.gravatar.com\/avatar\/0546ffaa9b79224faf9f2a156b67a529ae861d3287c66c1d8ccfdf909bcba78d?s=96&d=mm&r=g","caption":"Sebastiano Plutino"},"url":"https:\/\/progettotouring.it\/radiotouring104\/author\/sebastiano\/"}]}},"jetpack_publicize_connections":[],"jetpack_featured_media_url":"https:\/\/progettotouring.it\/radiotouring104\/wp-content\/uploads\/sites\/6\/2025\/01\/Comitato-Condera-ricevuto-a-Palazzo-San-Giorgio.jpeg","jetpack_sharing_enabled":true,"_links":{"self":[{"href":"https:\/\/progettotouring.it\/radiotouring104\/wp-json\/wp\/v2\/posts\/64380","targetHints":{"allow":["GET"]}}],"collection":[{"href":"https:\/\/progettotouring.it\/radiotouring104\/wp-json\/wp\/v2\/posts"}],"about":[{"href":"https:\/\/progettotouring.it\/radiotouring104\/wp-json\/wp\/v2\/types\/post"}],"author":[{"embeddable":true,"href":"https:\/\/progettotouring.it\/radiotouring104\/wp-json\/wp\/v2\/users\/12"}],"replies":[{"embeddable":true,"href":"https:\/\/progettotouring.it\/radiotouring104\/wp-json\/wp\/v2\/comments?post=64380"}],"version-history":[{"count":1,"href":"https:\/\/progettotouring.it\/radiotouring104\/wp-json\/wp\/v2\/posts\/64380\/revisions"}],"predecessor-version":[{"id":64382,"href":"https:\/\/progettotouring.it\/radiotouring104\/wp-json\/wp\/v2\/posts\/64380\/revisions\/64382"}],"wp:featuredmedia":[{"embeddable":true,"href":"https:\/\/progettotouring.it\/radiotouring104\/wp-json\/wp\/v2\/media\/64381"}],"wp:attachment":[{"href":"https:\/\/progettotouring.it\/radiotouring104\/wp-json\/wp\/v2\/media?parent=64380"}],"wp:term":[{"taxonomy":"category","embeddable":true,"href":"https:\/\/progettotouring.it\/radiotouring104\/wp-json\/wp\/v2\/categories?post=64380"},{"taxonomy":"post_tag","embeddable":true,"href":"https:\/\/progettotouring.it\/radiotouring104\/wp-json\/wp\/v2\/tags?post=64380"}],"curies":[{"name":"wp","href":"https:\/\/api.w.org\/{rel}","templated":true}]}}