{"id":64383,"date":"2025-01-08T12:39:43","date_gmt":"2025-01-08T11:39:43","guid":{"rendered":"https:\/\/progettotouring.it\/radiotouring104\/?p=64383"},"modified":"2025-01-08T12:39:43","modified_gmt":"2025-01-08T11:39:43","slug":"tutto-pronto-per-lapertura-della-mostra-catanzaro-nel-pallone","status":"publish","type":"post","link":"https:\/\/progettotouring.it\/radiotouring104\/2025\/01\/08\/tutto-pronto-per-lapertura-della-mostra-catanzaro-nel-pallone\/","title":{"rendered":"Tutto pronto per l&#8217;apertura della mostra \u201cCatanzaro nel pallone\u201d"},"content":{"rendered":"<p style=\"text-align: justify\"><em>\u201cGrande mostra fotografica del calcio catanzarese dilettantistico e professionistico\u201d<\/em> \u00e8 il titolo dell\u2019esposizione organizzata dall\u2019associazione <em>\u201cCatanzaro nel pallone\u201d<\/em>, che apre al pubblico venerd\u00ec 10 gennaio 2025, in pieno centro a Catanzaro presso la ex Stac in piazza Matteotti, rimendo poi aperta fino al successivo 24 gennaio, osservando gli orari 9-13 e 16-20,30.<\/p>\n<p style=\"text-align: justify\">L\u2019evento, fortemente voluto e realizzato dal presidente dell\u2019associazione, Vincenzo Minicelli, vanta la compartecipazione del Comune di Catanzaro e sar\u00e0 un percorso tra gli scatti pi\u00f9 significativi e pressoch\u00e9 inediti, reperiti nello sterminato archivio fotografico in possesso dell\u2019associazione <em>\u201cCatanzaro nel pallone\u201d<\/em> che, da oltre 20 anni, organizza eventi vari dedicati alle attivit\u00e0 calcistiche cittadine tanto dilettantistiche quanto professionistiche, nonch\u00e9 ben dieci edizioni del premio sportivo \u201cUmberto Sacco\u201d, riconoscendo e valorizzando le attivit\u00e0 poste in essere da tanti calciatori e dirigenti del calcio cittadino, molti dei quali dimenticati dopo aver terminato l\u2019attivit\u00e0 agonistica.<\/p>\n<p style=\"text-align: justify\">La mostra \u00e8 visitabile gratuitamente anche grazie all\u2019intervento di alcuni sponsor che hanno coperto le spese di realizzazione dei pannelli fotografici che immortalano momenti calcistici vari relativi a personaggi, luoghi e situazioni sportive che attraverso hanno reso grande in Catanzaro in tutta Italia.<\/p>\n<p style=\"text-align: justify\">L\u2019indimenticato bomber Massimo Palanca, la cui gloriosa maglia numero 11 \u00e8 stata ritirata dalla societ\u00e0 giallorossa anche a testimonianza di quanto siano importanti le doti umane oltre che quelle tecniche, nel commentare l\u2019iniziativa, ha affermato trattarsi di una <em>\u201cbellissima iniziativa, soprattutto per il calcio dilettantistico nel quale ci sono personaggi che meritano di essere ricordati\u201d<\/em>.<\/p>\n","protected":false},"excerpt":{"rendered":"<p>\u201cGrande mostra fotografica del calcio catanzarese dilettantistico e professionistico\u201d \u00e8 il titolo dell\u2019esposizione organizzata dall\u2019associazione \u201cCatanzaro nel pallone\u201d, che apre al pubblico venerd\u00ec 10 gennaio 2025, in pieno centro a&hellip;<\/p>\n","protected":false},"author":12,"featured_media":64384,"comment_status":"closed","ping_status":"open","sticky":false,"template":"","format":"standard","meta":{"_jetpack_memberships_contains_paid_content":false,"footnotes":"","jetpack_publicize_message":"","jetpack_publicize_feature_enabled":true,"jetpack_social_post_already_shared":true,"jetpack_social_options":{"image_generator_settings":{"template":"highway","default_image_id":0,"font":"","enabled":false},"version":2}},"categories":[142,196,144],"tags":[39129,698,39128,39130],"class_list":["post-64383","post","type-post","status-publish","format-standard","has-post-thumbnail","hentry","category-calabria","category-news","category-sport","tag-apertura-mostra","tag-catanzaro","tag-catanzaro-nel-pallone","tag-ex-stac-in-piazza-matteotti"],"yoast_head":"<!-- This site is optimized with the Yoast SEO plugin v27.2 - https:\/\/yoast.com\/product\/yoast-seo-wordpress\/ -->\n<title>Tutto pronto per l&#039;apertura della mostra \u201cCatanzaro nel pallone\u201d<\/title>\n<meta name=\"description\" content=\"L\u2019esposizione dell\u2019associazione \u201cCatanzaro nel pallone\u201d, aprir\u00e0 il 10 gennaio, presso la ex Stac in piazza Matteotti\" \/>\n<meta name=\"robots\" content=\"index, follow, max-snippet:-1, max-image-preview:large, max-video-preview:-1\" \/>\n<link rel=\"canonical\" href=\"https:\/\/progettotouring.it\/radiotouring104\/2025\/01\/08\/tutto-pronto-per-lapertura-della-mostra-catanzaro-nel-pallone\/\" \/>\n<meta property=\"og:locale\" content=\"it_IT\" \/>\n<meta property=\"og:type\" content=\"article\" \/>\n<meta property=\"og:title\" content=\"Tutto pronto per l&#039;apertura della mostra \u201cCatanzaro nel pallone\u201d\" \/>\n<meta property=\"og:description\" content=\"L\u2019esposizione dell\u2019associazione \u201cCatanzaro nel pallone\u201d, aprir\u00e0 il 10 gennaio, presso la ex Stac in piazza Matteotti\" \/>\n<meta property=\"og:url\" content=\"https:\/\/progettotouring.it\/radiotouring104\/2025\/01\/08\/tutto-pronto-per-lapertura-della-mostra-catanzaro-nel-pallone\/\" \/>\n<meta property=\"og:site_name\" content=\"Radio Touring 104\" \/>\n<meta property=\"article:published_time\" content=\"2025-01-08T11:39:43+00:00\" \/>\n<meta property=\"og:image\" content=\"https:\/\/progettotouring.it\/radiotouring104\/wp-content\/uploads\/sites\/6\/2025\/01\/locandina-mostra-Catanzaro-nel-pallone.jpg\" \/>\n\t<meta property=\"og:image:width\" content=\"956\" \/>\n\t<meta property=\"og:image:height\" content=\"1280\" \/>\n\t<meta property=\"og:image:type\" content=\"image\/jpeg\" \/>\n<meta name=\"author\" content=\"Sebastiano Plutino\" \/>\n<meta name=\"twitter:card\" content=\"summary_large_image\" \/>\n<meta name=\"twitter:label1\" content=\"Scritto da\" \/>\n\t<meta name=\"twitter:data1\" content=\"Sebastiano Plutino\" \/>\n\t<meta name=\"twitter:label2\" content=\"Tempo di lettura stimato\" \/>\n\t<meta name=\"twitter:data2\" content=\"1 minuto\" \/>\n<script type=\"application\/ld+json\" class=\"yoast-schema-graph\">{\"@context\":\"https:\/\/schema.org\",\"@graph\":[{\"@type\":\"Article\",\"@id\":\"https:\/\/progettotouring.it\/radiotouring104\/2025\/01\/08\/tutto-pronto-per-lapertura-della-mostra-catanzaro-nel-pallone\/#article\",\"isPartOf\":{\"@id\":\"https:\/\/progettotouring.it\/radiotouring104\/2025\/01\/08\/tutto-pronto-per-lapertura-della-mostra-catanzaro-nel-pallone\/\"},\"author\":{\"name\":\"Sebastiano Plutino\",\"@id\":\"https:\/\/progettotouring.it\/radiotouring104\/#\/schema\/person\/78613917f1851f041f7483f5af1d422e\"},\"headline\":\"Tutto pronto per l&#8217;apertura della mostra \u201cCatanzaro nel pallone\u201d\",\"datePublished\":\"2025-01-08T11:39:43+00:00\",\"mainEntityOfPage\":{\"@id\":\"https:\/\/progettotouring.it\/radiotouring104\/2025\/01\/08\/tutto-pronto-per-lapertura-della-mostra-catanzaro-nel-pallone\/\"},\"wordCount\":251,\"publisher\":{\"@id\":\"https:\/\/progettotouring.it\/radiotouring104\/#organization\"},\"image\":{\"@id\":\"https:\/\/progettotouring.it\/radiotouring104\/2025\/01\/08\/tutto-pronto-per-lapertura-della-mostra-catanzaro-nel-pallone\/#primaryimage\"},\"thumbnailUrl\":\"https:\/\/progettotouring.it\/radiotouring104\/wp-content\/uploads\/sites\/6\/2025\/01\/locandina-mostra-Catanzaro-nel-pallone.jpg\",\"keywords\":[\"apertura mostra\",\"catanzaro\",\"Catanzaro nel pallone\",\"ex Stac in piazza Matteotti\"],\"articleSection\":[\"Calabria\",\"News\",\"Sport\"],\"inLanguage\":\"it-IT\"},{\"@type\":\"WebPage\",\"@id\":\"https:\/\/progettotouring.it\/radiotouring104\/2025\/01\/08\/tutto-pronto-per-lapertura-della-mostra-catanzaro-nel-pallone\/\",\"url\":\"https:\/\/progettotouring.it\/radiotouring104\/2025\/01\/08\/tutto-pronto-per-lapertura-della-mostra-catanzaro-nel-pallone\/\",\"name\":\"Tutto pronto per l'apertura della mostra \u201cCatanzaro nel pallone\u201d\",\"isPartOf\":{\"@id\":\"https:\/\/progettotouring.it\/radiotouring104\/#website\"},\"primaryImageOfPage\":{\"@id\":\"https:\/\/progettotouring.it\/radiotouring104\/2025\/01\/08\/tutto-pronto-per-lapertura-della-mostra-catanzaro-nel-pallone\/#primaryimage\"},\"image\":{\"@id\":\"https:\/\/progettotouring.it\/radiotouring104\/2025\/01\/08\/tutto-pronto-per-lapertura-della-mostra-catanzaro-nel-pallone\/#primaryimage\"},\"thumbnailUrl\":\"https:\/\/progettotouring.it\/radiotouring104\/wp-content\/uploads\/sites\/6\/2025\/01\/locandina-mostra-Catanzaro-nel-pallone.jpg\",\"datePublished\":\"2025-01-08T11:39:43+00:00\",\"description\":\"L\u2019esposizione dell\u2019associazione \u201cCatanzaro nel pallone\u201d, aprir\u00e0 il 10 gennaio, presso la ex Stac in piazza Matteotti\",\"breadcrumb\":{\"@id\":\"https:\/\/progettotouring.it\/radiotouring104\/2025\/01\/08\/tutto-pronto-per-lapertura-della-mostra-catanzaro-nel-pallone\/#breadcrumb\"},\"inLanguage\":\"it-IT\",\"potentialAction\":[{\"@type\":\"ReadAction\",\"target\":[\"https:\/\/progettotouring.it\/radiotouring104\/2025\/01\/08\/tutto-pronto-per-lapertura-della-mostra-catanzaro-nel-pallone\/\"]}]},{\"@type\":\"ImageObject\",\"inLanguage\":\"it-IT\",\"@id\":\"https:\/\/progettotouring.it\/radiotouring104\/2025\/01\/08\/tutto-pronto-per-lapertura-della-mostra-catanzaro-nel-pallone\/#primaryimage\",\"url\":\"https:\/\/progettotouring.it\/radiotouring104\/wp-content\/uploads\/sites\/6\/2025\/01\/locandina-mostra-Catanzaro-nel-pallone.jpg\",\"contentUrl\":\"https:\/\/progettotouring.it\/radiotouring104\/wp-content\/uploads\/sites\/6\/2025\/01\/locandina-mostra-Catanzaro-nel-pallone.jpg\",\"width\":956,\"height\":1280},{\"@type\":\"BreadcrumbList\",\"@id\":\"https:\/\/progettotouring.it\/radiotouring104\/2025\/01\/08\/tutto-pronto-per-lapertura-della-mostra-catanzaro-nel-pallone\/#breadcrumb\",\"itemListElement\":[{\"@type\":\"ListItem\",\"position\":1,\"name\":\"Home\",\"item\":\"https:\/\/progettotouring.it\/radiotouring104\/\"},{\"@type\":\"ListItem\",\"position\":2,\"name\":\"Tutto pronto per l&#8217;apertura della mostra \u201cCatanzaro nel pallone\u201d\"}]},{\"@type\":\"WebSite\",\"@id\":\"https:\/\/progettotouring.it\/radiotouring104\/#website\",\"url\":\"https:\/\/progettotouring.it\/radiotouring104\/\",\"name\":\"Radio Touring 104\",\"description\":\"La prima radio Reggina\",\"publisher\":{\"@id\":\"https:\/\/progettotouring.it\/radiotouring104\/#organization\"},\"potentialAction\":[{\"@type\":\"SearchAction\",\"target\":{\"@type\":\"EntryPoint\",\"urlTemplate\":\"https:\/\/progettotouring.it\/radiotouring104\/?s={search_term_string}\"},\"query-input\":{\"@type\":\"PropertyValueSpecification\",\"valueRequired\":true,\"valueName\":\"search_term_string\"}}],\"inLanguage\":\"it-IT\"},{\"@type\":\"Organization\",\"@id\":\"https:\/\/progettotouring.it\/radiotouring104\/#organization\",\"name\":\"Radio Touring 104\",\"url\":\"https:\/\/progettotouring.it\/radiotouring104\/\",\"logo\":{\"@type\":\"ImageObject\",\"inLanguage\":\"it-IT\",\"@id\":\"https:\/\/progettotouring.it\/radiotouring104\/#\/schema\/logo\/image\/\",\"url\":\"https:\/\/progettotouring.it\/radiotouring104\/wp-content\/uploads\/sites\/6\/2022\/02\/cropped-logo-radio-touring-104.png\",\"contentUrl\":\"https:\/\/progettotouring.it\/radiotouring104\/wp-content\/uploads\/sites\/6\/2022\/02\/cropped-logo-radio-touring-104.png\",\"width\":377,\"height\":182,\"caption\":\"Radio Touring 104\"},\"image\":{\"@id\":\"https:\/\/progettotouring.it\/radiotouring104\/#\/schema\/logo\/image\/\"}},{\"@type\":\"Person\",\"@id\":\"https:\/\/progettotouring.it\/radiotouring104\/#\/schema\/person\/78613917f1851f041f7483f5af1d422e\",\"name\":\"Sebastiano Plutino\",\"image\":{\"@type\":\"ImageObject\",\"inLanguage\":\"it-IT\",\"@id\":\"https:\/\/secure.gravatar.com\/avatar\/0546ffaa9b79224faf9f2a156b67a529ae861d3287c66c1d8ccfdf909bcba78d?s=96&d=mm&r=g\",\"url\":\"https:\/\/secure.gravatar.com\/avatar\/0546ffaa9b79224faf9f2a156b67a529ae861d3287c66c1d8ccfdf909bcba78d?s=96&d=mm&r=g\",\"contentUrl\":\"https:\/\/secure.gravatar.com\/avatar\/0546ffaa9b79224faf9f2a156b67a529ae861d3287c66c1d8ccfdf909bcba78d?s=96&d=mm&r=g\",\"caption\":\"Sebastiano Plutino\"},\"url\":\"https:\/\/progettotouring.it\/radiotouring104\/author\/sebastiano\/\"}]}<\/script>\n<!-- \/ Yoast SEO plugin. -->","yoast_head_json":{"title":"Tutto pronto per l'apertura della mostra \u201cCatanzaro nel pallone\u201d","description":"L\u2019esposizione dell\u2019associazione \u201cCatanzaro nel pallone\u201d, aprir\u00e0 il 10 gennaio, presso la ex Stac in piazza Matteotti","robots":{"index":"index","follow":"follow","max-snippet":"max-snippet:-1","max-image-preview":"max-image-preview:large","max-video-preview":"max-video-preview:-1"},"canonical":"https:\/\/progettotouring.it\/radiotouring104\/2025\/01\/08\/tutto-pronto-per-lapertura-della-mostra-catanzaro-nel-pallone\/","og_locale":"it_IT","og_type":"article","og_title":"Tutto pronto per l'apertura della mostra \u201cCatanzaro nel pallone\u201d","og_description":"L\u2019esposizione dell\u2019associazione \u201cCatanzaro nel pallone\u201d, aprir\u00e0 il 10 gennaio, presso la ex Stac in piazza Matteotti","og_url":"https:\/\/progettotouring.it\/radiotouring104\/2025\/01\/08\/tutto-pronto-per-lapertura-della-mostra-catanzaro-nel-pallone\/","og_site_name":"Radio Touring 104","article_published_time":"2025-01-08T11:39:43+00:00","og_image":[{"width":956,"height":1280,"url":"https:\/\/progettotouring.it\/radiotouring104\/wp-content\/uploads\/sites\/6\/2025\/01\/locandina-mostra-Catanzaro-nel-pallone.jpg","type":"image\/jpeg"}],"author":"Sebastiano Plutino","twitter_card":"summary_large_image","twitter_misc":{"Scritto da":"Sebastiano Plutino","Tempo di lettura stimato":"1 minuto"},"schema":{"@context":"https:\/\/schema.org","@graph":[{"@type":"Article","@id":"https:\/\/progettotouring.it\/radiotouring104\/2025\/01\/08\/tutto-pronto-per-lapertura-della-mostra-catanzaro-nel-pallone\/#article","isPartOf":{"@id":"https:\/\/progettotouring.it\/radiotouring104\/2025\/01\/08\/tutto-pronto-per-lapertura-della-mostra-catanzaro-nel-pallone\/"},"author":{"name":"Sebastiano Plutino","@id":"https:\/\/progettotouring.it\/radiotouring104\/#\/schema\/person\/78613917f1851f041f7483f5af1d422e"},"headline":"Tutto pronto per l&#8217;apertura della mostra \u201cCatanzaro nel pallone\u201d","datePublished":"2025-01-08T11:39:43+00:00","mainEntityOfPage":{"@id":"https:\/\/progettotouring.it\/radiotouring104\/2025\/01\/08\/tutto-pronto-per-lapertura-della-mostra-catanzaro-nel-pallone\/"},"wordCount":251,"publisher":{"@id":"https:\/\/progettotouring.it\/radiotouring104\/#organization"},"image":{"@id":"https:\/\/progettotouring.it\/radiotouring104\/2025\/01\/08\/tutto-pronto-per-lapertura-della-mostra-catanzaro-nel-pallone\/#primaryimage"},"thumbnailUrl":"https:\/\/progettotouring.it\/radiotouring104\/wp-content\/uploads\/sites\/6\/2025\/01\/locandina-mostra-Catanzaro-nel-pallone.jpg","keywords":["apertura mostra","catanzaro","Catanzaro nel pallone","ex Stac in piazza Matteotti"],"articleSection":["Calabria","News","Sport"],"inLanguage":"it-IT"},{"@type":"WebPage","@id":"https:\/\/progettotouring.it\/radiotouring104\/2025\/01\/08\/tutto-pronto-per-lapertura-della-mostra-catanzaro-nel-pallone\/","url":"https:\/\/progettotouring.it\/radiotouring104\/2025\/01\/08\/tutto-pronto-per-lapertura-della-mostra-catanzaro-nel-pallone\/","name":"Tutto pronto per l'apertura della mostra \u201cCatanzaro nel pallone\u201d","isPartOf":{"@id":"https:\/\/progettotouring.it\/radiotouring104\/#website"},"primaryImageOfPage":{"@id":"https:\/\/progettotouring.it\/radiotouring104\/2025\/01\/08\/tutto-pronto-per-lapertura-della-mostra-catanzaro-nel-pallone\/#primaryimage"},"image":{"@id":"https:\/\/progettotouring.it\/radiotouring104\/2025\/01\/08\/tutto-pronto-per-lapertura-della-mostra-catanzaro-nel-pallone\/#primaryimage"},"thumbnailUrl":"https:\/\/progettotouring.it\/radiotouring104\/wp-content\/uploads\/sites\/6\/2025\/01\/locandina-mostra-Catanzaro-nel-pallone.jpg","datePublished":"2025-01-08T11:39:43+00:00","description":"L\u2019esposizione dell\u2019associazione \u201cCatanzaro nel pallone\u201d, aprir\u00e0 il 10 gennaio, presso la ex Stac in piazza Matteotti","breadcrumb":{"@id":"https:\/\/progettotouring.it\/radiotouring104\/2025\/01\/08\/tutto-pronto-per-lapertura-della-mostra-catanzaro-nel-pallone\/#breadcrumb"},"inLanguage":"it-IT","potentialAction":[{"@type":"ReadAction","target":["https:\/\/progettotouring.it\/radiotouring104\/2025\/01\/08\/tutto-pronto-per-lapertura-della-mostra-catanzaro-nel-pallone\/"]}]},{"@type":"ImageObject","inLanguage":"it-IT","@id":"https:\/\/progettotouring.it\/radiotouring104\/2025\/01\/08\/tutto-pronto-per-lapertura-della-mostra-catanzaro-nel-pallone\/#primaryimage","url":"https:\/\/progettotouring.it\/radiotouring104\/wp-content\/uploads\/sites\/6\/2025\/01\/locandina-mostra-Catanzaro-nel-pallone.jpg","contentUrl":"https:\/\/progettotouring.it\/radiotouring104\/wp-content\/uploads\/sites\/6\/2025\/01\/locandina-mostra-Catanzaro-nel-pallone.jpg","width":956,"height":1280},{"@type":"BreadcrumbList","@id":"https:\/\/progettotouring.it\/radiotouring104\/2025\/01\/08\/tutto-pronto-per-lapertura-della-mostra-catanzaro-nel-pallone\/#breadcrumb","itemListElement":[{"@type":"ListItem","position":1,"name":"Home","item":"https:\/\/progettotouring.it\/radiotouring104\/"},{"@type":"ListItem","position":2,"name":"Tutto pronto per l&#8217;apertura della mostra \u201cCatanzaro nel pallone\u201d"}]},{"@type":"WebSite","@id":"https:\/\/progettotouring.it\/radiotouring104\/#website","url":"https:\/\/progettotouring.it\/radiotouring104\/","name":"Radio Touring 104","description":"La prima radio Reggina","publisher":{"@id":"https:\/\/progettotouring.it\/radiotouring104\/#organization"},"potentialAction":[{"@type":"SearchAction","target":{"@type":"EntryPoint","urlTemplate":"https:\/\/progettotouring.it\/radiotouring104\/?s={search_term_string}"},"query-input":{"@type":"PropertyValueSpecification","valueRequired":true,"valueName":"search_term_string"}}],"inLanguage":"it-IT"},{"@type":"Organization","@id":"https:\/\/progettotouring.it\/radiotouring104\/#organization","name":"Radio Touring 104","url":"https:\/\/progettotouring.it\/radiotouring104\/","logo":{"@type":"ImageObject","inLanguage":"it-IT","@id":"https:\/\/progettotouring.it\/radiotouring104\/#\/schema\/logo\/image\/","url":"https:\/\/progettotouring.it\/radiotouring104\/wp-content\/uploads\/sites\/6\/2022\/02\/cropped-logo-radio-touring-104.png","contentUrl":"https:\/\/progettotouring.it\/radiotouring104\/wp-content\/uploads\/sites\/6\/2022\/02\/cropped-logo-radio-touring-104.png","width":377,"height":182,"caption":"Radio Touring 104"},"image":{"@id":"https:\/\/progettotouring.it\/radiotouring104\/#\/schema\/logo\/image\/"}},{"@type":"Person","@id":"https:\/\/progettotouring.it\/radiotouring104\/#\/schema\/person\/78613917f1851f041f7483f5af1d422e","name":"Sebastiano Plutino","image":{"@type":"ImageObject","inLanguage":"it-IT","@id":"https:\/\/secure.gravatar.com\/avatar\/0546ffaa9b79224faf9f2a156b67a529ae861d3287c66c1d8ccfdf909bcba78d?s=96&d=mm&r=g","url":"https:\/\/secure.gravatar.com\/avatar\/0546ffaa9b79224faf9f2a156b67a529ae861d3287c66c1d8ccfdf909bcba78d?s=96&d=mm&r=g","contentUrl":"https:\/\/secure.gravatar.com\/avatar\/0546ffaa9b79224faf9f2a156b67a529ae861d3287c66c1d8ccfdf909bcba78d?s=96&d=mm&r=g","caption":"Sebastiano Plutino"},"url":"https:\/\/progettotouring.it\/radiotouring104\/author\/sebastiano\/"}]}},"jetpack_publicize_connections":[],"jetpack_featured_media_url":"https:\/\/progettotouring.it\/radiotouring104\/wp-content\/uploads\/sites\/6\/2025\/01\/locandina-mostra-Catanzaro-nel-pallone.jpg","jetpack_sharing_enabled":true,"_links":{"self":[{"href":"https:\/\/progettotouring.it\/radiotouring104\/wp-json\/wp\/v2\/posts\/64383","targetHints":{"allow":["GET"]}}],"collection":[{"href":"https:\/\/progettotouring.it\/radiotouring104\/wp-json\/wp\/v2\/posts"}],"about":[{"href":"https:\/\/progettotouring.it\/radiotouring104\/wp-json\/wp\/v2\/types\/post"}],"author":[{"embeddable":true,"href":"https:\/\/progettotouring.it\/radiotouring104\/wp-json\/wp\/v2\/users\/12"}],"replies":[{"embeddable":true,"href":"https:\/\/progettotouring.it\/radiotouring104\/wp-json\/wp\/v2\/comments?post=64383"}],"version-history":[{"count":1,"href":"https:\/\/progettotouring.it\/radiotouring104\/wp-json\/wp\/v2\/posts\/64383\/revisions"}],"predecessor-version":[{"id":64385,"href":"https:\/\/progettotouring.it\/radiotouring104\/wp-json\/wp\/v2\/posts\/64383\/revisions\/64385"}],"wp:featuredmedia":[{"embeddable":true,"href":"https:\/\/progettotouring.it\/radiotouring104\/wp-json\/wp\/v2\/media\/64384"}],"wp:attachment":[{"href":"https:\/\/progettotouring.it\/radiotouring104\/wp-json\/wp\/v2\/media?parent=64383"}],"wp:term":[{"taxonomy":"category","embeddable":true,"href":"https:\/\/progettotouring.it\/radiotouring104\/wp-json\/wp\/v2\/categories?post=64383"},{"taxonomy":"post_tag","embeddable":true,"href":"https:\/\/progettotouring.it\/radiotouring104\/wp-json\/wp\/v2\/tags?post=64383"}],"curies":[{"name":"wp","href":"https:\/\/api.w.org\/{rel}","templated":true}]}}