{"id":6440,"date":"2022-06-10T12:05:50","date_gmt":"2022-06-10T10:05:50","guid":{"rendered":"https:\/\/progettotouring.it\/radiotouring104\/?p=6440"},"modified":"2022-06-10T12:05:59","modified_gmt":"2022-06-10T10:05:59","slug":"giornata-nazionale-dello-sport-tantissimi-ragazzi-tra-reggio-aspromonte-e-gioia-tauro","status":"publish","type":"post","link":"https:\/\/progettotouring.it\/radiotouring104\/2022\/06\/10\/giornata-nazionale-dello-sport-tantissimi-ragazzi-tra-reggio-aspromonte-e-gioia-tauro\/","title":{"rendered":"Giornata Nazionale dello Sport: tantissimi ragazzi tra Reggio, Aspromonte e Gioia Tauro"},"content":{"rendered":"<div dir=\"auto\" style=\"text-align: justify;\">Una giornata \u201cspeciale\u201d quella promossa, la scorsa domenica, dai volontari e dirigenti del Csi Reggio Calabria. All\u2019interno della Giornata Nazionale dello Sport, il territorio Metropolitano di Reggio, ha ripreso vita partendo dalla storia del nostro territorio, dai giochi e dallo sport di strada e da tanto divertimento. Colori, sorrisi, diritti e tanta partecipazione gli ingredienti di una giornata sapientemente guidata da Maurizio Condipodero e\u00a0 Marisa Lanucara, rispettivamente Presidente Coni Calabria e delegata Coni Reggio Calabria.<\/div>\n<div dir=\"auto\" style=\"text-align: justify;\">La mattinata Csi \u00e8 stata aperta dal raduno dei ciclisti arrivati da ogni parte del nostro territorio per partecipare al percorso sportivo: \u201cLe Motte Antiche\u201d: itinerario cicloturistico, enogastronomico e culturale in bicicletta con un percorso suggestivo alla riscoperta delle fortificazioni reggine. Infatti, sulle colline sopra la citt\u00e0, sorgevano le sei \u201cMotte\u201d: Motta Sant\u2019Agata, Motta Rossa, Motta Anomeri, Motta San Cirillo, Castello di Sant\u2019Aniceto, Castello di Calanna. Per i tanti presenti \u00e8 stata un\u2019esperienza divertente che ha appagato corpo, mente e spirito. Calorosa \u00e8 stata l\u2019accoglienza da parte della Pro Loco di San Salvatore e di Motta Anomeri dal greco Anomeris, ubicata nell\u2019area attuale di Ort\u00ec, nei pressi di Monte Chiarello. Ad attendere i ciclisti, il Vice presidente Csi Mimmo Arico, il responsabile Ciclismo Csi Reggio Calabria Giampaolo Sclapari ed il Presidente dell\u2019ASD Aspromontebike Fabio Lombardi che insieme ai\u00a0 ragazzi dell\u2019associazione\u00a0 hanno allestito una degustazione a base di frutta sia fresca che secca e squisiti dolci, quest\u2019ultimi prodotti e offerti per l\u2019occasione dall\u2019Hotel Centrale di Gambarie d\u2019Aspromonte.<\/div>\n<div dir=\"auto\" style=\"text-align: justify;\">Dalle 10.00, il Lungomare Falcomata&#8217; di Reggio, ha preso vita grazie alle varie e creative attivit\u00e0 messe in campo, anche attraverso tantissime associazioni, dalle federazioni ed enti di promozione sportiva del territorio metropolitano di Reggio Calabria. Bambini, ragazzi e famiglie hanno potuto scoprire nuove e vecchie discipline e, soprattutto, hanno vissuto un&#8217;intera giornata all&#8217;insegna della gioia, dei sorrisi e del sano e necessario divertimento. Lo spazio Csi \u00e8 stato animato dalle istruttrici e ragazze della Restart, sociata sportiva di Ginnastica Ritmica tra\u00a0 le pi\u00f9 affermate nel panorama sportivo\u00a0 nazionale.\u00a0 Guidate da Marilena e Ilenia Albanese, tante ragazzine hanno potuto scoprire il meraviglioso mondo della ginnastica ritmica e del gioco propedeutico.<\/div>\n<div dir=\"auto\" style=\"text-align: justify;\">Al laboratorio Csi,\u00a0 hanno partecipato anche le neo campionesse italiane Csi di ginnastica ritmica, tesserate per la societ\u00e0 sportiva Restart e i Consiglieri Provinciali Csi Reggio Calabria Francesco Caridi e Francesco Paviglianiti. Anche a Gioia Tauro \u00e8 festa dello Sport. La manifestazione, promossa dalla fiduciaria Coni Carmela Ped\u00e0, ha puntato sul coinvolgimento delle associazioni sportive, trasformando il lungomare in una sorta di villaggio sportivo, con tanto di taglio del nastro da parte del sindaco Aldo Alessio e del vescovo Mons. Francesco Milito.\u00a0 Ben undici sono state le discipline sportive praticate e presentate, grazie anche all&#8217;apporto di tecnici ed istruttori. Grazie alla garante dei diritti delle persone con disabilit\u00e0 del Comune di Gioia Tauro, Mariangela Giovinazzo e al referente Csi Piana Enzo Filippone, otto educatori sportivi della disabilit\u00e0 hanno guidato i ragazzi diversamente abili all&#8217;intento dei vari percorsi sportivi. Un&#8217;intuizione degli organizzatori che ha garantito, con i fatti, un diritto importante e fondamentale: il diritto al gioco e allo sport!\u00a0 Alle 21 s\u00ec \u00e8 chiusa una grandissima e intensissima giornata di sport, partecipazione e cittadinanza. Aver, in tre aree diverse della citt\u00e0 metropolitana, attivito percorsi educativi, legalit\u00e0 e integrazione \u00e8 la risposta pi\u00f9 importante al bisogno, di ragazzi e famiglie, di trovate spazi ed esperienze educative significative. Importantissima, infatti, \u00e8 stata la giornata per quattro ragazzi che, da qualche settimana, vivono l&#8217;esperienza della messa alla prova con il Comitato Csi di Reggio Calabria. Lo sport Csi punta a questo grande obiettivo: garantire diritti, promuovendo, con il gioco e lo sport, la VITA.<\/div>\n<div dir=\"auto\"><\/div>\n<div dir=\"auto\">\n<div id=\"penci-post-gallery__34386\" class=\"penci-post-gallery-container single-slider column-3\" data-height=\"150\" data-margin=\"3\"><div class=\"penci-owl-carousel penci-owl-carousel-slider penci-nav-visible\" data-auto=\"true\" data-lazy=\"true\"><figure><a class=\"penci-gallery-ite item-gallery-single-slider item-link-relative\" href=\"https:\/\/progettotouring.it\/radiotouring104\/wp-content\/uploads\/sites\/6\/2022\/06\/Giornata-dello-sport-2.jpg\"><span class=\"penci-isotope-padding\" style=\"padding-bottom:134.02777778%;\"><\/span><img decoding=\"async\" src=\"https:\/\/progettotouring.it\/radiotouring104\/wp-content\/uploads\/sites\/6\/2022\/06\/Giornata-dello-sport-2.jpg\" alt=\"\" title=\"Giornata dello sport (2)\"><\/a><\/figure><figure><a class=\"penci-gallery-ite item-gallery-single-slider item-link-relative\" href=\"https:\/\/progettotouring.it\/radiotouring104\/wp-content\/uploads\/sites\/6\/2022\/06\/Giornata-dello-sport-3.jpg\"><span class=\"penci-isotope-padding\" style=\"padding-bottom:66.52777778%;\"><\/span><img decoding=\"async\" src=\"https:\/\/progettotouring.it\/radiotouring104\/wp-content\/uploads\/sites\/6\/2022\/06\/Giornata-dello-sport-3.jpg\" alt=\"\" title=\"Giornata dello sport (3)\"><\/a><\/figure><figure><a class=\"penci-gallery-ite item-gallery-single-slider item-link-relative\" href=\"https:\/\/progettotouring.it\/radiotouring104\/wp-content\/uploads\/sites\/6\/2022\/06\/Giornata-dello-sport-4.jpg\"><span class=\"penci-isotope-padding\" style=\"padding-bottom:66.52777778%;\"><\/span><img decoding=\"async\" src=\"https:\/\/progettotouring.it\/radiotouring104\/wp-content\/uploads\/sites\/6\/2022\/06\/Giornata-dello-sport-4.jpg\" alt=\"\" title=\"Giornata dello sport (4)\"><\/a><\/figure><figure><a class=\"penci-gallery-ite item-gallery-single-slider item-link-relative\" href=\"https:\/\/progettotouring.it\/radiotouring104\/wp-content\/uploads\/sites\/6\/2022\/06\/Giornata-dello-sport-5.jpg\"><span class=\"penci-isotope-padding\" style=\"padding-bottom:75.04273504%;\"><\/span><img decoding=\"async\" src=\"https:\/\/progettotouring.it\/radiotouring104\/wp-content\/uploads\/sites\/6\/2022\/06\/Giornata-dello-sport-5-1170x878.jpg\" alt=\"\" title=\"Giornata dello sport (5)\"><\/a><\/figure><figure><a class=\"penci-gallery-ite item-gallery-single-slider item-link-relative\" href=\"https:\/\/progettotouring.it\/radiotouring104\/wp-content\/uploads\/sites\/6\/2022\/06\/Giornata-dello-sport-7.jpg\"><span class=\"penci-isotope-padding\" style=\"padding-bottom:66.52777778%;\"><\/span><img decoding=\"async\" src=\"https:\/\/progettotouring.it\/radiotouring104\/wp-content\/uploads\/sites\/6\/2022\/06\/Giornata-dello-sport-7.jpg\" alt=\"\" title=\"Giornata dello sport (7)\"><\/a><\/figure><figure><a class=\"penci-gallery-ite item-gallery-single-slider item-link-relative\" href=\"https:\/\/progettotouring.it\/radiotouring104\/wp-content\/uploads\/sites\/6\/2022\/06\/Giornata-dello-sport-8.jpg\"><span class=\"penci-isotope-padding\" style=\"padding-bottom:66.52777778%;\"><\/span><img decoding=\"async\" src=\"https:\/\/progettotouring.it\/radiotouring104\/wp-content\/uploads\/sites\/6\/2022\/06\/Giornata-dello-sport-8.jpg\" alt=\"\" title=\"Giornata dello sport (8)\"><\/a><\/figure><figure><a class=\"penci-gallery-ite item-gallery-single-slider item-link-relative\" href=\"https:\/\/progettotouring.it\/radiotouring104\/wp-content\/uploads\/sites\/6\/2022\/06\/Giornata-dello-sport-9.jpg\"><span class=\"penci-isotope-padding\" style=\"padding-bottom:50.00000000%;\"><\/span><img decoding=\"async\" src=\"https:\/\/progettotouring.it\/radiotouring104\/wp-content\/uploads\/sites\/6\/2022\/06\/Giornata-dello-sport-9.jpg\" alt=\"\" title=\"Giornata dello sport (9)\"><\/a><\/figure><figure><a class=\"penci-gallery-ite item-gallery-single-slider item-link-relative\" href=\"https:\/\/progettotouring.it\/radiotouring104\/wp-content\/uploads\/sites\/6\/2022\/06\/Giornata-dello-sport-10.jpg\"><span class=\"penci-isotope-padding\" style=\"padding-bottom:50.00000000%;\"><\/span><img decoding=\"async\" src=\"https:\/\/progettotouring.it\/radiotouring104\/wp-content\/uploads\/sites\/6\/2022\/06\/Giornata-dello-sport-10.jpg\" alt=\"\" title=\"Giornata dello sport (10)\"><\/a><\/figure><figure><a class=\"penci-gallery-ite item-gallery-single-slider item-link-relative\" href=\"https:\/\/progettotouring.it\/radiotouring104\/wp-content\/uploads\/sites\/6\/2022\/06\/Giornata-dello-sport-1.jpg\"><span class=\"penci-isotope-padding\" style=\"padding-bottom:66.66666667%;\"><\/span><img decoding=\"async\" src=\"https:\/\/progettotouring.it\/radiotouring104\/wp-content\/uploads\/sites\/6\/2022\/06\/Giornata-dello-sport-1.jpg\" alt=\"\" title=\"Giornata dello sport (1)\"><\/a><\/figure><\/div><\/div>\n<\/div>\n<div dir=\"auto\" style=\"text-align: justify;\"><\/div>\n","protected":false},"excerpt":{"rendered":"<p>Una giornata \u201cspeciale\u201d quella promossa, la scorsa domenica, dai volontari e dirigenti del Csi Reggio Calabria. All\u2019interno della Giornata Nazionale dello Sport, il territorio Metropolitano di Reggio, ha ripreso vita&hellip;<\/p>\n","protected":false},"author":5,"featured_media":6449,"comment_status":"open","ping_status":"open","sticky":false,"template":"","format":"standard","meta":{"_jetpack_memberships_contains_paid_content":false,"footnotes":"","jetpack_publicize_message":"","jetpack_publicize_feature_enabled":true,"jetpack_social_post_already_shared":false,"jetpack_social_options":{"image_generator_settings":{"template":"highway","default_image_id":0,"font":"","enabled":false},"version":2}},"categories":[196,140,144],"tags":[2556,2555,304,236],"class_list":["post-6440","post","type-post","status-publish","format-standard","has-post-thumbnail","hentry","category-news","category-reggio-calabria","category-sport","tag-csi","tag-giornata-dello-sport","tag-lungomare-falcomata","tag-reggio-calabria"],"yoast_head":"<!-- This site is optimized with the Yoast SEO plugin v27.2 - https:\/\/yoast.com\/product\/yoast-seo-wordpress\/ -->\n<title>Giornata Nazionale dello Sport: tantissimi ragazzi tra Reggio, Aspromonte e Gioia Tauro - Radio Touring 104<\/title>\n<meta name=\"robots\" content=\"index, follow, max-snippet:-1, max-image-preview:large, max-video-preview:-1\" \/>\n<link rel=\"canonical\" href=\"https:\/\/progettotouring.it\/radiotouring104\/2022\/06\/10\/giornata-nazionale-dello-sport-tantissimi-ragazzi-tra-reggio-aspromonte-e-gioia-tauro\/\" \/>\n<meta property=\"og:locale\" content=\"it_IT\" \/>\n<meta property=\"og:type\" content=\"article\" \/>\n<meta property=\"og:title\" content=\"Giornata Nazionale dello Sport: tantissimi ragazzi tra Reggio, Aspromonte e Gioia Tauro - Radio Touring 104\" \/>\n<meta property=\"og:description\" content=\"Una giornata \u201cspeciale\u201d quella promossa, la scorsa domenica, dai volontari e dirigenti del Csi Reggio Calabria. All\u2019interno della Giornata Nazionale dello Sport, il territorio Metropolitano di Reggio, ha ripreso vita&hellip;\" \/>\n<meta property=\"og:url\" content=\"https:\/\/progettotouring.it\/radiotouring104\/2022\/06\/10\/giornata-nazionale-dello-sport-tantissimi-ragazzi-tra-reggio-aspromonte-e-gioia-tauro\/\" \/>\n<meta property=\"og:site_name\" content=\"Radio Touring 104\" \/>\n<meta property=\"article:published_time\" content=\"2022-06-10T10:05:50+00:00\" \/>\n<meta property=\"article:modified_time\" content=\"2022-06-10T10:05:59+00:00\" \/>\n<meta property=\"og:image\" content=\"https:\/\/progettotouring.it\/radiotouring104\/wp-content\/uploads\/sites\/6\/2022\/06\/Giornata-dello-sport-10.jpg\" \/>\n\t<meta property=\"og:image:width\" content=\"1080\" \/>\n\t<meta property=\"og:image:height\" content=\"540\" \/>\n\t<meta property=\"og:image:type\" content=\"image\/jpeg\" \/>\n<meta name=\"author\" content=\"redazione\" \/>\n<meta name=\"twitter:card\" content=\"summary_large_image\" \/>\n<meta name=\"twitter:label1\" content=\"Scritto da\" \/>\n\t<meta name=\"twitter:data1\" content=\"redazione\" \/>\n\t<meta name=\"twitter:label2\" content=\"Tempo di lettura stimato\" \/>\n\t<meta name=\"twitter:data2\" content=\"3 minuti\" \/>\n<script type=\"application\/ld+json\" class=\"yoast-schema-graph\">{\"@context\":\"https:\/\/schema.org\",\"@graph\":[{\"@type\":\"Article\",\"@id\":\"https:\/\/progettotouring.it\/radiotouring104\/2022\/06\/10\/giornata-nazionale-dello-sport-tantissimi-ragazzi-tra-reggio-aspromonte-e-gioia-tauro\/#article\",\"isPartOf\":{\"@id\":\"https:\/\/progettotouring.it\/radiotouring104\/2022\/06\/10\/giornata-nazionale-dello-sport-tantissimi-ragazzi-tra-reggio-aspromonte-e-gioia-tauro\/\"},\"author\":{\"name\":\"redazione\",\"@id\":\"https:\/\/progettotouring.it\/radiotouring104\/#\/schema\/person\/1b3eb3c07c47136bc44c785c543e635f\"},\"headline\":\"Giornata Nazionale dello Sport: tantissimi ragazzi tra Reggio, Aspromonte e Gioia Tauro\",\"datePublished\":\"2022-06-10T10:05:50+00:00\",\"dateModified\":\"2022-06-10T10:05:59+00:00\",\"mainEntityOfPage\":{\"@id\":\"https:\/\/progettotouring.it\/radiotouring104\/2022\/06\/10\/giornata-nazionale-dello-sport-tantissimi-ragazzi-tra-reggio-aspromonte-e-gioia-tauro\/\"},\"wordCount\":621,\"commentCount\":0,\"publisher\":{\"@id\":\"https:\/\/progettotouring.it\/radiotouring104\/#organization\"},\"image\":{\"@id\":\"https:\/\/progettotouring.it\/radiotouring104\/2022\/06\/10\/giornata-nazionale-dello-sport-tantissimi-ragazzi-tra-reggio-aspromonte-e-gioia-tauro\/#primaryimage\"},\"thumbnailUrl\":\"https:\/\/progettotouring.it\/radiotouring104\/wp-content\/uploads\/sites\/6\/2022\/06\/Giornata-dello-sport-10.jpg\",\"keywords\":[\"CSI\",\"giornata dello sport\",\"lungomare falcomat\u00e0\",\"reggio calabria\"],\"articleSection\":[\"News\",\"Reggio Calabria\",\"Sport\"],\"inLanguage\":\"it-IT\",\"potentialAction\":[{\"@type\":\"CommentAction\",\"name\":\"Comment\",\"target\":[\"https:\/\/progettotouring.it\/radiotouring104\/2022\/06\/10\/giornata-nazionale-dello-sport-tantissimi-ragazzi-tra-reggio-aspromonte-e-gioia-tauro\/#respond\"]}]},{\"@type\":\"WebPage\",\"@id\":\"https:\/\/progettotouring.it\/radiotouring104\/2022\/06\/10\/giornata-nazionale-dello-sport-tantissimi-ragazzi-tra-reggio-aspromonte-e-gioia-tauro\/\",\"url\":\"https:\/\/progettotouring.it\/radiotouring104\/2022\/06\/10\/giornata-nazionale-dello-sport-tantissimi-ragazzi-tra-reggio-aspromonte-e-gioia-tauro\/\",\"name\":\"Giornata Nazionale dello Sport: tantissimi ragazzi tra Reggio, Aspromonte e Gioia Tauro - Radio Touring 104\",\"isPartOf\":{\"@id\":\"https:\/\/progettotouring.it\/radiotouring104\/#website\"},\"primaryImageOfPage\":{\"@id\":\"https:\/\/progettotouring.it\/radiotouring104\/2022\/06\/10\/giornata-nazionale-dello-sport-tantissimi-ragazzi-tra-reggio-aspromonte-e-gioia-tauro\/#primaryimage\"},\"image\":{\"@id\":\"https:\/\/progettotouring.it\/radiotouring104\/2022\/06\/10\/giornata-nazionale-dello-sport-tantissimi-ragazzi-tra-reggio-aspromonte-e-gioia-tauro\/#primaryimage\"},\"thumbnailUrl\":\"https:\/\/progettotouring.it\/radiotouring104\/wp-content\/uploads\/sites\/6\/2022\/06\/Giornata-dello-sport-10.jpg\",\"datePublished\":\"2022-06-10T10:05:50+00:00\",\"dateModified\":\"2022-06-10T10:05:59+00:00\",\"breadcrumb\":{\"@id\":\"https:\/\/progettotouring.it\/radiotouring104\/2022\/06\/10\/giornata-nazionale-dello-sport-tantissimi-ragazzi-tra-reggio-aspromonte-e-gioia-tauro\/#breadcrumb\"},\"inLanguage\":\"it-IT\",\"potentialAction\":[{\"@type\":\"ReadAction\",\"target\":[\"https:\/\/progettotouring.it\/radiotouring104\/2022\/06\/10\/giornata-nazionale-dello-sport-tantissimi-ragazzi-tra-reggio-aspromonte-e-gioia-tauro\/\"]}]},{\"@type\":\"ImageObject\",\"inLanguage\":\"it-IT\",\"@id\":\"https:\/\/progettotouring.it\/radiotouring104\/2022\/06\/10\/giornata-nazionale-dello-sport-tantissimi-ragazzi-tra-reggio-aspromonte-e-gioia-tauro\/#primaryimage\",\"url\":\"https:\/\/progettotouring.it\/radiotouring104\/wp-content\/uploads\/sites\/6\/2022\/06\/Giornata-dello-sport-10.jpg\",\"contentUrl\":\"https:\/\/progettotouring.it\/radiotouring104\/wp-content\/uploads\/sites\/6\/2022\/06\/Giornata-dello-sport-10.jpg\",\"width\":1080,\"height\":540},{\"@type\":\"BreadcrumbList\",\"@id\":\"https:\/\/progettotouring.it\/radiotouring104\/2022\/06\/10\/giornata-nazionale-dello-sport-tantissimi-ragazzi-tra-reggio-aspromonte-e-gioia-tauro\/#breadcrumb\",\"itemListElement\":[{\"@type\":\"ListItem\",\"position\":1,\"name\":\"Home\",\"item\":\"https:\/\/progettotouring.it\/radiotouring104\/\"},{\"@type\":\"ListItem\",\"position\":2,\"name\":\"Giornata Nazionale dello Sport: tantissimi ragazzi tra Reggio, Aspromonte e Gioia Tauro\"}]},{\"@type\":\"WebSite\",\"@id\":\"https:\/\/progettotouring.it\/radiotouring104\/#website\",\"url\":\"https:\/\/progettotouring.it\/radiotouring104\/\",\"name\":\"Radio Touring 104\",\"description\":\"La prima radio Reggina\",\"publisher\":{\"@id\":\"https:\/\/progettotouring.it\/radiotouring104\/#organization\"},\"potentialAction\":[{\"@type\":\"SearchAction\",\"target\":{\"@type\":\"EntryPoint\",\"urlTemplate\":\"https:\/\/progettotouring.it\/radiotouring104\/?s={search_term_string}\"},\"query-input\":{\"@type\":\"PropertyValueSpecification\",\"valueRequired\":true,\"valueName\":\"search_term_string\"}}],\"inLanguage\":\"it-IT\"},{\"@type\":\"Organization\",\"@id\":\"https:\/\/progettotouring.it\/radiotouring104\/#organization\",\"name\":\"Radio Touring 104\",\"url\":\"https:\/\/progettotouring.it\/radiotouring104\/\",\"logo\":{\"@type\":\"ImageObject\",\"inLanguage\":\"it-IT\",\"@id\":\"https:\/\/progettotouring.it\/radiotouring104\/#\/schema\/logo\/image\/\",\"url\":\"https:\/\/progettotouring.it\/radiotouring104\/wp-content\/uploads\/sites\/6\/2022\/02\/cropped-logo-radio-touring-104.png\",\"contentUrl\":\"https:\/\/progettotouring.it\/radiotouring104\/wp-content\/uploads\/sites\/6\/2022\/02\/cropped-logo-radio-touring-104.png\",\"width\":377,\"height\":182,\"caption\":\"Radio Touring 104\"},\"image\":{\"@id\":\"https:\/\/progettotouring.it\/radiotouring104\/#\/schema\/logo\/image\/\"}},{\"@type\":\"Person\",\"@id\":\"https:\/\/progettotouring.it\/radiotouring104\/#\/schema\/person\/1b3eb3c07c47136bc44c785c543e635f\",\"name\":\"redazione\",\"image\":{\"@type\":\"ImageObject\",\"inLanguage\":\"it-IT\",\"@id\":\"https:\/\/secure.gravatar.com\/avatar\/0b31605b49f100769e8b624b3e05de1b73e1692e9568a352f60f53fd072e6e11?s=96&d=mm&r=g\",\"url\":\"https:\/\/secure.gravatar.com\/avatar\/0b31605b49f100769e8b624b3e05de1b73e1692e9568a352f60f53fd072e6e11?s=96&d=mm&r=g\",\"contentUrl\":\"https:\/\/secure.gravatar.com\/avatar\/0b31605b49f100769e8b624b3e05de1b73e1692e9568a352f60f53fd072e6e11?s=96&d=mm&r=g\",\"caption\":\"redazione\"},\"url\":\"https:\/\/progettotouring.it\/radiotouring104\/author\/redazione\/\"}]}<\/script>\n<!-- \/ Yoast SEO plugin. -->","yoast_head_json":{"title":"Giornata Nazionale dello Sport: tantissimi ragazzi tra Reggio, Aspromonte e Gioia Tauro - Radio Touring 104","robots":{"index":"index","follow":"follow","max-snippet":"max-snippet:-1","max-image-preview":"max-image-preview:large","max-video-preview":"max-video-preview:-1"},"canonical":"https:\/\/progettotouring.it\/radiotouring104\/2022\/06\/10\/giornata-nazionale-dello-sport-tantissimi-ragazzi-tra-reggio-aspromonte-e-gioia-tauro\/","og_locale":"it_IT","og_type":"article","og_title":"Giornata Nazionale dello Sport: tantissimi ragazzi tra Reggio, Aspromonte e Gioia Tauro - Radio Touring 104","og_description":"Una giornata \u201cspeciale\u201d quella promossa, la scorsa domenica, dai volontari e dirigenti del Csi Reggio Calabria. All\u2019interno della Giornata Nazionale dello Sport, il territorio Metropolitano di Reggio, ha ripreso vita&hellip;","og_url":"https:\/\/progettotouring.it\/radiotouring104\/2022\/06\/10\/giornata-nazionale-dello-sport-tantissimi-ragazzi-tra-reggio-aspromonte-e-gioia-tauro\/","og_site_name":"Radio Touring 104","article_published_time":"2022-06-10T10:05:50+00:00","article_modified_time":"2022-06-10T10:05:59+00:00","og_image":[{"width":1080,"height":540,"url":"https:\/\/progettotouring.it\/radiotouring104\/wp-content\/uploads\/sites\/6\/2022\/06\/Giornata-dello-sport-10.jpg","type":"image\/jpeg"}],"author":"redazione","twitter_card":"summary_large_image","twitter_misc":{"Scritto da":"redazione","Tempo di lettura stimato":"3 minuti"},"schema":{"@context":"https:\/\/schema.org","@graph":[{"@type":"Article","@id":"https:\/\/progettotouring.it\/radiotouring104\/2022\/06\/10\/giornata-nazionale-dello-sport-tantissimi-ragazzi-tra-reggio-aspromonte-e-gioia-tauro\/#article","isPartOf":{"@id":"https:\/\/progettotouring.it\/radiotouring104\/2022\/06\/10\/giornata-nazionale-dello-sport-tantissimi-ragazzi-tra-reggio-aspromonte-e-gioia-tauro\/"},"author":{"name":"redazione","@id":"https:\/\/progettotouring.it\/radiotouring104\/#\/schema\/person\/1b3eb3c07c47136bc44c785c543e635f"},"headline":"Giornata Nazionale dello Sport: tantissimi ragazzi tra Reggio, Aspromonte e Gioia Tauro","datePublished":"2022-06-10T10:05:50+00:00","dateModified":"2022-06-10T10:05:59+00:00","mainEntityOfPage":{"@id":"https:\/\/progettotouring.it\/radiotouring104\/2022\/06\/10\/giornata-nazionale-dello-sport-tantissimi-ragazzi-tra-reggio-aspromonte-e-gioia-tauro\/"},"wordCount":621,"commentCount":0,"publisher":{"@id":"https:\/\/progettotouring.it\/radiotouring104\/#organization"},"image":{"@id":"https:\/\/progettotouring.it\/radiotouring104\/2022\/06\/10\/giornata-nazionale-dello-sport-tantissimi-ragazzi-tra-reggio-aspromonte-e-gioia-tauro\/#primaryimage"},"thumbnailUrl":"https:\/\/progettotouring.it\/radiotouring104\/wp-content\/uploads\/sites\/6\/2022\/06\/Giornata-dello-sport-10.jpg","keywords":["CSI","giornata dello sport","lungomare falcomat\u00e0","reggio calabria"],"articleSection":["News","Reggio Calabria","Sport"],"inLanguage":"it-IT","potentialAction":[{"@type":"CommentAction","name":"Comment","target":["https:\/\/progettotouring.it\/radiotouring104\/2022\/06\/10\/giornata-nazionale-dello-sport-tantissimi-ragazzi-tra-reggio-aspromonte-e-gioia-tauro\/#respond"]}]},{"@type":"WebPage","@id":"https:\/\/progettotouring.it\/radiotouring104\/2022\/06\/10\/giornata-nazionale-dello-sport-tantissimi-ragazzi-tra-reggio-aspromonte-e-gioia-tauro\/","url":"https:\/\/progettotouring.it\/radiotouring104\/2022\/06\/10\/giornata-nazionale-dello-sport-tantissimi-ragazzi-tra-reggio-aspromonte-e-gioia-tauro\/","name":"Giornata Nazionale dello Sport: tantissimi ragazzi tra Reggio, Aspromonte e Gioia Tauro - Radio Touring 104","isPartOf":{"@id":"https:\/\/progettotouring.it\/radiotouring104\/#website"},"primaryImageOfPage":{"@id":"https:\/\/progettotouring.it\/radiotouring104\/2022\/06\/10\/giornata-nazionale-dello-sport-tantissimi-ragazzi-tra-reggio-aspromonte-e-gioia-tauro\/#primaryimage"},"image":{"@id":"https:\/\/progettotouring.it\/radiotouring104\/2022\/06\/10\/giornata-nazionale-dello-sport-tantissimi-ragazzi-tra-reggio-aspromonte-e-gioia-tauro\/#primaryimage"},"thumbnailUrl":"https:\/\/progettotouring.it\/radiotouring104\/wp-content\/uploads\/sites\/6\/2022\/06\/Giornata-dello-sport-10.jpg","datePublished":"2022-06-10T10:05:50+00:00","dateModified":"2022-06-10T10:05:59+00:00","breadcrumb":{"@id":"https:\/\/progettotouring.it\/radiotouring104\/2022\/06\/10\/giornata-nazionale-dello-sport-tantissimi-ragazzi-tra-reggio-aspromonte-e-gioia-tauro\/#breadcrumb"},"inLanguage":"it-IT","potentialAction":[{"@type":"ReadAction","target":["https:\/\/progettotouring.it\/radiotouring104\/2022\/06\/10\/giornata-nazionale-dello-sport-tantissimi-ragazzi-tra-reggio-aspromonte-e-gioia-tauro\/"]}]},{"@type":"ImageObject","inLanguage":"it-IT","@id":"https:\/\/progettotouring.it\/radiotouring104\/2022\/06\/10\/giornata-nazionale-dello-sport-tantissimi-ragazzi-tra-reggio-aspromonte-e-gioia-tauro\/#primaryimage","url":"https:\/\/progettotouring.it\/radiotouring104\/wp-content\/uploads\/sites\/6\/2022\/06\/Giornata-dello-sport-10.jpg","contentUrl":"https:\/\/progettotouring.it\/radiotouring104\/wp-content\/uploads\/sites\/6\/2022\/06\/Giornata-dello-sport-10.jpg","width":1080,"height":540},{"@type":"BreadcrumbList","@id":"https:\/\/progettotouring.it\/radiotouring104\/2022\/06\/10\/giornata-nazionale-dello-sport-tantissimi-ragazzi-tra-reggio-aspromonte-e-gioia-tauro\/#breadcrumb","itemListElement":[{"@type":"ListItem","position":1,"name":"Home","item":"https:\/\/progettotouring.it\/radiotouring104\/"},{"@type":"ListItem","position":2,"name":"Giornata Nazionale dello Sport: tantissimi ragazzi tra Reggio, Aspromonte e Gioia Tauro"}]},{"@type":"WebSite","@id":"https:\/\/progettotouring.it\/radiotouring104\/#website","url":"https:\/\/progettotouring.it\/radiotouring104\/","name":"Radio Touring 104","description":"La prima radio Reggina","publisher":{"@id":"https:\/\/progettotouring.it\/radiotouring104\/#organization"},"potentialAction":[{"@type":"SearchAction","target":{"@type":"EntryPoint","urlTemplate":"https:\/\/progettotouring.it\/radiotouring104\/?s={search_term_string}"},"query-input":{"@type":"PropertyValueSpecification","valueRequired":true,"valueName":"search_term_string"}}],"inLanguage":"it-IT"},{"@type":"Organization","@id":"https:\/\/progettotouring.it\/radiotouring104\/#organization","name":"Radio Touring 104","url":"https:\/\/progettotouring.it\/radiotouring104\/","logo":{"@type":"ImageObject","inLanguage":"it-IT","@id":"https:\/\/progettotouring.it\/radiotouring104\/#\/schema\/logo\/image\/","url":"https:\/\/progettotouring.it\/radiotouring104\/wp-content\/uploads\/sites\/6\/2022\/02\/cropped-logo-radio-touring-104.png","contentUrl":"https:\/\/progettotouring.it\/radiotouring104\/wp-content\/uploads\/sites\/6\/2022\/02\/cropped-logo-radio-touring-104.png","width":377,"height":182,"caption":"Radio Touring 104"},"image":{"@id":"https:\/\/progettotouring.it\/radiotouring104\/#\/schema\/logo\/image\/"}},{"@type":"Person","@id":"https:\/\/progettotouring.it\/radiotouring104\/#\/schema\/person\/1b3eb3c07c47136bc44c785c543e635f","name":"redazione","image":{"@type":"ImageObject","inLanguage":"it-IT","@id":"https:\/\/secure.gravatar.com\/avatar\/0b31605b49f100769e8b624b3e05de1b73e1692e9568a352f60f53fd072e6e11?s=96&d=mm&r=g","url":"https:\/\/secure.gravatar.com\/avatar\/0b31605b49f100769e8b624b3e05de1b73e1692e9568a352f60f53fd072e6e11?s=96&d=mm&r=g","contentUrl":"https:\/\/secure.gravatar.com\/avatar\/0b31605b49f100769e8b624b3e05de1b73e1692e9568a352f60f53fd072e6e11?s=96&d=mm&r=g","caption":"redazione"},"url":"https:\/\/progettotouring.it\/radiotouring104\/author\/redazione\/"}]}},"jetpack_publicize_connections":[],"jetpack_featured_media_url":"https:\/\/progettotouring.it\/radiotouring104\/wp-content\/uploads\/sites\/6\/2022\/06\/Giornata-dello-sport-10.jpg","jetpack_sharing_enabled":true,"_links":{"self":[{"href":"https:\/\/progettotouring.it\/radiotouring104\/wp-json\/wp\/v2\/posts\/6440","targetHints":{"allow":["GET"]}}],"collection":[{"href":"https:\/\/progettotouring.it\/radiotouring104\/wp-json\/wp\/v2\/posts"}],"about":[{"href":"https:\/\/progettotouring.it\/radiotouring104\/wp-json\/wp\/v2\/types\/post"}],"author":[{"embeddable":true,"href":"https:\/\/progettotouring.it\/radiotouring104\/wp-json\/wp\/v2\/users\/5"}],"replies":[{"embeddable":true,"href":"https:\/\/progettotouring.it\/radiotouring104\/wp-json\/wp\/v2\/comments?post=6440"}],"version-history":[{"count":1,"href":"https:\/\/progettotouring.it\/radiotouring104\/wp-json\/wp\/v2\/posts\/6440\/revisions"}],"predecessor-version":[{"id":6451,"href":"https:\/\/progettotouring.it\/radiotouring104\/wp-json\/wp\/v2\/posts\/6440\/revisions\/6451"}],"wp:featuredmedia":[{"embeddable":true,"href":"https:\/\/progettotouring.it\/radiotouring104\/wp-json\/wp\/v2\/media\/6449"}],"wp:attachment":[{"href":"https:\/\/progettotouring.it\/radiotouring104\/wp-json\/wp\/v2\/media?parent=6440"}],"wp:term":[{"taxonomy":"category","embeddable":true,"href":"https:\/\/progettotouring.it\/radiotouring104\/wp-json\/wp\/v2\/categories?post=6440"},{"taxonomy":"post_tag","embeddable":true,"href":"https:\/\/progettotouring.it\/radiotouring104\/wp-json\/wp\/v2\/tags?post=6440"}],"curies":[{"name":"wp","href":"https:\/\/api.w.org\/{rel}","templated":true}]}}