{"id":64468,"date":"2025-01-09T22:06:16","date_gmt":"2025-01-09T21:06:16","guid":{"rendered":"https:\/\/progettotouring.it\/radiotouring104\/?p=64468"},"modified":"2025-01-09T22:06:16","modified_gmt":"2025-01-09T21:06:16","slug":"reggio-52ma-edizione-del-tuffo-di-capodanno-mimi-fortugno","status":"publish","type":"post","link":"https:\/\/progettotouring.it\/radiotouring104\/2025\/01\/09\/reggio-52ma-edizione-del-tuffo-di-capodanno-mimi-fortugno\/","title":{"rendered":"Reggio, 52ma edizione del \u201cTuffo di Capodanno- Mim\u00ec Fortugno\u201d"},"content":{"rendered":"<p>&nbsp;<\/p>\n<p>Nell\u2019ambito della 52ma edizione del \u201cTuffo di Capodanno \u2013 Mim\u00ec Fortugno\u201d, domani 10 gennaio alle ore 15,00 presso la scalinata del waterfront,\u00a0 il maestro orafo Michele Affidato celebrer\u00e0 la storia di Reggio Calabria con un evento, ad ingresso gratuito,\u00a0 con la direzione artistica di Pino Causini e presentato da Marco Mauro.<\/p>\n<p>L\u2019organizzazione della manifestazione \u00e8 stata affidata alla societ\u00e0 &#8220;mdsc fest&#8221; con l&#8217;obiettivo di valorizzare il waterfront ed \u00e8 stata finanziata con risorse a valere sui capitoli di bilancio relativi al POC METRO 2014-2020 (intervento POC_RC_I.3.1.E) ed ha gi\u00e0 ottenuto un notevole successo nella prima delle due giornate previste ovvero quella con il consueto \u201ctuffo di capodanno\u201d ed il dj set che ha registrato, oltre alle numerose presenze istituzionali, anche la partecipazione ampia della popolazione con una piena riuscita dell\u2019iniziativa favorita anche da condizioni climatiche ideali.<\/p>\n<p>L\u2019evento di domani, nello specifico, prevede una sfilata di modelle che indosseranno i gioielli dell&#8217;orafo Michele Affidato che si rifanno alla regginit\u00e0 (alla storia magno-greca di Reggio Calabria in particolare); la sfilata sar\u00e0 accompagnata da musiche orchestrali.<\/p>\n<p>&nbsp;<\/p>\n<p>&nbsp;<\/p>\n","protected":false},"excerpt":{"rendered":"<p>&nbsp; Nell\u2019ambito della 52ma edizione del \u201cTuffo di Capodanno \u2013 Mim\u00ec Fortugno\u201d, domani 10 gennaio alle ore 15,00 presso la scalinata del waterfront,\u00a0 il maestro orafo Michele Affidato celebrer\u00e0 la&hellip;<\/p>\n","protected":false},"author":19,"featured_media":64469,"comment_status":"closed","ping_status":"open","sticky":false,"template":"","format":"standard","meta":{"_jetpack_memberships_contains_paid_content":false,"footnotes":"","jetpack_publicize_message":"","jetpack_publicize_feature_enabled":true,"jetpack_social_post_already_shared":true,"jetpack_social_options":{"image_generator_settings":{"template":"highway","default_image_id":0,"font":"","enabled":false},"version":2}},"categories":[921,196,140,147],"tags":[],"class_list":["post-64468","post","type-post","status-publish","format-standard","has-post-thumbnail","hentry","category-home","category-news","category-reggio-calabria","category-spettacoli"],"yoast_head":"<!-- This site is optimized with the Yoast SEO plugin v27.2 - https:\/\/yoast.com\/product\/yoast-seo-wordpress\/ -->\n<title>Reggio, 52ma edizione del \u201cTuffo di Capodanno- Mim\u00ec Fortugno\u201d - Radio Touring 104<\/title>\n<meta name=\"description\" content=\"Michele Affidato celebra la storia di Reggio Calabria alla scalinata del Waterfront\" \/>\n<meta name=\"robots\" content=\"index, follow, max-snippet:-1, max-image-preview:large, max-video-preview:-1\" \/>\n<link rel=\"canonical\" href=\"https:\/\/progettotouring.it\/radiotouring104\/2025\/01\/09\/reggio-52ma-edizione-del-tuffo-di-capodanno-mimi-fortugno\/\" \/>\n<meta property=\"og:locale\" content=\"it_IT\" \/>\n<meta property=\"og:type\" content=\"article\" \/>\n<meta property=\"og:title\" content=\"Reggio, 52ma edizione del \u201cTuffo di Capodanno- Mim\u00ec Fortugno\u201d - Radio Touring 104\" \/>\n<meta property=\"og:description\" content=\"Michele Affidato celebra la storia di Reggio Calabria alla scalinata del Waterfront\" \/>\n<meta property=\"og:url\" content=\"https:\/\/progettotouring.it\/radiotouring104\/2025\/01\/09\/reggio-52ma-edizione-del-tuffo-di-capodanno-mimi-fortugno\/\" \/>\n<meta property=\"og:site_name\" content=\"Radio Touring 104\" \/>\n<meta property=\"article:published_time\" content=\"2025-01-09T21:06:16+00:00\" \/>\n<meta property=\"og:image\" content=\"https:\/\/progettotouring.it\/radiotouring104\/wp-content\/uploads\/sites\/6\/2025\/01\/IMG-20250109-WA0031.jpg\" \/>\n\t<meta property=\"og:image:width\" content=\"1120\" \/>\n\t<meta property=\"og:image:height\" content=\"1600\" \/>\n\t<meta property=\"og:image:type\" content=\"image\/jpeg\" \/>\n<meta name=\"author\" content=\"S L\" \/>\n<meta name=\"twitter:card\" content=\"summary_large_image\" \/>\n<meta name=\"twitter:label1\" content=\"Scritto da\" \/>\n\t<meta name=\"twitter:data1\" content=\"S L\" \/>\n\t<meta name=\"twitter:label2\" content=\"Tempo di lettura stimato\" \/>\n\t<meta name=\"twitter:data2\" content=\"1 minuto\" \/>\n<script type=\"application\/ld+json\" class=\"yoast-schema-graph\">{\"@context\":\"https:\/\/schema.org\",\"@graph\":[{\"@type\":\"Article\",\"@id\":\"https:\/\/progettotouring.it\/radiotouring104\/2025\/01\/09\/reggio-52ma-edizione-del-tuffo-di-capodanno-mimi-fortugno\/#article\",\"isPartOf\":{\"@id\":\"https:\/\/progettotouring.it\/radiotouring104\/2025\/01\/09\/reggio-52ma-edizione-del-tuffo-di-capodanno-mimi-fortugno\/\"},\"author\":{\"name\":\"S L\",\"@id\":\"https:\/\/progettotouring.it\/radiotouring104\/#\/schema\/person\/b9f9c3730b0a78814c9b9f3bfc52c619\"},\"headline\":\"Reggio, 52ma edizione del \u201cTuffo di Capodanno- Mim\u00ec Fortugno\u201d\",\"datePublished\":\"2025-01-09T21:06:16+00:00\",\"mainEntityOfPage\":{\"@id\":\"https:\/\/progettotouring.it\/radiotouring104\/2025\/01\/09\/reggio-52ma-edizione-del-tuffo-di-capodanno-mimi-fortugno\/\"},\"wordCount\":187,\"publisher\":{\"@id\":\"https:\/\/progettotouring.it\/radiotouring104\/#organization\"},\"image\":{\"@id\":\"https:\/\/progettotouring.it\/radiotouring104\/2025\/01\/09\/reggio-52ma-edizione-del-tuffo-di-capodanno-mimi-fortugno\/#primaryimage\"},\"thumbnailUrl\":\"https:\/\/progettotouring.it\/radiotouring104\/wp-content\/uploads\/sites\/6\/2025\/01\/IMG-20250109-WA0031.jpg\",\"articleSection\":[\"Home\",\"News\",\"Reggio Calabria\",\"Spettacoli\"],\"inLanguage\":\"it-IT\"},{\"@type\":\"WebPage\",\"@id\":\"https:\/\/progettotouring.it\/radiotouring104\/2025\/01\/09\/reggio-52ma-edizione-del-tuffo-di-capodanno-mimi-fortugno\/\",\"url\":\"https:\/\/progettotouring.it\/radiotouring104\/2025\/01\/09\/reggio-52ma-edizione-del-tuffo-di-capodanno-mimi-fortugno\/\",\"name\":\"Reggio, 52ma edizione del \u201cTuffo di Capodanno- Mim\u00ec Fortugno\u201d - Radio Touring 104\",\"isPartOf\":{\"@id\":\"https:\/\/progettotouring.it\/radiotouring104\/#website\"},\"primaryImageOfPage\":{\"@id\":\"https:\/\/progettotouring.it\/radiotouring104\/2025\/01\/09\/reggio-52ma-edizione-del-tuffo-di-capodanno-mimi-fortugno\/#primaryimage\"},\"image\":{\"@id\":\"https:\/\/progettotouring.it\/radiotouring104\/2025\/01\/09\/reggio-52ma-edizione-del-tuffo-di-capodanno-mimi-fortugno\/#primaryimage\"},\"thumbnailUrl\":\"https:\/\/progettotouring.it\/radiotouring104\/wp-content\/uploads\/sites\/6\/2025\/01\/IMG-20250109-WA0031.jpg\",\"datePublished\":\"2025-01-09T21:06:16+00:00\",\"description\":\"Michele Affidato celebra la storia di Reggio Calabria alla scalinata del Waterfront\",\"breadcrumb\":{\"@id\":\"https:\/\/progettotouring.it\/radiotouring104\/2025\/01\/09\/reggio-52ma-edizione-del-tuffo-di-capodanno-mimi-fortugno\/#breadcrumb\"},\"inLanguage\":\"it-IT\",\"potentialAction\":[{\"@type\":\"ReadAction\",\"target\":[\"https:\/\/progettotouring.it\/radiotouring104\/2025\/01\/09\/reggio-52ma-edizione-del-tuffo-di-capodanno-mimi-fortugno\/\"]}]},{\"@type\":\"ImageObject\",\"inLanguage\":\"it-IT\",\"@id\":\"https:\/\/progettotouring.it\/radiotouring104\/2025\/01\/09\/reggio-52ma-edizione-del-tuffo-di-capodanno-mimi-fortugno\/#primaryimage\",\"url\":\"https:\/\/progettotouring.it\/radiotouring104\/wp-content\/uploads\/sites\/6\/2025\/01\/IMG-20250109-WA0031.jpg\",\"contentUrl\":\"https:\/\/progettotouring.it\/radiotouring104\/wp-content\/uploads\/sites\/6\/2025\/01\/IMG-20250109-WA0031.jpg\",\"width\":1120,\"height\":1600},{\"@type\":\"BreadcrumbList\",\"@id\":\"https:\/\/progettotouring.it\/radiotouring104\/2025\/01\/09\/reggio-52ma-edizione-del-tuffo-di-capodanno-mimi-fortugno\/#breadcrumb\",\"itemListElement\":[{\"@type\":\"ListItem\",\"position\":1,\"name\":\"Home\",\"item\":\"https:\/\/progettotouring.it\/radiotouring104\/\"},{\"@type\":\"ListItem\",\"position\":2,\"name\":\"Reggio, 52ma edizione del \u201cTuffo di Capodanno- Mim\u00ec Fortugno\u201d\"}]},{\"@type\":\"WebSite\",\"@id\":\"https:\/\/progettotouring.it\/radiotouring104\/#website\",\"url\":\"https:\/\/progettotouring.it\/radiotouring104\/\",\"name\":\"Radio Touring 104\",\"description\":\"La prima radio Reggina\",\"publisher\":{\"@id\":\"https:\/\/progettotouring.it\/radiotouring104\/#organization\"},\"potentialAction\":[{\"@type\":\"SearchAction\",\"target\":{\"@type\":\"EntryPoint\",\"urlTemplate\":\"https:\/\/progettotouring.it\/radiotouring104\/?s={search_term_string}\"},\"query-input\":{\"@type\":\"PropertyValueSpecification\",\"valueRequired\":true,\"valueName\":\"search_term_string\"}}],\"inLanguage\":\"it-IT\"},{\"@type\":\"Organization\",\"@id\":\"https:\/\/progettotouring.it\/radiotouring104\/#organization\",\"name\":\"Radio Touring 104\",\"url\":\"https:\/\/progettotouring.it\/radiotouring104\/\",\"logo\":{\"@type\":\"ImageObject\",\"inLanguage\":\"it-IT\",\"@id\":\"https:\/\/progettotouring.it\/radiotouring104\/#\/schema\/logo\/image\/\",\"url\":\"https:\/\/progettotouring.it\/radiotouring104\/wp-content\/uploads\/sites\/6\/2022\/02\/cropped-logo-radio-touring-104.png\",\"contentUrl\":\"https:\/\/progettotouring.it\/radiotouring104\/wp-content\/uploads\/sites\/6\/2022\/02\/cropped-logo-radio-touring-104.png\",\"width\":377,\"height\":182,\"caption\":\"Radio Touring 104\"},\"image\":{\"@id\":\"https:\/\/progettotouring.it\/radiotouring104\/#\/schema\/logo\/image\/\"}},{\"@type\":\"Person\",\"@id\":\"https:\/\/progettotouring.it\/radiotouring104\/#\/schema\/person\/b9f9c3730b0a78814c9b9f3bfc52c619\",\"name\":\"S L\",\"image\":{\"@type\":\"ImageObject\",\"inLanguage\":\"it-IT\",\"@id\":\"https:\/\/secure.gravatar.com\/avatar\/652c51789d7030aaed9ff828331360502a68204fe6fb0831bc280515210e16d2?s=96&d=mm&r=g\",\"url\":\"https:\/\/secure.gravatar.com\/avatar\/652c51789d7030aaed9ff828331360502a68204fe6fb0831bc280515210e16d2?s=96&d=mm&r=g\",\"contentUrl\":\"https:\/\/secure.gravatar.com\/avatar\/652c51789d7030aaed9ff828331360502a68204fe6fb0831bc280515210e16d2?s=96&d=mm&r=g\",\"caption\":\"S L\"},\"url\":\"https:\/\/progettotouring.it\/radiotouring104\/author\/slibri\/\"}]}<\/script>\n<!-- \/ Yoast SEO plugin. -->","yoast_head_json":{"title":"Reggio, 52ma edizione del \u201cTuffo di Capodanno- Mim\u00ec Fortugno\u201d - Radio Touring 104","description":"Michele Affidato celebra la storia di Reggio Calabria alla scalinata del Waterfront","robots":{"index":"index","follow":"follow","max-snippet":"max-snippet:-1","max-image-preview":"max-image-preview:large","max-video-preview":"max-video-preview:-1"},"canonical":"https:\/\/progettotouring.it\/radiotouring104\/2025\/01\/09\/reggio-52ma-edizione-del-tuffo-di-capodanno-mimi-fortugno\/","og_locale":"it_IT","og_type":"article","og_title":"Reggio, 52ma edizione del \u201cTuffo di Capodanno- Mim\u00ec Fortugno\u201d - Radio Touring 104","og_description":"Michele Affidato celebra la storia di Reggio Calabria alla scalinata del Waterfront","og_url":"https:\/\/progettotouring.it\/radiotouring104\/2025\/01\/09\/reggio-52ma-edizione-del-tuffo-di-capodanno-mimi-fortugno\/","og_site_name":"Radio Touring 104","article_published_time":"2025-01-09T21:06:16+00:00","og_image":[{"width":1120,"height":1600,"url":"https:\/\/progettotouring.it\/radiotouring104\/wp-content\/uploads\/sites\/6\/2025\/01\/IMG-20250109-WA0031.jpg","type":"image\/jpeg"}],"author":"S L","twitter_card":"summary_large_image","twitter_misc":{"Scritto da":"S L","Tempo di lettura stimato":"1 minuto"},"schema":{"@context":"https:\/\/schema.org","@graph":[{"@type":"Article","@id":"https:\/\/progettotouring.it\/radiotouring104\/2025\/01\/09\/reggio-52ma-edizione-del-tuffo-di-capodanno-mimi-fortugno\/#article","isPartOf":{"@id":"https:\/\/progettotouring.it\/radiotouring104\/2025\/01\/09\/reggio-52ma-edizione-del-tuffo-di-capodanno-mimi-fortugno\/"},"author":{"name":"S L","@id":"https:\/\/progettotouring.it\/radiotouring104\/#\/schema\/person\/b9f9c3730b0a78814c9b9f3bfc52c619"},"headline":"Reggio, 52ma edizione del \u201cTuffo di Capodanno- Mim\u00ec Fortugno\u201d","datePublished":"2025-01-09T21:06:16+00:00","mainEntityOfPage":{"@id":"https:\/\/progettotouring.it\/radiotouring104\/2025\/01\/09\/reggio-52ma-edizione-del-tuffo-di-capodanno-mimi-fortugno\/"},"wordCount":187,"publisher":{"@id":"https:\/\/progettotouring.it\/radiotouring104\/#organization"},"image":{"@id":"https:\/\/progettotouring.it\/radiotouring104\/2025\/01\/09\/reggio-52ma-edizione-del-tuffo-di-capodanno-mimi-fortugno\/#primaryimage"},"thumbnailUrl":"https:\/\/progettotouring.it\/radiotouring104\/wp-content\/uploads\/sites\/6\/2025\/01\/IMG-20250109-WA0031.jpg","articleSection":["Home","News","Reggio Calabria","Spettacoli"],"inLanguage":"it-IT"},{"@type":"WebPage","@id":"https:\/\/progettotouring.it\/radiotouring104\/2025\/01\/09\/reggio-52ma-edizione-del-tuffo-di-capodanno-mimi-fortugno\/","url":"https:\/\/progettotouring.it\/radiotouring104\/2025\/01\/09\/reggio-52ma-edizione-del-tuffo-di-capodanno-mimi-fortugno\/","name":"Reggio, 52ma edizione del \u201cTuffo di Capodanno- Mim\u00ec Fortugno\u201d - Radio Touring 104","isPartOf":{"@id":"https:\/\/progettotouring.it\/radiotouring104\/#website"},"primaryImageOfPage":{"@id":"https:\/\/progettotouring.it\/radiotouring104\/2025\/01\/09\/reggio-52ma-edizione-del-tuffo-di-capodanno-mimi-fortugno\/#primaryimage"},"image":{"@id":"https:\/\/progettotouring.it\/radiotouring104\/2025\/01\/09\/reggio-52ma-edizione-del-tuffo-di-capodanno-mimi-fortugno\/#primaryimage"},"thumbnailUrl":"https:\/\/progettotouring.it\/radiotouring104\/wp-content\/uploads\/sites\/6\/2025\/01\/IMG-20250109-WA0031.jpg","datePublished":"2025-01-09T21:06:16+00:00","description":"Michele Affidato celebra la storia di Reggio Calabria alla scalinata del Waterfront","breadcrumb":{"@id":"https:\/\/progettotouring.it\/radiotouring104\/2025\/01\/09\/reggio-52ma-edizione-del-tuffo-di-capodanno-mimi-fortugno\/#breadcrumb"},"inLanguage":"it-IT","potentialAction":[{"@type":"ReadAction","target":["https:\/\/progettotouring.it\/radiotouring104\/2025\/01\/09\/reggio-52ma-edizione-del-tuffo-di-capodanno-mimi-fortugno\/"]}]},{"@type":"ImageObject","inLanguage":"it-IT","@id":"https:\/\/progettotouring.it\/radiotouring104\/2025\/01\/09\/reggio-52ma-edizione-del-tuffo-di-capodanno-mimi-fortugno\/#primaryimage","url":"https:\/\/progettotouring.it\/radiotouring104\/wp-content\/uploads\/sites\/6\/2025\/01\/IMG-20250109-WA0031.jpg","contentUrl":"https:\/\/progettotouring.it\/radiotouring104\/wp-content\/uploads\/sites\/6\/2025\/01\/IMG-20250109-WA0031.jpg","width":1120,"height":1600},{"@type":"BreadcrumbList","@id":"https:\/\/progettotouring.it\/radiotouring104\/2025\/01\/09\/reggio-52ma-edizione-del-tuffo-di-capodanno-mimi-fortugno\/#breadcrumb","itemListElement":[{"@type":"ListItem","position":1,"name":"Home","item":"https:\/\/progettotouring.it\/radiotouring104\/"},{"@type":"ListItem","position":2,"name":"Reggio, 52ma edizione del \u201cTuffo di Capodanno- Mim\u00ec Fortugno\u201d"}]},{"@type":"WebSite","@id":"https:\/\/progettotouring.it\/radiotouring104\/#website","url":"https:\/\/progettotouring.it\/radiotouring104\/","name":"Radio Touring 104","description":"La prima radio Reggina","publisher":{"@id":"https:\/\/progettotouring.it\/radiotouring104\/#organization"},"potentialAction":[{"@type":"SearchAction","target":{"@type":"EntryPoint","urlTemplate":"https:\/\/progettotouring.it\/radiotouring104\/?s={search_term_string}"},"query-input":{"@type":"PropertyValueSpecification","valueRequired":true,"valueName":"search_term_string"}}],"inLanguage":"it-IT"},{"@type":"Organization","@id":"https:\/\/progettotouring.it\/radiotouring104\/#organization","name":"Radio Touring 104","url":"https:\/\/progettotouring.it\/radiotouring104\/","logo":{"@type":"ImageObject","inLanguage":"it-IT","@id":"https:\/\/progettotouring.it\/radiotouring104\/#\/schema\/logo\/image\/","url":"https:\/\/progettotouring.it\/radiotouring104\/wp-content\/uploads\/sites\/6\/2022\/02\/cropped-logo-radio-touring-104.png","contentUrl":"https:\/\/progettotouring.it\/radiotouring104\/wp-content\/uploads\/sites\/6\/2022\/02\/cropped-logo-radio-touring-104.png","width":377,"height":182,"caption":"Radio Touring 104"},"image":{"@id":"https:\/\/progettotouring.it\/radiotouring104\/#\/schema\/logo\/image\/"}},{"@type":"Person","@id":"https:\/\/progettotouring.it\/radiotouring104\/#\/schema\/person\/b9f9c3730b0a78814c9b9f3bfc52c619","name":"S L","image":{"@type":"ImageObject","inLanguage":"it-IT","@id":"https:\/\/secure.gravatar.com\/avatar\/652c51789d7030aaed9ff828331360502a68204fe6fb0831bc280515210e16d2?s=96&d=mm&r=g","url":"https:\/\/secure.gravatar.com\/avatar\/652c51789d7030aaed9ff828331360502a68204fe6fb0831bc280515210e16d2?s=96&d=mm&r=g","contentUrl":"https:\/\/secure.gravatar.com\/avatar\/652c51789d7030aaed9ff828331360502a68204fe6fb0831bc280515210e16d2?s=96&d=mm&r=g","caption":"S L"},"url":"https:\/\/progettotouring.it\/radiotouring104\/author\/slibri\/"}]}},"jetpack_publicize_connections":[],"jetpack_featured_media_url":"https:\/\/progettotouring.it\/radiotouring104\/wp-content\/uploads\/sites\/6\/2025\/01\/IMG-20250109-WA0031.jpg","jetpack_sharing_enabled":true,"_links":{"self":[{"href":"https:\/\/progettotouring.it\/radiotouring104\/wp-json\/wp\/v2\/posts\/64468","targetHints":{"allow":["GET"]}}],"collection":[{"href":"https:\/\/progettotouring.it\/radiotouring104\/wp-json\/wp\/v2\/posts"}],"about":[{"href":"https:\/\/progettotouring.it\/radiotouring104\/wp-json\/wp\/v2\/types\/post"}],"author":[{"embeddable":true,"href":"https:\/\/progettotouring.it\/radiotouring104\/wp-json\/wp\/v2\/users\/19"}],"replies":[{"embeddable":true,"href":"https:\/\/progettotouring.it\/radiotouring104\/wp-json\/wp\/v2\/comments?post=64468"}],"version-history":[{"count":1,"href":"https:\/\/progettotouring.it\/radiotouring104\/wp-json\/wp\/v2\/posts\/64468\/revisions"}],"predecessor-version":[{"id":64470,"href":"https:\/\/progettotouring.it\/radiotouring104\/wp-json\/wp\/v2\/posts\/64468\/revisions\/64470"}],"wp:featuredmedia":[{"embeddable":true,"href":"https:\/\/progettotouring.it\/radiotouring104\/wp-json\/wp\/v2\/media\/64469"}],"wp:attachment":[{"href":"https:\/\/progettotouring.it\/radiotouring104\/wp-json\/wp\/v2\/media?parent=64468"}],"wp:term":[{"taxonomy":"category","embeddable":true,"href":"https:\/\/progettotouring.it\/radiotouring104\/wp-json\/wp\/v2\/categories?post=64468"},{"taxonomy":"post_tag","embeddable":true,"href":"https:\/\/progettotouring.it\/radiotouring104\/wp-json\/wp\/v2\/tags?post=64468"}],"curies":[{"name":"wp","href":"https:\/\/api.w.org\/{rel}","templated":true}]}}