{"id":64490,"date":"2025-01-10T09:48:11","date_gmt":"2025-01-10T08:48:11","guid":{"rendered":"https:\/\/progettotouring.it\/radiotouring104\/?p=64490"},"modified":"2025-01-10T09:52:30","modified_gmt":"2025-01-10T08:52:30","slug":"domotek-volley-picardo-ad-ortona-e-mancato-quel-qualcosa-in-piu-ma-il-2024-e-stato-fantastico","status":"publish","type":"post","link":"https:\/\/progettotouring.it\/radiotouring104\/2025\/01\/10\/domotek-volley-picardo-ad-ortona-e-mancato-quel-qualcosa-in-piu-ma-il-2024-e-stato-fantastico\/","title":{"rendered":"Domotek Volley, Picardo: &#8220;Ad Ortona \u00e8 mancato quel qualcosa in pi\u00f9, ma il 2024 \u00e8 stato fantastico!&#8221;"},"content":{"rendered":"<p style=\"text-align: justify\"><strong>Antonio Picardo<\/strong>, centrale della Domotek Volley Reggio Calabria, si racconta dopo la trasferta di Coppa di Ortona,<strong> analizza<\/strong> <strong>il momento della squadra<\/strong> e guarda con fiducia alla prossima uscita interna<strong>, sabato alle ore 18 al Palacalafiore.<\/strong><\/p>\n<p style=\"text-align: justify\"><strong>Ripresa fisica e rammarico per Ortona:<\/strong>&#8220;<em>Stiamo recuperando dai malanni di stagione&#8221;<\/em><strong>, esordisce Picardo<\/strong><em>. &#8220;Purtroppo ad Ortona ci \u00e8 mancato quel qualcosa in pi\u00f9 per portare a casa la vittoria. Loro sono stati solidi e noi siamo entrati in campo troppo scarichi, soprattutto nel primo set. C&#8217;\u00e8 stata una buona reazione, ma nel quarto set, perso 25-23, i dettagli hanno fatto la differenza. Non cerchiamo alibi nonostante gli acciacchi, ma potevamo fare qualcosa di pi\u00f9: siamo pronti al riscatto gi\u00e0 da sabato e dalla sfida contro Campobasso.&#8221;<\/em><\/p>\n<p style=\"text-align: justify\"><strong>Il calore del pubblico, anche in trasferta: <\/strong>&#8220;<em>Anche ad Ortona c&#8217;era una trentina di persone tra familiari e tifosi venuti da Reggio Calabria.Rumorosi e festanti. Questo ci rende orgogliosi e ci d\u00e0 la forza di tornare in campo immediatamente senza sosta\u201d.<\/em><\/p>\n<p style=\"text-align: justify\"><strong>Un 2024 da sogno:<\/strong><\/p>\n<p style=\"text-align: justify\">Antonio Picardo insieme al Capitano Lagan\u00e0, Giuliani e Lopetrone \u00e8 uno dei reduci della splendida annata trascorsa e traccia un bilancio:<em>\u201d\u00c8 stato un anno fantastico! La serie B vinta senza perdere una partita, la Coppa Italia, l&#8217;esordio in serie A e il clima incredibile che si respira al PalaCalafiore. Il pubblico risponde in maniera splendida ogni domenica, molto di pi\u00f9 rispetto all\u2019anno scorso, ne siamo entusiasti e sentiamo la loro vicinanza, palla dopo palla\u201d.<\/em><\/p>\n<p style=\"text-align: justify\"><strong>Sabato arriva Campobasso: &#8220;<\/strong><em>Sar\u00e0 una gara difficilissima, come tutte le altre. Il Mister Polimeni dice sempre che per noi ogni domenica arriva la prima in classifica. Speriamo nel pubblico che fino ad adesso ci ha dato una grossa mano, Loro pagano una classifica non felice ed arriveranno carichi per far bene. Vogliamo vincere<\/em>\u201d.<\/p>\n<p style=\"text-align: justify\"><strong>Un bilancio personale positivo<\/strong><em>: &#8220;Sono contento, c&#8217;\u00e8 sempre da migliorare. Abbiamo iniziato bene, poi ho avuto un periodo di calo fisiologico, ma adesso mi sento sulla strada giusta per tornare a dare un apporto maggiore alla squadra&#8221;.<\/em><\/p>\n<p style=\"text-align: justify\"><strong>Picardo e la Domotek Volley sono pronti a ripartire<\/strong>, con la grinta e la determinazione che li contraddistinguono, per regalare nuove emozioni ai tifosi.<\/p>\n","protected":false},"excerpt":{"rendered":"<p>Antonio Picardo, centrale della Domotek Volley Reggio Calabria, si racconta dopo la trasferta di Coppa di Ortona, analizza il momento della squadra e guarda con fiducia alla prossima uscita interna,&hellip;<\/p>\n","protected":false},"author":12,"featured_media":64493,"comment_status":"closed","ping_status":"open","sticky":false,"template":"","format":"standard","meta":{"_jetpack_memberships_contains_paid_content":false,"footnotes":"","jetpack_publicize_message":"","jetpack_publicize_feature_enabled":true,"jetpack_social_post_already_shared":true,"jetpack_social_options":{"image_generator_settings":{"template":"highway","default_image_id":0,"font":"","enabled":false},"version":2}},"categories":[196,140,144],"tags":[26757,26780,12192,39191,39192],"class_list":["post-64490","post","type-post","status-publish","format-standard","has-post-thumbnail","hentry","category-news","category-reggio-calabria","category-sport","tag-antonio-picardo","tag-domotek-volley-reggio-calabria","tag-palacalafiore-reggio-calabria","tag-sconfitta-contro-ortona","tag-sfida-contro-campobasso"],"yoast_head":"<!-- This site is optimized with the Yoast SEO plugin v27.2 - https:\/\/yoast.com\/product\/yoast-seo-wordpress\/ -->\n<title>Domotek, Picardo: &quot;Ad Ortona \u00e8 mancato quel qualcosa in pi\u00f9,<\/title>\n<meta name=\"description\" content=\"Il centrale della Domotek, analizza il momento della squadra, in vista del match di domani, alle 18, al Palacalafiore\" \/>\n<meta name=\"robots\" content=\"index, follow, max-snippet:-1, max-image-preview:large, max-video-preview:-1\" \/>\n<link rel=\"canonical\" href=\"https:\/\/progettotouring.it\/radiotouring104\/2025\/01\/10\/domotek-volley-picardo-ad-ortona-e-mancato-quel-qualcosa-in-piu-ma-il-2024-e-stato-fantastico\/\" \/>\n<meta property=\"og:locale\" content=\"it_IT\" \/>\n<meta property=\"og:type\" content=\"article\" \/>\n<meta property=\"og:title\" content=\"Domotek, Picardo: &quot;Ad Ortona \u00e8 mancato quel qualcosa in pi\u00f9,\" \/>\n<meta property=\"og:description\" content=\"Il centrale della Domotek, analizza il momento della squadra, in vista del match di domani, alle 18, al Palacalafiore\" \/>\n<meta property=\"og:url\" content=\"https:\/\/progettotouring.it\/radiotouring104\/2025\/01\/10\/domotek-volley-picardo-ad-ortona-e-mancato-quel-qualcosa-in-piu-ma-il-2024-e-stato-fantastico\/\" \/>\n<meta property=\"og:site_name\" content=\"Radio Touring 104\" \/>\n<meta property=\"article:published_time\" content=\"2025-01-10T08:48:11+00:00\" \/>\n<meta property=\"article:modified_time\" content=\"2025-01-10T08:52:30+00:00\" \/>\n<meta property=\"og:image\" content=\"https:\/\/progettotouring.it\/radiotouring104\/wp-content\/uploads\/sites\/6\/2025\/01\/Antonio-Picardo-Domotek-Volley-1-scaled.jpg\" \/>\n\t<meta property=\"og:image:width\" content=\"2560\" \/>\n\t<meta property=\"og:image:height\" content=\"1835\" \/>\n\t<meta property=\"og:image:type\" content=\"image\/jpeg\" \/>\n<meta name=\"author\" content=\"Sebastiano Plutino\" \/>\n<meta name=\"twitter:card\" content=\"summary_large_image\" \/>\n<meta name=\"twitter:label1\" content=\"Scritto da\" \/>\n\t<meta name=\"twitter:data1\" content=\"Sebastiano Plutino\" \/>\n\t<meta name=\"twitter:label2\" content=\"Tempo di lettura stimato\" \/>\n\t<meta name=\"twitter:data2\" content=\"2 minuti\" \/>\n<script type=\"application\/ld+json\" class=\"yoast-schema-graph\">{\"@context\":\"https:\/\/schema.org\",\"@graph\":[{\"@type\":\"Article\",\"@id\":\"https:\/\/progettotouring.it\/radiotouring104\/2025\/01\/10\/domotek-volley-picardo-ad-ortona-e-mancato-quel-qualcosa-in-piu-ma-il-2024-e-stato-fantastico\/#article\",\"isPartOf\":{\"@id\":\"https:\/\/progettotouring.it\/radiotouring104\/2025\/01\/10\/domotek-volley-picardo-ad-ortona-e-mancato-quel-qualcosa-in-piu-ma-il-2024-e-stato-fantastico\/\"},\"author\":{\"name\":\"Sebastiano Plutino\",\"@id\":\"https:\/\/progettotouring.it\/radiotouring104\/#\/schema\/person\/78613917f1851f041f7483f5af1d422e\"},\"headline\":\"Domotek Volley, Picardo: &#8220;Ad Ortona \u00e8 mancato quel qualcosa in pi\u00f9, ma il 2024 \u00e8 stato fantastico!&#8221;\",\"datePublished\":\"2025-01-10T08:48:11+00:00\",\"dateModified\":\"2025-01-10T08:52:30+00:00\",\"mainEntityOfPage\":{\"@id\":\"https:\/\/progettotouring.it\/radiotouring104\/2025\/01\/10\/domotek-volley-picardo-ad-ortona-e-mancato-quel-qualcosa-in-piu-ma-il-2024-e-stato-fantastico\/\"},\"wordCount\":368,\"publisher\":{\"@id\":\"https:\/\/progettotouring.it\/radiotouring104\/#organization\"},\"image\":{\"@id\":\"https:\/\/progettotouring.it\/radiotouring104\/2025\/01\/10\/domotek-volley-picardo-ad-ortona-e-mancato-quel-qualcosa-in-piu-ma-il-2024-e-stato-fantastico\/#primaryimage\"},\"thumbnailUrl\":\"https:\/\/progettotouring.it\/radiotouring104\/wp-content\/uploads\/sites\/6\/2025\/01\/Antonio-Picardo-Domotek-Volley-1-scaled.jpg\",\"keywords\":[\"Antonio Picardo\",\"Domotek Volley Reggio Calabria\",\"Palacalafiore Reggio Calabria\",\"sconfitta contro Ortona\",\"sfida contro Campobasso.\"],\"articleSection\":[\"News\",\"Reggio Calabria\",\"Sport\"],\"inLanguage\":\"it-IT\"},{\"@type\":\"WebPage\",\"@id\":\"https:\/\/progettotouring.it\/radiotouring104\/2025\/01\/10\/domotek-volley-picardo-ad-ortona-e-mancato-quel-qualcosa-in-piu-ma-il-2024-e-stato-fantastico\/\",\"url\":\"https:\/\/progettotouring.it\/radiotouring104\/2025\/01\/10\/domotek-volley-picardo-ad-ortona-e-mancato-quel-qualcosa-in-piu-ma-il-2024-e-stato-fantastico\/\",\"name\":\"Domotek, Picardo: \\\"Ad Ortona \u00e8 mancato quel qualcosa in pi\u00f9,\",\"isPartOf\":{\"@id\":\"https:\/\/progettotouring.it\/radiotouring104\/#website\"},\"primaryImageOfPage\":{\"@id\":\"https:\/\/progettotouring.it\/radiotouring104\/2025\/01\/10\/domotek-volley-picardo-ad-ortona-e-mancato-quel-qualcosa-in-piu-ma-il-2024-e-stato-fantastico\/#primaryimage\"},\"image\":{\"@id\":\"https:\/\/progettotouring.it\/radiotouring104\/2025\/01\/10\/domotek-volley-picardo-ad-ortona-e-mancato-quel-qualcosa-in-piu-ma-il-2024-e-stato-fantastico\/#primaryimage\"},\"thumbnailUrl\":\"https:\/\/progettotouring.it\/radiotouring104\/wp-content\/uploads\/sites\/6\/2025\/01\/Antonio-Picardo-Domotek-Volley-1-scaled.jpg\",\"datePublished\":\"2025-01-10T08:48:11+00:00\",\"dateModified\":\"2025-01-10T08:52:30+00:00\",\"description\":\"Il centrale della Domotek, analizza il momento della squadra, in vista del match di domani, alle 18, al Palacalafiore\",\"breadcrumb\":{\"@id\":\"https:\/\/progettotouring.it\/radiotouring104\/2025\/01\/10\/domotek-volley-picardo-ad-ortona-e-mancato-quel-qualcosa-in-piu-ma-il-2024-e-stato-fantastico\/#breadcrumb\"},\"inLanguage\":\"it-IT\",\"potentialAction\":[{\"@type\":\"ReadAction\",\"target\":[\"https:\/\/progettotouring.it\/radiotouring104\/2025\/01\/10\/domotek-volley-picardo-ad-ortona-e-mancato-quel-qualcosa-in-piu-ma-il-2024-e-stato-fantastico\/\"]}]},{\"@type\":\"ImageObject\",\"inLanguage\":\"it-IT\",\"@id\":\"https:\/\/progettotouring.it\/radiotouring104\/2025\/01\/10\/domotek-volley-picardo-ad-ortona-e-mancato-quel-qualcosa-in-piu-ma-il-2024-e-stato-fantastico\/#primaryimage\",\"url\":\"https:\/\/progettotouring.it\/radiotouring104\/wp-content\/uploads\/sites\/6\/2025\/01\/Antonio-Picardo-Domotek-Volley-1-scaled.jpg\",\"contentUrl\":\"https:\/\/progettotouring.it\/radiotouring104\/wp-content\/uploads\/sites\/6\/2025\/01\/Antonio-Picardo-Domotek-Volley-1-scaled.jpg\",\"width\":2560,\"height\":1835},{\"@type\":\"BreadcrumbList\",\"@id\":\"https:\/\/progettotouring.it\/radiotouring104\/2025\/01\/10\/domotek-volley-picardo-ad-ortona-e-mancato-quel-qualcosa-in-piu-ma-il-2024-e-stato-fantastico\/#breadcrumb\",\"itemListElement\":[{\"@type\":\"ListItem\",\"position\":1,\"name\":\"Home\",\"item\":\"https:\/\/progettotouring.it\/radiotouring104\/\"},{\"@type\":\"ListItem\",\"position\":2,\"name\":\"Domotek Volley, Picardo: &#8220;Ad Ortona \u00e8 mancato quel qualcosa in pi\u00f9, ma il 2024 \u00e8 stato fantastico!&#8221;\"}]},{\"@type\":\"WebSite\",\"@id\":\"https:\/\/progettotouring.it\/radiotouring104\/#website\",\"url\":\"https:\/\/progettotouring.it\/radiotouring104\/\",\"name\":\"Radio Touring 104\",\"description\":\"La prima radio Reggina\",\"publisher\":{\"@id\":\"https:\/\/progettotouring.it\/radiotouring104\/#organization\"},\"potentialAction\":[{\"@type\":\"SearchAction\",\"target\":{\"@type\":\"EntryPoint\",\"urlTemplate\":\"https:\/\/progettotouring.it\/radiotouring104\/?s={search_term_string}\"},\"query-input\":{\"@type\":\"PropertyValueSpecification\",\"valueRequired\":true,\"valueName\":\"search_term_string\"}}],\"inLanguage\":\"it-IT\"},{\"@type\":\"Organization\",\"@id\":\"https:\/\/progettotouring.it\/radiotouring104\/#organization\",\"name\":\"Radio Touring 104\",\"url\":\"https:\/\/progettotouring.it\/radiotouring104\/\",\"logo\":{\"@type\":\"ImageObject\",\"inLanguage\":\"it-IT\",\"@id\":\"https:\/\/progettotouring.it\/radiotouring104\/#\/schema\/logo\/image\/\",\"url\":\"https:\/\/progettotouring.it\/radiotouring104\/wp-content\/uploads\/sites\/6\/2022\/02\/cropped-logo-radio-touring-104.png\",\"contentUrl\":\"https:\/\/progettotouring.it\/radiotouring104\/wp-content\/uploads\/sites\/6\/2022\/02\/cropped-logo-radio-touring-104.png\",\"width\":377,\"height\":182,\"caption\":\"Radio Touring 104\"},\"image\":{\"@id\":\"https:\/\/progettotouring.it\/radiotouring104\/#\/schema\/logo\/image\/\"}},{\"@type\":\"Person\",\"@id\":\"https:\/\/progettotouring.it\/radiotouring104\/#\/schema\/person\/78613917f1851f041f7483f5af1d422e\",\"name\":\"Sebastiano Plutino\",\"image\":{\"@type\":\"ImageObject\",\"inLanguage\":\"it-IT\",\"@id\":\"https:\/\/secure.gravatar.com\/avatar\/0546ffaa9b79224faf9f2a156b67a529ae861d3287c66c1d8ccfdf909bcba78d?s=96&d=mm&r=g\",\"url\":\"https:\/\/secure.gravatar.com\/avatar\/0546ffaa9b79224faf9f2a156b67a529ae861d3287c66c1d8ccfdf909bcba78d?s=96&d=mm&r=g\",\"contentUrl\":\"https:\/\/secure.gravatar.com\/avatar\/0546ffaa9b79224faf9f2a156b67a529ae861d3287c66c1d8ccfdf909bcba78d?s=96&d=mm&r=g\",\"caption\":\"Sebastiano Plutino\"},\"url\":\"https:\/\/progettotouring.it\/radiotouring104\/author\/sebastiano\/\"}]}<\/script>\n<!-- \/ Yoast SEO plugin. -->","yoast_head_json":{"title":"Domotek, Picardo: \"Ad Ortona \u00e8 mancato quel qualcosa in pi\u00f9,","description":"Il centrale della Domotek, analizza il momento della squadra, in vista del match di domani, alle 18, al Palacalafiore","robots":{"index":"index","follow":"follow","max-snippet":"max-snippet:-1","max-image-preview":"max-image-preview:large","max-video-preview":"max-video-preview:-1"},"canonical":"https:\/\/progettotouring.it\/radiotouring104\/2025\/01\/10\/domotek-volley-picardo-ad-ortona-e-mancato-quel-qualcosa-in-piu-ma-il-2024-e-stato-fantastico\/","og_locale":"it_IT","og_type":"article","og_title":"Domotek, Picardo: \"Ad Ortona \u00e8 mancato quel qualcosa in pi\u00f9,","og_description":"Il centrale della Domotek, analizza il momento della squadra, in vista del match di domani, alle 18, al Palacalafiore","og_url":"https:\/\/progettotouring.it\/radiotouring104\/2025\/01\/10\/domotek-volley-picardo-ad-ortona-e-mancato-quel-qualcosa-in-piu-ma-il-2024-e-stato-fantastico\/","og_site_name":"Radio Touring 104","article_published_time":"2025-01-10T08:48:11+00:00","article_modified_time":"2025-01-10T08:52:30+00:00","og_image":[{"width":2560,"height":1835,"url":"https:\/\/progettotouring.it\/radiotouring104\/wp-content\/uploads\/sites\/6\/2025\/01\/Antonio-Picardo-Domotek-Volley-1-scaled.jpg","type":"image\/jpeg"}],"author":"Sebastiano Plutino","twitter_card":"summary_large_image","twitter_misc":{"Scritto da":"Sebastiano Plutino","Tempo di lettura stimato":"2 minuti"},"schema":{"@context":"https:\/\/schema.org","@graph":[{"@type":"Article","@id":"https:\/\/progettotouring.it\/radiotouring104\/2025\/01\/10\/domotek-volley-picardo-ad-ortona-e-mancato-quel-qualcosa-in-piu-ma-il-2024-e-stato-fantastico\/#article","isPartOf":{"@id":"https:\/\/progettotouring.it\/radiotouring104\/2025\/01\/10\/domotek-volley-picardo-ad-ortona-e-mancato-quel-qualcosa-in-piu-ma-il-2024-e-stato-fantastico\/"},"author":{"name":"Sebastiano Plutino","@id":"https:\/\/progettotouring.it\/radiotouring104\/#\/schema\/person\/78613917f1851f041f7483f5af1d422e"},"headline":"Domotek Volley, Picardo: &#8220;Ad Ortona \u00e8 mancato quel qualcosa in pi\u00f9, ma il 2024 \u00e8 stato fantastico!&#8221;","datePublished":"2025-01-10T08:48:11+00:00","dateModified":"2025-01-10T08:52:30+00:00","mainEntityOfPage":{"@id":"https:\/\/progettotouring.it\/radiotouring104\/2025\/01\/10\/domotek-volley-picardo-ad-ortona-e-mancato-quel-qualcosa-in-piu-ma-il-2024-e-stato-fantastico\/"},"wordCount":368,"publisher":{"@id":"https:\/\/progettotouring.it\/radiotouring104\/#organization"},"image":{"@id":"https:\/\/progettotouring.it\/radiotouring104\/2025\/01\/10\/domotek-volley-picardo-ad-ortona-e-mancato-quel-qualcosa-in-piu-ma-il-2024-e-stato-fantastico\/#primaryimage"},"thumbnailUrl":"https:\/\/progettotouring.it\/radiotouring104\/wp-content\/uploads\/sites\/6\/2025\/01\/Antonio-Picardo-Domotek-Volley-1-scaled.jpg","keywords":["Antonio Picardo","Domotek Volley Reggio Calabria","Palacalafiore Reggio Calabria","sconfitta contro Ortona","sfida contro Campobasso."],"articleSection":["News","Reggio Calabria","Sport"],"inLanguage":"it-IT"},{"@type":"WebPage","@id":"https:\/\/progettotouring.it\/radiotouring104\/2025\/01\/10\/domotek-volley-picardo-ad-ortona-e-mancato-quel-qualcosa-in-piu-ma-il-2024-e-stato-fantastico\/","url":"https:\/\/progettotouring.it\/radiotouring104\/2025\/01\/10\/domotek-volley-picardo-ad-ortona-e-mancato-quel-qualcosa-in-piu-ma-il-2024-e-stato-fantastico\/","name":"Domotek, Picardo: \"Ad Ortona \u00e8 mancato quel qualcosa in pi\u00f9,","isPartOf":{"@id":"https:\/\/progettotouring.it\/radiotouring104\/#website"},"primaryImageOfPage":{"@id":"https:\/\/progettotouring.it\/radiotouring104\/2025\/01\/10\/domotek-volley-picardo-ad-ortona-e-mancato-quel-qualcosa-in-piu-ma-il-2024-e-stato-fantastico\/#primaryimage"},"image":{"@id":"https:\/\/progettotouring.it\/radiotouring104\/2025\/01\/10\/domotek-volley-picardo-ad-ortona-e-mancato-quel-qualcosa-in-piu-ma-il-2024-e-stato-fantastico\/#primaryimage"},"thumbnailUrl":"https:\/\/progettotouring.it\/radiotouring104\/wp-content\/uploads\/sites\/6\/2025\/01\/Antonio-Picardo-Domotek-Volley-1-scaled.jpg","datePublished":"2025-01-10T08:48:11+00:00","dateModified":"2025-01-10T08:52:30+00:00","description":"Il centrale della Domotek, analizza il momento della squadra, in vista del match di domani, alle 18, al Palacalafiore","breadcrumb":{"@id":"https:\/\/progettotouring.it\/radiotouring104\/2025\/01\/10\/domotek-volley-picardo-ad-ortona-e-mancato-quel-qualcosa-in-piu-ma-il-2024-e-stato-fantastico\/#breadcrumb"},"inLanguage":"it-IT","potentialAction":[{"@type":"ReadAction","target":["https:\/\/progettotouring.it\/radiotouring104\/2025\/01\/10\/domotek-volley-picardo-ad-ortona-e-mancato-quel-qualcosa-in-piu-ma-il-2024-e-stato-fantastico\/"]}]},{"@type":"ImageObject","inLanguage":"it-IT","@id":"https:\/\/progettotouring.it\/radiotouring104\/2025\/01\/10\/domotek-volley-picardo-ad-ortona-e-mancato-quel-qualcosa-in-piu-ma-il-2024-e-stato-fantastico\/#primaryimage","url":"https:\/\/progettotouring.it\/radiotouring104\/wp-content\/uploads\/sites\/6\/2025\/01\/Antonio-Picardo-Domotek-Volley-1-scaled.jpg","contentUrl":"https:\/\/progettotouring.it\/radiotouring104\/wp-content\/uploads\/sites\/6\/2025\/01\/Antonio-Picardo-Domotek-Volley-1-scaled.jpg","width":2560,"height":1835},{"@type":"BreadcrumbList","@id":"https:\/\/progettotouring.it\/radiotouring104\/2025\/01\/10\/domotek-volley-picardo-ad-ortona-e-mancato-quel-qualcosa-in-piu-ma-il-2024-e-stato-fantastico\/#breadcrumb","itemListElement":[{"@type":"ListItem","position":1,"name":"Home","item":"https:\/\/progettotouring.it\/radiotouring104\/"},{"@type":"ListItem","position":2,"name":"Domotek Volley, Picardo: &#8220;Ad Ortona \u00e8 mancato quel qualcosa in pi\u00f9, ma il 2024 \u00e8 stato fantastico!&#8221;"}]},{"@type":"WebSite","@id":"https:\/\/progettotouring.it\/radiotouring104\/#website","url":"https:\/\/progettotouring.it\/radiotouring104\/","name":"Radio Touring 104","description":"La prima radio Reggina","publisher":{"@id":"https:\/\/progettotouring.it\/radiotouring104\/#organization"},"potentialAction":[{"@type":"SearchAction","target":{"@type":"EntryPoint","urlTemplate":"https:\/\/progettotouring.it\/radiotouring104\/?s={search_term_string}"},"query-input":{"@type":"PropertyValueSpecification","valueRequired":true,"valueName":"search_term_string"}}],"inLanguage":"it-IT"},{"@type":"Organization","@id":"https:\/\/progettotouring.it\/radiotouring104\/#organization","name":"Radio Touring 104","url":"https:\/\/progettotouring.it\/radiotouring104\/","logo":{"@type":"ImageObject","inLanguage":"it-IT","@id":"https:\/\/progettotouring.it\/radiotouring104\/#\/schema\/logo\/image\/","url":"https:\/\/progettotouring.it\/radiotouring104\/wp-content\/uploads\/sites\/6\/2022\/02\/cropped-logo-radio-touring-104.png","contentUrl":"https:\/\/progettotouring.it\/radiotouring104\/wp-content\/uploads\/sites\/6\/2022\/02\/cropped-logo-radio-touring-104.png","width":377,"height":182,"caption":"Radio Touring 104"},"image":{"@id":"https:\/\/progettotouring.it\/radiotouring104\/#\/schema\/logo\/image\/"}},{"@type":"Person","@id":"https:\/\/progettotouring.it\/radiotouring104\/#\/schema\/person\/78613917f1851f041f7483f5af1d422e","name":"Sebastiano Plutino","image":{"@type":"ImageObject","inLanguage":"it-IT","@id":"https:\/\/secure.gravatar.com\/avatar\/0546ffaa9b79224faf9f2a156b67a529ae861d3287c66c1d8ccfdf909bcba78d?s=96&d=mm&r=g","url":"https:\/\/secure.gravatar.com\/avatar\/0546ffaa9b79224faf9f2a156b67a529ae861d3287c66c1d8ccfdf909bcba78d?s=96&d=mm&r=g","contentUrl":"https:\/\/secure.gravatar.com\/avatar\/0546ffaa9b79224faf9f2a156b67a529ae861d3287c66c1d8ccfdf909bcba78d?s=96&d=mm&r=g","caption":"Sebastiano Plutino"},"url":"https:\/\/progettotouring.it\/radiotouring104\/author\/sebastiano\/"}]}},"jetpack_publicize_connections":[],"jetpack_featured_media_url":"https:\/\/progettotouring.it\/radiotouring104\/wp-content\/uploads\/sites\/6\/2025\/01\/Antonio-Picardo-Domotek-Volley-1-scaled.jpg","jetpack_sharing_enabled":true,"_links":{"self":[{"href":"https:\/\/progettotouring.it\/radiotouring104\/wp-json\/wp\/v2\/posts\/64490","targetHints":{"allow":["GET"]}}],"collection":[{"href":"https:\/\/progettotouring.it\/radiotouring104\/wp-json\/wp\/v2\/posts"}],"about":[{"href":"https:\/\/progettotouring.it\/radiotouring104\/wp-json\/wp\/v2\/types\/post"}],"author":[{"embeddable":true,"href":"https:\/\/progettotouring.it\/radiotouring104\/wp-json\/wp\/v2\/users\/12"}],"replies":[{"embeddable":true,"href":"https:\/\/progettotouring.it\/radiotouring104\/wp-json\/wp\/v2\/comments?post=64490"}],"version-history":[{"count":2,"href":"https:\/\/progettotouring.it\/radiotouring104\/wp-json\/wp\/v2\/posts\/64490\/revisions"}],"predecessor-version":[{"id":64495,"href":"https:\/\/progettotouring.it\/radiotouring104\/wp-json\/wp\/v2\/posts\/64490\/revisions\/64495"}],"wp:featuredmedia":[{"embeddable":true,"href":"https:\/\/progettotouring.it\/radiotouring104\/wp-json\/wp\/v2\/media\/64493"}],"wp:attachment":[{"href":"https:\/\/progettotouring.it\/radiotouring104\/wp-json\/wp\/v2\/media?parent=64490"}],"wp:term":[{"taxonomy":"category","embeddable":true,"href":"https:\/\/progettotouring.it\/radiotouring104\/wp-json\/wp\/v2\/categories?post=64490"},{"taxonomy":"post_tag","embeddable":true,"href":"https:\/\/progettotouring.it\/radiotouring104\/wp-json\/wp\/v2\/tags?post=64490"}],"curies":[{"name":"wp","href":"https:\/\/api.w.org\/{rel}","templated":true}]}}